{"id":202646,"date":"2024-10-04T10:13:33","date_gmt":"2024-10-04T17:13:33","guid":{"rendered":"https:\/\/www.cetys.mx\/noticias\/?p=202646"},"modified":"2024-10-08T11:40:48","modified_gmt":"2024-10-08T18:40:48","slug":"foro-global-experience-cetys-invita-a-sus-estudiantes-a-vivir-la-internacionalizacion","status":"publish","type":"post","link":"https:\/\/www.cetys.mx\/noticias\/foro-global-experience-cetys-invita-a-sus-estudiantes-a-vivir-la-internacionalizacion\/","title":{"rendered":"Foro Global Experience: As\u00ed viven estudiantes de CETYS la internacionalizaci\u00f3n"},"content":{"rendered":"<p>En el marco de las celebraciones del 63 Aniversario del Sistema CETYS Universidad, se realiz\u00f3 el Foro Global Experience, espacio en el cual los estudiantes de los campus Mexicali, Tijuana y Ensenada compartieron su experiencia internacional ante alumnos de tercer semestre.<\/p>\n<p>CETYS Universidad ofrece una amplia gama de experiencias internacionales que los motivan a trascender fronteras. 7 de cada 10 estudiantes en nivel profesional tuvieron una vivencia fuera del pa\u00eds. Entre los m\u00e1s de 30 pa\u00edses que ofrecen esta experiencia, los destinos m\u00e1s concurridos son City University of Seattle en Estados Unidos, Universidad de Salamanca en Espa\u00f1a y Korea University en Corea del Sur.<\/p>\n<p><img loading=\"lazy\" decoding=\"async\" class=\" wp-image-202750 alignleft\" src=\"https:\/\/www.cetys.mx\/noticias\/wp-content\/uploads\/2024\/10\/460634115_830874532557575_8020704234722725033_n.jpg\" alt=\"\" width=\"527\" height=\"351\" srcset=\"https:\/\/www.cetys.mx\/noticias\/wp-content\/uploads\/2024\/10\/460634115_830874532557575_8020704234722725033_n.jpg 2048w, https:\/\/www.cetys.mx\/noticias\/wp-content\/uploads\/2024\/10\/460634115_830874532557575_8020704234722725033_n-768x512.jpg 768w\" sizes=\"auto, (max-width: 527px) 100vw, 527px\" \/>En el Campus Mexicali, Daniela Fernanda Covarrubias, alumna de Ingenier\u00eda en Dise\u00f1o Gr\u00e1fico Digital, Diego Javier Rodriguez de Ingenier\u00eda Mecatr\u00f3nica y Mireya Leonor Rodriguez de Ingenier\u00eda Mec\u00e1nica, expusieron sus experiencias en otras partes del mundo.<\/p>\n<p>\u201cLa escuela brindaba muchos eventos para los alumnos internacionales, conoc\u00edas a nueva gente, alumnos, incluso a padres de familia, comienzan a hacer una red muy bonita. [&#8230;] Algunos de los beneficios de irse es conocer otras partes del mundo, otras culturas\u201d agreg\u00f3 Daniela Fernanda Covarrubias, quien obtuvo la Beca de Movilidad Internacional Juan Ignacio Guajardo Romero.<\/p>\n<p>Diego Javier Rodriguez viaj\u00f3 a University of Seattle como parte del programa de doble grado. Durante el foro, explic\u00f3 a su compa\u00f1eros la oportunidad y los beneficios del doble grado.<\/p>\n<p>Mireya Leonor Rodriguez coment\u00f3 que investig\u00f3 antes de tomar la decisi\u00f3n de ir a Sungkyunkwan University en Corea del Sur, en qu\u00e9 consist\u00eda, que necesitaba y para que le sirve en su vida personal. \u201cEs una experiencia que quiero tener y que con ella mi vida profesional en un futuro se expanda, quiero conocer gente, quiero ver como este pa\u00eds se desarrolla, como trabaja\u201d.<\/p>\n<p>Por otra parte, en el Foro Global Experience que se llev\u00f3 a cabo en el Campus Tijuana, comparti\u00f3 su experiencia la estudiante Michelle Bravo, alumna de la Lic. en Negocios Internacionales con Doble Grado particip\u00f3 en intersemestral de verano en Madrid, Espa\u00f1a en 2022, en verano de Doble Grado en Seattle, EEUU en 2023, y en intercambio internacional en Lyon, Francia en 2023, y como parte del Doble Grado estuvo en Praga, durante el verano de 2024.<\/p>\n<p>\u201cPara mi es fundamental aprender de las dem\u00e1s culturas,compartir conocimiento de la nuestra y as\u00ed integrarlo en nuestra vida personal y profesional\u201d.<\/p>\n<p>Con una participaci\u00f3n en Norteam\u00e9rica, Europa, Asia, Centroam\u00e9rica y Ocean\u00eda, los estudiantes de CETYS fortalecen su educaci\u00f3n integral gracias al intercambio cultural que permiten las experiencias de internacionalizaci\u00f3n.<\/p>\n<div class=\"gallery-slider-wrapper gallery-1\">\n                        <div class=\"gallery-slider\" itemscope itemtype=\"http:\/\/schema.org\/ImageGallery\"><figure class=\"slide\" itemprop=\"associatedMedia\" itemscope itemtype=\"http:\/\/schema.org\/ImageObject\">\n                    <a itemprop=\"contentUrl\" href=\"https:\/\/www.cetys.mx\/noticias\/wp-content\/uploads\/2024\/10\/461173075_917976303687580_4696086387300682759_n.jpg\">\n                        <img decoding=\"async\" itemprop=\"thumbnail\" class=\"lazyOwl\" src=\"https:\/\/www.cetys.mx\/noticias\/wp-content\/plugins\/jmagz-plugin\/assets\/placeholder\/900x450.png\" data-src=\"https:\/\/www.cetys.mx\/noticias\/wp-content\/uploads\/2024\/10\/461173075_917976303687580_4696086387300682759_n.jpg\" alt=\"461173075_917976303687580_4696086387300682759_n\">\n                    <\/a>\n                    <figcaption itemprop=\"caption description\" class=\"slide-caption\">\n                        Foro Global Experience 2024 Campus Tijuana\n                    <\/figcaption>\n                <\/figure><figure class=\"slide\" itemprop=\"associatedMedia\" itemscope itemtype=\"http:\/\/schema.org\/ImageObject\">\n                    <a itemprop=\"contentUrl\" href=\"https:\/\/www.cetys.mx\/noticias\/wp-content\/uploads\/2024\/10\/461318485_917975823687628_3206115750799277712_n.jpg\">\n                        <img decoding=\"async\" itemprop=\"thumbnail\" class=\"lazyOwl\" src=\"https:\/\/www.cetys.mx\/noticias\/wp-content\/plugins\/jmagz-plugin\/assets\/placeholder\/900x450.png\" data-src=\"https:\/\/www.cetys.mx\/noticias\/wp-content\/uploads\/2024\/10\/461318485_917975823687628_3206115750799277712_n.jpg\" alt=\"461318485_917975823687628_3206115750799277712_n\">\n                    <\/a>\n                    <figcaption itemprop=\"caption description\" class=\"slide-caption\">\n                        Foro Global Experience 2024 Campus Tijuana\n                    <\/figcaption>\n                <\/figure><\/div>\n                <div class=\"gallery-slider-thumbnail-wrapper\">\n                    <div class=\"gallery-slider-thumbnail\"><div class=\"slide-thumbnail\"><img decoding=\"async\" class=\"lazyOwl\" src=\"https:\/\/www.cetys.mx\/noticias\/wp-content\/plugins\/jmagz-plugin\/assets\/placeholder\/150x75.png\" data-src=\"https:\/\/www.cetys.mx\/noticias\/wp-content\/uploads\/2024\/10\/461173075_917976303687580_4696086387300682759_n.jpg\" alt=\"461173075_917976303687580_4696086387300682759_n\"><\/div><div class=\"slide-thumbnail\"><img decoding=\"async\" class=\"lazyOwl\" src=\"https:\/\/www.cetys.mx\/noticias\/wp-content\/plugins\/jmagz-plugin\/assets\/placeholder\/150x75.png\" data-src=\"https:\/\/www.cetys.mx\/noticias\/wp-content\/uploads\/2024\/10\/461318485_917975823687628_3206115750799277712_n.jpg\" alt=\"461318485_917975823687628_3206115750799277712_n\"><\/div><\/div><\/div><\/div>\n<p>Durante el foro Global Experience realizado en el Campus Internacional Ensenada, del cual la Mtra. Mariana Guerrero Baeza, Asistente de Direcci\u00f3n de Internacionalizaci\u00f3n y Direcci\u00f3n Relaciones Institucionales, presidi\u00f3 la sesi\u00f3n a la que acudi\u00f3 Ana Carrillo, alumna de preparatoria, quien comparti\u00f3 su participaci\u00f3n en un viaje cultural\/acad\u00e9mico a Rep\u00fablica Checa, Praga con la universidad de VSFS.<\/p>\n<p>As\u00ed como Joan Salazar estudiante de Negocios Internacionales, quien particip\u00f3 el semestre pasado en intercambio internacional con University of Applied Sciences Nysa en Polonia y tambi\u00e9n realiz\u00f3 sus pr\u00e1cticas profesionales en la oficina de relaciones internacionales en esta misma universidad, adem\u00e1s de cursar un programa de verano internacional.<\/p>\n\n            <style type='text\/css'>\n                #gallery-2 {\n                    margin: auto;\n                }\n                #gallery-2 .gallery-item {\n                    float: left;\n                    margin-top: 10px;\n                    text-align: center;\n                    width: 33%;\n                }\n                #gallery-2 img {\n                    border: 2px solid #cfcfcf;\n                }\n                #gallery-2 .gallery-caption {\n                    margin-left: 0;\n                }\n                \/* see gallery_shortcode() in wp-includes\/media.php *\/\n            <\/style>\n\t\t<div id='gallery-2' class='gallery galleryid-202646 gallery-columns-3 gallery-size-thumbnail'><dl class='gallery-item'>\n                <dt class='gallery-icon portrait'>\n                    <a href='https:\/\/www.cetys.mx\/noticias\/foro-global-experience-cetys-invita-a-sus-estudiantes-a-vivir-la-internacionalizacion\/ens01\/'><img loading=\"lazy\" decoding=\"async\" width=\"77\" height=\"96\" src=\"https:\/\/www.cetys.mx\/noticias\/wp-content\/uploads\/2024\/10\/ens01.jpg\" class=\"attachment-thumbnail size-thumbnail\" alt=\"\" aria-describedby=\"gallery-2-202754\" srcset=\"https:\/\/www.cetys.mx\/noticias\/wp-content\/uploads\/2024\/10\/ens01.jpg 1440w, https:\/\/www.cetys.mx\/noticias\/wp-content\/uploads\/2024\/10\/ens01-768x957.jpg 768w\" sizes=\"auto, (max-width: 77px) 100vw, 77px\" \/><\/a>\n                <\/dt>\n                    <dd class='wp-caption-text gallery-caption' id='gallery-2-202754'>\n                    Foro Global Experience 2024 Campus Internacional Ensenada\n                    <\/dd><\/dl><dl class='gallery-item'>\n                <dt class='gallery-icon portrait'>\n                    <a href='https:\/\/www.cetys.mx\/noticias\/foro-global-experience-cetys-invita-a-sus-estudiantes-a-vivir-la-internacionalizacion\/ens02\/'><img loading=\"lazy\" decoding=\"async\" width=\"77\" height=\"96\" src=\"https:\/\/www.cetys.mx\/noticias\/wp-content\/uploads\/2024\/10\/ens02.jpg\" class=\"attachment-thumbnail size-thumbnail\" alt=\"\" aria-describedby=\"gallery-2-202755\" srcset=\"https:\/\/www.cetys.mx\/noticias\/wp-content\/uploads\/2024\/10\/ens02.jpg 1440w, https:\/\/www.cetys.mx\/noticias\/wp-content\/uploads\/2024\/10\/ens02-768x957.jpg 768w\" sizes=\"auto, (max-width: 77px) 100vw, 77px\" \/><\/a>\n                <\/dt>\n                    <dd class='wp-caption-text gallery-caption' id='gallery-2-202755'>\n                    Foro Global Experience 2024 Campus Internacional Ensenada\n                    <\/dd><\/dl>\n                <br style='clear: both' \/>\n            <\/div>\n\n<p>Tambi\u00e9n particip\u00f3 Valeria Velazco, estudiante de licenciatura en Negocios Internacionales (LNI), que adem\u00e1s de se sum\u00f3 a la edici\u00f3n 2024 del International Summer Program (ISP 2024) en la materia de Sustainability and competitivenes.<\/p>\n<p>Enrique Guillermo estudiante de Ingenieria Industrial (IIND) participante en el viaje acad\u00e9mico a Hanyang University International Summer School (Corea del Sur). Alexa Guerrero estudiante de licenciatura en Mercadotecnia (LAM) participante en el viaje acad\u00e9mico a Yonsei International Summer School (Corea del Sur).<\/p>\n<p>En esta edici\u00f3n del foto particip\u00f3 Valeria Arellano estudiante de licenciatura en Negocios Internacionales, para contar su experiencia como participante en el seminario virtual de discover china y el ISP 2024 cursando Negotiation Strategies and Conflict Resolution.<\/p>\n<p style=\"text-align: center;\"><iframe loading=\"lazy\" title=\"YouTube video player\" src=\"https:\/\/www.youtube.com\/embed\/FYBOLGe6p8Q?si=_y5On0Uqn6m1HqP9\" width=\"560\" height=\"315\" frameborder=\"0\" allowfullscreen=\"allowfullscreen\"><\/iframe><\/p>\n","protected":false},"excerpt":{"rendered":"<p>En el marco de las celebraciones del 63 Aniversario del Sistema CETYS Universidad, se realiz\u00f3 el Foro Global Experience, espacio en el&#8230;<\/p>\n","protected":false},"author":26,"featured_media":202649,"comment_status":"open","ping_status":"closed","sticky":false,"template":"","format":"standard","meta":{"footnotes":""},"categories":[209,125,306,313],"tags":[2596,2908],"class_list":["post-202646","post","type-post","status-publish","format-standard","has-post-thumbnail","hentry","category-institucional","category-portada","category-profesional","category-vocetys-2","tag-campus-internacional","tag-global-experience"],"yoast_head":"<!-- This site is optimized with the Yoast SEO plugin v27.4 - https:\/\/yoast.com\/product\/yoast-seo-wordpress\/ -->\n<title>Foro Global Experience: As\u00ed viven estudiantes de CETYS la internacionalizaci\u00f3n - CETYS<\/title>\n<meta name=\"description\" content=\"Articulo sobre Foro Global Experience: As\u00ed viven estudiantes de CETYS la internacionalizaci\u00f3n\" \/>\n<meta name=\"robots\" content=\"index, follow, max-snippet:-1, max-image-preview:large, max-video-preview:-1\" \/>\n<link rel=\"canonical\" href=\"https:\/\/www.cetys.mx\/noticias\/foro-global-experience-cetys-invita-a-sus-estudiantes-a-vivir-la-internacionalizacion\/\" \/>\n<meta property=\"og:locale\" content=\"es_MX\" \/>\n<meta property=\"og:type\" content=\"article\" \/>\n<meta property=\"og:title\" content=\"Foro Global Experience: As\u00ed viven estudiantes de CETYS la internacionalizaci\u00f3n - CETYS\" \/>\n<meta property=\"og:description\" content=\"Articulo sobre Foro Global Experience: As\u00ed viven estudiantes de CETYS la internacionalizaci\u00f3n\" \/>\n<meta property=\"og:url\" content=\"https:\/\/www.cetys.mx\/noticias\/foro-global-experience-cetys-invita-a-sus-estudiantes-a-vivir-la-internacionalizacion\/\" \/>\n<meta property=\"og:site_name\" content=\"CETYS\" \/>\n<meta property=\"article:publisher\" content=\"https:\/\/www.facebook.com\/cetysuniversidadmxl\/\" \/>\n<meta property=\"article:published_time\" content=\"2024-10-04T17:13:33+00:00\" \/>\n<meta property=\"article:modified_time\" content=\"2024-10-08T18:40:48+00:00\" \/>\n<meta property=\"og:image\" content=\"https:\/\/www.cetys.mx\/noticias\/wp-content\/uploads\/2024\/10\/IMG_5593.jpg\" \/>\n\t<meta property=\"og:image:width\" content=\"600\" \/>\n\t<meta property=\"og:image:height\" content=\"400\" \/>\n\t<meta property=\"og:image:type\" content=\"image\/jpeg\" \/>\n<meta name=\"author\" content=\"CETYS Institucional\" \/>\n<meta name=\"twitter:card\" content=\"summary_large_image\" \/>\n<meta name=\"twitter:creator\" content=\"@cetysuni\" \/>\n<meta name=\"twitter:site\" content=\"@cetysuni\" \/>\n<meta name=\"twitter:label1\" content=\"Escrito por\" \/>\n\t<meta name=\"twitter:data1\" content=\"CETYS Institucional\" \/>\n\t<meta name=\"twitter:label2\" content=\"Tiempo de lectura\" \/>\n\t<meta name=\"twitter:data2\" content=\"3 minutos\" \/>\n<script type=\"application\/ld+json\" class=\"yoast-schema-graph\">{\"@context\":\"https:\\\/\\\/schema.org\",\"@graph\":[{\"@type\":\"Article\",\"@id\":\"https:\\\/\\\/www.cetys.mx\\\/noticias\\\/foro-global-experience-cetys-invita-a-sus-estudiantes-a-vivir-la-internacionalizacion\\\/#article\",\"isPartOf\":{\"@id\":\"https:\\\/\\\/www.cetys.mx\\\/noticias\\\/foro-global-experience-cetys-invita-a-sus-estudiantes-a-vivir-la-internacionalizacion\\\/\"},\"author\":{\"name\":\"CETYS Institucional\",\"@id\":\"https:\\\/\\\/www.cetys.mx\\\/noticias\\\/#\\\/schema\\\/person\\\/e9d2b35265b64aa454df57a2828eb2ac\"},\"headline\":\"Foro Global Experience: As\u00ed viven estudiantes de CETYS la internacionalizaci\u00f3n\",\"datePublished\":\"2024-10-04T17:13:33+00:00\",\"dateModified\":\"2024-10-08T18:40:48+00:00\",\"mainEntityOfPage\":{\"@id\":\"https:\\\/\\\/www.cetys.mx\\\/noticias\\\/foro-global-experience-cetys-invita-a-sus-estudiantes-a-vivir-la-internacionalizacion\\\/\"},\"wordCount\":681,\"commentCount\":0,\"image\":{\"@id\":\"https:\\\/\\\/www.cetys.mx\\\/noticias\\\/foro-global-experience-cetys-invita-a-sus-estudiantes-a-vivir-la-internacionalizacion\\\/#primaryimage\"},\"thumbnailUrl\":\"https:\\\/\\\/www.cetys.mx\\\/noticias\\\/wp-content\\\/uploads\\\/2024\\\/10\\\/IMG_5593.jpg\",\"keywords\":[\"Campus Internacional\",\"Global Experience\"],\"articleSection\":[\"Institucional\",\"Portada\",\"Profesional\",\"VoCETYS\"],\"inLanguage\":\"es\",\"potentialAction\":[{\"@type\":\"CommentAction\",\"name\":\"Comment\",\"target\":[\"https:\\\/\\\/www.cetys.mx\\\/noticias\\\/foro-global-experience-cetys-invita-a-sus-estudiantes-a-vivir-la-internacionalizacion\\\/#respond\"]}]},{\"@type\":\"WebPage\",\"@id\":\"https:\\\/\\\/www.cetys.mx\\\/noticias\\\/foro-global-experience-cetys-invita-a-sus-estudiantes-a-vivir-la-internacionalizacion\\\/\",\"url\":\"https:\\\/\\\/www.cetys.mx\\\/noticias\\\/foro-global-experience-cetys-invita-a-sus-estudiantes-a-vivir-la-internacionalizacion\\\/\",\"name\":\"Foro Global Experience: As\u00ed viven estudiantes de CETYS la internacionalizaci\u00f3n - CETYS\",\"isPartOf\":{\"@id\":\"https:\\\/\\\/www.cetys.mx\\\/noticias\\\/#website\"},\"primaryImageOfPage\":{\"@id\":\"https:\\\/\\\/www.cetys.mx\\\/noticias\\\/foro-global-experience-cetys-invita-a-sus-estudiantes-a-vivir-la-internacionalizacion\\\/#primaryimage\"},\"image\":{\"@id\":\"https:\\\/\\\/www.cetys.mx\\\/noticias\\\/foro-global-experience-cetys-invita-a-sus-estudiantes-a-vivir-la-internacionalizacion\\\/#primaryimage\"},\"thumbnailUrl\":\"https:\\\/\\\/www.cetys.mx\\\/noticias\\\/wp-content\\\/uploads\\\/2024\\\/10\\\/IMG_5593.jpg\",\"datePublished\":\"2024-10-04T17:13:33+00:00\",\"dateModified\":\"2024-10-08T18:40:48+00:00\",\"author\":{\"@id\":\"https:\\\/\\\/www.cetys.mx\\\/noticias\\\/#\\\/schema\\\/person\\\/e9d2b35265b64aa454df57a2828eb2ac\"},\"description\":\"Articulo sobre Foro Global Experience: As\u00ed viven estudiantes de CETYS la internacionalizaci\u00f3n\",\"breadcrumb\":{\"@id\":\"https:\\\/\\\/www.cetys.mx\\\/noticias\\\/foro-global-experience-cetys-invita-a-sus-estudiantes-a-vivir-la-internacionalizacion\\\/#breadcrumb\"},\"inLanguage\":\"es\",\"potentialAction\":[{\"@type\":\"ReadAction\",\"target\":[\"https:\\\/\\\/www.cetys.mx\\\/noticias\\\/foro-global-experience-cetys-invita-a-sus-estudiantes-a-vivir-la-internacionalizacion\\\/\"]}]},{\"@type\":\"ImageObject\",\"inLanguage\":\"es\",\"@id\":\"https:\\\/\\\/www.cetys.mx\\\/noticias\\\/foro-global-experience-cetys-invita-a-sus-estudiantes-a-vivir-la-internacionalizacion\\\/#primaryimage\",\"url\":\"https:\\\/\\\/www.cetys.mx\\\/noticias\\\/wp-content\\\/uploads\\\/2024\\\/10\\\/IMG_5593.jpg\",\"contentUrl\":\"https:\\\/\\\/www.cetys.mx\\\/noticias\\\/wp-content\\\/uploads\\\/2024\\\/10\\\/IMG_5593.jpg\",\"width\":600,\"height\":400},{\"@type\":\"BreadcrumbList\",\"@id\":\"https:\\\/\\\/www.cetys.mx\\\/noticias\\\/foro-global-experience-cetys-invita-a-sus-estudiantes-a-vivir-la-internacionalizacion\\\/#breadcrumb\",\"itemListElement\":[{\"@type\":\"ListItem\",\"position\":1,\"name\":\"Inicio\",\"item\":\"https:\\\/\\\/www.cetys.mx\\\/noticias\\\/\"},{\"@type\":\"ListItem\",\"position\":2,\"name\":\"Foro Global Experience: As\u00ed viven estudiantes de CETYS la internacionalizaci\u00f3n\"}]},{\"@type\":\"WebSite\",\"@id\":\"https:\\\/\\\/www.cetys.mx\\\/noticias\\\/#website\",\"url\":\"https:\\\/\\\/www.cetys.mx\\\/noticias\\\/\",\"name\":\"CETYS\",\"description\":\"\",\"potentialAction\":[{\"@type\":\"SearchAction\",\"target\":{\"@type\":\"EntryPoint\",\"urlTemplate\":\"https:\\\/\\\/www.cetys.mx\\\/noticias\\\/?s={search_term_string}\"},\"query-input\":{\"@type\":\"PropertyValueSpecification\",\"valueRequired\":true,\"valueName\":\"search_term_string\"}}],\"inLanguage\":\"es\"},{\"@type\":\"Person\",\"@id\":\"https:\\\/\\\/www.cetys.mx\\\/noticias\\\/#\\\/schema\\\/person\\\/e9d2b35265b64aa454df57a2828eb2ac\",\"name\":\"CETYS Institucional\",\"url\":\"https:\\\/\\\/www.cetys.mx\\\/noticias\\\/author\\\/cetysinstitucional\\\/\"}]}<\/script>\n<!-- \/ Yoast SEO plugin. -->","yoast_head_json":{"title":"Foro Global Experience: As\u00ed viven estudiantes de CETYS la internacionalizaci\u00f3n - CETYS","description":"Articulo sobre Foro Global Experience: As\u00ed viven estudiantes de CETYS la internacionalizaci\u00f3n","robots":{"index":"index","follow":"follow","max-snippet":"max-snippet:-1","max-image-preview":"max-image-preview:large","max-video-preview":"max-video-preview:-1"},"canonical":"https:\/\/www.cetys.mx\/noticias\/foro-global-experience-cetys-invita-a-sus-estudiantes-a-vivir-la-internacionalizacion\/","og_locale":"es_MX","og_type":"article","og_title":"Foro Global Experience: As\u00ed viven estudiantes de CETYS la internacionalizaci\u00f3n - CETYS","og_description":"Articulo sobre Foro Global Experience: As\u00ed viven estudiantes de CETYS la internacionalizaci\u00f3n","og_url":"https:\/\/www.cetys.mx\/noticias\/foro-global-experience-cetys-invita-a-sus-estudiantes-a-vivir-la-internacionalizacion\/","og_site_name":"CETYS","article_publisher":"https:\/\/www.facebook.com\/cetysuniversidadmxl\/","article_published_time":"2024-10-04T17:13:33+00:00","article_modified_time":"2024-10-08T18:40:48+00:00","og_image":[{"width":600,"height":400,"url":"https:\/\/www.cetys.mx\/noticias\/wp-content\/uploads\/2024\/10\/IMG_5593.jpg","type":"image\/jpeg"}],"author":"CETYS Institucional","twitter_card":"summary_large_image","twitter_creator":"@cetysuni","twitter_site":"@cetysuni","twitter_misc":{"Escrito por":"CETYS Institucional","Tiempo de lectura":"3 minutos"},"schema":{"@context":"https:\/\/schema.org","@graph":[{"@type":"Article","@id":"https:\/\/www.cetys.mx\/noticias\/foro-global-experience-cetys-invita-a-sus-estudiantes-a-vivir-la-internacionalizacion\/#article","isPartOf":{"@id":"https:\/\/www.cetys.mx\/noticias\/foro-global-experience-cetys-invita-a-sus-estudiantes-a-vivir-la-internacionalizacion\/"},"author":{"name":"CETYS Institucional","@id":"https:\/\/www.cetys.mx\/noticias\/#\/schema\/person\/e9d2b35265b64aa454df57a2828eb2ac"},"headline":"Foro Global Experience: As\u00ed viven estudiantes de CETYS la internacionalizaci\u00f3n","datePublished":"2024-10-04T17:13:33+00:00","dateModified":"2024-10-08T18:40:48+00:00","mainEntityOfPage":{"@id":"https:\/\/www.cetys.mx\/noticias\/foro-global-experience-cetys-invita-a-sus-estudiantes-a-vivir-la-internacionalizacion\/"},"wordCount":681,"commentCount":0,"image":{"@id":"https:\/\/www.cetys.mx\/noticias\/foro-global-experience-cetys-invita-a-sus-estudiantes-a-vivir-la-internacionalizacion\/#primaryimage"},"thumbnailUrl":"https:\/\/www.cetys.mx\/noticias\/wp-content\/uploads\/2024\/10\/IMG_5593.jpg","keywords":["Campus Internacional","Global Experience"],"articleSection":["Institucional","Portada","Profesional","VoCETYS"],"inLanguage":"es","potentialAction":[{"@type":"CommentAction","name":"Comment","target":["https:\/\/www.cetys.mx\/noticias\/foro-global-experience-cetys-invita-a-sus-estudiantes-a-vivir-la-internacionalizacion\/#respond"]}]},{"@type":"WebPage","@id":"https:\/\/www.cetys.mx\/noticias\/foro-global-experience-cetys-invita-a-sus-estudiantes-a-vivir-la-internacionalizacion\/","url":"https:\/\/www.cetys.mx\/noticias\/foro-global-experience-cetys-invita-a-sus-estudiantes-a-vivir-la-internacionalizacion\/","name":"Foro Global Experience: As\u00ed viven estudiantes de CETYS la internacionalizaci\u00f3n - CETYS","isPartOf":{"@id":"https:\/\/www.cetys.mx\/noticias\/#website"},"primaryImageOfPage":{"@id":"https:\/\/www.cetys.mx\/noticias\/foro-global-experience-cetys-invita-a-sus-estudiantes-a-vivir-la-internacionalizacion\/#primaryimage"},"image":{"@id":"https:\/\/www.cetys.mx\/noticias\/foro-global-experience-cetys-invita-a-sus-estudiantes-a-vivir-la-internacionalizacion\/#primaryimage"},"thumbnailUrl":"https:\/\/www.cetys.mx\/noticias\/wp-content\/uploads\/2024\/10\/IMG_5593.jpg","datePublished":"2024-10-04T17:13:33+00:00","dateModified":"2024-10-08T18:40:48+00:00","author":{"@id":"https:\/\/www.cetys.mx\/noticias\/#\/schema\/person\/e9d2b35265b64aa454df57a2828eb2ac"},"description":"Articulo sobre Foro Global Experience: As\u00ed viven estudiantes de CETYS la internacionalizaci\u00f3n","breadcrumb":{"@id":"https:\/\/www.cetys.mx\/noticias\/foro-global-experience-cetys-invita-a-sus-estudiantes-a-vivir-la-internacionalizacion\/#breadcrumb"},"inLanguage":"es","potentialAction":[{"@type":"ReadAction","target":["https:\/\/www.cetys.mx\/noticias\/foro-global-experience-cetys-invita-a-sus-estudiantes-a-vivir-la-internacionalizacion\/"]}]},{"@type":"ImageObject","inLanguage":"es","@id":"https:\/\/www.cetys.mx\/noticias\/foro-global-experience-cetys-invita-a-sus-estudiantes-a-vivir-la-internacionalizacion\/#primaryimage","url":"https:\/\/www.cetys.mx\/noticias\/wp-content\/uploads\/2024\/10\/IMG_5593.jpg","contentUrl":"https:\/\/www.cetys.mx\/noticias\/wp-content\/uploads\/2024\/10\/IMG_5593.jpg","width":600,"height":400},{"@type":"BreadcrumbList","@id":"https:\/\/www.cetys.mx\/noticias\/foro-global-experience-cetys-invita-a-sus-estudiantes-a-vivir-la-internacionalizacion\/#breadcrumb","itemListElement":[{"@type":"ListItem","position":1,"name":"Inicio","item":"https:\/\/www.cetys.mx\/noticias\/"},{"@type":"ListItem","position":2,"name":"Foro Global Experience: As\u00ed viven estudiantes de CETYS la internacionalizaci\u00f3n"}]},{"@type":"WebSite","@id":"https:\/\/www.cetys.mx\/noticias\/#website","url":"https:\/\/www.cetys.mx\/noticias\/","name":"CETYS","description":"","potentialAction":[{"@type":"SearchAction","target":{"@type":"EntryPoint","urlTemplate":"https:\/\/www.cetys.mx\/noticias\/?s={search_term_string}"},"query-input":{"@type":"PropertyValueSpecification","valueRequired":true,"valueName":"search_term_string"}}],"inLanguage":"es"},{"@type":"Person","@id":"https:\/\/www.cetys.mx\/noticias\/#\/schema\/person\/e9d2b35265b64aa454df57a2828eb2ac","name":"CETYS Institucional","url":"https:\/\/www.cetys.mx\/noticias\/author\/cetysinstitucional\/"}]}},"_links":{"self":[{"href":"https:\/\/www.cetys.mx\/noticias\/wp-json\/wp\/v2\/posts\/202646","targetHints":{"allow":["GET"]}}],"collection":[{"href":"https:\/\/www.cetys.mx\/noticias\/wp-json\/wp\/v2\/posts"}],"about":[{"href":"https:\/\/www.cetys.mx\/noticias\/wp-json\/wp\/v2\/types\/post"}],"author":[{"embeddable":true,"href":"https:\/\/www.cetys.mx\/noticias\/wp-json\/wp\/v2\/users\/26"}],"replies":[{"embeddable":true,"href":"https:\/\/www.cetys.mx\/noticias\/wp-json\/wp\/v2\/comments?post=202646"}],"version-history":[{"count":6,"href":"https:\/\/www.cetys.mx\/noticias\/wp-json\/wp\/v2\/posts\/202646\/revisions"}],"predecessor-version":[{"id":202757,"href":"https:\/\/www.cetys.mx\/noticias\/wp-json\/wp\/v2\/posts\/202646\/revisions\/202757"}],"wp:featuredmedia":[{"embeddable":true,"href":"https:\/\/www.cetys.mx\/noticias\/wp-json\/wp\/v2\/media\/202649"}],"wp:attachment":[{"href":"https:\/\/www.cetys.mx\/noticias\/wp-json\/wp\/v2\/media?parent=202646"}],"wp:term":[{"taxonomy":"category","embeddable":true,"href":"https:\/\/www.cetys.mx\/noticias\/wp-json\/wp\/v2\/categories?post=202646"},{"taxonomy":"post_tag","embeddable":true,"href":"https:\/\/www.cetys.mx\/noticias\/wp-json\/wp\/v2\/tags?post=202646"}],"curies":[{"name":"wp","href":"https:\/\/api.w.org\/{rel}","templated":true}]}}