{"id":202134,"date":"2024-09-23T10:55:28","date_gmt":"2024-09-23T17:55:28","guid":{"rendered":"https:\/\/www.cetys.mx\/noticias\/?p=202134"},"modified":"2024-10-22T17:14:25","modified_gmt":"2024-10-23T00:14:25","slug":"cetys-universidad-y-coparmex-ensenada-firman-acuerdo-de-colaboracion","status":"publish","type":"post","link":"https:\/\/www.cetys.mx\/noticias\/cetys-universidad-y-coparmex-ensenada-firman-acuerdo-de-colaboracion\/","title":{"rendered":"CETYS Universidad y COPARMEX Ensenada firman acuerdo de colaboraci\u00f3n"},"content":{"rendered":"<p><span style=\"font-weight: 400;\">Con la intenci\u00f3n de establecer v\u00ednculos de cooperaci\u00f3n entre estudiantes y la comunidad empresarial, CETYS Universidad y la Confederaci\u00f3n Patronal de la Rep\u00fablica Mexicana (COPARMEX) Ensenada firmaron un convenio general acad\u00e9mico.<\/span><\/p>\n<p><span style=\"font-weight: 400;\">Entre otros puntos, el acuerdo establece un intercambio y formaci\u00f3n de personal acad\u00e9mico y operativo; la realizaci\u00f3n de actividades acad\u00e9mico-culturales de inter\u00e9s com\u00fan para ambas instituciones; proyectos de investigaci\u00f3n en conjunto; as\u00ed como un espacio para que los estudiantes realicen pr\u00e1cticas profesionales, servicio social y estancias profesionales.<\/span><\/p>\n<p><span style=\"font-weight: 400;\">La firma del convenio entre CETYS Universidad y COPARMEX Ensenada permitir\u00e1 contar con proyectos acad\u00e9micos vinculados, en los que las empresas podr\u00e1n beneficiarse de los dise\u00f1os y bocetos que los j\u00f3venes desarrollen a lo largo del semestre, expuso el Dr. Francisco V\u00e9lez Torres, Director de CETYS Universidad Campus Internacional Ensenada.<\/span><\/p>\n<p><span style=\"font-weight: 400;\">\u201cPueden recibir estudiantes para pr\u00e1cticas profesionales, estamos muy orientados a la multidisciplinariedad, es decir, buscamos que Ingenier\u00eda y Administraci\u00f3n, que son las escuelas que tenemos, hagan proyectos de manera muy coordinada\u201d, asegur\u00f3 el Dr. V\u00e9lez Torres.\u00a0<\/span><\/p>\n<p><span style=\"font-weight: 400;\">De la misma manera, el Director del Campus Internacional Ensenada comparti\u00f3 que el convenio incluye el apoyo con todas las capacidades de CETYS Universidad, es decir, con asesor\u00edas a nivel sistema, aunque los programas acad\u00e9micos no se oferten directamente en el Campus Ensenada, pues \u201ctenemos una cultura y una pr\u00e1ctica de ser un solo CETYS\u201d, agreg\u00f3.<\/span><\/p>\n<p><span style=\"font-weight: 400;\">Por otro lado, el Dr. V\u00e9lez Torres comparti\u00f3 que otro beneficio del convenio es que los agremiados tendr\u00e1n la oportunidad de estudiar alguna licenciatura ejecutiva o un programa de posgrado en CETYS Universidad, de acuerdo con las modalidades que ofrece la instituci\u00f3n acad\u00e9mica, como el Virtual FLEX, con un apoyo econ\u00f3mico del 20%, y que al mismo tiempo les puede generar m\u00e1s capacidades a los empresarios.<\/span><\/p>\n<p><span style=\"font-weight: 400;\">\u201cEste convenio al final es un referendo de convenio a lo largo de m\u00e1s de 15 a\u00f1os que ha colaborado con COPARMEX Ensenada, buscamos seguir en esta en esta sinergia\u201d, expuso el Dr. V\u00e9lez Torres.<\/span><\/p>\n<p><span style=\"font-weight: 400;\">Por su parte, el Mtro. Alberto Mu\u00f1oz Avilez, Presidente de COPARMEX Ensenada, destac\u00f3 que la intenci\u00f3n del organismo es posicionarse con los emprendedores que buscan hacer crecer su empresa a trav\u00e9s de los apoyos que puede obtener de las comisiones de COPARMEX, \u201cpodemos obtener beneficios tanto CETYS como COPARMEX con este tipo de colaboraciones\u201d, concluy\u00f3 el Mtro. Mu\u00f1oz Avilez.<\/span><\/p>\n","protected":false},"excerpt":{"rendered":"<p>Con la intenci\u00f3n de establecer v\u00ednculos de cooperaci\u00f3n entre estudiantes y la comunidad empresarial, CETYS Universidad y la Confederaci\u00f3n Patronal de la&#8230;<\/p>\n","protected":false},"author":23,"featured_media":203384,"comment_status":"open","ping_status":"closed","sticky":false,"template":"","format":"standard","meta":{"footnotes":""},"categories":[132,125,313],"tags":[],"class_list":["post-202134","post","type-post","status-publish","format-standard","has-post-thumbnail","hentry","category-campus-ensenada","category-portada","category-vocetys-2"],"yoast_head":"<!-- This site is optimized with the Yoast SEO plugin v27.4 - https:\/\/yoast.com\/product\/yoast-seo-wordpress\/ -->\n<title>CETYS Universidad y COPARMEX Ensenada firman acuerdo de colaboraci\u00f3n - CETYS<\/title>\n<meta name=\"description\" content=\"Articulo sobre CETYS Universidad y COPARMEX Ensenada firman acuerdo de colaboraci\u00f3n\" \/>\n<meta name=\"robots\" content=\"index, follow, max-snippet:-1, max-image-preview:large, max-video-preview:-1\" \/>\n<link rel=\"canonical\" href=\"https:\/\/www.cetys.mx\/noticias\/cetys-universidad-y-coparmex-ensenada-firman-acuerdo-de-colaboracion\/\" \/>\n<meta property=\"og:locale\" content=\"es_MX\" \/>\n<meta property=\"og:type\" content=\"article\" \/>\n<meta property=\"og:title\" content=\"CETYS Universidad y COPARMEX Ensenada firman acuerdo de colaboraci\u00f3n - CETYS\" \/>\n<meta property=\"og:description\" content=\"Articulo sobre CETYS Universidad y COPARMEX Ensenada firman acuerdo de colaboraci\u00f3n\" \/>\n<meta property=\"og:url\" content=\"https:\/\/www.cetys.mx\/noticias\/cetys-universidad-y-coparmex-ensenada-firman-acuerdo-de-colaboracion\/\" \/>\n<meta property=\"og:site_name\" content=\"CETYS\" \/>\n<meta property=\"article:publisher\" content=\"https:\/\/www.facebook.com\/cetysuniversidadmxl\/\" \/>\n<meta property=\"article:published_time\" content=\"2024-09-23T17:55:28+00:00\" \/>\n<meta property=\"article:modified_time\" content=\"2024-10-23T00:14:25+00:00\" \/>\n<meta property=\"og:image\" content=\"https:\/\/www.cetys.mx\/noticias\/wp-content\/uploads\/2024\/09\/IMG_2831-1.jpg\" \/>\n\t<meta property=\"og:image:width\" content=\"6000\" \/>\n\t<meta property=\"og:image:height\" content=\"4000\" \/>\n\t<meta property=\"og:image:type\" content=\"image\/jpeg\" \/>\n<meta name=\"author\" content=\"Campus Ensenada\" \/>\n<meta name=\"twitter:card\" content=\"summary_large_image\" \/>\n<meta name=\"twitter:creator\" content=\"@cetysuni\" \/>\n<meta name=\"twitter:site\" content=\"@cetysuni\" \/>\n<meta name=\"twitter:label1\" content=\"Escrito por\" \/>\n\t<meta name=\"twitter:data1\" content=\"Campus Ensenada\" \/>\n\t<meta name=\"twitter:label2\" content=\"Tiempo de lectura\" \/>\n\t<meta name=\"twitter:data2\" content=\"2 minutos\" \/>\n<script type=\"application\/ld+json\" class=\"yoast-schema-graph\">{\"@context\":\"https:\\\/\\\/schema.org\",\"@graph\":[{\"@type\":\"Article\",\"@id\":\"https:\\\/\\\/www.cetys.mx\\\/noticias\\\/cetys-universidad-y-coparmex-ensenada-firman-acuerdo-de-colaboracion\\\/#article\",\"isPartOf\":{\"@id\":\"https:\\\/\\\/www.cetys.mx\\\/noticias\\\/cetys-universidad-y-coparmex-ensenada-firman-acuerdo-de-colaboracion\\\/\"},\"author\":{\"name\":\"Campus Ensenada\",\"@id\":\"https:\\\/\\\/www.cetys.mx\\\/noticias\\\/#\\\/schema\\\/person\\\/1a1a88c0b6586e66a2e9e88e07afc712\"},\"headline\":\"CETYS Universidad y COPARMEX Ensenada firman acuerdo de colaboraci\u00f3n\",\"datePublished\":\"2024-09-23T17:55:28+00:00\",\"dateModified\":\"2024-10-23T00:14:25+00:00\",\"mainEntityOfPage\":{\"@id\":\"https:\\\/\\\/www.cetys.mx\\\/noticias\\\/cetys-universidad-y-coparmex-ensenada-firman-acuerdo-de-colaboracion\\\/\"},\"wordCount\":427,\"commentCount\":0,\"image\":{\"@id\":\"https:\\\/\\\/www.cetys.mx\\\/noticias\\\/cetys-universidad-y-coparmex-ensenada-firman-acuerdo-de-colaboracion\\\/#primaryimage\"},\"thumbnailUrl\":\"https:\\\/\\\/www.cetys.mx\\\/noticias\\\/wp-content\\\/uploads\\\/2024\\\/09\\\/IMG_2831-1.jpg\",\"articleSection\":[\"Campus Ensenada\",\"Portada\",\"VoCETYS\"],\"inLanguage\":\"es\",\"potentialAction\":[{\"@type\":\"CommentAction\",\"name\":\"Comment\",\"target\":[\"https:\\\/\\\/www.cetys.mx\\\/noticias\\\/cetys-universidad-y-coparmex-ensenada-firman-acuerdo-de-colaboracion\\\/#respond\"]}]},{\"@type\":\"WebPage\",\"@id\":\"https:\\\/\\\/www.cetys.mx\\\/noticias\\\/cetys-universidad-y-coparmex-ensenada-firman-acuerdo-de-colaboracion\\\/\",\"url\":\"https:\\\/\\\/www.cetys.mx\\\/noticias\\\/cetys-universidad-y-coparmex-ensenada-firman-acuerdo-de-colaboracion\\\/\",\"name\":\"CETYS Universidad y COPARMEX Ensenada firman acuerdo de colaboraci\u00f3n - CETYS\",\"isPartOf\":{\"@id\":\"https:\\\/\\\/www.cetys.mx\\\/noticias\\\/#website\"},\"primaryImageOfPage\":{\"@id\":\"https:\\\/\\\/www.cetys.mx\\\/noticias\\\/cetys-universidad-y-coparmex-ensenada-firman-acuerdo-de-colaboracion\\\/#primaryimage\"},\"image\":{\"@id\":\"https:\\\/\\\/www.cetys.mx\\\/noticias\\\/cetys-universidad-y-coparmex-ensenada-firman-acuerdo-de-colaboracion\\\/#primaryimage\"},\"thumbnailUrl\":\"https:\\\/\\\/www.cetys.mx\\\/noticias\\\/wp-content\\\/uploads\\\/2024\\\/09\\\/IMG_2831-1.jpg\",\"datePublished\":\"2024-09-23T17:55:28+00:00\",\"dateModified\":\"2024-10-23T00:14:25+00:00\",\"author\":{\"@id\":\"https:\\\/\\\/www.cetys.mx\\\/noticias\\\/#\\\/schema\\\/person\\\/1a1a88c0b6586e66a2e9e88e07afc712\"},\"description\":\"Articulo sobre CETYS Universidad y COPARMEX Ensenada firman acuerdo de colaboraci\u00f3n\",\"breadcrumb\":{\"@id\":\"https:\\\/\\\/www.cetys.mx\\\/noticias\\\/cetys-universidad-y-coparmex-ensenada-firman-acuerdo-de-colaboracion\\\/#breadcrumb\"},\"inLanguage\":\"es\",\"potentialAction\":[{\"@type\":\"ReadAction\",\"target\":[\"https:\\\/\\\/www.cetys.mx\\\/noticias\\\/cetys-universidad-y-coparmex-ensenada-firman-acuerdo-de-colaboracion\\\/\"]}]},{\"@type\":\"ImageObject\",\"inLanguage\":\"es\",\"@id\":\"https:\\\/\\\/www.cetys.mx\\\/noticias\\\/cetys-universidad-y-coparmex-ensenada-firman-acuerdo-de-colaboracion\\\/#primaryimage\",\"url\":\"https:\\\/\\\/www.cetys.mx\\\/noticias\\\/wp-content\\\/uploads\\\/2024\\\/09\\\/IMG_2831-1.jpg\",\"contentUrl\":\"https:\\\/\\\/www.cetys.mx\\\/noticias\\\/wp-content\\\/uploads\\\/2024\\\/09\\\/IMG_2831-1.jpg\",\"width\":6000,\"height\":4000},{\"@type\":\"BreadcrumbList\",\"@id\":\"https:\\\/\\\/www.cetys.mx\\\/noticias\\\/cetys-universidad-y-coparmex-ensenada-firman-acuerdo-de-colaboracion\\\/#breadcrumb\",\"itemListElement\":[{\"@type\":\"ListItem\",\"position\":1,\"name\":\"Inicio\",\"item\":\"https:\\\/\\\/www.cetys.mx\\\/noticias\\\/\"},{\"@type\":\"ListItem\",\"position\":2,\"name\":\"CETYS Universidad y COPARMEX Ensenada firman acuerdo de colaboraci\u00f3n\"}]},{\"@type\":\"WebSite\",\"@id\":\"https:\\\/\\\/www.cetys.mx\\\/noticias\\\/#website\",\"url\":\"https:\\\/\\\/www.cetys.mx\\\/noticias\\\/\",\"name\":\"CETYS\",\"description\":\"\",\"potentialAction\":[{\"@type\":\"SearchAction\",\"target\":{\"@type\":\"EntryPoint\",\"urlTemplate\":\"https:\\\/\\\/www.cetys.mx\\\/noticias\\\/?s={search_term_string}\"},\"query-input\":{\"@type\":\"PropertyValueSpecification\",\"valueRequired\":true,\"valueName\":\"search_term_string\"}}],\"inLanguage\":\"es\"},{\"@type\":\"Person\",\"@id\":\"https:\\\/\\\/www.cetys.mx\\\/noticias\\\/#\\\/schema\\\/person\\\/1a1a88c0b6586e66a2e9e88e07afc712\",\"name\":\"Campus Ensenada\",\"url\":\"https:\\\/\\\/www.cetys.mx\\\/noticias\\\/author\\\/campusensenada\\\/\"}]}<\/script>\n<!-- \/ Yoast SEO plugin. -->","yoast_head_json":{"title":"CETYS Universidad y COPARMEX Ensenada firman acuerdo de colaboraci\u00f3n - CETYS","description":"Articulo sobre CETYS Universidad y COPARMEX Ensenada firman acuerdo de colaboraci\u00f3n","robots":{"index":"index","follow":"follow","max-snippet":"max-snippet:-1","max-image-preview":"max-image-preview:large","max-video-preview":"max-video-preview:-1"},"canonical":"https:\/\/www.cetys.mx\/noticias\/cetys-universidad-y-coparmex-ensenada-firman-acuerdo-de-colaboracion\/","og_locale":"es_MX","og_type":"article","og_title":"CETYS Universidad y COPARMEX Ensenada firman acuerdo de colaboraci\u00f3n - CETYS","og_description":"Articulo sobre CETYS Universidad y COPARMEX Ensenada firman acuerdo de colaboraci\u00f3n","og_url":"https:\/\/www.cetys.mx\/noticias\/cetys-universidad-y-coparmex-ensenada-firman-acuerdo-de-colaboracion\/","og_site_name":"CETYS","article_publisher":"https:\/\/www.facebook.com\/cetysuniversidadmxl\/","article_published_time":"2024-09-23T17:55:28+00:00","article_modified_time":"2024-10-23T00:14:25+00:00","og_image":[{"width":6000,"height":4000,"url":"https:\/\/www.cetys.mx\/noticias\/wp-content\/uploads\/2024\/09\/IMG_2831-1.jpg","type":"image\/jpeg"}],"author":"Campus Ensenada","twitter_card":"summary_large_image","twitter_creator":"@cetysuni","twitter_site":"@cetysuni","twitter_misc":{"Escrito por":"Campus Ensenada","Tiempo de lectura":"2 minutos"},"schema":{"@context":"https:\/\/schema.org","@graph":[{"@type":"Article","@id":"https:\/\/www.cetys.mx\/noticias\/cetys-universidad-y-coparmex-ensenada-firman-acuerdo-de-colaboracion\/#article","isPartOf":{"@id":"https:\/\/www.cetys.mx\/noticias\/cetys-universidad-y-coparmex-ensenada-firman-acuerdo-de-colaboracion\/"},"author":{"name":"Campus Ensenada","@id":"https:\/\/www.cetys.mx\/noticias\/#\/schema\/person\/1a1a88c0b6586e66a2e9e88e07afc712"},"headline":"CETYS Universidad y COPARMEX Ensenada firman acuerdo de colaboraci\u00f3n","datePublished":"2024-09-23T17:55:28+00:00","dateModified":"2024-10-23T00:14:25+00:00","mainEntityOfPage":{"@id":"https:\/\/www.cetys.mx\/noticias\/cetys-universidad-y-coparmex-ensenada-firman-acuerdo-de-colaboracion\/"},"wordCount":427,"commentCount":0,"image":{"@id":"https:\/\/www.cetys.mx\/noticias\/cetys-universidad-y-coparmex-ensenada-firman-acuerdo-de-colaboracion\/#primaryimage"},"thumbnailUrl":"https:\/\/www.cetys.mx\/noticias\/wp-content\/uploads\/2024\/09\/IMG_2831-1.jpg","articleSection":["Campus Ensenada","Portada","VoCETYS"],"inLanguage":"es","potentialAction":[{"@type":"CommentAction","name":"Comment","target":["https:\/\/www.cetys.mx\/noticias\/cetys-universidad-y-coparmex-ensenada-firman-acuerdo-de-colaboracion\/#respond"]}]},{"@type":"WebPage","@id":"https:\/\/www.cetys.mx\/noticias\/cetys-universidad-y-coparmex-ensenada-firman-acuerdo-de-colaboracion\/","url":"https:\/\/www.cetys.mx\/noticias\/cetys-universidad-y-coparmex-ensenada-firman-acuerdo-de-colaboracion\/","name":"CETYS Universidad y COPARMEX Ensenada firman acuerdo de colaboraci\u00f3n - CETYS","isPartOf":{"@id":"https:\/\/www.cetys.mx\/noticias\/#website"},"primaryImageOfPage":{"@id":"https:\/\/www.cetys.mx\/noticias\/cetys-universidad-y-coparmex-ensenada-firman-acuerdo-de-colaboracion\/#primaryimage"},"image":{"@id":"https:\/\/www.cetys.mx\/noticias\/cetys-universidad-y-coparmex-ensenada-firman-acuerdo-de-colaboracion\/#primaryimage"},"thumbnailUrl":"https:\/\/www.cetys.mx\/noticias\/wp-content\/uploads\/2024\/09\/IMG_2831-1.jpg","datePublished":"2024-09-23T17:55:28+00:00","dateModified":"2024-10-23T00:14:25+00:00","author":{"@id":"https:\/\/www.cetys.mx\/noticias\/#\/schema\/person\/1a1a88c0b6586e66a2e9e88e07afc712"},"description":"Articulo sobre CETYS Universidad y COPARMEX Ensenada firman acuerdo de colaboraci\u00f3n","breadcrumb":{"@id":"https:\/\/www.cetys.mx\/noticias\/cetys-universidad-y-coparmex-ensenada-firman-acuerdo-de-colaboracion\/#breadcrumb"},"inLanguage":"es","potentialAction":[{"@type":"ReadAction","target":["https:\/\/www.cetys.mx\/noticias\/cetys-universidad-y-coparmex-ensenada-firman-acuerdo-de-colaboracion\/"]}]},{"@type":"ImageObject","inLanguage":"es","@id":"https:\/\/www.cetys.mx\/noticias\/cetys-universidad-y-coparmex-ensenada-firman-acuerdo-de-colaboracion\/#primaryimage","url":"https:\/\/www.cetys.mx\/noticias\/wp-content\/uploads\/2024\/09\/IMG_2831-1.jpg","contentUrl":"https:\/\/www.cetys.mx\/noticias\/wp-content\/uploads\/2024\/09\/IMG_2831-1.jpg","width":6000,"height":4000},{"@type":"BreadcrumbList","@id":"https:\/\/www.cetys.mx\/noticias\/cetys-universidad-y-coparmex-ensenada-firman-acuerdo-de-colaboracion\/#breadcrumb","itemListElement":[{"@type":"ListItem","position":1,"name":"Inicio","item":"https:\/\/www.cetys.mx\/noticias\/"},{"@type":"ListItem","position":2,"name":"CETYS Universidad y COPARMEX Ensenada firman acuerdo de colaboraci\u00f3n"}]},{"@type":"WebSite","@id":"https:\/\/www.cetys.mx\/noticias\/#website","url":"https:\/\/www.cetys.mx\/noticias\/","name":"CETYS","description":"","potentialAction":[{"@type":"SearchAction","target":{"@type":"EntryPoint","urlTemplate":"https:\/\/www.cetys.mx\/noticias\/?s={search_term_string}"},"query-input":{"@type":"PropertyValueSpecification","valueRequired":true,"valueName":"search_term_string"}}],"inLanguage":"es"},{"@type":"Person","@id":"https:\/\/www.cetys.mx\/noticias\/#\/schema\/person\/1a1a88c0b6586e66a2e9e88e07afc712","name":"Campus Ensenada","url":"https:\/\/www.cetys.mx\/noticias\/author\/campusensenada\/"}]}},"_links":{"self":[{"href":"https:\/\/www.cetys.mx\/noticias\/wp-json\/wp\/v2\/posts\/202134","targetHints":{"allow":["GET"]}}],"collection":[{"href":"https:\/\/www.cetys.mx\/noticias\/wp-json\/wp\/v2\/posts"}],"about":[{"href":"https:\/\/www.cetys.mx\/noticias\/wp-json\/wp\/v2\/types\/post"}],"author":[{"embeddable":true,"href":"https:\/\/www.cetys.mx\/noticias\/wp-json\/wp\/v2\/users\/23"}],"replies":[{"embeddable":true,"href":"https:\/\/www.cetys.mx\/noticias\/wp-json\/wp\/v2\/comments?post=202134"}],"version-history":[{"count":2,"href":"https:\/\/www.cetys.mx\/noticias\/wp-json\/wp\/v2\/posts\/202134\/revisions"}],"predecessor-version":[{"id":202146,"href":"https:\/\/www.cetys.mx\/noticias\/wp-json\/wp\/v2\/posts\/202134\/revisions\/202146"}],"wp:featuredmedia":[{"embeddable":true,"href":"https:\/\/www.cetys.mx\/noticias\/wp-json\/wp\/v2\/media\/203384"}],"wp:attachment":[{"href":"https:\/\/www.cetys.mx\/noticias\/wp-json\/wp\/v2\/media?parent=202134"}],"wp:term":[{"taxonomy":"category","embeddable":true,"href":"https:\/\/www.cetys.mx\/noticias\/wp-json\/wp\/v2\/categories?post=202134"},{"taxonomy":"post_tag","embeddable":true,"href":"https:\/\/www.cetys.mx\/noticias\/wp-json\/wp\/v2\/tags?post=202134"}],"curies":[{"name":"wp","href":"https:\/\/api.w.org\/{rel}","templated":true}]}}