{"id":202119,"date":"2024-09-23T09:54:04","date_gmt":"2024-09-23T16:54:04","guid":{"rendered":"https:\/\/www.cetys.mx\/noticias\/?p=202119"},"modified":"2024-09-25T11:52:07","modified_gmt":"2024-09-25T18:52:07","slug":"llevan-a-cabo-ceremonias-de-reconocimiento-a-alumnos-distinguidos-en-cetys-universidad-campus-mexicali","status":"publish","type":"post","link":"https:\/\/www.cetys.mx\/noticias\/llevan-a-cabo-ceremonias-de-reconocimiento-a-alumnos-distinguidos-en-cetys-universidad-campus-mexicali\/","title":{"rendered":"Llevan a cabo ceremonias de reconocimiento a Alumnos Distinguidos en CETYS Universidad Campus Mexicali"},"content":{"rendered":"<p style=\"text-align: center;\"><span style=\"font-size: 14pt;\"><i><span style=\"font-weight: 400;\">En tres distintas ceremonias familiares, compa\u00f1eros, amigos y profesores fueron testigos del reconocimiento otorgado a los estudiantes por su esfuerzo y entrega\u00a0<\/span><\/i><\/span><\/p>\n<p><span style=\"font-weight: 400;\">Con el objetivo de <strong>reconocer a los alumnos destacados en las \u00e1reas acad\u00e9micas, deportivas, culturales e innovaci\u00f3n y emprendimiento<\/strong>, se llev\u00f3 a cabo la<strong> ceremonia de Alumnos Distinguidos<\/strong> en <a href=\"https:\/\/www.cetys.mx\/campus-mexicali\/\"><strong>CETYS campus Mexicali<\/strong><\/a>, tanto a nivel profesional como en preparatoria.<\/span><\/p>\n<p><span style=\"font-weight: 400;\">En tres distintas ceremonias familiares, compa\u00f1eros, amigos y profesores fueron testigos del reconocimiento otorgado a los estudiantes por su esfuerzo y entrega en el \u00e1mbito educativo y extracurricular.\u00a0<\/span><\/p>\n<blockquote><p><span style=\"font-weight: 400;\">\u201cCada uno de ustedes son un ejemplo de que con pasi\u00f3n y constancia, pueden alcanzar grandes retos\u201d, dijo la Dra. Paulina A. Vargas Larraguivel, directora de la Escuela de Administraci\u00f3n y Negocios en ese campus.<\/span><\/p><\/blockquote>\n<p><img loading=\"lazy\" decoding=\"async\" class=\" wp-image-202122 aligncenter\" src=\"https:\/\/www.cetys.mx\/noticias\/wp-content\/uploads\/2024\/09\/DSC_3193.jpg\" alt=\"\" width=\"704\" height=\"470\" srcset=\"https:\/\/www.cetys.mx\/noticias\/wp-content\/uploads\/2024\/09\/DSC_3193.jpg 958w, https:\/\/www.cetys.mx\/noticias\/wp-content\/uploads\/2024\/09\/DSC_3193-768x513.jpg 768w\" sizes=\"auto, (max-width: 704px) 100vw, 704px\" \/><\/p>\n<p><span style=\"font-weight: 400;\">Presidiendo el evento de reconocimiento a estudiantes de nivel profesional, estuvo presente la Dra. Cecilia Tagliapietra, Directora Acad\u00e9mica; la Dra. Bianca Barcel\u00f3, Directora de la Escuela de Derecho; la Mtra. Iv\u00f3n Aid\u00e9 Guerrero Ceballos, Directora de los Programas de Psicolog\u00eda; la Dra. Paulina A. Vargas Larraguivel, Directora de la Escuela de Administraci\u00f3n y Negocios; el Dr. Carlos Solorio Maga\u00f1a, Director de la Escuela de Ingenier\u00eda y la Mtra. Dana Beatriz Fonseca Castro, Directora de Asuntos Estudiantiles.\u00a0<\/span><\/p>\n<p><span style=\"font-weight: 400;\">En la ceremonia dirigida a alumnos de Preparatoria, particip\u00f3 el Dr. Mario Dipp N\u00fa\u00f1ez, Director de CETYS Universidad campus Mexicali; el Mtro. Eliseo Mendoza Ortiz, Director de Educaci\u00f3n Media Superior del Sistema CETYS; la Mtra. Ana Georgina Villalba, Directora de la Preparatoria CETYS campus Mexicali y la Mtra. Cecilia Tagliapietra, Directora Acad\u00e9mica en el mismo campus.\u00a0<\/span><\/p>\n<blockquote><p><span style=\"font-weight: 400;\">Valentina San Miguel Catal\u00e1n, estudiante de s\u00e9ptimo semestre de la carrera de Negocios Internacionales, dedic\u00f3 algunas palabras a sus compa\u00f1eros con quienes comparte el reconocimiento: \u201cPara mi el 100 es el verdaderamente aprender, el disfrutar de mis clases, el aprender m\u00e1s all\u00e1 de mi clases, encontrarme conmigo misma, cuidar de mi salud f\u00edsica y emocional, todo eso es mi meta semestre tras semestre\u201d.<\/span><\/p><\/blockquote>\n<p><img loading=\"lazy\" decoding=\"async\" class=\" wp-image-202121 aligncenter\" src=\"https:\/\/www.cetys.mx\/noticias\/wp-content\/uploads\/2024\/09\/DSC_3849.jpg\" alt=\"\" width=\"696\" height=\"465\" srcset=\"https:\/\/www.cetys.mx\/noticias\/wp-content\/uploads\/2024\/09\/DSC_3849.jpg 958w, https:\/\/www.cetys.mx\/noticias\/wp-content\/uploads\/2024\/09\/DSC_3849-768x513.jpg 768w\" sizes=\"auto, (max-width: 696px) 100vw, 696px\" \/><\/p>\n<p><span style=\"font-weight: 400;\">En la primera ceremonia se cont\u00f3 con 87 alumnos de ingenier\u00eda, en la segunda participaron 115 estudiantes pertenecientes a las escuelas de Administraci\u00f3n y Negocios en conjunto con Psicolog\u00eda y Derecho, mientras que en preparatoria fueron 76 los reconocidos.<\/span><\/p>\n<blockquote><p><span style=\"font-weight: 400;\">Para finalizar, se reconoci\u00f3 al estudiante de preparatoria Jorge Humberto Ibarra Flores por ser acreedor a la medalla de honor.\u00a0 Su compa\u00f1era Paula <\/span><span style=\"font-weight: 400;\">Palacios Arviz\u00fa <\/span><span style=\"font-weight: 400;\">comparti\u00f3 algunas palabras en representaci\u00f3n de la comunidad estudiantil galardonada: \u201cEl \u00e9xito es una combinaci\u00f3n de pasi\u00f3n, arduo trabajo y dedicaci\u00f3n, es tener objetivos y durante el camino se percibe, por lo que las oportunidades est\u00e1n, el tema es saber cu\u00e1ndo y c\u00f3mo tomarlas\u201d.<\/span><\/p><\/blockquote>\n","protected":false},"excerpt":{"rendered":"<p>En tres distintas ceremonias familiares, compa\u00f1eros, amigos y profesores fueron testigos del reconocimiento otorgado a los estudiantes por su esfuerzo y entrega\u00a0&#8230;<\/p>\n","protected":false},"author":20,"featured_media":202120,"comment_status":"open","ping_status":"closed","sticky":false,"template":"","format":"standard","meta":{"footnotes":""},"categories":[133,313],"tags":[1351,632,6482,6981],"class_list":["post-202119","post","type-post","status-publish","format-standard","has-post-thumbnail","hentry","category-campus-mexicali","category-vocetys-2","tag-alumnos-destacados","tag-campus-mexicali","tag-ceremonia","tag-vocetys-2024-09-25"],"yoast_head":"<!-- This site is optimized with the Yoast SEO plugin v27.4 - https:\/\/yoast.com\/product\/yoast-seo-wordpress\/ -->\n<title>Llevan a cabo ceremonias de reconocimiento a Alumnos Distinguidos en CETYS Universidad Campus Mexicali - CETYS<\/title>\n<meta name=\"description\" content=\"Articulo sobre Llevan a cabo ceremonias de reconocimiento a Alumnos Distinguidos en CETYS Universidad Campus Mexicali\" \/>\n<meta name=\"robots\" content=\"index, follow, max-snippet:-1, max-image-preview:large, max-video-preview:-1\" \/>\n<link rel=\"canonical\" href=\"https:\/\/www.cetys.mx\/noticias\/llevan-a-cabo-ceremonias-de-reconocimiento-a-alumnos-distinguidos-en-cetys-universidad-campus-mexicali\/\" \/>\n<meta property=\"og:locale\" content=\"es_MX\" \/>\n<meta property=\"og:type\" content=\"article\" \/>\n<meta property=\"og:title\" content=\"Llevan a cabo ceremonias de reconocimiento a Alumnos Distinguidos en CETYS Universidad Campus Mexicali - CETYS\" \/>\n<meta property=\"og:description\" content=\"Articulo sobre Llevan a cabo ceremonias de reconocimiento a Alumnos Distinguidos en CETYS Universidad Campus Mexicali\" \/>\n<meta property=\"og:url\" content=\"https:\/\/www.cetys.mx\/noticias\/llevan-a-cabo-ceremonias-de-reconocimiento-a-alumnos-distinguidos-en-cetys-universidad-campus-mexicali\/\" \/>\n<meta property=\"og:site_name\" content=\"CETYS\" \/>\n<meta property=\"article:publisher\" content=\"https:\/\/www.facebook.com\/cetysuniversidadmxl\/\" \/>\n<meta property=\"article:published_time\" content=\"2024-09-23T16:54:04+00:00\" \/>\n<meta property=\"article:modified_time\" content=\"2024-09-25T18:52:07+00:00\" \/>\n<meta property=\"og:image\" content=\"https:\/\/www.cetys.mx\/noticias\/wp-content\/uploads\/2024\/09\/DSC_0866.jpg\" \/>\n\t<meta property=\"og:image:width\" content=\"958\" \/>\n\t<meta property=\"og:image:height\" content=\"638\" \/>\n\t<meta property=\"og:image:type\" content=\"image\/jpeg\" \/>\n<meta name=\"author\" content=\"Campus Mexicali\" \/>\n<meta name=\"twitter:card\" content=\"summary_large_image\" \/>\n<meta name=\"twitter:creator\" content=\"@cetysuni\" \/>\n<meta name=\"twitter:site\" content=\"@cetysuni\" \/>\n<meta name=\"twitter:label1\" content=\"Escrito por\" \/>\n\t<meta name=\"twitter:data1\" content=\"Campus Mexicali\" \/>\n\t<meta name=\"twitter:label2\" content=\"Tiempo de lectura\" \/>\n\t<meta name=\"twitter:data2\" content=\"2 minutos\" \/>\n<script type=\"application\/ld+json\" class=\"yoast-schema-graph\">{\"@context\":\"https:\\\/\\\/schema.org\",\"@graph\":[{\"@type\":\"Article\",\"@id\":\"https:\\\/\\\/www.cetys.mx\\\/noticias\\\/llevan-a-cabo-ceremonias-de-reconocimiento-a-alumnos-distinguidos-en-cetys-universidad-campus-mexicali\\\/#article\",\"isPartOf\":{\"@id\":\"https:\\\/\\\/www.cetys.mx\\\/noticias\\\/llevan-a-cabo-ceremonias-de-reconocimiento-a-alumnos-distinguidos-en-cetys-universidad-campus-mexicali\\\/\"},\"author\":{\"name\":\"Campus Mexicali\",\"@id\":\"https:\\\/\\\/www.cetys.mx\\\/noticias\\\/#\\\/schema\\\/person\\\/79a95c4ac185f3705cf1b9c9340a5f70\"},\"headline\":\"Llevan a cabo ceremonias de reconocimiento a Alumnos Distinguidos en CETYS Universidad Campus Mexicali\",\"datePublished\":\"2024-09-23T16:54:04+00:00\",\"dateModified\":\"2024-09-25T18:52:07+00:00\",\"mainEntityOfPage\":{\"@id\":\"https:\\\/\\\/www.cetys.mx\\\/noticias\\\/llevan-a-cabo-ceremonias-de-reconocimiento-a-alumnos-distinguidos-en-cetys-universidad-campus-mexicali\\\/\"},\"wordCount\":468,\"commentCount\":0,\"image\":{\"@id\":\"https:\\\/\\\/www.cetys.mx\\\/noticias\\\/llevan-a-cabo-ceremonias-de-reconocimiento-a-alumnos-distinguidos-en-cetys-universidad-campus-mexicali\\\/#primaryimage\"},\"thumbnailUrl\":\"https:\\\/\\\/www.cetys.mx\\\/noticias\\\/wp-content\\\/uploads\\\/2024\\\/09\\\/DSC_0866.jpg\",\"keywords\":[\"alumnos destacados\",\"Campus Mexicali\",\"Ceremonia\",\"vocetys-2024-09-25\"],\"articleSection\":[\"Campus Mexicali\",\"VoCETYS\"],\"inLanguage\":\"es\",\"potentialAction\":[{\"@type\":\"CommentAction\",\"name\":\"Comment\",\"target\":[\"https:\\\/\\\/www.cetys.mx\\\/noticias\\\/llevan-a-cabo-ceremonias-de-reconocimiento-a-alumnos-distinguidos-en-cetys-universidad-campus-mexicali\\\/#respond\"]}]},{\"@type\":\"WebPage\",\"@id\":\"https:\\\/\\\/www.cetys.mx\\\/noticias\\\/llevan-a-cabo-ceremonias-de-reconocimiento-a-alumnos-distinguidos-en-cetys-universidad-campus-mexicali\\\/\",\"url\":\"https:\\\/\\\/www.cetys.mx\\\/noticias\\\/llevan-a-cabo-ceremonias-de-reconocimiento-a-alumnos-distinguidos-en-cetys-universidad-campus-mexicali\\\/\",\"name\":\"Llevan a cabo ceremonias de reconocimiento a Alumnos Distinguidos en CETYS Universidad Campus Mexicali - CETYS\",\"isPartOf\":{\"@id\":\"https:\\\/\\\/www.cetys.mx\\\/noticias\\\/#website\"},\"primaryImageOfPage\":{\"@id\":\"https:\\\/\\\/www.cetys.mx\\\/noticias\\\/llevan-a-cabo-ceremonias-de-reconocimiento-a-alumnos-distinguidos-en-cetys-universidad-campus-mexicali\\\/#primaryimage\"},\"image\":{\"@id\":\"https:\\\/\\\/www.cetys.mx\\\/noticias\\\/llevan-a-cabo-ceremonias-de-reconocimiento-a-alumnos-distinguidos-en-cetys-universidad-campus-mexicali\\\/#primaryimage\"},\"thumbnailUrl\":\"https:\\\/\\\/www.cetys.mx\\\/noticias\\\/wp-content\\\/uploads\\\/2024\\\/09\\\/DSC_0866.jpg\",\"datePublished\":\"2024-09-23T16:54:04+00:00\",\"dateModified\":\"2024-09-25T18:52:07+00:00\",\"author\":{\"@id\":\"https:\\\/\\\/www.cetys.mx\\\/noticias\\\/#\\\/schema\\\/person\\\/79a95c4ac185f3705cf1b9c9340a5f70\"},\"description\":\"Articulo sobre Llevan a cabo ceremonias de reconocimiento a Alumnos Distinguidos en CETYS Universidad Campus Mexicali\",\"breadcrumb\":{\"@id\":\"https:\\\/\\\/www.cetys.mx\\\/noticias\\\/llevan-a-cabo-ceremonias-de-reconocimiento-a-alumnos-distinguidos-en-cetys-universidad-campus-mexicali\\\/#breadcrumb\"},\"inLanguage\":\"es\",\"potentialAction\":[{\"@type\":\"ReadAction\",\"target\":[\"https:\\\/\\\/www.cetys.mx\\\/noticias\\\/llevan-a-cabo-ceremonias-de-reconocimiento-a-alumnos-distinguidos-en-cetys-universidad-campus-mexicali\\\/\"]}]},{\"@type\":\"ImageObject\",\"inLanguage\":\"es\",\"@id\":\"https:\\\/\\\/www.cetys.mx\\\/noticias\\\/llevan-a-cabo-ceremonias-de-reconocimiento-a-alumnos-distinguidos-en-cetys-universidad-campus-mexicali\\\/#primaryimage\",\"url\":\"https:\\\/\\\/www.cetys.mx\\\/noticias\\\/wp-content\\\/uploads\\\/2024\\\/09\\\/DSC_0866.jpg\",\"contentUrl\":\"https:\\\/\\\/www.cetys.mx\\\/noticias\\\/wp-content\\\/uploads\\\/2024\\\/09\\\/DSC_0866.jpg\",\"width\":958,\"height\":638},{\"@type\":\"BreadcrumbList\",\"@id\":\"https:\\\/\\\/www.cetys.mx\\\/noticias\\\/llevan-a-cabo-ceremonias-de-reconocimiento-a-alumnos-distinguidos-en-cetys-universidad-campus-mexicali\\\/#breadcrumb\",\"itemListElement\":[{\"@type\":\"ListItem\",\"position\":1,\"name\":\"Inicio\",\"item\":\"https:\\\/\\\/www.cetys.mx\\\/noticias\\\/\"},{\"@type\":\"ListItem\",\"position\":2,\"name\":\"Llevan a cabo ceremonias de reconocimiento a Alumnos Distinguidos en CETYS Universidad Campus Mexicali\"}]},{\"@type\":\"WebSite\",\"@id\":\"https:\\\/\\\/www.cetys.mx\\\/noticias\\\/#website\",\"url\":\"https:\\\/\\\/www.cetys.mx\\\/noticias\\\/\",\"name\":\"CETYS\",\"description\":\"\",\"potentialAction\":[{\"@type\":\"SearchAction\",\"target\":{\"@type\":\"EntryPoint\",\"urlTemplate\":\"https:\\\/\\\/www.cetys.mx\\\/noticias\\\/?s={search_term_string}\"},\"query-input\":{\"@type\":\"PropertyValueSpecification\",\"valueRequired\":true,\"valueName\":\"search_term_string\"}}],\"inLanguage\":\"es\"},{\"@type\":\"Person\",\"@id\":\"https:\\\/\\\/www.cetys.mx\\\/noticias\\\/#\\\/schema\\\/person\\\/79a95c4ac185f3705cf1b9c9340a5f70\",\"name\":\"Campus Mexicali\",\"url\":\"https:\\\/\\\/www.cetys.mx\\\/noticias\\\/author\\\/campusmexicali\\\/\"}]}<\/script>\n<!-- \/ Yoast SEO plugin. -->","yoast_head_json":{"title":"Llevan a cabo ceremonias de reconocimiento a Alumnos Distinguidos en CETYS Universidad Campus Mexicali - CETYS","description":"Articulo sobre Llevan a cabo ceremonias de reconocimiento a Alumnos Distinguidos en CETYS Universidad Campus Mexicali","robots":{"index":"index","follow":"follow","max-snippet":"max-snippet:-1","max-image-preview":"max-image-preview:large","max-video-preview":"max-video-preview:-1"},"canonical":"https:\/\/www.cetys.mx\/noticias\/llevan-a-cabo-ceremonias-de-reconocimiento-a-alumnos-distinguidos-en-cetys-universidad-campus-mexicali\/","og_locale":"es_MX","og_type":"article","og_title":"Llevan a cabo ceremonias de reconocimiento a Alumnos Distinguidos en CETYS Universidad Campus Mexicali - CETYS","og_description":"Articulo sobre Llevan a cabo ceremonias de reconocimiento a Alumnos Distinguidos en CETYS Universidad Campus Mexicali","og_url":"https:\/\/www.cetys.mx\/noticias\/llevan-a-cabo-ceremonias-de-reconocimiento-a-alumnos-distinguidos-en-cetys-universidad-campus-mexicali\/","og_site_name":"CETYS","article_publisher":"https:\/\/www.facebook.com\/cetysuniversidadmxl\/","article_published_time":"2024-09-23T16:54:04+00:00","article_modified_time":"2024-09-25T18:52:07+00:00","og_image":[{"width":958,"height":638,"url":"https:\/\/www.cetys.mx\/noticias\/wp-content\/uploads\/2024\/09\/DSC_0866.jpg","type":"image\/jpeg"}],"author":"Campus Mexicali","twitter_card":"summary_large_image","twitter_creator":"@cetysuni","twitter_site":"@cetysuni","twitter_misc":{"Escrito por":"Campus Mexicali","Tiempo de lectura":"2 minutos"},"schema":{"@context":"https:\/\/schema.org","@graph":[{"@type":"Article","@id":"https:\/\/www.cetys.mx\/noticias\/llevan-a-cabo-ceremonias-de-reconocimiento-a-alumnos-distinguidos-en-cetys-universidad-campus-mexicali\/#article","isPartOf":{"@id":"https:\/\/www.cetys.mx\/noticias\/llevan-a-cabo-ceremonias-de-reconocimiento-a-alumnos-distinguidos-en-cetys-universidad-campus-mexicali\/"},"author":{"name":"Campus Mexicali","@id":"https:\/\/www.cetys.mx\/noticias\/#\/schema\/person\/79a95c4ac185f3705cf1b9c9340a5f70"},"headline":"Llevan a cabo ceremonias de reconocimiento a Alumnos Distinguidos en CETYS Universidad Campus Mexicali","datePublished":"2024-09-23T16:54:04+00:00","dateModified":"2024-09-25T18:52:07+00:00","mainEntityOfPage":{"@id":"https:\/\/www.cetys.mx\/noticias\/llevan-a-cabo-ceremonias-de-reconocimiento-a-alumnos-distinguidos-en-cetys-universidad-campus-mexicali\/"},"wordCount":468,"commentCount":0,"image":{"@id":"https:\/\/www.cetys.mx\/noticias\/llevan-a-cabo-ceremonias-de-reconocimiento-a-alumnos-distinguidos-en-cetys-universidad-campus-mexicali\/#primaryimage"},"thumbnailUrl":"https:\/\/www.cetys.mx\/noticias\/wp-content\/uploads\/2024\/09\/DSC_0866.jpg","keywords":["alumnos destacados","Campus Mexicali","Ceremonia","vocetys-2024-09-25"],"articleSection":["Campus Mexicali","VoCETYS"],"inLanguage":"es","potentialAction":[{"@type":"CommentAction","name":"Comment","target":["https:\/\/www.cetys.mx\/noticias\/llevan-a-cabo-ceremonias-de-reconocimiento-a-alumnos-distinguidos-en-cetys-universidad-campus-mexicali\/#respond"]}]},{"@type":"WebPage","@id":"https:\/\/www.cetys.mx\/noticias\/llevan-a-cabo-ceremonias-de-reconocimiento-a-alumnos-distinguidos-en-cetys-universidad-campus-mexicali\/","url":"https:\/\/www.cetys.mx\/noticias\/llevan-a-cabo-ceremonias-de-reconocimiento-a-alumnos-distinguidos-en-cetys-universidad-campus-mexicali\/","name":"Llevan a cabo ceremonias de reconocimiento a Alumnos Distinguidos en CETYS Universidad Campus Mexicali - CETYS","isPartOf":{"@id":"https:\/\/www.cetys.mx\/noticias\/#website"},"primaryImageOfPage":{"@id":"https:\/\/www.cetys.mx\/noticias\/llevan-a-cabo-ceremonias-de-reconocimiento-a-alumnos-distinguidos-en-cetys-universidad-campus-mexicali\/#primaryimage"},"image":{"@id":"https:\/\/www.cetys.mx\/noticias\/llevan-a-cabo-ceremonias-de-reconocimiento-a-alumnos-distinguidos-en-cetys-universidad-campus-mexicali\/#primaryimage"},"thumbnailUrl":"https:\/\/www.cetys.mx\/noticias\/wp-content\/uploads\/2024\/09\/DSC_0866.jpg","datePublished":"2024-09-23T16:54:04+00:00","dateModified":"2024-09-25T18:52:07+00:00","author":{"@id":"https:\/\/www.cetys.mx\/noticias\/#\/schema\/person\/79a95c4ac185f3705cf1b9c9340a5f70"},"description":"Articulo sobre Llevan a cabo ceremonias de reconocimiento a Alumnos Distinguidos en CETYS Universidad Campus Mexicali","breadcrumb":{"@id":"https:\/\/www.cetys.mx\/noticias\/llevan-a-cabo-ceremonias-de-reconocimiento-a-alumnos-distinguidos-en-cetys-universidad-campus-mexicali\/#breadcrumb"},"inLanguage":"es","potentialAction":[{"@type":"ReadAction","target":["https:\/\/www.cetys.mx\/noticias\/llevan-a-cabo-ceremonias-de-reconocimiento-a-alumnos-distinguidos-en-cetys-universidad-campus-mexicali\/"]}]},{"@type":"ImageObject","inLanguage":"es","@id":"https:\/\/www.cetys.mx\/noticias\/llevan-a-cabo-ceremonias-de-reconocimiento-a-alumnos-distinguidos-en-cetys-universidad-campus-mexicali\/#primaryimage","url":"https:\/\/www.cetys.mx\/noticias\/wp-content\/uploads\/2024\/09\/DSC_0866.jpg","contentUrl":"https:\/\/www.cetys.mx\/noticias\/wp-content\/uploads\/2024\/09\/DSC_0866.jpg","width":958,"height":638},{"@type":"BreadcrumbList","@id":"https:\/\/www.cetys.mx\/noticias\/llevan-a-cabo-ceremonias-de-reconocimiento-a-alumnos-distinguidos-en-cetys-universidad-campus-mexicali\/#breadcrumb","itemListElement":[{"@type":"ListItem","position":1,"name":"Inicio","item":"https:\/\/www.cetys.mx\/noticias\/"},{"@type":"ListItem","position":2,"name":"Llevan a cabo ceremonias de reconocimiento a Alumnos Distinguidos en CETYS Universidad Campus Mexicali"}]},{"@type":"WebSite","@id":"https:\/\/www.cetys.mx\/noticias\/#website","url":"https:\/\/www.cetys.mx\/noticias\/","name":"CETYS","description":"","potentialAction":[{"@type":"SearchAction","target":{"@type":"EntryPoint","urlTemplate":"https:\/\/www.cetys.mx\/noticias\/?s={search_term_string}"},"query-input":{"@type":"PropertyValueSpecification","valueRequired":true,"valueName":"search_term_string"}}],"inLanguage":"es"},{"@type":"Person","@id":"https:\/\/www.cetys.mx\/noticias\/#\/schema\/person\/79a95c4ac185f3705cf1b9c9340a5f70","name":"Campus Mexicali","url":"https:\/\/www.cetys.mx\/noticias\/author\/campusmexicali\/"}]}},"_links":{"self":[{"href":"https:\/\/www.cetys.mx\/noticias\/wp-json\/wp\/v2\/posts\/202119","targetHints":{"allow":["GET"]}}],"collection":[{"href":"https:\/\/www.cetys.mx\/noticias\/wp-json\/wp\/v2\/posts"}],"about":[{"href":"https:\/\/www.cetys.mx\/noticias\/wp-json\/wp\/v2\/types\/post"}],"author":[{"embeddable":true,"href":"https:\/\/www.cetys.mx\/noticias\/wp-json\/wp\/v2\/users\/20"}],"replies":[{"embeddable":true,"href":"https:\/\/www.cetys.mx\/noticias\/wp-json\/wp\/v2\/comments?post=202119"}],"version-history":[{"count":1,"href":"https:\/\/www.cetys.mx\/noticias\/wp-json\/wp\/v2\/posts\/202119\/revisions"}],"predecessor-version":[{"id":202123,"href":"https:\/\/www.cetys.mx\/noticias\/wp-json\/wp\/v2\/posts\/202119\/revisions\/202123"}],"wp:featuredmedia":[{"embeddable":true,"href":"https:\/\/www.cetys.mx\/noticias\/wp-json\/wp\/v2\/media\/202120"}],"wp:attachment":[{"href":"https:\/\/www.cetys.mx\/noticias\/wp-json\/wp\/v2\/media?parent=202119"}],"wp:term":[{"taxonomy":"category","embeddable":true,"href":"https:\/\/www.cetys.mx\/noticias\/wp-json\/wp\/v2\/categories?post=202119"},{"taxonomy":"post_tag","embeddable":true,"href":"https:\/\/www.cetys.mx\/noticias\/wp-json\/wp\/v2\/tags?post=202119"}],"curies":[{"name":"wp","href":"https:\/\/api.w.org\/{rel}","templated":true}]}}