{"id":201935,"date":"2024-09-17T08:46:37","date_gmt":"2024-09-17T15:46:37","guid":{"rendered":"https:\/\/www.cetys.mx\/noticias\/?p=201935"},"modified":"2024-09-17T16:52:53","modified_gmt":"2024-09-17T23:52:53","slug":"galeria-asi-celebraron-el-orgullo-de-ser-mexicano-en-cetys-tijuana","status":"publish","type":"post","link":"https:\/\/www.cetys.mx\/noticias\/galeria-asi-celebraron-el-orgullo-de-ser-mexicano-en-cetys-tijuana\/","title":{"rendered":"[Galer\u00eda] As\u00ed celebraron el orgullo de ser mexicano en CETYS Tijuana"},"content":{"rendered":"<p>Con la conmemoraci\u00f3n del D\u00eda de Independencia de M\u00e9xico, en CETYS Universidad Campus Tijuana se vivi\u00f3 un ambiente muy mexicano, con un amplio programa art\u00edstico por parte de Difusi\u00f3n Cultural de sus diversos grupos de baile y canto, y claro, no pod\u00eda faltar un spot para que se vistieran ad hoc, tanto estudiantes como colaboradores. Esto fue: \u00a1Zorros celebrando el orgullo de ser mexicano!<\/p>\n","protected":false},"excerpt":{"rendered":"<p>Con la conmemoraci\u00f3n del D\u00eda de Independencia de M\u00e9xico, en CETYS Universidad Campus Tijuana se vivi\u00f3 un ambiente muy mexicano, con un&#8230;<\/p>\n","protected":false},"author":24,"featured_media":201927,"comment_status":"open","ping_status":"closed","sticky":false,"template":"","format":"gallery","meta":{"footnotes":""},"categories":[134,143,125],"tags":[],"class_list":["post-201935","post","type-post","status-publish","format-gallery","has-post-thumbnail","hentry","category-campus-tijuana","category-galeria","category-portada","post_format-post-format-gallery"],"yoast_head":"<!-- This site is optimized with the Yoast SEO plugin v27.4 - https:\/\/yoast.com\/product\/yoast-seo-wordpress\/ -->\n<title>[Galer\u00eda] As\u00ed celebraron el orgullo de ser mexicano en CETYS Tijuana - CETYS<\/title>\n<meta name=\"description\" content=\"Articulo sobre [Galer\u00eda] As\u00ed celebraron el orgullo de ser mexicano en CETYS Tijuana\" \/>\n<meta name=\"robots\" content=\"index, follow, max-snippet:-1, max-image-preview:large, max-video-preview:-1\" \/>\n<link rel=\"canonical\" href=\"https:\/\/www.cetys.mx\/noticias\/galeria-asi-celebraron-el-orgullo-de-ser-mexicano-en-cetys-tijuana\/\" \/>\n<meta property=\"og:locale\" content=\"es_MX\" \/>\n<meta property=\"og:type\" content=\"article\" \/>\n<meta property=\"og:title\" content=\"[Galer\u00eda] As\u00ed celebraron el orgullo de ser mexicano en CETYS Tijuana - CETYS\" \/>\n<meta property=\"og:description\" content=\"Articulo sobre [Galer\u00eda] As\u00ed celebraron el orgullo de ser mexicano en CETYS Tijuana\" \/>\n<meta property=\"og:url\" content=\"https:\/\/www.cetys.mx\/noticias\/galeria-asi-celebraron-el-orgullo-de-ser-mexicano-en-cetys-tijuana\/\" \/>\n<meta property=\"og:site_name\" content=\"CETYS\" \/>\n<meta property=\"article:publisher\" content=\"https:\/\/www.facebook.com\/cetysuniversidadmxl\/\" \/>\n<meta property=\"article:published_time\" content=\"2024-09-17T15:46:37+00:00\" \/>\n<meta property=\"article:modified_time\" content=\"2024-09-17T23:52:53+00:00\" \/>\n<meta property=\"og:image\" content=\"https:\/\/www.cetys.mx\/noticias\/wp-content\/uploads\/2024\/09\/el-orgullo-de-ser-mexicano-en-CETYS-Tijuana-11.jpg\" \/>\n\t<meta property=\"og:image:width\" content=\"958\" \/>\n\t<meta property=\"og:image:height\" content=\"637\" \/>\n\t<meta property=\"og:image:type\" content=\"image\/jpeg\" \/>\n<meta name=\"author\" content=\"Campus Tijuana\" \/>\n<meta name=\"twitter:card\" content=\"summary_large_image\" \/>\n<meta name=\"twitter:creator\" content=\"@cetysuni\" \/>\n<meta name=\"twitter:site\" content=\"@cetysuni\" \/>\n<meta name=\"twitter:label1\" content=\"Escrito por\" \/>\n\t<meta name=\"twitter:data1\" content=\"Campus Tijuana\" \/>\n<script type=\"application\/ld+json\" class=\"yoast-schema-graph\">{\"@context\":\"https:\\\/\\\/schema.org\",\"@graph\":[{\"@type\":\"Article\",\"@id\":\"https:\\\/\\\/www.cetys.mx\\\/noticias\\\/galeria-asi-celebraron-el-orgullo-de-ser-mexicano-en-cetys-tijuana\\\/#article\",\"isPartOf\":{\"@id\":\"https:\\\/\\\/www.cetys.mx\\\/noticias\\\/galeria-asi-celebraron-el-orgullo-de-ser-mexicano-en-cetys-tijuana\\\/\"},\"author\":{\"name\":\"Campus Tijuana\",\"@id\":\"https:\\\/\\\/www.cetys.mx\\\/noticias\\\/#\\\/schema\\\/person\\\/e790051ce60e18ae47cfa87011c8653f\"},\"headline\":\"[Galer\u00eda] As\u00ed celebraron el orgullo de ser mexicano en CETYS Tijuana\",\"datePublished\":\"2024-09-17T15:46:37+00:00\",\"dateModified\":\"2024-09-17T23:52:53+00:00\",\"mainEntityOfPage\":{\"@id\":\"https:\\\/\\\/www.cetys.mx\\\/noticias\\\/galeria-asi-celebraron-el-orgullo-de-ser-mexicano-en-cetys-tijuana\\\/\"},\"wordCount\":82,\"commentCount\":0,\"image\":{\"@id\":\"https:\\\/\\\/www.cetys.mx\\\/noticias\\\/galeria-asi-celebraron-el-orgullo-de-ser-mexicano-en-cetys-tijuana\\\/#primaryimage\"},\"thumbnailUrl\":\"https:\\\/\\\/www.cetys.mx\\\/noticias\\\/wp-content\\\/uploads\\\/2024\\\/09\\\/el-orgullo-de-ser-mexicano-en-CETYS-Tijuana-11.jpg\",\"articleSection\":[\"Campus Tijuana\",\"Galer\u00eda\",\"Portada\"],\"inLanguage\":\"es\",\"potentialAction\":[{\"@type\":\"CommentAction\",\"name\":\"Comment\",\"target\":[\"https:\\\/\\\/www.cetys.mx\\\/noticias\\\/galeria-asi-celebraron-el-orgullo-de-ser-mexicano-en-cetys-tijuana\\\/#respond\"]}]},{\"@type\":\"WebPage\",\"@id\":\"https:\\\/\\\/www.cetys.mx\\\/noticias\\\/galeria-asi-celebraron-el-orgullo-de-ser-mexicano-en-cetys-tijuana\\\/\",\"url\":\"https:\\\/\\\/www.cetys.mx\\\/noticias\\\/galeria-asi-celebraron-el-orgullo-de-ser-mexicano-en-cetys-tijuana\\\/\",\"name\":\"[Galer\u00eda] As\u00ed celebraron el orgullo de ser mexicano en CETYS Tijuana - CETYS\",\"isPartOf\":{\"@id\":\"https:\\\/\\\/www.cetys.mx\\\/noticias\\\/#website\"},\"primaryImageOfPage\":{\"@id\":\"https:\\\/\\\/www.cetys.mx\\\/noticias\\\/galeria-asi-celebraron-el-orgullo-de-ser-mexicano-en-cetys-tijuana\\\/#primaryimage\"},\"image\":{\"@id\":\"https:\\\/\\\/www.cetys.mx\\\/noticias\\\/galeria-asi-celebraron-el-orgullo-de-ser-mexicano-en-cetys-tijuana\\\/#primaryimage\"},\"thumbnailUrl\":\"https:\\\/\\\/www.cetys.mx\\\/noticias\\\/wp-content\\\/uploads\\\/2024\\\/09\\\/el-orgullo-de-ser-mexicano-en-CETYS-Tijuana-11.jpg\",\"datePublished\":\"2024-09-17T15:46:37+00:00\",\"dateModified\":\"2024-09-17T23:52:53+00:00\",\"author\":{\"@id\":\"https:\\\/\\\/www.cetys.mx\\\/noticias\\\/#\\\/schema\\\/person\\\/e790051ce60e18ae47cfa87011c8653f\"},\"description\":\"Articulo sobre [Galer\u00eda] As\u00ed celebraron el orgullo de ser mexicano en CETYS Tijuana\",\"breadcrumb\":{\"@id\":\"https:\\\/\\\/www.cetys.mx\\\/noticias\\\/galeria-asi-celebraron-el-orgullo-de-ser-mexicano-en-cetys-tijuana\\\/#breadcrumb\"},\"inLanguage\":\"es\",\"potentialAction\":[{\"@type\":\"ReadAction\",\"target\":[\"https:\\\/\\\/www.cetys.mx\\\/noticias\\\/galeria-asi-celebraron-el-orgullo-de-ser-mexicano-en-cetys-tijuana\\\/\"]}]},{\"@type\":\"ImageObject\",\"inLanguage\":\"es\",\"@id\":\"https:\\\/\\\/www.cetys.mx\\\/noticias\\\/galeria-asi-celebraron-el-orgullo-de-ser-mexicano-en-cetys-tijuana\\\/#primaryimage\",\"url\":\"https:\\\/\\\/www.cetys.mx\\\/noticias\\\/wp-content\\\/uploads\\\/2024\\\/09\\\/el-orgullo-de-ser-mexicano-en-CETYS-Tijuana-11.jpg\",\"contentUrl\":\"https:\\\/\\\/www.cetys.mx\\\/noticias\\\/wp-content\\\/uploads\\\/2024\\\/09\\\/el-orgullo-de-ser-mexicano-en-CETYS-Tijuana-11.jpg\",\"width\":958,\"height\":637},{\"@type\":\"BreadcrumbList\",\"@id\":\"https:\\\/\\\/www.cetys.mx\\\/noticias\\\/galeria-asi-celebraron-el-orgullo-de-ser-mexicano-en-cetys-tijuana\\\/#breadcrumb\",\"itemListElement\":[{\"@type\":\"ListItem\",\"position\":1,\"name\":\"Inicio\",\"item\":\"https:\\\/\\\/www.cetys.mx\\\/noticias\\\/\"},{\"@type\":\"ListItem\",\"position\":2,\"name\":\"[Galer\u00eda] As\u00ed celebraron el orgullo de ser mexicano en CETYS Tijuana\"}]},{\"@type\":\"WebSite\",\"@id\":\"https:\\\/\\\/www.cetys.mx\\\/noticias\\\/#website\",\"url\":\"https:\\\/\\\/www.cetys.mx\\\/noticias\\\/\",\"name\":\"CETYS\",\"description\":\"\",\"potentialAction\":[{\"@type\":\"SearchAction\",\"target\":{\"@type\":\"EntryPoint\",\"urlTemplate\":\"https:\\\/\\\/www.cetys.mx\\\/noticias\\\/?s={search_term_string}\"},\"query-input\":{\"@type\":\"PropertyValueSpecification\",\"valueRequired\":true,\"valueName\":\"search_term_string\"}}],\"inLanguage\":\"es\"},{\"@type\":\"Person\",\"@id\":\"https:\\\/\\\/www.cetys.mx\\\/noticias\\\/#\\\/schema\\\/person\\\/e790051ce60e18ae47cfa87011c8653f\",\"name\":\"Campus Tijuana\",\"url\":\"https:\\\/\\\/www.cetys.mx\\\/noticias\\\/author\\\/campustijuana\\\/\"}]}<\/script>\n<!-- \/ Yoast SEO plugin. -->","yoast_head_json":{"title":"[Galer\u00eda] As\u00ed celebraron el orgullo de ser mexicano en CETYS Tijuana - CETYS","description":"Articulo sobre [Galer\u00eda] As\u00ed celebraron el orgullo de ser mexicano en CETYS Tijuana","robots":{"index":"index","follow":"follow","max-snippet":"max-snippet:-1","max-image-preview":"max-image-preview:large","max-video-preview":"max-video-preview:-1"},"canonical":"https:\/\/www.cetys.mx\/noticias\/galeria-asi-celebraron-el-orgullo-de-ser-mexicano-en-cetys-tijuana\/","og_locale":"es_MX","og_type":"article","og_title":"[Galer\u00eda] As\u00ed celebraron el orgullo de ser mexicano en CETYS Tijuana - CETYS","og_description":"Articulo sobre [Galer\u00eda] As\u00ed celebraron el orgullo de ser mexicano en CETYS Tijuana","og_url":"https:\/\/www.cetys.mx\/noticias\/galeria-asi-celebraron-el-orgullo-de-ser-mexicano-en-cetys-tijuana\/","og_site_name":"CETYS","article_publisher":"https:\/\/www.facebook.com\/cetysuniversidadmxl\/","article_published_time":"2024-09-17T15:46:37+00:00","article_modified_time":"2024-09-17T23:52:53+00:00","og_image":[{"width":958,"height":637,"url":"https:\/\/www.cetys.mx\/noticias\/wp-content\/uploads\/2024\/09\/el-orgullo-de-ser-mexicano-en-CETYS-Tijuana-11.jpg","type":"image\/jpeg"}],"author":"Campus Tijuana","twitter_card":"summary_large_image","twitter_creator":"@cetysuni","twitter_site":"@cetysuni","twitter_misc":{"Escrito por":"Campus Tijuana"},"schema":{"@context":"https:\/\/schema.org","@graph":[{"@type":"Article","@id":"https:\/\/www.cetys.mx\/noticias\/galeria-asi-celebraron-el-orgullo-de-ser-mexicano-en-cetys-tijuana\/#article","isPartOf":{"@id":"https:\/\/www.cetys.mx\/noticias\/galeria-asi-celebraron-el-orgullo-de-ser-mexicano-en-cetys-tijuana\/"},"author":{"name":"Campus Tijuana","@id":"https:\/\/www.cetys.mx\/noticias\/#\/schema\/person\/e790051ce60e18ae47cfa87011c8653f"},"headline":"[Galer\u00eda] As\u00ed celebraron el orgullo de ser mexicano en CETYS Tijuana","datePublished":"2024-09-17T15:46:37+00:00","dateModified":"2024-09-17T23:52:53+00:00","mainEntityOfPage":{"@id":"https:\/\/www.cetys.mx\/noticias\/galeria-asi-celebraron-el-orgullo-de-ser-mexicano-en-cetys-tijuana\/"},"wordCount":82,"commentCount":0,"image":{"@id":"https:\/\/www.cetys.mx\/noticias\/galeria-asi-celebraron-el-orgullo-de-ser-mexicano-en-cetys-tijuana\/#primaryimage"},"thumbnailUrl":"https:\/\/www.cetys.mx\/noticias\/wp-content\/uploads\/2024\/09\/el-orgullo-de-ser-mexicano-en-CETYS-Tijuana-11.jpg","articleSection":["Campus Tijuana","Galer\u00eda","Portada"],"inLanguage":"es","potentialAction":[{"@type":"CommentAction","name":"Comment","target":["https:\/\/www.cetys.mx\/noticias\/galeria-asi-celebraron-el-orgullo-de-ser-mexicano-en-cetys-tijuana\/#respond"]}]},{"@type":"WebPage","@id":"https:\/\/www.cetys.mx\/noticias\/galeria-asi-celebraron-el-orgullo-de-ser-mexicano-en-cetys-tijuana\/","url":"https:\/\/www.cetys.mx\/noticias\/galeria-asi-celebraron-el-orgullo-de-ser-mexicano-en-cetys-tijuana\/","name":"[Galer\u00eda] As\u00ed celebraron el orgullo de ser mexicano en CETYS Tijuana - CETYS","isPartOf":{"@id":"https:\/\/www.cetys.mx\/noticias\/#website"},"primaryImageOfPage":{"@id":"https:\/\/www.cetys.mx\/noticias\/galeria-asi-celebraron-el-orgullo-de-ser-mexicano-en-cetys-tijuana\/#primaryimage"},"image":{"@id":"https:\/\/www.cetys.mx\/noticias\/galeria-asi-celebraron-el-orgullo-de-ser-mexicano-en-cetys-tijuana\/#primaryimage"},"thumbnailUrl":"https:\/\/www.cetys.mx\/noticias\/wp-content\/uploads\/2024\/09\/el-orgullo-de-ser-mexicano-en-CETYS-Tijuana-11.jpg","datePublished":"2024-09-17T15:46:37+00:00","dateModified":"2024-09-17T23:52:53+00:00","author":{"@id":"https:\/\/www.cetys.mx\/noticias\/#\/schema\/person\/e790051ce60e18ae47cfa87011c8653f"},"description":"Articulo sobre [Galer\u00eda] As\u00ed celebraron el orgullo de ser mexicano en CETYS Tijuana","breadcrumb":{"@id":"https:\/\/www.cetys.mx\/noticias\/galeria-asi-celebraron-el-orgullo-de-ser-mexicano-en-cetys-tijuana\/#breadcrumb"},"inLanguage":"es","potentialAction":[{"@type":"ReadAction","target":["https:\/\/www.cetys.mx\/noticias\/galeria-asi-celebraron-el-orgullo-de-ser-mexicano-en-cetys-tijuana\/"]}]},{"@type":"ImageObject","inLanguage":"es","@id":"https:\/\/www.cetys.mx\/noticias\/galeria-asi-celebraron-el-orgullo-de-ser-mexicano-en-cetys-tijuana\/#primaryimage","url":"https:\/\/www.cetys.mx\/noticias\/wp-content\/uploads\/2024\/09\/el-orgullo-de-ser-mexicano-en-CETYS-Tijuana-11.jpg","contentUrl":"https:\/\/www.cetys.mx\/noticias\/wp-content\/uploads\/2024\/09\/el-orgullo-de-ser-mexicano-en-CETYS-Tijuana-11.jpg","width":958,"height":637},{"@type":"BreadcrumbList","@id":"https:\/\/www.cetys.mx\/noticias\/galeria-asi-celebraron-el-orgullo-de-ser-mexicano-en-cetys-tijuana\/#breadcrumb","itemListElement":[{"@type":"ListItem","position":1,"name":"Inicio","item":"https:\/\/www.cetys.mx\/noticias\/"},{"@type":"ListItem","position":2,"name":"[Galer\u00eda] As\u00ed celebraron el orgullo de ser mexicano en CETYS Tijuana"}]},{"@type":"WebSite","@id":"https:\/\/www.cetys.mx\/noticias\/#website","url":"https:\/\/www.cetys.mx\/noticias\/","name":"CETYS","description":"","potentialAction":[{"@type":"SearchAction","target":{"@type":"EntryPoint","urlTemplate":"https:\/\/www.cetys.mx\/noticias\/?s={search_term_string}"},"query-input":{"@type":"PropertyValueSpecification","valueRequired":true,"valueName":"search_term_string"}}],"inLanguage":"es"},{"@type":"Person","@id":"https:\/\/www.cetys.mx\/noticias\/#\/schema\/person\/e790051ce60e18ae47cfa87011c8653f","name":"Campus Tijuana","url":"https:\/\/www.cetys.mx\/noticias\/author\/campustijuana\/"}]}},"_links":{"self":[{"href":"https:\/\/www.cetys.mx\/noticias\/wp-json\/wp\/v2\/posts\/201935","targetHints":{"allow":["GET"]}}],"collection":[{"href":"https:\/\/www.cetys.mx\/noticias\/wp-json\/wp\/v2\/posts"}],"about":[{"href":"https:\/\/www.cetys.mx\/noticias\/wp-json\/wp\/v2\/types\/post"}],"author":[{"embeddable":true,"href":"https:\/\/www.cetys.mx\/noticias\/wp-json\/wp\/v2\/users\/24"}],"replies":[{"embeddable":true,"href":"https:\/\/www.cetys.mx\/noticias\/wp-json\/wp\/v2\/comments?post=201935"}],"version-history":[{"count":2,"href":"https:\/\/www.cetys.mx\/noticias\/wp-json\/wp\/v2\/posts\/201935\/revisions"}],"predecessor-version":[{"id":201999,"href":"https:\/\/www.cetys.mx\/noticias\/wp-json\/wp\/v2\/posts\/201935\/revisions\/201999"}],"wp:featuredmedia":[{"embeddable":true,"href":"https:\/\/www.cetys.mx\/noticias\/wp-json\/wp\/v2\/media\/201927"}],"wp:attachment":[{"href":"https:\/\/www.cetys.mx\/noticias\/wp-json\/wp\/v2\/media?parent=201935"}],"wp:term":[{"taxonomy":"category","embeddable":true,"href":"https:\/\/www.cetys.mx\/noticias\/wp-json\/wp\/v2\/categories?post=201935"},{"taxonomy":"post_tag","embeddable":true,"href":"https:\/\/www.cetys.mx\/noticias\/wp-json\/wp\/v2\/tags?post=201935"}],"curies":[{"name":"wp","href":"https:\/\/api.w.org\/{rel}","templated":true}]}}