{"id":201624,"date":"2024-09-06T14:58:24","date_gmt":"2024-09-06T21:58:24","guid":{"rendered":"https:\/\/www.cetys.mx\/noticias\/?p=201624"},"modified":"2024-09-06T15:05:38","modified_gmt":"2024-09-06T22:05:38","slug":"por-desempeno-academico-liderazgo-estudiantil-deportivo-y-cultural-reconocen-a-alumnos-distinguidos-de-cetys-tijuana","status":"publish","type":"post","link":"https:\/\/www.cetys.mx\/noticias\/por-desempeno-academico-liderazgo-estudiantil-deportivo-y-cultural-reconocen-a-alumnos-distinguidos-de-cetys-tijuana\/","title":{"rendered":"Por desempe\u00f1o acad\u00e9mico, liderazgo estudiantil, deportivo y cultural reconocen a Alumnos Distinguidos de CETYS Tijuana"},"content":{"rendered":"<p><b> <\/b><span style=\"font-weight: 400;\">Un total de <strong>179 alumnos de Preparatoria y Profesional<\/strong> en <strong>CETYS Campus Tijuana<\/strong> fueron reconocidos como <strong>Alumnos Distinguidos<\/strong>, ya que durante el semestre de enero a junio de 2024 sobresalieron en su desempe\u00f1o acad\u00e9mico, liderazgo estudiantil y cultural.<\/span><\/p>\n<p><span style=\"font-weight: 400;\">En una ceremonia especial frente a padres de familia, amigos y compa\u00f1eros, recibieron el reconocimiento como prueba de su esfuerzo y dedicaci\u00f3n a sus proyectos, competencias, presentaciones y compromiso para forjar un camino de excelencia, el cual apunta a culminar en retos cumplidos y objetivos profesionales y personales alcanzados.<\/span><\/p>\n<blockquote><p><span style=\"font-weight: 400;\">\u201cDeben sentirse orgullosos porque representan el 7% de la poblaci\u00f3n total de preparatoria y universidad a los que llamamos alumnos distinguidos. Es un gran m\u00e9rito lograr ese 10, ese 9.9, de pasar y cumplir con nuestros programas de liderazgo, innovaci\u00f3n, emprendimiento, culturales o deportivos, porque esa es la parte integral que tambi\u00e9n nos importa. Recuerden que tienen la tarea de inspirar a otros y que cuiden su salud mental\u201d, extern\u00f3 la <strong>Mtra. Jessica Ibarra Ramonet<\/strong>, Vicerrectora de Desarrollo y Experiencia Estudiantil del Sistema CETYS, quien presidi\u00f3 el evento.<\/span><\/p><\/blockquote>\n<p><span style=\"font-weight: 400;\">En ese sentido, la <strong>Mtra. Yanina Rubio Boj\u00f3rquez<\/strong>, <em>Directora de CETYS Universidad Campus Tijuana<\/em>, record\u00f3 que el reconocimiento que reciben es el reflejo del esfuerzo individual, pero que cuenta con el respaldo y apoyo de sus familiares, as\u00ed como con el firme compromiso de sus docentes. \u201cSus acciones est\u00e1n marcando una diferencia significativa en el desarrollo econ\u00f3mico, social y cultural del pa\u00eds. Si\u00e9ntanse orgullosos de sus logros y sigan buscando nuevos desaf\u00edos que los impulsen a superar sus propias metas\u201d, dijo.<\/span><\/p>\n<div class=\"gallery-slider-wrapper gallery-1\">\n                        <div class=\"gallery-slider\" itemscope itemtype=\"http:\/\/schema.org\/ImageGallery\"><figure class=\"slide\" itemprop=\"associatedMedia\" itemscope itemtype=\"http:\/\/schema.org\/ImageObject\">\n                    <a itemprop=\"contentUrl\" href=\"https:\/\/www.cetys.mx\/noticias\/wp-content\/uploads\/2024\/09\/ceremonia-alumnos-distinguidos-cetys-campus-tijuana-07-1.jpg\">\n                        <img decoding=\"async\" itemprop=\"thumbnail\" class=\"lazyOwl\" src=\"https:\/\/www.cetys.mx\/noticias\/wp-content\/plugins\/jmagz-plugin\/assets\/placeholder\/900x450.png\" data-src=\"https:\/\/www.cetys.mx\/noticias\/wp-content\/uploads\/2024\/09\/ceremonia-alumnos-distinguidos-cetys-campus-tijuana-07-1.jpg\" alt=\"ceremonia-alumnos-distinguidos-cetys-campus-tijuana-07\">\n                    <\/a>\n                    <figcaption itemprop=\"caption description\" class=\"slide-caption\">\n                        \n                    <\/figcaption>\n                <\/figure><figure class=\"slide\" itemprop=\"associatedMedia\" itemscope itemtype=\"http:\/\/schema.org\/ImageObject\">\n                    <a itemprop=\"contentUrl\" href=\"https:\/\/www.cetys.mx\/noticias\/wp-content\/uploads\/2024\/09\/ceremonia-alumnos-distinguidos-cetys-campus-tijuana-08.jpg\">\n                        <img decoding=\"async\" itemprop=\"thumbnail\" class=\"lazyOwl\" src=\"https:\/\/www.cetys.mx\/noticias\/wp-content\/plugins\/jmagz-plugin\/assets\/placeholder\/900x450.png\" data-src=\"https:\/\/www.cetys.mx\/noticias\/wp-content\/uploads\/2024\/09\/ceremonia-alumnos-distinguidos-cetys-campus-tijuana-08.jpg\" alt=\"ceremonia-alumnos-distinguidos-cetys-campus-tijuana-08\">\n                    <\/a>\n                    <figcaption itemprop=\"caption description\" class=\"slide-caption\">\n                        \n                    <\/figcaption>\n                <\/figure><figure class=\"slide\" itemprop=\"associatedMedia\" itemscope itemtype=\"http:\/\/schema.org\/ImageObject\">\n                    <a itemprop=\"contentUrl\" href=\"https:\/\/www.cetys.mx\/noticias\/wp-content\/uploads\/2024\/09\/ceremonia-alumnos-distinguidos-cetys-campus-tijuana-09.jpg\">\n                        <img decoding=\"async\" itemprop=\"thumbnail\" class=\"lazyOwl\" src=\"https:\/\/www.cetys.mx\/noticias\/wp-content\/plugins\/jmagz-plugin\/assets\/placeholder\/900x450.png\" data-src=\"https:\/\/www.cetys.mx\/noticias\/wp-content\/uploads\/2024\/09\/ceremonia-alumnos-distinguidos-cetys-campus-tijuana-09.jpg\" alt=\"ceremonia-alumnos-distinguidos-cetys-campus-tijuana-09\">\n                    <\/a>\n                    <figcaption itemprop=\"caption description\" class=\"slide-caption\">\n                        \n                    <\/figcaption>\n                <\/figure><figure class=\"slide\" itemprop=\"associatedMedia\" itemscope itemtype=\"http:\/\/schema.org\/ImageObject\">\n                    <a itemprop=\"contentUrl\" href=\"https:\/\/www.cetys.mx\/noticias\/wp-content\/uploads\/2024\/09\/ceremonia-alumnos-distinguidos-cetys-campus-tijuana-10.jpg\">\n                        <img decoding=\"async\" itemprop=\"thumbnail\" class=\"lazyOwl\" src=\"https:\/\/www.cetys.mx\/noticias\/wp-content\/plugins\/jmagz-plugin\/assets\/placeholder\/900x450.png\" data-src=\"https:\/\/www.cetys.mx\/noticias\/wp-content\/uploads\/2024\/09\/ceremonia-alumnos-distinguidos-cetys-campus-tijuana-10.jpg\" alt=\"ceremonia-alumnos-distinguidos-cetys-campus-tijuana-10\">\n                    <\/a>\n                    <figcaption itemprop=\"caption description\" class=\"slide-caption\">\n                        \n                    <\/figcaption>\n                <\/figure><figure class=\"slide\" itemprop=\"associatedMedia\" itemscope itemtype=\"http:\/\/schema.org\/ImageObject\">\n                    <a itemprop=\"contentUrl\" href=\"https:\/\/www.cetys.mx\/noticias\/wp-content\/uploads\/2024\/09\/ceremonia-alumnos-distinguidos-cetys-campus-tijuana-11.jpg\">\n                        <img decoding=\"async\" itemprop=\"thumbnail\" class=\"lazyOwl\" src=\"https:\/\/www.cetys.mx\/noticias\/wp-content\/plugins\/jmagz-plugin\/assets\/placeholder\/900x450.png\" data-src=\"https:\/\/www.cetys.mx\/noticias\/wp-content\/uploads\/2024\/09\/ceremonia-alumnos-distinguidos-cetys-campus-tijuana-11.jpg\" alt=\"ceremonia-alumnos-distinguidos-cetys-campus-tijuana-11\">\n                    <\/a>\n                    <figcaption itemprop=\"caption description\" class=\"slide-caption\">\n                        \n                    <\/figcaption>\n                <\/figure><figure class=\"slide\" itemprop=\"associatedMedia\" itemscope itemtype=\"http:\/\/schema.org\/ImageObject\">\n                    <a itemprop=\"contentUrl\" href=\"https:\/\/www.cetys.mx\/noticias\/wp-content\/uploads\/2024\/09\/ceremonia-alumnos-distinguidos-cetys-campus-tijuana-12.jpg\">\n                        <img decoding=\"async\" itemprop=\"thumbnail\" class=\"lazyOwl\" src=\"https:\/\/www.cetys.mx\/noticias\/wp-content\/plugins\/jmagz-plugin\/assets\/placeholder\/900x450.png\" data-src=\"https:\/\/www.cetys.mx\/noticias\/wp-content\/uploads\/2024\/09\/ceremonia-alumnos-distinguidos-cetys-campus-tijuana-12.jpg\" alt=\"ceremonia-alumnos-distinguidos-cetys-campus-tijuana-12\">\n                    <\/a>\n                    <figcaption itemprop=\"caption description\" class=\"slide-caption\">\n                        \n                    <\/figcaption>\n                <\/figure><figure class=\"slide\" itemprop=\"associatedMedia\" itemscope itemtype=\"http:\/\/schema.org\/ImageObject\">\n                    <a itemprop=\"contentUrl\" href=\"https:\/\/www.cetys.mx\/noticias\/wp-content\/uploads\/2024\/09\/ceremonia-alumnos-distinguidos-cetys-campus-tijuana-13.jpg\">\n                        <img decoding=\"async\" itemprop=\"thumbnail\" class=\"lazyOwl\" src=\"https:\/\/www.cetys.mx\/noticias\/wp-content\/plugins\/jmagz-plugin\/assets\/placeholder\/900x450.png\" data-src=\"https:\/\/www.cetys.mx\/noticias\/wp-content\/uploads\/2024\/09\/ceremonia-alumnos-distinguidos-cetys-campus-tijuana-13.jpg\" alt=\"ceremonia-alumnos-distinguidos-cetys-campus-tijuana-13\">\n                    <\/a>\n                    <figcaption itemprop=\"caption description\" class=\"slide-caption\">\n                        \n                    <\/figcaption>\n                <\/figure><figure class=\"slide\" itemprop=\"associatedMedia\" itemscope itemtype=\"http:\/\/schema.org\/ImageObject\">\n                    <a itemprop=\"contentUrl\" href=\"https:\/\/www.cetys.mx\/noticias\/wp-content\/uploads\/2024\/09\/ceremonia-alumnos-distinguidos-cetys-campus-tijuana-06.jpg\">\n                        <img decoding=\"async\" itemprop=\"thumbnail\" class=\"lazyOwl\" src=\"https:\/\/www.cetys.mx\/noticias\/wp-content\/plugins\/jmagz-plugin\/assets\/placeholder\/900x450.png\" data-src=\"https:\/\/www.cetys.mx\/noticias\/wp-content\/uploads\/2024\/09\/ceremonia-alumnos-distinguidos-cetys-campus-tijuana-06.jpg\" alt=\"ceremonia-alumnos-distinguidos-cetys-campus-tijuana-06\">\n                    <\/a>\n                    <figcaption itemprop=\"caption description\" class=\"slide-caption\">\n                        \n                    <\/figcaption>\n                <\/figure><figure class=\"slide\" itemprop=\"associatedMedia\" itemscope itemtype=\"http:\/\/schema.org\/ImageObject\">\n                    <a itemprop=\"contentUrl\" href=\"https:\/\/www.cetys.mx\/noticias\/wp-content\/uploads\/2024\/09\/ceremonia-alumnos-distinguidos-cetys-campus-tijuana-05.jpg\">\n                        <img decoding=\"async\" itemprop=\"thumbnail\" class=\"lazyOwl\" src=\"https:\/\/www.cetys.mx\/noticias\/wp-content\/plugins\/jmagz-plugin\/assets\/placeholder\/900x450.png\" data-src=\"https:\/\/www.cetys.mx\/noticias\/wp-content\/uploads\/2024\/09\/ceremonia-alumnos-distinguidos-cetys-campus-tijuana-05.jpg\" alt=\"ceremonia-alumnos-distinguidos-cetys-campus-tijuana-05\">\n                    <\/a>\n                    <figcaption itemprop=\"caption description\" class=\"slide-caption\">\n                        \n                    <\/figcaption>\n                <\/figure><figure class=\"slide\" itemprop=\"associatedMedia\" itemscope itemtype=\"http:\/\/schema.org\/ImageObject\">\n                    <a itemprop=\"contentUrl\" href=\"https:\/\/www.cetys.mx\/noticias\/wp-content\/uploads\/2024\/09\/ceremonia-alumnos-distinguidos-cetys-campus-tijuana-04.jpg\">\n                        <img decoding=\"async\" itemprop=\"thumbnail\" class=\"lazyOwl\" src=\"https:\/\/www.cetys.mx\/noticias\/wp-content\/plugins\/jmagz-plugin\/assets\/placeholder\/900x450.png\" data-src=\"https:\/\/www.cetys.mx\/noticias\/wp-content\/uploads\/2024\/09\/ceremonia-alumnos-distinguidos-cetys-campus-tijuana-04.jpg\" alt=\"ceremonia-alumnos-distinguidos-cetys-campus-tijuana-04\">\n                    <\/a>\n                    <figcaption itemprop=\"caption description\" class=\"slide-caption\">\n                        \n                    <\/figcaption>\n                <\/figure><figure class=\"slide\" itemprop=\"associatedMedia\" itemscope itemtype=\"http:\/\/schema.org\/ImageObject\">\n                    <a itemprop=\"contentUrl\" href=\"https:\/\/www.cetys.mx\/noticias\/wp-content\/uploads\/2024\/09\/ceremonia-alumnos-distinguidos-cetys-campus-tijuana-03.jpg\">\n                        <img decoding=\"async\" itemprop=\"thumbnail\" class=\"lazyOwl\" src=\"https:\/\/www.cetys.mx\/noticias\/wp-content\/plugins\/jmagz-plugin\/assets\/placeholder\/900x450.png\" data-src=\"https:\/\/www.cetys.mx\/noticias\/wp-content\/uploads\/2024\/09\/ceremonia-alumnos-distinguidos-cetys-campus-tijuana-03.jpg\" alt=\"ceremonia-alumnos-distinguidos-cetys-campus-tijuana-03\">\n                    <\/a>\n                    <figcaption itemprop=\"caption description\" class=\"slide-caption\">\n                        \n                    <\/figcaption>\n                <\/figure><figure class=\"slide\" itemprop=\"associatedMedia\" itemscope itemtype=\"http:\/\/schema.org\/ImageObject\">\n                    <a itemprop=\"contentUrl\" href=\"https:\/\/www.cetys.mx\/noticias\/wp-content\/uploads\/2024\/09\/ceremonia-alumnos-distinguidos-cetys-campus-tijuana-02.jpg\">\n                        <img decoding=\"async\" itemprop=\"thumbnail\" class=\"lazyOwl\" src=\"https:\/\/www.cetys.mx\/noticias\/wp-content\/plugins\/jmagz-plugin\/assets\/placeholder\/900x450.png\" data-src=\"https:\/\/www.cetys.mx\/noticias\/wp-content\/uploads\/2024\/09\/ceremonia-alumnos-distinguidos-cetys-campus-tijuana-02.jpg\" alt=\"ceremonia-alumnos-distinguidos-cetys-campus-tijuana-02\">\n                    <\/a>\n                    <figcaption itemprop=\"caption description\" class=\"slide-caption\">\n                        \n                    <\/figcaption>\n                <\/figure><figure class=\"slide\" itemprop=\"associatedMedia\" itemscope itemtype=\"http:\/\/schema.org\/ImageObject\">\n                    <a itemprop=\"contentUrl\" href=\"https:\/\/www.cetys.mx\/noticias\/wp-content\/uploads\/2024\/09\/ceremonia-alumnos-distinguidos-cetys-campus-tijuana.jpg\">\n                        <img decoding=\"async\" itemprop=\"thumbnail\" class=\"lazyOwl\" src=\"https:\/\/www.cetys.mx\/noticias\/wp-content\/plugins\/jmagz-plugin\/assets\/placeholder\/900x450.png\" data-src=\"https:\/\/www.cetys.mx\/noticias\/wp-content\/uploads\/2024\/09\/ceremonia-alumnos-distinguidos-cetys-campus-tijuana.jpg\" alt=\"ceremonia-alumnos-distinguidos-cetys-campus-tijuana\">\n                    <\/a>\n                    <figcaption itemprop=\"caption description\" class=\"slide-caption\">\n                        \n                    <\/figcaption>\n                <\/figure><figure class=\"slide\" itemprop=\"associatedMedia\" itemscope itemtype=\"http:\/\/schema.org\/ImageObject\">\n                    <a itemprop=\"contentUrl\" href=\"https:\/\/www.cetys.mx\/noticias\/wp-content\/uploads\/2024\/09\/alumnos-distinguidos-2024.jpg\">\n                        <img decoding=\"async\" itemprop=\"thumbnail\" class=\"lazyOwl\" src=\"https:\/\/www.cetys.mx\/noticias\/wp-content\/plugins\/jmagz-plugin\/assets\/placeholder\/900x450.png\" data-src=\"https:\/\/www.cetys.mx\/noticias\/wp-content\/uploads\/2024\/09\/alumnos-distinguidos-2024.jpg\" alt=\"alumnos-distinguidos-2024\">\n                    <\/a>\n                    <figcaption itemprop=\"caption description\" class=\"slide-caption\">\n                        \n                    <\/figcaption>\n                <\/figure><\/div>\n                <div class=\"gallery-slider-thumbnail-wrapper\">\n                    <div class=\"gallery-slider-thumbnail\"><div class=\"slide-thumbnail\"><img decoding=\"async\" class=\"lazyOwl\" src=\"https:\/\/www.cetys.mx\/noticias\/wp-content\/plugins\/jmagz-plugin\/assets\/placeholder\/150x75.png\" data-src=\"https:\/\/www.cetys.mx\/noticias\/wp-content\/uploads\/2024\/09\/ceremonia-alumnos-distinguidos-cetys-campus-tijuana-07-1.jpg\" alt=\"ceremonia-alumnos-distinguidos-cetys-campus-tijuana-07\"><\/div><div class=\"slide-thumbnail\"><img decoding=\"async\" class=\"lazyOwl\" src=\"https:\/\/www.cetys.mx\/noticias\/wp-content\/plugins\/jmagz-plugin\/assets\/placeholder\/150x75.png\" data-src=\"https:\/\/www.cetys.mx\/noticias\/wp-content\/uploads\/2024\/09\/ceremonia-alumnos-distinguidos-cetys-campus-tijuana-08.jpg\" alt=\"ceremonia-alumnos-distinguidos-cetys-campus-tijuana-08\"><\/div><div class=\"slide-thumbnail\"><img decoding=\"async\" class=\"lazyOwl\" src=\"https:\/\/www.cetys.mx\/noticias\/wp-content\/plugins\/jmagz-plugin\/assets\/placeholder\/150x75.png\" data-src=\"https:\/\/www.cetys.mx\/noticias\/wp-content\/uploads\/2024\/09\/ceremonia-alumnos-distinguidos-cetys-campus-tijuana-09.jpg\" alt=\"ceremonia-alumnos-distinguidos-cetys-campus-tijuana-09\"><\/div><div class=\"slide-thumbnail\"><img decoding=\"async\" class=\"lazyOwl\" src=\"https:\/\/www.cetys.mx\/noticias\/wp-content\/plugins\/jmagz-plugin\/assets\/placeholder\/150x75.png\" data-src=\"https:\/\/www.cetys.mx\/noticias\/wp-content\/uploads\/2024\/09\/ceremonia-alumnos-distinguidos-cetys-campus-tijuana-10.jpg\" alt=\"ceremonia-alumnos-distinguidos-cetys-campus-tijuana-10\"><\/div><div class=\"slide-thumbnail\"><img decoding=\"async\" class=\"lazyOwl\" src=\"https:\/\/www.cetys.mx\/noticias\/wp-content\/plugins\/jmagz-plugin\/assets\/placeholder\/150x75.png\" data-src=\"https:\/\/www.cetys.mx\/noticias\/wp-content\/uploads\/2024\/09\/ceremonia-alumnos-distinguidos-cetys-campus-tijuana-11.jpg\" alt=\"ceremonia-alumnos-distinguidos-cetys-campus-tijuana-11\"><\/div><div class=\"slide-thumbnail\"><img decoding=\"async\" class=\"lazyOwl\" src=\"https:\/\/www.cetys.mx\/noticias\/wp-content\/plugins\/jmagz-plugin\/assets\/placeholder\/150x75.png\" data-src=\"https:\/\/www.cetys.mx\/noticias\/wp-content\/uploads\/2024\/09\/ceremonia-alumnos-distinguidos-cetys-campus-tijuana-12.jpg\" alt=\"ceremonia-alumnos-distinguidos-cetys-campus-tijuana-12\"><\/div><div class=\"slide-thumbnail\"><img decoding=\"async\" class=\"lazyOwl\" src=\"https:\/\/www.cetys.mx\/noticias\/wp-content\/plugins\/jmagz-plugin\/assets\/placeholder\/150x75.png\" data-src=\"https:\/\/www.cetys.mx\/noticias\/wp-content\/uploads\/2024\/09\/ceremonia-alumnos-distinguidos-cetys-campus-tijuana-13.jpg\" alt=\"ceremonia-alumnos-distinguidos-cetys-campus-tijuana-13\"><\/div><div class=\"slide-thumbnail\"><img decoding=\"async\" class=\"lazyOwl\" src=\"https:\/\/www.cetys.mx\/noticias\/wp-content\/plugins\/jmagz-plugin\/assets\/placeholder\/150x75.png\" data-src=\"https:\/\/www.cetys.mx\/noticias\/wp-content\/uploads\/2024\/09\/ceremonia-alumnos-distinguidos-cetys-campus-tijuana-06.jpg\" alt=\"ceremonia-alumnos-distinguidos-cetys-campus-tijuana-06\"><\/div><div class=\"slide-thumbnail\"><img decoding=\"async\" class=\"lazyOwl\" src=\"https:\/\/www.cetys.mx\/noticias\/wp-content\/plugins\/jmagz-plugin\/assets\/placeholder\/150x75.png\" data-src=\"https:\/\/www.cetys.mx\/noticias\/wp-content\/uploads\/2024\/09\/ceremonia-alumnos-distinguidos-cetys-campus-tijuana-05.jpg\" alt=\"ceremonia-alumnos-distinguidos-cetys-campus-tijuana-05\"><\/div><div class=\"slide-thumbnail\"><img decoding=\"async\" class=\"lazyOwl\" src=\"https:\/\/www.cetys.mx\/noticias\/wp-content\/plugins\/jmagz-plugin\/assets\/placeholder\/150x75.png\" data-src=\"https:\/\/www.cetys.mx\/noticias\/wp-content\/uploads\/2024\/09\/ceremonia-alumnos-distinguidos-cetys-campus-tijuana-04.jpg\" alt=\"ceremonia-alumnos-distinguidos-cetys-campus-tijuana-04\"><\/div><div class=\"slide-thumbnail\"><img decoding=\"async\" class=\"lazyOwl\" src=\"https:\/\/www.cetys.mx\/noticias\/wp-content\/plugins\/jmagz-plugin\/assets\/placeholder\/150x75.png\" data-src=\"https:\/\/www.cetys.mx\/noticias\/wp-content\/uploads\/2024\/09\/ceremonia-alumnos-distinguidos-cetys-campus-tijuana-03.jpg\" alt=\"ceremonia-alumnos-distinguidos-cetys-campus-tijuana-03\"><\/div><div class=\"slide-thumbnail\"><img decoding=\"async\" class=\"lazyOwl\" src=\"https:\/\/www.cetys.mx\/noticias\/wp-content\/plugins\/jmagz-plugin\/assets\/placeholder\/150x75.png\" data-src=\"https:\/\/www.cetys.mx\/noticias\/wp-content\/uploads\/2024\/09\/ceremonia-alumnos-distinguidos-cetys-campus-tijuana-02.jpg\" alt=\"ceremonia-alumnos-distinguidos-cetys-campus-tijuana-02\"><\/div><div class=\"slide-thumbnail\"><img decoding=\"async\" class=\"lazyOwl\" src=\"https:\/\/www.cetys.mx\/noticias\/wp-content\/plugins\/jmagz-plugin\/assets\/placeholder\/150x75.png\" data-src=\"https:\/\/www.cetys.mx\/noticias\/wp-content\/uploads\/2024\/09\/ceremonia-alumnos-distinguidos-cetys-campus-tijuana.jpg\" alt=\"ceremonia-alumnos-distinguidos-cetys-campus-tijuana\"><\/div><div class=\"slide-thumbnail\"><img decoding=\"async\" class=\"lazyOwl\" src=\"https:\/\/www.cetys.mx\/noticias\/wp-content\/plugins\/jmagz-plugin\/assets\/placeholder\/150x75.png\" data-src=\"https:\/\/www.cetys.mx\/noticias\/wp-content\/uploads\/2024\/09\/alumnos-distinguidos-2024.jpg\" alt=\"alumnos-distinguidos-2024\"><\/div><\/div><\/div><\/div>\n<p><span style=\"font-weight: 400;\">La <em>alumna de la Escuela de Psicolog\u00eda<\/em> <strong>Kenia Guadalupe Rojo Castro<\/strong> se dirigi\u00f3 a los presentes en representaci\u00f3n de los alumnos distinguidos:<\/span><\/p>\n<blockquote><p><span style=\"font-weight: 400;\">\u201cLos que estamos aqu\u00ed hemos demostrado un gran esfuerzo en una vida llena de actividades y oportunidades de crecimiento. Algunos se levantan temprano para ir a trabajar, otros para entrenar, habr\u00e1 quienes se desvelen para culminar sus proyectos a la perfecci\u00f3n, y aun as\u00ed buscan otras convocatorias para dar todo su potencial. Cada uno de los reconocidos presentes es una luz que brilla en nuestra comunidad educativa. Sigamos estableciendo grandes metas y seamos agentes de cambio\u201d, mencion\u00f3.<\/span><\/p><\/blockquote>\n<p><span style=\"font-weight: 400;\">Los 179 alumnos distinguidos, 66 de Preparatoria y 113 de Profesional, obtuvieron los m\u00e1s altos promedios y mostraron logros acad\u00e9micos as\u00ed como de liderazgo estudiantil en diversas facetas, tanto en Tijuana, Baja California, a nivel nacional e internacional.<\/span><\/p>\n","protected":false},"excerpt":{"rendered":"<p>Un total de 179 alumnos de Preparatoria y Profesional en CETYS Campus Tijuana fueron reconocidos como Alumnos Distinguidos, ya que durante el&#8230;<\/p>\n","protected":false},"author":24,"featured_media":201626,"comment_status":"open","ping_status":"closed","sticky":false,"template":"","format":"standard","meta":{"footnotes":""},"categories":[134,125,313],"tags":[6520,6522,247,6509,1590,6476,1161,1325,6551,6477,92,6491],"class_list":["post-201624","post","type-post","status-publish","format-standard","has-post-thumbnail","hentry","category-campus-tijuana","category-portada","category-vocetys-2","tag-administraciondeempresas","tag-cienciascomputacionales","tag-derecho","tag-disenograficodigital","tag-industrial","tag-logisticainternacional","tag-mecanica","tag-mecatronica","tag-mercadotecniaestrategica","tag-negociosinternacionales","tag-preparatoria","tag-psicologiaclinica"],"yoast_head":"<!-- This site is optimized with the Yoast SEO plugin v27.4 - https:\/\/yoast.com\/product\/yoast-seo-wordpress\/ -->\n<title>Por desempe\u00f1o acad\u00e9mico, liderazgo estudiantil, deportivo y cultural reconocen a Alumnos Distinguidos de CETYS Tijuana - CETYS<\/title>\n<meta name=\"description\" content=\"Articulo sobre Por desempe\u00f1o acad\u00e9mico, liderazgo estudiantil, deportivo y cultural reconocen a Alumnos Distinguidos de CETYS Tijuana\" \/>\n<meta name=\"robots\" content=\"index, follow, max-snippet:-1, max-image-preview:large, max-video-preview:-1\" \/>\n<link rel=\"canonical\" href=\"https:\/\/www.cetys.mx\/noticias\/por-desempeno-academico-liderazgo-estudiantil-deportivo-y-cultural-reconocen-a-alumnos-distinguidos-de-cetys-tijuana\/\" \/>\n<meta property=\"og:locale\" content=\"es_MX\" \/>\n<meta property=\"og:type\" content=\"article\" \/>\n<meta property=\"og:title\" content=\"Por desempe\u00f1o acad\u00e9mico, liderazgo estudiantil, deportivo y cultural reconocen a Alumnos Distinguidos de CETYS Tijuana - CETYS\" \/>\n<meta property=\"og:description\" content=\"Articulo sobre Por desempe\u00f1o acad\u00e9mico, liderazgo estudiantil, deportivo y cultural reconocen a Alumnos Distinguidos de CETYS Tijuana\" \/>\n<meta property=\"og:url\" content=\"https:\/\/www.cetys.mx\/noticias\/por-desempeno-academico-liderazgo-estudiantil-deportivo-y-cultural-reconocen-a-alumnos-distinguidos-de-cetys-tijuana\/\" \/>\n<meta property=\"og:site_name\" content=\"CETYS\" \/>\n<meta property=\"article:publisher\" content=\"https:\/\/www.facebook.com\/cetysuniversidadmxl\/\" \/>\n<meta property=\"article:published_time\" content=\"2024-09-06T21:58:24+00:00\" \/>\n<meta property=\"article:modified_time\" content=\"2024-09-06T22:05:38+00:00\" \/>\n<meta property=\"og:image\" content=\"https:\/\/www.cetys.mx\/noticias\/wp-content\/uploads\/2024\/09\/ceremonia-alumnos-distinguidos-campus-tijuana.jpg\" \/>\n\t<meta property=\"og:image:width\" content=\"1200\" \/>\n\t<meta property=\"og:image:height\" content=\"798\" \/>\n\t<meta property=\"og:image:type\" content=\"image\/jpeg\" \/>\n<meta name=\"author\" content=\"Campus Tijuana\" \/>\n<meta name=\"twitter:card\" content=\"summary_large_image\" \/>\n<meta name=\"twitter:creator\" content=\"@cetysuni\" \/>\n<meta name=\"twitter:site\" content=\"@cetysuni\" \/>\n<meta name=\"twitter:label1\" content=\"Escrito por\" \/>\n\t<meta name=\"twitter:data1\" content=\"Campus Tijuana\" \/>\n\t<meta name=\"twitter:label2\" content=\"Tiempo de lectura\" \/>\n\t<meta name=\"twitter:data2\" content=\"2 minutos\" \/>\n<script type=\"application\/ld+json\" class=\"yoast-schema-graph\">{\"@context\":\"https:\\\/\\\/schema.org\",\"@graph\":[{\"@type\":\"Article\",\"@id\":\"https:\\\/\\\/www.cetys.mx\\\/noticias\\\/por-desempeno-academico-liderazgo-estudiantil-deportivo-y-cultural-reconocen-a-alumnos-distinguidos-de-cetys-tijuana\\\/#article\",\"isPartOf\":{\"@id\":\"https:\\\/\\\/www.cetys.mx\\\/noticias\\\/por-desempeno-academico-liderazgo-estudiantil-deportivo-y-cultural-reconocen-a-alumnos-distinguidos-de-cetys-tijuana\\\/\"},\"author\":{\"name\":\"Campus Tijuana\",\"@id\":\"https:\\\/\\\/www.cetys.mx\\\/noticias\\\/#\\\/schema\\\/person\\\/e790051ce60e18ae47cfa87011c8653f\"},\"headline\":\"Por desempe\u00f1o acad\u00e9mico, liderazgo estudiantil, deportivo y cultural reconocen a Alumnos Distinguidos de CETYS Tijuana\",\"datePublished\":\"2024-09-06T21:58:24+00:00\",\"dateModified\":\"2024-09-06T22:05:38+00:00\",\"mainEntityOfPage\":{\"@id\":\"https:\\\/\\\/www.cetys.mx\\\/noticias\\\/por-desempeno-academico-liderazgo-estudiantil-deportivo-y-cultural-reconocen-a-alumnos-distinguidos-de-cetys-tijuana\\\/\"},\"wordCount\":428,\"commentCount\":0,\"image\":{\"@id\":\"https:\\\/\\\/www.cetys.mx\\\/noticias\\\/por-desempeno-academico-liderazgo-estudiantil-deportivo-y-cultural-reconocen-a-alumnos-distinguidos-de-cetys-tijuana\\\/#primaryimage\"},\"thumbnailUrl\":\"https:\\\/\\\/www.cetys.mx\\\/noticias\\\/wp-content\\\/uploads\\\/2024\\\/09\\\/ceremonia-alumnos-distinguidos-campus-tijuana.jpg\",\"keywords\":[\"AdministraciondeEmpresas\",\"cienciascomputacionales\",\"Derecho\",\"DisenoGraficoDigital\",\"Industrial\",\"LogisticaInternacional\",\"Mec\u00e1nica\",\"Mecatr\u00f3nica\",\"MercadotecniaEstrategica\",\"NegociosInternacionales\",\"Preparatoria\",\"PsicologiaClinica\"],\"articleSection\":[\"Campus Tijuana\",\"Portada\",\"VoCETYS\"],\"inLanguage\":\"es\",\"potentialAction\":[{\"@type\":\"CommentAction\",\"name\":\"Comment\",\"target\":[\"https:\\\/\\\/www.cetys.mx\\\/noticias\\\/por-desempeno-academico-liderazgo-estudiantil-deportivo-y-cultural-reconocen-a-alumnos-distinguidos-de-cetys-tijuana\\\/#respond\"]}]},{\"@type\":\"WebPage\",\"@id\":\"https:\\\/\\\/www.cetys.mx\\\/noticias\\\/por-desempeno-academico-liderazgo-estudiantil-deportivo-y-cultural-reconocen-a-alumnos-distinguidos-de-cetys-tijuana\\\/\",\"url\":\"https:\\\/\\\/www.cetys.mx\\\/noticias\\\/por-desempeno-academico-liderazgo-estudiantil-deportivo-y-cultural-reconocen-a-alumnos-distinguidos-de-cetys-tijuana\\\/\",\"name\":\"Por desempe\u00f1o acad\u00e9mico, liderazgo estudiantil, deportivo y cultural reconocen a Alumnos Distinguidos de CETYS Tijuana - CETYS\",\"isPartOf\":{\"@id\":\"https:\\\/\\\/www.cetys.mx\\\/noticias\\\/#website\"},\"primaryImageOfPage\":{\"@id\":\"https:\\\/\\\/www.cetys.mx\\\/noticias\\\/por-desempeno-academico-liderazgo-estudiantil-deportivo-y-cultural-reconocen-a-alumnos-distinguidos-de-cetys-tijuana\\\/#primaryimage\"},\"image\":{\"@id\":\"https:\\\/\\\/www.cetys.mx\\\/noticias\\\/por-desempeno-academico-liderazgo-estudiantil-deportivo-y-cultural-reconocen-a-alumnos-distinguidos-de-cetys-tijuana\\\/#primaryimage\"},\"thumbnailUrl\":\"https:\\\/\\\/www.cetys.mx\\\/noticias\\\/wp-content\\\/uploads\\\/2024\\\/09\\\/ceremonia-alumnos-distinguidos-campus-tijuana.jpg\",\"datePublished\":\"2024-09-06T21:58:24+00:00\",\"dateModified\":\"2024-09-06T22:05:38+00:00\",\"author\":{\"@id\":\"https:\\\/\\\/www.cetys.mx\\\/noticias\\\/#\\\/schema\\\/person\\\/e790051ce60e18ae47cfa87011c8653f\"},\"description\":\"Articulo sobre Por desempe\u00f1o acad\u00e9mico, liderazgo estudiantil, deportivo y cultural reconocen a Alumnos Distinguidos de CETYS Tijuana\",\"breadcrumb\":{\"@id\":\"https:\\\/\\\/www.cetys.mx\\\/noticias\\\/por-desempeno-academico-liderazgo-estudiantil-deportivo-y-cultural-reconocen-a-alumnos-distinguidos-de-cetys-tijuana\\\/#breadcrumb\"},\"inLanguage\":\"es\",\"potentialAction\":[{\"@type\":\"ReadAction\",\"target\":[\"https:\\\/\\\/www.cetys.mx\\\/noticias\\\/por-desempeno-academico-liderazgo-estudiantil-deportivo-y-cultural-reconocen-a-alumnos-distinguidos-de-cetys-tijuana\\\/\"]}]},{\"@type\":\"ImageObject\",\"inLanguage\":\"es\",\"@id\":\"https:\\\/\\\/www.cetys.mx\\\/noticias\\\/por-desempeno-academico-liderazgo-estudiantil-deportivo-y-cultural-reconocen-a-alumnos-distinguidos-de-cetys-tijuana\\\/#primaryimage\",\"url\":\"https:\\\/\\\/www.cetys.mx\\\/noticias\\\/wp-content\\\/uploads\\\/2024\\\/09\\\/ceremonia-alumnos-distinguidos-campus-tijuana.jpg\",\"contentUrl\":\"https:\\\/\\\/www.cetys.mx\\\/noticias\\\/wp-content\\\/uploads\\\/2024\\\/09\\\/ceremonia-alumnos-distinguidos-campus-tijuana.jpg\",\"width\":1200,\"height\":798},{\"@type\":\"BreadcrumbList\",\"@id\":\"https:\\\/\\\/www.cetys.mx\\\/noticias\\\/por-desempeno-academico-liderazgo-estudiantil-deportivo-y-cultural-reconocen-a-alumnos-distinguidos-de-cetys-tijuana\\\/#breadcrumb\",\"itemListElement\":[{\"@type\":\"ListItem\",\"position\":1,\"name\":\"Inicio\",\"item\":\"https:\\\/\\\/www.cetys.mx\\\/noticias\\\/\"},{\"@type\":\"ListItem\",\"position\":2,\"name\":\"Por desempe\u00f1o acad\u00e9mico, liderazgo estudiantil, deportivo y cultural reconocen a Alumnos Distinguidos de CETYS Tijuana\"}]},{\"@type\":\"WebSite\",\"@id\":\"https:\\\/\\\/www.cetys.mx\\\/noticias\\\/#website\",\"url\":\"https:\\\/\\\/www.cetys.mx\\\/noticias\\\/\",\"name\":\"CETYS\",\"description\":\"\",\"potentialAction\":[{\"@type\":\"SearchAction\",\"target\":{\"@type\":\"EntryPoint\",\"urlTemplate\":\"https:\\\/\\\/www.cetys.mx\\\/noticias\\\/?s={search_term_string}\"},\"query-input\":{\"@type\":\"PropertyValueSpecification\",\"valueRequired\":true,\"valueName\":\"search_term_string\"}}],\"inLanguage\":\"es\"},{\"@type\":\"Person\",\"@id\":\"https:\\\/\\\/www.cetys.mx\\\/noticias\\\/#\\\/schema\\\/person\\\/e790051ce60e18ae47cfa87011c8653f\",\"name\":\"Campus Tijuana\",\"url\":\"https:\\\/\\\/www.cetys.mx\\\/noticias\\\/author\\\/campustijuana\\\/\"}]}<\/script>\n<!-- \/ Yoast SEO plugin. -->","yoast_head_json":{"title":"Por desempe\u00f1o acad\u00e9mico, liderazgo estudiantil, deportivo y cultural reconocen a Alumnos Distinguidos de CETYS Tijuana - CETYS","description":"Articulo sobre Por desempe\u00f1o acad\u00e9mico, liderazgo estudiantil, deportivo y cultural reconocen a Alumnos Distinguidos de CETYS Tijuana","robots":{"index":"index","follow":"follow","max-snippet":"max-snippet:-1","max-image-preview":"max-image-preview:large","max-video-preview":"max-video-preview:-1"},"canonical":"https:\/\/www.cetys.mx\/noticias\/por-desempeno-academico-liderazgo-estudiantil-deportivo-y-cultural-reconocen-a-alumnos-distinguidos-de-cetys-tijuana\/","og_locale":"es_MX","og_type":"article","og_title":"Por desempe\u00f1o acad\u00e9mico, liderazgo estudiantil, deportivo y cultural reconocen a Alumnos Distinguidos de CETYS Tijuana - CETYS","og_description":"Articulo sobre Por desempe\u00f1o acad\u00e9mico, liderazgo estudiantil, deportivo y cultural reconocen a Alumnos Distinguidos de CETYS Tijuana","og_url":"https:\/\/www.cetys.mx\/noticias\/por-desempeno-academico-liderazgo-estudiantil-deportivo-y-cultural-reconocen-a-alumnos-distinguidos-de-cetys-tijuana\/","og_site_name":"CETYS","article_publisher":"https:\/\/www.facebook.com\/cetysuniversidadmxl\/","article_published_time":"2024-09-06T21:58:24+00:00","article_modified_time":"2024-09-06T22:05:38+00:00","og_image":[{"width":1200,"height":798,"url":"https:\/\/www.cetys.mx\/noticias\/wp-content\/uploads\/2024\/09\/ceremonia-alumnos-distinguidos-campus-tijuana.jpg","type":"image\/jpeg"}],"author":"Campus Tijuana","twitter_card":"summary_large_image","twitter_creator":"@cetysuni","twitter_site":"@cetysuni","twitter_misc":{"Escrito por":"Campus Tijuana","Tiempo de lectura":"2 minutos"},"schema":{"@context":"https:\/\/schema.org","@graph":[{"@type":"Article","@id":"https:\/\/www.cetys.mx\/noticias\/por-desempeno-academico-liderazgo-estudiantil-deportivo-y-cultural-reconocen-a-alumnos-distinguidos-de-cetys-tijuana\/#article","isPartOf":{"@id":"https:\/\/www.cetys.mx\/noticias\/por-desempeno-academico-liderazgo-estudiantil-deportivo-y-cultural-reconocen-a-alumnos-distinguidos-de-cetys-tijuana\/"},"author":{"name":"Campus Tijuana","@id":"https:\/\/www.cetys.mx\/noticias\/#\/schema\/person\/e790051ce60e18ae47cfa87011c8653f"},"headline":"Por desempe\u00f1o acad\u00e9mico, liderazgo estudiantil, deportivo y cultural reconocen a Alumnos Distinguidos de CETYS Tijuana","datePublished":"2024-09-06T21:58:24+00:00","dateModified":"2024-09-06T22:05:38+00:00","mainEntityOfPage":{"@id":"https:\/\/www.cetys.mx\/noticias\/por-desempeno-academico-liderazgo-estudiantil-deportivo-y-cultural-reconocen-a-alumnos-distinguidos-de-cetys-tijuana\/"},"wordCount":428,"commentCount":0,"image":{"@id":"https:\/\/www.cetys.mx\/noticias\/por-desempeno-academico-liderazgo-estudiantil-deportivo-y-cultural-reconocen-a-alumnos-distinguidos-de-cetys-tijuana\/#primaryimage"},"thumbnailUrl":"https:\/\/www.cetys.mx\/noticias\/wp-content\/uploads\/2024\/09\/ceremonia-alumnos-distinguidos-campus-tijuana.jpg","keywords":["AdministraciondeEmpresas","cienciascomputacionales","Derecho","DisenoGraficoDigital","Industrial","LogisticaInternacional","Mec\u00e1nica","Mecatr\u00f3nica","MercadotecniaEstrategica","NegociosInternacionales","Preparatoria","PsicologiaClinica"],"articleSection":["Campus Tijuana","Portada","VoCETYS"],"inLanguage":"es","potentialAction":[{"@type":"CommentAction","name":"Comment","target":["https:\/\/www.cetys.mx\/noticias\/por-desempeno-academico-liderazgo-estudiantil-deportivo-y-cultural-reconocen-a-alumnos-distinguidos-de-cetys-tijuana\/#respond"]}]},{"@type":"WebPage","@id":"https:\/\/www.cetys.mx\/noticias\/por-desempeno-academico-liderazgo-estudiantil-deportivo-y-cultural-reconocen-a-alumnos-distinguidos-de-cetys-tijuana\/","url":"https:\/\/www.cetys.mx\/noticias\/por-desempeno-academico-liderazgo-estudiantil-deportivo-y-cultural-reconocen-a-alumnos-distinguidos-de-cetys-tijuana\/","name":"Por desempe\u00f1o acad\u00e9mico, liderazgo estudiantil, deportivo y cultural reconocen a Alumnos Distinguidos de CETYS Tijuana - CETYS","isPartOf":{"@id":"https:\/\/www.cetys.mx\/noticias\/#website"},"primaryImageOfPage":{"@id":"https:\/\/www.cetys.mx\/noticias\/por-desempeno-academico-liderazgo-estudiantil-deportivo-y-cultural-reconocen-a-alumnos-distinguidos-de-cetys-tijuana\/#primaryimage"},"image":{"@id":"https:\/\/www.cetys.mx\/noticias\/por-desempeno-academico-liderazgo-estudiantil-deportivo-y-cultural-reconocen-a-alumnos-distinguidos-de-cetys-tijuana\/#primaryimage"},"thumbnailUrl":"https:\/\/www.cetys.mx\/noticias\/wp-content\/uploads\/2024\/09\/ceremonia-alumnos-distinguidos-campus-tijuana.jpg","datePublished":"2024-09-06T21:58:24+00:00","dateModified":"2024-09-06T22:05:38+00:00","author":{"@id":"https:\/\/www.cetys.mx\/noticias\/#\/schema\/person\/e790051ce60e18ae47cfa87011c8653f"},"description":"Articulo sobre Por desempe\u00f1o acad\u00e9mico, liderazgo estudiantil, deportivo y cultural reconocen a Alumnos Distinguidos de CETYS Tijuana","breadcrumb":{"@id":"https:\/\/www.cetys.mx\/noticias\/por-desempeno-academico-liderazgo-estudiantil-deportivo-y-cultural-reconocen-a-alumnos-distinguidos-de-cetys-tijuana\/#breadcrumb"},"inLanguage":"es","potentialAction":[{"@type":"ReadAction","target":["https:\/\/www.cetys.mx\/noticias\/por-desempeno-academico-liderazgo-estudiantil-deportivo-y-cultural-reconocen-a-alumnos-distinguidos-de-cetys-tijuana\/"]}]},{"@type":"ImageObject","inLanguage":"es","@id":"https:\/\/www.cetys.mx\/noticias\/por-desempeno-academico-liderazgo-estudiantil-deportivo-y-cultural-reconocen-a-alumnos-distinguidos-de-cetys-tijuana\/#primaryimage","url":"https:\/\/www.cetys.mx\/noticias\/wp-content\/uploads\/2024\/09\/ceremonia-alumnos-distinguidos-campus-tijuana.jpg","contentUrl":"https:\/\/www.cetys.mx\/noticias\/wp-content\/uploads\/2024\/09\/ceremonia-alumnos-distinguidos-campus-tijuana.jpg","width":1200,"height":798},{"@type":"BreadcrumbList","@id":"https:\/\/www.cetys.mx\/noticias\/por-desempeno-academico-liderazgo-estudiantil-deportivo-y-cultural-reconocen-a-alumnos-distinguidos-de-cetys-tijuana\/#breadcrumb","itemListElement":[{"@type":"ListItem","position":1,"name":"Inicio","item":"https:\/\/www.cetys.mx\/noticias\/"},{"@type":"ListItem","position":2,"name":"Por desempe\u00f1o acad\u00e9mico, liderazgo estudiantil, deportivo y cultural reconocen a Alumnos Distinguidos de CETYS Tijuana"}]},{"@type":"WebSite","@id":"https:\/\/www.cetys.mx\/noticias\/#website","url":"https:\/\/www.cetys.mx\/noticias\/","name":"CETYS","description":"","potentialAction":[{"@type":"SearchAction","target":{"@type":"EntryPoint","urlTemplate":"https:\/\/www.cetys.mx\/noticias\/?s={search_term_string}"},"query-input":{"@type":"PropertyValueSpecification","valueRequired":true,"valueName":"search_term_string"}}],"inLanguage":"es"},{"@type":"Person","@id":"https:\/\/www.cetys.mx\/noticias\/#\/schema\/person\/e790051ce60e18ae47cfa87011c8653f","name":"Campus Tijuana","url":"https:\/\/www.cetys.mx\/noticias\/author\/campustijuana\/"}]}},"_links":{"self":[{"href":"https:\/\/www.cetys.mx\/noticias\/wp-json\/wp\/v2\/posts\/201624","targetHints":{"allow":["GET"]}}],"collection":[{"href":"https:\/\/www.cetys.mx\/noticias\/wp-json\/wp\/v2\/posts"}],"about":[{"href":"https:\/\/www.cetys.mx\/noticias\/wp-json\/wp\/v2\/types\/post"}],"author":[{"embeddable":true,"href":"https:\/\/www.cetys.mx\/noticias\/wp-json\/wp\/v2\/users\/24"}],"replies":[{"embeddable":true,"href":"https:\/\/www.cetys.mx\/noticias\/wp-json\/wp\/v2\/comments?post=201624"}],"version-history":[{"count":3,"href":"https:\/\/www.cetys.mx\/noticias\/wp-json\/wp\/v2\/posts\/201624\/revisions"}],"predecessor-version":[{"id":201643,"href":"https:\/\/www.cetys.mx\/noticias\/wp-json\/wp\/v2\/posts\/201624\/revisions\/201643"}],"wp:featuredmedia":[{"embeddable":true,"href":"https:\/\/www.cetys.mx\/noticias\/wp-json\/wp\/v2\/media\/201626"}],"wp:attachment":[{"href":"https:\/\/www.cetys.mx\/noticias\/wp-json\/wp\/v2\/media?parent=201624"}],"wp:term":[{"taxonomy":"category","embeddable":true,"href":"https:\/\/www.cetys.mx\/noticias\/wp-json\/wp\/v2\/categories?post=201624"},{"taxonomy":"post_tag","embeddable":true,"href":"https:\/\/www.cetys.mx\/noticias\/wp-json\/wp\/v2\/tags?post=201624"}],"curies":[{"name":"wp","href":"https:\/\/api.w.org\/{rel}","templated":true}]}}