{"id":201017,"date":"2024-08-23T12:21:25","date_gmt":"2024-08-23T19:21:25","guid":{"rendered":"https:\/\/www.cetys.mx\/noticias\/?p=201017"},"modified":"2024-08-23T12:21:25","modified_gmt":"2024-08-23T19:21:25","slug":"estudiantes-de-cetys-conectan-con-la-industria-global-del-arte-digital-en-comic-con-san-diego","status":"publish","type":"post","link":"https:\/\/www.cetys.mx\/noticias\/estudiantes-de-cetys-conectan-con-la-industria-global-del-arte-digital-en-comic-con-san-diego\/","title":{"rendered":"Estudiantes de CETYS conectan con la industria global del arte digital en Comic-Con San Diego"},"content":{"rendered":"<p><span style=\"font-weight: 400;\">Con la finalidad de conocer de cerca las nuevas tendencias y a los personajes claves de la industria del dise\u00f1o, animaci\u00f3n y arte digital, estudiantes de la Ingenier\u00eda en Dise\u00f1o Gr\u00e1fico Digital de CETYS Universidad Campus Internacional Ensenada acudieron a la edici\u00f3n 2024 del congreso Comic-Con en San Diego.<\/span><\/p>\n<p><span style=\"font-weight: 400;\">Este evento es una convenci\u00f3n anual que celebra la cultura pop, incluyendo c\u00f3mics, animaci\u00f3n, arte digital, pel\u00edculas, series de televisi\u00f3n, videojuegos y m\u00e1s. Es un punto de encuentro para los profesionales de la industria, por lo que brind\u00f3 a los estudiantes una plataforma \u00fanica para aprender, establecer contactos en el mundo de las novelas gr\u00e1ficas y el arte digital.<\/span><\/p>\n<p><img loading=\"lazy\" decoding=\"async\" class=\"size-full wp-image-201020 aligncenter\" src=\"https:\/\/www.cetys.mx\/noticias\/wp-content\/uploads\/2024\/08\/El-Mtro.-Carlos-Magdaleno-acompa\u00f1\u00f3-a-los-estudiantes-de-Ingenier\u00eda-en-Dise\u00f1o-Gr\u00e1fico-Digital.jpg\" alt=\"\" width=\"600\" height=\"450\" \/><\/p>\n<p><span style=\"font-weight: 400;\">\u201cLos estudiantes acudieron al panel titulado Ilustrando Emociones: Capturando Sentimientos Profundos y Temas en Novelas Gr\u00e1ficas.<\/span> <span style=\"font-weight: 400;\">El panel cont\u00f3 con la participaci\u00f3n de reconocidos novelistas gr\u00e1ficos como Meghan Boehman y Rachael Briner, conocidas por su trabajo en <\/span><i><span style=\"font-weight: 400;\">Dear Rosie<\/span><\/i><span style=\"font-weight: 400;\">, as\u00ed como el mexicano Jos\u00e9 Pimienta, creador de Twin Cities, y Katie Cook, autora de Nothing Special: Volume One\u201d, expuso el Mtro. Carlos Alem\u00e1n Magdaleno, Director de la Escuela de Ingenier\u00eda.<\/span><\/p>\n<p><span style=\"font-weight: 400;\">A\u00f1adi\u00f3 que en esta sesi\u00f3n, los estudiantes tuvieron la oportunidad de conocer de cerca que los c\u00f3mics y las novelas gr\u00e1ficas no se tratan s\u00f3lo de di\u00e1logos para contar una historia,\u00a0 aprendieron que estos medios son herramientas poderosas para explorar temas complejos y transmitir emociones profundas.\u00a0<\/span><\/p>\n<p><span style=\"font-weight: 400;\">\u201cLos panelistas tuvieron una conversaci\u00f3n reflexiva sobre las complejidades de ilustrar historias que abordan temas significativos como navegar relaciones, lidiar con la p\u00e9rdida y combatir la presi\u00f3n de grupo. Por esto, los estudiantes salieron del panel con una comprensi\u00f3n m\u00e1s profunda de c\u00f3mo usar sus habilidades art\u00edsticas para evocar emociones y contar historias impactantes\u201d, explic\u00f3 el Mtro. Carlos Alem\u00e1n<\/span><\/p>\n<p><span style=\"font-weight: 400;\">Respecto a esta experiencia, Omar Catzin, estudiante de tercer semestre de Ingenier\u00eda en Dise\u00f1o Gr\u00e1fico Digital, explic\u00f3: \u201ces bastante interesante que se organicen este tipo de actividades en CETYS, porque as\u00ed nos damos una idea de como es p\u00fablico meta actual, te da la oportunidad de reunirte de personas de tu \u00e1rea, hacer contactos. Tambi\u00e9n fue divertido poder ir con mis compa\u00f1eros y conocer a estas figuras que son parte de lo que hacemos y de conocer porqu\u00e9 lo hacemos\u201d.<\/span><\/p>\n<p><span style=\"font-weight: 400;\">Otro panel significativo al que asistieron los estudiantes fue \u201cDesarrollo del Documental: Mike Mignola, Dibujando Monstruos\u201d.<\/span> <span style=\"font-weight: 400;\">Esta sesi\u00f3n cont\u00f3 con la participaci\u00f3n de los cineastas Kevin Konrad Hanna y Jim Demonakos, quienes estuvieron acompa\u00f1ados por Jorge R. Guti\u00e9rrez y el profesor Ben Saunders. Los panelistas ofrecieron una mirada profunda al proceso de creaci\u00f3n de este documental, discutiendo tanto los desaf\u00edos t\u00e9cnicos como sociales que enfrentaron durante la producci\u00f3n.<\/span><\/p>\n<p><span style=\"font-weight: 400;\">\u201cLos estudiantes estaban particularmente emocionados por la sesi\u00f3n de preguntas y respuestas, donde tuvieron la oportunidad de hacer preguntas sobre el documental y la trayectoria profesional de los panelistas. Adem\u00e1s los cineastas compartieron valiosos conocimientos sobre el proceso creativo, la importancia de la narraci\u00f3n en los documentales y el impacto del trabajo de Mike Mignola en la industria del c\u00f3mic. Este panel no solo ampli\u00f3 el conocimiento de los estudiantes, sino que tambi\u00e9n los inspir\u00f3 a pensar cr\u00edticamente sobre sus propios proyectos\u201d, explic\u00f3 el Mtro. Carlos Alem\u00e1n.<\/span><\/p>\n<p><img loading=\"lazy\" decoding=\"async\" class=\"size-full wp-image-201021 aligncenter\" src=\"https:\/\/www.cetys.mx\/noticias\/wp-content\/uploads\/2024\/08\/20240725_120028.jpg\" alt=\"\" width=\"600\" height=\"450\" \/><\/p>\n<p><span style=\"font-weight: 400;\">Adem\u00e1s de asistir a los paneles, exploraron el Callej\u00f3n de los Artistas, un \u00e1rea donde tuvieron la oportunidad de conocer e interactuar con escritores, coloristas, entintadores y dise\u00f1adores digitales expertos en la industria del c\u00f3mic. El Mtro. Alem\u00e1n considera esta\u00a0 experiencia invaluable, ya que permiti\u00f3 obtener conocimientos de primera mano sobre la industria, recibir comentarios sobre su trabajo y establecer conexiones con profesionales que comparten su pasi\u00f3n por el arte digital.<\/span><\/p>\n<p><span style=\"font-weight: 400;\">En general, esta experiencia sirvi\u00f3 a los estudiantes de inspiraci\u00f3n y como generadora de nuevas conexiones que sin duda influir\u00e1n en sus futuras carreras como el Ingenieros de Dise\u00f1o Gr\u00e1fico Digital, por lo que es importante que los estudiantes tomen como parte de su formaci\u00f3n acad\u00e9mica la asistencia a eventos relacionados a su \u00e1rea profesional para fomentar la creatividad, el aprendizaje y el crecimiento de los aspirantes a dise\u00f1adores gr\u00e1ficos.<\/span><\/p>\n<p><span style=\"font-weight: 400;\">\u00a0<\/span><\/p>\n","protected":false},"excerpt":{"rendered":"<p>Con la finalidad de conocer de cerca las nuevas tendencias y a los personajes claves de la industria del dise\u00f1o, animaci\u00f3n y&#8230;<\/p>\n","protected":false},"author":23,"featured_media":201018,"comment_status":"open","ping_status":"closed","sticky":false,"template":"","format":"standard","meta":{"footnotes":""},"categories":[132,125,306,313],"tags":[5893],"class_list":["post-201017","post","type-post","status-publish","format-standard","has-post-thumbnail","hentry","category-campus-ensenada","category-portada","category-profesional","category-vocetys-2","tag-ingenieria-en-diseno-grafico-digital"],"yoast_head":"<!-- This site is optimized with the Yoast SEO plugin v27.4 - https:\/\/yoast.com\/product\/yoast-seo-wordpress\/ -->\n<title>Estudiantes de CETYS conectan con la industria global del arte digital en Comic-Con San Diego - CETYS<\/title>\n<meta name=\"description\" content=\"Articulo sobre Estudiantes de CETYS conectan con la industria global del arte digital en Comic-Con San Diego\" \/>\n<meta name=\"robots\" content=\"index, follow, max-snippet:-1, max-image-preview:large, max-video-preview:-1\" \/>\n<link rel=\"canonical\" href=\"https:\/\/www.cetys.mx\/noticias\/estudiantes-de-cetys-conectan-con-la-industria-global-del-arte-digital-en-comic-con-san-diego\/\" \/>\n<meta property=\"og:locale\" content=\"es_MX\" \/>\n<meta property=\"og:type\" content=\"article\" \/>\n<meta property=\"og:title\" content=\"Estudiantes de CETYS conectan con la industria global del arte digital en Comic-Con San Diego - CETYS\" \/>\n<meta property=\"og:description\" content=\"Articulo sobre Estudiantes de CETYS conectan con la industria global del arte digital en Comic-Con San Diego\" \/>\n<meta property=\"og:url\" content=\"https:\/\/www.cetys.mx\/noticias\/estudiantes-de-cetys-conectan-con-la-industria-global-del-arte-digital-en-comic-con-san-diego\/\" \/>\n<meta property=\"og:site_name\" content=\"CETYS\" \/>\n<meta property=\"article:publisher\" content=\"https:\/\/www.facebook.com\/cetysuniversidadmxl\/\" \/>\n<meta property=\"article:published_time\" content=\"2024-08-23T19:21:25+00:00\" \/>\n<meta property=\"og:image\" content=\"https:\/\/www.cetys.mx\/noticias\/wp-content\/uploads\/2024\/08\/Estudiantes-de-CETYS-acudieron-a-la-edici\u00f3n-2024-del-ComicCon.jpg\" \/>\n\t<meta property=\"og:image:width\" content=\"600\" \/>\n\t<meta property=\"og:image:height\" content=\"450\" \/>\n\t<meta property=\"og:image:type\" content=\"image\/jpeg\" \/>\n<meta name=\"author\" content=\"Campus Ensenada\" \/>\n<meta name=\"twitter:card\" content=\"summary_large_image\" \/>\n<meta name=\"twitter:creator\" content=\"@cetysuni\" \/>\n<meta name=\"twitter:site\" content=\"@cetysuni\" \/>\n<meta name=\"twitter:label1\" content=\"Escrito por\" \/>\n\t<meta name=\"twitter:data1\" content=\"Campus Ensenada\" \/>\n\t<meta name=\"twitter:label2\" content=\"Tiempo de lectura\" \/>\n\t<meta name=\"twitter:data2\" content=\"4 minutos\" \/>\n<script type=\"application\/ld+json\" class=\"yoast-schema-graph\">{\"@context\":\"https:\\\/\\\/schema.org\",\"@graph\":[{\"@type\":\"Article\",\"@id\":\"https:\\\/\\\/www.cetys.mx\\\/noticias\\\/estudiantes-de-cetys-conectan-con-la-industria-global-del-arte-digital-en-comic-con-san-diego\\\/#article\",\"isPartOf\":{\"@id\":\"https:\\\/\\\/www.cetys.mx\\\/noticias\\\/estudiantes-de-cetys-conectan-con-la-industria-global-del-arte-digital-en-comic-con-san-diego\\\/\"},\"author\":{\"name\":\"Campus Ensenada\",\"@id\":\"https:\\\/\\\/www.cetys.mx\\\/noticias\\\/#\\\/schema\\\/person\\\/1a1a88c0b6586e66a2e9e88e07afc712\"},\"headline\":\"Estudiantes de CETYS conectan con la industria global del arte digital en Comic-Con San Diego\",\"datePublished\":\"2024-08-23T19:21:25+00:00\",\"mainEntityOfPage\":{\"@id\":\"https:\\\/\\\/www.cetys.mx\\\/noticias\\\/estudiantes-de-cetys-conectan-con-la-industria-global-del-arte-digital-en-comic-con-san-diego\\\/\"},\"wordCount\":740,\"commentCount\":0,\"image\":{\"@id\":\"https:\\\/\\\/www.cetys.mx\\\/noticias\\\/estudiantes-de-cetys-conectan-con-la-industria-global-del-arte-digital-en-comic-con-san-diego\\\/#primaryimage\"},\"thumbnailUrl\":\"https:\\\/\\\/www.cetys.mx\\\/noticias\\\/wp-content\\\/uploads\\\/2024\\\/08\\\/Estudiantes-de-CETYS-acudieron-a-la-edici\u00f3n-2024-del-ComicCon.jpg\",\"keywords\":[\"Ingenier\u00eda en Dise\u00f1o Gr\u00e1fico Digital\"],\"articleSection\":[\"Campus Ensenada\",\"Portada\",\"Profesional\",\"VoCETYS\"],\"inLanguage\":\"es\",\"potentialAction\":[{\"@type\":\"CommentAction\",\"name\":\"Comment\",\"target\":[\"https:\\\/\\\/www.cetys.mx\\\/noticias\\\/estudiantes-de-cetys-conectan-con-la-industria-global-del-arte-digital-en-comic-con-san-diego\\\/#respond\"]}]},{\"@type\":\"WebPage\",\"@id\":\"https:\\\/\\\/www.cetys.mx\\\/noticias\\\/estudiantes-de-cetys-conectan-con-la-industria-global-del-arte-digital-en-comic-con-san-diego\\\/\",\"url\":\"https:\\\/\\\/www.cetys.mx\\\/noticias\\\/estudiantes-de-cetys-conectan-con-la-industria-global-del-arte-digital-en-comic-con-san-diego\\\/\",\"name\":\"Estudiantes de CETYS conectan con la industria global del arte digital en Comic-Con San Diego - CETYS\",\"isPartOf\":{\"@id\":\"https:\\\/\\\/www.cetys.mx\\\/noticias\\\/#website\"},\"primaryImageOfPage\":{\"@id\":\"https:\\\/\\\/www.cetys.mx\\\/noticias\\\/estudiantes-de-cetys-conectan-con-la-industria-global-del-arte-digital-en-comic-con-san-diego\\\/#primaryimage\"},\"image\":{\"@id\":\"https:\\\/\\\/www.cetys.mx\\\/noticias\\\/estudiantes-de-cetys-conectan-con-la-industria-global-del-arte-digital-en-comic-con-san-diego\\\/#primaryimage\"},\"thumbnailUrl\":\"https:\\\/\\\/www.cetys.mx\\\/noticias\\\/wp-content\\\/uploads\\\/2024\\\/08\\\/Estudiantes-de-CETYS-acudieron-a-la-edici\u00f3n-2024-del-ComicCon.jpg\",\"datePublished\":\"2024-08-23T19:21:25+00:00\",\"author\":{\"@id\":\"https:\\\/\\\/www.cetys.mx\\\/noticias\\\/#\\\/schema\\\/person\\\/1a1a88c0b6586e66a2e9e88e07afc712\"},\"description\":\"Articulo sobre Estudiantes de CETYS conectan con la industria global del arte digital en Comic-Con San Diego\",\"breadcrumb\":{\"@id\":\"https:\\\/\\\/www.cetys.mx\\\/noticias\\\/estudiantes-de-cetys-conectan-con-la-industria-global-del-arte-digital-en-comic-con-san-diego\\\/#breadcrumb\"},\"inLanguage\":\"es\",\"potentialAction\":[{\"@type\":\"ReadAction\",\"target\":[\"https:\\\/\\\/www.cetys.mx\\\/noticias\\\/estudiantes-de-cetys-conectan-con-la-industria-global-del-arte-digital-en-comic-con-san-diego\\\/\"]}]},{\"@type\":\"ImageObject\",\"inLanguage\":\"es\",\"@id\":\"https:\\\/\\\/www.cetys.mx\\\/noticias\\\/estudiantes-de-cetys-conectan-con-la-industria-global-del-arte-digital-en-comic-con-san-diego\\\/#primaryimage\",\"url\":\"https:\\\/\\\/www.cetys.mx\\\/noticias\\\/wp-content\\\/uploads\\\/2024\\\/08\\\/Estudiantes-de-CETYS-acudieron-a-la-edici\u00f3n-2024-del-ComicCon.jpg\",\"contentUrl\":\"https:\\\/\\\/www.cetys.mx\\\/noticias\\\/wp-content\\\/uploads\\\/2024\\\/08\\\/Estudiantes-de-CETYS-acudieron-a-la-edici\u00f3n-2024-del-ComicCon.jpg\",\"width\":600,\"height\":450},{\"@type\":\"BreadcrumbList\",\"@id\":\"https:\\\/\\\/www.cetys.mx\\\/noticias\\\/estudiantes-de-cetys-conectan-con-la-industria-global-del-arte-digital-en-comic-con-san-diego\\\/#breadcrumb\",\"itemListElement\":[{\"@type\":\"ListItem\",\"position\":1,\"name\":\"Inicio\",\"item\":\"https:\\\/\\\/www.cetys.mx\\\/noticias\\\/\"},{\"@type\":\"ListItem\",\"position\":2,\"name\":\"Estudiantes de CETYS conectan con la industria global del arte digital en Comic-Con San Diego\"}]},{\"@type\":\"WebSite\",\"@id\":\"https:\\\/\\\/www.cetys.mx\\\/noticias\\\/#website\",\"url\":\"https:\\\/\\\/www.cetys.mx\\\/noticias\\\/\",\"name\":\"CETYS\",\"description\":\"\",\"potentialAction\":[{\"@type\":\"SearchAction\",\"target\":{\"@type\":\"EntryPoint\",\"urlTemplate\":\"https:\\\/\\\/www.cetys.mx\\\/noticias\\\/?s={search_term_string}\"},\"query-input\":{\"@type\":\"PropertyValueSpecification\",\"valueRequired\":true,\"valueName\":\"search_term_string\"}}],\"inLanguage\":\"es\"},{\"@type\":\"Person\",\"@id\":\"https:\\\/\\\/www.cetys.mx\\\/noticias\\\/#\\\/schema\\\/person\\\/1a1a88c0b6586e66a2e9e88e07afc712\",\"name\":\"Campus Ensenada\",\"url\":\"https:\\\/\\\/www.cetys.mx\\\/noticias\\\/author\\\/campusensenada\\\/\"}]}<\/script>\n<!-- \/ Yoast SEO plugin. -->","yoast_head_json":{"title":"Estudiantes de CETYS conectan con la industria global del arte digital en Comic-Con San Diego - CETYS","description":"Articulo sobre Estudiantes de CETYS conectan con la industria global del arte digital en Comic-Con San Diego","robots":{"index":"index","follow":"follow","max-snippet":"max-snippet:-1","max-image-preview":"max-image-preview:large","max-video-preview":"max-video-preview:-1"},"canonical":"https:\/\/www.cetys.mx\/noticias\/estudiantes-de-cetys-conectan-con-la-industria-global-del-arte-digital-en-comic-con-san-diego\/","og_locale":"es_MX","og_type":"article","og_title":"Estudiantes de CETYS conectan con la industria global del arte digital en Comic-Con San Diego - CETYS","og_description":"Articulo sobre Estudiantes de CETYS conectan con la industria global del arte digital en Comic-Con San Diego","og_url":"https:\/\/www.cetys.mx\/noticias\/estudiantes-de-cetys-conectan-con-la-industria-global-del-arte-digital-en-comic-con-san-diego\/","og_site_name":"CETYS","article_publisher":"https:\/\/www.facebook.com\/cetysuniversidadmxl\/","article_published_time":"2024-08-23T19:21:25+00:00","og_image":[{"width":600,"height":450,"url":"https:\/\/www.cetys.mx\/noticias\/wp-content\/uploads\/2024\/08\/Estudiantes-de-CETYS-acudieron-a-la-edici\u00f3n-2024-del-ComicCon.jpg","type":"image\/jpeg"}],"author":"Campus Ensenada","twitter_card":"summary_large_image","twitter_creator":"@cetysuni","twitter_site":"@cetysuni","twitter_misc":{"Escrito por":"Campus Ensenada","Tiempo de lectura":"4 minutos"},"schema":{"@context":"https:\/\/schema.org","@graph":[{"@type":"Article","@id":"https:\/\/www.cetys.mx\/noticias\/estudiantes-de-cetys-conectan-con-la-industria-global-del-arte-digital-en-comic-con-san-diego\/#article","isPartOf":{"@id":"https:\/\/www.cetys.mx\/noticias\/estudiantes-de-cetys-conectan-con-la-industria-global-del-arte-digital-en-comic-con-san-diego\/"},"author":{"name":"Campus Ensenada","@id":"https:\/\/www.cetys.mx\/noticias\/#\/schema\/person\/1a1a88c0b6586e66a2e9e88e07afc712"},"headline":"Estudiantes de CETYS conectan con la industria global del arte digital en Comic-Con San Diego","datePublished":"2024-08-23T19:21:25+00:00","mainEntityOfPage":{"@id":"https:\/\/www.cetys.mx\/noticias\/estudiantes-de-cetys-conectan-con-la-industria-global-del-arte-digital-en-comic-con-san-diego\/"},"wordCount":740,"commentCount":0,"image":{"@id":"https:\/\/www.cetys.mx\/noticias\/estudiantes-de-cetys-conectan-con-la-industria-global-del-arte-digital-en-comic-con-san-diego\/#primaryimage"},"thumbnailUrl":"https:\/\/www.cetys.mx\/noticias\/wp-content\/uploads\/2024\/08\/Estudiantes-de-CETYS-acudieron-a-la-edici\u00f3n-2024-del-ComicCon.jpg","keywords":["Ingenier\u00eda en Dise\u00f1o Gr\u00e1fico Digital"],"articleSection":["Campus Ensenada","Portada","Profesional","VoCETYS"],"inLanguage":"es","potentialAction":[{"@type":"CommentAction","name":"Comment","target":["https:\/\/www.cetys.mx\/noticias\/estudiantes-de-cetys-conectan-con-la-industria-global-del-arte-digital-en-comic-con-san-diego\/#respond"]}]},{"@type":"WebPage","@id":"https:\/\/www.cetys.mx\/noticias\/estudiantes-de-cetys-conectan-con-la-industria-global-del-arte-digital-en-comic-con-san-diego\/","url":"https:\/\/www.cetys.mx\/noticias\/estudiantes-de-cetys-conectan-con-la-industria-global-del-arte-digital-en-comic-con-san-diego\/","name":"Estudiantes de CETYS conectan con la industria global del arte digital en Comic-Con San Diego - CETYS","isPartOf":{"@id":"https:\/\/www.cetys.mx\/noticias\/#website"},"primaryImageOfPage":{"@id":"https:\/\/www.cetys.mx\/noticias\/estudiantes-de-cetys-conectan-con-la-industria-global-del-arte-digital-en-comic-con-san-diego\/#primaryimage"},"image":{"@id":"https:\/\/www.cetys.mx\/noticias\/estudiantes-de-cetys-conectan-con-la-industria-global-del-arte-digital-en-comic-con-san-diego\/#primaryimage"},"thumbnailUrl":"https:\/\/www.cetys.mx\/noticias\/wp-content\/uploads\/2024\/08\/Estudiantes-de-CETYS-acudieron-a-la-edici\u00f3n-2024-del-ComicCon.jpg","datePublished":"2024-08-23T19:21:25+00:00","author":{"@id":"https:\/\/www.cetys.mx\/noticias\/#\/schema\/person\/1a1a88c0b6586e66a2e9e88e07afc712"},"description":"Articulo sobre Estudiantes de CETYS conectan con la industria global del arte digital en Comic-Con San Diego","breadcrumb":{"@id":"https:\/\/www.cetys.mx\/noticias\/estudiantes-de-cetys-conectan-con-la-industria-global-del-arte-digital-en-comic-con-san-diego\/#breadcrumb"},"inLanguage":"es","potentialAction":[{"@type":"ReadAction","target":["https:\/\/www.cetys.mx\/noticias\/estudiantes-de-cetys-conectan-con-la-industria-global-del-arte-digital-en-comic-con-san-diego\/"]}]},{"@type":"ImageObject","inLanguage":"es","@id":"https:\/\/www.cetys.mx\/noticias\/estudiantes-de-cetys-conectan-con-la-industria-global-del-arte-digital-en-comic-con-san-diego\/#primaryimage","url":"https:\/\/www.cetys.mx\/noticias\/wp-content\/uploads\/2024\/08\/Estudiantes-de-CETYS-acudieron-a-la-edici\u00f3n-2024-del-ComicCon.jpg","contentUrl":"https:\/\/www.cetys.mx\/noticias\/wp-content\/uploads\/2024\/08\/Estudiantes-de-CETYS-acudieron-a-la-edici\u00f3n-2024-del-ComicCon.jpg","width":600,"height":450},{"@type":"BreadcrumbList","@id":"https:\/\/www.cetys.mx\/noticias\/estudiantes-de-cetys-conectan-con-la-industria-global-del-arte-digital-en-comic-con-san-diego\/#breadcrumb","itemListElement":[{"@type":"ListItem","position":1,"name":"Inicio","item":"https:\/\/www.cetys.mx\/noticias\/"},{"@type":"ListItem","position":2,"name":"Estudiantes de CETYS conectan con la industria global del arte digital en Comic-Con San Diego"}]},{"@type":"WebSite","@id":"https:\/\/www.cetys.mx\/noticias\/#website","url":"https:\/\/www.cetys.mx\/noticias\/","name":"CETYS","description":"","potentialAction":[{"@type":"SearchAction","target":{"@type":"EntryPoint","urlTemplate":"https:\/\/www.cetys.mx\/noticias\/?s={search_term_string}"},"query-input":{"@type":"PropertyValueSpecification","valueRequired":true,"valueName":"search_term_string"}}],"inLanguage":"es"},{"@type":"Person","@id":"https:\/\/www.cetys.mx\/noticias\/#\/schema\/person\/1a1a88c0b6586e66a2e9e88e07afc712","name":"Campus Ensenada","url":"https:\/\/www.cetys.mx\/noticias\/author\/campusensenada\/"}]}},"_links":{"self":[{"href":"https:\/\/www.cetys.mx\/noticias\/wp-json\/wp\/v2\/posts\/201017","targetHints":{"allow":["GET"]}}],"collection":[{"href":"https:\/\/www.cetys.mx\/noticias\/wp-json\/wp\/v2\/posts"}],"about":[{"href":"https:\/\/www.cetys.mx\/noticias\/wp-json\/wp\/v2\/types\/post"}],"author":[{"embeddable":true,"href":"https:\/\/www.cetys.mx\/noticias\/wp-json\/wp\/v2\/users\/23"}],"replies":[{"embeddable":true,"href":"https:\/\/www.cetys.mx\/noticias\/wp-json\/wp\/v2\/comments?post=201017"}],"version-history":[{"count":2,"href":"https:\/\/www.cetys.mx\/noticias\/wp-json\/wp\/v2\/posts\/201017\/revisions"}],"predecessor-version":[{"id":201024,"href":"https:\/\/www.cetys.mx\/noticias\/wp-json\/wp\/v2\/posts\/201017\/revisions\/201024"}],"wp:featuredmedia":[{"embeddable":true,"href":"https:\/\/www.cetys.mx\/noticias\/wp-json\/wp\/v2\/media\/201018"}],"wp:attachment":[{"href":"https:\/\/www.cetys.mx\/noticias\/wp-json\/wp\/v2\/media?parent=201017"}],"wp:term":[{"taxonomy":"category","embeddable":true,"href":"https:\/\/www.cetys.mx\/noticias\/wp-json\/wp\/v2\/categories?post=201017"},{"taxonomy":"post_tag","embeddable":true,"href":"https:\/\/www.cetys.mx\/noticias\/wp-json\/wp\/v2\/tags?post=201017"}],"curies":[{"name":"wp","href":"https:\/\/api.w.org\/{rel}","templated":true}]}}