{"id":198423,"date":"2024-08-08T18:04:59","date_gmt":"2024-08-09T01:04:59","guid":{"rendered":"https:\/\/www.cetys.mx\/noticias\/?p=198423"},"modified":"2024-08-16T10:44:16","modified_gmt":"2024-08-16T17:44:16","slug":"presentan-centro-de-equidad-e-inclusion-en-el-sistema-cetys-universidad","status":"publish","type":"post","link":"https:\/\/www.cetys.mx\/noticias\/presentan-centro-de-equidad-e-inclusion-en-el-sistema-cetys-universidad\/","title":{"rendered":"Presentan Centro de Equidad e Inclusi\u00f3n en el Sistema CETYS Universidad"},"content":{"rendered":"<p><span style=\"font-weight: 400;\"><strong>CETYS Universidad<\/strong> inaugur\u00f3 su nuevo<strong> Centro de Equidad e Inclusi\u00f3n<\/strong>, este busca garantizar una educaci\u00f3n inclusiva y equitativa de calidad en su comunidad, que promueva oportunidades de aprendizaje permanente para todos, lo cual est\u00e1 alineado al Objetivo de Desarrollo Sostenible (ODS) 4, y en el que toda instituci\u00f3n educativa\u00a0 debe transformarse.<\/span><\/p>\n<p><span style=\"font-weight: 400;\">El objetivo del Centro de Equidad e Inclusi\u00f3n es promover un ambiente educativo en los <strong>campus de Mexicali, Tijuana y Ensenada<\/strong>, donde cada persona se sienta aceptada, valorada y cuente con las herramientas necesarias para contribuir de forma positiva en la comunidad, esto alineado a uno de los pilares fundamentales de CETYS Universidad, una educaci\u00f3n con enfoque inclusivo.<\/span><\/p>\n<p><span style=\"font-weight: 400;\"><img loading=\"lazy\" decoding=\"async\" class=\"wp-image-198433 alignleft\" src=\"https:\/\/www.cetys.mx\/noticias\/wp-content\/uploads\/2024\/08\/dr-fernando-leon-garcia-en-centro-de-equidad-e-inclusion-cetys.jpg\" alt=\"\" width=\"236\" height=\"236\" srcset=\"https:\/\/www.cetys.mx\/noticias\/wp-content\/uploads\/2024\/08\/dr-fernando-leon-garcia-en-centro-de-equidad-e-inclusion-cetys.jpg 958w, https:\/\/www.cetys.mx\/noticias\/wp-content\/uploads\/2024\/08\/dr-fernando-leon-garcia-en-centro-de-equidad-e-inclusion-cetys-768x768.jpg 768w, https:\/\/www.cetys.mx\/noticias\/wp-content\/uploads\/2024\/08\/dr-fernando-leon-garcia-en-centro-de-equidad-e-inclusion-cetys-75x75.jpg 75w, https:\/\/www.cetys.mx\/noticias\/wp-content\/uploads\/2024\/08\/dr-fernando-leon-garcia-en-centro-de-equidad-e-inclusion-cetys-300x300.jpg 300w\" sizes=\"auto, (max-width: 236px) 100vw, 236px\" \/>El <strong>Dr. Fernando Le\u00f3n Garc\u00eda<\/strong>, <em>rector del Sistema CETYS<\/em>, enfatiz\u00f3 que la esencia del Centro es crear un ambiente educativo donde cada miembro se sienta aceptado, valorado y empoderado para contribuir de manera positiva a la sociedad. Lo cual se alinea con los pilares de experiencia transformadora, cultura de innovaci\u00f3n, impacto significativo y trascendencia nacional y global, fundamentales para la instituci\u00f3n y descritos en la Visi\u00f3n del Plan de Desarrollo Institucional 2036.<\/span><\/p>\n<blockquote><p><span style=\"font-weight: 400;\">\u201cLa instituci\u00f3n celebra las diferencias culturales, \u00e9tnicas, de g\u00e9nero y habilidades, adoptando un enfoque educativo multiexperiencial, humanista, flexible y global. Estamos avanzando en lo que en Estados Unidos est\u00e1 siendo gestionado y est\u00e1 impactando en las universidades, tiene que ver con las polarizaciones que se han presentado. Hay que movernos de lo que es la inclusi\u00f3n como respuesta a lo correcto, lo hay que hacer en las empresas y organizaciones\u201d, manifest\u00f3 el Dr. Le\u00f3n Garc\u00eda.<\/span><\/p><\/blockquote>\n<p><span style=\"font-weight: 400;\"><img loading=\"lazy\" decoding=\"async\" class=\" wp-image-198434 alignright\" src=\"https:\/\/www.cetys.mx\/noticias\/wp-content\/uploads\/2024\/08\/lic-diego-sada-murillo-ienac-cetys.jpg\" alt=\"\" width=\"221\" height=\"221\" srcset=\"https:\/\/www.cetys.mx\/noticias\/wp-content\/uploads\/2024\/08\/lic-diego-sada-murillo-ienac-cetys.jpg 958w, https:\/\/www.cetys.mx\/noticias\/wp-content\/uploads\/2024\/08\/lic-diego-sada-murillo-ienac-cetys-768x768.jpg 768w, https:\/\/www.cetys.mx\/noticias\/wp-content\/uploads\/2024\/08\/lic-diego-sada-murillo-ienac-cetys-75x75.jpg 75w, https:\/\/www.cetys.mx\/noticias\/wp-content\/uploads\/2024\/08\/lic-diego-sada-murillo-ienac-cetys-300x300.jpg 300w\" sizes=\"auto, (max-width: 221px) 100vw, 221px\" \/>Por su parte el <strong>Lic. Diego Sada<\/strong>, en <em>representaci\u00f3n del Instituto Educativo del Noroeste A.C. (IENAC),<\/em> \u00f3rgano que auspicia a <strong>CETYS<\/strong> desde su fundaci\u00f3n, record\u00f3 que este Centro es un trabajo \u00e1rduo de hace a\u00f1os, que llev\u00f3 una revisi\u00f3n exhaustiva de otros centros en otros pa\u00edses, se analizaron las ventajas, las oportunidades que traer\u00e1, problemas que se enfrentan y c\u00f3mo se atienden. \u201cLa apertura de este Centro es una respuesta ante la sociedad cambiante que nos obliga a reflexionar y revalorar\u201d.<\/span><\/p>\n<p><span style=\"font-weight: 400;\">Finalmente, la<strong> Mtra. Carolina Miranda S\u00e1nchez,<\/strong> coordinadora del Centro de Equidad e Inclusi\u00f3n del Sistema CETYS, indic\u00f3 que \u201cTodo ello desde una concepci\u00f3n humanista de la educaci\u00f3n y del desarrollo basada en los derechos humanos y la dignidad, la justicia social, la inclusi\u00f3n, la protecci\u00f3n, la diversidad cultural, ling\u00fc\u00edstica, \u00e9tnica y de responsabilidades\u201d, coment\u00f3\u00a0<\/span><\/p>\n<p><span style=\"font-weight: 400;\"><img loading=\"lazy\" decoding=\"async\" class=\" wp-image-198435 alignleft\" src=\"https:\/\/www.cetys.mx\/noticias\/wp-content\/uploads\/2024\/08\/mtra-carolina-miranda-directora-centro-de-equidad-e-inclusion-cetys.jpg\" alt=\"\" width=\"246\" height=\"164\" srcset=\"https:\/\/www.cetys.mx\/noticias\/wp-content\/uploads\/2024\/08\/mtra-carolina-miranda-directora-centro-de-equidad-e-inclusion-cetys.jpg 1200w, https:\/\/www.cetys.mx\/noticias\/wp-content\/uploads\/2024\/08\/mtra-carolina-miranda-directora-centro-de-equidad-e-inclusion-cetys-768x511.jpg 768w\" sizes=\"auto, (max-width: 246px) 100vw, 246px\" \/>De acuerdo con la <strong>Mtra. Carolina Miranda<\/strong>, se vincular\u00e1 en los campus de Mexicali, Tijuana y Ensenada, en tres ejes:<\/span><\/p>\n<ol>\n<li style=\"font-weight: 400;\" aria-level=\"1\"><b>Vinculaci\u00f3n.<\/b><span style=\"font-weight: 400;\"> Intercambio de experiencias-Intercampus e incluso otras universidades e instituciones p\u00fablicas, privadas y Organizaciones de la Sociedad Civil que promuevan la equidad e inclusi\u00f3n.<\/span><\/li>\n<li style=\"font-weight: 400;\" aria-level=\"1\"><b>Formaci\u00f3n<\/b><span style=\"font-weight: 400;\">. Se\u00a0 impulsar\u00e1 a trav\u00e9s de foros, p\u00e1neles, talleres, exposiciones y canales de difusi\u00f3n impresa y digital.<\/span><\/li>\n<li style=\"font-weight: 400;\" aria-level=\"1\"><b>Atenci\u00f3n. <\/b><span style=\"font-weight: 400;\">El seguimiento a casos, lineamientos y activaci\u00f3n del Protocolo para Prevenci\u00f3n y Atenci\u00f3n de Casos de Discriminaci\u00f3n, Violencia Escolar, hostigamiento sexual. Abuso y acoso sexual en CETYS Universidad.<\/span><\/li>\n<\/ol>\n<p><span style=\"font-weight: 400;\">Con el <\/span><strong><a href=\"https:\/\/www.cetys.mx\/campus-seguro\/\">Centro de Equidad e Inclusi\u00f3n<\/a><\/strong><span style=\"font-weight: 400;\"><strong>, CETYS<\/strong> se compromete a evaluar constantemente sus mecanismos para prevenir y abordar cualquier conducta que atente contra la dignidad de las personas. Esto garantiza que todos los miembros de la comunidad tengan igualdad de oportunidades para acceder a servicios educativos, programas y recursos, eliminando obst\u00e1culos que puedan dificultar su participaci\u00f3n.<\/span><\/p>\n<p><span style=\"font-weight: 400;\">Tambi\u00e9n trabajar\u00e1 en el fortalecimiento del cuerpo docente y del personal educativo que debe reconocer la diversidad y riqueza de las personas que integran la comunidad CETYS. Por lo tanto, la instituci\u00f3n se compromete a realizar los cambios necesarios en su sistema de\u00a0 educaci\u00f3n y a centrar sus esfuerzos en los m\u00e1s desfavorecidos y que nadie se quede atr\u00e1s.<\/span><\/p>\n<p><img loading=\"lazy\" decoding=\"async\" class=\" wp-image-198431 aligncenter\" src=\"https:\/\/www.cetys.mx\/noticias\/wp-content\/uploads\/2024\/08\/autoridades-ienac-y-cetys-en-inauguracion-CEEI.jpg\" alt=\"\" width=\"843\" height=\"430\" srcset=\"https:\/\/www.cetys.mx\/noticias\/wp-content\/uploads\/2024\/08\/autoridades-ienac-y-cetys-en-inauguracion-CEEI.jpg 1200w, https:\/\/www.cetys.mx\/noticias\/wp-content\/uploads\/2024\/08\/autoridades-ienac-y-cetys-en-inauguracion-CEEI-768x392.jpg 768w\" sizes=\"auto, (max-width: 843px) 100vw, 843px\" \/><\/p>\n<p><span style=\"font-weight: 400;\">En el evento protocolario de apertura se cont\u00f3 con la presencia adicional del <strong>Dr. Luis Enrique Linares Borbo<\/strong>a, Director Instituto para la Formaci\u00f3n Integral (INFIN) de CETYS; <strong>Dr. Francisco V\u00e9lez Torres<\/strong>, Director del Campus Ensenada; <strong>Dr. Mario Dipp N\u00fa\u00f1ez<\/strong>, Director del campus Mexicali; <strong>Mtra. Yanina Rubio Boj\u00f3rquez<\/strong>, Directora del campus Tijuana; <strong>Mtra. Jessica Ibarra Ramonet<\/strong>. Vicerrectora de Desarrollo y Experiencia Estudiantil; <strong>Mtra. M\u00f3nica Manzanilla<\/strong>, Vicerrectora de Avance Institucional; <strong>C.P. Arturo \u00c1lvarez Soto<\/strong>, Vicerrector Administrativo y el <strong>Dr. Alberto G\u00e1rate Rivera<\/strong>, Vicerrector Acad\u00e9mico, as\u00ed como representantes de los 3 campus entre directivos, coordinadores, colaboradores y estudiantes.<\/span><\/p>\n<div class=\"video-container\"><iframe loading=\"lazy\" title=\"Inaugurado el Centro de Equidad e Inclusi\u00f3n del Sistema CETYS\" width=\"500\" height=\"281\" src=\"https:\/\/www.youtube.com\/embed\/v4cT08S_p78?feature=oembed\" frameborder=\"0\" allow=\"accelerometer; autoplay; clipboard-write; encrypted-media; gyroscope; picture-in-picture; web-share\" referrerpolicy=\"strict-origin-when-cross-origin\" allowfullscreen><\/iframe><\/div>\n","protected":false},"excerpt":{"rendered":"<p>CETYS Universidad inaugur\u00f3 su nuevo Centro de Equidad e Inclusi\u00f3n, este busca garantizar una educaci\u00f3n inclusiva y equitativa de calidad en su&#8230;<\/p>\n","protected":false},"author":26,"featured_media":198432,"comment_status":"open","ping_status":"closed","sticky":false,"template":"","format":"standard","meta":{"footnotes":""},"categories":[209,125,313],"tags":[204,1232,461],"class_list":["post-198423","post","type-post","status-publish","format-standard","has-post-thumbnail","hentry","category-institucional","category-portada","category-vocetys-2","tag-cetysuniversidad","tag-humanidades","tag-inclusion"],"yoast_head":"<!-- This site is optimized with the Yoast SEO plugin v27.4 - https:\/\/yoast.com\/product\/yoast-seo-wordpress\/ -->\n<title>Presentan Centro de Equidad e Inclusi\u00f3n en el Sistema CETYS Universidad - CETYS<\/title>\n<meta name=\"description\" content=\"Fue inaugurado el Centro de Equidad e Inclusi\u00f3n del Sistema CETYS, el cual busca garantizar una educaci\u00f3n de calidad en su comunidad.\" \/>\n<meta name=\"robots\" content=\"index, follow, max-snippet:-1, max-image-preview:large, max-video-preview:-1\" \/>\n<link rel=\"canonical\" href=\"https:\/\/www.cetys.mx\/noticias\/presentan-centro-de-equidad-e-inclusion-en-el-sistema-cetys-universidad\/\" \/>\n<meta property=\"og:locale\" content=\"es_MX\" \/>\n<meta property=\"og:type\" content=\"article\" \/>\n<meta property=\"og:title\" content=\"Presentan Centro de Equidad e Inclusi\u00f3n en el Sistema CETYS Universidad - CETYS\" \/>\n<meta property=\"og:description\" content=\"Fue inaugurado el Centro de Equidad e Inclusi\u00f3n del Sistema CETYS, el cual busca garantizar una educaci\u00f3n de calidad en su comunidad.\" \/>\n<meta property=\"og:url\" content=\"https:\/\/www.cetys.mx\/noticias\/presentan-centro-de-equidad-e-inclusion-en-el-sistema-cetys-universidad\/\" \/>\n<meta property=\"og:site_name\" content=\"CETYS\" \/>\n<meta property=\"article:publisher\" content=\"https:\/\/www.facebook.com\/cetysuniversidadmxl\/\" \/>\n<meta property=\"article:published_time\" content=\"2024-08-09T01:04:59+00:00\" \/>\n<meta property=\"article:modified_time\" content=\"2024-08-16T17:44:16+00:00\" \/>\n<meta property=\"og:image\" content=\"https:\/\/www.cetys.mx\/noticias\/wp-content\/uploads\/2024\/08\/corte-de-liston-centro-de-equidad-e-inclusion-cetys.jpg\" \/>\n\t<meta property=\"og:image:width\" content=\"1200\" \/>\n\t<meta property=\"og:image:height\" content=\"798\" \/>\n\t<meta property=\"og:image:type\" content=\"image\/jpeg\" \/>\n<meta name=\"author\" content=\"CETYS Institucional\" \/>\n<meta name=\"twitter:card\" content=\"summary_large_image\" \/>\n<meta name=\"twitter:creator\" content=\"@cetysuni\" \/>\n<meta name=\"twitter:site\" content=\"@cetysuni\" \/>\n<meta name=\"twitter:label1\" content=\"Escrito por\" \/>\n\t<meta name=\"twitter:data1\" content=\"CETYS Institucional\" \/>\n\t<meta name=\"twitter:label2\" content=\"Tiempo de lectura\" \/>\n\t<meta name=\"twitter:data2\" content=\"4 minutos\" \/>\n<script type=\"application\/ld+json\" class=\"yoast-schema-graph\">{\"@context\":\"https:\\\/\\\/schema.org\",\"@graph\":[{\"@type\":\"Article\",\"@id\":\"https:\\\/\\\/www.cetys.mx\\\/noticias\\\/presentan-centro-de-equidad-e-inclusion-en-el-sistema-cetys-universidad\\\/#article\",\"isPartOf\":{\"@id\":\"https:\\\/\\\/www.cetys.mx\\\/noticias\\\/presentan-centro-de-equidad-e-inclusion-en-el-sistema-cetys-universidad\\\/\"},\"author\":{\"name\":\"CETYS Institucional\",\"@id\":\"https:\\\/\\\/www.cetys.mx\\\/noticias\\\/#\\\/schema\\\/person\\\/e9d2b35265b64aa454df57a2828eb2ac\"},\"headline\":\"Presentan Centro de Equidad e Inclusi\u00f3n en el Sistema CETYS Universidad\",\"datePublished\":\"2024-08-09T01:04:59+00:00\",\"dateModified\":\"2024-08-16T17:44:16+00:00\",\"mainEntityOfPage\":{\"@id\":\"https:\\\/\\\/www.cetys.mx\\\/noticias\\\/presentan-centro-de-equidad-e-inclusion-en-el-sistema-cetys-universidad\\\/\"},\"wordCount\":770,\"commentCount\":0,\"image\":{\"@id\":\"https:\\\/\\\/www.cetys.mx\\\/noticias\\\/presentan-centro-de-equidad-e-inclusion-en-el-sistema-cetys-universidad\\\/#primaryimage\"},\"thumbnailUrl\":\"https:\\\/\\\/www.cetys.mx\\\/noticias\\\/wp-content\\\/uploads\\\/2024\\\/08\\\/corte-de-liston-centro-de-equidad-e-inclusion-cetys.jpg\",\"keywords\":[\"cetysuniversidad\",\"humanidades\",\"Inclusi\u00f3n\"],\"articleSection\":[\"Institucional\",\"Portada\",\"VoCETYS\"],\"inLanguage\":\"es\",\"potentialAction\":[{\"@type\":\"CommentAction\",\"name\":\"Comment\",\"target\":[\"https:\\\/\\\/www.cetys.mx\\\/noticias\\\/presentan-centro-de-equidad-e-inclusion-en-el-sistema-cetys-universidad\\\/#respond\"]}]},{\"@type\":\"WebPage\",\"@id\":\"https:\\\/\\\/www.cetys.mx\\\/noticias\\\/presentan-centro-de-equidad-e-inclusion-en-el-sistema-cetys-universidad\\\/\",\"url\":\"https:\\\/\\\/www.cetys.mx\\\/noticias\\\/presentan-centro-de-equidad-e-inclusion-en-el-sistema-cetys-universidad\\\/\",\"name\":\"Presentan Centro de Equidad e Inclusi\u00f3n en el Sistema CETYS Universidad - CETYS\",\"isPartOf\":{\"@id\":\"https:\\\/\\\/www.cetys.mx\\\/noticias\\\/#website\"},\"primaryImageOfPage\":{\"@id\":\"https:\\\/\\\/www.cetys.mx\\\/noticias\\\/presentan-centro-de-equidad-e-inclusion-en-el-sistema-cetys-universidad\\\/#primaryimage\"},\"image\":{\"@id\":\"https:\\\/\\\/www.cetys.mx\\\/noticias\\\/presentan-centro-de-equidad-e-inclusion-en-el-sistema-cetys-universidad\\\/#primaryimage\"},\"thumbnailUrl\":\"https:\\\/\\\/www.cetys.mx\\\/noticias\\\/wp-content\\\/uploads\\\/2024\\\/08\\\/corte-de-liston-centro-de-equidad-e-inclusion-cetys.jpg\",\"datePublished\":\"2024-08-09T01:04:59+00:00\",\"dateModified\":\"2024-08-16T17:44:16+00:00\",\"author\":{\"@id\":\"https:\\\/\\\/www.cetys.mx\\\/noticias\\\/#\\\/schema\\\/person\\\/e9d2b35265b64aa454df57a2828eb2ac\"},\"description\":\"Fue inaugurado el Centro de Equidad e Inclusi\u00f3n del Sistema CETYS, el cual busca garantizar una educaci\u00f3n de calidad en su comunidad.\",\"breadcrumb\":{\"@id\":\"https:\\\/\\\/www.cetys.mx\\\/noticias\\\/presentan-centro-de-equidad-e-inclusion-en-el-sistema-cetys-universidad\\\/#breadcrumb\"},\"inLanguage\":\"es\",\"potentialAction\":[{\"@type\":\"ReadAction\",\"target\":[\"https:\\\/\\\/www.cetys.mx\\\/noticias\\\/presentan-centro-de-equidad-e-inclusion-en-el-sistema-cetys-universidad\\\/\"]}]},{\"@type\":\"ImageObject\",\"inLanguage\":\"es\",\"@id\":\"https:\\\/\\\/www.cetys.mx\\\/noticias\\\/presentan-centro-de-equidad-e-inclusion-en-el-sistema-cetys-universidad\\\/#primaryimage\",\"url\":\"https:\\\/\\\/www.cetys.mx\\\/noticias\\\/wp-content\\\/uploads\\\/2024\\\/08\\\/corte-de-liston-centro-de-equidad-e-inclusion-cetys.jpg\",\"contentUrl\":\"https:\\\/\\\/www.cetys.mx\\\/noticias\\\/wp-content\\\/uploads\\\/2024\\\/08\\\/corte-de-liston-centro-de-equidad-e-inclusion-cetys.jpg\",\"width\":1200,\"height\":798},{\"@type\":\"BreadcrumbList\",\"@id\":\"https:\\\/\\\/www.cetys.mx\\\/noticias\\\/presentan-centro-de-equidad-e-inclusion-en-el-sistema-cetys-universidad\\\/#breadcrumb\",\"itemListElement\":[{\"@type\":\"ListItem\",\"position\":1,\"name\":\"Inicio\",\"item\":\"https:\\\/\\\/www.cetys.mx\\\/noticias\\\/\"},{\"@type\":\"ListItem\",\"position\":2,\"name\":\"Presentan Centro de Equidad e Inclusi\u00f3n en el Sistema CETYS Universidad\"}]},{\"@type\":\"WebSite\",\"@id\":\"https:\\\/\\\/www.cetys.mx\\\/noticias\\\/#website\",\"url\":\"https:\\\/\\\/www.cetys.mx\\\/noticias\\\/\",\"name\":\"CETYS\",\"description\":\"\",\"potentialAction\":[{\"@type\":\"SearchAction\",\"target\":{\"@type\":\"EntryPoint\",\"urlTemplate\":\"https:\\\/\\\/www.cetys.mx\\\/noticias\\\/?s={search_term_string}\"},\"query-input\":{\"@type\":\"PropertyValueSpecification\",\"valueRequired\":true,\"valueName\":\"search_term_string\"}}],\"inLanguage\":\"es\"},{\"@type\":\"Person\",\"@id\":\"https:\\\/\\\/www.cetys.mx\\\/noticias\\\/#\\\/schema\\\/person\\\/e9d2b35265b64aa454df57a2828eb2ac\",\"name\":\"CETYS Institucional\",\"url\":\"https:\\\/\\\/www.cetys.mx\\\/noticias\\\/author\\\/cetysinstitucional\\\/\"}]}<\/script>\n<!-- \/ Yoast SEO plugin. -->","yoast_head_json":{"title":"Presentan Centro de Equidad e Inclusi\u00f3n en el Sistema CETYS Universidad - CETYS","description":"Fue inaugurado el Centro de Equidad e Inclusi\u00f3n del Sistema CETYS, el cual busca garantizar una educaci\u00f3n de calidad en su comunidad.","robots":{"index":"index","follow":"follow","max-snippet":"max-snippet:-1","max-image-preview":"max-image-preview:large","max-video-preview":"max-video-preview:-1"},"canonical":"https:\/\/www.cetys.mx\/noticias\/presentan-centro-de-equidad-e-inclusion-en-el-sistema-cetys-universidad\/","og_locale":"es_MX","og_type":"article","og_title":"Presentan Centro de Equidad e Inclusi\u00f3n en el Sistema CETYS Universidad - CETYS","og_description":"Fue inaugurado el Centro de Equidad e Inclusi\u00f3n del Sistema CETYS, el cual busca garantizar una educaci\u00f3n de calidad en su comunidad.","og_url":"https:\/\/www.cetys.mx\/noticias\/presentan-centro-de-equidad-e-inclusion-en-el-sistema-cetys-universidad\/","og_site_name":"CETYS","article_publisher":"https:\/\/www.facebook.com\/cetysuniversidadmxl\/","article_published_time":"2024-08-09T01:04:59+00:00","article_modified_time":"2024-08-16T17:44:16+00:00","og_image":[{"width":1200,"height":798,"url":"https:\/\/www.cetys.mx\/noticias\/wp-content\/uploads\/2024\/08\/corte-de-liston-centro-de-equidad-e-inclusion-cetys.jpg","type":"image\/jpeg"}],"author":"CETYS Institucional","twitter_card":"summary_large_image","twitter_creator":"@cetysuni","twitter_site":"@cetysuni","twitter_misc":{"Escrito por":"CETYS Institucional","Tiempo de lectura":"4 minutos"},"schema":{"@context":"https:\/\/schema.org","@graph":[{"@type":"Article","@id":"https:\/\/www.cetys.mx\/noticias\/presentan-centro-de-equidad-e-inclusion-en-el-sistema-cetys-universidad\/#article","isPartOf":{"@id":"https:\/\/www.cetys.mx\/noticias\/presentan-centro-de-equidad-e-inclusion-en-el-sistema-cetys-universidad\/"},"author":{"name":"CETYS Institucional","@id":"https:\/\/www.cetys.mx\/noticias\/#\/schema\/person\/e9d2b35265b64aa454df57a2828eb2ac"},"headline":"Presentan Centro de Equidad e Inclusi\u00f3n en el Sistema CETYS Universidad","datePublished":"2024-08-09T01:04:59+00:00","dateModified":"2024-08-16T17:44:16+00:00","mainEntityOfPage":{"@id":"https:\/\/www.cetys.mx\/noticias\/presentan-centro-de-equidad-e-inclusion-en-el-sistema-cetys-universidad\/"},"wordCount":770,"commentCount":0,"image":{"@id":"https:\/\/www.cetys.mx\/noticias\/presentan-centro-de-equidad-e-inclusion-en-el-sistema-cetys-universidad\/#primaryimage"},"thumbnailUrl":"https:\/\/www.cetys.mx\/noticias\/wp-content\/uploads\/2024\/08\/corte-de-liston-centro-de-equidad-e-inclusion-cetys.jpg","keywords":["cetysuniversidad","humanidades","Inclusi\u00f3n"],"articleSection":["Institucional","Portada","VoCETYS"],"inLanguage":"es","potentialAction":[{"@type":"CommentAction","name":"Comment","target":["https:\/\/www.cetys.mx\/noticias\/presentan-centro-de-equidad-e-inclusion-en-el-sistema-cetys-universidad\/#respond"]}]},{"@type":"WebPage","@id":"https:\/\/www.cetys.mx\/noticias\/presentan-centro-de-equidad-e-inclusion-en-el-sistema-cetys-universidad\/","url":"https:\/\/www.cetys.mx\/noticias\/presentan-centro-de-equidad-e-inclusion-en-el-sistema-cetys-universidad\/","name":"Presentan Centro de Equidad e Inclusi\u00f3n en el Sistema CETYS Universidad - CETYS","isPartOf":{"@id":"https:\/\/www.cetys.mx\/noticias\/#website"},"primaryImageOfPage":{"@id":"https:\/\/www.cetys.mx\/noticias\/presentan-centro-de-equidad-e-inclusion-en-el-sistema-cetys-universidad\/#primaryimage"},"image":{"@id":"https:\/\/www.cetys.mx\/noticias\/presentan-centro-de-equidad-e-inclusion-en-el-sistema-cetys-universidad\/#primaryimage"},"thumbnailUrl":"https:\/\/www.cetys.mx\/noticias\/wp-content\/uploads\/2024\/08\/corte-de-liston-centro-de-equidad-e-inclusion-cetys.jpg","datePublished":"2024-08-09T01:04:59+00:00","dateModified":"2024-08-16T17:44:16+00:00","author":{"@id":"https:\/\/www.cetys.mx\/noticias\/#\/schema\/person\/e9d2b35265b64aa454df57a2828eb2ac"},"description":"Fue inaugurado el Centro de Equidad e Inclusi\u00f3n del Sistema CETYS, el cual busca garantizar una educaci\u00f3n de calidad en su comunidad.","breadcrumb":{"@id":"https:\/\/www.cetys.mx\/noticias\/presentan-centro-de-equidad-e-inclusion-en-el-sistema-cetys-universidad\/#breadcrumb"},"inLanguage":"es","potentialAction":[{"@type":"ReadAction","target":["https:\/\/www.cetys.mx\/noticias\/presentan-centro-de-equidad-e-inclusion-en-el-sistema-cetys-universidad\/"]}]},{"@type":"ImageObject","inLanguage":"es","@id":"https:\/\/www.cetys.mx\/noticias\/presentan-centro-de-equidad-e-inclusion-en-el-sistema-cetys-universidad\/#primaryimage","url":"https:\/\/www.cetys.mx\/noticias\/wp-content\/uploads\/2024\/08\/corte-de-liston-centro-de-equidad-e-inclusion-cetys.jpg","contentUrl":"https:\/\/www.cetys.mx\/noticias\/wp-content\/uploads\/2024\/08\/corte-de-liston-centro-de-equidad-e-inclusion-cetys.jpg","width":1200,"height":798},{"@type":"BreadcrumbList","@id":"https:\/\/www.cetys.mx\/noticias\/presentan-centro-de-equidad-e-inclusion-en-el-sistema-cetys-universidad\/#breadcrumb","itemListElement":[{"@type":"ListItem","position":1,"name":"Inicio","item":"https:\/\/www.cetys.mx\/noticias\/"},{"@type":"ListItem","position":2,"name":"Presentan Centro de Equidad e Inclusi\u00f3n en el Sistema CETYS Universidad"}]},{"@type":"WebSite","@id":"https:\/\/www.cetys.mx\/noticias\/#website","url":"https:\/\/www.cetys.mx\/noticias\/","name":"CETYS","description":"","potentialAction":[{"@type":"SearchAction","target":{"@type":"EntryPoint","urlTemplate":"https:\/\/www.cetys.mx\/noticias\/?s={search_term_string}"},"query-input":{"@type":"PropertyValueSpecification","valueRequired":true,"valueName":"search_term_string"}}],"inLanguage":"es"},{"@type":"Person","@id":"https:\/\/www.cetys.mx\/noticias\/#\/schema\/person\/e9d2b35265b64aa454df57a2828eb2ac","name":"CETYS Institucional","url":"https:\/\/www.cetys.mx\/noticias\/author\/cetysinstitucional\/"}]}},"_links":{"self":[{"href":"https:\/\/www.cetys.mx\/noticias\/wp-json\/wp\/v2\/posts\/198423","targetHints":{"allow":["GET"]}}],"collection":[{"href":"https:\/\/www.cetys.mx\/noticias\/wp-json\/wp\/v2\/posts"}],"about":[{"href":"https:\/\/www.cetys.mx\/noticias\/wp-json\/wp\/v2\/types\/post"}],"author":[{"embeddable":true,"href":"https:\/\/www.cetys.mx\/noticias\/wp-json\/wp\/v2\/users\/26"}],"replies":[{"embeddable":true,"href":"https:\/\/www.cetys.mx\/noticias\/wp-json\/wp\/v2\/comments?post=198423"}],"version-history":[{"count":3,"href":"https:\/\/www.cetys.mx\/noticias\/wp-json\/wp\/v2\/posts\/198423\/revisions"}],"predecessor-version":[{"id":200760,"href":"https:\/\/www.cetys.mx\/noticias\/wp-json\/wp\/v2\/posts\/198423\/revisions\/200760"}],"wp:featuredmedia":[{"embeddable":true,"href":"https:\/\/www.cetys.mx\/noticias\/wp-json\/wp\/v2\/media\/198432"}],"wp:attachment":[{"href":"https:\/\/www.cetys.mx\/noticias\/wp-json\/wp\/v2\/media?parent=198423"}],"wp:term":[{"taxonomy":"category","embeddable":true,"href":"https:\/\/www.cetys.mx\/noticias\/wp-json\/wp\/v2\/categories?post=198423"},{"taxonomy":"post_tag","embeddable":true,"href":"https:\/\/www.cetys.mx\/noticias\/wp-json\/wp\/v2\/tags?post=198423"}],"curies":[{"name":"wp","href":"https:\/\/api.w.org\/{rel}","templated":true}]}}