{"id":195374,"date":"2024-08-05T12:36:41","date_gmt":"2024-08-05T19:36:41","guid":{"rendered":"https:\/\/www.cetys.mx\/noticias\/?p=195374"},"modified":"2024-08-05T12:36:41","modified_gmt":"2024-08-05T19:36:41","slug":"refrenda-cevit-lazos-con-consejo-mexicano-vitivinicola","status":"publish","type":"post","link":"https:\/\/www.cetys.mx\/noticias\/refrenda-cevit-lazos-con-consejo-mexicano-vitivinicola\/","title":{"rendered":"Refrenda CEVIT lazos con Consejo Mexicano Vitivin\u00edcola"},"content":{"rendered":"<p><b>\u00a0<\/b><span style=\"font-weight: 400;\">El Centro de Estudios Vitivin\u00edcolas (CEVIT), refrend\u00f3 su compromiso como miembro honorario del Consejo Mexicano Vitivin\u00edcola, A.C. (CMV), organismo que representa a productores de uva y vino, adem\u00e1s de fomentar el cultivo, la industrializaci\u00f3n, la comercializaci\u00f3n y promoci\u00f3n de la uva y el vino mexicano.<\/span><\/p>\n<p><span style=\"font-weight: 400;\">Durante la firma del convenio el Dr. Francisco V\u00e9lez, Director CETYS Universidad Campus Internacional Ensenada, destac\u00f3 c\u00f3mo este tipo de acciones se vinculan con los objetivos de la instituci\u00f3n: \u201cCETYS es una instituci\u00f3n que no persigue fines de lucro y tiene como intenci\u00f3n formar de manera integral a los profesionales, por lo que nos sentimos contentos y agradecidos\u00a0 por esta firma de convenio, porque abre la puerta para llevar a mayores niveles de desarrollo y una fruct\u00edfera relaci\u00f3n institucional\u201d.<\/span><\/p>\n<p><img loading=\"lazy\" decoding=\"async\" class=\"alignnone size-full wp-image-195378\" src=\"https:\/\/www.cetys.mx\/noticias\/wp-content\/uploads\/2024\/08\/3-8.jpg\" alt=\"\" width=\"958\" height=\"637\" srcset=\"https:\/\/www.cetys.mx\/noticias\/wp-content\/uploads\/2024\/08\/3-8.jpg 958w, https:\/\/www.cetys.mx\/noticias\/wp-content\/uploads\/2024\/08\/3-8-768x511.jpg 768w\" sizes=\"auto, (max-width: 958px) 100vw, 958px\" \/><\/p>\n<p><span style=\"font-weight: 400;\">En representaci\u00f3n del Dr. Fernando Le\u00f3n Garc\u00eda, Rector del Sistema CETYS Universidad, acudi\u00f3 la Mtra. M\u00f3nica Manzanilla,<\/span><span style=\"font-weight: 400;\"> Vicerrectora de Avance Institucional de CETYS Universidad, para reiterar como el compromiso de CETYS con la educaci\u00f3n es el eje de este tipo de alianzas interinstitucionales:<\/span><\/p>\n<blockquote><p><span style=\"font-weight: 400;\">\u201cEstamos haciendo un esfuerzo institucional m\u00e1s all\u00e1 de formar profesionistas al sumarnos a esta gran industria del vino mexicano. Nos sentimos muy orgullosos de esta alianza, porque al final es reflejo de lo que como CETYS queremos generar con la comunidad\u201d.<\/span><\/p><\/blockquote>\n<p><span style=\"font-weight: 400;\">Previo a la firma del refrendo, la Dra. Diana Celaya Tentori, Directora del CEVIT, record\u00f3 la trayectoria de CETYS y su compromiso con la comunidad creando sinergias entre empresarios y gobierno: \u201cEl CEVIT tiene como propuesta de valor la transferencia de conocimiento y formaci\u00f3n de capital humano para elevar la competitividad del sector vitivin\u00edcola mexicano de forma sustentable e incluyente\u201d.<\/span><\/p>\n<div id=\"attachment_195380\" style=\"width: 968px\" class=\"wp-caption alignnone\"><img loading=\"lazy\" decoding=\"async\" aria-describedby=\"caption-attachment-195380\" class=\"size-full wp-image-195380\" src=\"https:\/\/www.cetys.mx\/noticias\/wp-content\/uploads\/2024\/08\/4-1.jpg\" alt=\"\" width=\"958\" height=\"637\" srcset=\"https:\/\/www.cetys.mx\/noticias\/wp-content\/uploads\/2024\/08\/4-1.jpg 958w, https:\/\/www.cetys.mx\/noticias\/wp-content\/uploads\/2024\/08\/4-1-768x511.jpg 768w\" sizes=\"auto, (max-width: 958px) 100vw, 958px\" \/><p id=\"caption-attachment-195380\" class=\"wp-caption-text\">Durante la firma del refrendo del convenio Dra. Diana Celaya Tentori ofreci\u00f3 unas palabras<\/p><\/div>\n<p><span style=\"font-weight: 400;\">Para finalizar, Lic. Salom\u00f3n Abedrop L\u00f3pez\u066b Presidente del CMV cerr\u00f3 el evento con unas palabras a los asistentes, en las que record\u00f3 que este refrendo servir\u00e1 para continuar apoyando el desarrollo de la industria vitivin\u00edcola a nivel nacional: \u201cEl CETYS se ha convertido en un brazo cercano al CMV y nosotros queremos reafirmar esa amistad con ustedes. Queremos que la\u00a0 enocultura sea fuerte y de calidad, necesitamos capacidad t\u00e9cnica, con eficiencia y conocimientos muy s\u00f3lidos\u201d.\u00a0<\/span><\/p>\n<p><img loading=\"lazy\" decoding=\"async\" class=\"alignnone size-full wp-image-195379\" src=\"https:\/\/www.cetys.mx\/noticias\/wp-content\/uploads\/2024\/08\/1-4.jpg\" alt=\"\" width=\"958\" height=\"637\" srcset=\"https:\/\/www.cetys.mx\/noticias\/wp-content\/uploads\/2024\/08\/1-4.jpg 958w, https:\/\/www.cetys.mx\/noticias\/wp-content\/uploads\/2024\/08\/1-4-768x511.jpg 768w\" sizes=\"auto, (max-width: 958px) 100vw, 958px\" \/><\/p>\n<p><span style=\"font-weight: 400;\">Cabe destacar que el CMV tiene m\u00e1s de 72 a\u00f1os en operaci\u00f3n y cuenta 65 asociados representantes de productores de uva mesa, vino, pasa, brandy, jugos y concentrados, as\u00ed como asociaciones de vitivinicultores estatales; y que la colaboraci\u00f3n con el CEVIT se logr\u00f3 desde el a\u00f1o 2019,\u00a0 cuando fue aceptado como miembro honorario, y desde entonces se ha mantenido una estrecha relaci\u00f3n colaborando en diversas gestiones y proyectos.<\/span><\/p>\n","protected":false},"excerpt":{"rendered":"<p>\u00a0El Centro de Estudios Vitivin\u00edcolas (CEVIT), refrend\u00f3 su compromiso como miembro honorario del Consejo Mexicano Vitivin\u00edcola, A.C. (CMV), organismo que representa a&#8230;<\/p>\n","protected":false},"author":23,"featured_media":195377,"comment_status":"open","ping_status":"closed","sticky":false,"template":"","format":"standard","meta":{"footnotes":""},"categories":[132,5681,125,313],"tags":[3949],"class_list":["post-195374","post","type-post","status-publish","format-standard","has-post-thumbnail","hentry","category-campus-ensenada","category-cevit","category-portada","category-vocetys-2","tag-cevit"],"yoast_head":"<!-- This site is optimized with the Yoast SEO plugin v27.4 - https:\/\/yoast.com\/product\/yoast-seo-wordpress\/ -->\n<title>Refrenda CEVIT lazos con Consejo Mexicano Vitivin\u00edcola - CETYS<\/title>\n<meta name=\"description\" content=\"Articulo sobre Refrenda CEVIT lazos con Consejo Mexicano Vitivin\u00edcola\" \/>\n<meta name=\"robots\" content=\"index, follow, max-snippet:-1, max-image-preview:large, max-video-preview:-1\" \/>\n<link rel=\"canonical\" href=\"https:\/\/www.cetys.mx\/noticias\/refrenda-cevit-lazos-con-consejo-mexicano-vitivinicola\/\" \/>\n<meta property=\"og:locale\" content=\"es_MX\" \/>\n<meta property=\"og:type\" content=\"article\" \/>\n<meta property=\"og:title\" content=\"Refrenda CEVIT lazos con Consejo Mexicano Vitivin\u00edcola - CETYS\" \/>\n<meta property=\"og:description\" content=\"Articulo sobre Refrenda CEVIT lazos con Consejo Mexicano Vitivin\u00edcola\" \/>\n<meta property=\"og:url\" content=\"https:\/\/www.cetys.mx\/noticias\/refrenda-cevit-lazos-con-consejo-mexicano-vitivinicola\/\" \/>\n<meta property=\"og:site_name\" content=\"CETYS\" \/>\n<meta property=\"article:publisher\" content=\"https:\/\/www.facebook.com\/cetysuniversidadmxl\/\" \/>\n<meta property=\"article:published_time\" content=\"2024-08-05T19:36:41+00:00\" \/>\n<meta property=\"og:image\" content=\"https:\/\/www.cetys.mx\/noticias\/wp-content\/uploads\/2024\/08\/2-7.jpg\" \/>\n\t<meta property=\"og:image:width\" content=\"958\" \/>\n\t<meta property=\"og:image:height\" content=\"637\" \/>\n\t<meta property=\"og:image:type\" content=\"image\/jpeg\" \/>\n<meta name=\"author\" content=\"Campus Ensenada\" \/>\n<meta name=\"twitter:card\" content=\"summary_large_image\" \/>\n<meta name=\"twitter:creator\" content=\"@cetysuni\" \/>\n<meta name=\"twitter:site\" content=\"@cetysuni\" \/>\n<meta name=\"twitter:label1\" content=\"Escrito por\" \/>\n\t<meta name=\"twitter:data1\" content=\"Campus Ensenada\" \/>\n\t<meta name=\"twitter:label2\" content=\"Tiempo de lectura\" \/>\n\t<meta name=\"twitter:data2\" content=\"2 minutos\" \/>\n<script type=\"application\/ld+json\" class=\"yoast-schema-graph\">{\"@context\":\"https:\\\/\\\/schema.org\",\"@graph\":[{\"@type\":\"Article\",\"@id\":\"https:\\\/\\\/www.cetys.mx\\\/noticias\\\/refrenda-cevit-lazos-con-consejo-mexicano-vitivinicola\\\/#article\",\"isPartOf\":{\"@id\":\"https:\\\/\\\/www.cetys.mx\\\/noticias\\\/refrenda-cevit-lazos-con-consejo-mexicano-vitivinicola\\\/\"},\"author\":{\"name\":\"Campus Ensenada\",\"@id\":\"https:\\\/\\\/www.cetys.mx\\\/noticias\\\/#\\\/schema\\\/person\\\/1a1a88c0b6586e66a2e9e88e07afc712\"},\"headline\":\"Refrenda CEVIT lazos con Consejo Mexicano Vitivin\u00edcola\",\"datePublished\":\"2024-08-05T19:36:41+00:00\",\"mainEntityOfPage\":{\"@id\":\"https:\\\/\\\/www.cetys.mx\\\/noticias\\\/refrenda-cevit-lazos-con-consejo-mexicano-vitivinicola\\\/\"},\"wordCount\":470,\"commentCount\":0,\"image\":{\"@id\":\"https:\\\/\\\/www.cetys.mx\\\/noticias\\\/refrenda-cevit-lazos-con-consejo-mexicano-vitivinicola\\\/#primaryimage\"},\"thumbnailUrl\":\"https:\\\/\\\/www.cetys.mx\\\/noticias\\\/wp-content\\\/uploads\\\/2024\\\/08\\\/2-7.jpg\",\"keywords\":[\"CEVIT\"],\"articleSection\":[\"Campus Ensenada\",\"CEVIT\",\"Portada\",\"VoCETYS\"],\"inLanguage\":\"es\",\"potentialAction\":[{\"@type\":\"CommentAction\",\"name\":\"Comment\",\"target\":[\"https:\\\/\\\/www.cetys.mx\\\/noticias\\\/refrenda-cevit-lazos-con-consejo-mexicano-vitivinicola\\\/#respond\"]}]},{\"@type\":\"WebPage\",\"@id\":\"https:\\\/\\\/www.cetys.mx\\\/noticias\\\/refrenda-cevit-lazos-con-consejo-mexicano-vitivinicola\\\/\",\"url\":\"https:\\\/\\\/www.cetys.mx\\\/noticias\\\/refrenda-cevit-lazos-con-consejo-mexicano-vitivinicola\\\/\",\"name\":\"Refrenda CEVIT lazos con Consejo Mexicano Vitivin\u00edcola - CETYS\",\"isPartOf\":{\"@id\":\"https:\\\/\\\/www.cetys.mx\\\/noticias\\\/#website\"},\"primaryImageOfPage\":{\"@id\":\"https:\\\/\\\/www.cetys.mx\\\/noticias\\\/refrenda-cevit-lazos-con-consejo-mexicano-vitivinicola\\\/#primaryimage\"},\"image\":{\"@id\":\"https:\\\/\\\/www.cetys.mx\\\/noticias\\\/refrenda-cevit-lazos-con-consejo-mexicano-vitivinicola\\\/#primaryimage\"},\"thumbnailUrl\":\"https:\\\/\\\/www.cetys.mx\\\/noticias\\\/wp-content\\\/uploads\\\/2024\\\/08\\\/2-7.jpg\",\"datePublished\":\"2024-08-05T19:36:41+00:00\",\"author\":{\"@id\":\"https:\\\/\\\/www.cetys.mx\\\/noticias\\\/#\\\/schema\\\/person\\\/1a1a88c0b6586e66a2e9e88e07afc712\"},\"description\":\"Articulo sobre Refrenda CEVIT lazos con Consejo Mexicano Vitivin\u00edcola\",\"breadcrumb\":{\"@id\":\"https:\\\/\\\/www.cetys.mx\\\/noticias\\\/refrenda-cevit-lazos-con-consejo-mexicano-vitivinicola\\\/#breadcrumb\"},\"inLanguage\":\"es\",\"potentialAction\":[{\"@type\":\"ReadAction\",\"target\":[\"https:\\\/\\\/www.cetys.mx\\\/noticias\\\/refrenda-cevit-lazos-con-consejo-mexicano-vitivinicola\\\/\"]}]},{\"@type\":\"ImageObject\",\"inLanguage\":\"es\",\"@id\":\"https:\\\/\\\/www.cetys.mx\\\/noticias\\\/refrenda-cevit-lazos-con-consejo-mexicano-vitivinicola\\\/#primaryimage\",\"url\":\"https:\\\/\\\/www.cetys.mx\\\/noticias\\\/wp-content\\\/uploads\\\/2024\\\/08\\\/2-7.jpg\",\"contentUrl\":\"https:\\\/\\\/www.cetys.mx\\\/noticias\\\/wp-content\\\/uploads\\\/2024\\\/08\\\/2-7.jpg\",\"width\":958,\"height\":637},{\"@type\":\"BreadcrumbList\",\"@id\":\"https:\\\/\\\/www.cetys.mx\\\/noticias\\\/refrenda-cevit-lazos-con-consejo-mexicano-vitivinicola\\\/#breadcrumb\",\"itemListElement\":[{\"@type\":\"ListItem\",\"position\":1,\"name\":\"Inicio\",\"item\":\"https:\\\/\\\/www.cetys.mx\\\/noticias\\\/\"},{\"@type\":\"ListItem\",\"position\":2,\"name\":\"Refrenda CEVIT lazos con Consejo Mexicano Vitivin\u00edcola\"}]},{\"@type\":\"WebSite\",\"@id\":\"https:\\\/\\\/www.cetys.mx\\\/noticias\\\/#website\",\"url\":\"https:\\\/\\\/www.cetys.mx\\\/noticias\\\/\",\"name\":\"CETYS\",\"description\":\"\",\"potentialAction\":[{\"@type\":\"SearchAction\",\"target\":{\"@type\":\"EntryPoint\",\"urlTemplate\":\"https:\\\/\\\/www.cetys.mx\\\/noticias\\\/?s={search_term_string}\"},\"query-input\":{\"@type\":\"PropertyValueSpecification\",\"valueRequired\":true,\"valueName\":\"search_term_string\"}}],\"inLanguage\":\"es\"},{\"@type\":\"Person\",\"@id\":\"https:\\\/\\\/www.cetys.mx\\\/noticias\\\/#\\\/schema\\\/person\\\/1a1a88c0b6586e66a2e9e88e07afc712\",\"name\":\"Campus Ensenada\",\"url\":\"https:\\\/\\\/www.cetys.mx\\\/noticias\\\/author\\\/campusensenada\\\/\"}]}<\/script>\n<!-- \/ Yoast SEO plugin. -->","yoast_head_json":{"title":"Refrenda CEVIT lazos con Consejo Mexicano Vitivin\u00edcola - CETYS","description":"Articulo sobre Refrenda CEVIT lazos con Consejo Mexicano Vitivin\u00edcola","robots":{"index":"index","follow":"follow","max-snippet":"max-snippet:-1","max-image-preview":"max-image-preview:large","max-video-preview":"max-video-preview:-1"},"canonical":"https:\/\/www.cetys.mx\/noticias\/refrenda-cevit-lazos-con-consejo-mexicano-vitivinicola\/","og_locale":"es_MX","og_type":"article","og_title":"Refrenda CEVIT lazos con Consejo Mexicano Vitivin\u00edcola - CETYS","og_description":"Articulo sobre Refrenda CEVIT lazos con Consejo Mexicano Vitivin\u00edcola","og_url":"https:\/\/www.cetys.mx\/noticias\/refrenda-cevit-lazos-con-consejo-mexicano-vitivinicola\/","og_site_name":"CETYS","article_publisher":"https:\/\/www.facebook.com\/cetysuniversidadmxl\/","article_published_time":"2024-08-05T19:36:41+00:00","og_image":[{"width":958,"height":637,"url":"https:\/\/www.cetys.mx\/noticias\/wp-content\/uploads\/2024\/08\/2-7.jpg","type":"image\/jpeg"}],"author":"Campus Ensenada","twitter_card":"summary_large_image","twitter_creator":"@cetysuni","twitter_site":"@cetysuni","twitter_misc":{"Escrito por":"Campus Ensenada","Tiempo de lectura":"2 minutos"},"schema":{"@context":"https:\/\/schema.org","@graph":[{"@type":"Article","@id":"https:\/\/www.cetys.mx\/noticias\/refrenda-cevit-lazos-con-consejo-mexicano-vitivinicola\/#article","isPartOf":{"@id":"https:\/\/www.cetys.mx\/noticias\/refrenda-cevit-lazos-con-consejo-mexicano-vitivinicola\/"},"author":{"name":"Campus Ensenada","@id":"https:\/\/www.cetys.mx\/noticias\/#\/schema\/person\/1a1a88c0b6586e66a2e9e88e07afc712"},"headline":"Refrenda CEVIT lazos con Consejo Mexicano Vitivin\u00edcola","datePublished":"2024-08-05T19:36:41+00:00","mainEntityOfPage":{"@id":"https:\/\/www.cetys.mx\/noticias\/refrenda-cevit-lazos-con-consejo-mexicano-vitivinicola\/"},"wordCount":470,"commentCount":0,"image":{"@id":"https:\/\/www.cetys.mx\/noticias\/refrenda-cevit-lazos-con-consejo-mexicano-vitivinicola\/#primaryimage"},"thumbnailUrl":"https:\/\/www.cetys.mx\/noticias\/wp-content\/uploads\/2024\/08\/2-7.jpg","keywords":["CEVIT"],"articleSection":["Campus Ensenada","CEVIT","Portada","VoCETYS"],"inLanguage":"es","potentialAction":[{"@type":"CommentAction","name":"Comment","target":["https:\/\/www.cetys.mx\/noticias\/refrenda-cevit-lazos-con-consejo-mexicano-vitivinicola\/#respond"]}]},{"@type":"WebPage","@id":"https:\/\/www.cetys.mx\/noticias\/refrenda-cevit-lazos-con-consejo-mexicano-vitivinicola\/","url":"https:\/\/www.cetys.mx\/noticias\/refrenda-cevit-lazos-con-consejo-mexicano-vitivinicola\/","name":"Refrenda CEVIT lazos con Consejo Mexicano Vitivin\u00edcola - CETYS","isPartOf":{"@id":"https:\/\/www.cetys.mx\/noticias\/#website"},"primaryImageOfPage":{"@id":"https:\/\/www.cetys.mx\/noticias\/refrenda-cevit-lazos-con-consejo-mexicano-vitivinicola\/#primaryimage"},"image":{"@id":"https:\/\/www.cetys.mx\/noticias\/refrenda-cevit-lazos-con-consejo-mexicano-vitivinicola\/#primaryimage"},"thumbnailUrl":"https:\/\/www.cetys.mx\/noticias\/wp-content\/uploads\/2024\/08\/2-7.jpg","datePublished":"2024-08-05T19:36:41+00:00","author":{"@id":"https:\/\/www.cetys.mx\/noticias\/#\/schema\/person\/1a1a88c0b6586e66a2e9e88e07afc712"},"description":"Articulo sobre Refrenda CEVIT lazos con Consejo Mexicano Vitivin\u00edcola","breadcrumb":{"@id":"https:\/\/www.cetys.mx\/noticias\/refrenda-cevit-lazos-con-consejo-mexicano-vitivinicola\/#breadcrumb"},"inLanguage":"es","potentialAction":[{"@type":"ReadAction","target":["https:\/\/www.cetys.mx\/noticias\/refrenda-cevit-lazos-con-consejo-mexicano-vitivinicola\/"]}]},{"@type":"ImageObject","inLanguage":"es","@id":"https:\/\/www.cetys.mx\/noticias\/refrenda-cevit-lazos-con-consejo-mexicano-vitivinicola\/#primaryimage","url":"https:\/\/www.cetys.mx\/noticias\/wp-content\/uploads\/2024\/08\/2-7.jpg","contentUrl":"https:\/\/www.cetys.mx\/noticias\/wp-content\/uploads\/2024\/08\/2-7.jpg","width":958,"height":637},{"@type":"BreadcrumbList","@id":"https:\/\/www.cetys.mx\/noticias\/refrenda-cevit-lazos-con-consejo-mexicano-vitivinicola\/#breadcrumb","itemListElement":[{"@type":"ListItem","position":1,"name":"Inicio","item":"https:\/\/www.cetys.mx\/noticias\/"},{"@type":"ListItem","position":2,"name":"Refrenda CEVIT lazos con Consejo Mexicano Vitivin\u00edcola"}]},{"@type":"WebSite","@id":"https:\/\/www.cetys.mx\/noticias\/#website","url":"https:\/\/www.cetys.mx\/noticias\/","name":"CETYS","description":"","potentialAction":[{"@type":"SearchAction","target":{"@type":"EntryPoint","urlTemplate":"https:\/\/www.cetys.mx\/noticias\/?s={search_term_string}"},"query-input":{"@type":"PropertyValueSpecification","valueRequired":true,"valueName":"search_term_string"}}],"inLanguage":"es"},{"@type":"Person","@id":"https:\/\/www.cetys.mx\/noticias\/#\/schema\/person\/1a1a88c0b6586e66a2e9e88e07afc712","name":"Campus Ensenada","url":"https:\/\/www.cetys.mx\/noticias\/author\/campusensenada\/"}]}},"_links":{"self":[{"href":"https:\/\/www.cetys.mx\/noticias\/wp-json\/wp\/v2\/posts\/195374","targetHints":{"allow":["GET"]}}],"collection":[{"href":"https:\/\/www.cetys.mx\/noticias\/wp-json\/wp\/v2\/posts"}],"about":[{"href":"https:\/\/www.cetys.mx\/noticias\/wp-json\/wp\/v2\/types\/post"}],"author":[{"embeddable":true,"href":"https:\/\/www.cetys.mx\/noticias\/wp-json\/wp\/v2\/users\/23"}],"replies":[{"embeddable":true,"href":"https:\/\/www.cetys.mx\/noticias\/wp-json\/wp\/v2\/comments?post=195374"}],"version-history":[{"count":1,"href":"https:\/\/www.cetys.mx\/noticias\/wp-json\/wp\/v2\/posts\/195374\/revisions"}],"predecessor-version":[{"id":195405,"href":"https:\/\/www.cetys.mx\/noticias\/wp-json\/wp\/v2\/posts\/195374\/revisions\/195405"}],"wp:featuredmedia":[{"embeddable":true,"href":"https:\/\/www.cetys.mx\/noticias\/wp-json\/wp\/v2\/media\/195377"}],"wp:attachment":[{"href":"https:\/\/www.cetys.mx\/noticias\/wp-json\/wp\/v2\/media?parent=195374"}],"wp:term":[{"taxonomy":"category","embeddable":true,"href":"https:\/\/www.cetys.mx\/noticias\/wp-json\/wp\/v2\/categories?post=195374"},{"taxonomy":"post_tag","embeddable":true,"href":"https:\/\/www.cetys.mx\/noticias\/wp-json\/wp\/v2\/tags?post=195374"}],"curies":[{"name":"wp","href":"https:\/\/api.w.org\/{rel}","templated":true}]}}