{"id":191335,"date":"2024-07-24T17:16:56","date_gmt":"2024-07-25T00:16:56","guid":{"rendered":"https:\/\/www.cetys.mx\/noticias\/?p=191335"},"modified":"2024-07-30T15:53:29","modified_gmt":"2024-07-30T22:53:29","slug":"bianca-barcelo-sandoval-obtiene-doctorado-en-derecho-y-sociedad-por-la-udima","status":"publish","type":"post","link":"https:\/\/www.cetys.mx\/noticias\/bianca-barcelo-sandoval-obtiene-doctorado-en-derecho-y-sociedad-por-la-udima\/","title":{"rendered":"Bianca Barcel\u00f3 Sandoval obtiene doctorado en Derecho y Sociedad por la UDIMA"},"content":{"rendered":"<p><img loading=\"lazy\" decoding=\"async\" class=\" wp-image-162748 alignleft\" src=\"https:\/\/www.cetys.mx\/noticias\/wp-content\/uploads\/2022\/03\/Bianca_Barcelo.jpg\" alt=\"\" width=\"179\" height=\"234\" \/><\/p>\n<p><span style=\"font-weight: 400;\">Bianca Barcel\u00f3 Sandoval, Directora de la Escuela de Derecho de CETYS Universidad Campus Mexicali, obtuvo el Doctorado en Derecho y Sociedad por la Universidad a Distancia de Madrid (UDIMA).<\/span><\/p>\n<p><span style=\"font-weight: 400;\">Tras defender su tesis titulada La Protecci\u00f3n Internacional de los Derechos Humanos Laborales y obtener la mayor calificaci\u00f3n. la Dra. Barcel\u00f3 Sandoval vio recompensado su esfuerzo y superada su meta de crecimiento a nivel personal y profesional.\u00a0<\/span><\/p>\n<blockquote><p>\u201cAgradezco inmensamente a nuestro Rector por tener la visi\u00f3n y misi\u00f3n de apoyar a los docentes de CETYS en cursar estudios de Doctorado\u201d, agreg\u00f3 la Dra. Barcel\u00f3 Sandoval<\/p><\/blockquote>\n<p>Con este logro, la Directora de la Escuela de Derecho forma parte del 73% de los docentes de tiempo completo que cuenta con doctorado en CETYS Universidad.<\/p>\n<p><span style=\"font-weight: 400;\">Su hito acad\u00e9mico es inspiraci\u00f3n para sus colegas y estudiantes. \u00a1Enhorabuena!<\/span><\/p>\n","protected":false},"excerpt":{"rendered":"<p>Bianca Barcel\u00f3 Sandoval, Directora de la Escuela de Derecho de CETYS Universidad Campus Mexicali, obtuvo el Doctorado en Derecho y Sociedad por&#8230;<\/p>\n","protected":false},"author":20,"featured_media":191342,"comment_status":"open","ping_status":"closed","sticky":false,"template":"","format":"standard","meta":{"footnotes":""},"categories":[133,313],"tags":[247,397,6907],"class_list":["post-191335","post","type-post","status-publish","format-standard","has-post-thumbnail","hentry","category-campus-mexicali","category-vocetys-2","tag-derecho","tag-doctorado","tag-vocetys-2024-07-30"],"yoast_head":"<!-- This site is optimized with the Yoast SEO plugin v27.4 - https:\/\/yoast.com\/product\/yoast-seo-wordpress\/ -->\n<title>Bianca Barcel\u00f3 Sandoval obtiene doctorado en Derecho y Sociedad por la UDIMA - CETYS<\/title>\n<meta name=\"description\" content=\"Articulo sobre Bianca Barcel\u00f3 Sandoval obtiene doctorado en Derecho y Sociedad por la UDIMA\" \/>\n<meta name=\"robots\" content=\"index, follow, max-snippet:-1, max-image-preview:large, max-video-preview:-1\" \/>\n<link rel=\"canonical\" href=\"https:\/\/www.cetys.mx\/noticias\/bianca-barcelo-sandoval-obtiene-doctorado-en-derecho-y-sociedad-por-la-udima\/\" \/>\n<meta property=\"og:locale\" content=\"es_MX\" \/>\n<meta property=\"og:type\" content=\"article\" \/>\n<meta property=\"og:title\" content=\"Bianca Barcel\u00f3 Sandoval obtiene doctorado en Derecho y Sociedad por la UDIMA - CETYS\" \/>\n<meta property=\"og:description\" content=\"Articulo sobre Bianca Barcel\u00f3 Sandoval obtiene doctorado en Derecho y Sociedad por la UDIMA\" \/>\n<meta property=\"og:url\" content=\"https:\/\/www.cetys.mx\/noticias\/bianca-barcelo-sandoval-obtiene-doctorado-en-derecho-y-sociedad-por-la-udima\/\" \/>\n<meta property=\"og:site_name\" content=\"CETYS\" \/>\n<meta property=\"article:publisher\" content=\"https:\/\/www.facebook.com\/cetysuniversidadmxl\/\" \/>\n<meta property=\"article:published_time\" content=\"2024-07-25T00:16:56+00:00\" \/>\n<meta property=\"article:modified_time\" content=\"2024-07-30T22:53:29+00:00\" \/>\n<meta property=\"og:image\" content=\"https:\/\/www.cetys.mx\/noticias\/wp-content\/uploads\/2024\/07\/image-1.jpg\" \/>\n\t<meta property=\"og:image:width\" content=\"1096\" \/>\n\t<meta property=\"og:image:height\" content=\"728\" \/>\n\t<meta property=\"og:image:type\" content=\"image\/jpeg\" \/>\n<meta name=\"author\" content=\"Campus Mexicali\" \/>\n<meta name=\"twitter:card\" content=\"summary_large_image\" \/>\n<meta name=\"twitter:creator\" content=\"@cetysuni\" \/>\n<meta name=\"twitter:site\" content=\"@cetysuni\" \/>\n<meta name=\"twitter:label1\" content=\"Escrito por\" \/>\n\t<meta name=\"twitter:data1\" content=\"Campus Mexicali\" \/>\n\t<meta name=\"twitter:label2\" content=\"Tiempo de lectura\" \/>\n\t<meta name=\"twitter:data2\" content=\"1 minuto\" \/>\n<script type=\"application\/ld+json\" class=\"yoast-schema-graph\">{\"@context\":\"https:\\\/\\\/schema.org\",\"@graph\":[{\"@type\":\"Article\",\"@id\":\"https:\\\/\\\/www.cetys.mx\\\/noticias\\\/bianca-barcelo-sandoval-obtiene-doctorado-en-derecho-y-sociedad-por-la-udima\\\/#article\",\"isPartOf\":{\"@id\":\"https:\\\/\\\/www.cetys.mx\\\/noticias\\\/bianca-barcelo-sandoval-obtiene-doctorado-en-derecho-y-sociedad-por-la-udima\\\/\"},\"author\":{\"name\":\"Campus Mexicali\",\"@id\":\"https:\\\/\\\/www.cetys.mx\\\/noticias\\\/#\\\/schema\\\/person\\\/79a95c4ac185f3705cf1b9c9340a5f70\"},\"headline\":\"Bianca Barcel\u00f3 Sandoval obtiene doctorado en Derecho y Sociedad por la UDIMA\",\"datePublished\":\"2024-07-25T00:16:56+00:00\",\"dateModified\":\"2024-07-30T22:53:29+00:00\",\"mainEntityOfPage\":{\"@id\":\"https:\\\/\\\/www.cetys.mx\\\/noticias\\\/bianca-barcelo-sandoval-obtiene-doctorado-en-derecho-y-sociedad-por-la-udima\\\/\"},\"wordCount\":149,\"commentCount\":0,\"image\":{\"@id\":\"https:\\\/\\\/www.cetys.mx\\\/noticias\\\/bianca-barcelo-sandoval-obtiene-doctorado-en-derecho-y-sociedad-por-la-udima\\\/#primaryimage\"},\"thumbnailUrl\":\"https:\\\/\\\/www.cetys.mx\\\/noticias\\\/wp-content\\\/uploads\\\/2024\\\/07\\\/image-1.jpg\",\"keywords\":[\"Derecho\",\"doctorado\",\"vocetys-2024-07-30\"],\"articleSection\":[\"Campus Mexicali\",\"VoCETYS\"],\"inLanguage\":\"es\",\"potentialAction\":[{\"@type\":\"CommentAction\",\"name\":\"Comment\",\"target\":[\"https:\\\/\\\/www.cetys.mx\\\/noticias\\\/bianca-barcelo-sandoval-obtiene-doctorado-en-derecho-y-sociedad-por-la-udima\\\/#respond\"]}]},{\"@type\":\"WebPage\",\"@id\":\"https:\\\/\\\/www.cetys.mx\\\/noticias\\\/bianca-barcelo-sandoval-obtiene-doctorado-en-derecho-y-sociedad-por-la-udima\\\/\",\"url\":\"https:\\\/\\\/www.cetys.mx\\\/noticias\\\/bianca-barcelo-sandoval-obtiene-doctorado-en-derecho-y-sociedad-por-la-udima\\\/\",\"name\":\"Bianca Barcel\u00f3 Sandoval obtiene doctorado en Derecho y Sociedad por la UDIMA - CETYS\",\"isPartOf\":{\"@id\":\"https:\\\/\\\/www.cetys.mx\\\/noticias\\\/#website\"},\"primaryImageOfPage\":{\"@id\":\"https:\\\/\\\/www.cetys.mx\\\/noticias\\\/bianca-barcelo-sandoval-obtiene-doctorado-en-derecho-y-sociedad-por-la-udima\\\/#primaryimage\"},\"image\":{\"@id\":\"https:\\\/\\\/www.cetys.mx\\\/noticias\\\/bianca-barcelo-sandoval-obtiene-doctorado-en-derecho-y-sociedad-por-la-udima\\\/#primaryimage\"},\"thumbnailUrl\":\"https:\\\/\\\/www.cetys.mx\\\/noticias\\\/wp-content\\\/uploads\\\/2024\\\/07\\\/image-1.jpg\",\"datePublished\":\"2024-07-25T00:16:56+00:00\",\"dateModified\":\"2024-07-30T22:53:29+00:00\",\"author\":{\"@id\":\"https:\\\/\\\/www.cetys.mx\\\/noticias\\\/#\\\/schema\\\/person\\\/79a95c4ac185f3705cf1b9c9340a5f70\"},\"description\":\"Articulo sobre Bianca Barcel\u00f3 Sandoval obtiene doctorado en Derecho y Sociedad por la UDIMA\",\"breadcrumb\":{\"@id\":\"https:\\\/\\\/www.cetys.mx\\\/noticias\\\/bianca-barcelo-sandoval-obtiene-doctorado-en-derecho-y-sociedad-por-la-udima\\\/#breadcrumb\"},\"inLanguage\":\"es\",\"potentialAction\":[{\"@type\":\"ReadAction\",\"target\":[\"https:\\\/\\\/www.cetys.mx\\\/noticias\\\/bianca-barcelo-sandoval-obtiene-doctorado-en-derecho-y-sociedad-por-la-udima\\\/\"]}]},{\"@type\":\"ImageObject\",\"inLanguage\":\"es\",\"@id\":\"https:\\\/\\\/www.cetys.mx\\\/noticias\\\/bianca-barcelo-sandoval-obtiene-doctorado-en-derecho-y-sociedad-por-la-udima\\\/#primaryimage\",\"url\":\"https:\\\/\\\/www.cetys.mx\\\/noticias\\\/wp-content\\\/uploads\\\/2024\\\/07\\\/image-1.jpg\",\"contentUrl\":\"https:\\\/\\\/www.cetys.mx\\\/noticias\\\/wp-content\\\/uploads\\\/2024\\\/07\\\/image-1.jpg\",\"width\":1096,\"height\":728},{\"@type\":\"BreadcrumbList\",\"@id\":\"https:\\\/\\\/www.cetys.mx\\\/noticias\\\/bianca-barcelo-sandoval-obtiene-doctorado-en-derecho-y-sociedad-por-la-udima\\\/#breadcrumb\",\"itemListElement\":[{\"@type\":\"ListItem\",\"position\":1,\"name\":\"Inicio\",\"item\":\"https:\\\/\\\/www.cetys.mx\\\/noticias\\\/\"},{\"@type\":\"ListItem\",\"position\":2,\"name\":\"Bianca Barcel\u00f3 Sandoval obtiene doctorado en Derecho y Sociedad por la UDIMA\"}]},{\"@type\":\"WebSite\",\"@id\":\"https:\\\/\\\/www.cetys.mx\\\/noticias\\\/#website\",\"url\":\"https:\\\/\\\/www.cetys.mx\\\/noticias\\\/\",\"name\":\"CETYS\",\"description\":\"\",\"potentialAction\":[{\"@type\":\"SearchAction\",\"target\":{\"@type\":\"EntryPoint\",\"urlTemplate\":\"https:\\\/\\\/www.cetys.mx\\\/noticias\\\/?s={search_term_string}\"},\"query-input\":{\"@type\":\"PropertyValueSpecification\",\"valueRequired\":true,\"valueName\":\"search_term_string\"}}],\"inLanguage\":\"es\"},{\"@type\":\"Person\",\"@id\":\"https:\\\/\\\/www.cetys.mx\\\/noticias\\\/#\\\/schema\\\/person\\\/79a95c4ac185f3705cf1b9c9340a5f70\",\"name\":\"Campus Mexicali\",\"url\":\"https:\\\/\\\/www.cetys.mx\\\/noticias\\\/author\\\/campusmexicali\\\/\"}]}<\/script>\n<!-- \/ Yoast SEO plugin. -->","yoast_head_json":{"title":"Bianca Barcel\u00f3 Sandoval obtiene doctorado en Derecho y Sociedad por la UDIMA - CETYS","description":"Articulo sobre Bianca Barcel\u00f3 Sandoval obtiene doctorado en Derecho y Sociedad por la UDIMA","robots":{"index":"index","follow":"follow","max-snippet":"max-snippet:-1","max-image-preview":"max-image-preview:large","max-video-preview":"max-video-preview:-1"},"canonical":"https:\/\/www.cetys.mx\/noticias\/bianca-barcelo-sandoval-obtiene-doctorado-en-derecho-y-sociedad-por-la-udima\/","og_locale":"es_MX","og_type":"article","og_title":"Bianca Barcel\u00f3 Sandoval obtiene doctorado en Derecho y Sociedad por la UDIMA - CETYS","og_description":"Articulo sobre Bianca Barcel\u00f3 Sandoval obtiene doctorado en Derecho y Sociedad por la UDIMA","og_url":"https:\/\/www.cetys.mx\/noticias\/bianca-barcelo-sandoval-obtiene-doctorado-en-derecho-y-sociedad-por-la-udima\/","og_site_name":"CETYS","article_publisher":"https:\/\/www.facebook.com\/cetysuniversidadmxl\/","article_published_time":"2024-07-25T00:16:56+00:00","article_modified_time":"2024-07-30T22:53:29+00:00","og_image":[{"width":1096,"height":728,"url":"https:\/\/www.cetys.mx\/noticias\/wp-content\/uploads\/2024\/07\/image-1.jpg","type":"image\/jpeg"}],"author":"Campus Mexicali","twitter_card":"summary_large_image","twitter_creator":"@cetysuni","twitter_site":"@cetysuni","twitter_misc":{"Escrito por":"Campus Mexicali","Tiempo de lectura":"1 minuto"},"schema":{"@context":"https:\/\/schema.org","@graph":[{"@type":"Article","@id":"https:\/\/www.cetys.mx\/noticias\/bianca-barcelo-sandoval-obtiene-doctorado-en-derecho-y-sociedad-por-la-udima\/#article","isPartOf":{"@id":"https:\/\/www.cetys.mx\/noticias\/bianca-barcelo-sandoval-obtiene-doctorado-en-derecho-y-sociedad-por-la-udima\/"},"author":{"name":"Campus Mexicali","@id":"https:\/\/www.cetys.mx\/noticias\/#\/schema\/person\/79a95c4ac185f3705cf1b9c9340a5f70"},"headline":"Bianca Barcel\u00f3 Sandoval obtiene doctorado en Derecho y Sociedad por la UDIMA","datePublished":"2024-07-25T00:16:56+00:00","dateModified":"2024-07-30T22:53:29+00:00","mainEntityOfPage":{"@id":"https:\/\/www.cetys.mx\/noticias\/bianca-barcelo-sandoval-obtiene-doctorado-en-derecho-y-sociedad-por-la-udima\/"},"wordCount":149,"commentCount":0,"image":{"@id":"https:\/\/www.cetys.mx\/noticias\/bianca-barcelo-sandoval-obtiene-doctorado-en-derecho-y-sociedad-por-la-udima\/#primaryimage"},"thumbnailUrl":"https:\/\/www.cetys.mx\/noticias\/wp-content\/uploads\/2024\/07\/image-1.jpg","keywords":["Derecho","doctorado","vocetys-2024-07-30"],"articleSection":["Campus Mexicali","VoCETYS"],"inLanguage":"es","potentialAction":[{"@type":"CommentAction","name":"Comment","target":["https:\/\/www.cetys.mx\/noticias\/bianca-barcelo-sandoval-obtiene-doctorado-en-derecho-y-sociedad-por-la-udima\/#respond"]}]},{"@type":"WebPage","@id":"https:\/\/www.cetys.mx\/noticias\/bianca-barcelo-sandoval-obtiene-doctorado-en-derecho-y-sociedad-por-la-udima\/","url":"https:\/\/www.cetys.mx\/noticias\/bianca-barcelo-sandoval-obtiene-doctorado-en-derecho-y-sociedad-por-la-udima\/","name":"Bianca Barcel\u00f3 Sandoval obtiene doctorado en Derecho y Sociedad por la UDIMA - CETYS","isPartOf":{"@id":"https:\/\/www.cetys.mx\/noticias\/#website"},"primaryImageOfPage":{"@id":"https:\/\/www.cetys.mx\/noticias\/bianca-barcelo-sandoval-obtiene-doctorado-en-derecho-y-sociedad-por-la-udima\/#primaryimage"},"image":{"@id":"https:\/\/www.cetys.mx\/noticias\/bianca-barcelo-sandoval-obtiene-doctorado-en-derecho-y-sociedad-por-la-udima\/#primaryimage"},"thumbnailUrl":"https:\/\/www.cetys.mx\/noticias\/wp-content\/uploads\/2024\/07\/image-1.jpg","datePublished":"2024-07-25T00:16:56+00:00","dateModified":"2024-07-30T22:53:29+00:00","author":{"@id":"https:\/\/www.cetys.mx\/noticias\/#\/schema\/person\/79a95c4ac185f3705cf1b9c9340a5f70"},"description":"Articulo sobre Bianca Barcel\u00f3 Sandoval obtiene doctorado en Derecho y Sociedad por la UDIMA","breadcrumb":{"@id":"https:\/\/www.cetys.mx\/noticias\/bianca-barcelo-sandoval-obtiene-doctorado-en-derecho-y-sociedad-por-la-udima\/#breadcrumb"},"inLanguage":"es","potentialAction":[{"@type":"ReadAction","target":["https:\/\/www.cetys.mx\/noticias\/bianca-barcelo-sandoval-obtiene-doctorado-en-derecho-y-sociedad-por-la-udima\/"]}]},{"@type":"ImageObject","inLanguage":"es","@id":"https:\/\/www.cetys.mx\/noticias\/bianca-barcelo-sandoval-obtiene-doctorado-en-derecho-y-sociedad-por-la-udima\/#primaryimage","url":"https:\/\/www.cetys.mx\/noticias\/wp-content\/uploads\/2024\/07\/image-1.jpg","contentUrl":"https:\/\/www.cetys.mx\/noticias\/wp-content\/uploads\/2024\/07\/image-1.jpg","width":1096,"height":728},{"@type":"BreadcrumbList","@id":"https:\/\/www.cetys.mx\/noticias\/bianca-barcelo-sandoval-obtiene-doctorado-en-derecho-y-sociedad-por-la-udima\/#breadcrumb","itemListElement":[{"@type":"ListItem","position":1,"name":"Inicio","item":"https:\/\/www.cetys.mx\/noticias\/"},{"@type":"ListItem","position":2,"name":"Bianca Barcel\u00f3 Sandoval obtiene doctorado en Derecho y Sociedad por la UDIMA"}]},{"@type":"WebSite","@id":"https:\/\/www.cetys.mx\/noticias\/#website","url":"https:\/\/www.cetys.mx\/noticias\/","name":"CETYS","description":"","potentialAction":[{"@type":"SearchAction","target":{"@type":"EntryPoint","urlTemplate":"https:\/\/www.cetys.mx\/noticias\/?s={search_term_string}"},"query-input":{"@type":"PropertyValueSpecification","valueRequired":true,"valueName":"search_term_string"}}],"inLanguage":"es"},{"@type":"Person","@id":"https:\/\/www.cetys.mx\/noticias\/#\/schema\/person\/79a95c4ac185f3705cf1b9c9340a5f70","name":"Campus Mexicali","url":"https:\/\/www.cetys.mx\/noticias\/author\/campusmexicali\/"}]}},"_links":{"self":[{"href":"https:\/\/www.cetys.mx\/noticias\/wp-json\/wp\/v2\/posts\/191335","targetHints":{"allow":["GET"]}}],"collection":[{"href":"https:\/\/www.cetys.mx\/noticias\/wp-json\/wp\/v2\/posts"}],"about":[{"href":"https:\/\/www.cetys.mx\/noticias\/wp-json\/wp\/v2\/types\/post"}],"author":[{"embeddable":true,"href":"https:\/\/www.cetys.mx\/noticias\/wp-json\/wp\/v2\/users\/20"}],"replies":[{"embeddable":true,"href":"https:\/\/www.cetys.mx\/noticias\/wp-json\/wp\/v2\/comments?post=191335"}],"version-history":[{"count":6,"href":"https:\/\/www.cetys.mx\/noticias\/wp-json\/wp\/v2\/posts\/191335\/revisions"}],"predecessor-version":[{"id":191379,"href":"https:\/\/www.cetys.mx\/noticias\/wp-json\/wp\/v2\/posts\/191335\/revisions\/191379"}],"wp:featuredmedia":[{"embeddable":true,"href":"https:\/\/www.cetys.mx\/noticias\/wp-json\/wp\/v2\/media\/191342"}],"wp:attachment":[{"href":"https:\/\/www.cetys.mx\/noticias\/wp-json\/wp\/v2\/media?parent=191335"}],"wp:term":[{"taxonomy":"category","embeddable":true,"href":"https:\/\/www.cetys.mx\/noticias\/wp-json\/wp\/v2\/categories?post=191335"},{"taxonomy":"post_tag","embeddable":true,"href":"https:\/\/www.cetys.mx\/noticias\/wp-json\/wp\/v2\/tags?post=191335"}],"curies":[{"name":"wp","href":"https:\/\/api.w.org\/{rel}","templated":true}]}}