{"id":191261,"date":"2024-07-23T16:43:48","date_gmt":"2024-07-23T23:43:48","guid":{"rendered":"https:\/\/www.cetys.mx\/noticias\/?p=191261"},"modified":"2024-07-23T16:44:20","modified_gmt":"2024-07-23T23:44:20","slug":"viven-estudiantes-de-posgrado-cetys-experiencia-internacional-en-valencia-espana","status":"publish","type":"post","link":"https:\/\/www.cetys.mx\/noticias\/viven-estudiantes-de-posgrado-cetys-experiencia-internacional-en-valencia-espana\/","title":{"rendered":"Viven estudiantes de Posgrado CETYS experiencia internacional en Valencia, Espa\u00f1a"},"content":{"rendered":"<p><span style=\"font-weight: 400;\">25 estudiantes de las Maestr\u00edas en Administraci\u00f3n de Negocios y en Ingenier\u00eda e Innovaci\u00f3n del Sistema CETYS Universidad, viajaron durante una semana a Valencia, Espa\u00f1a, para participar en el curso Estrategias Innovadoras de Negocios para la Competitividad Internacional.<\/span><\/p>\n<p><span style=\"font-weight: 400;\">Dicho curso, a cargo del Dr. Jaime Alonso G\u00f3mez, forma parte de la oferta internacional de la <a href=\"https:\/\/www.cetys.mx\/gsb\/\">CETYS Graduate School of Business<\/a> (CGSB), que se distingue por reconocer y exaltar la importancia que tienen las experiencias internacionales en la formaci\u00f3n de nivel posgrado, pues se trata de oportunidades para generar networking, desarrollar habilidades interculturales y comprender, mediante el aprendizaje multiexperiencial, tendencias de temas clave en el mundo de los negocios.\u00a0<\/span><\/p>\n<p><span style=\"font-weight: 400;\">Del 09 al 15 de junio de 2024 y en vinculaci\u00f3n con la Universidad Polit\u00e9cnica de Valencia, se desarroll\u00f3 este curso integrado por actividades culturales, visitas a empresas, sesiones con empresarios y expertos y un workshop de preparaci\u00f3n de paella, as\u00ed como una competencia n\u00e1utica o regata.<\/span><\/p>\n<p><span style=\"font-weight: 400;\">\u201cTodo estuvo enfocado en desarrollar y experimentar con estrategias de trabajo para la competitividad. Cabe destacar que esta y otras experiencias internacionales, no s\u00f3lo est\u00e1n disponibles para alumnos de MBA, quienes acreditan una materia de su programa con este curso, sino tambi\u00e9n para egresados de posgrados CETYS y estudiantes activos de otros programas de Posgrado\u201d, se\u00f1al\u00f3 la Mtra. Ada Serrano Pagua, coordinadora de Internacionalizaci\u00f3n de la CGSB.<\/span><\/p>\n\n            <style type='text\/css'>\n                #gallery-1 {\n                    margin: auto;\n                }\n                #gallery-1 .gallery-item {\n                    float: left;\n                    margin-top: 10px;\n                    text-align: center;\n                    width: 33%;\n                }\n                #gallery-1 img {\n                    border: 2px solid #cfcfcf;\n                }\n                #gallery-1 .gallery-caption {\n                    margin-left: 0;\n                }\n                \/* see gallery_shortcode() in wp-includes\/media.php *\/\n            <\/style>\n\t\t<div id='gallery-1' class='gallery galleryid-191261 gallery-columns-3 gallery-size-medium'><dl class='gallery-item'>\n                <dt class='gallery-icon landscape'>\n                    <a href='https:\/\/www.cetys.mx\/noticias\/viven-estudiantes-de-posgrado-cetys-experiencia-internacional-en-valencia-espana\/20240609_202904-copy\/'><img loading=\"lazy\" decoding=\"async\" width=\"4032\" height=\"2268\" src=\"https:\/\/www.cetys.mx\/noticias\/wp-content\/uploads\/2024\/07\/20240609_202904-copy.jpg\" class=\"attachment-medium size-medium\" alt=\"\" aria-describedby=\"gallery-1-191264\" srcset=\"https:\/\/www.cetys.mx\/noticias\/wp-content\/uploads\/2024\/07\/20240609_202904-copy.jpg 4032w, https:\/\/www.cetys.mx\/noticias\/wp-content\/uploads\/2024\/07\/20240609_202904-copy-768x432.jpg 768w\" sizes=\"auto, (max-width: 4032px) 100vw, 4032px\" \/><\/a>\n                <\/dt>\n                    <dd class='wp-caption-text gallery-caption' id='gallery-1-191264'>\n                    Estudiantes de Posgrado CETYS en Valencia, Espa\u00f1a\n                    <\/dd><\/dl><dl class='gallery-item'>\n                <dt class='gallery-icon landscape'>\n                    <a href='https:\/\/www.cetys.mx\/noticias\/viven-estudiantes-de-posgrado-cetys-experiencia-internacional-en-valencia-espana\/20240610_085755-copy\/'><img loading=\"lazy\" decoding=\"async\" width=\"4032\" height=\"2268\" src=\"https:\/\/www.cetys.mx\/noticias\/wp-content\/uploads\/2024\/07\/20240610_085755-copy.jpg\" class=\"attachment-medium size-medium\" alt=\"\" aria-describedby=\"gallery-1-191265\" srcset=\"https:\/\/www.cetys.mx\/noticias\/wp-content\/uploads\/2024\/07\/20240610_085755-copy.jpg 4032w, https:\/\/www.cetys.mx\/noticias\/wp-content\/uploads\/2024\/07\/20240610_085755-copy-768x432.jpg 768w\" sizes=\"auto, (max-width: 4032px) 100vw, 4032px\" \/><\/a>\n                <\/dt>\n                    <dd class='wp-caption-text gallery-caption' id='gallery-1-191265'>\n                    Estudiantes de Posgrado CETYS en Valencia, Espa\u00f1a\n                    <\/dd><\/dl><dl class='gallery-item'>\n                <dt class='gallery-icon landscape'>\n                    <a href='https:\/\/www.cetys.mx\/noticias\/viven-estudiantes-de-posgrado-cetys-experiencia-internacional-en-valencia-espana\/20240610_095703-copy\/'><img loading=\"lazy\" decoding=\"async\" width=\"4032\" height=\"2268\" src=\"https:\/\/www.cetys.mx\/noticias\/wp-content\/uploads\/2024\/07\/20240610_095703-copy.jpg\" class=\"attachment-medium size-medium\" alt=\"\" aria-describedby=\"gallery-1-191266\" srcset=\"https:\/\/www.cetys.mx\/noticias\/wp-content\/uploads\/2024\/07\/20240610_095703-copy.jpg 4032w, https:\/\/www.cetys.mx\/noticias\/wp-content\/uploads\/2024\/07\/20240610_095703-copy-768x432.jpg 768w\" sizes=\"auto, (max-width: 4032px) 100vw, 4032px\" \/><\/a>\n                <\/dt>\n                    <dd class='wp-caption-text gallery-caption' id='gallery-1-191266'>\n                    Estudiantes de Posgrado CETYS en Valencia, Espa\u00f1a\n                    <\/dd><\/dl><br style=\"clear: both\" \/>\n            <\/div>\n\n<p>&nbsp;<\/p>\n","protected":false},"excerpt":{"rendered":"<p>25 estudiantes de las Maestr\u00edas en Administraci\u00f3n de Negocios y en Ingenier\u00eda e Innovaci\u00f3n del Sistema CETYS Universidad, viajaron durante una semana&#8230;<\/p>\n","protected":false},"author":26,"featured_media":191267,"comment_status":"open","ping_status":"closed","sticky":false,"template":"","format":"standard","meta":{"footnotes":""},"categories":[6418,309],"tags":[219,520],"class_list":["post-191261","post","type-post","status-publish","format-standard","has-post-thumbnail","hentry","category-cgsb","category-posgrado","tag-mba","tag-mii"],"yoast_head":"<!-- This site is optimized with the Yoast SEO plugin v27.4 - https:\/\/yoast.com\/product\/yoast-seo-wordpress\/ -->\n<title>Viven estudiantes de Posgrado CETYS experiencia internacional en Valencia, Espa\u00f1a - CETYS<\/title>\n<meta name=\"description\" content=\"Articulo sobre Viven estudiantes de Posgrado CETYS experiencia internacional en Valencia, Espa\u00f1a\" \/>\n<meta name=\"robots\" content=\"index, follow, max-snippet:-1, max-image-preview:large, max-video-preview:-1\" \/>\n<link rel=\"canonical\" href=\"https:\/\/www.cetys.mx\/noticias\/viven-estudiantes-de-posgrado-cetys-experiencia-internacional-en-valencia-espana\/\" \/>\n<meta property=\"og:locale\" content=\"es_MX\" \/>\n<meta property=\"og:type\" content=\"article\" \/>\n<meta property=\"og:title\" content=\"Viven estudiantes de Posgrado CETYS experiencia internacional en Valencia, Espa\u00f1a - CETYS\" \/>\n<meta property=\"og:description\" content=\"Articulo sobre Viven estudiantes de Posgrado CETYS experiencia internacional en Valencia, Espa\u00f1a\" \/>\n<meta property=\"og:url\" content=\"https:\/\/www.cetys.mx\/noticias\/viven-estudiantes-de-posgrado-cetys-experiencia-internacional-en-valencia-espana\/\" \/>\n<meta property=\"og:site_name\" content=\"CETYS\" \/>\n<meta property=\"article:publisher\" content=\"https:\/\/www.facebook.com\/cetysuniversidadmxl\/\" \/>\n<meta property=\"article:published_time\" content=\"2024-07-23T23:43:48+00:00\" \/>\n<meta property=\"article:modified_time\" content=\"2024-07-23T23:44:20+00:00\" \/>\n<meta property=\"og:image\" content=\"https:\/\/www.cetys.mx\/noticias\/wp-content\/uploads\/2024\/07\/Posgrado-CETYS-en-Valencia-Espana.jpg\" \/>\n\t<meta property=\"og:image:width\" content=\"958\" \/>\n\t<meta property=\"og:image:height\" content=\"637\" \/>\n\t<meta property=\"og:image:type\" content=\"image\/jpeg\" \/>\n<meta name=\"author\" content=\"CETYS Institucional\" \/>\n<meta name=\"twitter:card\" content=\"summary_large_image\" \/>\n<meta name=\"twitter:creator\" content=\"@cetysuni\" \/>\n<meta name=\"twitter:site\" content=\"@cetysuni\" \/>\n<meta name=\"twitter:label1\" content=\"Escrito por\" \/>\n\t<meta name=\"twitter:data1\" content=\"CETYS Institucional\" \/>\n\t<meta name=\"twitter:label2\" content=\"Tiempo de lectura\" \/>\n\t<meta name=\"twitter:data2\" content=\"1 minuto\" \/>\n<script type=\"application\/ld+json\" class=\"yoast-schema-graph\">{\"@context\":\"https:\\\/\\\/schema.org\",\"@graph\":[{\"@type\":\"Article\",\"@id\":\"https:\\\/\\\/www.cetys.mx\\\/noticias\\\/viven-estudiantes-de-posgrado-cetys-experiencia-internacional-en-valencia-espana\\\/#article\",\"isPartOf\":{\"@id\":\"https:\\\/\\\/www.cetys.mx\\\/noticias\\\/viven-estudiantes-de-posgrado-cetys-experiencia-internacional-en-valencia-espana\\\/\"},\"author\":{\"name\":\"CETYS Institucional\",\"@id\":\"https:\\\/\\\/www.cetys.mx\\\/noticias\\\/#\\\/schema\\\/person\\\/e9d2b35265b64aa454df57a2828eb2ac\"},\"headline\":\"Viven estudiantes de Posgrado CETYS experiencia internacional en Valencia, Espa\u00f1a\",\"datePublished\":\"2024-07-23T23:43:48+00:00\",\"dateModified\":\"2024-07-23T23:44:20+00:00\",\"mainEntityOfPage\":{\"@id\":\"https:\\\/\\\/www.cetys.mx\\\/noticias\\\/viven-estudiantes-de-posgrado-cetys-experiencia-internacional-en-valencia-espana\\\/\"},\"wordCount\":250,\"commentCount\":0,\"image\":{\"@id\":\"https:\\\/\\\/www.cetys.mx\\\/noticias\\\/viven-estudiantes-de-posgrado-cetys-experiencia-internacional-en-valencia-espana\\\/#primaryimage\"},\"thumbnailUrl\":\"https:\\\/\\\/www.cetys.mx\\\/noticias\\\/wp-content\\\/uploads\\\/2024\\\/07\\\/Posgrado-CETYS-en-Valencia-Espana.jpg\",\"keywords\":[\"mba\",\"MII\"],\"articleSection\":[\"CGSB\",\"Posgrado\"],\"inLanguage\":\"es\",\"potentialAction\":[{\"@type\":\"CommentAction\",\"name\":\"Comment\",\"target\":[\"https:\\\/\\\/www.cetys.mx\\\/noticias\\\/viven-estudiantes-de-posgrado-cetys-experiencia-internacional-en-valencia-espana\\\/#respond\"]}]},{\"@type\":\"WebPage\",\"@id\":\"https:\\\/\\\/www.cetys.mx\\\/noticias\\\/viven-estudiantes-de-posgrado-cetys-experiencia-internacional-en-valencia-espana\\\/\",\"url\":\"https:\\\/\\\/www.cetys.mx\\\/noticias\\\/viven-estudiantes-de-posgrado-cetys-experiencia-internacional-en-valencia-espana\\\/\",\"name\":\"Viven estudiantes de Posgrado CETYS experiencia internacional en Valencia, Espa\u00f1a - CETYS\",\"isPartOf\":{\"@id\":\"https:\\\/\\\/www.cetys.mx\\\/noticias\\\/#website\"},\"primaryImageOfPage\":{\"@id\":\"https:\\\/\\\/www.cetys.mx\\\/noticias\\\/viven-estudiantes-de-posgrado-cetys-experiencia-internacional-en-valencia-espana\\\/#primaryimage\"},\"image\":{\"@id\":\"https:\\\/\\\/www.cetys.mx\\\/noticias\\\/viven-estudiantes-de-posgrado-cetys-experiencia-internacional-en-valencia-espana\\\/#primaryimage\"},\"thumbnailUrl\":\"https:\\\/\\\/www.cetys.mx\\\/noticias\\\/wp-content\\\/uploads\\\/2024\\\/07\\\/Posgrado-CETYS-en-Valencia-Espana.jpg\",\"datePublished\":\"2024-07-23T23:43:48+00:00\",\"dateModified\":\"2024-07-23T23:44:20+00:00\",\"author\":{\"@id\":\"https:\\\/\\\/www.cetys.mx\\\/noticias\\\/#\\\/schema\\\/person\\\/e9d2b35265b64aa454df57a2828eb2ac\"},\"description\":\"Articulo sobre Viven estudiantes de Posgrado CETYS experiencia internacional en Valencia, Espa\u00f1a\",\"breadcrumb\":{\"@id\":\"https:\\\/\\\/www.cetys.mx\\\/noticias\\\/viven-estudiantes-de-posgrado-cetys-experiencia-internacional-en-valencia-espana\\\/#breadcrumb\"},\"inLanguage\":\"es\",\"potentialAction\":[{\"@type\":\"ReadAction\",\"target\":[\"https:\\\/\\\/www.cetys.mx\\\/noticias\\\/viven-estudiantes-de-posgrado-cetys-experiencia-internacional-en-valencia-espana\\\/\"]}]},{\"@type\":\"ImageObject\",\"inLanguage\":\"es\",\"@id\":\"https:\\\/\\\/www.cetys.mx\\\/noticias\\\/viven-estudiantes-de-posgrado-cetys-experiencia-internacional-en-valencia-espana\\\/#primaryimage\",\"url\":\"https:\\\/\\\/www.cetys.mx\\\/noticias\\\/wp-content\\\/uploads\\\/2024\\\/07\\\/Posgrado-CETYS-en-Valencia-Espana.jpg\",\"contentUrl\":\"https:\\\/\\\/www.cetys.mx\\\/noticias\\\/wp-content\\\/uploads\\\/2024\\\/07\\\/Posgrado-CETYS-en-Valencia-Espana.jpg\",\"width\":958,\"height\":637},{\"@type\":\"BreadcrumbList\",\"@id\":\"https:\\\/\\\/www.cetys.mx\\\/noticias\\\/viven-estudiantes-de-posgrado-cetys-experiencia-internacional-en-valencia-espana\\\/#breadcrumb\",\"itemListElement\":[{\"@type\":\"ListItem\",\"position\":1,\"name\":\"Inicio\",\"item\":\"https:\\\/\\\/www.cetys.mx\\\/noticias\\\/\"},{\"@type\":\"ListItem\",\"position\":2,\"name\":\"Viven estudiantes de Posgrado CETYS experiencia internacional en Valencia, Espa\u00f1a\"}]},{\"@type\":\"WebSite\",\"@id\":\"https:\\\/\\\/www.cetys.mx\\\/noticias\\\/#website\",\"url\":\"https:\\\/\\\/www.cetys.mx\\\/noticias\\\/\",\"name\":\"CETYS\",\"description\":\"\",\"potentialAction\":[{\"@type\":\"SearchAction\",\"target\":{\"@type\":\"EntryPoint\",\"urlTemplate\":\"https:\\\/\\\/www.cetys.mx\\\/noticias\\\/?s={search_term_string}\"},\"query-input\":{\"@type\":\"PropertyValueSpecification\",\"valueRequired\":true,\"valueName\":\"search_term_string\"}}],\"inLanguage\":\"es\"},{\"@type\":\"Person\",\"@id\":\"https:\\\/\\\/www.cetys.mx\\\/noticias\\\/#\\\/schema\\\/person\\\/e9d2b35265b64aa454df57a2828eb2ac\",\"name\":\"CETYS Institucional\",\"url\":\"https:\\\/\\\/www.cetys.mx\\\/noticias\\\/author\\\/cetysinstitucional\\\/\"}]}<\/script>\n<!-- \/ Yoast SEO plugin. -->","yoast_head_json":{"title":"Viven estudiantes de Posgrado CETYS experiencia internacional en Valencia, Espa\u00f1a - CETYS","description":"Articulo sobre Viven estudiantes de Posgrado CETYS experiencia internacional en Valencia, Espa\u00f1a","robots":{"index":"index","follow":"follow","max-snippet":"max-snippet:-1","max-image-preview":"max-image-preview:large","max-video-preview":"max-video-preview:-1"},"canonical":"https:\/\/www.cetys.mx\/noticias\/viven-estudiantes-de-posgrado-cetys-experiencia-internacional-en-valencia-espana\/","og_locale":"es_MX","og_type":"article","og_title":"Viven estudiantes de Posgrado CETYS experiencia internacional en Valencia, Espa\u00f1a - CETYS","og_description":"Articulo sobre Viven estudiantes de Posgrado CETYS experiencia internacional en Valencia, Espa\u00f1a","og_url":"https:\/\/www.cetys.mx\/noticias\/viven-estudiantes-de-posgrado-cetys-experiencia-internacional-en-valencia-espana\/","og_site_name":"CETYS","article_publisher":"https:\/\/www.facebook.com\/cetysuniversidadmxl\/","article_published_time":"2024-07-23T23:43:48+00:00","article_modified_time":"2024-07-23T23:44:20+00:00","og_image":[{"width":958,"height":637,"url":"https:\/\/www.cetys.mx\/noticias\/wp-content\/uploads\/2024\/07\/Posgrado-CETYS-en-Valencia-Espana.jpg","type":"image\/jpeg"}],"author":"CETYS Institucional","twitter_card":"summary_large_image","twitter_creator":"@cetysuni","twitter_site":"@cetysuni","twitter_misc":{"Escrito por":"CETYS Institucional","Tiempo de lectura":"1 minuto"},"schema":{"@context":"https:\/\/schema.org","@graph":[{"@type":"Article","@id":"https:\/\/www.cetys.mx\/noticias\/viven-estudiantes-de-posgrado-cetys-experiencia-internacional-en-valencia-espana\/#article","isPartOf":{"@id":"https:\/\/www.cetys.mx\/noticias\/viven-estudiantes-de-posgrado-cetys-experiencia-internacional-en-valencia-espana\/"},"author":{"name":"CETYS Institucional","@id":"https:\/\/www.cetys.mx\/noticias\/#\/schema\/person\/e9d2b35265b64aa454df57a2828eb2ac"},"headline":"Viven estudiantes de Posgrado CETYS experiencia internacional en Valencia, Espa\u00f1a","datePublished":"2024-07-23T23:43:48+00:00","dateModified":"2024-07-23T23:44:20+00:00","mainEntityOfPage":{"@id":"https:\/\/www.cetys.mx\/noticias\/viven-estudiantes-de-posgrado-cetys-experiencia-internacional-en-valencia-espana\/"},"wordCount":250,"commentCount":0,"image":{"@id":"https:\/\/www.cetys.mx\/noticias\/viven-estudiantes-de-posgrado-cetys-experiencia-internacional-en-valencia-espana\/#primaryimage"},"thumbnailUrl":"https:\/\/www.cetys.mx\/noticias\/wp-content\/uploads\/2024\/07\/Posgrado-CETYS-en-Valencia-Espana.jpg","keywords":["mba","MII"],"articleSection":["CGSB","Posgrado"],"inLanguage":"es","potentialAction":[{"@type":"CommentAction","name":"Comment","target":["https:\/\/www.cetys.mx\/noticias\/viven-estudiantes-de-posgrado-cetys-experiencia-internacional-en-valencia-espana\/#respond"]}]},{"@type":"WebPage","@id":"https:\/\/www.cetys.mx\/noticias\/viven-estudiantes-de-posgrado-cetys-experiencia-internacional-en-valencia-espana\/","url":"https:\/\/www.cetys.mx\/noticias\/viven-estudiantes-de-posgrado-cetys-experiencia-internacional-en-valencia-espana\/","name":"Viven estudiantes de Posgrado CETYS experiencia internacional en Valencia, Espa\u00f1a - CETYS","isPartOf":{"@id":"https:\/\/www.cetys.mx\/noticias\/#website"},"primaryImageOfPage":{"@id":"https:\/\/www.cetys.mx\/noticias\/viven-estudiantes-de-posgrado-cetys-experiencia-internacional-en-valencia-espana\/#primaryimage"},"image":{"@id":"https:\/\/www.cetys.mx\/noticias\/viven-estudiantes-de-posgrado-cetys-experiencia-internacional-en-valencia-espana\/#primaryimage"},"thumbnailUrl":"https:\/\/www.cetys.mx\/noticias\/wp-content\/uploads\/2024\/07\/Posgrado-CETYS-en-Valencia-Espana.jpg","datePublished":"2024-07-23T23:43:48+00:00","dateModified":"2024-07-23T23:44:20+00:00","author":{"@id":"https:\/\/www.cetys.mx\/noticias\/#\/schema\/person\/e9d2b35265b64aa454df57a2828eb2ac"},"description":"Articulo sobre Viven estudiantes de Posgrado CETYS experiencia internacional en Valencia, Espa\u00f1a","breadcrumb":{"@id":"https:\/\/www.cetys.mx\/noticias\/viven-estudiantes-de-posgrado-cetys-experiencia-internacional-en-valencia-espana\/#breadcrumb"},"inLanguage":"es","potentialAction":[{"@type":"ReadAction","target":["https:\/\/www.cetys.mx\/noticias\/viven-estudiantes-de-posgrado-cetys-experiencia-internacional-en-valencia-espana\/"]}]},{"@type":"ImageObject","inLanguage":"es","@id":"https:\/\/www.cetys.mx\/noticias\/viven-estudiantes-de-posgrado-cetys-experiencia-internacional-en-valencia-espana\/#primaryimage","url":"https:\/\/www.cetys.mx\/noticias\/wp-content\/uploads\/2024\/07\/Posgrado-CETYS-en-Valencia-Espana.jpg","contentUrl":"https:\/\/www.cetys.mx\/noticias\/wp-content\/uploads\/2024\/07\/Posgrado-CETYS-en-Valencia-Espana.jpg","width":958,"height":637},{"@type":"BreadcrumbList","@id":"https:\/\/www.cetys.mx\/noticias\/viven-estudiantes-de-posgrado-cetys-experiencia-internacional-en-valencia-espana\/#breadcrumb","itemListElement":[{"@type":"ListItem","position":1,"name":"Inicio","item":"https:\/\/www.cetys.mx\/noticias\/"},{"@type":"ListItem","position":2,"name":"Viven estudiantes de Posgrado CETYS experiencia internacional en Valencia, Espa\u00f1a"}]},{"@type":"WebSite","@id":"https:\/\/www.cetys.mx\/noticias\/#website","url":"https:\/\/www.cetys.mx\/noticias\/","name":"CETYS","description":"","potentialAction":[{"@type":"SearchAction","target":{"@type":"EntryPoint","urlTemplate":"https:\/\/www.cetys.mx\/noticias\/?s={search_term_string}"},"query-input":{"@type":"PropertyValueSpecification","valueRequired":true,"valueName":"search_term_string"}}],"inLanguage":"es"},{"@type":"Person","@id":"https:\/\/www.cetys.mx\/noticias\/#\/schema\/person\/e9d2b35265b64aa454df57a2828eb2ac","name":"CETYS Institucional","url":"https:\/\/www.cetys.mx\/noticias\/author\/cetysinstitucional\/"}]}},"_links":{"self":[{"href":"https:\/\/www.cetys.mx\/noticias\/wp-json\/wp\/v2\/posts\/191261","targetHints":{"allow":["GET"]}}],"collection":[{"href":"https:\/\/www.cetys.mx\/noticias\/wp-json\/wp\/v2\/posts"}],"about":[{"href":"https:\/\/www.cetys.mx\/noticias\/wp-json\/wp\/v2\/types\/post"}],"author":[{"embeddable":true,"href":"https:\/\/www.cetys.mx\/noticias\/wp-json\/wp\/v2\/users\/26"}],"replies":[{"embeddable":true,"href":"https:\/\/www.cetys.mx\/noticias\/wp-json\/wp\/v2\/comments?post=191261"}],"version-history":[{"count":2,"href":"https:\/\/www.cetys.mx\/noticias\/wp-json\/wp\/v2\/posts\/191261\/revisions"}],"predecessor-version":[{"id":191269,"href":"https:\/\/www.cetys.mx\/noticias\/wp-json\/wp\/v2\/posts\/191261\/revisions\/191269"}],"wp:featuredmedia":[{"embeddable":true,"href":"https:\/\/www.cetys.mx\/noticias\/wp-json\/wp\/v2\/media\/191267"}],"wp:attachment":[{"href":"https:\/\/www.cetys.mx\/noticias\/wp-json\/wp\/v2\/media?parent=191261"}],"wp:term":[{"taxonomy":"category","embeddable":true,"href":"https:\/\/www.cetys.mx\/noticias\/wp-json\/wp\/v2\/categories?post=191261"},{"taxonomy":"post_tag","embeddable":true,"href":"https:\/\/www.cetys.mx\/noticias\/wp-json\/wp\/v2\/tags?post=191261"}],"curies":[{"name":"wp","href":"https:\/\/api.w.org\/{rel}","templated":true}]}}