{"id":190919,"date":"2024-01-08T13:09:37","date_gmt":"2024-01-08T21:09:37","guid":{"rendered":"https:\/\/www.cetys.mx\/noticias\/?p=190919"},"modified":"2024-07-10T13:23:08","modified_gmt":"2024-07-10T20:23:08","slug":"dan-bienvenida-a-campus-ensenada-a-6ta-generacion-de-triple-grado-mba","status":"publish","type":"post","link":"https:\/\/www.cetys.mx\/noticias\/dan-bienvenida-a-campus-ensenada-a-6ta-generacion-de-triple-grado-mba\/","title":{"rendered":"Dan bienvenida a Campus Ensenada a 6ta generaci\u00f3n de Triple Grado MBA"},"content":{"rendered":"<p>Con una ambiciosa visi\u00f3n internacional por ser un programa \u00fanico en su tipo, da inicio la sexta generaci\u00f3n del Triple Grado MBA, con la llegada a CETYS Universidad campus Internacional Ensenada de 5 estudiantes de Alemania, Italia, Rep\u00fablica Checa y Estados Unidos de Am\u00e9rica, quienes realizan su primera escala de 3 pa\u00edses, lo que les permitir\u00e1 al finalizar sus estad\u00edas y estudios graduarse con tres grados de Maestr\u00eda por CETYS Universidad, la University of Applied Sciences Upper Austria y Vietnamese-German University.<\/p>\n<p><img loading=\"lazy\" decoding=\"async\" class=\"alignnone size-full wp-image-190920\" src=\"https:\/\/www.cetys.mx\/noticias\/wp-content\/uploads\/2024\/07\/2-7.jpg\" alt=\"\" width=\"958\" height=\"637\" srcset=\"https:\/\/www.cetys.mx\/noticias\/wp-content\/uploads\/2024\/07\/2-7.jpg 958w, https:\/\/www.cetys.mx\/noticias\/wp-content\/uploads\/2024\/07\/2-7-768x511.jpg 768w\" sizes=\"auto, (max-width: 958px) 100vw, 958px\" \/><\/p>\n<p>En la ceremonia de bienvenida el Dr. Francisco V\u00e9lez Torres, director de CETYS Universidad Campus Internacional Ensenada se\u00f1al\u00f3 que este programa enriquece su experiencia educativa pues la mezcla de diferentes culturas, perspectivas e ideas influyen en un vibrante y din\u00e1mico ambiente estudiantil. Nuestros docentes y personal est\u00e1n comprometidos a nutrirlos intelectualmente promoviendo el crecimiento acad\u00e9mico y el mutuo entendimiento cultural, adem\u00e1s los invit\u00f3 a disfrutar las bondades del campus Ensenada y visitar los alrededores para complementar su experiencia.<\/p>\n<p>Por su parte, la Dra. M\u00f3nica L\u00f3pez, Directora de CETYS Graduate School of Business (GSB), explic\u00f3 que este programa ha sido dise\u00f1ado especialmente para formar ciudadanos globalizados con capacidades de liderazgo cr\u00edticas para su vida personal y profesional, es una oportunidad \u00fanica para retarse y convertirse en los l\u00edderes del futuro por lo que los exhort\u00f3 a aprovechar al m\u00e1ximo las actividades dentro y fuera de clases.<\/p>\n<p>A su vez, la Dra. Diana Woolfolk, Subdirectora de Relaciones Internacionales del Sistema CETYS Universidad coment\u00f3 que durante m\u00e1s de 6 d\u00e9cadas la instituci\u00f3n ha contribuido a la formaci\u00f3n de personas siendo un orgullo para M\u00e9xico y la regi\u00f3n y c\u00f3mo hace unos a\u00f1os se dieron a la tarea de ofertar un triple grado que hasta el momento ha graduado a 40 estudiantes que han adquirido conocimientos, habilidades y una visi\u00f3n global de negocios, prepar\u00e1ndolos para los desaf\u00edos regionales y globales y contribuyendo fuertemente a la internacionalizaci\u00f3n de las instituciones participantes.<\/p>\n<p>La Alumna Patrizia, originaria de la Rep\u00fablica Checa y estudiante en University of Applied Sciences Upper Austria decidi\u00f3 estudiar este programa para conectar el conocimiento de tres partes diferentes del mundo: M\u00e9xico, Vietnam y Austria, sus expectativas son conocer muchas personas, la cultura y hacer un esfuerzo para aprender el idioma, adem\u00e1s en sus planes profesionales le gustar\u00eda complementar su formaci\u00f3n en turismo con el enfoque en ventas y marketing, administraci\u00f3n y negocios de este triple grado para poder trabajar en una cadena hotelera global.<\/p>\n<p>Por su parte, Scarlett Fr\u00edas, de la regi\u00f3n Tijuana-San Diego y estudiante de CETYS Universidad dijo que escogi\u00f3 este programa por su perspectiva internacional y porque la parte de Negocios y administraci\u00f3n le resultan muy atractivas pues desea algun dia emprender su casa productora internacional, combinando su licenciatura en Producci\u00f3n F\u00edlmica de SDSU y sus grados de Maestr\u00eda en Negocios y Marketing.<\/p>\n<p>Durante su estancia los estudiantes tomar\u00e1n 4 clases (Emprendimiento, \u00c9tica y Responsabilidad, Temas de Gesti\u00f3n Contempor\u00e1nea y Econom\u00eda Global) , adem\u00e1s del idioma espa\u00f1ol y un curso de cultura, tambi\u00e9n participar\u00e1n en visitas a la industria, experiencias culturales y tendr\u00e1n una viaje tanto al Campus de Tijuana como al de Mexicali.<\/p>\n<p>En el mundo globalizado, el programa de triple titulaci\u00f3n sigue siendo un programa \u00fanico, que permite a los estudiantes obtener un t\u00edtulo mexicano, austriaco y vietnamita con aplicaciones del mundo real. Al culminar sus estudios, los estudiantes obtendr\u00e1n tres grados: la Maestr\u00eda en Administraci\u00f3n de Negocios de CETYS Universidad, el Global Master in Business Administration de Vietnamese-German University, Vietnam y el Master in Global Marketing and Sales de la University of Applied Sciences Upper Austria.<\/p>\n<p><img loading=\"lazy\" decoding=\"async\" class=\"alignnone size-full wp-image-190921\" src=\"https:\/\/www.cetys.mx\/noticias\/wp-content\/uploads\/2024\/07\/3-7.jpg\" alt=\"\" width=\"958\" height=\"637\" srcset=\"https:\/\/www.cetys.mx\/noticias\/wp-content\/uploads\/2024\/07\/3-7.jpg 958w, https:\/\/www.cetys.mx\/noticias\/wp-content\/uploads\/2024\/07\/3-7-768x511.jpg 768w\" sizes=\"auto, (max-width: 958px) 100vw, 958px\" \/><\/p>\n","protected":false},"excerpt":{"rendered":"<p>Con una ambiciosa visi\u00f3n internacional por ser un programa \u00fanico en su tipo, da inicio la sexta generaci\u00f3n del Triple Grado MBA,&#8230;<\/p>\n","protected":false},"author":23,"featured_media":190922,"comment_status":"open","ping_status":"closed","sticky":false,"template":"","format":"standard","meta":{"footnotes":""},"categories":[132,125,313],"tags":[],"class_list":["post-190919","post","type-post","status-publish","format-standard","has-post-thumbnail","hentry","category-campus-ensenada","category-portada","category-vocetys-2"],"yoast_head":"<!-- This site is optimized with the Yoast SEO plugin v27.4 - https:\/\/yoast.com\/product\/yoast-seo-wordpress\/ -->\n<title>Dan bienvenida a Campus Ensenada a 6ta generaci\u00f3n de Triple Grado MBA - CETYS<\/title>\n<meta name=\"description\" content=\"Articulo sobre Dan bienvenida a Campus Ensenada a 6ta generaci\u00f3n de Triple Grado MBA\" \/>\n<meta name=\"robots\" content=\"index, follow, max-snippet:-1, max-image-preview:large, max-video-preview:-1\" \/>\n<link rel=\"canonical\" href=\"https:\/\/www.cetys.mx\/noticias\/dan-bienvenida-a-campus-ensenada-a-6ta-generacion-de-triple-grado-mba\/\" \/>\n<meta property=\"og:locale\" content=\"es_MX\" \/>\n<meta property=\"og:type\" content=\"article\" \/>\n<meta property=\"og:title\" content=\"Dan bienvenida a Campus Ensenada a 6ta generaci\u00f3n de Triple Grado MBA - CETYS\" \/>\n<meta property=\"og:description\" content=\"Articulo sobre Dan bienvenida a Campus Ensenada a 6ta generaci\u00f3n de Triple Grado MBA\" \/>\n<meta property=\"og:url\" content=\"https:\/\/www.cetys.mx\/noticias\/dan-bienvenida-a-campus-ensenada-a-6ta-generacion-de-triple-grado-mba\/\" \/>\n<meta property=\"og:site_name\" content=\"CETYS\" \/>\n<meta property=\"article:publisher\" content=\"https:\/\/www.facebook.com\/cetysuniversidadmxl\/\" \/>\n<meta property=\"article:published_time\" content=\"2024-01-08T21:09:37+00:00\" \/>\n<meta property=\"article:modified_time\" content=\"2024-07-10T20:23:08+00:00\" \/>\n<meta property=\"og:image\" content=\"https:\/\/www.cetys.mx\/noticias\/wp-content\/uploads\/2024\/07\/4.jpg\" \/>\n\t<meta property=\"og:image:width\" content=\"958\" \/>\n\t<meta property=\"og:image:height\" content=\"637\" \/>\n\t<meta property=\"og:image:type\" content=\"image\/jpeg\" \/>\n<meta name=\"author\" content=\"Campus Ensenada\" \/>\n<meta name=\"twitter:card\" content=\"summary_large_image\" \/>\n<meta name=\"twitter:creator\" content=\"@cetysuni\" \/>\n<meta name=\"twitter:site\" content=\"@cetysuni\" \/>\n<meta name=\"twitter:label1\" content=\"Escrito por\" \/>\n\t<meta name=\"twitter:data1\" content=\"Campus Ensenada\" \/>\n\t<meta name=\"twitter:label2\" content=\"Tiempo de lectura\" \/>\n\t<meta name=\"twitter:data2\" content=\"3 minutos\" \/>\n<script type=\"application\/ld+json\" class=\"yoast-schema-graph\">{\"@context\":\"https:\\\/\\\/schema.org\",\"@graph\":[{\"@type\":\"Article\",\"@id\":\"https:\\\/\\\/www.cetys.mx\\\/noticias\\\/dan-bienvenida-a-campus-ensenada-a-6ta-generacion-de-triple-grado-mba\\\/#article\",\"isPartOf\":{\"@id\":\"https:\\\/\\\/www.cetys.mx\\\/noticias\\\/dan-bienvenida-a-campus-ensenada-a-6ta-generacion-de-triple-grado-mba\\\/\"},\"author\":{\"name\":\"Campus Ensenada\",\"@id\":\"https:\\\/\\\/www.cetys.mx\\\/noticias\\\/#\\\/schema\\\/person\\\/1a1a88c0b6586e66a2e9e88e07afc712\"},\"headline\":\"Dan bienvenida a Campus Ensenada a 6ta generaci\u00f3n de Triple Grado MBA\",\"datePublished\":\"2024-01-08T21:09:37+00:00\",\"dateModified\":\"2024-07-10T20:23:08+00:00\",\"mainEntityOfPage\":{\"@id\":\"https:\\\/\\\/www.cetys.mx\\\/noticias\\\/dan-bienvenida-a-campus-ensenada-a-6ta-generacion-de-triple-grado-mba\\\/\"},\"wordCount\":654,\"commentCount\":0,\"image\":{\"@id\":\"https:\\\/\\\/www.cetys.mx\\\/noticias\\\/dan-bienvenida-a-campus-ensenada-a-6ta-generacion-de-triple-grado-mba\\\/#primaryimage\"},\"thumbnailUrl\":\"https:\\\/\\\/www.cetys.mx\\\/noticias\\\/wp-content\\\/uploads\\\/2024\\\/07\\\/4.jpg\",\"articleSection\":[\"Campus Ensenada\",\"Portada\",\"VoCETYS\"],\"inLanguage\":\"es\",\"potentialAction\":[{\"@type\":\"CommentAction\",\"name\":\"Comment\",\"target\":[\"https:\\\/\\\/www.cetys.mx\\\/noticias\\\/dan-bienvenida-a-campus-ensenada-a-6ta-generacion-de-triple-grado-mba\\\/#respond\"]}]},{\"@type\":\"WebPage\",\"@id\":\"https:\\\/\\\/www.cetys.mx\\\/noticias\\\/dan-bienvenida-a-campus-ensenada-a-6ta-generacion-de-triple-grado-mba\\\/\",\"url\":\"https:\\\/\\\/www.cetys.mx\\\/noticias\\\/dan-bienvenida-a-campus-ensenada-a-6ta-generacion-de-triple-grado-mba\\\/\",\"name\":\"Dan bienvenida a Campus Ensenada a 6ta generaci\u00f3n de Triple Grado MBA - CETYS\",\"isPartOf\":{\"@id\":\"https:\\\/\\\/www.cetys.mx\\\/noticias\\\/#website\"},\"primaryImageOfPage\":{\"@id\":\"https:\\\/\\\/www.cetys.mx\\\/noticias\\\/dan-bienvenida-a-campus-ensenada-a-6ta-generacion-de-triple-grado-mba\\\/#primaryimage\"},\"image\":{\"@id\":\"https:\\\/\\\/www.cetys.mx\\\/noticias\\\/dan-bienvenida-a-campus-ensenada-a-6ta-generacion-de-triple-grado-mba\\\/#primaryimage\"},\"thumbnailUrl\":\"https:\\\/\\\/www.cetys.mx\\\/noticias\\\/wp-content\\\/uploads\\\/2024\\\/07\\\/4.jpg\",\"datePublished\":\"2024-01-08T21:09:37+00:00\",\"dateModified\":\"2024-07-10T20:23:08+00:00\",\"author\":{\"@id\":\"https:\\\/\\\/www.cetys.mx\\\/noticias\\\/#\\\/schema\\\/person\\\/1a1a88c0b6586e66a2e9e88e07afc712\"},\"description\":\"Articulo sobre Dan bienvenida a Campus Ensenada a 6ta generaci\u00f3n de Triple Grado MBA\",\"breadcrumb\":{\"@id\":\"https:\\\/\\\/www.cetys.mx\\\/noticias\\\/dan-bienvenida-a-campus-ensenada-a-6ta-generacion-de-triple-grado-mba\\\/#breadcrumb\"},\"inLanguage\":\"es\",\"potentialAction\":[{\"@type\":\"ReadAction\",\"target\":[\"https:\\\/\\\/www.cetys.mx\\\/noticias\\\/dan-bienvenida-a-campus-ensenada-a-6ta-generacion-de-triple-grado-mba\\\/\"]}]},{\"@type\":\"ImageObject\",\"inLanguage\":\"es\",\"@id\":\"https:\\\/\\\/www.cetys.mx\\\/noticias\\\/dan-bienvenida-a-campus-ensenada-a-6ta-generacion-de-triple-grado-mba\\\/#primaryimage\",\"url\":\"https:\\\/\\\/www.cetys.mx\\\/noticias\\\/wp-content\\\/uploads\\\/2024\\\/07\\\/4.jpg\",\"contentUrl\":\"https:\\\/\\\/www.cetys.mx\\\/noticias\\\/wp-content\\\/uploads\\\/2024\\\/07\\\/4.jpg\",\"width\":958,\"height\":637},{\"@type\":\"BreadcrumbList\",\"@id\":\"https:\\\/\\\/www.cetys.mx\\\/noticias\\\/dan-bienvenida-a-campus-ensenada-a-6ta-generacion-de-triple-grado-mba\\\/#breadcrumb\",\"itemListElement\":[{\"@type\":\"ListItem\",\"position\":1,\"name\":\"Inicio\",\"item\":\"https:\\\/\\\/www.cetys.mx\\\/noticias\\\/\"},{\"@type\":\"ListItem\",\"position\":2,\"name\":\"Dan bienvenida a Campus Ensenada a 6ta generaci\u00f3n de Triple Grado MBA\"}]},{\"@type\":\"WebSite\",\"@id\":\"https:\\\/\\\/www.cetys.mx\\\/noticias\\\/#website\",\"url\":\"https:\\\/\\\/www.cetys.mx\\\/noticias\\\/\",\"name\":\"CETYS\",\"description\":\"\",\"potentialAction\":[{\"@type\":\"SearchAction\",\"target\":{\"@type\":\"EntryPoint\",\"urlTemplate\":\"https:\\\/\\\/www.cetys.mx\\\/noticias\\\/?s={search_term_string}\"},\"query-input\":{\"@type\":\"PropertyValueSpecification\",\"valueRequired\":true,\"valueName\":\"search_term_string\"}}],\"inLanguage\":\"es\"},{\"@type\":\"Person\",\"@id\":\"https:\\\/\\\/www.cetys.mx\\\/noticias\\\/#\\\/schema\\\/person\\\/1a1a88c0b6586e66a2e9e88e07afc712\",\"name\":\"Campus Ensenada\",\"url\":\"https:\\\/\\\/www.cetys.mx\\\/noticias\\\/author\\\/campusensenada\\\/\"}]}<\/script>\n<!-- \/ Yoast SEO plugin. -->","yoast_head_json":{"title":"Dan bienvenida a Campus Ensenada a 6ta generaci\u00f3n de Triple Grado MBA - CETYS","description":"Articulo sobre Dan bienvenida a Campus Ensenada a 6ta generaci\u00f3n de Triple Grado MBA","robots":{"index":"index","follow":"follow","max-snippet":"max-snippet:-1","max-image-preview":"max-image-preview:large","max-video-preview":"max-video-preview:-1"},"canonical":"https:\/\/www.cetys.mx\/noticias\/dan-bienvenida-a-campus-ensenada-a-6ta-generacion-de-triple-grado-mba\/","og_locale":"es_MX","og_type":"article","og_title":"Dan bienvenida a Campus Ensenada a 6ta generaci\u00f3n de Triple Grado MBA - CETYS","og_description":"Articulo sobre Dan bienvenida a Campus Ensenada a 6ta generaci\u00f3n de Triple Grado MBA","og_url":"https:\/\/www.cetys.mx\/noticias\/dan-bienvenida-a-campus-ensenada-a-6ta-generacion-de-triple-grado-mba\/","og_site_name":"CETYS","article_publisher":"https:\/\/www.facebook.com\/cetysuniversidadmxl\/","article_published_time":"2024-01-08T21:09:37+00:00","article_modified_time":"2024-07-10T20:23:08+00:00","og_image":[{"width":958,"height":637,"url":"https:\/\/www.cetys.mx\/noticias\/wp-content\/uploads\/2024\/07\/4.jpg","type":"image\/jpeg"}],"author":"Campus Ensenada","twitter_card":"summary_large_image","twitter_creator":"@cetysuni","twitter_site":"@cetysuni","twitter_misc":{"Escrito por":"Campus Ensenada","Tiempo de lectura":"3 minutos"},"schema":{"@context":"https:\/\/schema.org","@graph":[{"@type":"Article","@id":"https:\/\/www.cetys.mx\/noticias\/dan-bienvenida-a-campus-ensenada-a-6ta-generacion-de-triple-grado-mba\/#article","isPartOf":{"@id":"https:\/\/www.cetys.mx\/noticias\/dan-bienvenida-a-campus-ensenada-a-6ta-generacion-de-triple-grado-mba\/"},"author":{"name":"Campus Ensenada","@id":"https:\/\/www.cetys.mx\/noticias\/#\/schema\/person\/1a1a88c0b6586e66a2e9e88e07afc712"},"headline":"Dan bienvenida a Campus Ensenada a 6ta generaci\u00f3n de Triple Grado MBA","datePublished":"2024-01-08T21:09:37+00:00","dateModified":"2024-07-10T20:23:08+00:00","mainEntityOfPage":{"@id":"https:\/\/www.cetys.mx\/noticias\/dan-bienvenida-a-campus-ensenada-a-6ta-generacion-de-triple-grado-mba\/"},"wordCount":654,"commentCount":0,"image":{"@id":"https:\/\/www.cetys.mx\/noticias\/dan-bienvenida-a-campus-ensenada-a-6ta-generacion-de-triple-grado-mba\/#primaryimage"},"thumbnailUrl":"https:\/\/www.cetys.mx\/noticias\/wp-content\/uploads\/2024\/07\/4.jpg","articleSection":["Campus Ensenada","Portada","VoCETYS"],"inLanguage":"es","potentialAction":[{"@type":"CommentAction","name":"Comment","target":["https:\/\/www.cetys.mx\/noticias\/dan-bienvenida-a-campus-ensenada-a-6ta-generacion-de-triple-grado-mba\/#respond"]}]},{"@type":"WebPage","@id":"https:\/\/www.cetys.mx\/noticias\/dan-bienvenida-a-campus-ensenada-a-6ta-generacion-de-triple-grado-mba\/","url":"https:\/\/www.cetys.mx\/noticias\/dan-bienvenida-a-campus-ensenada-a-6ta-generacion-de-triple-grado-mba\/","name":"Dan bienvenida a Campus Ensenada a 6ta generaci\u00f3n de Triple Grado MBA - CETYS","isPartOf":{"@id":"https:\/\/www.cetys.mx\/noticias\/#website"},"primaryImageOfPage":{"@id":"https:\/\/www.cetys.mx\/noticias\/dan-bienvenida-a-campus-ensenada-a-6ta-generacion-de-triple-grado-mba\/#primaryimage"},"image":{"@id":"https:\/\/www.cetys.mx\/noticias\/dan-bienvenida-a-campus-ensenada-a-6ta-generacion-de-triple-grado-mba\/#primaryimage"},"thumbnailUrl":"https:\/\/www.cetys.mx\/noticias\/wp-content\/uploads\/2024\/07\/4.jpg","datePublished":"2024-01-08T21:09:37+00:00","dateModified":"2024-07-10T20:23:08+00:00","author":{"@id":"https:\/\/www.cetys.mx\/noticias\/#\/schema\/person\/1a1a88c0b6586e66a2e9e88e07afc712"},"description":"Articulo sobre Dan bienvenida a Campus Ensenada a 6ta generaci\u00f3n de Triple Grado MBA","breadcrumb":{"@id":"https:\/\/www.cetys.mx\/noticias\/dan-bienvenida-a-campus-ensenada-a-6ta-generacion-de-triple-grado-mba\/#breadcrumb"},"inLanguage":"es","potentialAction":[{"@type":"ReadAction","target":["https:\/\/www.cetys.mx\/noticias\/dan-bienvenida-a-campus-ensenada-a-6ta-generacion-de-triple-grado-mba\/"]}]},{"@type":"ImageObject","inLanguage":"es","@id":"https:\/\/www.cetys.mx\/noticias\/dan-bienvenida-a-campus-ensenada-a-6ta-generacion-de-triple-grado-mba\/#primaryimage","url":"https:\/\/www.cetys.mx\/noticias\/wp-content\/uploads\/2024\/07\/4.jpg","contentUrl":"https:\/\/www.cetys.mx\/noticias\/wp-content\/uploads\/2024\/07\/4.jpg","width":958,"height":637},{"@type":"BreadcrumbList","@id":"https:\/\/www.cetys.mx\/noticias\/dan-bienvenida-a-campus-ensenada-a-6ta-generacion-de-triple-grado-mba\/#breadcrumb","itemListElement":[{"@type":"ListItem","position":1,"name":"Inicio","item":"https:\/\/www.cetys.mx\/noticias\/"},{"@type":"ListItem","position":2,"name":"Dan bienvenida a Campus Ensenada a 6ta generaci\u00f3n de Triple Grado MBA"}]},{"@type":"WebSite","@id":"https:\/\/www.cetys.mx\/noticias\/#website","url":"https:\/\/www.cetys.mx\/noticias\/","name":"CETYS","description":"","potentialAction":[{"@type":"SearchAction","target":{"@type":"EntryPoint","urlTemplate":"https:\/\/www.cetys.mx\/noticias\/?s={search_term_string}"},"query-input":{"@type":"PropertyValueSpecification","valueRequired":true,"valueName":"search_term_string"}}],"inLanguage":"es"},{"@type":"Person","@id":"https:\/\/www.cetys.mx\/noticias\/#\/schema\/person\/1a1a88c0b6586e66a2e9e88e07afc712","name":"Campus Ensenada","url":"https:\/\/www.cetys.mx\/noticias\/author\/campusensenada\/"}]}},"_links":{"self":[{"href":"https:\/\/www.cetys.mx\/noticias\/wp-json\/wp\/v2\/posts\/190919","targetHints":{"allow":["GET"]}}],"collection":[{"href":"https:\/\/www.cetys.mx\/noticias\/wp-json\/wp\/v2\/posts"}],"about":[{"href":"https:\/\/www.cetys.mx\/noticias\/wp-json\/wp\/v2\/types\/post"}],"author":[{"embeddable":true,"href":"https:\/\/www.cetys.mx\/noticias\/wp-json\/wp\/v2\/users\/23"}],"replies":[{"embeddable":true,"href":"https:\/\/www.cetys.mx\/noticias\/wp-json\/wp\/v2\/comments?post=190919"}],"version-history":[{"count":1,"href":"https:\/\/www.cetys.mx\/noticias\/wp-json\/wp\/v2\/posts\/190919\/revisions"}],"predecessor-version":[{"id":190923,"href":"https:\/\/www.cetys.mx\/noticias\/wp-json\/wp\/v2\/posts\/190919\/revisions\/190923"}],"wp:featuredmedia":[{"embeddable":true,"href":"https:\/\/www.cetys.mx\/noticias\/wp-json\/wp\/v2\/media\/190922"}],"wp:attachment":[{"href":"https:\/\/www.cetys.mx\/noticias\/wp-json\/wp\/v2\/media?parent=190919"}],"wp:term":[{"taxonomy":"category","embeddable":true,"href":"https:\/\/www.cetys.mx\/noticias\/wp-json\/wp\/v2\/categories?post=190919"},{"taxonomy":"post_tag","embeddable":true,"href":"https:\/\/www.cetys.mx\/noticias\/wp-json\/wp\/v2\/tags?post=190919"}],"curies":[{"name":"wp","href":"https:\/\/api.w.org\/{rel}","templated":true}]}}