{"id":190846,"date":"2024-06-29T01:06:40","date_gmt":"2024-06-29T08:06:40","guid":{"rendered":"https:\/\/www.cetys.mx\/noticias\/?p=190846"},"modified":"2024-09-03T11:23:43","modified_gmt":"2024-09-03T18:23:43","slug":"asi-fueron-las-gradcetys2024-revive-los-mejores-momentos","status":"publish","type":"post","link":"https:\/\/www.cetys.mx\/noticias\/asi-fueron-las-gradcetys2024-revive-los-mejores-momentos\/","title":{"rendered":"As\u00ed fueron las #GradCETYS2024: Revive los mejores momentos"},"content":{"rendered":"<p><span style=\"font-weight: 400;\">La comunidad CETYS Alumni recibe este 2024 a una nueva generaci\u00f3n de 2 mil 142 j\u00f3venes listos para enfrentar los retos del contexto global y con ello contribuir de forma positiva en sus comunidades.\u00a0<\/span><\/p>\n<p><span style=\"font-weight: 400;\">Revive aqu\u00ed las Ceremonias de Fin de Curso y Graduaciones 2024 de Preparatoria, Profesional y Posgrado.\u00a0<\/span><\/p>\n<p><b>CAMPUS MEXICALI<\/b><\/p>\n<p><b>Preparatoria<\/b><\/p>\n<ul>\n<li style=\"font-weight: 400;\" aria-level=\"1\"><span style=\"font-weight: 400;\">370 j\u00f3venes egresados de la generaci\u00f3n 2024.<\/span><\/li>\n<li style=\"font-weight: 400;\" aria-level=\"1\"><span style=\"font-weight: 400;\">329 del Bachillerato General; 41 del Bachillerato Internacional.<\/span><\/li>\n<li style=\"font-weight: 400;\" aria-level=\"1\"><b>M\u00e9rito Acad\u00e9mico: <\/b><span style=\"font-weight: 400;\">reconocimiento que se entrega a los egresados que logran el promedio general m\u00e1s alto considerando los tres a\u00f1os de Bachillerato. Ellos fueron:<\/span>\n<ul>\n<li style=\"font-weight: 400;\" aria-level=\"2\"><strong>Marian Delgadillo Z\u00e1rate<\/strong><\/li>\n<li style=\"font-weight: 400;\" aria-level=\"2\"><strong>Am\u00e9rica Dariela Mungu\u00eda Felix<\/strong><\/li>\n<li style=\"font-weight: 400;\" aria-level=\"2\"><strong>Jos\u00e9 Carlos Rechy Saucedo<\/strong><\/li>\n<li style=\"font-weight: 400;\" aria-level=\"2\"><strong>Camila Terrazas Franco<\/strong><\/li>\n<\/ul>\n<\/li>\n<li style=\"font-weight: 400;\" aria-level=\"1\"><b>Menci\u00f3n Honor\u00edfica:<\/b><span style=\"font-weight: 400;\">el m\u00e1ximo reconocimiento que CETYS otorga al m\u00e1s destacado de los egresados, considerando su actuaci\u00f3n en los tres a\u00f1os de bachillerato, fue para <\/span><b>Rodolfo Ley Luque.<\/b><\/li>\n<\/ul>\n\n            <style type='text\/css'>\n                #gallery-1 {\n                    margin: auto;\n                }\n                #gallery-1 .gallery-item {\n                    float: left;\n                    margin-top: 10px;\n                    text-align: center;\n                    width: 33%;\n                }\n                #gallery-1 img {\n                    border: 2px solid #cfcfcf;\n                }\n                #gallery-1 .gallery-caption {\n                    margin-left: 0;\n                }\n                \/* see gallery_shortcode() in wp-includes\/media.php *\/\n            <\/style>\n\t\t<div id='gallery-1' class='gallery galleryid-190846 gallery-columns-3 gallery-size-thumbnail'><dl class='gallery-item'>\n                <dt class='gallery-icon landscape'>\n                    <a href='https:\/\/www.cetys.mx\/noticias\/asi-fueron-las-gradcetys2024-revive-los-mejores-momentos\/01-36\/'><img loading=\"lazy\" decoding=\"async\" width=\"128\" height=\"85\" src=\"https:\/\/www.cetys.mx\/noticias\/wp-content\/uploads\/2024\/06\/01.jpg\" class=\"attachment-thumbnail size-thumbnail\" alt=\"\" aria-describedby=\"gallery-1-190848\" srcset=\"https:\/\/www.cetys.mx\/noticias\/wp-content\/uploads\/2024\/06\/01.jpg 1600w, https:\/\/www.cetys.mx\/noticias\/wp-content\/uploads\/2024\/06\/01-768x512.jpg 768w\" sizes=\"auto, (max-width: 128px) 100vw, 128px\" \/><\/a>\n                <\/dt>\n                    <dd class='wp-caption-text gallery-caption' id='gallery-1-190848'>\n                    Fin de Cursos 2024|Preparatoria CETYS Campus Mexicali\n                    <\/dd><\/dl><dl class='gallery-item'>\n                <dt class='gallery-icon landscape'>\n                    <a href='https:\/\/www.cetys.mx\/noticias\/asi-fueron-las-gradcetys2024-revive-los-mejores-momentos\/02-35\/'><img loading=\"lazy\" decoding=\"async\" width=\"128\" height=\"85\" src=\"https:\/\/www.cetys.mx\/noticias\/wp-content\/uploads\/2024\/06\/02.jpg\" class=\"attachment-thumbnail size-thumbnail\" alt=\"\" aria-describedby=\"gallery-1-190849\" srcset=\"https:\/\/www.cetys.mx\/noticias\/wp-content\/uploads\/2024\/06\/02.jpg 1600w, https:\/\/www.cetys.mx\/noticias\/wp-content\/uploads\/2024\/06\/02-768x512.jpg 768w\" sizes=\"auto, (max-width: 128px) 100vw, 128px\" \/><\/a>\n                <\/dt>\n                    <dd class='wp-caption-text gallery-caption' id='gallery-1-190849'>\n                    Fin de Cursos 2024|Preparatoria CETYS Campus Mexicali\n                    <\/dd><\/dl><dl class='gallery-item'>\n                <dt class='gallery-icon landscape'>\n                    <a href='https:\/\/www.cetys.mx\/noticias\/asi-fueron-las-gradcetys2024-revive-los-mejores-momentos\/03-30\/'><img loading=\"lazy\" decoding=\"async\" width=\"128\" height=\"85\" src=\"https:\/\/www.cetys.mx\/noticias\/wp-content\/uploads\/2024\/06\/03.jpg\" class=\"attachment-thumbnail size-thumbnail\" alt=\"\" aria-describedby=\"gallery-1-190850\" srcset=\"https:\/\/www.cetys.mx\/noticias\/wp-content\/uploads\/2024\/06\/03.jpg 1600w, https:\/\/www.cetys.mx\/noticias\/wp-content\/uploads\/2024\/06\/03-768x512.jpg 768w\" sizes=\"auto, (max-width: 128px) 100vw, 128px\" \/><\/a>\n                <\/dt>\n                    <dd class='wp-caption-text gallery-caption' id='gallery-1-190850'>\n                    Fin de Cursos 2024|Preparatoria CETYS Campus Mexicali\n                    <\/dd><\/dl><br style=\"clear: both\" \/>\n            <\/div>\n\n<p><b>Profesional<\/b><\/p>\n<ul>\n<li style=\"list-style-type: none;\">\n<ul>\n<li style=\"font-weight: 400;\" aria-level=\"1\"><span style=\"font-weight: 400;\">412 egresados conforman la generaci\u00f3n de Profesional 2024.<\/span><\/li>\n<li style=\"font-weight: 400;\" aria-level=\"1\"><span style=\"font-weight: 400;\">49 egresaron con un Doble Grado en colaboraci\u00f3n con City University of Seattle.<\/span><\/li>\n<\/ul>\n<\/li>\n<li aria-level=\"1\"><b>Medalla de Honor: <span style=\"font-weight: 400;\">concedida al mejor alumno de cada carrera, en el presente ciclo escolar. Ellos fueron:<\/span><\/b>\n<ul>\n<li style=\"font-weight: 400;\" aria-level=\"2\">Lic. en Administraci\u00f3n de Mercadotecnia:<b> Cassandra Itzel Figueroa Castro\u00a0<\/b><\/li>\n<li style=\"font-weight: 400;\" aria-level=\"2\">Lic. en Negocios Internacionales:<b> Maribel S\u00e1nchez Pacheco<\/b><\/li>\n<li style=\"font-weight: 400;\" aria-level=\"2\">Lic. en Log\u00edstica Internacional: <b>Mar\u00eda S\u00e1nchez P\u00e9rez<\/b><\/li>\n<li style=\"font-weight: 400;\" aria-level=\"2\">Lic. en Psicolog\u00eda Infantil:<b> Azul Bethamary Pulido Guerrero<\/b><\/li>\n<li style=\"font-weight: 400;\" aria-level=\"2\">Lic. en Ingenier\u00eda Industrial Global Program:<b> Alejandra Rosas Moreno<\/b><\/li>\n<li style=\"font-weight: 400;\" aria-level=\"2\">Lic. en Ingenier\u00eda en Cibern\u00e9tica Electr\u00f3nica:<b> Cristian Agui\u00f1iga Quintero<\/b><\/li>\n<li style=\"font-weight: 400;\" aria-level=\"2\">Lic. en Ingenier\u00eda Mecatr\u00f3nica:<b> Citlali Paulina Capiz Hern\u00e1ndez\u00a0<\/b><\/li>\n<\/ul>\n<\/li>\n<\/ul>\n<ul>\n<li style=\"font-weight: 400;\" aria-level=\"1\"><b>Menci\u00f3n Honor\u00edfica:<\/b><span style=\"font-weight: 400;\"> m\u00e1ximo reconocimiento que el CETYS otorga al egresado m\u00e1s destacado de toda la carrera. Ellos fueron:<\/span>\n<ul>\n<li style=\"font-weight: 400;\" aria-level=\"2\">Lic. en Contador P\u00fablico Internacional: <b>Analuc\u00eda Arag\u00f3n Ordo\u00f1ez<\/b><\/li>\n<li style=\"font-weight: 400;\" aria-level=\"2\">Lic. en Administraci\u00f3n de Empresas:<b> Josu\u00e9 Emmanuel Castro Ambriz<\/b><\/li>\n<li style=\"font-weight: 400;\" aria-level=\"2\">Lic. en Administraci\u00f3n de Mercadotecnia:<b> Cassandra Itzel Figueroa Castro<\/b><\/li>\n<li style=\"font-weight: 400;\" aria-level=\"2\">Lic. en Negocios Internacionales:<b> Huiwen Liang<\/b><\/li>\n<li style=\"font-weight: 400;\" aria-level=\"2\">Lic. en Inteligencia de Negocios e Innovaci\u00f3n: <b>Adair Arias Estrada<\/b><\/li>\n<li style=\"font-weight: 400;\" aria-level=\"2\">Lic. en Log\u00edstica Internacional: <b>Andrea Larissa Veytia Leyva<\/b><\/li>\n<li style=\"font-weight: 400;\" aria-level=\"2\">Lic. en Psicolog\u00eda Cl\u00ednica:<b> Mariela Judith Guti\u00e9rrez Ham<\/b><\/li>\n<li style=\"font-weight: 400;\" aria-level=\"2\">Lic. en Psicolog\u00eda Infantil:<b> Angela Irais L\u00f3pez Herrera<\/b><\/li>\n<li style=\"font-weight: 400;\" aria-level=\"2\">Lic. en Psicolog\u00eda Organizacional: <b>Luis Silverio L\u00f3pez Moreno<\/b><\/li>\n<li style=\"font-weight: 400;\" aria-level=\"2\">Lic. en Derecho:<b> Ana Luc\u00eda Leal Trevi\u00f1o<\/b><\/li>\n<li style=\"font-weight: 400;\" aria-level=\"2\">Lic. en Ingenier\u00eda Industrial:<b> Laura Karina Alvarado Lim\u00f3n<\/b><\/li>\n<li style=\"font-weight: 400;\" aria-level=\"2\">Lic. en Ingenier\u00eda Industrial Global Program: <b>Enya Sof\u00eda Sol\u00eds Topete<\/b><\/li>\n<li style=\"font-weight: 400;\" aria-level=\"2\">Lic. en Ingenier\u00eda Mec\u00e1nica:<b> Xiaoyun Zhu<\/b><\/li>\n<li style=\"font-weight: 400;\" aria-level=\"2\">Lic. en Ingenier\u00eda en Cibern\u00e9tica Electr\u00f3nica:<b> Adrian Aguirre Garc\u00eda<\/b><\/li>\n<li style=\"font-weight: 400;\" aria-level=\"2\">Lic. en Ingenier\u00eda en Ciencias Computacionales:<b> Daniela Isabel Urrea Partida<\/b><\/li>\n<li style=\"font-weight: 400;\" aria-level=\"2\">Lic. en Ingenier\u00eda Mecatr\u00f3nica:<b> Francisco Durazo Lew<\/b><\/li>\n<li style=\"font-weight: 400;\" aria-level=\"2\">Lic. en Ingenier\u00eda en Dise\u00f1o Gr\u00e1fico Digital:<b> Isabella Davis Zenteno<\/b><\/li>\n<li style=\"font-weight: 400;\" aria-level=\"2\">Lic. en Ingenier\u00eda en Energ\u00edas Renovables:<b> Ana Paola Vega Perales<\/b><\/li>\n<\/ul>\n<\/li>\n<\/ul>\n\n            <style type='text\/css'>\n                #gallery-2 {\n                    margin: auto;\n                }\n                #gallery-2 .gallery-item {\n                    float: left;\n                    margin-top: 10px;\n                    text-align: center;\n                    width: 33%;\n                }\n                #gallery-2 img {\n                    border: 2px solid #cfcfcf;\n                }\n                #gallery-2 .gallery-caption {\n                    margin-left: 0;\n                }\n                \/* see gallery_shortcode() in wp-includes\/media.php *\/\n            <\/style>\n\t\t<div id='gallery-2' class='gallery galleryid-190846 gallery-columns-3 gallery-size-thumbnail'><dl class='gallery-item'>\n                <dt class='gallery-icon landscape'>\n                    <a href='https:\/\/www.cetys.mx\/noticias\/asi-fueron-las-gradcetys2024-revive-los-mejores-momentos\/01-37\/'><img loading=\"lazy\" decoding=\"async\" width=\"128\" height=\"72\" src=\"https:\/\/www.cetys.mx\/noticias\/wp-content\/uploads\/2024\/06\/01-1.jpg\" class=\"attachment-thumbnail size-thumbnail\" alt=\"\" aria-describedby=\"gallery-2-190851\" srcset=\"https:\/\/www.cetys.mx\/noticias\/wp-content\/uploads\/2024\/06\/01-1.jpg 1440w, https:\/\/www.cetys.mx\/noticias\/wp-content\/uploads\/2024\/06\/01-1-768x432.jpg 768w\" sizes=\"auto, (max-width: 128px) 100vw, 128px\" \/><\/a>\n                <\/dt>\n                    <dd class='wp-caption-text gallery-caption' id='gallery-2-190851'>\n                    Ceremonia de Graduaci\u00f3n 2024|Profesional Campus Mexicali\n                    <\/dd><\/dl><dl class='gallery-item'>\n                <dt class='gallery-icon landscape'>\n                    <a href='https:\/\/www.cetys.mx\/noticias\/asi-fueron-las-gradcetys2024-revive-los-mejores-momentos\/02-36\/'><img loading=\"lazy\" decoding=\"async\" width=\"128\" height=\"72\" src=\"https:\/\/www.cetys.mx\/noticias\/wp-content\/uploads\/2024\/06\/02-1.jpg\" class=\"attachment-thumbnail size-thumbnail\" alt=\"\" aria-describedby=\"gallery-2-190852\" srcset=\"https:\/\/www.cetys.mx\/noticias\/wp-content\/uploads\/2024\/06\/02-1.jpg 1440w, https:\/\/www.cetys.mx\/noticias\/wp-content\/uploads\/2024\/06\/02-1-768x432.jpg 768w\" sizes=\"auto, (max-width: 128px) 100vw, 128px\" \/><\/a>\n                <\/dt>\n                    <dd class='wp-caption-text gallery-caption' id='gallery-2-190852'>\n                    Ceremonia de Graduaci\u00f3n 2024|Profesional Campus Mexicali\n                    <\/dd><\/dl><dl class='gallery-item'>\n                <dt class='gallery-icon landscape'>\n                    <a href='https:\/\/www.cetys.mx\/noticias\/asi-fueron-las-gradcetys2024-revive-los-mejores-momentos\/03-31\/'><img loading=\"lazy\" decoding=\"async\" width=\"128\" height=\"72\" src=\"https:\/\/www.cetys.mx\/noticias\/wp-content\/uploads\/2024\/06\/03-1.jpg\" class=\"attachment-thumbnail size-thumbnail\" alt=\"\" aria-describedby=\"gallery-2-190853\" srcset=\"https:\/\/www.cetys.mx\/noticias\/wp-content\/uploads\/2024\/06\/03-1.jpg 1440w, https:\/\/www.cetys.mx\/noticias\/wp-content\/uploads\/2024\/06\/03-1-768x432.jpg 768w\" sizes=\"auto, (max-width: 128px) 100vw, 128px\" \/><\/a>\n                <\/dt>\n                    <dd class='wp-caption-text gallery-caption' id='gallery-2-190853'>\n                    Ceremonia de Graduaci\u00f3n 2024|Profesional Campus Mexicali\n                    <\/dd><\/dl><br style=\"clear: both\" \/>\n            <\/div>\n\n<p><b>Posgrado<\/b><\/p>\n<ul>\n<li style=\"list-style-type: none;\">\n<ul>\n<li style=\"font-weight: 400;\" aria-level=\"1\"><span style=\"font-weight: 400;\">178 egresados conforman la generaci\u00f3n 2024<\/span><\/li>\n<li style=\"font-weight: 400;\" aria-level=\"1\"><span style=\"font-weight: 400;\">07 egresados del Doble Grado con University of San Diego; MBA y Master of Science in Global Leadership<\/span><\/li>\n<\/ul>\n<\/li>\n<li aria-level=\"1\"><b>Menci\u00f3n Honor\u00edfica: <span style=\"font-weight: 400;\">m\u00e1ximo reconocimiento que el CETYS otorga al egresado m\u00e1s destacado de toda la carrera. Ellos fueron:<\/span><\/b>\n<ul>\n<li style=\"font-weight: 400;\" aria-level=\"2\">Maestr\u00eda en Administraci\u00f3n de Negocios:<b> Jazm\u00edn Toledano Garc\u00eda<\/b><\/li>\n<li style=\"font-weight: 400;\" aria-level=\"2\">Maestr\u00eda en Administraci\u00f3n de Negocios y Master of Science in Global Leadership:<b> Maricela Haro Leal<\/b><\/li>\n<li style=\"font-weight: 400;\" aria-level=\"2\">Maestr\u00eda en Derecho:<b> Alejandro Morales Olivares<\/b><\/li>\n<li style=\"font-weight: 400;\" aria-level=\"2\">Maestr\u00eda en Educaci\u00f3n:<b> Melissa Huerta Romero<\/b><\/li>\n<li style=\"font-weight: 400;\" aria-level=\"2\">Maestr\u00eda en Neuropsicolog\u00eda:<b> Leonor Ang\u00e9lica Santamar\u00eda Mel\u00e9ndez<\/b><\/li>\n<li style=\"font-weight: 400;\" aria-level=\"2\">Maestr\u00eda en Psicolog\u00eda:<b> Ana Laura Ch\u00e1vez Galv\u00e1n<\/b><\/li>\n<li style=\"font-weight: 400;\" aria-level=\"2\">Maestr\u00eda en Gerontolog\u00eda Social:<b> Christbelen Lizbeth Sandoval Ayala<\/b><\/li>\n<li style=\"font-weight: 400;\" aria-level=\"2\">Maestr\u00eda en Ingenier\u00eda:<b> Maximiliano Campas Rodr\u00edguez<\/b><\/li>\n<\/ul>\n<\/li>\n<\/ul>\n\n            <style type='text\/css'>\n                #gallery-3 {\n                    margin: auto;\n                }\n                #gallery-3 .gallery-item {\n                    float: left;\n                    margin-top: 10px;\n                    text-align: center;\n                    width: 33%;\n                }\n                #gallery-3 img {\n                    border: 2px solid #cfcfcf;\n                }\n                #gallery-3 .gallery-caption {\n                    margin-left: 0;\n                }\n                \/* see gallery_shortcode() in wp-includes\/media.php *\/\n            <\/style>\n\t\t<div id='gallery-3' class='gallery galleryid-190846 gallery-columns-3 gallery-size-thumbnail'><dl class='gallery-item'>\n                <dt class='gallery-icon landscape'>\n                    <a href='https:\/\/www.cetys.mx\/noticias\/asi-fueron-las-gradcetys2024-revive-los-mejores-momentos\/01-38\/'><img loading=\"lazy\" decoding=\"async\" width=\"128\" height=\"85\" src=\"https:\/\/www.cetys.mx\/noticias\/wp-content\/uploads\/2024\/06\/01-2.jpg\" class=\"attachment-thumbnail size-thumbnail\" alt=\"\" aria-describedby=\"gallery-3-190854\" srcset=\"https:\/\/www.cetys.mx\/noticias\/wp-content\/uploads\/2024\/06\/01-2.jpg 1600w, https:\/\/www.cetys.mx\/noticias\/wp-content\/uploads\/2024\/06\/01-2-768x512.jpg 768w\" sizes=\"auto, (max-width: 128px) 100vw, 128px\" \/><\/a>\n                <\/dt>\n                    <dd class='wp-caption-text gallery-caption' id='gallery-3-190854'>\n                    Ceremonia de Graduaci\u00f3n 2024|Posgrado Campus Mexicali\n                    <\/dd><\/dl><dl class='gallery-item'>\n                <dt class='gallery-icon landscape'>\n                    <a href='https:\/\/www.cetys.mx\/noticias\/asi-fueron-las-gradcetys2024-revive-los-mejores-momentos\/02-37\/'><img loading=\"lazy\" decoding=\"async\" width=\"128\" height=\"85\" src=\"https:\/\/www.cetys.mx\/noticias\/wp-content\/uploads\/2024\/06\/02-2.jpg\" class=\"attachment-thumbnail size-thumbnail\" alt=\"\" aria-describedby=\"gallery-3-190855\" srcset=\"https:\/\/www.cetys.mx\/noticias\/wp-content\/uploads\/2024\/06\/02-2.jpg 1600w, https:\/\/www.cetys.mx\/noticias\/wp-content\/uploads\/2024\/06\/02-2-768x512.jpg 768w\" sizes=\"auto, (max-width: 128px) 100vw, 128px\" \/><\/a>\n                <\/dt>\n                    <dd class='wp-caption-text gallery-caption' id='gallery-3-190855'>\n                    Ceremonia de Graduaci\u00f3n 2024|Posgrado Campus Mexicali\n                    <\/dd><\/dl><dl class='gallery-item'>\n                <dt class='gallery-icon landscape'>\n                    <a href='https:\/\/www.cetys.mx\/noticias\/asi-fueron-las-gradcetys2024-revive-los-mejores-momentos\/03-32\/'><img loading=\"lazy\" decoding=\"async\" width=\"128\" height=\"85\" src=\"https:\/\/www.cetys.mx\/noticias\/wp-content\/uploads\/2024\/06\/03-2.jpg\" class=\"attachment-thumbnail size-thumbnail\" alt=\"\" aria-describedby=\"gallery-3-190856\" srcset=\"https:\/\/www.cetys.mx\/noticias\/wp-content\/uploads\/2024\/06\/03-2.jpg 2048w, https:\/\/www.cetys.mx\/noticias\/wp-content\/uploads\/2024\/06\/03-2-768x512.jpg 768w\" sizes=\"auto, (max-width: 128px) 100vw, 128px\" \/><\/a>\n                <\/dt>\n                    <dd class='wp-caption-text gallery-caption' id='gallery-3-190856'>\n                    Ceremonia de Graduaci\u00f3n 2024|Posgrado Campus Mexicali\n                    <\/dd><\/dl><br style=\"clear: both\" \/>\n            <\/div>\n\n<p><b>CAMPUS TIJUANA<\/b><\/p>\n<p><b>Preparatoria<\/b><\/p>\n<ul>\n<li style=\"list-style-type: none;\">\n<ul>\n<li style=\"font-weight: 400;\" aria-level=\"1\"><span style=\"font-weight: 400;\">300 egresados conforman la generaci\u00f3n 2024.<\/span><\/li>\n<li style=\"font-weight: 400;\" aria-level=\"1\"><span style=\"font-weight: 400;\">250 del Bachillerato General; 50 del Bachillerato Internacional.<\/span><\/li>\n<li style=\"font-weight: 400;\" aria-level=\"1\"><b>M\u00e9rito Acad\u00e9mico: <\/b><span style=\"font-weight: 400;\">reconocimiento que se entrega a los egresados que logran el promedio general m\u00e1s alto considerando los tres a\u00f1os de Bachillerato, que en esta generaci\u00f3n fue otorgado a:\u00a0<\/span>\n<ul>\n<li style=\"font-weight: 400;\" aria-level=\"2\"><strong>Daniel Gonz\u00e1lez Ojeda<\/strong><\/li>\n<\/ul>\n<\/li>\n<\/ul>\n<\/li>\n<\/ul>\n<ul>\n<li aria-level=\"1\"><b>Medalla de Honor: <span style=\"font-weight: 400;\">el reconocimiento fue entregado a <\/span>Dominic del Castillo Leyva.\u00a0<\/b><\/li>\n<li aria-level=\"1\"><strong>Menci\u00f3n Honor\u00edfica:<\/strong> <span style=\"font-weight: 400;\">el m\u00e1ximo reconocimiento que CETYS otorga al m\u00e1s destacado de los egresados, considerando su actuaci\u00f3n en los tres a\u00f1os de bachillerato, fue para <\/span><strong>Denia Paola L\u00f3pez Monroy.<\/strong><\/li>\n<\/ul>\n\n            <style type='text\/css'>\n                #gallery-4 {\n                    margin: auto;\n                }\n                #gallery-4 .gallery-item {\n                    float: left;\n                    margin-top: 10px;\n                    text-align: center;\n                    width: 33%;\n                }\n                #gallery-4 img {\n                    border: 2px solid #cfcfcf;\n                }\n                #gallery-4 .gallery-caption {\n                    margin-left: 0;\n                }\n                \/* see gallery_shortcode() in wp-includes\/media.php *\/\n            <\/style>\n\t\t<div id='gallery-4' class='gallery galleryid-190846 gallery-columns-3 gallery-size-thumbnail'><dl class='gallery-item'>\n                <dt class='gallery-icon landscape'>\n                    <a href='https:\/\/www.cetys.mx\/noticias\/asi-fueron-las-gradcetys2024-revive-los-mejores-momentos\/01-39\/'><img loading=\"lazy\" decoding=\"async\" width=\"128\" height=\"85\" src=\"https:\/\/www.cetys.mx\/noticias\/wp-content\/uploads\/2024\/06\/01-3.jpg\" class=\"attachment-thumbnail size-thumbnail\" alt=\"\" aria-describedby=\"gallery-4-190857\" srcset=\"https:\/\/www.cetys.mx\/noticias\/wp-content\/uploads\/2024\/06\/01-3.jpg 2048w, https:\/\/www.cetys.mx\/noticias\/wp-content\/uploads\/2024\/06\/01-3-768x512.jpg 768w\" sizes=\"auto, (max-width: 128px) 100vw, 128px\" \/><\/a>\n                <\/dt>\n                    <dd class='wp-caption-text gallery-caption' id='gallery-4-190857'>\n                    Ceremonia de Fin de Cursos 2024|Preparatoria CETYS Campus Tijuana\n                    <\/dd><\/dl><dl class='gallery-item'>\n                <dt class='gallery-icon landscape'>\n                    <a href='https:\/\/www.cetys.mx\/noticias\/asi-fueron-las-gradcetys2024-revive-los-mejores-momentos\/02-38\/'><img loading=\"lazy\" decoding=\"async\" width=\"128\" height=\"85\" src=\"https:\/\/www.cetys.mx\/noticias\/wp-content\/uploads\/2024\/06\/02-3.jpg\" class=\"attachment-thumbnail size-thumbnail\" alt=\"\" aria-describedby=\"gallery-4-190858\" srcset=\"https:\/\/www.cetys.mx\/noticias\/wp-content\/uploads\/2024\/06\/02-3.jpg 2048w, https:\/\/www.cetys.mx\/noticias\/wp-content\/uploads\/2024\/06\/02-3-768x512.jpg 768w\" sizes=\"auto, (max-width: 128px) 100vw, 128px\" \/><\/a>\n                <\/dt>\n                    <dd class='wp-caption-text gallery-caption' id='gallery-4-190858'>\n                    Ceremonia de Fin de Cursos 2024|Preparatoria CETYS Campus Tijuana\n                    <\/dd><\/dl><dl class='gallery-item'>\n                <dt class='gallery-icon landscape'>\n                    <a href='https:\/\/www.cetys.mx\/noticias\/asi-fueron-las-gradcetys2024-revive-los-mejores-momentos\/03-33\/'><img loading=\"lazy\" decoding=\"async\" width=\"128\" height=\"85\" src=\"https:\/\/www.cetys.mx\/noticias\/wp-content\/uploads\/2024\/06\/03-3.jpg\" class=\"attachment-thumbnail size-thumbnail\" alt=\"\" aria-describedby=\"gallery-4-190859\" srcset=\"https:\/\/www.cetys.mx\/noticias\/wp-content\/uploads\/2024\/06\/03-3.jpg 2048w, https:\/\/www.cetys.mx\/noticias\/wp-content\/uploads\/2024\/06\/03-3-768x512.jpg 768w\" sizes=\"auto, (max-width: 128px) 100vw, 128px\" \/><\/a>\n                <\/dt>\n                    <dd class='wp-caption-text gallery-caption' id='gallery-4-190859'>\n                    Ceremonia de Fin de Cursos 2024|Preparatoria CETYS Campus Tijuana\n                    <\/dd><\/dl><br style=\"clear: both\" \/>\n            <\/div>\n\n<p><b>Profesional<\/b><\/p>\n<ul>\n<li style=\"font-weight: 400;\" aria-level=\"1\"><span style=\"font-weight: 400;\">385 egresados conforman la generaci\u00f3n 2024<\/span><\/li>\n<li style=\"font-weight: 400;\" aria-level=\"1\"><span style=\"font-weight: 400;\">37 egresaron con Doble Grado en colaboraci\u00f3n con City University of Seattle<\/span><\/li>\n<li style=\"font-weight: 400;\" aria-level=\"1\"><b>Medalla de Honor: <\/b><span style=\"font-weight: 400;\">concedida al mejor alumno de cada carrera, en el presente ciclo escolar. Ellos fueron:<\/span>\n<ul>\n<li style=\"font-weight: 400;\" aria-level=\"2\">Licenciatura en contador p\u00fablico internacional:<b> Melennie Sherlyn Ch\u00e1vez Reynoso<\/b><\/li>\n<li style=\"font-weight: 400;\" aria-level=\"2\">Lic. en Administraci\u00f3n de Empresas:<b> Joseline Tsunamy Guevara Urtusuastigui<\/b><\/li>\n<li style=\"font-weight: 400;\" aria-level=\"2\">Lic. en Administraci\u00f3n de Mercadotecnia:<b> Magda Pamela Valencia Zamora<\/b><\/li>\n<li style=\"font-weight: 400;\" aria-level=\"2\">Lic. en Inteligencia de Negocios e Innovaci\u00f3n:<b> Ad\u00e1n Maximiliano Garc\u00eda Villase\u00f1or<\/b><\/li>\n<li style=\"font-weight: 400;\" aria-level=\"2\">Lic. en Negocios Internacionales: <b>Nishmet Chalita Mel\u00e9ndrez<\/b><\/li>\n<li style=\"font-weight: 400;\" aria-level=\"2\">Lic. en Negocios Internacionales Global Program:<b> Daniel Villarreal<\/b><\/li>\n<li style=\"font-weight: 400;\" aria-level=\"2\">Lic. en Log\u00edstica Internacional:<b> Mar\u00eda Fernanda Ru\u00edz Mar<\/b><\/li>\n<li style=\"font-weight: 400;\" aria-level=\"2\">Lic. en Direcci\u00f3n Comercial y Mercadotecnia:<b> \u00darsula Bret\u00f3n G\u00f3mez<\/b><\/li>\n<li style=\"font-weight: 400;\" aria-level=\"2\">Lic. en Direcci\u00f3n de Negocios:<b> Jessica Mendoza Ulloa<\/b><\/li>\n<li style=\"font-weight: 400;\" aria-level=\"2\">Lic. en Psicolog\u00eda Cl\u00ednica:<b> Melanie Garc\u00eda L\u00f3pez<\/b><\/li>\n<li style=\"font-weight: 400;\" aria-level=\"2\">Lic. en Derecho:<b> Gwyneth Nicole Vaca Newman<\/b><\/li>\n<li style=\"font-weight: 400;\" aria-level=\"2\">Lic. en Ingenieria en Dise\u00f1o Gr\u00e1fico Digital: <b>Sara Mar\u00eda Mendiola Molina<\/b><\/li>\n<li style=\"font-weight: 400;\" aria-level=\"2\">Lic. en Ingenier\u00eda Industrial:<b> Luis Mat\u00edas Montero Torres<\/b><\/li>\n<li style=\"font-weight: 400;\" aria-level=\"2\">Lic. en Ingenier\u00eda Industrial Global Program:<b> Paola Isabel Anaya Barrag\u00e1n<\/b><\/li>\n<li style=\"font-weight: 400;\" aria-level=\"2\">Lic. en Ingenier\u00eda Mecatr\u00f3nica: <b>Ricardo Valle Rend\u00f3n<\/b><\/li>\n<li style=\"font-weight: 400;\" aria-level=\"2\">Lic. en Ingenier\u00eda en Ciencias Computacionales:<b> Ximena Lizeth Gonz\u00e1lez Plascencia<\/b><\/li>\n<li style=\"font-weight: 400;\" aria-level=\"2\">Lic. en Ingenier\u00eda en Cibern\u00e9tica Electr\u00f3nica:<b> Eduardo Arturo Mendoza G\u00f3mez<\/b><\/li>\n<li style=\"font-weight: 400;\" aria-level=\"2\">Lic. en Ingenier\u00eda en Energ\u00edas Renovables:<b> Carolina Navarro Armenta<\/b><\/li>\n<\/ul>\n<\/li>\n<\/ul>\n<ul>\n<li style=\"font-weight: 400;\" aria-level=\"1\"><b>Menci\u00f3n Honor\u00edfica:<\/b> <span style=\"font-weight: 400;\">m\u00e1ximo reconocimiento que el CETYS otorga al egresado m\u00e1s destacado de toda la carrera. Ellos fueron:<\/span>\n<ul>\n<li style=\"font-weight: 400;\" aria-level=\"2\"><b>Lic. en Contador P\u00fablico Internacional: <\/b><span style=\"font-weight: 400;\">Alejandro Castro Hern\u00e1ndez<\/span><\/li>\n<li style=\"font-weight: 400;\" aria-level=\"2\"><b>Lic. en Administraci\u00f3n de Empresas: <\/b><span style=\"font-weight: 400;\">Isabela Balderrabano Contreras<\/span><\/li>\n<li style=\"font-weight: 400;\" aria-level=\"2\"><b>Lic. en Administraci\u00f3n De Mercadotecnia: <\/b><span style=\"font-weight: 400;\">Hilda Daniela Castro Castrej\u00f3n<\/span><\/li>\n<li style=\"font-weight: 400;\" aria-level=\"2\"><b>Lic. en Negocios Internacionales: <\/b><span style=\"font-weight: 400;\">Abigail S\u00e1nchez Moncada<\/span><\/li>\n<li style=\"font-weight: 400;\" aria-level=\"2\"><b>Lic. en Negocios Internacionales Global Program: <\/b><span style=\"font-weight: 400;\">Miranda Jim\u00e9nez Mac\u00edas<\/span><\/li>\n<li style=\"font-weight: 400;\" aria-level=\"2\"><b>Lic. en Inteligencia de Negocios e Innovaci\u00f3n: <\/b><span style=\"font-weight: 400;\">Paulina Rocha Fierro<\/span><\/li>\n<li style=\"font-weight: 400;\" aria-level=\"2\"><b>Lic. en Log\u00edstica Internacional: <\/b><span style=\"font-weight: 400;\">Natalia Isabel L\u00f3pez Ornelas<\/span><\/li>\n<li style=\"font-weight: 400;\" aria-level=\"2\"><b>Lic. en Direcci\u00f3n de Negocios: <\/b><span style=\"font-weight: 400;\">Juan Salvador Nava Quiroz<\/span><\/li>\n<li style=\"font-weight: 400;\" aria-level=\"2\"><b>Lic. en Direcci\u00f3n Comercial y Mercadotecnia<\/b><span style=\"font-weight: 400;\">: Alejandro Ju\u00e1rez Dur\u00e1n<\/span><\/li>\n<li style=\"font-weight: 400;\" aria-level=\"2\"><b>Lic. en Psicolog\u00eda Cl\u00ednica: <\/b><span style=\"font-weight: 400;\">Dulce Anah\u00ed S\u00e1nchez Casillas<\/span><\/li>\n<li style=\"font-weight: 400;\" aria-level=\"2\"><b>Lic. en Psicolog\u00eda Infantil: <\/b><span style=\"font-weight: 400;\">Maya Yvanna Polanco Sol\u00f3rzano<\/span><\/li>\n<li style=\"font-weight: 400;\" aria-level=\"2\"><b>Lic. en Derecho: Pablo Trevi\u00f1o Rodr\u00edguez<\/b><\/li>\n<li style=\"font-weight: 400;\" aria-level=\"2\"><b>Lic. en Ingenier\u00eda en Dise\u00f1o Gr\u00e1fico Digital: <\/b><span style=\"font-weight: 400;\">Ernesto Ram\u00edrez Cornejo<\/span><\/li>\n<li style=\"font-weight: 400;\" aria-level=\"2\"><b>Lic en Ingenier\u00eda Industrial: <\/b><span style=\"font-weight: 400;\">Carolina Pouleth Saille Boj\u00f3rquez<\/span><\/li>\n<li style=\"font-weight: 400;\" aria-level=\"2\"><span style=\"font-weight: 400;\">Lic. en Ingenier\u00eda Industrial Global Program: Luis Fernando Beal Ibarra<\/span><\/li>\n<li style=\"font-weight: 400;\" aria-level=\"2\"><b>Lic. en Ingenier\u00eda Mecatr\u00f3nica: <\/b><span style=\"font-weight: 400;\">Sebasti\u00e1n C\u00e1rdenas Angulo<\/span><\/li>\n<li style=\"font-weight: 400;\" aria-level=\"2\"><span style=\"font-weight: 400;\">Lic. en Ingenier\u00eda Mec\u00e1nica: Sergio Blancarte Rodr\u00edguez<\/span><\/li>\n<li style=\"font-weight: 400;\" aria-level=\"2\"><b>Lic. en Ingenier\u00eda en Ciencias Computacionales: <\/b><span style=\"font-weight: 400;\">Ivannia G\u00f3mez Moreno<\/span><\/li>\n<li style=\"font-weight: 400;\" aria-level=\"2\"><b>Lic. en Ingenier\u00eda en Cibern\u00e9tica Electr\u00f3nica:<\/b><span style=\"font-weight: 400;\"> Alejandro Dumas Le\u00f3n<\/span><\/li>\n<li style=\"font-weight: 400;\" aria-level=\"2\"><b>Lic. en Ingenier\u00eda en Energ\u00edas Renovables<\/b><span style=\"font-weight: 400;\">: Itzel Ju\u00e1rez Garc\u00eda<\/span><\/li>\n<\/ul>\n<\/li>\n<\/ul>\n\n            <style type='text\/css'>\n                #gallery-5 {\n                    margin: auto;\n                }\n                #gallery-5 .gallery-item {\n                    float: left;\n                    margin-top: 10px;\n                    text-align: center;\n                    width: 33%;\n                }\n                #gallery-5 img {\n                    border: 2px solid #cfcfcf;\n                }\n                #gallery-5 .gallery-caption {\n                    margin-left: 0;\n                }\n                \/* see gallery_shortcode() in wp-includes\/media.php *\/\n            <\/style>\n\t\t<div id='gallery-5' class='gallery galleryid-190846 gallery-columns-3 gallery-size-thumbnail'><dl class='gallery-item'>\n                <dt class='gallery-icon landscape'>\n                    <a href='https:\/\/www.cetys.mx\/noticias\/asi-fueron-las-gradcetys2024-revive-los-mejores-momentos\/01-40\/'><img loading=\"lazy\" decoding=\"async\" width=\"128\" height=\"85\" src=\"https:\/\/www.cetys.mx\/noticias\/wp-content\/uploads\/2024\/06\/01-4.jpg\" class=\"attachment-thumbnail size-thumbnail\" alt=\"\" aria-describedby=\"gallery-5-190860\" srcset=\"https:\/\/www.cetys.mx\/noticias\/wp-content\/uploads\/2024\/06\/01-4.jpg 2048w, https:\/\/www.cetys.mx\/noticias\/wp-content\/uploads\/2024\/06\/01-4-768x512.jpg 768w\" sizes=\"auto, (max-width: 128px) 100vw, 128px\" \/><\/a>\n                <\/dt>\n                    <dd class='wp-caption-text gallery-caption' id='gallery-5-190860'>\n                    Ceremonia de Graduaci\u00f3n 2024|Profesional CETYS Campus Tijuana\n                    <\/dd><\/dl><dl class='gallery-item'>\n                <dt class='gallery-icon landscape'>\n                    <a href='https:\/\/www.cetys.mx\/noticias\/asi-fueron-las-gradcetys2024-revive-los-mejores-momentos\/02-39\/'><img loading=\"lazy\" decoding=\"async\" width=\"128\" height=\"85\" src=\"https:\/\/www.cetys.mx\/noticias\/wp-content\/uploads\/2024\/06\/02-4.jpg\" class=\"attachment-thumbnail size-thumbnail\" alt=\"\" aria-describedby=\"gallery-5-190861\" srcset=\"https:\/\/www.cetys.mx\/noticias\/wp-content\/uploads\/2024\/06\/02-4.jpg 2048w, https:\/\/www.cetys.mx\/noticias\/wp-content\/uploads\/2024\/06\/02-4-768x512.jpg 768w\" sizes=\"auto, (max-width: 128px) 100vw, 128px\" \/><\/a>\n                <\/dt>\n                    <dd class='wp-caption-text gallery-caption' id='gallery-5-190861'>\n                    Ceremonia de Graduaci\u00f3n 2024|Profesional CETYS Campus Tijuana\n                    <\/dd><\/dl><dl class='gallery-item'>\n                <dt class='gallery-icon landscape'>\n                    <a href='https:\/\/www.cetys.mx\/noticias\/asi-fueron-las-gradcetys2024-revive-los-mejores-momentos\/03-34\/'><img loading=\"lazy\" decoding=\"async\" width=\"128\" height=\"85\" src=\"https:\/\/www.cetys.mx\/noticias\/wp-content\/uploads\/2024\/06\/03-4.jpg\" class=\"attachment-thumbnail size-thumbnail\" alt=\"\" aria-describedby=\"gallery-5-190862\" srcset=\"https:\/\/www.cetys.mx\/noticias\/wp-content\/uploads\/2024\/06\/03-4.jpg 2048w, https:\/\/www.cetys.mx\/noticias\/wp-content\/uploads\/2024\/06\/03-4-768x512.jpg 768w\" sizes=\"auto, (max-width: 128px) 100vw, 128px\" \/><\/a>\n                <\/dt>\n                    <dd class='wp-caption-text gallery-caption' id='gallery-5-190862'>\n                    Ceremonia de Graduaci\u00f3n 2024|Profesional CETYS Campus Tijuana\n                    <\/dd><\/dl><br style=\"clear: both\" \/>\n            <\/div>\n\n<p><b>Posgrado<\/b><\/p>\n<ul>\n<li style=\"list-style-type: none;\">\n<ul>\n<li style=\"font-weight: 400;\" aria-level=\"1\"><span style=\"font-weight: 400;\">195 egresados conforman la generaci\u00f3n 2024<\/span><\/li>\n<li style=\"font-weight: 400;\" aria-level=\"1\"><span style=\"font-weight: 400;\">23 egresados del Doble Grado con University of San Diego; MBA y Master of Science in Global Leadership<\/span><\/li>\n<\/ul>\n<\/li>\n<li aria-level=\"1\"><b>Menci\u00f3n Honor\u00edfica: <span style=\"font-weight: 400;\">m\u00e1ximo reconocimiento que el CETYS otorga al egresado m\u00e1s destacado de toda la carrera. Ellos fueron:<\/span><\/b>\n<ul>\n<li style=\"font-weight: 400;\" aria-level=\"2\">Maestr\u00eda en Administraci\u00f3n de Negocios: <b>H\u00e9ctor Manuel Becerra Mart\u00ednez\u00a0<\/b><\/li>\n<li style=\"font-weight: 400;\" aria-level=\"2\">Maestr\u00eda en Administraci\u00f3n de Negocios Doble Grado: <strong>Ismael Alejandro Ramos Vargas<\/strong><\/li>\n<li style=\"font-weight: 400;\" aria-level=\"2\">Maestr\u00eda en Ingenier\u00eda: <strong>Roberto Od\u00edn Rivera Santamar\u00eda<\/strong><\/li>\n<li style=\"font-weight: 400;\" aria-level=\"2\">Maestr\u00eda en Educaci\u00f3n: <strong>\u00c9dgar Isaac Zepeda Lozano<\/strong><\/li>\n<li style=\"font-weight: 400;\" aria-level=\"2\"><span style=\"font-weight: 400;\">Maestr\u00eda en Gerontolog\u00eda Social: <strong>Flor Lizeth Olo\u00f1o Robles<\/strong><\/span><\/li>\n<li style=\"font-weight: 400;\" aria-level=\"2\">Maestr\u00eda en Neuropsicolog\u00eda: <strong>Ana Karen Rosas Pedroza<\/strong><\/li>\n<li style=\"font-weight: 400;\" aria-level=\"2\">Maestr\u00eda en Derecho:<strong> Adela Verdand\u00ed Morales Fern\u00e1ndez<\/strong><\/li>\n<\/ul>\n<\/li>\n<\/ul>\n\n            <style type='text\/css'>\n                #gallery-6 {\n                    margin: auto;\n                }\n                #gallery-6 .gallery-item {\n                    float: left;\n                    margin-top: 10px;\n                    text-align: center;\n                    width: 33%;\n                }\n                #gallery-6 img {\n                    border: 2px solid #cfcfcf;\n                }\n                #gallery-6 .gallery-caption {\n                    margin-left: 0;\n                }\n                \/* see gallery_shortcode() in wp-includes\/media.php *\/\n            <\/style>\n\t\t<div id='gallery-6' class='gallery galleryid-190846 gallery-columns-3 gallery-size-thumbnail'><dl class='gallery-item'>\n                <dt class='gallery-icon landscape'>\n                    <a href='https:\/\/www.cetys.mx\/noticias\/asi-fueron-las-gradcetys2024-revive-los-mejores-momentos\/01-41\/'><img loading=\"lazy\" decoding=\"async\" width=\"128\" height=\"85\" src=\"https:\/\/www.cetys.mx\/noticias\/wp-content\/uploads\/2024\/06\/01-5.jpg\" class=\"attachment-thumbnail size-thumbnail\" alt=\"\" aria-describedby=\"gallery-6-190863\" srcset=\"https:\/\/www.cetys.mx\/noticias\/wp-content\/uploads\/2024\/06\/01-5.jpg 2048w, https:\/\/www.cetys.mx\/noticias\/wp-content\/uploads\/2024\/06\/01-5-768x512.jpg 768w\" sizes=\"auto, (max-width: 128px) 100vw, 128px\" \/><\/a>\n                <\/dt>\n                    <dd class='wp-caption-text gallery-caption' id='gallery-6-190863'>\n                    Ceremonia de Graduaci\u00f3n 2024|Posgrado CETYS Campus Tijuana\n                    <\/dd><\/dl><dl class='gallery-item'>\n                <dt class='gallery-icon landscape'>\n                    <a href='https:\/\/www.cetys.mx\/noticias\/asi-fueron-las-gradcetys2024-revive-los-mejores-momentos\/02-40\/'><img loading=\"lazy\" decoding=\"async\" width=\"128\" height=\"85\" src=\"https:\/\/www.cetys.mx\/noticias\/wp-content\/uploads\/2024\/06\/02-5.jpg\" class=\"attachment-thumbnail size-thumbnail\" alt=\"\" aria-describedby=\"gallery-6-190864\" srcset=\"https:\/\/www.cetys.mx\/noticias\/wp-content\/uploads\/2024\/06\/02-5.jpg 2048w, https:\/\/www.cetys.mx\/noticias\/wp-content\/uploads\/2024\/06\/02-5-768x512.jpg 768w\" sizes=\"auto, (max-width: 128px) 100vw, 128px\" \/><\/a>\n                <\/dt>\n                    <dd class='wp-caption-text gallery-caption' id='gallery-6-190864'>\n                    Ceremonia de Graduaci\u00f3n 2024|Posgrado CETYS Campus Tijuana\n                    <\/dd><\/dl><dl class='gallery-item'>\n                <dt class='gallery-icon landscape'>\n                    <a href='https:\/\/www.cetys.mx\/noticias\/asi-fueron-las-gradcetys2024-revive-los-mejores-momentos\/03-35\/'><img loading=\"lazy\" decoding=\"async\" width=\"128\" height=\"85\" src=\"https:\/\/www.cetys.mx\/noticias\/wp-content\/uploads\/2024\/06\/03-5.jpg\" class=\"attachment-thumbnail size-thumbnail\" alt=\"\" aria-describedby=\"gallery-6-190865\" srcset=\"https:\/\/www.cetys.mx\/noticias\/wp-content\/uploads\/2024\/06\/03-5.jpg 2048w, https:\/\/www.cetys.mx\/noticias\/wp-content\/uploads\/2024\/06\/03-5-768x512.jpg 768w\" sizes=\"auto, (max-width: 128px) 100vw, 128px\" \/><\/a>\n                <\/dt>\n                    <dd class='wp-caption-text gallery-caption' id='gallery-6-190865'>\n                    Ceremonia de Graduaci\u00f3n 2024|Posgrado CETYS Campus Tijuana\n                    <\/dd><\/dl><br style=\"clear: both\" \/>\n            <\/div>\n\n<p><b>CAMPUS ENSENADA<\/b><\/p>\n<p><b>Preparatoria<\/b><\/p>\n<ul>\n<li style=\"list-style-type: none;\">\n<ul>\n<li style=\"font-weight: 400;\" aria-level=\"1\"><span style=\"font-weight: 400;\">150 j\u00f3venes pertenecen a la generaci\u00f3n 2024<\/span><\/li>\n<li style=\"font-weight: 400;\" aria-level=\"1\"><span style=\"font-weight: 400;\">84 del Bachillerato General; 66 del Bachillerato Biling\u00fce<\/span><\/li>\n<li style=\"font-weight: 400;\" aria-level=\"1\"><b>M\u00e9rito Acad\u00e9mico: <\/b><span style=\"font-weight: 400;\">reconocimiento que se entrega a los egresados que logran el promedio general m\u00e1s alto considerando los tres a\u00f1os de Bachillerato. Ellos fueron:<\/span>\n<ul>\n<li style=\"font-weight: 400;\" aria-level=\"2\"><strong>Alondra Daniela Campos Castelo<\/strong><\/li>\n<li style=\"font-weight: 400;\" aria-level=\"2\"><strong>Elih\u00fa Alejandro Ibarra Hern\u00e1ndez\u00a0<\/strong><\/li>\n<li style=\"font-weight: 400;\" aria-level=\"2\"><strong>Manuel Emilio Monta\u00f1o Chairez\u00a0<\/strong><\/li>\n<li style=\"font-weight: 400;\" aria-level=\"2\"><strong>Samantha Romo Rivera<\/strong><\/li>\n<li style=\"font-weight: 400;\" aria-level=\"2\"><strong>Mariana Saavedra Sag\u00fces<\/strong><\/li>\n<li style=\"font-weight: 400;\" aria-level=\"2\"><strong>Alejandro Segovia Sarmiento<\/strong><\/li>\n<li style=\"font-weight: 400;\" aria-level=\"2\"><strong>Paula Cristina Sierra Morales<\/strong><\/li>\n<\/ul>\n<\/li>\n<li style=\"font-weight: 400;\" aria-level=\"1\"><b>Medalla de Honor: <\/b><span style=\"font-weight: 400;\">el reconocimiento fue entregado a <\/span><b>Elih\u00fa Alejandro Ibarra Hern\u00e1ndez<\/b><span style=\"font-weight: 400;\">.<\/span><\/li>\n<\/ul>\n<\/li>\n<\/ul>\n<ul>\n<li aria-level=\"1\"><b>Menci\u00f3n Honor\u00edfica: <span style=\"font-weight: 400;\">el m\u00e1ximo reconocimiento que CETYS otorga al m\u00e1s destacado de los egresados, considerando su actuaci\u00f3n en los tres a\u00f1os de bachillerato, fue para <\/span>Mauricio Victorero Montes.<\/b><\/li>\n<\/ul>\n\n            <style type='text\/css'>\n                #gallery-7 {\n                    margin: auto;\n                }\n                #gallery-7 .gallery-item {\n                    float: left;\n                    margin-top: 10px;\n                    text-align: center;\n                    width: 33%;\n                }\n                #gallery-7 img {\n                    border: 2px solid #cfcfcf;\n                }\n                #gallery-7 .gallery-caption {\n                    margin-left: 0;\n                }\n                \/* see gallery_shortcode() in wp-includes\/media.php *\/\n            <\/style>\n\t\t<div id='gallery-7' class='gallery galleryid-190846 gallery-columns-3 gallery-size-thumbnail'><dl class='gallery-item'>\n                <dt class='gallery-icon portrait'>\n                    <a href='https:\/\/www.cetys.mx\/noticias\/asi-fueron-las-gradcetys2024-revive-los-mejores-momentos\/01-42\/'><img loading=\"lazy\" decoding=\"async\" width=\"77\" height=\"96\" src=\"https:\/\/www.cetys.mx\/noticias\/wp-content\/uploads\/2024\/06\/01-6.jpg\" class=\"attachment-thumbnail size-thumbnail\" alt=\"\" aria-describedby=\"gallery-7-190866\" srcset=\"https:\/\/www.cetys.mx\/noticias\/wp-content\/uploads\/2024\/06\/01-6.jpg 1440w, https:\/\/www.cetys.mx\/noticias\/wp-content\/uploads\/2024\/06\/01-6-768x960.jpg 768w\" sizes=\"auto, (max-width: 77px) 100vw, 77px\" \/><\/a>\n                <\/dt>\n                    <dd class='wp-caption-text gallery-caption' id='gallery-7-190866'>\n                    Ceremonia de Fin de Cursos 2024|Preparatoria CETYS Campus Internacional Ensenada\n                    <\/dd><\/dl><dl class='gallery-item'>\n                <dt class='gallery-icon portrait'>\n                    <a href='https:\/\/www.cetys.mx\/noticias\/asi-fueron-las-gradcetys2024-revive-los-mejores-momentos\/02-41\/'><img loading=\"lazy\" decoding=\"async\" width=\"77\" height=\"96\" src=\"https:\/\/www.cetys.mx\/noticias\/wp-content\/uploads\/2024\/06\/02-6.jpg\" class=\"attachment-thumbnail size-thumbnail\" alt=\"\" aria-describedby=\"gallery-7-190867\" srcset=\"https:\/\/www.cetys.mx\/noticias\/wp-content\/uploads\/2024\/06\/02-6.jpg 1440w, https:\/\/www.cetys.mx\/noticias\/wp-content\/uploads\/2024\/06\/02-6-768x961.jpg 768w\" sizes=\"auto, (max-width: 77px) 100vw, 77px\" \/><\/a>\n                <\/dt>\n                    <dd class='wp-caption-text gallery-caption' id='gallery-7-190867'>\n                    Ceremonia de Fin de Cursos 2024|Preparatoria CETYS Campus Internacional Ensenada\n                    <\/dd><\/dl><dl class='gallery-item'>\n                <dt class='gallery-icon portrait'>\n                    <a href='https:\/\/www.cetys.mx\/noticias\/asi-fueron-las-gradcetys2024-revive-los-mejores-momentos\/03-36\/'><img loading=\"lazy\" decoding=\"async\" width=\"77\" height=\"96\" src=\"https:\/\/www.cetys.mx\/noticias\/wp-content\/uploads\/2024\/06\/03-6.jpg\" class=\"attachment-thumbnail size-thumbnail\" alt=\"\" aria-describedby=\"gallery-7-190868\" srcset=\"https:\/\/www.cetys.mx\/noticias\/wp-content\/uploads\/2024\/06\/03-6.jpg 1440w, https:\/\/www.cetys.mx\/noticias\/wp-content\/uploads\/2024\/06\/03-6-768x960.jpg 768w\" sizes=\"auto, (max-width: 77px) 100vw, 77px\" \/><\/a>\n                <\/dt>\n                    <dd class='wp-caption-text gallery-caption' id='gallery-7-190868'>\n                    Ceremonia de Fin de Cursos 2024|Preparatoria CETYS Campus Internacional Ensenada\n                    <\/dd><\/dl><br style=\"clear: both\" \/>\n            <\/div>\n\n<p><b>Profesional<\/b><\/p>\n<ul>\n<li style=\"list-style-type: none;\">\n<ul>\n<li style=\"font-weight: 400;\" aria-level=\"1\"><span style=\"font-weight: 400;\">69 egresados conforman la generaci\u00f3n 2024 de Profesional<\/span><\/li>\n<li style=\"font-weight: 400;\" aria-level=\"1\"><span style=\"font-weight: 400;\">03 egresaron con un Doble Grado en colaboraci\u00f3n con City University of Seattle<\/span><\/li>\n<li style=\"font-weight: 400;\" aria-level=\"1\"><span style=\"font-weight: 400;\">83%\u00a0 de la nueva generaci\u00f3n de Profesional egresada realiz\u00f3 al menos una experiencia internacional, en pa\u00edses como Argentina, Austria, Colombia, Corea del Sur, Emiratos \u00c1rabes Unidos, El Salvador, Espa\u00f1a, Estados Unidos, Grecia, Holanda, India, Inglaterra, Israel, Italia, Per\u00fa y Rep\u00fablica Checa.<\/span><\/li>\n<\/ul>\n<\/li>\n<li aria-level=\"1\"><b>Medalla de Honor: <span style=\"font-weight: 400;\">concedida al mejor alumno de cada carrera, en el presente ciclo escolar. Ellos fueron:<\/span><\/b>\n<ul>\n<li style=\"list-style-type: none;\">\n<ul>\n<li style=\"font-weight: 400;\" aria-level=\"2\">Lic. en Administraci\u00f3n de la Mercadotecnia:<strong> Fabi\u00e1n Vega Veloz<\/strong><\/li>\n<li style=\"font-weight: 400;\" aria-level=\"2\">Lic. en Direcci\u00f3n de Negocios: <strong>Jos\u00e9 Antonio Rodarte Tovalin<\/strong><\/li>\n<li style=\"font-weight: 400;\" aria-level=\"2\">Lic. en Dise\u00f1o Gr\u00e1fico Digital: <strong>Daniela B\u00e1ez Gonz\u00e1lez<\/strong><\/li>\n<li style=\"font-weight: 400;\" aria-level=\"2\">Lic. en Ingenier\u00eda Industrial:<b> Jacobo Ch\u00e1vez Parra<\/b><\/li>\n<li style=\"font-weight: 400;\" aria-level=\"2\">Lic. en Ingenier\u00eda en Energ\u00edas Renovables:<b> David S\u00e1ndez Trujillo<\/b><\/li>\n<li style=\"font-weight: 400;\" aria-level=\"2\">Lic. en Ingenier\u00eda de Software:<b> Ramiro N\u00fa\u00f1ez S\u00e1nchez<\/b><\/li>\n<li style=\"font-weight: 400;\" aria-level=\"2\"><span style=\"font-weight: 400;\">Lic. en Ingenier\u00eda en Dise\u00f1o Gr\u00e1fico Digital: <strong>Mariana Sierra Mor\u00e1n<\/strong><\/span><\/li>\n<li style=\"font-weight: 400;\" aria-level=\"2\"><span style=\"font-weight: 400;\">Lic. en Ingenier\u00eda Mecatr\u00f3nica: <strong>Yutsil Bugar\u00edn Aguilar<\/strong><\/span><\/li>\n<\/ul>\n<\/li>\n<\/ul>\n<\/li>\n<\/ul>\n<ul>\n<li aria-level=\"1\"><b>Menci\u00f3n Honor\u00edfica: <span style=\"font-weight: 400;\">m\u00e1ximo reconocimiento que el CETYS otorga al egresado m\u00e1s destacado de toda la carrera. Ellos fueron:<\/span><\/b><\/li>\n<li style=\"font-weight: 400;\" aria-level=\"1\">Lic. en<span style=\"font-weight: 400;\">\u00a0 <\/span>Administraci\u00f3n de la Mercadotecnia: <strong>\u00a0Dana Anguiano Dom\u00ednguez<\/strong><\/li>\n<li style=\"font-weight: 400;\" aria-level=\"1\">Lic. en Negocios Internacionales<span style=\"font-weight: 400;\">: <strong>L\u00eda Viridiana Horta Rodr\u00edguez\u00a0<\/strong><\/span><\/li>\n<li style=\"font-weight: 400;\" aria-level=\"1\">Lic. en Direcci\u00f3n de Negocios: <strong>Raymundo Chicuate L\u00f3pez<\/strong><\/li>\n<li style=\"font-weight: 400;\" aria-level=\"1\">Lic. en Dise\u00f1o Gr\u00e1fico: <strong>Fernanda Arregui S\u00e1nchez<\/strong><\/li>\n<li style=\"font-weight: 400;\" aria-level=\"1\">Lic. en Log\u00edstica Internacional:<b> Ra\u00fal \u00c1vila Brizuela<\/b><\/li>\n<li style=\"font-weight: 400;\" aria-level=\"1\">Lic. en Inteligencia de Negocios e Innovaci\u00f3n:<b> Adri\u00e1n Villase\u00f1or Siordia\u00a0<\/b><\/li>\n<li style=\"font-weight: 400;\" aria-level=\"1\">Lic. en Ingenier\u00eda Industrial: <strong>Evelyn Garc\u00eda Ocegueda<\/strong><\/li>\n<li style=\"font-weight: 400;\" aria-level=\"1\">Lic. en Ingenier\u00eda de Software: <strong>Ramiro N\u00fa\u00f1ez S\u00e1nchez<\/strong><\/li>\n<li style=\"font-weight: 400;\" aria-level=\"1\">Lic. en Ingenier\u00eda en Dise\u00f1o Gr\u00e1fico Digital: <strong>Mariana Sierra Mor\u00e1n<\/strong><\/li>\n<li style=\"font-weight: 400;\" aria-level=\"1\">Lic. en Ingenier\u00eda Mecatr\u00f3nica: <strong>Yutsil Bugar\u00edn Aguilar<\/strong><\/li>\n<li style=\"font-weight: 400;\" aria-level=\"1\">Lic. en Ingenier\u00eda en Energ\u00edas Renovables: <strong>C\u00e9sar Eduardo Medina Ru\u00edz<\/strong><\/li>\n<\/ul>\n<p><b>Posgrado<\/b><\/p>\n<ul>\n<li style=\"list-style-type: none;\">\n<ul>\n<li style=\"font-weight: 400;\" aria-level=\"1\"><span style=\"font-weight: 400;\">83 egresados conforman la generaci\u00f3n 2024<\/span><\/li>\n<li style=\"font-weight: 400;\" aria-level=\"1\"><span style=\"font-weight: 400;\">02 egresaron con un Doble Grado en colaboraci\u00f3n con University of San Diego<\/span><\/li>\n<li style=\"font-weight: 400;\" aria-level=\"1\"><span style=\"font-weight: 400;\">07 egresados de la Maestr\u00eda de Triple Grado del MBA en colaboraci\u00f3n con Providence University en Taiw\u00e1n, y University of Applied Sciences Upper Austria, obteniendo adem\u00e1s los grados de Master In Global Sales And Marketing y Global Master In Business Administration<\/span><b>.<\/b><\/li>\n<\/ul>\n<\/li>\n<li aria-level=\"1\"><b>Menci\u00f3n Honor\u00edfica:\u00a0 <span style=\"font-weight: 400;\">m\u00e1ximo reconocimiento que el CETYS otorga al egresado m\u00e1s destacado de toda la carrera. Ellos fueron:<\/span><\/b><\/li>\n<li>Maestr\u00eda en Administraci\u00f3n de Negocios:<b> Melissa Aileen Meling Meza<\/b><\/li>\n<li>Maestr\u00eda en Ingenier\u00eda:<b> Diana Gonz\u00e1lez Mendieta<\/b><\/li>\n<li>Maestr\u00eda en Educaci\u00f3n: <strong>Aneliz Ornelas Flores<\/strong><\/li>\n<li>Maestr\u00eda en Neuropsicolog\u00eda: <strong>Alexia Escutia El\u00edas<\/strong><\/li>\n<li>Maestr\u00eda en Gerontolog\u00eda: <strong>Ana Guadalupe Alonso Hern\u00e1ndez<\/strong><\/li>\n<\/ul>\n\n            <style type='text\/css'>\n                #gallery-8 {\n                    margin: auto;\n                }\n                #gallery-8 .gallery-item {\n                    float: left;\n                    margin-top: 10px;\n                    text-align: center;\n                    width: 33%;\n                }\n                #gallery-8 img {\n                    border: 2px solid #cfcfcf;\n                }\n                #gallery-8 .gallery-caption {\n                    margin-left: 0;\n                }\n                \/* see gallery_shortcode() in wp-includes\/media.php *\/\n            <\/style>\n\t\t<div id='gallery-8' class='gallery galleryid-190846 gallery-columns-3 gallery-size-thumbnail'><dl class='gallery-item'>\n                <dt class='gallery-icon landscape'>\n                    <a href='https:\/\/www.cetys.mx\/noticias\/asi-fueron-las-gradcetys2024-revive-los-mejores-momentos\/0z6a1089\/'><img loading=\"lazy\" decoding=\"async\" width=\"128\" height=\"85\" src=\"https:\/\/www.cetys.mx\/noticias\/wp-content\/uploads\/2024\/06\/0Z6A1089.jpg\" class=\"attachment-thumbnail size-thumbnail\" alt=\"\" aria-describedby=\"gallery-8-190869\" srcset=\"https:\/\/www.cetys.mx\/noticias\/wp-content\/uploads\/2024\/06\/0Z6A1089.jpg 1680w, https:\/\/www.cetys.mx\/noticias\/wp-content\/uploads\/2024\/06\/0Z6A1089-768x512.jpg 768w\" sizes=\"auto, (max-width: 128px) 100vw, 128px\" \/><\/a>\n                <\/dt>\n                    <dd class='wp-caption-text gallery-caption' id='gallery-8-190869'>\n                    Ceremonia de Graduaci\u00f3n 2024|Profesional y Posgrado CETYS Campus Internacional Ensenada\n                    <\/dd><\/dl><dl class='gallery-item'>\n                <dt class='gallery-icon landscape'>\n                    <a href='https:\/\/www.cetys.mx\/noticias\/asi-fueron-las-gradcetys2024-revive-los-mejores-momentos\/0z6a1053\/'><img loading=\"lazy\" decoding=\"async\" width=\"128\" height=\"85\" src=\"https:\/\/www.cetys.mx\/noticias\/wp-content\/uploads\/2024\/06\/0Z6A1053.jpg\" class=\"attachment-thumbnail size-thumbnail\" alt=\"\" aria-describedby=\"gallery-8-190870\" srcset=\"https:\/\/www.cetys.mx\/noticias\/wp-content\/uploads\/2024\/06\/0Z6A1053.jpg 1680w, https:\/\/www.cetys.mx\/noticias\/wp-content\/uploads\/2024\/06\/0Z6A1053-768x512.jpg 768w\" sizes=\"auto, (max-width: 128px) 100vw, 128px\" \/><\/a>\n                <\/dt>\n                    <dd class='wp-caption-text gallery-caption' id='gallery-8-190870'>\n                    Ceremonia de Graduaci\u00f3n 2024|Profesional y Posgrado CETYS Campus Internacional Ensenada\n                    <\/dd><\/dl><dl class='gallery-item'>\n                <dt class='gallery-icon landscape'>\n                    <a href='https:\/\/www.cetys.mx\/noticias\/asi-fueron-las-gradcetys2024-revive-los-mejores-momentos\/skelton\/'><img loading=\"lazy\" decoding=\"async\" width=\"128\" height=\"85\" src=\"https:\/\/www.cetys.mx\/noticias\/wp-content\/uploads\/2024\/06\/Skelton.jpg\" class=\"attachment-thumbnail size-thumbnail\" alt=\"\" aria-describedby=\"gallery-8-190871\" srcset=\"https:\/\/www.cetys.mx\/noticias\/wp-content\/uploads\/2024\/06\/Skelton.jpg 958w, https:\/\/www.cetys.mx\/noticias\/wp-content\/uploads\/2024\/06\/Skelton-768x511.jpg 768w\" sizes=\"auto, (max-width: 128px) 100vw, 128px\" \/><\/a>\n                <\/dt>\n                    <dd class='wp-caption-text gallery-caption' id='gallery-8-190871'>\n                    Ceremonia de Graduaci\u00f3n 2024|Profesional y Posgrado CETYS Campus Internacional Ensenada\n                    <\/dd><\/dl><br style=\"clear: both\" \/>\n            <\/div>\n\n<p>&nbsp;<\/p>\n","protected":false},"excerpt":{"rendered":"<p>La comunidad CETYS Alumni recibe este 2024 a una nueva generaci\u00f3n de 2 mil 142 j\u00f3venes listos para enfrentar los retos del&#8230;<\/p>\n","protected":false},"author":26,"featured_media":190873,"comment_status":"open","ping_status":"closed","sticky":false,"template":"","format":"standard","meta":{"footnotes":""},"categories":[107,209,313],"tags":[6900],"class_list":["post-190846","post","type-post","status-publish","format-standard","has-post-thumbnail","hentry","category-alumni","category-institucional","category-vocetys-2","tag-vocetys-top-2024-07-23"],"yoast_head":"<!-- This site is optimized with the Yoast SEO plugin v27.4 - https:\/\/yoast.com\/product\/yoast-seo-wordpress\/ -->\n<title>As\u00ed fueron las #GradCETYS2024: Revive los mejores momentos - CETYS<\/title>\n<meta name=\"description\" content=\"Articulo sobre As\u00ed fueron las #GradCETYS2024: Revive los mejores momentos\" \/>\n<meta name=\"robots\" content=\"index, follow, max-snippet:-1, max-image-preview:large, max-video-preview:-1\" \/>\n<link rel=\"canonical\" href=\"https:\/\/www.cetys.mx\/noticias\/asi-fueron-las-gradcetys2024-revive-los-mejores-momentos\/\" \/>\n<meta property=\"og:locale\" content=\"es_MX\" \/>\n<meta property=\"og:type\" content=\"article\" \/>\n<meta property=\"og:title\" content=\"As\u00ed fueron las #GradCETYS2024: Revive los mejores momentos - CETYS\" \/>\n<meta property=\"og:description\" content=\"Articulo sobre As\u00ed fueron las #GradCETYS2024: Revive los mejores momentos\" \/>\n<meta property=\"og:url\" content=\"https:\/\/www.cetys.mx\/noticias\/asi-fueron-las-gradcetys2024-revive-los-mejores-momentos\/\" \/>\n<meta property=\"og:site_name\" content=\"CETYS\" \/>\n<meta property=\"article:publisher\" content=\"https:\/\/www.facebook.com\/cetysuniversidadmxl\/\" \/>\n<meta property=\"article:published_time\" content=\"2024-06-29T08:06:40+00:00\" \/>\n<meta property=\"article:modified_time\" content=\"2024-09-03T18:23:43+00:00\" \/>\n<meta property=\"og:image\" content=\"https:\/\/www.cetys.mx\/noticias\/wp-content\/uploads\/2024\/06\/CETYSGrad-2024.jpg\" \/>\n\t<meta property=\"og:image:width\" content=\"958\" \/>\n\t<meta property=\"og:image:height\" content=\"637\" \/>\n\t<meta property=\"og:image:type\" content=\"image\/jpeg\" \/>\n<meta name=\"author\" content=\"CETYS Institucional\" \/>\n<meta name=\"twitter:card\" content=\"summary_large_image\" \/>\n<meta name=\"twitter:creator\" content=\"@cetysuni\" \/>\n<meta name=\"twitter:site\" content=\"@cetysuni\" \/>\n<meta name=\"twitter:label1\" content=\"Escrito por\" \/>\n\t<meta name=\"twitter:data1\" content=\"CETYS Institucional\" \/>\n\t<meta name=\"twitter:label2\" content=\"Tiempo de lectura\" \/>\n\t<meta name=\"twitter:data2\" content=\"9 minutos\" \/>\n<script type=\"application\/ld+json\" class=\"yoast-schema-graph\">{\"@context\":\"https:\\\/\\\/schema.org\",\"@graph\":[{\"@type\":\"Article\",\"@id\":\"https:\\\/\\\/www.cetys.mx\\\/noticias\\\/asi-fueron-las-gradcetys2024-revive-los-mejores-momentos\\\/#article\",\"isPartOf\":{\"@id\":\"https:\\\/\\\/www.cetys.mx\\\/noticias\\\/asi-fueron-las-gradcetys2024-revive-los-mejores-momentos\\\/\"},\"author\":{\"name\":\"CETYS Institucional\",\"@id\":\"https:\\\/\\\/www.cetys.mx\\\/noticias\\\/#\\\/schema\\\/person\\\/e9d2b35265b64aa454df57a2828eb2ac\"},\"headline\":\"As\u00ed fueron las #GradCETYS2024: Revive los mejores momentos\",\"datePublished\":\"2024-06-29T08:06:40+00:00\",\"dateModified\":\"2024-09-03T18:23:43+00:00\",\"mainEntityOfPage\":{\"@id\":\"https:\\\/\\\/www.cetys.mx\\\/noticias\\\/asi-fueron-las-gradcetys2024-revive-los-mejores-momentos\\\/\"},\"wordCount\":1870,\"commentCount\":0,\"image\":{\"@id\":\"https:\\\/\\\/www.cetys.mx\\\/noticias\\\/asi-fueron-las-gradcetys2024-revive-los-mejores-momentos\\\/#primaryimage\"},\"thumbnailUrl\":\"https:\\\/\\\/www.cetys.mx\\\/noticias\\\/wp-content\\\/uploads\\\/2024\\\/06\\\/CETYSGrad-2024.jpg\",\"keywords\":[\"vocetys-top-2024-07-23\"],\"articleSection\":[\"Alumni\",\"Institucional\",\"VoCETYS\"],\"inLanguage\":\"es\",\"potentialAction\":[{\"@type\":\"CommentAction\",\"name\":\"Comment\",\"target\":[\"https:\\\/\\\/www.cetys.mx\\\/noticias\\\/asi-fueron-las-gradcetys2024-revive-los-mejores-momentos\\\/#respond\"]}]},{\"@type\":\"WebPage\",\"@id\":\"https:\\\/\\\/www.cetys.mx\\\/noticias\\\/asi-fueron-las-gradcetys2024-revive-los-mejores-momentos\\\/\",\"url\":\"https:\\\/\\\/www.cetys.mx\\\/noticias\\\/asi-fueron-las-gradcetys2024-revive-los-mejores-momentos\\\/\",\"name\":\"As\u00ed fueron las #GradCETYS2024: Revive los mejores momentos - CETYS\",\"isPartOf\":{\"@id\":\"https:\\\/\\\/www.cetys.mx\\\/noticias\\\/#website\"},\"primaryImageOfPage\":{\"@id\":\"https:\\\/\\\/www.cetys.mx\\\/noticias\\\/asi-fueron-las-gradcetys2024-revive-los-mejores-momentos\\\/#primaryimage\"},\"image\":{\"@id\":\"https:\\\/\\\/www.cetys.mx\\\/noticias\\\/asi-fueron-las-gradcetys2024-revive-los-mejores-momentos\\\/#primaryimage\"},\"thumbnailUrl\":\"https:\\\/\\\/www.cetys.mx\\\/noticias\\\/wp-content\\\/uploads\\\/2024\\\/06\\\/CETYSGrad-2024.jpg\",\"datePublished\":\"2024-06-29T08:06:40+00:00\",\"dateModified\":\"2024-09-03T18:23:43+00:00\",\"author\":{\"@id\":\"https:\\\/\\\/www.cetys.mx\\\/noticias\\\/#\\\/schema\\\/person\\\/e9d2b35265b64aa454df57a2828eb2ac\"},\"description\":\"Articulo sobre As\u00ed fueron las #GradCETYS2024: Revive los mejores momentos\",\"breadcrumb\":{\"@id\":\"https:\\\/\\\/www.cetys.mx\\\/noticias\\\/asi-fueron-las-gradcetys2024-revive-los-mejores-momentos\\\/#breadcrumb\"},\"inLanguage\":\"es\",\"potentialAction\":[{\"@type\":\"ReadAction\",\"target\":[\"https:\\\/\\\/www.cetys.mx\\\/noticias\\\/asi-fueron-las-gradcetys2024-revive-los-mejores-momentos\\\/\"]}]},{\"@type\":\"ImageObject\",\"inLanguage\":\"es\",\"@id\":\"https:\\\/\\\/www.cetys.mx\\\/noticias\\\/asi-fueron-las-gradcetys2024-revive-los-mejores-momentos\\\/#primaryimage\",\"url\":\"https:\\\/\\\/www.cetys.mx\\\/noticias\\\/wp-content\\\/uploads\\\/2024\\\/06\\\/CETYSGrad-2024.jpg\",\"contentUrl\":\"https:\\\/\\\/www.cetys.mx\\\/noticias\\\/wp-content\\\/uploads\\\/2024\\\/06\\\/CETYSGrad-2024.jpg\",\"width\":958,\"height\":637},{\"@type\":\"BreadcrumbList\",\"@id\":\"https:\\\/\\\/www.cetys.mx\\\/noticias\\\/asi-fueron-las-gradcetys2024-revive-los-mejores-momentos\\\/#breadcrumb\",\"itemListElement\":[{\"@type\":\"ListItem\",\"position\":1,\"name\":\"Inicio\",\"item\":\"https:\\\/\\\/www.cetys.mx\\\/noticias\\\/\"},{\"@type\":\"ListItem\",\"position\":2,\"name\":\"As\u00ed fueron las #GradCETYS2024: Revive los mejores momentos\"}]},{\"@type\":\"WebSite\",\"@id\":\"https:\\\/\\\/www.cetys.mx\\\/noticias\\\/#website\",\"url\":\"https:\\\/\\\/www.cetys.mx\\\/noticias\\\/\",\"name\":\"CETYS\",\"description\":\"\",\"potentialAction\":[{\"@type\":\"SearchAction\",\"target\":{\"@type\":\"EntryPoint\",\"urlTemplate\":\"https:\\\/\\\/www.cetys.mx\\\/noticias\\\/?s={search_term_string}\"},\"query-input\":{\"@type\":\"PropertyValueSpecification\",\"valueRequired\":true,\"valueName\":\"search_term_string\"}}],\"inLanguage\":\"es\"},{\"@type\":\"Person\",\"@id\":\"https:\\\/\\\/www.cetys.mx\\\/noticias\\\/#\\\/schema\\\/person\\\/e9d2b35265b64aa454df57a2828eb2ac\",\"name\":\"CETYS Institucional\",\"url\":\"https:\\\/\\\/www.cetys.mx\\\/noticias\\\/author\\\/cetysinstitucional\\\/\"}]}<\/script>\n<!-- \/ Yoast SEO plugin. -->","yoast_head_json":{"title":"As\u00ed fueron las #GradCETYS2024: Revive los mejores momentos - CETYS","description":"Articulo sobre As\u00ed fueron las #GradCETYS2024: Revive los mejores momentos","robots":{"index":"index","follow":"follow","max-snippet":"max-snippet:-1","max-image-preview":"max-image-preview:large","max-video-preview":"max-video-preview:-1"},"canonical":"https:\/\/www.cetys.mx\/noticias\/asi-fueron-las-gradcetys2024-revive-los-mejores-momentos\/","og_locale":"es_MX","og_type":"article","og_title":"As\u00ed fueron las #GradCETYS2024: Revive los mejores momentos - CETYS","og_description":"Articulo sobre As\u00ed fueron las #GradCETYS2024: Revive los mejores momentos","og_url":"https:\/\/www.cetys.mx\/noticias\/asi-fueron-las-gradcetys2024-revive-los-mejores-momentos\/","og_site_name":"CETYS","article_publisher":"https:\/\/www.facebook.com\/cetysuniversidadmxl\/","article_published_time":"2024-06-29T08:06:40+00:00","article_modified_time":"2024-09-03T18:23:43+00:00","og_image":[{"width":958,"height":637,"url":"https:\/\/www.cetys.mx\/noticias\/wp-content\/uploads\/2024\/06\/CETYSGrad-2024.jpg","type":"image\/jpeg"}],"author":"CETYS Institucional","twitter_card":"summary_large_image","twitter_creator":"@cetysuni","twitter_site":"@cetysuni","twitter_misc":{"Escrito por":"CETYS Institucional","Tiempo de lectura":"9 minutos"},"schema":{"@context":"https:\/\/schema.org","@graph":[{"@type":"Article","@id":"https:\/\/www.cetys.mx\/noticias\/asi-fueron-las-gradcetys2024-revive-los-mejores-momentos\/#article","isPartOf":{"@id":"https:\/\/www.cetys.mx\/noticias\/asi-fueron-las-gradcetys2024-revive-los-mejores-momentos\/"},"author":{"name":"CETYS Institucional","@id":"https:\/\/www.cetys.mx\/noticias\/#\/schema\/person\/e9d2b35265b64aa454df57a2828eb2ac"},"headline":"As\u00ed fueron las #GradCETYS2024: Revive los mejores momentos","datePublished":"2024-06-29T08:06:40+00:00","dateModified":"2024-09-03T18:23:43+00:00","mainEntityOfPage":{"@id":"https:\/\/www.cetys.mx\/noticias\/asi-fueron-las-gradcetys2024-revive-los-mejores-momentos\/"},"wordCount":1870,"commentCount":0,"image":{"@id":"https:\/\/www.cetys.mx\/noticias\/asi-fueron-las-gradcetys2024-revive-los-mejores-momentos\/#primaryimage"},"thumbnailUrl":"https:\/\/www.cetys.mx\/noticias\/wp-content\/uploads\/2024\/06\/CETYSGrad-2024.jpg","keywords":["vocetys-top-2024-07-23"],"articleSection":["Alumni","Institucional","VoCETYS"],"inLanguage":"es","potentialAction":[{"@type":"CommentAction","name":"Comment","target":["https:\/\/www.cetys.mx\/noticias\/asi-fueron-las-gradcetys2024-revive-los-mejores-momentos\/#respond"]}]},{"@type":"WebPage","@id":"https:\/\/www.cetys.mx\/noticias\/asi-fueron-las-gradcetys2024-revive-los-mejores-momentos\/","url":"https:\/\/www.cetys.mx\/noticias\/asi-fueron-las-gradcetys2024-revive-los-mejores-momentos\/","name":"As\u00ed fueron las #GradCETYS2024: Revive los mejores momentos - CETYS","isPartOf":{"@id":"https:\/\/www.cetys.mx\/noticias\/#website"},"primaryImageOfPage":{"@id":"https:\/\/www.cetys.mx\/noticias\/asi-fueron-las-gradcetys2024-revive-los-mejores-momentos\/#primaryimage"},"image":{"@id":"https:\/\/www.cetys.mx\/noticias\/asi-fueron-las-gradcetys2024-revive-los-mejores-momentos\/#primaryimage"},"thumbnailUrl":"https:\/\/www.cetys.mx\/noticias\/wp-content\/uploads\/2024\/06\/CETYSGrad-2024.jpg","datePublished":"2024-06-29T08:06:40+00:00","dateModified":"2024-09-03T18:23:43+00:00","author":{"@id":"https:\/\/www.cetys.mx\/noticias\/#\/schema\/person\/e9d2b35265b64aa454df57a2828eb2ac"},"description":"Articulo sobre As\u00ed fueron las #GradCETYS2024: Revive los mejores momentos","breadcrumb":{"@id":"https:\/\/www.cetys.mx\/noticias\/asi-fueron-las-gradcetys2024-revive-los-mejores-momentos\/#breadcrumb"},"inLanguage":"es","potentialAction":[{"@type":"ReadAction","target":["https:\/\/www.cetys.mx\/noticias\/asi-fueron-las-gradcetys2024-revive-los-mejores-momentos\/"]}]},{"@type":"ImageObject","inLanguage":"es","@id":"https:\/\/www.cetys.mx\/noticias\/asi-fueron-las-gradcetys2024-revive-los-mejores-momentos\/#primaryimage","url":"https:\/\/www.cetys.mx\/noticias\/wp-content\/uploads\/2024\/06\/CETYSGrad-2024.jpg","contentUrl":"https:\/\/www.cetys.mx\/noticias\/wp-content\/uploads\/2024\/06\/CETYSGrad-2024.jpg","width":958,"height":637},{"@type":"BreadcrumbList","@id":"https:\/\/www.cetys.mx\/noticias\/asi-fueron-las-gradcetys2024-revive-los-mejores-momentos\/#breadcrumb","itemListElement":[{"@type":"ListItem","position":1,"name":"Inicio","item":"https:\/\/www.cetys.mx\/noticias\/"},{"@type":"ListItem","position":2,"name":"As\u00ed fueron las #GradCETYS2024: Revive los mejores momentos"}]},{"@type":"WebSite","@id":"https:\/\/www.cetys.mx\/noticias\/#website","url":"https:\/\/www.cetys.mx\/noticias\/","name":"CETYS","description":"","potentialAction":[{"@type":"SearchAction","target":{"@type":"EntryPoint","urlTemplate":"https:\/\/www.cetys.mx\/noticias\/?s={search_term_string}"},"query-input":{"@type":"PropertyValueSpecification","valueRequired":true,"valueName":"search_term_string"}}],"inLanguage":"es"},{"@type":"Person","@id":"https:\/\/www.cetys.mx\/noticias\/#\/schema\/person\/e9d2b35265b64aa454df57a2828eb2ac","name":"CETYS Institucional","url":"https:\/\/www.cetys.mx\/noticias\/author\/cetysinstitucional\/"}]}},"_links":{"self":[{"href":"https:\/\/www.cetys.mx\/noticias\/wp-json\/wp\/v2\/posts\/190846","targetHints":{"allow":["GET"]}}],"collection":[{"href":"https:\/\/www.cetys.mx\/noticias\/wp-json\/wp\/v2\/posts"}],"about":[{"href":"https:\/\/www.cetys.mx\/noticias\/wp-json\/wp\/v2\/types\/post"}],"author":[{"embeddable":true,"href":"https:\/\/www.cetys.mx\/noticias\/wp-json\/wp\/v2\/users\/26"}],"replies":[{"embeddable":true,"href":"https:\/\/www.cetys.mx\/noticias\/wp-json\/wp\/v2\/comments?post=190846"}],"version-history":[{"count":5,"href":"https:\/\/www.cetys.mx\/noticias\/wp-json\/wp\/v2\/posts\/190846\/revisions"}],"predecessor-version":[{"id":190876,"href":"https:\/\/www.cetys.mx\/noticias\/wp-json\/wp\/v2\/posts\/190846\/revisions\/190876"}],"wp:featuredmedia":[{"embeddable":true,"href":"https:\/\/www.cetys.mx\/noticias\/wp-json\/wp\/v2\/media\/190873"}],"wp:attachment":[{"href":"https:\/\/www.cetys.mx\/noticias\/wp-json\/wp\/v2\/media?parent=190846"}],"wp:term":[{"taxonomy":"category","embeddable":true,"href":"https:\/\/www.cetys.mx\/noticias\/wp-json\/wp\/v2\/categories?post=190846"},{"taxonomy":"post_tag","embeddable":true,"href":"https:\/\/www.cetys.mx\/noticias\/wp-json\/wp\/v2\/tags?post=190846"}],"curies":[{"name":"wp","href":"https:\/\/api.w.org\/{rel}","templated":true}]}}