{"id":190831,"date":"2024-07-03T10:00:15","date_gmt":"2024-07-03T17:00:15","guid":{"rendered":"https:\/\/www.cetys.mx\/noticias\/?p=190831"},"modified":"2024-06-28T23:34:02","modified_gmt":"2024-06-29T06:34:02","slug":"migracion-diversas-caras-de-una-realidad-compleja","status":"publish","type":"post","link":"https:\/\/www.cetys.mx\/noticias\/migracion-diversas-caras-de-una-realidad-compleja\/","title":{"rendered":"Migraci\u00f3n: Diversas caras de una realidad compleja"},"content":{"rendered":"<p style=\"text-align: center;\"><b><i>Las personas migrantes saben que su vida se va a convertir en trabajo, pero es el precio que se disponen a pagar con tal de tener paz, explica Experto CETYS<\/i><\/b><\/p>\n<p><span style=\"font-weight: 400;\">La <strong>migraci\u00f3n<\/strong> es un fen\u00f3meno que involucra diversos tipos de <strong>movilidad humana<\/strong>, fuera de las im\u00e1genes tradicionales del migrante caminando, subiendo a un autob\u00fas o viajando en lo alto de un tren. Existen migraciones que se pueden considerar de primer nivel, que no implican mucho sustento econ\u00f3mico, pero s\u00ed una previa organizaci\u00f3n de los ingresos. Estas personas, a menudo venden sus propiedades para pagar sumas considerables y asegurar su viaje, explic\u00f3 el <strong>Dr. Carlos Gonz\u00e1lez, Director del Colegio de Ciencias Sociales y Humanidades de CETYS Universidad Campus Mexicali.<\/strong><\/span><\/p>\n<p><span style=\"font-weight: 400;\">A\u00f1adi\u00f3 que el nombre t\u00e9cnico que utilizan las Organizaciones no Gubernamentales (ONGs) para referirse a las familias, individuos y a los menores de edad, es<strong> personas en movilidad<\/strong>. Y las razones del por qu\u00e9 deciden salir de su lugar de origen son variadas, desde la b\u00fasqueda de oportunidades laborales hasta la necesidad de escapar de la violencia o la reunificaci\u00f3n familiar. Destac\u00f3 que, aunque el cambio clim\u00e1tico a\u00fan no es la principal causa de migraci\u00f3n hacia el exterior, s\u00ed est\u00e1 provocando movimientos internos significativos dentro de los pa\u00edses.<\/span><\/p>\n<p><span style=\"font-weight: 400;\"><img loading=\"lazy\" decoding=\"async\" class=\" wp-image-173513 alignleft\" src=\"https:\/\/www.cetys.mx\/noticias\/wp-content\/uploads\/2023\/06\/Dr-Carlos-Gonzalez.jpg\" alt=\"\" width=\"231\" height=\"306\" srcset=\"https:\/\/www.cetys.mx\/noticias\/wp-content\/uploads\/2023\/06\/Dr-Carlos-Gonzalez.jpg 2449w, https:\/\/www.cetys.mx\/noticias\/wp-content\/uploads\/2023\/06\/Dr-Carlos-Gonzalez-768x1017.jpg 768w\" sizes=\"auto, (max-width: 231px) 100vw, 231px\" \/>El <strong>Experto CETYS<\/strong> se\u00f1al\u00f3 que usualmente la meta principal es llegar a los Estados Unidos, sin embargo, el proceso de solicitud de asilo requiere que los migrantes tengan un familiar o alguien de confianza que los reciba en dicho pa\u00eds y que adem\u00e1s, pueda proporcionar un domicilio legal. Ante la dificultad y por el costo de cruzar la frontera, muchos consideran quedarse en ciudades mexicanas fronterizas como Mexicali o Tijuana.<\/span><\/p>\n<p><span style=\"font-weight: 400;\">La <strong>adaptaci\u00f3n<\/strong> a un nuevo entorno es muy dif\u00edcil, asegur\u00f3, pues los d\u00edas se les pasan lentamente y suelen enfrentar tensiones cotidianas debido a las dif\u00edciles condiciones y la incertidumbre de su situaci\u00f3n. El impacto que reciben los ni\u00f1os y adolescentes es notable. Algunos experimentan regresiones en su desarrollo cognitivo: olvidan habilidades de lectura, y muestran s\u00edntomas de ansiedad o comportamientos violentos.<\/span><\/p>\n<p><span style=\"font-weight: 400;\">La estancia en los albergues var\u00eda seg\u00fan los recursos y la organizaci\u00f3n de cada uno. Hay albergues que reciben apoyo de ONGs y est\u00e1n bien equipados, mientras que otros apenas tienen lo b\u00e1sico, explic\u00f3 el Dr. Gonz\u00e1lez.<\/span><\/p>\n<p><span style=\"font-weight: 400;\">La migraci\u00f3n es un <strong>fen\u00f3meno complejo<\/strong> y en constante evoluci\u00f3n, que requiere una comprensi\u00f3n y respuesta multifac\u00e9tica. La colaboraci\u00f3n entre gobiernos, ONGs y la sociedad civil es crucial para ofrecer apoyo y soluciones sostenibles para las personas en movilidad, concluy\u00f3 el Experto CETYS.<\/span><\/p>\n<p><span style=\"font-weight: 400;\">La <strong>Escuela de Psicolog\u00eda de CETYS Universidad Campus Mexicali<\/strong>, ha contribuido con diversas organizaciones para trabajar en m\u00faltiples proyectos en apoyo a las personas en movilidad.\u00a0<\/span><\/p>\n<p><span style=\"font-weight: 400;\">Adem\u00e1s, colaboran con ONGs internacionales como <a href=\"https:\/\/hias.org\/\">HIAS<\/a> y <a href=\"https:\/\/www.savethechildren.org\/?cid=Paid_Search:Google_Grant:LP_Homepage:Brand:123199&amp;ds_e=GOOGLE&amp;s_kwcid=AL!9048!3!378642938840!b!!g!!save%20the%20children&amp;ds_c=GG+-+Brand+-+Save+the+Children&amp;ds_ag=gg+-+save+the+children%7Cphrase&amp;ds_k=save+the+children&amp;gad_source=1&amp;gclid=CjwKCAjwvvmzBhA2EiwAtHVrb6nZJgAGyiX60O60biNu9MpC3_YC0iik7flPnnDtaUgnUw92Z6ZsuxoCKq8QAvD_BwE&amp;gclsrc=aw.ds\">Save the Children<\/a>, abordando temas de resiliencia e inteligencia emocional. Gracias a esto, <\/span><span style=\"font-weight: 400;\">los estudiantes obtienen una comprensi\u00f3n m\u00e1s profunda de la situaci\u00f3n que se vive en los albergues para personas en movilidad. <\/span><\/p>\n","protected":false},"excerpt":{"rendered":"<p>Las personas migrantes saben que su vida se va a convertir en trabajo, pero es el precio que se disponen a pagar&#8230;<\/p>\n","protected":false},"author":20,"featured_media":190833,"comment_status":"open","ping_status":"closed","sticky":false,"template":"","format":"standard","meta":{"footnotes":""},"categories":[133,4579,125,313],"tags":[6886,167,5632,1203,6754],"class_list":["post-190831","post","type-post","status-publish","format-standard","has-post-thumbnail","hentry","category-campus-mexicali","category-expertos-cetys","category-portada","category-vocetys-2","tag-dr-carlos-gonzalez","tag-escuela-de-psicologia","tag-migracion","tag-movilidad","tag-oportunidades"],"yoast_head":"<!-- This site is optimized with the Yoast SEO plugin v27.4 - https:\/\/yoast.com\/product\/yoast-seo-wordpress\/ -->\n<title>Migraci\u00f3n: Diversas caras de una realidad compleja - CETYS<\/title>\n<meta name=\"description\" content=\"Articulo sobre Migraci\u00f3n: Diversas caras de una realidad compleja\" \/>\n<meta name=\"robots\" content=\"index, follow, max-snippet:-1, max-image-preview:large, max-video-preview:-1\" \/>\n<link rel=\"canonical\" href=\"https:\/\/www.cetys.mx\/noticias\/migracion-diversas-caras-de-una-realidad-compleja\/\" \/>\n<meta property=\"og:locale\" content=\"es_MX\" \/>\n<meta property=\"og:type\" content=\"article\" \/>\n<meta property=\"og:title\" content=\"Migraci\u00f3n: Diversas caras de una realidad compleja - CETYS\" \/>\n<meta property=\"og:description\" content=\"Articulo sobre Migraci\u00f3n: Diversas caras de una realidad compleja\" \/>\n<meta property=\"og:url\" content=\"https:\/\/www.cetys.mx\/noticias\/migracion-diversas-caras-de-una-realidad-compleja\/\" \/>\n<meta property=\"og:site_name\" content=\"CETYS\" \/>\n<meta property=\"article:publisher\" content=\"https:\/\/www.facebook.com\/cetysuniversidadmxl\/\" \/>\n<meta property=\"article:published_time\" content=\"2024-07-03T17:00:15+00:00\" \/>\n<meta property=\"og:image\" content=\"https:\/\/www.cetys.mx\/noticias\/wp-content\/uploads\/2024\/06\/MIGRACION.jpg\" \/>\n\t<meta property=\"og:image:width\" content=\"958\" \/>\n\t<meta property=\"og:image:height\" content=\"639\" \/>\n\t<meta property=\"og:image:type\" content=\"image\/jpeg\" \/>\n<meta name=\"author\" content=\"Campus Mexicali\" \/>\n<meta name=\"twitter:card\" content=\"summary_large_image\" \/>\n<meta name=\"twitter:creator\" content=\"@cetysuni\" \/>\n<meta name=\"twitter:site\" content=\"@cetysuni\" \/>\n<meta name=\"twitter:label1\" content=\"Escrito por\" \/>\n\t<meta name=\"twitter:data1\" content=\"Campus Mexicali\" \/>\n\t<meta name=\"twitter:label2\" content=\"Tiempo de lectura\" \/>\n\t<meta name=\"twitter:data2\" content=\"3 minutos\" \/>\n<script type=\"application\/ld+json\" class=\"yoast-schema-graph\">{\"@context\":\"https:\\\/\\\/schema.org\",\"@graph\":[{\"@type\":\"Article\",\"@id\":\"https:\\\/\\\/www.cetys.mx\\\/noticias\\\/migracion-diversas-caras-de-una-realidad-compleja\\\/#article\",\"isPartOf\":{\"@id\":\"https:\\\/\\\/www.cetys.mx\\\/noticias\\\/migracion-diversas-caras-de-una-realidad-compleja\\\/\"},\"author\":{\"name\":\"Campus Mexicali\",\"@id\":\"https:\\\/\\\/www.cetys.mx\\\/noticias\\\/#\\\/schema\\\/person\\\/79a95c4ac185f3705cf1b9c9340a5f70\"},\"headline\":\"Migraci\u00f3n: Diversas caras de una realidad compleja\",\"datePublished\":\"2024-07-03T17:00:15+00:00\",\"mainEntityOfPage\":{\"@id\":\"https:\\\/\\\/www.cetys.mx\\\/noticias\\\/migracion-diversas-caras-de-una-realidad-compleja\\\/\"},\"wordCount\":536,\"commentCount\":0,\"image\":{\"@id\":\"https:\\\/\\\/www.cetys.mx\\\/noticias\\\/migracion-diversas-caras-de-una-realidad-compleja\\\/#primaryimage\"},\"thumbnailUrl\":\"https:\\\/\\\/www.cetys.mx\\\/noticias\\\/wp-content\\\/uploads\\\/2024\\\/06\\\/MIGRACION.jpg\",\"keywords\":[\"Dr. Carlos Gonz\u00e1lez\",\"Escuela de Psicolog\u00eda\",\"Migraci\u00f3n\",\"Movilidad\",\"Oportunidades\"],\"articleSection\":[\"Campus Mexicali\",\"Expertos CETYS\",\"Portada\",\"VoCETYS\"],\"inLanguage\":\"es\",\"potentialAction\":[{\"@type\":\"CommentAction\",\"name\":\"Comment\",\"target\":[\"https:\\\/\\\/www.cetys.mx\\\/noticias\\\/migracion-diversas-caras-de-una-realidad-compleja\\\/#respond\"]}]},{\"@type\":\"WebPage\",\"@id\":\"https:\\\/\\\/www.cetys.mx\\\/noticias\\\/migracion-diversas-caras-de-una-realidad-compleja\\\/\",\"url\":\"https:\\\/\\\/www.cetys.mx\\\/noticias\\\/migracion-diversas-caras-de-una-realidad-compleja\\\/\",\"name\":\"Migraci\u00f3n: Diversas caras de una realidad compleja - CETYS\",\"isPartOf\":{\"@id\":\"https:\\\/\\\/www.cetys.mx\\\/noticias\\\/#website\"},\"primaryImageOfPage\":{\"@id\":\"https:\\\/\\\/www.cetys.mx\\\/noticias\\\/migracion-diversas-caras-de-una-realidad-compleja\\\/#primaryimage\"},\"image\":{\"@id\":\"https:\\\/\\\/www.cetys.mx\\\/noticias\\\/migracion-diversas-caras-de-una-realidad-compleja\\\/#primaryimage\"},\"thumbnailUrl\":\"https:\\\/\\\/www.cetys.mx\\\/noticias\\\/wp-content\\\/uploads\\\/2024\\\/06\\\/MIGRACION.jpg\",\"datePublished\":\"2024-07-03T17:00:15+00:00\",\"author\":{\"@id\":\"https:\\\/\\\/www.cetys.mx\\\/noticias\\\/#\\\/schema\\\/person\\\/79a95c4ac185f3705cf1b9c9340a5f70\"},\"description\":\"Articulo sobre Migraci\u00f3n: Diversas caras de una realidad compleja\",\"breadcrumb\":{\"@id\":\"https:\\\/\\\/www.cetys.mx\\\/noticias\\\/migracion-diversas-caras-de-una-realidad-compleja\\\/#breadcrumb\"},\"inLanguage\":\"es\",\"potentialAction\":[{\"@type\":\"ReadAction\",\"target\":[\"https:\\\/\\\/www.cetys.mx\\\/noticias\\\/migracion-diversas-caras-de-una-realidad-compleja\\\/\"]}]},{\"@type\":\"ImageObject\",\"inLanguage\":\"es\",\"@id\":\"https:\\\/\\\/www.cetys.mx\\\/noticias\\\/migracion-diversas-caras-de-una-realidad-compleja\\\/#primaryimage\",\"url\":\"https:\\\/\\\/www.cetys.mx\\\/noticias\\\/wp-content\\\/uploads\\\/2024\\\/06\\\/MIGRACION.jpg\",\"contentUrl\":\"https:\\\/\\\/www.cetys.mx\\\/noticias\\\/wp-content\\\/uploads\\\/2024\\\/06\\\/MIGRACION.jpg\",\"width\":958,\"height\":639},{\"@type\":\"BreadcrumbList\",\"@id\":\"https:\\\/\\\/www.cetys.mx\\\/noticias\\\/migracion-diversas-caras-de-una-realidad-compleja\\\/#breadcrumb\",\"itemListElement\":[{\"@type\":\"ListItem\",\"position\":1,\"name\":\"Inicio\",\"item\":\"https:\\\/\\\/www.cetys.mx\\\/noticias\\\/\"},{\"@type\":\"ListItem\",\"position\":2,\"name\":\"Migraci\u00f3n: Diversas caras de una realidad compleja\"}]},{\"@type\":\"WebSite\",\"@id\":\"https:\\\/\\\/www.cetys.mx\\\/noticias\\\/#website\",\"url\":\"https:\\\/\\\/www.cetys.mx\\\/noticias\\\/\",\"name\":\"CETYS\",\"description\":\"\",\"potentialAction\":[{\"@type\":\"SearchAction\",\"target\":{\"@type\":\"EntryPoint\",\"urlTemplate\":\"https:\\\/\\\/www.cetys.mx\\\/noticias\\\/?s={search_term_string}\"},\"query-input\":{\"@type\":\"PropertyValueSpecification\",\"valueRequired\":true,\"valueName\":\"search_term_string\"}}],\"inLanguage\":\"es\"},{\"@type\":\"Person\",\"@id\":\"https:\\\/\\\/www.cetys.mx\\\/noticias\\\/#\\\/schema\\\/person\\\/79a95c4ac185f3705cf1b9c9340a5f70\",\"name\":\"Campus Mexicali\",\"url\":\"https:\\\/\\\/www.cetys.mx\\\/noticias\\\/author\\\/campusmexicali\\\/\"}]}<\/script>\n<!-- \/ Yoast SEO plugin. -->","yoast_head_json":{"title":"Migraci\u00f3n: Diversas caras de una realidad compleja - CETYS","description":"Articulo sobre Migraci\u00f3n: Diversas caras de una realidad compleja","robots":{"index":"index","follow":"follow","max-snippet":"max-snippet:-1","max-image-preview":"max-image-preview:large","max-video-preview":"max-video-preview:-1"},"canonical":"https:\/\/www.cetys.mx\/noticias\/migracion-diversas-caras-de-una-realidad-compleja\/","og_locale":"es_MX","og_type":"article","og_title":"Migraci\u00f3n: Diversas caras de una realidad compleja - CETYS","og_description":"Articulo sobre Migraci\u00f3n: Diversas caras de una realidad compleja","og_url":"https:\/\/www.cetys.mx\/noticias\/migracion-diversas-caras-de-una-realidad-compleja\/","og_site_name":"CETYS","article_publisher":"https:\/\/www.facebook.com\/cetysuniversidadmxl\/","article_published_time":"2024-07-03T17:00:15+00:00","og_image":[{"width":958,"height":639,"url":"https:\/\/www.cetys.mx\/noticias\/wp-content\/uploads\/2024\/06\/MIGRACION.jpg","type":"image\/jpeg"}],"author":"Campus Mexicali","twitter_card":"summary_large_image","twitter_creator":"@cetysuni","twitter_site":"@cetysuni","twitter_misc":{"Escrito por":"Campus Mexicali","Tiempo de lectura":"3 minutos"},"schema":{"@context":"https:\/\/schema.org","@graph":[{"@type":"Article","@id":"https:\/\/www.cetys.mx\/noticias\/migracion-diversas-caras-de-una-realidad-compleja\/#article","isPartOf":{"@id":"https:\/\/www.cetys.mx\/noticias\/migracion-diversas-caras-de-una-realidad-compleja\/"},"author":{"name":"Campus Mexicali","@id":"https:\/\/www.cetys.mx\/noticias\/#\/schema\/person\/79a95c4ac185f3705cf1b9c9340a5f70"},"headline":"Migraci\u00f3n: Diversas caras de una realidad compleja","datePublished":"2024-07-03T17:00:15+00:00","mainEntityOfPage":{"@id":"https:\/\/www.cetys.mx\/noticias\/migracion-diversas-caras-de-una-realidad-compleja\/"},"wordCount":536,"commentCount":0,"image":{"@id":"https:\/\/www.cetys.mx\/noticias\/migracion-diversas-caras-de-una-realidad-compleja\/#primaryimage"},"thumbnailUrl":"https:\/\/www.cetys.mx\/noticias\/wp-content\/uploads\/2024\/06\/MIGRACION.jpg","keywords":["Dr. Carlos Gonz\u00e1lez","Escuela de Psicolog\u00eda","Migraci\u00f3n","Movilidad","Oportunidades"],"articleSection":["Campus Mexicali","Expertos CETYS","Portada","VoCETYS"],"inLanguage":"es","potentialAction":[{"@type":"CommentAction","name":"Comment","target":["https:\/\/www.cetys.mx\/noticias\/migracion-diversas-caras-de-una-realidad-compleja\/#respond"]}]},{"@type":"WebPage","@id":"https:\/\/www.cetys.mx\/noticias\/migracion-diversas-caras-de-una-realidad-compleja\/","url":"https:\/\/www.cetys.mx\/noticias\/migracion-diversas-caras-de-una-realidad-compleja\/","name":"Migraci\u00f3n: Diversas caras de una realidad compleja - CETYS","isPartOf":{"@id":"https:\/\/www.cetys.mx\/noticias\/#website"},"primaryImageOfPage":{"@id":"https:\/\/www.cetys.mx\/noticias\/migracion-diversas-caras-de-una-realidad-compleja\/#primaryimage"},"image":{"@id":"https:\/\/www.cetys.mx\/noticias\/migracion-diversas-caras-de-una-realidad-compleja\/#primaryimage"},"thumbnailUrl":"https:\/\/www.cetys.mx\/noticias\/wp-content\/uploads\/2024\/06\/MIGRACION.jpg","datePublished":"2024-07-03T17:00:15+00:00","author":{"@id":"https:\/\/www.cetys.mx\/noticias\/#\/schema\/person\/79a95c4ac185f3705cf1b9c9340a5f70"},"description":"Articulo sobre Migraci\u00f3n: Diversas caras de una realidad compleja","breadcrumb":{"@id":"https:\/\/www.cetys.mx\/noticias\/migracion-diversas-caras-de-una-realidad-compleja\/#breadcrumb"},"inLanguage":"es","potentialAction":[{"@type":"ReadAction","target":["https:\/\/www.cetys.mx\/noticias\/migracion-diversas-caras-de-una-realidad-compleja\/"]}]},{"@type":"ImageObject","inLanguage":"es","@id":"https:\/\/www.cetys.mx\/noticias\/migracion-diversas-caras-de-una-realidad-compleja\/#primaryimage","url":"https:\/\/www.cetys.mx\/noticias\/wp-content\/uploads\/2024\/06\/MIGRACION.jpg","contentUrl":"https:\/\/www.cetys.mx\/noticias\/wp-content\/uploads\/2024\/06\/MIGRACION.jpg","width":958,"height":639},{"@type":"BreadcrumbList","@id":"https:\/\/www.cetys.mx\/noticias\/migracion-diversas-caras-de-una-realidad-compleja\/#breadcrumb","itemListElement":[{"@type":"ListItem","position":1,"name":"Inicio","item":"https:\/\/www.cetys.mx\/noticias\/"},{"@type":"ListItem","position":2,"name":"Migraci\u00f3n: Diversas caras de una realidad compleja"}]},{"@type":"WebSite","@id":"https:\/\/www.cetys.mx\/noticias\/#website","url":"https:\/\/www.cetys.mx\/noticias\/","name":"CETYS","description":"","potentialAction":[{"@type":"SearchAction","target":{"@type":"EntryPoint","urlTemplate":"https:\/\/www.cetys.mx\/noticias\/?s={search_term_string}"},"query-input":{"@type":"PropertyValueSpecification","valueRequired":true,"valueName":"search_term_string"}}],"inLanguage":"es"},{"@type":"Person","@id":"https:\/\/www.cetys.mx\/noticias\/#\/schema\/person\/79a95c4ac185f3705cf1b9c9340a5f70","name":"Campus Mexicali","url":"https:\/\/www.cetys.mx\/noticias\/author\/campusmexicali\/"}]}},"_links":{"self":[{"href":"https:\/\/www.cetys.mx\/noticias\/wp-json\/wp\/v2\/posts\/190831","targetHints":{"allow":["GET"]}}],"collection":[{"href":"https:\/\/www.cetys.mx\/noticias\/wp-json\/wp\/v2\/posts"}],"about":[{"href":"https:\/\/www.cetys.mx\/noticias\/wp-json\/wp\/v2\/types\/post"}],"author":[{"embeddable":true,"href":"https:\/\/www.cetys.mx\/noticias\/wp-json\/wp\/v2\/users\/20"}],"replies":[{"embeddable":true,"href":"https:\/\/www.cetys.mx\/noticias\/wp-json\/wp\/v2\/comments?post=190831"}],"version-history":[{"count":2,"href":"https:\/\/www.cetys.mx\/noticias\/wp-json\/wp\/v2\/posts\/190831\/revisions"}],"predecessor-version":[{"id":190835,"href":"https:\/\/www.cetys.mx\/noticias\/wp-json\/wp\/v2\/posts\/190831\/revisions\/190835"}],"wp:featuredmedia":[{"embeddable":true,"href":"https:\/\/www.cetys.mx\/noticias\/wp-json\/wp\/v2\/media\/190833"}],"wp:attachment":[{"href":"https:\/\/www.cetys.mx\/noticias\/wp-json\/wp\/v2\/media?parent=190831"}],"wp:term":[{"taxonomy":"category","embeddable":true,"href":"https:\/\/www.cetys.mx\/noticias\/wp-json\/wp\/v2\/categories?post=190831"},{"taxonomy":"post_tag","embeddable":true,"href":"https:\/\/www.cetys.mx\/noticias\/wp-json\/wp\/v2\/tags?post=190831"}],"curies":[{"name":"wp","href":"https:\/\/api.w.org\/{rel}","templated":true}]}}