{"id":190747,"date":"2024-06-27T13:24:37","date_gmt":"2024-06-27T20:24:37","guid":{"rendered":"https:\/\/www.cetys.mx\/noticias\/?p=190747"},"modified":"2024-06-27T13:28:06","modified_gmt":"2024-06-27T20:28:06","slug":"generacion-2024-de-cetys-tijuana-se-gradua-con-resiliencia-y-vision-global-transformando-fronteras-y-desafios","status":"publish","type":"post","link":"https:\/\/www.cetys.mx\/noticias\/generacion-2024-de-cetys-tijuana-se-gradua-con-resiliencia-y-vision-global-transformando-fronteras-y-desafios\/","title":{"rendered":"Generaci\u00f3n 2024 de CETYS Tijuana se grad\u00faa con resiliencia y visi\u00f3n global, transformando fronteras y desaf\u00edos"},"content":{"rendered":"<p align=\"justify\">Con gran j\u00fabilo y alegr\u00eda concluyeron sus estudios en\u00a0<a href=\"https:\/\/h4ytw9yab.cc.rs6.net\/tn.jsp?f=0018IcIbZikq4KBZRduHaymC43sXDWJRaSLSgYHb7YgspEl1RUlpgbWg511E7MpdF4WHMDsJsK0BUV9RxQb30300cynNm9ACO9VMAlkzrM_tDI_9j2vDh9mYX0f9CVJJNnctiqEBtCgp7A=&amp;c=xU2JSSo2x8QF8cBOujoVJMDKhmpu1Il3_QNhhpixPCwDwtifPGA_SA==&amp;ch=d3NT5csihjcJXxkj0v_xmkACLTtLYELb5yIdeM3-qmhURBb2gBrr1g==\" target=\"_blank\" rel=\"noopener noreferrer\" data-saferedirecturl=\"https:\/\/www.google.com\/url?q=https:\/\/h4ytw9yab.cc.rs6.net\/tn.jsp?f%3D0018IcIbZikq4KBZRduHaymC43sXDWJRaSLSgYHb7YgspEl1RUlpgbWg511E7MpdF4WHMDsJsK0BUV9RxQb30300cynNm9ACO9VMAlkzrM_tDI_9j2vDh9mYX0f9CVJJNnctiqEBtCgp7A%3D%26c%3DxU2JSSo2x8QF8cBOujoVJMDKhmpu1Il3_QNhhpixPCwDwtifPGA_SA%3D%3D%26ch%3Dd3NT5csihjcJXxkj0v_xmkACLTtLYELb5yIdeM3-qmhURBb2gBrr1g%3D%3D&amp;source=gmail&amp;ust=1719604851228000&amp;usg=AOvVaw3X1brIMkgD7_ZfBr_t6oWu\">CETYS Universidad<\/a>\u00a0Campus Tijuana 874 alumnos en una ceremonia de fin de cursos de preparatoria y dos graduaciones para licenciaturas, ingenier\u00edas, maestr\u00edas y doctorado. La generaci\u00f3n 2024 cuenta con la formaci\u00f3n para enfrentarse a los problemas sociales, econ\u00f3micos y culturales, con perspectiva global para solucionar los problemas de la comunidad.<\/p>\n<p align=\"justify\">Los hoy egresados de licenciatura y profesional iniciaron sus estudios en agosto de 2020, justo cuando dio comienzo la pandemia mundial en marzo de 2020, mientras que los egresados de Preparatoria y Posgrado comenzaron entre 2021 y 2022, convirti\u00e9ndolos en una generaci\u00f3n humanista, resiliente y consciente de c\u00f3mo las problem\u00e1ticas globales como la salud mental, la inteligencia artificial, as\u00ed como la necesidad de innovar en la econom\u00eda, la pol\u00edtica y la tecnolog\u00eda son aspectos con los que pueden promover una cultura de innovaci\u00f3n con impacto significativo.<\/p>\n<p align=\"justify\">Los egresados estuvieron en compa\u00f1\u00eda de sus familiares, amigos y seres queridos, esto desde el estadio Margarita Astiazar\u00e1n de Fimbres de CETYS Tijuana.<\/p>\n<div class=\"gallery-slider-wrapper gallery-1\">\n                        <div class=\"gallery-slider\" itemscope itemtype=\"http:\/\/schema.org\/ImageGallery\"><figure class=\"slide\" itemprop=\"associatedMedia\" itemscope itemtype=\"http:\/\/schema.org\/ImageObject\">\n                    <a itemprop=\"contentUrl\" href=\"https:\/\/www.cetys.mx\/noticias\/wp-content\/uploads\/2024\/06\/graduacion-prepa-cetys-tijuana-generacion-2024.jpg\">\n                        <img decoding=\"async\" itemprop=\"thumbnail\" class=\"lazyOwl\" src=\"https:\/\/www.cetys.mx\/noticias\/wp-content\/plugins\/jmagz-plugin\/assets\/placeholder\/900x450.png\" data-src=\"https:\/\/www.cetys.mx\/noticias\/wp-content\/uploads\/2024\/06\/graduacion-prepa-cetys-tijuana-generacion-2024.jpg\" alt=\"graduacion-prepa-cetys-tijuana-generacion-2024\">\n                    <\/a>\n                    <figcaption itemprop=\"caption description\" class=\"slide-caption\">\n                        \n                    <\/figcaption>\n                <\/figure><figure class=\"slide\" itemprop=\"associatedMedia\" itemscope itemtype=\"http:\/\/schema.org\/ImageObject\">\n                    <a itemprop=\"contentUrl\" href=\"https:\/\/www.cetys.mx\/noticias\/wp-content\/uploads\/2024\/06\/graduacion-profesional-cetys-tijuana-00.jpg\">\n                        <img decoding=\"async\" itemprop=\"thumbnail\" class=\"lazyOwl\" src=\"https:\/\/www.cetys.mx\/noticias\/wp-content\/plugins\/jmagz-plugin\/assets\/placeholder\/900x450.png\" data-src=\"https:\/\/www.cetys.mx\/noticias\/wp-content\/uploads\/2024\/06\/graduacion-profesional-cetys-tijuana-00.jpg\" alt=\"graduacion-profesional-cetys-tijuana-00\">\n                    <\/a>\n                    <figcaption itemprop=\"caption description\" class=\"slide-caption\">\n                        \n                    <\/figcaption>\n                <\/figure><figure class=\"slide\" itemprop=\"associatedMedia\" itemscope itemtype=\"http:\/\/schema.org\/ImageObject\">\n                    <a itemprop=\"contentUrl\" href=\"https:\/\/www.cetys.mx\/noticias\/wp-content\/uploads\/2024\/06\/graduacion-profesional-cetys-tijuana-02.jpg\">\n                        <img decoding=\"async\" itemprop=\"thumbnail\" class=\"lazyOwl\" src=\"https:\/\/www.cetys.mx\/noticias\/wp-content\/plugins\/jmagz-plugin\/assets\/placeholder\/900x450.png\" data-src=\"https:\/\/www.cetys.mx\/noticias\/wp-content\/uploads\/2024\/06\/graduacion-profesional-cetys-tijuana-02.jpg\" alt=\"graduacion-profesional-cetys-tijuana-02\">\n                    <\/a>\n                    <figcaption itemprop=\"caption description\" class=\"slide-caption\">\n                        \n                    <\/figcaption>\n                <\/figure><figure class=\"slide\" itemprop=\"associatedMedia\" itemscope itemtype=\"http:\/\/schema.org\/ImageObject\">\n                    <a itemprop=\"contentUrl\" href=\"https:\/\/www.cetys.mx\/noticias\/wp-content\/uploads\/2024\/06\/graduacion-posgrado-cetys-tijuana-03.jpg\">\n                        <img decoding=\"async\" itemprop=\"thumbnail\" class=\"lazyOwl\" src=\"https:\/\/www.cetys.mx\/noticias\/wp-content\/plugins\/jmagz-plugin\/assets\/placeholder\/900x450.png\" data-src=\"https:\/\/www.cetys.mx\/noticias\/wp-content\/uploads\/2024\/06\/graduacion-posgrado-cetys-tijuana-03.jpg\" alt=\"graduacion-posgrado-cetys-tijuana-03\">\n                    <\/a>\n                    <figcaption itemprop=\"caption description\" class=\"slide-caption\">\n                        \n                    <\/figcaption>\n                <\/figure><figure class=\"slide\" itemprop=\"associatedMedia\" itemscope itemtype=\"http:\/\/schema.org\/ImageObject\">\n                    <a itemprop=\"contentUrl\" href=\"https:\/\/www.cetys.mx\/noticias\/wp-content\/uploads\/2024\/06\/graduacion-profesional-cetys-tijuana.jpg\">\n                        <img decoding=\"async\" itemprop=\"thumbnail\" class=\"lazyOwl\" src=\"https:\/\/www.cetys.mx\/noticias\/wp-content\/plugins\/jmagz-plugin\/assets\/placeholder\/900x450.png\" data-src=\"https:\/\/www.cetys.mx\/noticias\/wp-content\/uploads\/2024\/06\/graduacion-profesional-cetys-tijuana.jpg\" alt=\"graduacion-profesional-cetys-tijuana\">\n                    <\/a>\n                    <figcaption itemprop=\"caption description\" class=\"slide-caption\">\n                        \n                    <\/figcaption>\n                <\/figure><figure class=\"slide\" itemprop=\"associatedMedia\" itemscope itemtype=\"http:\/\/schema.org\/ImageObject\">\n                    <a itemprop=\"contentUrl\" href=\"https:\/\/www.cetys.mx\/noticias\/wp-content\/uploads\/2024\/06\/graduacion-prepa-cetys-tijuana-01.jpg\">\n                        <img decoding=\"async\" itemprop=\"thumbnail\" class=\"lazyOwl\" src=\"https:\/\/www.cetys.mx\/noticias\/wp-content\/plugins\/jmagz-plugin\/assets\/placeholder\/900x450.png\" data-src=\"https:\/\/www.cetys.mx\/noticias\/wp-content\/uploads\/2024\/06\/graduacion-prepa-cetys-tijuana-01.jpg\" alt=\"graduacion-prepa-cetys-tijuana-01\">\n                    <\/a>\n                    <figcaption itemprop=\"caption description\" class=\"slide-caption\">\n                        \n                    <\/figcaption>\n                <\/figure><figure class=\"slide\" itemprop=\"associatedMedia\" itemscope itemtype=\"http:\/\/schema.org\/ImageObject\">\n                    <a itemprop=\"contentUrl\" href=\"https:\/\/www.cetys.mx\/noticias\/wp-content\/uploads\/2024\/06\/graduacion-profesional-cetys-tijuana-01.jpg\">\n                        <img decoding=\"async\" itemprop=\"thumbnail\" class=\"lazyOwl\" src=\"https:\/\/www.cetys.mx\/noticias\/wp-content\/plugins\/jmagz-plugin\/assets\/placeholder\/900x450.png\" data-src=\"https:\/\/www.cetys.mx\/noticias\/wp-content\/uploads\/2024\/06\/graduacion-profesional-cetys-tijuana-01.jpg\" alt=\"graduacion-profesional-cetys-tijuana-01\">\n                    <\/a>\n                    <figcaption itemprop=\"caption description\" class=\"slide-caption\">\n                        \n                    <\/figcaption>\n                <\/figure><figure class=\"slide\" itemprop=\"associatedMedia\" itemscope itemtype=\"http:\/\/schema.org\/ImageObject\">\n                    <a itemprop=\"contentUrl\" href=\"https:\/\/www.cetys.mx\/noticias\/wp-content\/uploads\/2024\/06\/graduacion-posgrado-cetys-tijuana-01.jpg\">\n                        <img decoding=\"async\" itemprop=\"thumbnail\" class=\"lazyOwl\" src=\"https:\/\/www.cetys.mx\/noticias\/wp-content\/plugins\/jmagz-plugin\/assets\/placeholder\/900x450.png\" data-src=\"https:\/\/www.cetys.mx\/noticias\/wp-content\/uploads\/2024\/06\/graduacion-posgrado-cetys-tijuana-01.jpg\" alt=\"graduacion-posgrado-cetys-tijuana-01\">\n                    <\/a>\n                    <figcaption itemprop=\"caption description\" class=\"slide-caption\">\n                        \n                    <\/figcaption>\n                <\/figure><\/div>\n                <div class=\"gallery-slider-thumbnail-wrapper\">\n                    <div class=\"gallery-slider-thumbnail\"><div class=\"slide-thumbnail\"><img decoding=\"async\" class=\"lazyOwl\" src=\"https:\/\/www.cetys.mx\/noticias\/wp-content\/plugins\/jmagz-plugin\/assets\/placeholder\/150x75.png\" data-src=\"https:\/\/www.cetys.mx\/noticias\/wp-content\/uploads\/2024\/06\/graduacion-prepa-cetys-tijuana-generacion-2024.jpg\" alt=\"graduacion-prepa-cetys-tijuana-generacion-2024\"><\/div><div class=\"slide-thumbnail\"><img decoding=\"async\" class=\"lazyOwl\" src=\"https:\/\/www.cetys.mx\/noticias\/wp-content\/plugins\/jmagz-plugin\/assets\/placeholder\/150x75.png\" data-src=\"https:\/\/www.cetys.mx\/noticias\/wp-content\/uploads\/2024\/06\/graduacion-profesional-cetys-tijuana-00.jpg\" alt=\"graduacion-profesional-cetys-tijuana-00\"><\/div><div class=\"slide-thumbnail\"><img decoding=\"async\" class=\"lazyOwl\" src=\"https:\/\/www.cetys.mx\/noticias\/wp-content\/plugins\/jmagz-plugin\/assets\/placeholder\/150x75.png\" data-src=\"https:\/\/www.cetys.mx\/noticias\/wp-content\/uploads\/2024\/06\/graduacion-profesional-cetys-tijuana-02.jpg\" alt=\"graduacion-profesional-cetys-tijuana-02\"><\/div><div class=\"slide-thumbnail\"><img decoding=\"async\" class=\"lazyOwl\" src=\"https:\/\/www.cetys.mx\/noticias\/wp-content\/plugins\/jmagz-plugin\/assets\/placeholder\/150x75.png\" data-src=\"https:\/\/www.cetys.mx\/noticias\/wp-content\/uploads\/2024\/06\/graduacion-posgrado-cetys-tijuana-03.jpg\" alt=\"graduacion-posgrado-cetys-tijuana-03\"><\/div><div class=\"slide-thumbnail\"><img decoding=\"async\" class=\"lazyOwl\" src=\"https:\/\/www.cetys.mx\/noticias\/wp-content\/plugins\/jmagz-plugin\/assets\/placeholder\/150x75.png\" data-src=\"https:\/\/www.cetys.mx\/noticias\/wp-content\/uploads\/2024\/06\/graduacion-profesional-cetys-tijuana.jpg\" alt=\"graduacion-profesional-cetys-tijuana\"><\/div><div class=\"slide-thumbnail\"><img decoding=\"async\" class=\"lazyOwl\" src=\"https:\/\/www.cetys.mx\/noticias\/wp-content\/plugins\/jmagz-plugin\/assets\/placeholder\/150x75.png\" data-src=\"https:\/\/www.cetys.mx\/noticias\/wp-content\/uploads\/2024\/06\/graduacion-prepa-cetys-tijuana-01.jpg\" alt=\"graduacion-prepa-cetys-tijuana-01\"><\/div><div class=\"slide-thumbnail\"><img decoding=\"async\" class=\"lazyOwl\" src=\"https:\/\/www.cetys.mx\/noticias\/wp-content\/plugins\/jmagz-plugin\/assets\/placeholder\/150x75.png\" data-src=\"https:\/\/www.cetys.mx\/noticias\/wp-content\/uploads\/2024\/06\/graduacion-profesional-cetys-tijuana-01.jpg\" alt=\"graduacion-profesional-cetys-tijuana-01\"><\/div><div class=\"slide-thumbnail\"><img decoding=\"async\" class=\"lazyOwl\" src=\"https:\/\/www.cetys.mx\/noticias\/wp-content\/plugins\/jmagz-plugin\/assets\/placeholder\/150x75.png\" data-src=\"https:\/\/www.cetys.mx\/noticias\/wp-content\/uploads\/2024\/06\/graduacion-posgrado-cetys-tijuana-01.jpg\" alt=\"graduacion-posgrado-cetys-tijuana-01\"><\/div><\/div><\/div><\/div>\n<p align=\"justify\">El <strong>Dr. Fernando Le\u00f3n Garc\u00eda<\/strong>, <em>Rector del Sistema CETYS Universidad<\/em>, quien presidi\u00f3 las tres ceremonias, destac\u00f3 que del total de graduados, el 47% corresponde a mujeres. Varios destacan por su desempe\u00f1o sobresaliente en el examen EGEL, en competencias internacionales, en grupos estudiantiles, deportes y actividades culturales.<\/p>\n<blockquote>\n<div id=\"attachment_190748\" style=\"width: 412px\" class=\"wp-caption alignright\"><img loading=\"lazy\" decoding=\"async\" aria-describedby=\"caption-attachment-190748\" class=\" wp-image-190748\" src=\"https:\/\/www.cetys.mx\/noticias\/wp-content\/uploads\/2024\/06\/rector-fernando-leon-gacia-graduacion-cetys-tijuana.jpg\" alt=\"\" width=\"402\" height=\"267\" srcset=\"https:\/\/www.cetys.mx\/noticias\/wp-content\/uploads\/2024\/06\/rector-fernando-leon-gacia-graduacion-cetys-tijuana.jpg 1200w, https:\/\/www.cetys.mx\/noticias\/wp-content\/uploads\/2024\/06\/rector-fernando-leon-gacia-graduacion-cetys-tijuana-768x511.jpg 768w\" sizes=\"auto, (max-width: 402px) 100vw, 402px\" \/><p id=\"caption-attachment-190748\" class=\"wp-caption-text\">El Dr. Fernando Le\u00f3n Garc\u00eda, rector del Sistema CETYS presidiendo las ceremonias de Fin de Cursos y Graduaciones en Campus Tijuana.<\/p><\/div>\n<p align=\"justify\">\u201cA partir de ahora les toca evaluar riesgos y actuar sobre conclusiones. Est\u00e1n preparados para conocer y reparar diferencias culturales, para impulsar la inclusi\u00f3n y fomentar el cumplimiento de los Objetivos de Desarrollo Sostenible (ODS). El futuro del pa\u00eds depender\u00e1 de la participaci\u00f3n activa y responsable de los ciudadanos, con responsabilidad, flexibilidad y adaptabilidad, as\u00ed como el esp\u00edritu de resiliencia que les ha permitido concluir sus estudios\u201d, declar\u00f3 el Dr. Fernando Le\u00f3n Garc\u00eda.<\/p>\n<\/blockquote>\n<p align=\"justify\">Asimismo, en la ceremonia de Licenciatura estuvo presente el <strong>C. P. Christopher Bryan<\/strong>, <em>Vicepresidente Ejecutivo para iniciativas Globales de City University of Seattle<\/em>, instituci\u00f3n que coadyuva con CETYS Universidad para ofrecer al alumnado el programa Doble Grado, \u00fanico en su tipo y ofertado en el Noroeste de M\u00e9xico, cuyos egresados elevan su competitividad por el manejo de dos idiomas y visi\u00f3n internacional y global.<\/p>\n<p align=\"justify\">Cabe destacar que el <strong>Mtro. Carlos Gonz\u00e1lez Guti\u00e9rrez<\/strong>, <em>C\u00f3nsul General de M\u00e9xico en Los \u00c1ngeles<\/em>, quien les comparti\u00f3 algunos consejos para su vida profesional, recibi\u00f3 un reconocimiento por parte del rector por su apoyo a la instituci\u00f3n.<\/p>\n<p align=\"justify\">Por su parte, el <strong>Lic. Gustavo Vild\u00f3sola Ramos<\/strong>, presidente del Instituto Educativo del Noroeste Asociaci\u00f3n Civil (IENAC), organismo que auspicia a CETYS desde su fundaci\u00f3n, expres\u00f3 a los graduados de profesional y Posgrado que hoy, que se consuman como Zorros de CETYS, van a transformar este pa\u00eds y el mundo, reconociendo el alcanzar esta meta significativa en sus vidas.<\/p>\n<p align=\"justify\">Asimismo, en la ceremonia de Posgrado para egresados de Maestr\u00edas y Posgrado tambi\u00e9n asisti\u00f3 un invitado especial, el\u00a0<a href=\"https:\/\/h4ytw9yab.cc.rs6.net\/tn.jsp?f=0018IcIbZikq4KBZRduHaymC43sXDWJRaSLSgYHb7YgspEl1RUlpgbWg6UjvHYlo3ZbvTY0FgVlvrKn7bLSrhAweGVxRINnA2-KNMNLP367MKVh7XjXWK2VaeYSCFB7nJx_iYs5TamCnD-YWnw1e9O2p6d8EW22PmcWHeDqTUkVpbkY7lLedazfTSDimn0UE9PgD8IBL6HAi4nVwQJtjr1Q67cJwA-RTOOwIT8UNzV1Is__LHIQIW78LgKt0e4KeOdZQ35anwDxtvM6ajij06E9Ig==&amp;c=xU2JSSo2x8QF8cBOujoVJMDKhmpu1Il3_QNhhpixPCwDwtifPGA_SA==&amp;ch=d3NT5csihjcJXxkj0v_xmkACLTtLYELb5yIdeM3-qmhURBb2gBrr1g==\" target=\"_blank\" rel=\"noopener noreferrer\" data-saferedirecturl=\"https:\/\/www.google.com\/url?q=https:\/\/h4ytw9yab.cc.rs6.net\/tn.jsp?f%3D0018IcIbZikq4KBZRduHaymC43sXDWJRaSLSgYHb7YgspEl1RUlpgbWg6UjvHYlo3ZbvTY0FgVlvrKn7bLSrhAweGVxRINnA2-KNMNLP367MKVh7XjXWK2VaeYSCFB7nJx_iYs5TamCnD-YWnw1e9O2p6d8EW22PmcWHeDqTUkVpbkY7lLedazfTSDimn0UE9PgD8IBL6HAi4nVwQJtjr1Q67cJwA-RTOOwIT8UNzV1Is__LHIQIW78LgKt0e4KeOdZQ35anwDxtvM6ajij06E9Ig%3D%3D%26c%3DxU2JSSo2x8QF8cBOujoVJMDKhmpu1Il3_QNhhpixPCwDwtifPGA_SA%3D%3D%26ch%3Dd3NT5csihjcJXxkj0v_xmkACLTtLYELb5yIdeM3-qmhURBb2gBrr1g%3D%3D&amp;source=gmail&amp;ust=1719604851228000&amp;usg=AOvVaw3uLcRe21rT7UEbLh6FLz0v\">Mtro. Thomas E. Reott<\/a>, <em>C\u00f3nsul General de Estados Unidos en Tijuana<\/em>, quien invit\u00f3 a que aprovechen las conexiones y colaboraciones que les ofrece CETYS Universidad en la regi\u00f3n binacional y en todo el mundo, ya que su educaci\u00f3n trasciende fronteras.<\/p>\n\n            <style type='text\/css'>\n                #gallery-2 {\n                    margin: auto;\n                }\n                #gallery-2 .gallery-item {\n                    float: left;\n                    margin-top: 10px;\n                    text-align: center;\n                    width: 50%;\n                }\n                #gallery-2 img {\n                    border: 2px solid #cfcfcf;\n                }\n                #gallery-2 .gallery-caption {\n                    margin-left: 0;\n                }\n                \/* see gallery_shortcode() in wp-includes\/media.php *\/\n            <\/style>\n\t\t<div id='gallery-2' class='gallery galleryid-190747 gallery-columns-2 gallery-size-medium'><dl class='gallery-item'>\n                <dt class='gallery-icon landscape'>\n                    <a href='https:\/\/www.cetys.mx\/noticias\/generacion-2024-de-cetys-tijuana-se-gradua-con-resiliencia-y-vision-global-transformando-fronteras-y-desafios\/consul-de-eu-en-tijuana-grad-cetys-tijuana-2024\/'><img loading=\"lazy\" decoding=\"async\" width=\"958\" height=\"637\" src=\"https:\/\/www.cetys.mx\/noticias\/wp-content\/uploads\/2024\/06\/Consul-de-EU-en-Tijuana-Grad-CETYS-Tijuana-2024.jpg\" class=\"attachment-medium size-medium\" alt=\"\" srcset=\"https:\/\/www.cetys.mx\/noticias\/wp-content\/uploads\/2024\/06\/Consul-de-EU-en-Tijuana-Grad-CETYS-Tijuana-2024.jpg 958w, https:\/\/www.cetys.mx\/noticias\/wp-content\/uploads\/2024\/06\/Consul-de-EU-en-Tijuana-Grad-CETYS-Tijuana-2024-768x511.jpg 768w\" sizes=\"auto, (max-width: 958px) 100vw, 958px\" \/><\/a>\n                <\/dt><\/dl><dl class='gallery-item'>\n                <dt class='gallery-icon landscape'>\n                    <a href='https:\/\/www.cetys.mx\/noticias\/generacion-2024-de-cetys-tijuana-se-gradua-con-resiliencia-y-vision-global-transformando-fronteras-y-desafios\/embajador-de-mexico-en-la-grad-cetys-tijuana-2024\/'><img loading=\"lazy\" decoding=\"async\" width=\"958\" height=\"637\" src=\"https:\/\/www.cetys.mx\/noticias\/wp-content\/uploads\/2024\/06\/embajador-de-mexico-en-LA-Grad-CETYS-Tijuana-2024.jpg\" class=\"attachment-medium size-medium\" alt=\"\" srcset=\"https:\/\/www.cetys.mx\/noticias\/wp-content\/uploads\/2024\/06\/embajador-de-mexico-en-LA-Grad-CETYS-Tijuana-2024.jpg 958w, https:\/\/www.cetys.mx\/noticias\/wp-content\/uploads\/2024\/06\/embajador-de-mexico-en-LA-Grad-CETYS-Tijuana-2024-768x511.jpg 768w\" sizes=\"auto, (max-width: 958px) 100vw, 958px\" \/><\/a>\n                <\/dt><\/dl><br style=\"clear: both\" \/>\n            <\/div>\n\n<p align=\"justify\">Por \u00faltimo, de los egresados que concluyen en profesional, a nivel sistema CETYS, 74% tuvo experiencia internacional en pa\u00edses de Am\u00e9rica, Europa, Asia, \u00c1frica y Ocean\u00eda, donde cursaron viajes acad\u00e9mico-culturales, cifra mayor que refleja el compromiso para coadyuvar en problem\u00e1ticas locales con una visi\u00f3n global, lo anterior en el marco del Plan de Desarrollo de CETYS 2036.<\/p>\n<p align=\"justify\">\n","protected":false},"excerpt":{"rendered":"<p>Con gran j\u00fabilo y alegr\u00eda concluyeron sus estudios en\u00a0CETYS Universidad\u00a0Campus Tijuana 874 alumnos en una ceremonia de fin de cursos de preparatoria&#8230;<\/p>\n","protected":false},"author":24,"featured_media":190762,"comment_status":"open","ping_status":"closed","sticky":false,"template":"","format":"standard","meta":{"footnotes":""},"categories":[134,125,313],"tags":[328,247,1590,6645,219,6623],"class_list":["post-190747","post","type-post","status-publish","format-standard","has-post-thumbnail","hentry","category-campus-tijuana","category-portada","category-vocetys-2","tag-campustijuana","tag-derecho","tag-industrial","tag-industrialglobalprogram","tag-mba","tag-psicologiaorganizacional"],"yoast_head":"<!-- This site is optimized with the Yoast SEO plugin v27.4 - https:\/\/yoast.com\/product\/yoast-seo-wordpress\/ -->\n<title>Generaci\u00f3n 2024 CETYS Tijuana grad\u00faa con resiliencia y visi\u00f3n global<\/title>\n<meta name=\"description\" content=\"Generaci\u00f3n 2024 de Prepa, Profesional y Posgrado en CETYS Tijuana se grad\u00faa con resiliencia y visi\u00f3n global, transformando fronteras y desaf\u00edos.\" \/>\n<meta name=\"robots\" content=\"index, follow, max-snippet:-1, max-image-preview:large, max-video-preview:-1\" \/>\n<link rel=\"canonical\" href=\"https:\/\/www.cetys.mx\/noticias\/generacion-2024-de-cetys-tijuana-se-gradua-con-resiliencia-y-vision-global-transformando-fronteras-y-desafios\/\" \/>\n<meta property=\"og:locale\" content=\"es_MX\" \/>\n<meta property=\"og:type\" content=\"article\" \/>\n<meta property=\"og:title\" content=\"Generaci\u00f3n 2024 CETYS Tijuana grad\u00faa con resiliencia y visi\u00f3n global\" \/>\n<meta property=\"og:description\" content=\"Generaci\u00f3n 2024 de Prepa, Profesional y Posgrado en CETYS Tijuana se grad\u00faa con resiliencia y visi\u00f3n global, transformando fronteras y desaf\u00edos.\" \/>\n<meta property=\"og:url\" content=\"https:\/\/www.cetys.mx\/noticias\/generacion-2024-de-cetys-tijuana-se-gradua-con-resiliencia-y-vision-global-transformando-fronteras-y-desafios\/\" \/>\n<meta property=\"og:site_name\" content=\"CETYS\" \/>\n<meta property=\"article:publisher\" content=\"https:\/\/www.facebook.com\/cetysuniversidadmxl\/\" \/>\n<meta property=\"article:published_time\" content=\"2024-06-27T20:24:37+00:00\" \/>\n<meta property=\"article:modified_time\" content=\"2024-06-27T20:28:06+00:00\" \/>\n<meta property=\"og:image\" content=\"https:\/\/www.cetys.mx\/noticias\/wp-content\/uploads\/2024\/06\/Graduaciones-CETYS-Tijuana-2024.jpg\" \/>\n\t<meta property=\"og:image:width\" content=\"958\" \/>\n\t<meta property=\"og:image:height\" content=\"637\" \/>\n\t<meta property=\"og:image:type\" content=\"image\/jpeg\" \/>\n<meta name=\"author\" content=\"Campus Tijuana\" \/>\n<meta name=\"twitter:card\" content=\"summary_large_image\" \/>\n<meta name=\"twitter:creator\" content=\"@cetysuni\" \/>\n<meta name=\"twitter:site\" content=\"@cetysuni\" \/>\n<meta name=\"twitter:label1\" content=\"Escrito por\" \/>\n\t<meta name=\"twitter:data1\" content=\"Campus Tijuana\" \/>\n\t<meta name=\"twitter:label2\" content=\"Tiempo de lectura\" \/>\n\t<meta name=\"twitter:data2\" content=\"3 minutos\" \/>\n<script type=\"application\/ld+json\" class=\"yoast-schema-graph\">{\"@context\":\"https:\\\/\\\/schema.org\",\"@graph\":[{\"@type\":\"Article\",\"@id\":\"https:\\\/\\\/www.cetys.mx\\\/noticias\\\/generacion-2024-de-cetys-tijuana-se-gradua-con-resiliencia-y-vision-global-transformando-fronteras-y-desafios\\\/#article\",\"isPartOf\":{\"@id\":\"https:\\\/\\\/www.cetys.mx\\\/noticias\\\/generacion-2024-de-cetys-tijuana-se-gradua-con-resiliencia-y-vision-global-transformando-fronteras-y-desafios\\\/\"},\"author\":{\"name\":\"Campus Tijuana\",\"@id\":\"https:\\\/\\\/www.cetys.mx\\\/noticias\\\/#\\\/schema\\\/person\\\/e790051ce60e18ae47cfa87011c8653f\"},\"headline\":\"Generaci\u00f3n 2024 de CETYS Tijuana se grad\u00faa con resiliencia y visi\u00f3n global, transformando fronteras y desaf\u00edos\",\"datePublished\":\"2024-06-27T20:24:37+00:00\",\"dateModified\":\"2024-06-27T20:28:06+00:00\",\"mainEntityOfPage\":{\"@id\":\"https:\\\/\\\/www.cetys.mx\\\/noticias\\\/generacion-2024-de-cetys-tijuana-se-gradua-con-resiliencia-y-vision-global-transformando-fronteras-y-desafios\\\/\"},\"wordCount\":664,\"commentCount\":0,\"image\":{\"@id\":\"https:\\\/\\\/www.cetys.mx\\\/noticias\\\/generacion-2024-de-cetys-tijuana-se-gradua-con-resiliencia-y-vision-global-transformando-fronteras-y-desafios\\\/#primaryimage\"},\"thumbnailUrl\":\"https:\\\/\\\/www.cetys.mx\\\/noticias\\\/wp-content\\\/uploads\\\/2024\\\/06\\\/Graduaciones-CETYS-Tijuana-2024.jpg\",\"keywords\":[\"campustijuana\",\"Derecho\",\"Industrial\",\"IndustrialGlobalProgram\",\"mba\",\"Psicolog\u00edaOrganizacional\"],\"articleSection\":[\"Campus Tijuana\",\"Portada\",\"VoCETYS\"],\"inLanguage\":\"es\",\"potentialAction\":[{\"@type\":\"CommentAction\",\"name\":\"Comment\",\"target\":[\"https:\\\/\\\/www.cetys.mx\\\/noticias\\\/generacion-2024-de-cetys-tijuana-se-gradua-con-resiliencia-y-vision-global-transformando-fronteras-y-desafios\\\/#respond\"]}]},{\"@type\":\"WebPage\",\"@id\":\"https:\\\/\\\/www.cetys.mx\\\/noticias\\\/generacion-2024-de-cetys-tijuana-se-gradua-con-resiliencia-y-vision-global-transformando-fronteras-y-desafios\\\/\",\"url\":\"https:\\\/\\\/www.cetys.mx\\\/noticias\\\/generacion-2024-de-cetys-tijuana-se-gradua-con-resiliencia-y-vision-global-transformando-fronteras-y-desafios\\\/\",\"name\":\"Generaci\u00f3n 2024 CETYS Tijuana grad\u00faa con resiliencia y visi\u00f3n global\",\"isPartOf\":{\"@id\":\"https:\\\/\\\/www.cetys.mx\\\/noticias\\\/#website\"},\"primaryImageOfPage\":{\"@id\":\"https:\\\/\\\/www.cetys.mx\\\/noticias\\\/generacion-2024-de-cetys-tijuana-se-gradua-con-resiliencia-y-vision-global-transformando-fronteras-y-desafios\\\/#primaryimage\"},\"image\":{\"@id\":\"https:\\\/\\\/www.cetys.mx\\\/noticias\\\/generacion-2024-de-cetys-tijuana-se-gradua-con-resiliencia-y-vision-global-transformando-fronteras-y-desafios\\\/#primaryimage\"},\"thumbnailUrl\":\"https:\\\/\\\/www.cetys.mx\\\/noticias\\\/wp-content\\\/uploads\\\/2024\\\/06\\\/Graduaciones-CETYS-Tijuana-2024.jpg\",\"datePublished\":\"2024-06-27T20:24:37+00:00\",\"dateModified\":\"2024-06-27T20:28:06+00:00\",\"author\":{\"@id\":\"https:\\\/\\\/www.cetys.mx\\\/noticias\\\/#\\\/schema\\\/person\\\/e790051ce60e18ae47cfa87011c8653f\"},\"description\":\"Generaci\u00f3n 2024 de Prepa, Profesional y Posgrado en CETYS Tijuana se grad\u00faa con resiliencia y visi\u00f3n global, transformando fronteras y desaf\u00edos.\",\"breadcrumb\":{\"@id\":\"https:\\\/\\\/www.cetys.mx\\\/noticias\\\/generacion-2024-de-cetys-tijuana-se-gradua-con-resiliencia-y-vision-global-transformando-fronteras-y-desafios\\\/#breadcrumb\"},\"inLanguage\":\"es\",\"potentialAction\":[{\"@type\":\"ReadAction\",\"target\":[\"https:\\\/\\\/www.cetys.mx\\\/noticias\\\/generacion-2024-de-cetys-tijuana-se-gradua-con-resiliencia-y-vision-global-transformando-fronteras-y-desafios\\\/\"]}]},{\"@type\":\"ImageObject\",\"inLanguage\":\"es\",\"@id\":\"https:\\\/\\\/www.cetys.mx\\\/noticias\\\/generacion-2024-de-cetys-tijuana-se-gradua-con-resiliencia-y-vision-global-transformando-fronteras-y-desafios\\\/#primaryimage\",\"url\":\"https:\\\/\\\/www.cetys.mx\\\/noticias\\\/wp-content\\\/uploads\\\/2024\\\/06\\\/Graduaciones-CETYS-Tijuana-2024.jpg\",\"contentUrl\":\"https:\\\/\\\/www.cetys.mx\\\/noticias\\\/wp-content\\\/uploads\\\/2024\\\/06\\\/Graduaciones-CETYS-Tijuana-2024.jpg\",\"width\":958,\"height\":637},{\"@type\":\"BreadcrumbList\",\"@id\":\"https:\\\/\\\/www.cetys.mx\\\/noticias\\\/generacion-2024-de-cetys-tijuana-se-gradua-con-resiliencia-y-vision-global-transformando-fronteras-y-desafios\\\/#breadcrumb\",\"itemListElement\":[{\"@type\":\"ListItem\",\"position\":1,\"name\":\"Inicio\",\"item\":\"https:\\\/\\\/www.cetys.mx\\\/noticias\\\/\"},{\"@type\":\"ListItem\",\"position\":2,\"name\":\"Generaci\u00f3n 2024 de CETYS Tijuana se grad\u00faa con resiliencia y visi\u00f3n global, transformando fronteras y desaf\u00edos\"}]},{\"@type\":\"WebSite\",\"@id\":\"https:\\\/\\\/www.cetys.mx\\\/noticias\\\/#website\",\"url\":\"https:\\\/\\\/www.cetys.mx\\\/noticias\\\/\",\"name\":\"CETYS\",\"description\":\"\",\"potentialAction\":[{\"@type\":\"SearchAction\",\"target\":{\"@type\":\"EntryPoint\",\"urlTemplate\":\"https:\\\/\\\/www.cetys.mx\\\/noticias\\\/?s={search_term_string}\"},\"query-input\":{\"@type\":\"PropertyValueSpecification\",\"valueRequired\":true,\"valueName\":\"search_term_string\"}}],\"inLanguage\":\"es\"},{\"@type\":\"Person\",\"@id\":\"https:\\\/\\\/www.cetys.mx\\\/noticias\\\/#\\\/schema\\\/person\\\/e790051ce60e18ae47cfa87011c8653f\",\"name\":\"Campus Tijuana\",\"url\":\"https:\\\/\\\/www.cetys.mx\\\/noticias\\\/author\\\/campustijuana\\\/\"}]}<\/script>\n<!-- \/ Yoast SEO plugin. -->","yoast_head_json":{"title":"Generaci\u00f3n 2024 CETYS Tijuana grad\u00faa con resiliencia y visi\u00f3n global","description":"Generaci\u00f3n 2024 de Prepa, Profesional y Posgrado en CETYS Tijuana se grad\u00faa con resiliencia y visi\u00f3n global, transformando fronteras y desaf\u00edos.","robots":{"index":"index","follow":"follow","max-snippet":"max-snippet:-1","max-image-preview":"max-image-preview:large","max-video-preview":"max-video-preview:-1"},"canonical":"https:\/\/www.cetys.mx\/noticias\/generacion-2024-de-cetys-tijuana-se-gradua-con-resiliencia-y-vision-global-transformando-fronteras-y-desafios\/","og_locale":"es_MX","og_type":"article","og_title":"Generaci\u00f3n 2024 CETYS Tijuana grad\u00faa con resiliencia y visi\u00f3n global","og_description":"Generaci\u00f3n 2024 de Prepa, Profesional y Posgrado en CETYS Tijuana se grad\u00faa con resiliencia y visi\u00f3n global, transformando fronteras y desaf\u00edos.","og_url":"https:\/\/www.cetys.mx\/noticias\/generacion-2024-de-cetys-tijuana-se-gradua-con-resiliencia-y-vision-global-transformando-fronteras-y-desafios\/","og_site_name":"CETYS","article_publisher":"https:\/\/www.facebook.com\/cetysuniversidadmxl\/","article_published_time":"2024-06-27T20:24:37+00:00","article_modified_time":"2024-06-27T20:28:06+00:00","og_image":[{"width":958,"height":637,"url":"https:\/\/www.cetys.mx\/noticias\/wp-content\/uploads\/2024\/06\/Graduaciones-CETYS-Tijuana-2024.jpg","type":"image\/jpeg"}],"author":"Campus Tijuana","twitter_card":"summary_large_image","twitter_creator":"@cetysuni","twitter_site":"@cetysuni","twitter_misc":{"Escrito por":"Campus Tijuana","Tiempo de lectura":"3 minutos"},"schema":{"@context":"https:\/\/schema.org","@graph":[{"@type":"Article","@id":"https:\/\/www.cetys.mx\/noticias\/generacion-2024-de-cetys-tijuana-se-gradua-con-resiliencia-y-vision-global-transformando-fronteras-y-desafios\/#article","isPartOf":{"@id":"https:\/\/www.cetys.mx\/noticias\/generacion-2024-de-cetys-tijuana-se-gradua-con-resiliencia-y-vision-global-transformando-fronteras-y-desafios\/"},"author":{"name":"Campus Tijuana","@id":"https:\/\/www.cetys.mx\/noticias\/#\/schema\/person\/e790051ce60e18ae47cfa87011c8653f"},"headline":"Generaci\u00f3n 2024 de CETYS Tijuana se grad\u00faa con resiliencia y visi\u00f3n global, transformando fronteras y desaf\u00edos","datePublished":"2024-06-27T20:24:37+00:00","dateModified":"2024-06-27T20:28:06+00:00","mainEntityOfPage":{"@id":"https:\/\/www.cetys.mx\/noticias\/generacion-2024-de-cetys-tijuana-se-gradua-con-resiliencia-y-vision-global-transformando-fronteras-y-desafios\/"},"wordCount":664,"commentCount":0,"image":{"@id":"https:\/\/www.cetys.mx\/noticias\/generacion-2024-de-cetys-tijuana-se-gradua-con-resiliencia-y-vision-global-transformando-fronteras-y-desafios\/#primaryimage"},"thumbnailUrl":"https:\/\/www.cetys.mx\/noticias\/wp-content\/uploads\/2024\/06\/Graduaciones-CETYS-Tijuana-2024.jpg","keywords":["campustijuana","Derecho","Industrial","IndustrialGlobalProgram","mba","Psicolog\u00edaOrganizacional"],"articleSection":["Campus Tijuana","Portada","VoCETYS"],"inLanguage":"es","potentialAction":[{"@type":"CommentAction","name":"Comment","target":["https:\/\/www.cetys.mx\/noticias\/generacion-2024-de-cetys-tijuana-se-gradua-con-resiliencia-y-vision-global-transformando-fronteras-y-desafios\/#respond"]}]},{"@type":"WebPage","@id":"https:\/\/www.cetys.mx\/noticias\/generacion-2024-de-cetys-tijuana-se-gradua-con-resiliencia-y-vision-global-transformando-fronteras-y-desafios\/","url":"https:\/\/www.cetys.mx\/noticias\/generacion-2024-de-cetys-tijuana-se-gradua-con-resiliencia-y-vision-global-transformando-fronteras-y-desafios\/","name":"Generaci\u00f3n 2024 CETYS Tijuana grad\u00faa con resiliencia y visi\u00f3n global","isPartOf":{"@id":"https:\/\/www.cetys.mx\/noticias\/#website"},"primaryImageOfPage":{"@id":"https:\/\/www.cetys.mx\/noticias\/generacion-2024-de-cetys-tijuana-se-gradua-con-resiliencia-y-vision-global-transformando-fronteras-y-desafios\/#primaryimage"},"image":{"@id":"https:\/\/www.cetys.mx\/noticias\/generacion-2024-de-cetys-tijuana-se-gradua-con-resiliencia-y-vision-global-transformando-fronteras-y-desafios\/#primaryimage"},"thumbnailUrl":"https:\/\/www.cetys.mx\/noticias\/wp-content\/uploads\/2024\/06\/Graduaciones-CETYS-Tijuana-2024.jpg","datePublished":"2024-06-27T20:24:37+00:00","dateModified":"2024-06-27T20:28:06+00:00","author":{"@id":"https:\/\/www.cetys.mx\/noticias\/#\/schema\/person\/e790051ce60e18ae47cfa87011c8653f"},"description":"Generaci\u00f3n 2024 de Prepa, Profesional y Posgrado en CETYS Tijuana se grad\u00faa con resiliencia y visi\u00f3n global, transformando fronteras y desaf\u00edos.","breadcrumb":{"@id":"https:\/\/www.cetys.mx\/noticias\/generacion-2024-de-cetys-tijuana-se-gradua-con-resiliencia-y-vision-global-transformando-fronteras-y-desafios\/#breadcrumb"},"inLanguage":"es","potentialAction":[{"@type":"ReadAction","target":["https:\/\/www.cetys.mx\/noticias\/generacion-2024-de-cetys-tijuana-se-gradua-con-resiliencia-y-vision-global-transformando-fronteras-y-desafios\/"]}]},{"@type":"ImageObject","inLanguage":"es","@id":"https:\/\/www.cetys.mx\/noticias\/generacion-2024-de-cetys-tijuana-se-gradua-con-resiliencia-y-vision-global-transformando-fronteras-y-desafios\/#primaryimage","url":"https:\/\/www.cetys.mx\/noticias\/wp-content\/uploads\/2024\/06\/Graduaciones-CETYS-Tijuana-2024.jpg","contentUrl":"https:\/\/www.cetys.mx\/noticias\/wp-content\/uploads\/2024\/06\/Graduaciones-CETYS-Tijuana-2024.jpg","width":958,"height":637},{"@type":"BreadcrumbList","@id":"https:\/\/www.cetys.mx\/noticias\/generacion-2024-de-cetys-tijuana-se-gradua-con-resiliencia-y-vision-global-transformando-fronteras-y-desafios\/#breadcrumb","itemListElement":[{"@type":"ListItem","position":1,"name":"Inicio","item":"https:\/\/www.cetys.mx\/noticias\/"},{"@type":"ListItem","position":2,"name":"Generaci\u00f3n 2024 de CETYS Tijuana se grad\u00faa con resiliencia y visi\u00f3n global, transformando fronteras y desaf\u00edos"}]},{"@type":"WebSite","@id":"https:\/\/www.cetys.mx\/noticias\/#website","url":"https:\/\/www.cetys.mx\/noticias\/","name":"CETYS","description":"","potentialAction":[{"@type":"SearchAction","target":{"@type":"EntryPoint","urlTemplate":"https:\/\/www.cetys.mx\/noticias\/?s={search_term_string}"},"query-input":{"@type":"PropertyValueSpecification","valueRequired":true,"valueName":"search_term_string"}}],"inLanguage":"es"},{"@type":"Person","@id":"https:\/\/www.cetys.mx\/noticias\/#\/schema\/person\/e790051ce60e18ae47cfa87011c8653f","name":"Campus Tijuana","url":"https:\/\/www.cetys.mx\/noticias\/author\/campustijuana\/"}]}},"_links":{"self":[{"href":"https:\/\/www.cetys.mx\/noticias\/wp-json\/wp\/v2\/posts\/190747","targetHints":{"allow":["GET"]}}],"collection":[{"href":"https:\/\/www.cetys.mx\/noticias\/wp-json\/wp\/v2\/posts"}],"about":[{"href":"https:\/\/www.cetys.mx\/noticias\/wp-json\/wp\/v2\/types\/post"}],"author":[{"embeddable":true,"href":"https:\/\/www.cetys.mx\/noticias\/wp-json\/wp\/v2\/users\/24"}],"replies":[{"embeddable":true,"href":"https:\/\/www.cetys.mx\/noticias\/wp-json\/wp\/v2\/comments?post=190747"}],"version-history":[{"count":4,"href":"https:\/\/www.cetys.mx\/noticias\/wp-json\/wp\/v2\/posts\/190747\/revisions"}],"predecessor-version":[{"id":190766,"href":"https:\/\/www.cetys.mx\/noticias\/wp-json\/wp\/v2\/posts\/190747\/revisions\/190766"}],"wp:featuredmedia":[{"embeddable":true,"href":"https:\/\/www.cetys.mx\/noticias\/wp-json\/wp\/v2\/media\/190762"}],"wp:attachment":[{"href":"https:\/\/www.cetys.mx\/noticias\/wp-json\/wp\/v2\/media?parent=190747"}],"wp:term":[{"taxonomy":"category","embeddable":true,"href":"https:\/\/www.cetys.mx\/noticias\/wp-json\/wp\/v2\/categories?post=190747"},{"taxonomy":"post_tag","embeddable":true,"href":"https:\/\/www.cetys.mx\/noticias\/wp-json\/wp\/v2\/tags?post=190747"}],"curies":[{"name":"wp","href":"https:\/\/api.w.org\/{rel}","templated":true}]}}