{"id":190312,"date":"2024-06-25T13:05:43","date_gmt":"2024-06-25T20:05:43","guid":{"rendered":"https:\/\/www.cetys.mx\/noticias\/?p=190312"},"modified":"2024-06-25T13:05:43","modified_gmt":"2024-06-25T20:05:43","slug":"profesor-de-cetys-explora-enoturismo-y-dinamicas-maritimas-en-las-vi-jornadas-de-historia-economica","status":"publish","type":"post","link":"https:\/\/www.cetys.mx\/noticias\/profesor-de-cetys-explora-enoturismo-y-dinamicas-maritimas-en-las-vi-jornadas-de-historia-economica\/","title":{"rendered":"Profesor de CETYS explora enoturismo y din\u00e1micas mar\u00edtimas en las VI Jornadas de Historia Econ\u00f3mica"},"content":{"rendered":"<p><span style=\"font-weight: 400;\">El<strong> Dr. Francisco Alberto N\u00fa\u00f1ez Tapia<\/strong>, profesor e investigador de tiempo completo del Colegio de Ciencias Sociales y Humanidades de <a href=\"https:\/\/www.cetys.mx\/\">CETYS Universidad<\/a>, campus Mexicali, particip\u00f3 en las <strong>VI Jornadas de Historia Econ\u00f3mica<\/strong> en Tijuana, Baja California, evento que se llev\u00f3 a cabo del 12 al 14 de junio y fue organizado por la <a href=\"https:\/\/amhe.mx\/\">Asociaci\u00f3n Mexicana de Historia Econ\u00f3mica (AMHE)<\/a>.<\/span><\/p>\n<p><span style=\"font-weight: 400;\">Las ponencias que present\u00f3 fueron: <\/span><strong><i>Enoturismo en el Valle de Guadalupe<\/i>. <i>Explorando las dimensiones hist\u00f3ricas y cambiantes din\u00e1micas socioterritoriales en Baja California 1830-2020<\/i><\/strong><span style=\"font-weight: 400;\">, donde proporcion\u00f3 un panorama hist\u00f3rico integral sobre el desarrollo del enoturismo, adem\u00e1s de ofrecer varias perspectivas sobre los impactos del turismo en las regiones rurales y agr\u00edcolas.<\/span><\/p>\n<p><span style=\"font-weight: 400;\">Asimismo, expuso <\/span><strong><i>Navegando por recursos naturales<\/i>. <i>Tr\u00e1fico de nav\u00edos y din\u00e1micas mar\u00edtimas en el pac\u00edfico norte mexicano, XIX-XX<\/i><\/strong><span style=\"font-weight: 400;\">, para entender las complejas interacciones entre el tr\u00e1fico mar\u00edtimo, la explotaci\u00f3n de recursos naturales y el desarrollo regional en el Pac\u00edfico Norte Mexicano. Tom\u00f3 en cuenta dos puntos claves para la expansi\u00f3n del estudio: una perspectiva hist\u00f3rica integral y un an\u00e1lisis econ\u00f3mico y social detallado.<\/span><\/p>\n<p><span style=\"font-weight: 400;\">Las sedes de las jornadas fueron El Colegio de la Frontera Norte (COLEF), la Universidad Aut\u00f3noma de Baja California (UABC) y la University of California, San Diego (UCSD).<\/span><\/p>\n<p><img loading=\"lazy\" decoding=\"async\" class=\" wp-image-190324 aligncenter\" src=\"https:\/\/www.cetys.mx\/noticias\/wp-content\/uploads\/2024\/06\/Jornadas-AMHE-TJ-2-copy.jpg\" alt=\"\" width=\"786\" height=\"526\" srcset=\"https:\/\/www.cetys.mx\/noticias\/wp-content\/uploads\/2024\/06\/Jornadas-AMHE-TJ-2-copy.jpg 958w, https:\/\/www.cetys.mx\/noticias\/wp-content\/uploads\/2024\/06\/Jornadas-AMHE-TJ-2-copy-768x514.jpg 768w\" sizes=\"auto, (max-width: 786px) 100vw, 786px\" \/><\/p>\n","protected":false},"excerpt":{"rendered":"<p>El Dr. Francisco Alberto N\u00fa\u00f1ez Tapia, profesor e investigador de tiempo completo del Colegio de Ciencias Sociales y Humanidades de CETYS Universidad,&#8230;<\/p>\n","protected":false},"author":20,"featured_media":190325,"comment_status":"open","ping_status":"closed","sticky":false,"template":"","format":"standard","meta":{"footnotes":""},"categories":[133,4579,1710,313],"tags":[6882,447,1171,6883,760],"class_list":["post-190312","post","type-post","status-publish","format-standard","has-post-thumbnail","hentry","category-campus-mexicali","category-expertos-cetys","category-profesorado","category-vocetys-2","tag-dr-francisco-alberto","tag-enoturismo","tag-jornada","tag-maritimo","tag-profesorado"],"yoast_head":"<!-- This site is optimized with the Yoast SEO plugin v27.4 - https:\/\/yoast.com\/product\/yoast-seo-wordpress\/ -->\n<title>Profesor de CETYS explora enoturismo y din\u00e1micas mar\u00edtimas en las VI Jornadas de Historia Econ\u00f3mica - CETYS<\/title>\n<meta name=\"description\" content=\"Articulo sobre Profesor de CETYS explora enoturismo y din\u00e1micas mar\u00edtimas en las VI Jornadas de Historia Econ\u00f3mica\" \/>\n<meta name=\"robots\" content=\"index, follow, max-snippet:-1, max-image-preview:large, max-video-preview:-1\" \/>\n<link rel=\"canonical\" href=\"https:\/\/www.cetys.mx\/noticias\/profesor-de-cetys-explora-enoturismo-y-dinamicas-maritimas-en-las-vi-jornadas-de-historia-economica\/\" \/>\n<meta property=\"og:locale\" content=\"es_MX\" \/>\n<meta property=\"og:type\" content=\"article\" \/>\n<meta property=\"og:title\" content=\"Profesor de CETYS explora enoturismo y din\u00e1micas mar\u00edtimas en las VI Jornadas de Historia Econ\u00f3mica - CETYS\" \/>\n<meta property=\"og:description\" content=\"Articulo sobre Profesor de CETYS explora enoturismo y din\u00e1micas mar\u00edtimas en las VI Jornadas de Historia Econ\u00f3mica\" \/>\n<meta property=\"og:url\" content=\"https:\/\/www.cetys.mx\/noticias\/profesor-de-cetys-explora-enoturismo-y-dinamicas-maritimas-en-las-vi-jornadas-de-historia-economica\/\" \/>\n<meta property=\"og:site_name\" content=\"CETYS\" \/>\n<meta property=\"article:publisher\" content=\"https:\/\/www.facebook.com\/cetysuniversidadmxl\/\" \/>\n<meta property=\"article:published_time\" content=\"2024-06-25T20:05:43+00:00\" \/>\n<meta property=\"og:image\" content=\"https:\/\/www.cetys.mx\/noticias\/wp-content\/uploads\/2024\/06\/Jornadas-AMHE-TJ-4-copy.jpg\" \/>\n\t<meta property=\"og:image:width\" content=\"958\" \/>\n\t<meta property=\"og:image:height\" content=\"721\" \/>\n\t<meta property=\"og:image:type\" content=\"image\/jpeg\" \/>\n<meta name=\"author\" content=\"Campus Mexicali\" \/>\n<meta name=\"twitter:card\" content=\"summary_large_image\" \/>\n<meta name=\"twitter:creator\" content=\"@cetysuni\" \/>\n<meta name=\"twitter:site\" content=\"@cetysuni\" \/>\n<meta name=\"twitter:label1\" content=\"Escrito por\" \/>\n\t<meta name=\"twitter:data1\" content=\"Campus Mexicali\" \/>\n\t<meta name=\"twitter:label2\" content=\"Tiempo de lectura\" \/>\n\t<meta name=\"twitter:data2\" content=\"1 minuto\" \/>\n<script type=\"application\/ld+json\" class=\"yoast-schema-graph\">{\"@context\":\"https:\\\/\\\/schema.org\",\"@graph\":[{\"@type\":\"Article\",\"@id\":\"https:\\\/\\\/www.cetys.mx\\\/noticias\\\/profesor-de-cetys-explora-enoturismo-y-dinamicas-maritimas-en-las-vi-jornadas-de-historia-economica\\\/#article\",\"isPartOf\":{\"@id\":\"https:\\\/\\\/www.cetys.mx\\\/noticias\\\/profesor-de-cetys-explora-enoturismo-y-dinamicas-maritimas-en-las-vi-jornadas-de-historia-economica\\\/\"},\"author\":{\"name\":\"Campus Mexicali\",\"@id\":\"https:\\\/\\\/www.cetys.mx\\\/noticias\\\/#\\\/schema\\\/person\\\/79a95c4ac185f3705cf1b9c9340a5f70\"},\"headline\":\"Profesor de CETYS explora enoturismo y din\u00e1micas mar\u00edtimas en las VI Jornadas de Historia Econ\u00f3mica\",\"datePublished\":\"2024-06-25T20:05:43+00:00\",\"mainEntityOfPage\":{\"@id\":\"https:\\\/\\\/www.cetys.mx\\\/noticias\\\/profesor-de-cetys-explora-enoturismo-y-dinamicas-maritimas-en-las-vi-jornadas-de-historia-economica\\\/\"},\"wordCount\":239,\"commentCount\":0,\"image\":{\"@id\":\"https:\\\/\\\/www.cetys.mx\\\/noticias\\\/profesor-de-cetys-explora-enoturismo-y-dinamicas-maritimas-en-las-vi-jornadas-de-historia-economica\\\/#primaryimage\"},\"thumbnailUrl\":\"https:\\\/\\\/www.cetys.mx\\\/noticias\\\/wp-content\\\/uploads\\\/2024\\\/06\\\/Jornadas-AMHE-TJ-4-copy.jpg\",\"keywords\":[\"Dr. Francisco Alberto\",\"enoturismo\",\"Jornada\",\"Mar\u00edtimo\",\"profesorado\"],\"articleSection\":[\"Campus Mexicali\",\"Expertos CETYS\",\"Profesorado\",\"VoCETYS\"],\"inLanguage\":\"es\",\"potentialAction\":[{\"@type\":\"CommentAction\",\"name\":\"Comment\",\"target\":[\"https:\\\/\\\/www.cetys.mx\\\/noticias\\\/profesor-de-cetys-explora-enoturismo-y-dinamicas-maritimas-en-las-vi-jornadas-de-historia-economica\\\/#respond\"]}]},{\"@type\":\"WebPage\",\"@id\":\"https:\\\/\\\/www.cetys.mx\\\/noticias\\\/profesor-de-cetys-explora-enoturismo-y-dinamicas-maritimas-en-las-vi-jornadas-de-historia-economica\\\/\",\"url\":\"https:\\\/\\\/www.cetys.mx\\\/noticias\\\/profesor-de-cetys-explora-enoturismo-y-dinamicas-maritimas-en-las-vi-jornadas-de-historia-economica\\\/\",\"name\":\"Profesor de CETYS explora enoturismo y din\u00e1micas mar\u00edtimas en las VI Jornadas de Historia Econ\u00f3mica - CETYS\",\"isPartOf\":{\"@id\":\"https:\\\/\\\/www.cetys.mx\\\/noticias\\\/#website\"},\"primaryImageOfPage\":{\"@id\":\"https:\\\/\\\/www.cetys.mx\\\/noticias\\\/profesor-de-cetys-explora-enoturismo-y-dinamicas-maritimas-en-las-vi-jornadas-de-historia-economica\\\/#primaryimage\"},\"image\":{\"@id\":\"https:\\\/\\\/www.cetys.mx\\\/noticias\\\/profesor-de-cetys-explora-enoturismo-y-dinamicas-maritimas-en-las-vi-jornadas-de-historia-economica\\\/#primaryimage\"},\"thumbnailUrl\":\"https:\\\/\\\/www.cetys.mx\\\/noticias\\\/wp-content\\\/uploads\\\/2024\\\/06\\\/Jornadas-AMHE-TJ-4-copy.jpg\",\"datePublished\":\"2024-06-25T20:05:43+00:00\",\"author\":{\"@id\":\"https:\\\/\\\/www.cetys.mx\\\/noticias\\\/#\\\/schema\\\/person\\\/79a95c4ac185f3705cf1b9c9340a5f70\"},\"description\":\"Articulo sobre Profesor de CETYS explora enoturismo y din\u00e1micas mar\u00edtimas en las VI Jornadas de Historia Econ\u00f3mica\",\"breadcrumb\":{\"@id\":\"https:\\\/\\\/www.cetys.mx\\\/noticias\\\/profesor-de-cetys-explora-enoturismo-y-dinamicas-maritimas-en-las-vi-jornadas-de-historia-economica\\\/#breadcrumb\"},\"inLanguage\":\"es\",\"potentialAction\":[{\"@type\":\"ReadAction\",\"target\":[\"https:\\\/\\\/www.cetys.mx\\\/noticias\\\/profesor-de-cetys-explora-enoturismo-y-dinamicas-maritimas-en-las-vi-jornadas-de-historia-economica\\\/\"]}]},{\"@type\":\"ImageObject\",\"inLanguage\":\"es\",\"@id\":\"https:\\\/\\\/www.cetys.mx\\\/noticias\\\/profesor-de-cetys-explora-enoturismo-y-dinamicas-maritimas-en-las-vi-jornadas-de-historia-economica\\\/#primaryimage\",\"url\":\"https:\\\/\\\/www.cetys.mx\\\/noticias\\\/wp-content\\\/uploads\\\/2024\\\/06\\\/Jornadas-AMHE-TJ-4-copy.jpg\",\"contentUrl\":\"https:\\\/\\\/www.cetys.mx\\\/noticias\\\/wp-content\\\/uploads\\\/2024\\\/06\\\/Jornadas-AMHE-TJ-4-copy.jpg\",\"width\":958,\"height\":721},{\"@type\":\"BreadcrumbList\",\"@id\":\"https:\\\/\\\/www.cetys.mx\\\/noticias\\\/profesor-de-cetys-explora-enoturismo-y-dinamicas-maritimas-en-las-vi-jornadas-de-historia-economica\\\/#breadcrumb\",\"itemListElement\":[{\"@type\":\"ListItem\",\"position\":1,\"name\":\"Inicio\",\"item\":\"https:\\\/\\\/www.cetys.mx\\\/noticias\\\/\"},{\"@type\":\"ListItem\",\"position\":2,\"name\":\"Profesor de CETYS explora enoturismo y din\u00e1micas mar\u00edtimas en las VI Jornadas de Historia Econ\u00f3mica\"}]},{\"@type\":\"WebSite\",\"@id\":\"https:\\\/\\\/www.cetys.mx\\\/noticias\\\/#website\",\"url\":\"https:\\\/\\\/www.cetys.mx\\\/noticias\\\/\",\"name\":\"CETYS\",\"description\":\"\",\"potentialAction\":[{\"@type\":\"SearchAction\",\"target\":{\"@type\":\"EntryPoint\",\"urlTemplate\":\"https:\\\/\\\/www.cetys.mx\\\/noticias\\\/?s={search_term_string}\"},\"query-input\":{\"@type\":\"PropertyValueSpecification\",\"valueRequired\":true,\"valueName\":\"search_term_string\"}}],\"inLanguage\":\"es\"},{\"@type\":\"Person\",\"@id\":\"https:\\\/\\\/www.cetys.mx\\\/noticias\\\/#\\\/schema\\\/person\\\/79a95c4ac185f3705cf1b9c9340a5f70\",\"name\":\"Campus Mexicali\",\"url\":\"https:\\\/\\\/www.cetys.mx\\\/noticias\\\/author\\\/campusmexicali\\\/\"}]}<\/script>\n<!-- \/ Yoast SEO plugin. -->","yoast_head_json":{"title":"Profesor de CETYS explora enoturismo y din\u00e1micas mar\u00edtimas en las VI Jornadas de Historia Econ\u00f3mica - CETYS","description":"Articulo sobre Profesor de CETYS explora enoturismo y din\u00e1micas mar\u00edtimas en las VI Jornadas de Historia Econ\u00f3mica","robots":{"index":"index","follow":"follow","max-snippet":"max-snippet:-1","max-image-preview":"max-image-preview:large","max-video-preview":"max-video-preview:-1"},"canonical":"https:\/\/www.cetys.mx\/noticias\/profesor-de-cetys-explora-enoturismo-y-dinamicas-maritimas-en-las-vi-jornadas-de-historia-economica\/","og_locale":"es_MX","og_type":"article","og_title":"Profesor de CETYS explora enoturismo y din\u00e1micas mar\u00edtimas en las VI Jornadas de Historia Econ\u00f3mica - CETYS","og_description":"Articulo sobre Profesor de CETYS explora enoturismo y din\u00e1micas mar\u00edtimas en las VI Jornadas de Historia Econ\u00f3mica","og_url":"https:\/\/www.cetys.mx\/noticias\/profesor-de-cetys-explora-enoturismo-y-dinamicas-maritimas-en-las-vi-jornadas-de-historia-economica\/","og_site_name":"CETYS","article_publisher":"https:\/\/www.facebook.com\/cetysuniversidadmxl\/","article_published_time":"2024-06-25T20:05:43+00:00","og_image":[{"width":958,"height":721,"url":"https:\/\/www.cetys.mx\/noticias\/wp-content\/uploads\/2024\/06\/Jornadas-AMHE-TJ-4-copy.jpg","type":"image\/jpeg"}],"author":"Campus Mexicali","twitter_card":"summary_large_image","twitter_creator":"@cetysuni","twitter_site":"@cetysuni","twitter_misc":{"Escrito por":"Campus Mexicali","Tiempo de lectura":"1 minuto"},"schema":{"@context":"https:\/\/schema.org","@graph":[{"@type":"Article","@id":"https:\/\/www.cetys.mx\/noticias\/profesor-de-cetys-explora-enoturismo-y-dinamicas-maritimas-en-las-vi-jornadas-de-historia-economica\/#article","isPartOf":{"@id":"https:\/\/www.cetys.mx\/noticias\/profesor-de-cetys-explora-enoturismo-y-dinamicas-maritimas-en-las-vi-jornadas-de-historia-economica\/"},"author":{"name":"Campus Mexicali","@id":"https:\/\/www.cetys.mx\/noticias\/#\/schema\/person\/79a95c4ac185f3705cf1b9c9340a5f70"},"headline":"Profesor de CETYS explora enoturismo y din\u00e1micas mar\u00edtimas en las VI Jornadas de Historia Econ\u00f3mica","datePublished":"2024-06-25T20:05:43+00:00","mainEntityOfPage":{"@id":"https:\/\/www.cetys.mx\/noticias\/profesor-de-cetys-explora-enoturismo-y-dinamicas-maritimas-en-las-vi-jornadas-de-historia-economica\/"},"wordCount":239,"commentCount":0,"image":{"@id":"https:\/\/www.cetys.mx\/noticias\/profesor-de-cetys-explora-enoturismo-y-dinamicas-maritimas-en-las-vi-jornadas-de-historia-economica\/#primaryimage"},"thumbnailUrl":"https:\/\/www.cetys.mx\/noticias\/wp-content\/uploads\/2024\/06\/Jornadas-AMHE-TJ-4-copy.jpg","keywords":["Dr. Francisco Alberto","enoturismo","Jornada","Mar\u00edtimo","profesorado"],"articleSection":["Campus Mexicali","Expertos CETYS","Profesorado","VoCETYS"],"inLanguage":"es","potentialAction":[{"@type":"CommentAction","name":"Comment","target":["https:\/\/www.cetys.mx\/noticias\/profesor-de-cetys-explora-enoturismo-y-dinamicas-maritimas-en-las-vi-jornadas-de-historia-economica\/#respond"]}]},{"@type":"WebPage","@id":"https:\/\/www.cetys.mx\/noticias\/profesor-de-cetys-explora-enoturismo-y-dinamicas-maritimas-en-las-vi-jornadas-de-historia-economica\/","url":"https:\/\/www.cetys.mx\/noticias\/profesor-de-cetys-explora-enoturismo-y-dinamicas-maritimas-en-las-vi-jornadas-de-historia-economica\/","name":"Profesor de CETYS explora enoturismo y din\u00e1micas mar\u00edtimas en las VI Jornadas de Historia Econ\u00f3mica - CETYS","isPartOf":{"@id":"https:\/\/www.cetys.mx\/noticias\/#website"},"primaryImageOfPage":{"@id":"https:\/\/www.cetys.mx\/noticias\/profesor-de-cetys-explora-enoturismo-y-dinamicas-maritimas-en-las-vi-jornadas-de-historia-economica\/#primaryimage"},"image":{"@id":"https:\/\/www.cetys.mx\/noticias\/profesor-de-cetys-explora-enoturismo-y-dinamicas-maritimas-en-las-vi-jornadas-de-historia-economica\/#primaryimage"},"thumbnailUrl":"https:\/\/www.cetys.mx\/noticias\/wp-content\/uploads\/2024\/06\/Jornadas-AMHE-TJ-4-copy.jpg","datePublished":"2024-06-25T20:05:43+00:00","author":{"@id":"https:\/\/www.cetys.mx\/noticias\/#\/schema\/person\/79a95c4ac185f3705cf1b9c9340a5f70"},"description":"Articulo sobre Profesor de CETYS explora enoturismo y din\u00e1micas mar\u00edtimas en las VI Jornadas de Historia Econ\u00f3mica","breadcrumb":{"@id":"https:\/\/www.cetys.mx\/noticias\/profesor-de-cetys-explora-enoturismo-y-dinamicas-maritimas-en-las-vi-jornadas-de-historia-economica\/#breadcrumb"},"inLanguage":"es","potentialAction":[{"@type":"ReadAction","target":["https:\/\/www.cetys.mx\/noticias\/profesor-de-cetys-explora-enoturismo-y-dinamicas-maritimas-en-las-vi-jornadas-de-historia-economica\/"]}]},{"@type":"ImageObject","inLanguage":"es","@id":"https:\/\/www.cetys.mx\/noticias\/profesor-de-cetys-explora-enoturismo-y-dinamicas-maritimas-en-las-vi-jornadas-de-historia-economica\/#primaryimage","url":"https:\/\/www.cetys.mx\/noticias\/wp-content\/uploads\/2024\/06\/Jornadas-AMHE-TJ-4-copy.jpg","contentUrl":"https:\/\/www.cetys.mx\/noticias\/wp-content\/uploads\/2024\/06\/Jornadas-AMHE-TJ-4-copy.jpg","width":958,"height":721},{"@type":"BreadcrumbList","@id":"https:\/\/www.cetys.mx\/noticias\/profesor-de-cetys-explora-enoturismo-y-dinamicas-maritimas-en-las-vi-jornadas-de-historia-economica\/#breadcrumb","itemListElement":[{"@type":"ListItem","position":1,"name":"Inicio","item":"https:\/\/www.cetys.mx\/noticias\/"},{"@type":"ListItem","position":2,"name":"Profesor de CETYS explora enoturismo y din\u00e1micas mar\u00edtimas en las VI Jornadas de Historia Econ\u00f3mica"}]},{"@type":"WebSite","@id":"https:\/\/www.cetys.mx\/noticias\/#website","url":"https:\/\/www.cetys.mx\/noticias\/","name":"CETYS","description":"","potentialAction":[{"@type":"SearchAction","target":{"@type":"EntryPoint","urlTemplate":"https:\/\/www.cetys.mx\/noticias\/?s={search_term_string}"},"query-input":{"@type":"PropertyValueSpecification","valueRequired":true,"valueName":"search_term_string"}}],"inLanguage":"es"},{"@type":"Person","@id":"https:\/\/www.cetys.mx\/noticias\/#\/schema\/person\/79a95c4ac185f3705cf1b9c9340a5f70","name":"Campus Mexicali","url":"https:\/\/www.cetys.mx\/noticias\/author\/campusmexicali\/"}]}},"_links":{"self":[{"href":"https:\/\/www.cetys.mx\/noticias\/wp-json\/wp\/v2\/posts\/190312","targetHints":{"allow":["GET"]}}],"collection":[{"href":"https:\/\/www.cetys.mx\/noticias\/wp-json\/wp\/v2\/posts"}],"about":[{"href":"https:\/\/www.cetys.mx\/noticias\/wp-json\/wp\/v2\/types\/post"}],"author":[{"embeddable":true,"href":"https:\/\/www.cetys.mx\/noticias\/wp-json\/wp\/v2\/users\/20"}],"replies":[{"embeddable":true,"href":"https:\/\/www.cetys.mx\/noticias\/wp-json\/wp\/v2\/comments?post=190312"}],"version-history":[{"count":3,"href":"https:\/\/www.cetys.mx\/noticias\/wp-json\/wp\/v2\/posts\/190312\/revisions"}],"predecessor-version":[{"id":190332,"href":"https:\/\/www.cetys.mx\/noticias\/wp-json\/wp\/v2\/posts\/190312\/revisions\/190332"}],"wp:featuredmedia":[{"embeddable":true,"href":"https:\/\/www.cetys.mx\/noticias\/wp-json\/wp\/v2\/media\/190325"}],"wp:attachment":[{"href":"https:\/\/www.cetys.mx\/noticias\/wp-json\/wp\/v2\/media?parent=190312"}],"wp:term":[{"taxonomy":"category","embeddable":true,"href":"https:\/\/www.cetys.mx\/noticias\/wp-json\/wp\/v2\/categories?post=190312"},{"taxonomy":"post_tag","embeddable":true,"href":"https:\/\/www.cetys.mx\/noticias\/wp-json\/wp\/v2\/tags?post=190312"}],"curies":[{"name":"wp","href":"https:\/\/api.w.org\/{rel}","templated":true}]}}