{"id":189561,"date":"2024-06-21T00:31:03","date_gmt":"2024-06-21T07:31:03","guid":{"rendered":"https:\/\/www.cetys.mx\/noticias\/?p=189561"},"modified":"2024-06-21T00:31:03","modified_gmt":"2024-06-21T07:31:03","slug":"estas-fueron-las-actividades-de-salud-mental-en-mayo-de-campus-tijuana","status":"publish","type":"post","link":"https:\/\/www.cetys.mx\/noticias\/estas-fueron-las-actividades-de-salud-mental-en-mayo-de-campus-tijuana\/","title":{"rendered":"Estas fueron las actividades de Salud Mental en Mayo de Campus Tijuana"},"content":{"rendered":"<p>En el marco de las actividades de Salud Mental organizadas en Campus Tijuana, se llevaron a cabo dos eventos clave para fomentar el bienestar emocional y psicol\u00f3gico de la comunidad estudiantil: la conferencia <strong>&#8220;Estrategias para el desarrollo de habilidades emocionales&#8221;<\/strong> y la capacitaci\u00f3n en &#8220;<strong>Primeros auxilios psicol\u00f3gicos&#8221;<\/strong>. Ambos eventos fueron dise\u00f1ados para proporcionar a los participantes herramientas pr\u00e1cticas y estrategias efectivas para afrontar diversas circunstancias y situaciones de crisis.<\/p>\n<p>La conferencia <strong>&#8220;Estrategias para el desarrollo de habilidades emocionales&#8221;<\/strong> tuvo como objetivo principal ense\u00f1ar a los asistentes las habilidades socioemocionales necesarias para manejar diferentes desaf\u00edos en su vida diaria. Los ponentes se centraron en t\u00e9cnicas y enfoques que permiten identificar y gestionar las emociones de manera efectiva, fomentando una mayor resiliencia y bienestar emocional. La participaci\u00f3n activa de los estudiantes reflej\u00f3 el inter\u00e9s y la importancia de desarrollar estas habilidades en un entorno acad\u00e9mico y personal.<\/p>\n\n            <style type='text\/css'>\n                #gallery-1 {\n                    margin: auto;\n                }\n                #gallery-1 .gallery-item {\n                    float: left;\n                    margin-top: 10px;\n                    text-align: center;\n                    width: 50%;\n                }\n                #gallery-1 img {\n                    border: 2px solid #cfcfcf;\n                }\n                #gallery-1 .gallery-caption {\n                    margin-left: 0;\n                }\n                \/* see gallery_shortcode() in wp-includes\/media.php *\/\n            <\/style>\n\t\t<div id='gallery-1' class='gallery galleryid-189561 gallery-columns-2 gallery-size-medium'><dl class='gallery-item'>\n                <dt class='gallery-icon landscape'>\n                    <a href='https:\/\/www.cetys.mx\/noticias\/estas-fueron-las-actividades-de-salud-mental-en-mayo-de-campus-tijuana\/programa-salud-mental-mayo-cetystijuana-02\/'><img loading=\"lazy\" decoding=\"async\" width=\"958\" height=\"637\" src=\"https:\/\/www.cetys.mx\/noticias\/wp-content\/uploads\/2024\/06\/programa-salud-mental-mayo-cetystijuana-02.png\" class=\"attachment-medium size-medium\" alt=\"\" srcset=\"https:\/\/www.cetys.mx\/noticias\/wp-content\/uploads\/2024\/06\/programa-salud-mental-mayo-cetystijuana-02.png 958w, https:\/\/www.cetys.mx\/noticias\/wp-content\/uploads\/2024\/06\/programa-salud-mental-mayo-cetystijuana-02-768x511.png 768w\" sizes=\"auto, (max-width: 958px) 100vw, 958px\" \/><\/a>\n                <\/dt><\/dl><dl class='gallery-item'>\n                <dt class='gallery-icon landscape'>\n                    <a href='https:\/\/www.cetys.mx\/noticias\/estas-fueron-las-actividades-de-salud-mental-en-mayo-de-campus-tijuana\/programa-salud-mental-mayo-cetystijuana-05\/'><img loading=\"lazy\" decoding=\"async\" width=\"958\" height=\"637\" src=\"https:\/\/www.cetys.mx\/noticias\/wp-content\/uploads\/2024\/06\/programa-salud-mental-mayo-cetystijuana-05.png\" class=\"attachment-medium size-medium\" alt=\"\" srcset=\"https:\/\/www.cetys.mx\/noticias\/wp-content\/uploads\/2024\/06\/programa-salud-mental-mayo-cetystijuana-05.png 958w, https:\/\/www.cetys.mx\/noticias\/wp-content\/uploads\/2024\/06\/programa-salud-mental-mayo-cetystijuana-05-768x511.png 768w\" sizes=\"auto, (max-width: 958px) 100vw, 958px\" \/><\/a>\n                <\/dt><\/dl><br style=\"clear: both\" \/>\n            <\/div>\n\n<p>Por otro lado, la capacitaci\u00f3n en <strong>&#8220;Primeros auxilios psicol\u00f3gicos&#8221;<\/strong> se enfoc\u00f3 en proporcionar estrategias y herramientas para brindar apoyo efectivo en situaciones de crisis. Los participantes aprendieron a reconocer los signos de crisis emocional y a aplicar t\u00e9cnicas de intervenci\u00f3n inmediata para ayudar a quienes lo necesiten. Esta capacitaci\u00f3n es fundamental para crear una comunidad m\u00e1s preparada y emp\u00e1tica, capaz de ofrecer soporte emocional en momentos cr\u00edticos.<\/p>\n\n            <style type='text\/css'>\n                #gallery-2 {\n                    margin: auto;\n                }\n                #gallery-2 .gallery-item {\n                    float: left;\n                    margin-top: 10px;\n                    text-align: center;\n                    width: 50%;\n                }\n                #gallery-2 img {\n                    border: 2px solid #cfcfcf;\n                }\n                #gallery-2 .gallery-caption {\n                    margin-left: 0;\n                }\n                \/* see gallery_shortcode() in wp-includes\/media.php *\/\n            <\/style>\n\t\t<div id='gallery-2' class='gallery galleryid-189561 gallery-columns-2 gallery-size-medium'><dl class='gallery-item'>\n                <dt class='gallery-icon landscape'>\n                    <a href='https:\/\/www.cetys.mx\/noticias\/estas-fueron-las-actividades-de-salud-mental-en-mayo-de-campus-tijuana\/programa-salud-mental-mayo-cetystijuana-03\/'><img loading=\"lazy\" decoding=\"async\" width=\"958\" height=\"637\" src=\"https:\/\/www.cetys.mx\/noticias\/wp-content\/uploads\/2024\/06\/programa-salud-mental-mayo-cetystijuana-03.png\" class=\"attachment-medium size-medium\" alt=\"\" srcset=\"https:\/\/www.cetys.mx\/noticias\/wp-content\/uploads\/2024\/06\/programa-salud-mental-mayo-cetystijuana-03.png 958w, https:\/\/www.cetys.mx\/noticias\/wp-content\/uploads\/2024\/06\/programa-salud-mental-mayo-cetystijuana-03-768x511.png 768w\" sizes=\"auto, (max-width: 958px) 100vw, 958px\" \/><\/a>\n                <\/dt><\/dl><dl class='gallery-item'>\n                <dt class='gallery-icon landscape'>\n                    <a href='https:\/\/www.cetys.mx\/noticias\/estas-fueron-las-actividades-de-salud-mental-en-mayo-de-campus-tijuana\/programa-salud-mental-mayo-cetystijuana\/'><img loading=\"lazy\" decoding=\"async\" width=\"958\" height=\"637\" src=\"https:\/\/www.cetys.mx\/noticias\/wp-content\/uploads\/2024\/06\/programa-salud-mental-mayo-cetystijuana.png\" class=\"attachment-medium size-medium\" alt=\"\" srcset=\"https:\/\/www.cetys.mx\/noticias\/wp-content\/uploads\/2024\/06\/programa-salud-mental-mayo-cetystijuana.png 958w, https:\/\/www.cetys.mx\/noticias\/wp-content\/uploads\/2024\/06\/programa-salud-mental-mayo-cetystijuana-768x511.png 768w\" sizes=\"auto, (max-width: 958px) 100vw, 958px\" \/><\/a>\n                <\/dt><\/dl><br style=\"clear: both\" \/>\n            <\/div>\n\n<p>&nbsp;<\/p>\n<p>Ambos eventos reflejan el compromiso de Campus Tijuana con la promoci\u00f3n de la salud mental y el bienestar de su comunidad. La implementaci\u00f3n de estas actividades no solo fortalece las habilidades emocionales y de apoyo de los participantes, sino que tambi\u00e9n contribuye a crear un ambiente m\u00e1s solidario y consciente de la importancia del bienestar mental.<\/p>\n<p>&nbsp;<\/p>\n","protected":false},"excerpt":{"rendered":"<p>En el marco de las actividades de Salud Mental organizadas en Campus Tijuana, se llevaron a cabo dos eventos clave para fomentar&#8230;<\/p>\n","protected":false},"author":24,"featured_media":189568,"comment_status":"open","ping_status":"closed","sticky":false,"template":"","format":"standard","meta":{"footnotes":""},"categories":[134],"tags":[1248,530],"class_list":["post-189561","post","type-post","status-publish","format-standard","has-post-thumbnail","hentry","category-campus-tijuana","tag-cetysalud","tag-salud-mental"],"yoast_head":"<!-- This site is optimized with the Yoast SEO plugin v27.4 - https:\/\/yoast.com\/product\/yoast-seo-wordpress\/ -->\n<title>Estas fueron las actividades de Salud Mental en Mayo de Campus Tijuana - CETYS<\/title>\n<meta name=\"description\" content=\"Articulo sobre Estas fueron las actividades de Salud Mental en Mayo de Campus Tijuana\" \/>\n<meta name=\"robots\" content=\"index, follow, max-snippet:-1, max-image-preview:large, max-video-preview:-1\" \/>\n<link rel=\"canonical\" href=\"https:\/\/www.cetys.mx\/noticias\/estas-fueron-las-actividades-de-salud-mental-en-mayo-de-campus-tijuana\/\" \/>\n<meta property=\"og:locale\" content=\"es_MX\" \/>\n<meta property=\"og:type\" content=\"article\" \/>\n<meta property=\"og:title\" content=\"Estas fueron las actividades de Salud Mental en Mayo de Campus Tijuana - CETYS\" \/>\n<meta property=\"og:description\" content=\"Articulo sobre Estas fueron las actividades de Salud Mental en Mayo de Campus Tijuana\" \/>\n<meta property=\"og:url\" content=\"https:\/\/www.cetys.mx\/noticias\/estas-fueron-las-actividades-de-salud-mental-en-mayo-de-campus-tijuana\/\" \/>\n<meta property=\"og:site_name\" content=\"CETYS\" \/>\n<meta property=\"article:publisher\" content=\"https:\/\/www.facebook.com\/cetysuniversidadmxl\/\" \/>\n<meta property=\"article:published_time\" content=\"2024-06-21T07:31:03+00:00\" \/>\n<meta property=\"og:image\" content=\"https:\/\/www.cetys.mx\/noticias\/wp-content\/uploads\/2024\/06\/programa-salud-mental-mayo-cetystijuana-04.png\" \/>\n\t<meta property=\"og:image:width\" content=\"958\" \/>\n\t<meta property=\"og:image:height\" content=\"637\" \/>\n\t<meta property=\"og:image:type\" content=\"image\/png\" \/>\n<meta name=\"author\" content=\"Campus Tijuana\" \/>\n<meta name=\"twitter:card\" content=\"summary_large_image\" \/>\n<meta name=\"twitter:creator\" content=\"@cetysuni\" \/>\n<meta name=\"twitter:site\" content=\"@cetysuni\" \/>\n<meta name=\"twitter:label1\" content=\"Escrito por\" \/>\n\t<meta name=\"twitter:data1\" content=\"Campus Tijuana\" \/>\n\t<meta name=\"twitter:label2\" content=\"Tiempo de lectura\" \/>\n\t<meta name=\"twitter:data2\" content=\"2 minutos\" \/>\n<script type=\"application\/ld+json\" class=\"yoast-schema-graph\">{\"@context\":\"https:\\\/\\\/schema.org\",\"@graph\":[{\"@type\":\"Article\",\"@id\":\"https:\\\/\\\/www.cetys.mx\\\/noticias\\\/estas-fueron-las-actividades-de-salud-mental-en-mayo-de-campus-tijuana\\\/#article\",\"isPartOf\":{\"@id\":\"https:\\\/\\\/www.cetys.mx\\\/noticias\\\/estas-fueron-las-actividades-de-salud-mental-en-mayo-de-campus-tijuana\\\/\"},\"author\":{\"name\":\"Campus Tijuana\",\"@id\":\"https:\\\/\\\/www.cetys.mx\\\/noticias\\\/#\\\/schema\\\/person\\\/e790051ce60e18ae47cfa87011c8653f\"},\"headline\":\"Estas fueron las actividades de Salud Mental en Mayo de Campus Tijuana\",\"datePublished\":\"2024-06-21T07:31:03+00:00\",\"mainEntityOfPage\":{\"@id\":\"https:\\\/\\\/www.cetys.mx\\\/noticias\\\/estas-fueron-las-actividades-de-salud-mental-en-mayo-de-campus-tijuana\\\/\"},\"wordCount\":315,\"commentCount\":0,\"image\":{\"@id\":\"https:\\\/\\\/www.cetys.mx\\\/noticias\\\/estas-fueron-las-actividades-de-salud-mental-en-mayo-de-campus-tijuana\\\/#primaryimage\"},\"thumbnailUrl\":\"https:\\\/\\\/www.cetys.mx\\\/noticias\\\/wp-content\\\/uploads\\\/2024\\\/06\\\/programa-salud-mental-mayo-cetystijuana-04.png\",\"keywords\":[\"CETYSalud\",\"Salud Mental\"],\"articleSection\":[\"Campus Tijuana\"],\"inLanguage\":\"es\",\"potentialAction\":[{\"@type\":\"CommentAction\",\"name\":\"Comment\",\"target\":[\"https:\\\/\\\/www.cetys.mx\\\/noticias\\\/estas-fueron-las-actividades-de-salud-mental-en-mayo-de-campus-tijuana\\\/#respond\"]}]},{\"@type\":\"WebPage\",\"@id\":\"https:\\\/\\\/www.cetys.mx\\\/noticias\\\/estas-fueron-las-actividades-de-salud-mental-en-mayo-de-campus-tijuana\\\/\",\"url\":\"https:\\\/\\\/www.cetys.mx\\\/noticias\\\/estas-fueron-las-actividades-de-salud-mental-en-mayo-de-campus-tijuana\\\/\",\"name\":\"Estas fueron las actividades de Salud Mental en Mayo de Campus Tijuana - CETYS\",\"isPartOf\":{\"@id\":\"https:\\\/\\\/www.cetys.mx\\\/noticias\\\/#website\"},\"primaryImageOfPage\":{\"@id\":\"https:\\\/\\\/www.cetys.mx\\\/noticias\\\/estas-fueron-las-actividades-de-salud-mental-en-mayo-de-campus-tijuana\\\/#primaryimage\"},\"image\":{\"@id\":\"https:\\\/\\\/www.cetys.mx\\\/noticias\\\/estas-fueron-las-actividades-de-salud-mental-en-mayo-de-campus-tijuana\\\/#primaryimage\"},\"thumbnailUrl\":\"https:\\\/\\\/www.cetys.mx\\\/noticias\\\/wp-content\\\/uploads\\\/2024\\\/06\\\/programa-salud-mental-mayo-cetystijuana-04.png\",\"datePublished\":\"2024-06-21T07:31:03+00:00\",\"author\":{\"@id\":\"https:\\\/\\\/www.cetys.mx\\\/noticias\\\/#\\\/schema\\\/person\\\/e790051ce60e18ae47cfa87011c8653f\"},\"description\":\"Articulo sobre Estas fueron las actividades de Salud Mental en Mayo de Campus Tijuana\",\"breadcrumb\":{\"@id\":\"https:\\\/\\\/www.cetys.mx\\\/noticias\\\/estas-fueron-las-actividades-de-salud-mental-en-mayo-de-campus-tijuana\\\/#breadcrumb\"},\"inLanguage\":\"es\",\"potentialAction\":[{\"@type\":\"ReadAction\",\"target\":[\"https:\\\/\\\/www.cetys.mx\\\/noticias\\\/estas-fueron-las-actividades-de-salud-mental-en-mayo-de-campus-tijuana\\\/\"]}]},{\"@type\":\"ImageObject\",\"inLanguage\":\"es\",\"@id\":\"https:\\\/\\\/www.cetys.mx\\\/noticias\\\/estas-fueron-las-actividades-de-salud-mental-en-mayo-de-campus-tijuana\\\/#primaryimage\",\"url\":\"https:\\\/\\\/www.cetys.mx\\\/noticias\\\/wp-content\\\/uploads\\\/2024\\\/06\\\/programa-salud-mental-mayo-cetystijuana-04.png\",\"contentUrl\":\"https:\\\/\\\/www.cetys.mx\\\/noticias\\\/wp-content\\\/uploads\\\/2024\\\/06\\\/programa-salud-mental-mayo-cetystijuana-04.png\",\"width\":958,\"height\":637},{\"@type\":\"BreadcrumbList\",\"@id\":\"https:\\\/\\\/www.cetys.mx\\\/noticias\\\/estas-fueron-las-actividades-de-salud-mental-en-mayo-de-campus-tijuana\\\/#breadcrumb\",\"itemListElement\":[{\"@type\":\"ListItem\",\"position\":1,\"name\":\"Inicio\",\"item\":\"https:\\\/\\\/www.cetys.mx\\\/noticias\\\/\"},{\"@type\":\"ListItem\",\"position\":2,\"name\":\"Estas fueron las actividades de Salud Mental en Mayo de Campus Tijuana\"}]},{\"@type\":\"WebSite\",\"@id\":\"https:\\\/\\\/www.cetys.mx\\\/noticias\\\/#website\",\"url\":\"https:\\\/\\\/www.cetys.mx\\\/noticias\\\/\",\"name\":\"CETYS\",\"description\":\"\",\"potentialAction\":[{\"@type\":\"SearchAction\",\"target\":{\"@type\":\"EntryPoint\",\"urlTemplate\":\"https:\\\/\\\/www.cetys.mx\\\/noticias\\\/?s={search_term_string}\"},\"query-input\":{\"@type\":\"PropertyValueSpecification\",\"valueRequired\":true,\"valueName\":\"search_term_string\"}}],\"inLanguage\":\"es\"},{\"@type\":\"Person\",\"@id\":\"https:\\\/\\\/www.cetys.mx\\\/noticias\\\/#\\\/schema\\\/person\\\/e790051ce60e18ae47cfa87011c8653f\",\"name\":\"Campus Tijuana\",\"url\":\"https:\\\/\\\/www.cetys.mx\\\/noticias\\\/author\\\/campustijuana\\\/\"}]}<\/script>\n<!-- \/ Yoast SEO plugin. -->","yoast_head_json":{"title":"Estas fueron las actividades de Salud Mental en Mayo de Campus Tijuana - CETYS","description":"Articulo sobre Estas fueron las actividades de Salud Mental en Mayo de Campus Tijuana","robots":{"index":"index","follow":"follow","max-snippet":"max-snippet:-1","max-image-preview":"max-image-preview:large","max-video-preview":"max-video-preview:-1"},"canonical":"https:\/\/www.cetys.mx\/noticias\/estas-fueron-las-actividades-de-salud-mental-en-mayo-de-campus-tijuana\/","og_locale":"es_MX","og_type":"article","og_title":"Estas fueron las actividades de Salud Mental en Mayo de Campus Tijuana - CETYS","og_description":"Articulo sobre Estas fueron las actividades de Salud Mental en Mayo de Campus Tijuana","og_url":"https:\/\/www.cetys.mx\/noticias\/estas-fueron-las-actividades-de-salud-mental-en-mayo-de-campus-tijuana\/","og_site_name":"CETYS","article_publisher":"https:\/\/www.facebook.com\/cetysuniversidadmxl\/","article_published_time":"2024-06-21T07:31:03+00:00","og_image":[{"width":958,"height":637,"url":"https:\/\/www.cetys.mx\/noticias\/wp-content\/uploads\/2024\/06\/programa-salud-mental-mayo-cetystijuana-04.png","type":"image\/png"}],"author":"Campus Tijuana","twitter_card":"summary_large_image","twitter_creator":"@cetysuni","twitter_site":"@cetysuni","twitter_misc":{"Escrito por":"Campus Tijuana","Tiempo de lectura":"2 minutos"},"schema":{"@context":"https:\/\/schema.org","@graph":[{"@type":"Article","@id":"https:\/\/www.cetys.mx\/noticias\/estas-fueron-las-actividades-de-salud-mental-en-mayo-de-campus-tijuana\/#article","isPartOf":{"@id":"https:\/\/www.cetys.mx\/noticias\/estas-fueron-las-actividades-de-salud-mental-en-mayo-de-campus-tijuana\/"},"author":{"name":"Campus Tijuana","@id":"https:\/\/www.cetys.mx\/noticias\/#\/schema\/person\/e790051ce60e18ae47cfa87011c8653f"},"headline":"Estas fueron las actividades de Salud Mental en Mayo de Campus Tijuana","datePublished":"2024-06-21T07:31:03+00:00","mainEntityOfPage":{"@id":"https:\/\/www.cetys.mx\/noticias\/estas-fueron-las-actividades-de-salud-mental-en-mayo-de-campus-tijuana\/"},"wordCount":315,"commentCount":0,"image":{"@id":"https:\/\/www.cetys.mx\/noticias\/estas-fueron-las-actividades-de-salud-mental-en-mayo-de-campus-tijuana\/#primaryimage"},"thumbnailUrl":"https:\/\/www.cetys.mx\/noticias\/wp-content\/uploads\/2024\/06\/programa-salud-mental-mayo-cetystijuana-04.png","keywords":["CETYSalud","Salud Mental"],"articleSection":["Campus Tijuana"],"inLanguage":"es","potentialAction":[{"@type":"CommentAction","name":"Comment","target":["https:\/\/www.cetys.mx\/noticias\/estas-fueron-las-actividades-de-salud-mental-en-mayo-de-campus-tijuana\/#respond"]}]},{"@type":"WebPage","@id":"https:\/\/www.cetys.mx\/noticias\/estas-fueron-las-actividades-de-salud-mental-en-mayo-de-campus-tijuana\/","url":"https:\/\/www.cetys.mx\/noticias\/estas-fueron-las-actividades-de-salud-mental-en-mayo-de-campus-tijuana\/","name":"Estas fueron las actividades de Salud Mental en Mayo de Campus Tijuana - CETYS","isPartOf":{"@id":"https:\/\/www.cetys.mx\/noticias\/#website"},"primaryImageOfPage":{"@id":"https:\/\/www.cetys.mx\/noticias\/estas-fueron-las-actividades-de-salud-mental-en-mayo-de-campus-tijuana\/#primaryimage"},"image":{"@id":"https:\/\/www.cetys.mx\/noticias\/estas-fueron-las-actividades-de-salud-mental-en-mayo-de-campus-tijuana\/#primaryimage"},"thumbnailUrl":"https:\/\/www.cetys.mx\/noticias\/wp-content\/uploads\/2024\/06\/programa-salud-mental-mayo-cetystijuana-04.png","datePublished":"2024-06-21T07:31:03+00:00","author":{"@id":"https:\/\/www.cetys.mx\/noticias\/#\/schema\/person\/e790051ce60e18ae47cfa87011c8653f"},"description":"Articulo sobre Estas fueron las actividades de Salud Mental en Mayo de Campus Tijuana","breadcrumb":{"@id":"https:\/\/www.cetys.mx\/noticias\/estas-fueron-las-actividades-de-salud-mental-en-mayo-de-campus-tijuana\/#breadcrumb"},"inLanguage":"es","potentialAction":[{"@type":"ReadAction","target":["https:\/\/www.cetys.mx\/noticias\/estas-fueron-las-actividades-de-salud-mental-en-mayo-de-campus-tijuana\/"]}]},{"@type":"ImageObject","inLanguage":"es","@id":"https:\/\/www.cetys.mx\/noticias\/estas-fueron-las-actividades-de-salud-mental-en-mayo-de-campus-tijuana\/#primaryimage","url":"https:\/\/www.cetys.mx\/noticias\/wp-content\/uploads\/2024\/06\/programa-salud-mental-mayo-cetystijuana-04.png","contentUrl":"https:\/\/www.cetys.mx\/noticias\/wp-content\/uploads\/2024\/06\/programa-salud-mental-mayo-cetystijuana-04.png","width":958,"height":637},{"@type":"BreadcrumbList","@id":"https:\/\/www.cetys.mx\/noticias\/estas-fueron-las-actividades-de-salud-mental-en-mayo-de-campus-tijuana\/#breadcrumb","itemListElement":[{"@type":"ListItem","position":1,"name":"Inicio","item":"https:\/\/www.cetys.mx\/noticias\/"},{"@type":"ListItem","position":2,"name":"Estas fueron las actividades de Salud Mental en Mayo de Campus Tijuana"}]},{"@type":"WebSite","@id":"https:\/\/www.cetys.mx\/noticias\/#website","url":"https:\/\/www.cetys.mx\/noticias\/","name":"CETYS","description":"","potentialAction":[{"@type":"SearchAction","target":{"@type":"EntryPoint","urlTemplate":"https:\/\/www.cetys.mx\/noticias\/?s={search_term_string}"},"query-input":{"@type":"PropertyValueSpecification","valueRequired":true,"valueName":"search_term_string"}}],"inLanguage":"es"},{"@type":"Person","@id":"https:\/\/www.cetys.mx\/noticias\/#\/schema\/person\/e790051ce60e18ae47cfa87011c8653f","name":"Campus Tijuana","url":"https:\/\/www.cetys.mx\/noticias\/author\/campustijuana\/"}]}},"_links":{"self":[{"href":"https:\/\/www.cetys.mx\/noticias\/wp-json\/wp\/v2\/posts\/189561","targetHints":{"allow":["GET"]}}],"collection":[{"href":"https:\/\/www.cetys.mx\/noticias\/wp-json\/wp\/v2\/posts"}],"about":[{"href":"https:\/\/www.cetys.mx\/noticias\/wp-json\/wp\/v2\/types\/post"}],"author":[{"embeddable":true,"href":"https:\/\/www.cetys.mx\/noticias\/wp-json\/wp\/v2\/users\/24"}],"replies":[{"embeddable":true,"href":"https:\/\/www.cetys.mx\/noticias\/wp-json\/wp\/v2\/comments?post=189561"}],"version-history":[{"count":1,"href":"https:\/\/www.cetys.mx\/noticias\/wp-json\/wp\/v2\/posts\/189561\/revisions"}],"predecessor-version":[{"id":189570,"href":"https:\/\/www.cetys.mx\/noticias\/wp-json\/wp\/v2\/posts\/189561\/revisions\/189570"}],"wp:featuredmedia":[{"embeddable":true,"href":"https:\/\/www.cetys.mx\/noticias\/wp-json\/wp\/v2\/media\/189568"}],"wp:attachment":[{"href":"https:\/\/www.cetys.mx\/noticias\/wp-json\/wp\/v2\/media?parent=189561"}],"wp:term":[{"taxonomy":"category","embeddable":true,"href":"https:\/\/www.cetys.mx\/noticias\/wp-json\/wp\/v2\/categories?post=189561"},{"taxonomy":"post_tag","embeddable":true,"href":"https:\/\/www.cetys.mx\/noticias\/wp-json\/wp\/v2\/tags?post=189561"}],"curies":[{"name":"wp","href":"https:\/\/api.w.org\/{rel}","templated":true}]}}