{"id":189547,"date":"2024-06-21T00:05:21","date_gmt":"2024-06-21T07:05:21","guid":{"rendered":"https:\/\/www.cetys.mx\/noticias\/?p=189547"},"modified":"2024-06-21T00:10:27","modified_gmt":"2024-06-21T07:10:27","slug":"alumnos-de-8vo-semestre-de-administracion-de-empresas-cierran-ciclo-con-panel","status":"publish","type":"post","link":"https:\/\/www.cetys.mx\/noticias\/alumnos-de-8vo-semestre-de-administracion-de-empresas-cierran-ciclo-con-panel\/","title":{"rendered":"Alumnos de 8vo semestre de Administraci\u00f3n de Empresas cierran ciclo con panel"},"content":{"rendered":"<p>Los alumnos de octavo semestre de la <a href=\"https:\/\/www.cetys.mx\/programas\/licenciatura-en-administracion-de-empresas\/\">Licenciatura en Administraci\u00f3n de Empresas<\/a> de <strong>CETYS Universidad<\/strong> <strong>Campus Tijuana<\/strong> organizaron el <em>&#8220;Panel de Liderazgo Transformacional y Cambio Generacional&#8221;<\/em> como parte de su proyecto final del curso Seminario de Alta Direcci\u00f3n y Lecciones de Liderazgo, impartido por la <strong>Mtra. A. Marcela Sosa Ar\u00e1mburo<\/strong>.<\/p>\n<p>Este evento de negocios reuni\u00f3 a destacadas panelistas: la <strong>Mtra. Mariana Montalvo<\/strong>, <em>Directora de Operaciones de Galvanizadora Tijuana<\/em>; la <strong>Ing. Marina Guerrero<\/strong>, <em>Directora de Operaciones de RSI y Socia Fundadora de Conglomerado JAMEC<\/em>; y la L<strong>ic. Brenda Jacquez<\/strong>, <em>Directora de Grupo Financiero Actinver en Baja California<\/em>. Las directivas compartieron sus perspectivas sobre las mejores pr\u00e1cticas de alta direcci\u00f3n y brindaron valiosos consejos sobre liderazgo en los negocios y organizaciones.<\/p>\n<p>Realizado en el Centro Vida Estudiantil de Campus Tijuana el panel present\u00f3 dos revistas acad\u00e9micas elaboradas durante el semestre, que inclu\u00edan entrevistas con directivos y empresarios reconocidos de Tijuana. Estas entrevistas destacaron aprendizajes y experiencias profesionales, estrategias para superar retos y c\u00f3mo el estilo de liderazgo contribuye al \u00e9xito de las empresas.<\/p>\n\n            <style type='text\/css'>\n                #gallery-1 {\n                    margin: auto;\n                }\n                #gallery-1 .gallery-item {\n                    float: left;\n                    margin-top: 10px;\n                    text-align: center;\n                    width: 25%;\n                }\n                #gallery-1 img {\n                    border: 2px solid #cfcfcf;\n                }\n                #gallery-1 .gallery-caption {\n                    margin-left: 0;\n                }\n                \/* see gallery_shortcode() in wp-includes\/media.php *\/\n            <\/style>\n\t\t<div id='gallery-1' class='gallery galleryid-189547 gallery-columns-4 gallery-size-medium'><dl class='gallery-item'>\n                <dt class='gallery-icon landscape'>\n                    <a href='https:\/\/www.cetys.mx\/noticias\/alumnos-de-8vo-semestre-de-administracion-de-empresas-cierran-ciclo-con-panel\/panel-administracion-de-empresas-04\/'><img loading=\"lazy\" decoding=\"async\" width=\"958\" height=\"637\" src=\"https:\/\/www.cetys.mx\/noticias\/wp-content\/uploads\/2024\/06\/panel-administracion-de-empresas-04.png\" class=\"attachment-medium size-medium\" alt=\"\" srcset=\"https:\/\/www.cetys.mx\/noticias\/wp-content\/uploads\/2024\/06\/panel-administracion-de-empresas-04.png 958w, https:\/\/www.cetys.mx\/noticias\/wp-content\/uploads\/2024\/06\/panel-administracion-de-empresas-04-768x511.png 768w\" sizes=\"auto, (max-width: 958px) 100vw, 958px\" \/><\/a>\n                <\/dt><\/dl><dl class='gallery-item'>\n                <dt class='gallery-icon landscape'>\n                    <a href='https:\/\/www.cetys.mx\/noticias\/alumnos-de-8vo-semestre-de-administracion-de-empresas-cierran-ciclo-con-panel\/panel-administracion-de-empresas-03\/'><img loading=\"lazy\" decoding=\"async\" width=\"958\" height=\"637\" src=\"https:\/\/www.cetys.mx\/noticias\/wp-content\/uploads\/2024\/06\/panel-administracion-de-empresas-03.png\" class=\"attachment-medium size-medium\" alt=\"\" srcset=\"https:\/\/www.cetys.mx\/noticias\/wp-content\/uploads\/2024\/06\/panel-administracion-de-empresas-03.png 958w, https:\/\/www.cetys.mx\/noticias\/wp-content\/uploads\/2024\/06\/panel-administracion-de-empresas-03-768x511.png 768w\" sizes=\"auto, (max-width: 958px) 100vw, 958px\" \/><\/a>\n                <\/dt><\/dl><dl class='gallery-item'>\n                <dt class='gallery-icon landscape'>\n                    <a href='https:\/\/www.cetys.mx\/noticias\/alumnos-de-8vo-semestre-de-administracion-de-empresas-cierran-ciclo-con-panel\/panel-administracion-de-empresas-02\/'><img loading=\"lazy\" decoding=\"async\" width=\"958\" height=\"637\" src=\"https:\/\/www.cetys.mx\/noticias\/wp-content\/uploads\/2024\/06\/panel-administracion-de-empresas-02.png\" class=\"attachment-medium size-medium\" alt=\"\" srcset=\"https:\/\/www.cetys.mx\/noticias\/wp-content\/uploads\/2024\/06\/panel-administracion-de-empresas-02.png 958w, https:\/\/www.cetys.mx\/noticias\/wp-content\/uploads\/2024\/06\/panel-administracion-de-empresas-02-768x511.png 768w\" sizes=\"auto, (max-width: 958px) 100vw, 958px\" \/><\/a>\n                <\/dt><\/dl><dl class='gallery-item'>\n                <dt class='gallery-icon landscape'>\n                    <a href='https:\/\/www.cetys.mx\/noticias\/alumnos-de-8vo-semestre-de-administracion-de-empresas-cierran-ciclo-con-panel\/panel-administracion-de-empresas-01\/'><img loading=\"lazy\" decoding=\"async\" width=\"958\" height=\"637\" src=\"https:\/\/www.cetys.mx\/noticias\/wp-content\/uploads\/2024\/06\/panel-administracion-de-empresas-01.png\" class=\"attachment-medium size-medium\" alt=\"\" srcset=\"https:\/\/www.cetys.mx\/noticias\/wp-content\/uploads\/2024\/06\/panel-administracion-de-empresas-01.png 958w, https:\/\/www.cetys.mx\/noticias\/wp-content\/uploads\/2024\/06\/panel-administracion-de-empresas-01-768x511.png 768w\" sizes=\"auto, (max-width: 958px) 100vw, 958px\" \/><\/a>\n                <\/dt><\/dl><br style=\"clear: both\" \/>\n            <\/div>\n\n<p>La alumna <strong>Mildred Megargel<\/strong>, quien fungi\u00f3 como maestra de ceremonias, explic\u00f3 que este estilo de liderazgo, que inspira y motiva a los equipos a alcanzar su m\u00e1ximo potencial, es esencial para fomentar la innovaci\u00f3n, la creatividad y el cambio positivo. Adem\u00e1s, subray\u00f3 que gestionar los cambios generacionales es crucial, ya que cada nueva generaci\u00f3n trae consigo valores y expectativas que redefinen las estructuras y procesos empresariales.<\/p>\n<p>Durante el panel, el alumno <strong>Juan Mu\u00f1iz<\/strong>, moderador del evento, enfatiz\u00f3 el reto que enfrentan los futuros l\u00edderes empresariales al liderar equipos generacionalmente diversos. La<strong> Ing. Marina Guerrero<\/strong> destac\u00f3 la importancia de entender los perfiles, necesidades y habilidades de cada generaci\u00f3n para integrarlas de manera arm\u00f3nica y maximizar el potencial de los equipos. Por su parte, la <strong>Lic. Brenda Jacques<\/strong> subray\u00f3 la relevancia de que un l\u00edder inspire a su equipo y act\u00fae como gu\u00eda, brindando confianza y motivaci\u00f3n.<\/p>\n<p>La <strong>Mtra. Mariana Montalvo<\/strong> comparti\u00f3 que un l\u00edder debe ser congruente y consistente en sus acciones y palabras, estableciendo as\u00ed una base s\u00f3lida para una cultura de trabajo confiable y motivadora. Este enfoque, seg\u00fan explic\u00f3, fomenta el compromiso del equipo y mantiene la motivaci\u00f3n alta.<\/p>\n<p>La organizaci\u00f3n del evento cont\u00f3 con la participaci\u00f3n de varios alumnos destacados: <strong>Juan Carlos P\u00e9rez, Joseline Guevara, Juan Mu\u00f1iz, Gabriela Jim\u00e9nez, Fernanda S\u00e1nchez, Fernanda Escalera, Leobardo Tenorio, Carlos Garc\u00eda, Alberto S\u00e1enz, Paulette Vizcarra, Isabela Balderrano, Tulio Gonz\u00e1lez, Luis Akerlundh y Mildred Megargel.\u00a0<\/strong><\/p>\n","protected":false},"excerpt":{"rendered":"<p>Los alumnos de octavo semestre de la Licenciatura en Administraci\u00f3n de Empresas de CETYS Universidad Campus Tijuana organizaron el &#8220;Panel de Liderazgo&#8230;<\/p>\n","protected":false},"author":24,"featured_media":189555,"comment_status":"open","ping_status":"closed","sticky":false,"template":"","format":"standard","meta":{"footnotes":""},"categories":[134,313],"tags":[6520,328,204],"class_list":["post-189547","post","type-post","status-publish","format-standard","has-post-thumbnail","hentry","category-campus-tijuana","category-vocetys-2","tag-administraciondeempresas","tag-campustijuana","tag-cetysuniversidad"],"yoast_head":"<!-- This site is optimized with the Yoast SEO plugin v27.4 - https:\/\/yoast.com\/product\/yoast-seo-wordpress\/ -->\n<title>Alumnos de 8vo semestre de Administraci\u00f3n de Empresas cierran ciclo con panel - CETYS<\/title>\n<meta name=\"description\" content=\"Articulo sobre Alumnos de 8vo semestre de Administraci\u00f3n de Empresas cierran ciclo con panel\" \/>\n<meta name=\"robots\" content=\"index, follow, max-snippet:-1, max-image-preview:large, max-video-preview:-1\" \/>\n<link rel=\"canonical\" href=\"https:\/\/www.cetys.mx\/noticias\/alumnos-de-8vo-semestre-de-administracion-de-empresas-cierran-ciclo-con-panel\/\" \/>\n<meta property=\"og:locale\" content=\"es_MX\" \/>\n<meta property=\"og:type\" content=\"article\" \/>\n<meta property=\"og:title\" content=\"Alumnos de 8vo semestre de Administraci\u00f3n de Empresas cierran ciclo con panel - CETYS\" \/>\n<meta property=\"og:description\" content=\"Articulo sobre Alumnos de 8vo semestre de Administraci\u00f3n de Empresas cierran ciclo con panel\" \/>\n<meta property=\"og:url\" content=\"https:\/\/www.cetys.mx\/noticias\/alumnos-de-8vo-semestre-de-administracion-de-empresas-cierran-ciclo-con-panel\/\" \/>\n<meta property=\"og:site_name\" content=\"CETYS\" \/>\n<meta property=\"article:publisher\" content=\"https:\/\/www.facebook.com\/cetysuniversidadmxl\/\" \/>\n<meta property=\"article:published_time\" content=\"2024-06-21T07:05:21+00:00\" \/>\n<meta property=\"article:modified_time\" content=\"2024-06-21T07:10:27+00:00\" \/>\n<meta property=\"og:image\" content=\"https:\/\/www.cetys.mx\/noticias\/wp-content\/uploads\/2024\/06\/panel-administracion-de-empresas-2024.png\" \/>\n\t<meta property=\"og:image:width\" content=\"958\" \/>\n\t<meta property=\"og:image:height\" content=\"637\" \/>\n\t<meta property=\"og:image:type\" content=\"image\/png\" \/>\n<meta name=\"author\" content=\"Campus Tijuana\" \/>\n<meta name=\"twitter:card\" content=\"summary_large_image\" \/>\n<meta name=\"twitter:creator\" content=\"@cetysuni\" \/>\n<meta name=\"twitter:site\" content=\"@cetysuni\" \/>\n<meta name=\"twitter:label1\" content=\"Escrito por\" \/>\n\t<meta name=\"twitter:data1\" content=\"Campus Tijuana\" \/>\n\t<meta name=\"twitter:label2\" content=\"Tiempo de lectura\" \/>\n\t<meta name=\"twitter:data2\" content=\"2 minutos\" \/>\n<script type=\"application\/ld+json\" class=\"yoast-schema-graph\">{\"@context\":\"https:\\\/\\\/schema.org\",\"@graph\":[{\"@type\":\"Article\",\"@id\":\"https:\\\/\\\/www.cetys.mx\\\/noticias\\\/alumnos-de-8vo-semestre-de-administracion-de-empresas-cierran-ciclo-con-panel\\\/#article\",\"isPartOf\":{\"@id\":\"https:\\\/\\\/www.cetys.mx\\\/noticias\\\/alumnos-de-8vo-semestre-de-administracion-de-empresas-cierran-ciclo-con-panel\\\/\"},\"author\":{\"name\":\"Campus Tijuana\",\"@id\":\"https:\\\/\\\/www.cetys.mx\\\/noticias\\\/#\\\/schema\\\/person\\\/e790051ce60e18ae47cfa87011c8653f\"},\"headline\":\"Alumnos de 8vo semestre de Administraci\u00f3n de Empresas cierran ciclo con panel\",\"datePublished\":\"2024-06-21T07:05:21+00:00\",\"dateModified\":\"2024-06-21T07:10:27+00:00\",\"mainEntityOfPage\":{\"@id\":\"https:\\\/\\\/www.cetys.mx\\\/noticias\\\/alumnos-de-8vo-semestre-de-administracion-de-empresas-cierran-ciclo-con-panel\\\/\"},\"wordCount\":454,\"commentCount\":0,\"image\":{\"@id\":\"https:\\\/\\\/www.cetys.mx\\\/noticias\\\/alumnos-de-8vo-semestre-de-administracion-de-empresas-cierran-ciclo-con-panel\\\/#primaryimage\"},\"thumbnailUrl\":\"https:\\\/\\\/www.cetys.mx\\\/noticias\\\/wp-content\\\/uploads\\\/2024\\\/06\\\/panel-administracion-de-empresas-2024.png\",\"keywords\":[\"AdministraciondeEmpresas\",\"campustijuana\",\"cetysuniversidad\"],\"articleSection\":[\"Campus Tijuana\",\"VoCETYS\"],\"inLanguage\":\"es\",\"potentialAction\":[{\"@type\":\"CommentAction\",\"name\":\"Comment\",\"target\":[\"https:\\\/\\\/www.cetys.mx\\\/noticias\\\/alumnos-de-8vo-semestre-de-administracion-de-empresas-cierran-ciclo-con-panel\\\/#respond\"]}]},{\"@type\":\"WebPage\",\"@id\":\"https:\\\/\\\/www.cetys.mx\\\/noticias\\\/alumnos-de-8vo-semestre-de-administracion-de-empresas-cierran-ciclo-con-panel\\\/\",\"url\":\"https:\\\/\\\/www.cetys.mx\\\/noticias\\\/alumnos-de-8vo-semestre-de-administracion-de-empresas-cierran-ciclo-con-panel\\\/\",\"name\":\"Alumnos de 8vo semestre de Administraci\u00f3n de Empresas cierran ciclo con panel - CETYS\",\"isPartOf\":{\"@id\":\"https:\\\/\\\/www.cetys.mx\\\/noticias\\\/#website\"},\"primaryImageOfPage\":{\"@id\":\"https:\\\/\\\/www.cetys.mx\\\/noticias\\\/alumnos-de-8vo-semestre-de-administracion-de-empresas-cierran-ciclo-con-panel\\\/#primaryimage\"},\"image\":{\"@id\":\"https:\\\/\\\/www.cetys.mx\\\/noticias\\\/alumnos-de-8vo-semestre-de-administracion-de-empresas-cierran-ciclo-con-panel\\\/#primaryimage\"},\"thumbnailUrl\":\"https:\\\/\\\/www.cetys.mx\\\/noticias\\\/wp-content\\\/uploads\\\/2024\\\/06\\\/panel-administracion-de-empresas-2024.png\",\"datePublished\":\"2024-06-21T07:05:21+00:00\",\"dateModified\":\"2024-06-21T07:10:27+00:00\",\"author\":{\"@id\":\"https:\\\/\\\/www.cetys.mx\\\/noticias\\\/#\\\/schema\\\/person\\\/e790051ce60e18ae47cfa87011c8653f\"},\"description\":\"Articulo sobre Alumnos de 8vo semestre de Administraci\u00f3n de Empresas cierran ciclo con panel\",\"breadcrumb\":{\"@id\":\"https:\\\/\\\/www.cetys.mx\\\/noticias\\\/alumnos-de-8vo-semestre-de-administracion-de-empresas-cierran-ciclo-con-panel\\\/#breadcrumb\"},\"inLanguage\":\"es\",\"potentialAction\":[{\"@type\":\"ReadAction\",\"target\":[\"https:\\\/\\\/www.cetys.mx\\\/noticias\\\/alumnos-de-8vo-semestre-de-administracion-de-empresas-cierran-ciclo-con-panel\\\/\"]}]},{\"@type\":\"ImageObject\",\"inLanguage\":\"es\",\"@id\":\"https:\\\/\\\/www.cetys.mx\\\/noticias\\\/alumnos-de-8vo-semestre-de-administracion-de-empresas-cierran-ciclo-con-panel\\\/#primaryimage\",\"url\":\"https:\\\/\\\/www.cetys.mx\\\/noticias\\\/wp-content\\\/uploads\\\/2024\\\/06\\\/panel-administracion-de-empresas-2024.png\",\"contentUrl\":\"https:\\\/\\\/www.cetys.mx\\\/noticias\\\/wp-content\\\/uploads\\\/2024\\\/06\\\/panel-administracion-de-empresas-2024.png\",\"width\":958,\"height\":637},{\"@type\":\"BreadcrumbList\",\"@id\":\"https:\\\/\\\/www.cetys.mx\\\/noticias\\\/alumnos-de-8vo-semestre-de-administracion-de-empresas-cierran-ciclo-con-panel\\\/#breadcrumb\",\"itemListElement\":[{\"@type\":\"ListItem\",\"position\":1,\"name\":\"Inicio\",\"item\":\"https:\\\/\\\/www.cetys.mx\\\/noticias\\\/\"},{\"@type\":\"ListItem\",\"position\":2,\"name\":\"Alumnos de 8vo semestre de Administraci\u00f3n de Empresas cierran ciclo con panel\"}]},{\"@type\":\"WebSite\",\"@id\":\"https:\\\/\\\/www.cetys.mx\\\/noticias\\\/#website\",\"url\":\"https:\\\/\\\/www.cetys.mx\\\/noticias\\\/\",\"name\":\"CETYS\",\"description\":\"\",\"potentialAction\":[{\"@type\":\"SearchAction\",\"target\":{\"@type\":\"EntryPoint\",\"urlTemplate\":\"https:\\\/\\\/www.cetys.mx\\\/noticias\\\/?s={search_term_string}\"},\"query-input\":{\"@type\":\"PropertyValueSpecification\",\"valueRequired\":true,\"valueName\":\"search_term_string\"}}],\"inLanguage\":\"es\"},{\"@type\":\"Person\",\"@id\":\"https:\\\/\\\/www.cetys.mx\\\/noticias\\\/#\\\/schema\\\/person\\\/e790051ce60e18ae47cfa87011c8653f\",\"name\":\"Campus Tijuana\",\"url\":\"https:\\\/\\\/www.cetys.mx\\\/noticias\\\/author\\\/campustijuana\\\/\"}]}<\/script>\n<!-- \/ Yoast SEO plugin. -->","yoast_head_json":{"title":"Alumnos de 8vo semestre de Administraci\u00f3n de Empresas cierran ciclo con panel - CETYS","description":"Articulo sobre Alumnos de 8vo semestre de Administraci\u00f3n de Empresas cierran ciclo con panel","robots":{"index":"index","follow":"follow","max-snippet":"max-snippet:-1","max-image-preview":"max-image-preview:large","max-video-preview":"max-video-preview:-1"},"canonical":"https:\/\/www.cetys.mx\/noticias\/alumnos-de-8vo-semestre-de-administracion-de-empresas-cierran-ciclo-con-panel\/","og_locale":"es_MX","og_type":"article","og_title":"Alumnos de 8vo semestre de Administraci\u00f3n de Empresas cierran ciclo con panel - CETYS","og_description":"Articulo sobre Alumnos de 8vo semestre de Administraci\u00f3n de Empresas cierran ciclo con panel","og_url":"https:\/\/www.cetys.mx\/noticias\/alumnos-de-8vo-semestre-de-administracion-de-empresas-cierran-ciclo-con-panel\/","og_site_name":"CETYS","article_publisher":"https:\/\/www.facebook.com\/cetysuniversidadmxl\/","article_published_time":"2024-06-21T07:05:21+00:00","article_modified_time":"2024-06-21T07:10:27+00:00","og_image":[{"width":958,"height":637,"url":"https:\/\/www.cetys.mx\/noticias\/wp-content\/uploads\/2024\/06\/panel-administracion-de-empresas-2024.png","type":"image\/png"}],"author":"Campus Tijuana","twitter_card":"summary_large_image","twitter_creator":"@cetysuni","twitter_site":"@cetysuni","twitter_misc":{"Escrito por":"Campus Tijuana","Tiempo de lectura":"2 minutos"},"schema":{"@context":"https:\/\/schema.org","@graph":[{"@type":"Article","@id":"https:\/\/www.cetys.mx\/noticias\/alumnos-de-8vo-semestre-de-administracion-de-empresas-cierran-ciclo-con-panel\/#article","isPartOf":{"@id":"https:\/\/www.cetys.mx\/noticias\/alumnos-de-8vo-semestre-de-administracion-de-empresas-cierran-ciclo-con-panel\/"},"author":{"name":"Campus Tijuana","@id":"https:\/\/www.cetys.mx\/noticias\/#\/schema\/person\/e790051ce60e18ae47cfa87011c8653f"},"headline":"Alumnos de 8vo semestre de Administraci\u00f3n de Empresas cierran ciclo con panel","datePublished":"2024-06-21T07:05:21+00:00","dateModified":"2024-06-21T07:10:27+00:00","mainEntityOfPage":{"@id":"https:\/\/www.cetys.mx\/noticias\/alumnos-de-8vo-semestre-de-administracion-de-empresas-cierran-ciclo-con-panel\/"},"wordCount":454,"commentCount":0,"image":{"@id":"https:\/\/www.cetys.mx\/noticias\/alumnos-de-8vo-semestre-de-administracion-de-empresas-cierran-ciclo-con-panel\/#primaryimage"},"thumbnailUrl":"https:\/\/www.cetys.mx\/noticias\/wp-content\/uploads\/2024\/06\/panel-administracion-de-empresas-2024.png","keywords":["AdministraciondeEmpresas","campustijuana","cetysuniversidad"],"articleSection":["Campus Tijuana","VoCETYS"],"inLanguage":"es","potentialAction":[{"@type":"CommentAction","name":"Comment","target":["https:\/\/www.cetys.mx\/noticias\/alumnos-de-8vo-semestre-de-administracion-de-empresas-cierran-ciclo-con-panel\/#respond"]}]},{"@type":"WebPage","@id":"https:\/\/www.cetys.mx\/noticias\/alumnos-de-8vo-semestre-de-administracion-de-empresas-cierran-ciclo-con-panel\/","url":"https:\/\/www.cetys.mx\/noticias\/alumnos-de-8vo-semestre-de-administracion-de-empresas-cierran-ciclo-con-panel\/","name":"Alumnos de 8vo semestre de Administraci\u00f3n de Empresas cierran ciclo con panel - CETYS","isPartOf":{"@id":"https:\/\/www.cetys.mx\/noticias\/#website"},"primaryImageOfPage":{"@id":"https:\/\/www.cetys.mx\/noticias\/alumnos-de-8vo-semestre-de-administracion-de-empresas-cierran-ciclo-con-panel\/#primaryimage"},"image":{"@id":"https:\/\/www.cetys.mx\/noticias\/alumnos-de-8vo-semestre-de-administracion-de-empresas-cierran-ciclo-con-panel\/#primaryimage"},"thumbnailUrl":"https:\/\/www.cetys.mx\/noticias\/wp-content\/uploads\/2024\/06\/panel-administracion-de-empresas-2024.png","datePublished":"2024-06-21T07:05:21+00:00","dateModified":"2024-06-21T07:10:27+00:00","author":{"@id":"https:\/\/www.cetys.mx\/noticias\/#\/schema\/person\/e790051ce60e18ae47cfa87011c8653f"},"description":"Articulo sobre Alumnos de 8vo semestre de Administraci\u00f3n de Empresas cierran ciclo con panel","breadcrumb":{"@id":"https:\/\/www.cetys.mx\/noticias\/alumnos-de-8vo-semestre-de-administracion-de-empresas-cierran-ciclo-con-panel\/#breadcrumb"},"inLanguage":"es","potentialAction":[{"@type":"ReadAction","target":["https:\/\/www.cetys.mx\/noticias\/alumnos-de-8vo-semestre-de-administracion-de-empresas-cierran-ciclo-con-panel\/"]}]},{"@type":"ImageObject","inLanguage":"es","@id":"https:\/\/www.cetys.mx\/noticias\/alumnos-de-8vo-semestre-de-administracion-de-empresas-cierran-ciclo-con-panel\/#primaryimage","url":"https:\/\/www.cetys.mx\/noticias\/wp-content\/uploads\/2024\/06\/panel-administracion-de-empresas-2024.png","contentUrl":"https:\/\/www.cetys.mx\/noticias\/wp-content\/uploads\/2024\/06\/panel-administracion-de-empresas-2024.png","width":958,"height":637},{"@type":"BreadcrumbList","@id":"https:\/\/www.cetys.mx\/noticias\/alumnos-de-8vo-semestre-de-administracion-de-empresas-cierran-ciclo-con-panel\/#breadcrumb","itemListElement":[{"@type":"ListItem","position":1,"name":"Inicio","item":"https:\/\/www.cetys.mx\/noticias\/"},{"@type":"ListItem","position":2,"name":"Alumnos de 8vo semestre de Administraci\u00f3n de Empresas cierran ciclo con panel"}]},{"@type":"WebSite","@id":"https:\/\/www.cetys.mx\/noticias\/#website","url":"https:\/\/www.cetys.mx\/noticias\/","name":"CETYS","description":"","potentialAction":[{"@type":"SearchAction","target":{"@type":"EntryPoint","urlTemplate":"https:\/\/www.cetys.mx\/noticias\/?s={search_term_string}"},"query-input":{"@type":"PropertyValueSpecification","valueRequired":true,"valueName":"search_term_string"}}],"inLanguage":"es"},{"@type":"Person","@id":"https:\/\/www.cetys.mx\/noticias\/#\/schema\/person\/e790051ce60e18ae47cfa87011c8653f","name":"Campus Tijuana","url":"https:\/\/www.cetys.mx\/noticias\/author\/campustijuana\/"}]}},"_links":{"self":[{"href":"https:\/\/www.cetys.mx\/noticias\/wp-json\/wp\/v2\/posts\/189547","targetHints":{"allow":["GET"]}}],"collection":[{"href":"https:\/\/www.cetys.mx\/noticias\/wp-json\/wp\/v2\/posts"}],"about":[{"href":"https:\/\/www.cetys.mx\/noticias\/wp-json\/wp\/v2\/types\/post"}],"author":[{"embeddable":true,"href":"https:\/\/www.cetys.mx\/noticias\/wp-json\/wp\/v2\/users\/24"}],"replies":[{"embeddable":true,"href":"https:\/\/www.cetys.mx\/noticias\/wp-json\/wp\/v2\/comments?post=189547"}],"version-history":[{"count":2,"href":"https:\/\/www.cetys.mx\/noticias\/wp-json\/wp\/v2\/posts\/189547\/revisions"}],"predecessor-version":[{"id":189560,"href":"https:\/\/www.cetys.mx\/noticias\/wp-json\/wp\/v2\/posts\/189547\/revisions\/189560"}],"wp:featuredmedia":[{"embeddable":true,"href":"https:\/\/www.cetys.mx\/noticias\/wp-json\/wp\/v2\/media\/189555"}],"wp:attachment":[{"href":"https:\/\/www.cetys.mx\/noticias\/wp-json\/wp\/v2\/media?parent=189547"}],"wp:term":[{"taxonomy":"category","embeddable":true,"href":"https:\/\/www.cetys.mx\/noticias\/wp-json\/wp\/v2\/categories?post=189547"},{"taxonomy":"post_tag","embeddable":true,"href":"https:\/\/www.cetys.mx\/noticias\/wp-json\/wp\/v2\/tags?post=189547"}],"curies":[{"name":"wp","href":"https:\/\/api.w.org\/{rel}","templated":true}]}}