{"id":187518,"date":"2024-06-13T16:46:02","date_gmt":"2024-06-13T23:46:02","guid":{"rendered":"https:\/\/www.cetys.mx\/noticias\/?p=187518"},"modified":"2024-06-13T16:46:02","modified_gmt":"2024-06-13T23:46:02","slug":"alumno-mexicano-reconocido-por-su-desempeno-academico-es-invitado-por-embajador-a-residencia-oficial-en-madrid","status":"publish","type":"post","link":"https:\/\/www.cetys.mx\/noticias\/alumno-mexicano-reconocido-por-su-desempeno-academico-es-invitado-por-embajador-a-residencia-oficial-en-madrid\/","title":{"rendered":"Alumno mexicano reconocido por su desempe\u00f1o acad\u00e9mico es invitado por embajador a residencia oficial en Madrid"},"content":{"rendered":"<p>Alonso Monroy M\u00e1rquez, un estudiante de la <a href=\"https:\/\/www.cetys.mx\/programas\/licenciatura-en-administracion-de-empresas\/\">Licenciatura en Administraci\u00f3n de Empresas<\/a> en CETYS Universidad Campus Mexicali, destacado por su desempe\u00f1o durante su intercambio en Europa, recibi\u00f3 una invitaci\u00f3n especial del Embajador Quirino Ordaz Coppel para visitar la residencia oficial en Madrid.<\/p>\n<p>Alonso expres\u00f3 que, aunque al principio se sinti\u00f3 nervioso al recibir la invitaci\u00f3n, el embajador result\u00f3 ser una persona genuina y agradable, lo que hizo que la experiencia se sintiera como estar en M\u00e9xico. \u00c9l atribuye su reconocimiento a su esfuerzo, dedicaci\u00f3n y al apoyo de sus compa\u00f1eros en Espa\u00f1a.<\/p>\n<p><img loading=\"lazy\" decoding=\"async\" class=\" wp-image-187519 aligncenter\" src=\"https:\/\/www.cetys.mx\/noticias\/wp-content\/uploads\/2024\/06\/alonsolaeenespania3.jpg\" alt=\"\" width=\"423\" height=\"679\" \/><\/p>\n<p>Durante la visita, Alonso destac\u00f3 la unidad y la cordialidad entre los mexicanos en el extranjero, y mencion\u00f3 que la experiencia le permiti\u00f3 aprender sobre el potencial de M\u00e9xico y las oportunidades de colaboraci\u00f3n con otros pa\u00edses, como Espa\u00f1a.<\/p>\n<p>Alonso cree que este reconocimiento y la invitaci\u00f3n tendr\u00e1n un impacto positivo en su futuro acad\u00e9mico y profesional, ya que le permiti\u00f3 establecer contactos valiosos para futuras colaboraciones.<\/p>\n","protected":false},"excerpt":{"rendered":"<p>Alonso Monroy M\u00e1rquez, un estudiante de la Licenciatura en Administraci\u00f3n de Empresas en CETYS Universidad Campus Mexicali, destacado por su desempe\u00f1o durante&#8230;<\/p>\n","protected":false},"author":20,"featured_media":187521,"comment_status":"open","ping_status":"closed","sticky":false,"template":"","format":"standard","meta":{"footnotes":""},"categories":[133,306,313],"tags":[5334,2590,2125],"class_list":["post-187518","post","type-post","status-publish","format-standard","has-post-thumbnail","hentry","category-campus-mexicali","category-profesional","category-vocetys-2","tag-administracion-de-empresas","tag-cetys-around-the-world","tag-cetys-internacional"],"yoast_head":"<!-- This site is optimized with the Yoast SEO plugin v27.4 - https:\/\/yoast.com\/product\/yoast-seo-wordpress\/ -->\n<title>Alumno mexicano reconocido por su desempe\u00f1o acad\u00e9mico es invitado por embajador a residencia oficial en Madrid - CETYS<\/title>\n<meta name=\"description\" content=\"Articulo sobre Alumno mexicano reconocido por su desempe\u00f1o acad\u00e9mico es invitado por embajador a residencia oficial en Madrid\" \/>\n<meta name=\"robots\" content=\"index, follow, max-snippet:-1, max-image-preview:large, max-video-preview:-1\" \/>\n<link rel=\"canonical\" href=\"https:\/\/www.cetys.mx\/noticias\/alumno-mexicano-reconocido-por-su-desempeno-academico-es-invitado-por-embajador-a-residencia-oficial-en-madrid\/\" \/>\n<meta property=\"og:locale\" content=\"es_MX\" \/>\n<meta property=\"og:type\" content=\"article\" \/>\n<meta property=\"og:title\" content=\"Alumno mexicano reconocido por su desempe\u00f1o acad\u00e9mico es invitado por embajador a residencia oficial en Madrid - CETYS\" \/>\n<meta property=\"og:description\" content=\"Articulo sobre Alumno mexicano reconocido por su desempe\u00f1o acad\u00e9mico es invitado por embajador a residencia oficial en Madrid\" \/>\n<meta property=\"og:url\" content=\"https:\/\/www.cetys.mx\/noticias\/alumno-mexicano-reconocido-por-su-desempeno-academico-es-invitado-por-embajador-a-residencia-oficial-en-madrid\/\" \/>\n<meta property=\"og:site_name\" content=\"CETYS\" \/>\n<meta property=\"article:publisher\" content=\"https:\/\/www.facebook.com\/cetysuniversidadmxl\/\" \/>\n<meta property=\"article:published_time\" content=\"2024-06-13T23:46:02+00:00\" \/>\n<meta property=\"og:image\" content=\"https:\/\/www.cetys.mx\/noticias\/wp-content\/uploads\/2024\/06\/alonsolaeenespania1.jpg\" \/>\n\t<meta property=\"og:image:width\" content=\"958\" \/>\n\t<meta property=\"og:image:height\" content=\"637\" \/>\n\t<meta property=\"og:image:type\" content=\"image\/jpeg\" \/>\n<meta name=\"author\" content=\"Campus Mexicali\" \/>\n<meta name=\"twitter:card\" content=\"summary_large_image\" \/>\n<meta name=\"twitter:creator\" content=\"@cetysuni\" \/>\n<meta name=\"twitter:site\" content=\"@cetysuni\" \/>\n<meta name=\"twitter:label1\" content=\"Escrito por\" \/>\n\t<meta name=\"twitter:data1\" content=\"Campus Mexicali\" \/>\n\t<meta name=\"twitter:label2\" content=\"Tiempo de lectura\" \/>\n\t<meta name=\"twitter:data2\" content=\"1 minuto\" \/>\n<script type=\"application\/ld+json\" class=\"yoast-schema-graph\">{\"@context\":\"https:\\\/\\\/schema.org\",\"@graph\":[{\"@type\":\"Article\",\"@id\":\"https:\\\/\\\/www.cetys.mx\\\/noticias\\\/alumno-mexicano-reconocido-por-su-desempeno-academico-es-invitado-por-embajador-a-residencia-oficial-en-madrid\\\/#article\",\"isPartOf\":{\"@id\":\"https:\\\/\\\/www.cetys.mx\\\/noticias\\\/alumno-mexicano-reconocido-por-su-desempeno-academico-es-invitado-por-embajador-a-residencia-oficial-en-madrid\\\/\"},\"author\":{\"name\":\"Campus Mexicali\",\"@id\":\"https:\\\/\\\/www.cetys.mx\\\/noticias\\\/#\\\/schema\\\/person\\\/79a95c4ac185f3705cf1b9c9340a5f70\"},\"headline\":\"Alumno mexicano reconocido por su desempe\u00f1o acad\u00e9mico es invitado por embajador a residencia oficial en Madrid\",\"datePublished\":\"2024-06-13T23:46:02+00:00\",\"mainEntityOfPage\":{\"@id\":\"https:\\\/\\\/www.cetys.mx\\\/noticias\\\/alumno-mexicano-reconocido-por-su-desempeno-academico-es-invitado-por-embajador-a-residencia-oficial-en-madrid\\\/\"},\"wordCount\":193,\"commentCount\":0,\"image\":{\"@id\":\"https:\\\/\\\/www.cetys.mx\\\/noticias\\\/alumno-mexicano-reconocido-por-su-desempeno-academico-es-invitado-por-embajador-a-residencia-oficial-en-madrid\\\/#primaryimage\"},\"thumbnailUrl\":\"https:\\\/\\\/www.cetys.mx\\\/noticias\\\/wp-content\\\/uploads\\\/2024\\\/06\\\/alonsolaeenespania1.jpg\",\"keywords\":[\"Administraci\u00f3n de Empresas\",\"CETYS around the world\",\"CETYS Internacional\"],\"articleSection\":[\"Campus Mexicali\",\"Profesional\",\"VoCETYS\"],\"inLanguage\":\"es\",\"potentialAction\":[{\"@type\":\"CommentAction\",\"name\":\"Comment\",\"target\":[\"https:\\\/\\\/www.cetys.mx\\\/noticias\\\/alumno-mexicano-reconocido-por-su-desempeno-academico-es-invitado-por-embajador-a-residencia-oficial-en-madrid\\\/#respond\"]}]},{\"@type\":\"WebPage\",\"@id\":\"https:\\\/\\\/www.cetys.mx\\\/noticias\\\/alumno-mexicano-reconocido-por-su-desempeno-academico-es-invitado-por-embajador-a-residencia-oficial-en-madrid\\\/\",\"url\":\"https:\\\/\\\/www.cetys.mx\\\/noticias\\\/alumno-mexicano-reconocido-por-su-desempeno-academico-es-invitado-por-embajador-a-residencia-oficial-en-madrid\\\/\",\"name\":\"Alumno mexicano reconocido por su desempe\u00f1o acad\u00e9mico es invitado por embajador a residencia oficial en Madrid - CETYS\",\"isPartOf\":{\"@id\":\"https:\\\/\\\/www.cetys.mx\\\/noticias\\\/#website\"},\"primaryImageOfPage\":{\"@id\":\"https:\\\/\\\/www.cetys.mx\\\/noticias\\\/alumno-mexicano-reconocido-por-su-desempeno-academico-es-invitado-por-embajador-a-residencia-oficial-en-madrid\\\/#primaryimage\"},\"image\":{\"@id\":\"https:\\\/\\\/www.cetys.mx\\\/noticias\\\/alumno-mexicano-reconocido-por-su-desempeno-academico-es-invitado-por-embajador-a-residencia-oficial-en-madrid\\\/#primaryimage\"},\"thumbnailUrl\":\"https:\\\/\\\/www.cetys.mx\\\/noticias\\\/wp-content\\\/uploads\\\/2024\\\/06\\\/alonsolaeenespania1.jpg\",\"datePublished\":\"2024-06-13T23:46:02+00:00\",\"author\":{\"@id\":\"https:\\\/\\\/www.cetys.mx\\\/noticias\\\/#\\\/schema\\\/person\\\/79a95c4ac185f3705cf1b9c9340a5f70\"},\"description\":\"Articulo sobre Alumno mexicano reconocido por su desempe\u00f1o acad\u00e9mico es invitado por embajador a residencia oficial en Madrid\",\"breadcrumb\":{\"@id\":\"https:\\\/\\\/www.cetys.mx\\\/noticias\\\/alumno-mexicano-reconocido-por-su-desempeno-academico-es-invitado-por-embajador-a-residencia-oficial-en-madrid\\\/#breadcrumb\"},\"inLanguage\":\"es\",\"potentialAction\":[{\"@type\":\"ReadAction\",\"target\":[\"https:\\\/\\\/www.cetys.mx\\\/noticias\\\/alumno-mexicano-reconocido-por-su-desempeno-academico-es-invitado-por-embajador-a-residencia-oficial-en-madrid\\\/\"]}]},{\"@type\":\"ImageObject\",\"inLanguage\":\"es\",\"@id\":\"https:\\\/\\\/www.cetys.mx\\\/noticias\\\/alumno-mexicano-reconocido-por-su-desempeno-academico-es-invitado-por-embajador-a-residencia-oficial-en-madrid\\\/#primaryimage\",\"url\":\"https:\\\/\\\/www.cetys.mx\\\/noticias\\\/wp-content\\\/uploads\\\/2024\\\/06\\\/alonsolaeenespania1.jpg\",\"contentUrl\":\"https:\\\/\\\/www.cetys.mx\\\/noticias\\\/wp-content\\\/uploads\\\/2024\\\/06\\\/alonsolaeenespania1.jpg\",\"width\":958,\"height\":637},{\"@type\":\"BreadcrumbList\",\"@id\":\"https:\\\/\\\/www.cetys.mx\\\/noticias\\\/alumno-mexicano-reconocido-por-su-desempeno-academico-es-invitado-por-embajador-a-residencia-oficial-en-madrid\\\/#breadcrumb\",\"itemListElement\":[{\"@type\":\"ListItem\",\"position\":1,\"name\":\"Inicio\",\"item\":\"https:\\\/\\\/www.cetys.mx\\\/noticias\\\/\"},{\"@type\":\"ListItem\",\"position\":2,\"name\":\"Alumno mexicano reconocido por su desempe\u00f1o acad\u00e9mico es invitado por embajador a residencia oficial en Madrid\"}]},{\"@type\":\"WebSite\",\"@id\":\"https:\\\/\\\/www.cetys.mx\\\/noticias\\\/#website\",\"url\":\"https:\\\/\\\/www.cetys.mx\\\/noticias\\\/\",\"name\":\"CETYS\",\"description\":\"\",\"potentialAction\":[{\"@type\":\"SearchAction\",\"target\":{\"@type\":\"EntryPoint\",\"urlTemplate\":\"https:\\\/\\\/www.cetys.mx\\\/noticias\\\/?s={search_term_string}\"},\"query-input\":{\"@type\":\"PropertyValueSpecification\",\"valueRequired\":true,\"valueName\":\"search_term_string\"}}],\"inLanguage\":\"es\"},{\"@type\":\"Person\",\"@id\":\"https:\\\/\\\/www.cetys.mx\\\/noticias\\\/#\\\/schema\\\/person\\\/79a95c4ac185f3705cf1b9c9340a5f70\",\"name\":\"Campus Mexicali\",\"url\":\"https:\\\/\\\/www.cetys.mx\\\/noticias\\\/author\\\/campusmexicali\\\/\"}]}<\/script>\n<!-- \/ Yoast SEO plugin. -->","yoast_head_json":{"title":"Alumno mexicano reconocido por su desempe\u00f1o acad\u00e9mico es invitado por embajador a residencia oficial en Madrid - CETYS","description":"Articulo sobre Alumno mexicano reconocido por su desempe\u00f1o acad\u00e9mico es invitado por embajador a residencia oficial en Madrid","robots":{"index":"index","follow":"follow","max-snippet":"max-snippet:-1","max-image-preview":"max-image-preview:large","max-video-preview":"max-video-preview:-1"},"canonical":"https:\/\/www.cetys.mx\/noticias\/alumno-mexicano-reconocido-por-su-desempeno-academico-es-invitado-por-embajador-a-residencia-oficial-en-madrid\/","og_locale":"es_MX","og_type":"article","og_title":"Alumno mexicano reconocido por su desempe\u00f1o acad\u00e9mico es invitado por embajador a residencia oficial en Madrid - CETYS","og_description":"Articulo sobre Alumno mexicano reconocido por su desempe\u00f1o acad\u00e9mico es invitado por embajador a residencia oficial en Madrid","og_url":"https:\/\/www.cetys.mx\/noticias\/alumno-mexicano-reconocido-por-su-desempeno-academico-es-invitado-por-embajador-a-residencia-oficial-en-madrid\/","og_site_name":"CETYS","article_publisher":"https:\/\/www.facebook.com\/cetysuniversidadmxl\/","article_published_time":"2024-06-13T23:46:02+00:00","og_image":[{"width":958,"height":637,"url":"https:\/\/www.cetys.mx\/noticias\/wp-content\/uploads\/2024\/06\/alonsolaeenespania1.jpg","type":"image\/jpeg"}],"author":"Campus Mexicali","twitter_card":"summary_large_image","twitter_creator":"@cetysuni","twitter_site":"@cetysuni","twitter_misc":{"Escrito por":"Campus Mexicali","Tiempo de lectura":"1 minuto"},"schema":{"@context":"https:\/\/schema.org","@graph":[{"@type":"Article","@id":"https:\/\/www.cetys.mx\/noticias\/alumno-mexicano-reconocido-por-su-desempeno-academico-es-invitado-por-embajador-a-residencia-oficial-en-madrid\/#article","isPartOf":{"@id":"https:\/\/www.cetys.mx\/noticias\/alumno-mexicano-reconocido-por-su-desempeno-academico-es-invitado-por-embajador-a-residencia-oficial-en-madrid\/"},"author":{"name":"Campus Mexicali","@id":"https:\/\/www.cetys.mx\/noticias\/#\/schema\/person\/79a95c4ac185f3705cf1b9c9340a5f70"},"headline":"Alumno mexicano reconocido por su desempe\u00f1o acad\u00e9mico es invitado por embajador a residencia oficial en Madrid","datePublished":"2024-06-13T23:46:02+00:00","mainEntityOfPage":{"@id":"https:\/\/www.cetys.mx\/noticias\/alumno-mexicano-reconocido-por-su-desempeno-academico-es-invitado-por-embajador-a-residencia-oficial-en-madrid\/"},"wordCount":193,"commentCount":0,"image":{"@id":"https:\/\/www.cetys.mx\/noticias\/alumno-mexicano-reconocido-por-su-desempeno-academico-es-invitado-por-embajador-a-residencia-oficial-en-madrid\/#primaryimage"},"thumbnailUrl":"https:\/\/www.cetys.mx\/noticias\/wp-content\/uploads\/2024\/06\/alonsolaeenespania1.jpg","keywords":["Administraci\u00f3n de Empresas","CETYS around the world","CETYS Internacional"],"articleSection":["Campus Mexicali","Profesional","VoCETYS"],"inLanguage":"es","potentialAction":[{"@type":"CommentAction","name":"Comment","target":["https:\/\/www.cetys.mx\/noticias\/alumno-mexicano-reconocido-por-su-desempeno-academico-es-invitado-por-embajador-a-residencia-oficial-en-madrid\/#respond"]}]},{"@type":"WebPage","@id":"https:\/\/www.cetys.mx\/noticias\/alumno-mexicano-reconocido-por-su-desempeno-academico-es-invitado-por-embajador-a-residencia-oficial-en-madrid\/","url":"https:\/\/www.cetys.mx\/noticias\/alumno-mexicano-reconocido-por-su-desempeno-academico-es-invitado-por-embajador-a-residencia-oficial-en-madrid\/","name":"Alumno mexicano reconocido por su desempe\u00f1o acad\u00e9mico es invitado por embajador a residencia oficial en Madrid - CETYS","isPartOf":{"@id":"https:\/\/www.cetys.mx\/noticias\/#website"},"primaryImageOfPage":{"@id":"https:\/\/www.cetys.mx\/noticias\/alumno-mexicano-reconocido-por-su-desempeno-academico-es-invitado-por-embajador-a-residencia-oficial-en-madrid\/#primaryimage"},"image":{"@id":"https:\/\/www.cetys.mx\/noticias\/alumno-mexicano-reconocido-por-su-desempeno-academico-es-invitado-por-embajador-a-residencia-oficial-en-madrid\/#primaryimage"},"thumbnailUrl":"https:\/\/www.cetys.mx\/noticias\/wp-content\/uploads\/2024\/06\/alonsolaeenespania1.jpg","datePublished":"2024-06-13T23:46:02+00:00","author":{"@id":"https:\/\/www.cetys.mx\/noticias\/#\/schema\/person\/79a95c4ac185f3705cf1b9c9340a5f70"},"description":"Articulo sobre Alumno mexicano reconocido por su desempe\u00f1o acad\u00e9mico es invitado por embajador a residencia oficial en Madrid","breadcrumb":{"@id":"https:\/\/www.cetys.mx\/noticias\/alumno-mexicano-reconocido-por-su-desempeno-academico-es-invitado-por-embajador-a-residencia-oficial-en-madrid\/#breadcrumb"},"inLanguage":"es","potentialAction":[{"@type":"ReadAction","target":["https:\/\/www.cetys.mx\/noticias\/alumno-mexicano-reconocido-por-su-desempeno-academico-es-invitado-por-embajador-a-residencia-oficial-en-madrid\/"]}]},{"@type":"ImageObject","inLanguage":"es","@id":"https:\/\/www.cetys.mx\/noticias\/alumno-mexicano-reconocido-por-su-desempeno-academico-es-invitado-por-embajador-a-residencia-oficial-en-madrid\/#primaryimage","url":"https:\/\/www.cetys.mx\/noticias\/wp-content\/uploads\/2024\/06\/alonsolaeenespania1.jpg","contentUrl":"https:\/\/www.cetys.mx\/noticias\/wp-content\/uploads\/2024\/06\/alonsolaeenespania1.jpg","width":958,"height":637},{"@type":"BreadcrumbList","@id":"https:\/\/www.cetys.mx\/noticias\/alumno-mexicano-reconocido-por-su-desempeno-academico-es-invitado-por-embajador-a-residencia-oficial-en-madrid\/#breadcrumb","itemListElement":[{"@type":"ListItem","position":1,"name":"Inicio","item":"https:\/\/www.cetys.mx\/noticias\/"},{"@type":"ListItem","position":2,"name":"Alumno mexicano reconocido por su desempe\u00f1o acad\u00e9mico es invitado por embajador a residencia oficial en Madrid"}]},{"@type":"WebSite","@id":"https:\/\/www.cetys.mx\/noticias\/#website","url":"https:\/\/www.cetys.mx\/noticias\/","name":"CETYS","description":"","potentialAction":[{"@type":"SearchAction","target":{"@type":"EntryPoint","urlTemplate":"https:\/\/www.cetys.mx\/noticias\/?s={search_term_string}"},"query-input":{"@type":"PropertyValueSpecification","valueRequired":true,"valueName":"search_term_string"}}],"inLanguage":"es"},{"@type":"Person","@id":"https:\/\/www.cetys.mx\/noticias\/#\/schema\/person\/79a95c4ac185f3705cf1b9c9340a5f70","name":"Campus Mexicali","url":"https:\/\/www.cetys.mx\/noticias\/author\/campusmexicali\/"}]}},"_links":{"self":[{"href":"https:\/\/www.cetys.mx\/noticias\/wp-json\/wp\/v2\/posts\/187518","targetHints":{"allow":["GET"]}}],"collection":[{"href":"https:\/\/www.cetys.mx\/noticias\/wp-json\/wp\/v2\/posts"}],"about":[{"href":"https:\/\/www.cetys.mx\/noticias\/wp-json\/wp\/v2\/types\/post"}],"author":[{"embeddable":true,"href":"https:\/\/www.cetys.mx\/noticias\/wp-json\/wp\/v2\/users\/20"}],"replies":[{"embeddable":true,"href":"https:\/\/www.cetys.mx\/noticias\/wp-json\/wp\/v2\/comments?post=187518"}],"version-history":[{"count":1,"href":"https:\/\/www.cetys.mx\/noticias\/wp-json\/wp\/v2\/posts\/187518\/revisions"}],"predecessor-version":[{"id":187524,"href":"https:\/\/www.cetys.mx\/noticias\/wp-json\/wp\/v2\/posts\/187518\/revisions\/187524"}],"wp:featuredmedia":[{"embeddable":true,"href":"https:\/\/www.cetys.mx\/noticias\/wp-json\/wp\/v2\/media\/187521"}],"wp:attachment":[{"href":"https:\/\/www.cetys.mx\/noticias\/wp-json\/wp\/v2\/media?parent=187518"}],"wp:term":[{"taxonomy":"category","embeddable":true,"href":"https:\/\/www.cetys.mx\/noticias\/wp-json\/wp\/v2\/categories?post=187518"},{"taxonomy":"post_tag","embeddable":true,"href":"https:\/\/www.cetys.mx\/noticias\/wp-json\/wp\/v2\/tags?post=187518"}],"curies":[{"name":"wp","href":"https:\/\/api.w.org\/{rel}","templated":true}]}}