{"id":186972,"date":"2024-06-12T16:42:39","date_gmt":"2024-06-12T23:42:39","guid":{"rendered":"https:\/\/www.cetys.mx\/noticias\/?p=186972"},"modified":"2024-06-12T17:34:12","modified_gmt":"2024-06-13T00:34:12","slug":"un-viaje-a-los-80s-con-matute-en-el-sarao-en-primavera","status":"publish","type":"post","link":"https:\/\/www.cetys.mx\/noticias\/un-viaje-a-los-80s-con-matute-en-el-sarao-en-primavera\/","title":{"rendered":"Un viaje a los 80&#8217;s con Matute en el Sarao en Primavera"},"content":{"rendered":"<p style=\"text-align: center;\"><b>Celebrando 36 a\u00f1os de Sarao, los mil 200 invitados se dieron cita en el evento filantr\u00f3pico-social m\u00e1s importante en la comunidad. Su generosidad har\u00e1 posible que m\u00e1s de 330 estudiantes reciban una beca para cursar sus carreras a partir del semestre 2024-2<\/b><\/p>\n<p><span style=\"font-weight: 400;\">El escenario del Sarao en Primavera de CETYS Universidad se llen\u00f3 de luces trasportando a los asistentes a la d\u00e9cada de los ochentas con la m\u00fasica y ambiente del grupo Matute quienes deleit\u00f3 a su p\u00fablico durante m\u00e1s de dos horas con interpretaciones de los mejores \u00e9xitos de esa \u00e9poca.<\/span><\/p>\n<p><img loading=\"lazy\" decoding=\"async\" class=\"alignnone size-full wp-image-186981\" src=\"https:\/\/www.cetys.mx\/noticias\/wp-content\/uploads\/2024\/06\/Sarao24-por-Eliud-Gil-Samaniego-pt2-19.jpg\" alt=\"\" width=\"958\" height=\"639\" srcset=\"https:\/\/www.cetys.mx\/noticias\/wp-content\/uploads\/2024\/06\/Sarao24-por-Eliud-Gil-Samaniego-pt2-19.jpg 958w, https:\/\/www.cetys.mx\/noticias\/wp-content\/uploads\/2024\/06\/Sarao24-por-Eliud-Gil-Samaniego-pt2-19-768x512.jpg 768w\" sizes=\"auto, (max-width: 958px) 100vw, 958px\" \/><\/p>\n<p><span style=\"font-weight: 400;\">La generosidad de quienes asistieron a esta fiesta pro educaci\u00f3n har\u00e1 posible que m\u00e1s de 330 estudiantes puedan cursar alguno de los programas de licenciatura que se ofertan en CETYS a partir del per\u00edodo 2024-2, destacaron el Dr. Fernando Le\u00f3n Garc\u00eda, Rector del Sistema CETYS Universidad, el Lic. Gustavo Vild\u00f3sola Ramos, Presidente del IENAC, y el Lic. Juan Carlos Nelson Luken, coordinador del Comit\u00e9 de Avance Institucional del mismo Instituto.<\/span><\/p>\n<p><img loading=\"lazy\" decoding=\"async\" class=\" wp-image-186980 aligncenter\" src=\"https:\/\/www.cetys.mx\/noticias\/wp-content\/uploads\/2024\/06\/Sarao24-por-Eliud-Gil-Samaniego-pt1-16.jpg\" alt=\"\" width=\"553\" height=\"394\" \/><\/p>\n<p><span style=\"font-weight: 400;\">De manera especial, las autoridades del IENAC y de CETYS agradecieron a los patrocinadores que contribuyeron a la realizaci\u00f3n del Sarao en Primavera 2024: Telnor, Mercedes Benz, Coca Cola,\u00a0 Dr. Cig\u00fce\u00f1a, Agencia Aduanal Esquer Luken, SuKarne, CSIR &amp; Asociados, Agente de Seguros y de Fianzas, Dra. Karen Carrillo, Hotel Araiza, T\u00edmpano Producciones y Valtrek.<\/span><\/p>\n<div class=\"gallery-slider-wrapper gallery-1\">\n                        <div class=\"gallery-slider\" itemscope itemtype=\"http:\/\/schema.org\/ImageGallery\"><figure class=\"slide\" itemprop=\"associatedMedia\" itemscope itemtype=\"http:\/\/schema.org\/ImageObject\">\n                    <a itemprop=\"contentUrl\" href=\"https:\/\/www.cetys.mx\/noticias\/wp-content\/uploads\/2024\/06\/Sarao24-por-Eliud-Gil-Samaniego-pt2-9.jpg\">\n                        <img decoding=\"async\" itemprop=\"thumbnail\" class=\"lazyOwl\" src=\"https:\/\/www.cetys.mx\/noticias\/wp-content\/plugins\/jmagz-plugin\/assets\/placeholder\/900x450.png\" data-src=\"https:\/\/www.cetys.mx\/noticias\/wp-content\/uploads\/2024\/06\/Sarao24-por-Eliud-Gil-Samaniego-pt2-9.jpg\" alt=\"\">\n                    <\/a>\n                    <figcaption itemprop=\"caption description\" class=\"slide-caption\">\n                        \n                    <\/figcaption>\n                <\/figure><figure class=\"slide\" itemprop=\"associatedMedia\" itemscope itemtype=\"http:\/\/schema.org\/ImageObject\">\n                    <a itemprop=\"contentUrl\" href=\"https:\/\/www.cetys.mx\/noticias\/wp-content\/uploads\/2024\/06\/Sarao24-por-Eliud-Gil-Samaniego-pt2-7.jpg\">\n                        <img decoding=\"async\" itemprop=\"thumbnail\" class=\"lazyOwl\" src=\"https:\/\/www.cetys.mx\/noticias\/wp-content\/plugins\/jmagz-plugin\/assets\/placeholder\/900x450.png\" data-src=\"https:\/\/www.cetys.mx\/noticias\/wp-content\/uploads\/2024\/06\/Sarao24-por-Eliud-Gil-Samaniego-pt2-7.jpg\" alt=\"\">\n                    <\/a>\n                    <figcaption itemprop=\"caption description\" class=\"slide-caption\">\n                        \n                    <\/figcaption>\n                <\/figure><figure class=\"slide\" itemprop=\"associatedMedia\" itemscope itemtype=\"http:\/\/schema.org\/ImageObject\">\n                    <a itemprop=\"contentUrl\" href=\"https:\/\/www.cetys.mx\/noticias\/wp-content\/uploads\/2024\/06\/Sarao24-por-Eliud-Gil-Samaniego-pt2-5.jpg\">\n                        <img decoding=\"async\" itemprop=\"thumbnail\" class=\"lazyOwl\" src=\"https:\/\/www.cetys.mx\/noticias\/wp-content\/plugins\/jmagz-plugin\/assets\/placeholder\/900x450.png\" data-src=\"https:\/\/www.cetys.mx\/noticias\/wp-content\/uploads\/2024\/06\/Sarao24-por-Eliud-Gil-Samaniego-pt2-5.jpg\" alt=\"\">\n                    <\/a>\n                    <figcaption itemprop=\"caption description\" class=\"slide-caption\">\n                        \n                    <\/figcaption>\n                <\/figure><\/div>\n                <div class=\"gallery-slider-thumbnail-wrapper\">\n                    <div class=\"gallery-slider-thumbnail\"><div class=\"slide-thumbnail\"><img decoding=\"async\" class=\"lazyOwl\" src=\"https:\/\/www.cetys.mx\/noticias\/wp-content\/plugins\/jmagz-plugin\/assets\/placeholder\/150x75.png\" data-src=\"https:\/\/www.cetys.mx\/noticias\/wp-content\/uploads\/2024\/06\/Sarao24-por-Eliud-Gil-Samaniego-pt2-9.jpg\" alt=\"\"><\/div><div class=\"slide-thumbnail\"><img decoding=\"async\" class=\"lazyOwl\" src=\"https:\/\/www.cetys.mx\/noticias\/wp-content\/plugins\/jmagz-plugin\/assets\/placeholder\/150x75.png\" data-src=\"https:\/\/www.cetys.mx\/noticias\/wp-content\/uploads\/2024\/06\/Sarao24-por-Eliud-Gil-Samaniego-pt2-7.jpg\" alt=\"\"><\/div><div class=\"slide-thumbnail\"><img decoding=\"async\" class=\"lazyOwl\" src=\"https:\/\/www.cetys.mx\/noticias\/wp-content\/plugins\/jmagz-plugin\/assets\/placeholder\/150x75.png\" data-src=\"https:\/\/www.cetys.mx\/noticias\/wp-content\/uploads\/2024\/06\/Sarao24-por-Eliud-Gil-Samaniego-pt2-5.jpg\" alt=\"\"><\/div><\/div><\/div><\/div>\n<p><span style=\"font-weight: 400;\">El Sarao en Primavera destina el total de sus recursos al otorgamiento de becas acad\u00e9micas en CETYS Universidad. Actualmente, 8 de cada 10 estudiantes del nivel profesional cuentan con alg\u00fan tipo de apoyo financiero que les permite continuar cursando sus carreras en el Campus Mexicali.<\/span><\/p>\n","protected":false},"excerpt":{"rendered":"<p>Celebrando 36 a\u00f1os de Sarao, los mil 200 invitados se dieron cita en el evento filantr\u00f3pico-social m\u00e1s importante en la comunidad. Su&#8230;<\/p>\n","protected":false},"author":20,"featured_media":186979,"comment_status":"open","ping_status":"closed","sticky":false,"template":"","format":"standard","meta":{"footnotes":""},"categories":[322,133,125,313],"tags":[4053,3724,4152,6869],"class_list":["post-186972","post","type-post","status-publish","format-standard","has-post-thumbnail","hentry","category-avance-institucional","category-campus-mexicali","category-portada","category-vocetys-2","tag-filantropia-cetys-universidad","tag-patrocinadores-de-sarao-en-primavera","tag-sarao-en-primavera","tag-vocetys-top-2024-06-12"],"yoast_head":"<!-- This site is optimized with the Yoast SEO plugin v27.4 - https:\/\/yoast.com\/product\/yoast-seo-wordpress\/ -->\n<title>Un viaje a los 80&#039;s con Matute en el Sarao en Primavera - CETYS<\/title>\n<meta name=\"description\" content=\"Articulo sobre Un viaje a los 80&#039;s con Matute en el Sarao en Primavera\" \/>\n<meta name=\"robots\" content=\"index, follow, max-snippet:-1, max-image-preview:large, max-video-preview:-1\" \/>\n<link rel=\"canonical\" href=\"https:\/\/www.cetys.mx\/noticias\/un-viaje-a-los-80s-con-matute-en-el-sarao-en-primavera\/\" \/>\n<meta property=\"og:locale\" content=\"es_MX\" \/>\n<meta property=\"og:type\" content=\"article\" \/>\n<meta property=\"og:title\" content=\"Un viaje a los 80&#039;s con Matute en el Sarao en Primavera - CETYS\" \/>\n<meta property=\"og:description\" content=\"Articulo sobre Un viaje a los 80&#039;s con Matute en el Sarao en Primavera\" \/>\n<meta property=\"og:url\" content=\"https:\/\/www.cetys.mx\/noticias\/un-viaje-a-los-80s-con-matute-en-el-sarao-en-primavera\/\" \/>\n<meta property=\"og:site_name\" content=\"CETYS\" \/>\n<meta property=\"article:publisher\" content=\"https:\/\/www.facebook.com\/cetysuniversidadmxl\/\" \/>\n<meta property=\"article:published_time\" content=\"2024-06-12T23:42:39+00:00\" \/>\n<meta property=\"article:modified_time\" content=\"2024-06-13T00:34:12+00:00\" \/>\n<meta property=\"og:image\" content=\"https:\/\/www.cetys.mx\/noticias\/wp-content\/uploads\/2024\/06\/Sarao2024-2.jpg\" \/>\n\t<meta property=\"og:image:width\" content=\"958\" \/>\n\t<meta property=\"og:image:height\" content=\"639\" \/>\n\t<meta property=\"og:image:type\" content=\"image\/jpeg\" \/>\n<meta name=\"author\" content=\"Campus Mexicali\" \/>\n<meta name=\"twitter:card\" content=\"summary_large_image\" \/>\n<meta name=\"twitter:creator\" content=\"@cetysuni\" \/>\n<meta name=\"twitter:site\" content=\"@cetysuni\" \/>\n<meta name=\"twitter:label1\" content=\"Escrito por\" \/>\n\t<meta name=\"twitter:data1\" content=\"Campus Mexicali\" \/>\n\t<meta name=\"twitter:label2\" content=\"Tiempo de lectura\" \/>\n\t<meta name=\"twitter:data2\" content=\"1 minuto\" \/>\n<script type=\"application\/ld+json\" class=\"yoast-schema-graph\">{\"@context\":\"https:\\\/\\\/schema.org\",\"@graph\":[{\"@type\":\"Article\",\"@id\":\"https:\\\/\\\/www.cetys.mx\\\/noticias\\\/un-viaje-a-los-80s-con-matute-en-el-sarao-en-primavera\\\/#article\",\"isPartOf\":{\"@id\":\"https:\\\/\\\/www.cetys.mx\\\/noticias\\\/un-viaje-a-los-80s-con-matute-en-el-sarao-en-primavera\\\/\"},\"author\":{\"name\":\"Campus Mexicali\",\"@id\":\"https:\\\/\\\/www.cetys.mx\\\/noticias\\\/#\\\/schema\\\/person\\\/79a95c4ac185f3705cf1b9c9340a5f70\"},\"headline\":\"Un viaje a los 80&#8217;s con Matute en el Sarao en Primavera\",\"datePublished\":\"2024-06-12T23:42:39+00:00\",\"dateModified\":\"2024-06-13T00:34:12+00:00\",\"mainEntityOfPage\":{\"@id\":\"https:\\\/\\\/www.cetys.mx\\\/noticias\\\/un-viaje-a-los-80s-con-matute-en-el-sarao-en-primavera\\\/\"},\"wordCount\":292,\"commentCount\":0,\"image\":{\"@id\":\"https:\\\/\\\/www.cetys.mx\\\/noticias\\\/un-viaje-a-los-80s-con-matute-en-el-sarao-en-primavera\\\/#primaryimage\"},\"thumbnailUrl\":\"https:\\\/\\\/www.cetys.mx\\\/noticias\\\/wp-content\\\/uploads\\\/2024\\\/06\\\/Sarao2024-2.jpg\",\"keywords\":[\"Filantrop\u00eda CETYS Universidad\",\"Patrocinadores de Sarao en Primavera\",\"Sarao en Primavera\",\"vocetys-top-2024-06-12\"],\"articleSection\":[\"Avance Institucional\",\"Campus Mexicali\",\"Portada\",\"VoCETYS\"],\"inLanguage\":\"es\",\"potentialAction\":[{\"@type\":\"CommentAction\",\"name\":\"Comment\",\"target\":[\"https:\\\/\\\/www.cetys.mx\\\/noticias\\\/un-viaje-a-los-80s-con-matute-en-el-sarao-en-primavera\\\/#respond\"]}]},{\"@type\":\"WebPage\",\"@id\":\"https:\\\/\\\/www.cetys.mx\\\/noticias\\\/un-viaje-a-los-80s-con-matute-en-el-sarao-en-primavera\\\/\",\"url\":\"https:\\\/\\\/www.cetys.mx\\\/noticias\\\/un-viaje-a-los-80s-con-matute-en-el-sarao-en-primavera\\\/\",\"name\":\"Un viaje a los 80's con Matute en el Sarao en Primavera - CETYS\",\"isPartOf\":{\"@id\":\"https:\\\/\\\/www.cetys.mx\\\/noticias\\\/#website\"},\"primaryImageOfPage\":{\"@id\":\"https:\\\/\\\/www.cetys.mx\\\/noticias\\\/un-viaje-a-los-80s-con-matute-en-el-sarao-en-primavera\\\/#primaryimage\"},\"image\":{\"@id\":\"https:\\\/\\\/www.cetys.mx\\\/noticias\\\/un-viaje-a-los-80s-con-matute-en-el-sarao-en-primavera\\\/#primaryimage\"},\"thumbnailUrl\":\"https:\\\/\\\/www.cetys.mx\\\/noticias\\\/wp-content\\\/uploads\\\/2024\\\/06\\\/Sarao2024-2.jpg\",\"datePublished\":\"2024-06-12T23:42:39+00:00\",\"dateModified\":\"2024-06-13T00:34:12+00:00\",\"author\":{\"@id\":\"https:\\\/\\\/www.cetys.mx\\\/noticias\\\/#\\\/schema\\\/person\\\/79a95c4ac185f3705cf1b9c9340a5f70\"},\"description\":\"Articulo sobre Un viaje a los 80's con Matute en el Sarao en Primavera\",\"breadcrumb\":{\"@id\":\"https:\\\/\\\/www.cetys.mx\\\/noticias\\\/un-viaje-a-los-80s-con-matute-en-el-sarao-en-primavera\\\/#breadcrumb\"},\"inLanguage\":\"es\",\"potentialAction\":[{\"@type\":\"ReadAction\",\"target\":[\"https:\\\/\\\/www.cetys.mx\\\/noticias\\\/un-viaje-a-los-80s-con-matute-en-el-sarao-en-primavera\\\/\"]}]},{\"@type\":\"ImageObject\",\"inLanguage\":\"es\",\"@id\":\"https:\\\/\\\/www.cetys.mx\\\/noticias\\\/un-viaje-a-los-80s-con-matute-en-el-sarao-en-primavera\\\/#primaryimage\",\"url\":\"https:\\\/\\\/www.cetys.mx\\\/noticias\\\/wp-content\\\/uploads\\\/2024\\\/06\\\/Sarao2024-2.jpg\",\"contentUrl\":\"https:\\\/\\\/www.cetys.mx\\\/noticias\\\/wp-content\\\/uploads\\\/2024\\\/06\\\/Sarao2024-2.jpg\",\"width\":958,\"height\":639},{\"@type\":\"BreadcrumbList\",\"@id\":\"https:\\\/\\\/www.cetys.mx\\\/noticias\\\/un-viaje-a-los-80s-con-matute-en-el-sarao-en-primavera\\\/#breadcrumb\",\"itemListElement\":[{\"@type\":\"ListItem\",\"position\":1,\"name\":\"Inicio\",\"item\":\"https:\\\/\\\/www.cetys.mx\\\/noticias\\\/\"},{\"@type\":\"ListItem\",\"position\":2,\"name\":\"Un viaje a los 80&#8217;s con Matute en el Sarao en Primavera\"}]},{\"@type\":\"WebSite\",\"@id\":\"https:\\\/\\\/www.cetys.mx\\\/noticias\\\/#website\",\"url\":\"https:\\\/\\\/www.cetys.mx\\\/noticias\\\/\",\"name\":\"CETYS\",\"description\":\"\",\"potentialAction\":[{\"@type\":\"SearchAction\",\"target\":{\"@type\":\"EntryPoint\",\"urlTemplate\":\"https:\\\/\\\/www.cetys.mx\\\/noticias\\\/?s={search_term_string}\"},\"query-input\":{\"@type\":\"PropertyValueSpecification\",\"valueRequired\":true,\"valueName\":\"search_term_string\"}}],\"inLanguage\":\"es\"},{\"@type\":\"Person\",\"@id\":\"https:\\\/\\\/www.cetys.mx\\\/noticias\\\/#\\\/schema\\\/person\\\/79a95c4ac185f3705cf1b9c9340a5f70\",\"name\":\"Campus Mexicali\",\"url\":\"https:\\\/\\\/www.cetys.mx\\\/noticias\\\/author\\\/campusmexicali\\\/\"}]}<\/script>\n<!-- \/ Yoast SEO plugin. -->","yoast_head_json":{"title":"Un viaje a los 80's con Matute en el Sarao en Primavera - CETYS","description":"Articulo sobre Un viaje a los 80's con Matute en el Sarao en Primavera","robots":{"index":"index","follow":"follow","max-snippet":"max-snippet:-1","max-image-preview":"max-image-preview:large","max-video-preview":"max-video-preview:-1"},"canonical":"https:\/\/www.cetys.mx\/noticias\/un-viaje-a-los-80s-con-matute-en-el-sarao-en-primavera\/","og_locale":"es_MX","og_type":"article","og_title":"Un viaje a los 80's con Matute en el Sarao en Primavera - CETYS","og_description":"Articulo sobre Un viaje a los 80's con Matute en el Sarao en Primavera","og_url":"https:\/\/www.cetys.mx\/noticias\/un-viaje-a-los-80s-con-matute-en-el-sarao-en-primavera\/","og_site_name":"CETYS","article_publisher":"https:\/\/www.facebook.com\/cetysuniversidadmxl\/","article_published_time":"2024-06-12T23:42:39+00:00","article_modified_time":"2024-06-13T00:34:12+00:00","og_image":[{"width":958,"height":639,"url":"https:\/\/www.cetys.mx\/noticias\/wp-content\/uploads\/2024\/06\/Sarao2024-2.jpg","type":"image\/jpeg"}],"author":"Campus Mexicali","twitter_card":"summary_large_image","twitter_creator":"@cetysuni","twitter_site":"@cetysuni","twitter_misc":{"Escrito por":"Campus Mexicali","Tiempo de lectura":"1 minuto"},"schema":{"@context":"https:\/\/schema.org","@graph":[{"@type":"Article","@id":"https:\/\/www.cetys.mx\/noticias\/un-viaje-a-los-80s-con-matute-en-el-sarao-en-primavera\/#article","isPartOf":{"@id":"https:\/\/www.cetys.mx\/noticias\/un-viaje-a-los-80s-con-matute-en-el-sarao-en-primavera\/"},"author":{"name":"Campus Mexicali","@id":"https:\/\/www.cetys.mx\/noticias\/#\/schema\/person\/79a95c4ac185f3705cf1b9c9340a5f70"},"headline":"Un viaje a los 80&#8217;s con Matute en el Sarao en Primavera","datePublished":"2024-06-12T23:42:39+00:00","dateModified":"2024-06-13T00:34:12+00:00","mainEntityOfPage":{"@id":"https:\/\/www.cetys.mx\/noticias\/un-viaje-a-los-80s-con-matute-en-el-sarao-en-primavera\/"},"wordCount":292,"commentCount":0,"image":{"@id":"https:\/\/www.cetys.mx\/noticias\/un-viaje-a-los-80s-con-matute-en-el-sarao-en-primavera\/#primaryimage"},"thumbnailUrl":"https:\/\/www.cetys.mx\/noticias\/wp-content\/uploads\/2024\/06\/Sarao2024-2.jpg","keywords":["Filantrop\u00eda CETYS Universidad","Patrocinadores de Sarao en Primavera","Sarao en Primavera","vocetys-top-2024-06-12"],"articleSection":["Avance Institucional","Campus Mexicali","Portada","VoCETYS"],"inLanguage":"es","potentialAction":[{"@type":"CommentAction","name":"Comment","target":["https:\/\/www.cetys.mx\/noticias\/un-viaje-a-los-80s-con-matute-en-el-sarao-en-primavera\/#respond"]}]},{"@type":"WebPage","@id":"https:\/\/www.cetys.mx\/noticias\/un-viaje-a-los-80s-con-matute-en-el-sarao-en-primavera\/","url":"https:\/\/www.cetys.mx\/noticias\/un-viaje-a-los-80s-con-matute-en-el-sarao-en-primavera\/","name":"Un viaje a los 80's con Matute en el Sarao en Primavera - CETYS","isPartOf":{"@id":"https:\/\/www.cetys.mx\/noticias\/#website"},"primaryImageOfPage":{"@id":"https:\/\/www.cetys.mx\/noticias\/un-viaje-a-los-80s-con-matute-en-el-sarao-en-primavera\/#primaryimage"},"image":{"@id":"https:\/\/www.cetys.mx\/noticias\/un-viaje-a-los-80s-con-matute-en-el-sarao-en-primavera\/#primaryimage"},"thumbnailUrl":"https:\/\/www.cetys.mx\/noticias\/wp-content\/uploads\/2024\/06\/Sarao2024-2.jpg","datePublished":"2024-06-12T23:42:39+00:00","dateModified":"2024-06-13T00:34:12+00:00","author":{"@id":"https:\/\/www.cetys.mx\/noticias\/#\/schema\/person\/79a95c4ac185f3705cf1b9c9340a5f70"},"description":"Articulo sobre Un viaje a los 80's con Matute en el Sarao en Primavera","breadcrumb":{"@id":"https:\/\/www.cetys.mx\/noticias\/un-viaje-a-los-80s-con-matute-en-el-sarao-en-primavera\/#breadcrumb"},"inLanguage":"es","potentialAction":[{"@type":"ReadAction","target":["https:\/\/www.cetys.mx\/noticias\/un-viaje-a-los-80s-con-matute-en-el-sarao-en-primavera\/"]}]},{"@type":"ImageObject","inLanguage":"es","@id":"https:\/\/www.cetys.mx\/noticias\/un-viaje-a-los-80s-con-matute-en-el-sarao-en-primavera\/#primaryimage","url":"https:\/\/www.cetys.mx\/noticias\/wp-content\/uploads\/2024\/06\/Sarao2024-2.jpg","contentUrl":"https:\/\/www.cetys.mx\/noticias\/wp-content\/uploads\/2024\/06\/Sarao2024-2.jpg","width":958,"height":639},{"@type":"BreadcrumbList","@id":"https:\/\/www.cetys.mx\/noticias\/un-viaje-a-los-80s-con-matute-en-el-sarao-en-primavera\/#breadcrumb","itemListElement":[{"@type":"ListItem","position":1,"name":"Inicio","item":"https:\/\/www.cetys.mx\/noticias\/"},{"@type":"ListItem","position":2,"name":"Un viaje a los 80&#8217;s con Matute en el Sarao en Primavera"}]},{"@type":"WebSite","@id":"https:\/\/www.cetys.mx\/noticias\/#website","url":"https:\/\/www.cetys.mx\/noticias\/","name":"CETYS","description":"","potentialAction":[{"@type":"SearchAction","target":{"@type":"EntryPoint","urlTemplate":"https:\/\/www.cetys.mx\/noticias\/?s={search_term_string}"},"query-input":{"@type":"PropertyValueSpecification","valueRequired":true,"valueName":"search_term_string"}}],"inLanguage":"es"},{"@type":"Person","@id":"https:\/\/www.cetys.mx\/noticias\/#\/schema\/person\/79a95c4ac185f3705cf1b9c9340a5f70","name":"Campus Mexicali","url":"https:\/\/www.cetys.mx\/noticias\/author\/campusmexicali\/"}]}},"_links":{"self":[{"href":"https:\/\/www.cetys.mx\/noticias\/wp-json\/wp\/v2\/posts\/186972","targetHints":{"allow":["GET"]}}],"collection":[{"href":"https:\/\/www.cetys.mx\/noticias\/wp-json\/wp\/v2\/posts"}],"about":[{"href":"https:\/\/www.cetys.mx\/noticias\/wp-json\/wp\/v2\/types\/post"}],"author":[{"embeddable":true,"href":"https:\/\/www.cetys.mx\/noticias\/wp-json\/wp\/v2\/users\/20"}],"replies":[{"embeddable":true,"href":"https:\/\/www.cetys.mx\/noticias\/wp-json\/wp\/v2\/comments?post=186972"}],"version-history":[{"count":1,"href":"https:\/\/www.cetys.mx\/noticias\/wp-json\/wp\/v2\/posts\/186972\/revisions"}],"predecessor-version":[{"id":186986,"href":"https:\/\/www.cetys.mx\/noticias\/wp-json\/wp\/v2\/posts\/186972\/revisions\/186986"}],"wp:featuredmedia":[{"embeddable":true,"href":"https:\/\/www.cetys.mx\/noticias\/wp-json\/wp\/v2\/media\/186979"}],"wp:attachment":[{"href":"https:\/\/www.cetys.mx\/noticias\/wp-json\/wp\/v2\/media?parent=186972"}],"wp:term":[{"taxonomy":"category","embeddable":true,"href":"https:\/\/www.cetys.mx\/noticias\/wp-json\/wp\/v2\/categories?post=186972"},{"taxonomy":"post_tag","embeddable":true,"href":"https:\/\/www.cetys.mx\/noticias\/wp-json\/wp\/v2\/tags?post=186972"}],"curies":[{"name":"wp","href":"https:\/\/api.w.org\/{rel}","templated":true}]}}