{"id":183605,"date":"2024-06-05T13:12:55","date_gmt":"2024-06-05T20:12:55","guid":{"rendered":"https:\/\/www.cetys.mx\/noticias\/?p=183605"},"modified":"2024-06-05T13:14:44","modified_gmt":"2024-06-05T20:14:44","slug":"como-el-intercambio-cambia-tu-camino-esto-fue-la-charla-de-agora","status":"publish","type":"post","link":"https:\/\/www.cetys.mx\/noticias\/como-el-intercambio-cambia-tu-camino-esto-fue-la-charla-de-agora\/","title":{"rendered":"\u00bfC\u00f3mo el intercambio cambia tu camino? Esto fue la charla de \u00c1gora"},"content":{"rendered":"<p>A veces escuchar una experiencia de un compa\u00f1ero que fue a vivir una experiencia internacional se convierte en la motivaci\u00f3n que hac\u00eda falta para que otros j\u00f3venes se aventuren en un viaje de<strong> intercambio,<\/strong> estancia o seminario en otro pa\u00eds. Esta es la intenci\u00f3n de<strong> \u00c1gora<\/strong>, un <strong>conversatorio del Centro de Desarrollo Estudiantil (CEDE)<\/strong> en CETYS Universidad, para abrir un di\u00e1logo con interesados con aquellos que regresaron de sus destinos.<\/p>\n<p>El objetivo del <strong>CEDE<\/strong> es proporcionar un espacio de comunicaci\u00f3n y di\u00e1logo abierto entre los mismos estudiantes para abordar la importancia de experiencias internacionales de intercambio vinculadas a la construcci\u00f3n del autoconocimiento y metas personales.<\/p>\n<p>En esta ocasi\u00f3n, participaron <strong>Luis Eduardo Becerra Ibarra<\/strong>, estudiante de Ingenier\u00eda en Mecatr\u00f3nica, que viaj\u00f3 a Austria, <strong>Daniel Villareal<\/strong>, estudiante de la <em>Lic. en Negocios Internacionales Global Program<\/em> y <strong>Jpseph Scott Chilstrom<\/strong>,<em> estudiante de la Maestr\u00eda en Educaci\u00f3n<\/em> con concentraci\u00f3n en docencia. En el caso de Joseph, es estudiante extranjero en M\u00e9xico.<\/p>\n\n            <style type='text\/css'>\n                #gallery-1 {\n                    margin: auto;\n                }\n                #gallery-1 .gallery-item {\n                    float: left;\n                    margin-top: 10px;\n                    text-align: center;\n                    width: 25%;\n                }\n                #gallery-1 img {\n                    border: 2px solid #cfcfcf;\n                }\n                #gallery-1 .gallery-caption {\n                    margin-left: 0;\n                }\n                \/* see gallery_shortcode() in wp-includes\/media.php *\/\n            <\/style>\n\t\t<div id='gallery-1' class='gallery galleryid-183605 gallery-columns-4 gallery-size-thumbnail'><dl class='gallery-item'>\n                <dt class='gallery-icon landscape'>\n                    <a href='https:\/\/www.cetys.mx\/noticias\/como-el-intercambio-cambia-tu-camino-esto-fue-la-charla-de-agora\/conversatorio-cede-alumnos-de-cetys-de-intercambio\/'><img loading=\"lazy\" decoding=\"async\" width=\"128\" height=\"85\" src=\"https:\/\/www.cetys.mx\/noticias\/wp-content\/uploads\/2024\/06\/conversatorio-CEDE-alumnos-de-CETYS-de-intercambio.jpg\" class=\"attachment-thumbnail size-thumbnail\" alt=\"\" srcset=\"https:\/\/www.cetys.mx\/noticias\/wp-content\/uploads\/2024\/06\/conversatorio-CEDE-alumnos-de-CETYS-de-intercambio.jpg 958w, https:\/\/www.cetys.mx\/noticias\/wp-content\/uploads\/2024\/06\/conversatorio-CEDE-alumnos-de-CETYS-de-intercambio-768x511.jpg 768w\" sizes=\"auto, (max-width: 128px) 100vw, 128px\" \/><\/a>\n                <\/dt><\/dl><dl class='gallery-item'>\n                <dt class='gallery-icon landscape'>\n                    <a href='https:\/\/www.cetys.mx\/noticias\/como-el-intercambio-cambia-tu-camino-esto-fue-la-charla-de-agora\/conversatorio-cede-alumnos-de-cetys-de-intercambio-luis-becerra\/'><img loading=\"lazy\" decoding=\"async\" width=\"128\" height=\"85\" src=\"https:\/\/www.cetys.mx\/noticias\/wp-content\/uploads\/2024\/06\/conversatorio-CEDE-alumnos-de-CETYS-de-intercambio-luis-becerra.jpg\" class=\"attachment-thumbnail size-thumbnail\" alt=\"\" aria-describedby=\"gallery-1-183621\" srcset=\"https:\/\/www.cetys.mx\/noticias\/wp-content\/uploads\/2024\/06\/conversatorio-CEDE-alumnos-de-CETYS-de-intercambio-luis-becerra.jpg 958w, https:\/\/www.cetys.mx\/noticias\/wp-content\/uploads\/2024\/06\/conversatorio-CEDE-alumnos-de-CETYS-de-intercambio-luis-becerra-768x511.jpg 768w\" sizes=\"auto, (max-width: 128px) 100vw, 128px\" \/><\/a>\n                <\/dt>\n                    <dd class='wp-caption-text gallery-caption' id='gallery-1-183621'>\n                    invitado especial\n                    <\/dd><\/dl><dl class='gallery-item'>\n                <dt class='gallery-icon landscape'>\n                    <a href='https:\/\/www.cetys.mx\/noticias\/como-el-intercambio-cambia-tu-camino-esto-fue-la-charla-de-agora\/conversatorio-cede-alumnos-de-cetys-de-intercambio-daniel-villareal\/'><img loading=\"lazy\" decoding=\"async\" width=\"128\" height=\"85\" src=\"https:\/\/www.cetys.mx\/noticias\/wp-content\/uploads\/2024\/06\/conversatorio-CEDE-alumnos-de-CETYS-de-intercambio-daniel-villareal.jpg\" class=\"attachment-thumbnail size-thumbnail\" alt=\"\" aria-describedby=\"gallery-1-183619\" srcset=\"https:\/\/www.cetys.mx\/noticias\/wp-content\/uploads\/2024\/06\/conversatorio-CEDE-alumnos-de-CETYS-de-intercambio-daniel-villareal.jpg 2157w, https:\/\/www.cetys.mx\/noticias\/wp-content\/uploads\/2024\/06\/conversatorio-CEDE-alumnos-de-CETYS-de-intercambio-daniel-villareal-768x511.jpg 768w\" sizes=\"auto, (max-width: 128px) 100vw, 128px\" \/><\/a>\n                <\/dt>\n                    <dd class='wp-caption-text gallery-caption' id='gallery-1-183619'>\n                    alumno fulano\n                    <\/dd><\/dl><dl class='gallery-item'>\n                <dt class='gallery-icon landscape'>\n                    <a href='https:\/\/www.cetys.mx\/noticias\/como-el-intercambio-cambia-tu-camino-esto-fue-la-charla-de-agora\/conversatorio-cede-alumnos-de-cetys-de-intercambio-joseph-scott\/'><img loading=\"lazy\" decoding=\"async\" width=\"128\" height=\"85\" src=\"https:\/\/www.cetys.mx\/noticias\/wp-content\/uploads\/2024\/06\/conversatorio-CEDE-alumnos-de-CETYS-de-intercambio-joseph-scott.jpg\" class=\"attachment-thumbnail size-thumbnail\" alt=\"\" srcset=\"https:\/\/www.cetys.mx\/noticias\/wp-content\/uploads\/2024\/06\/conversatorio-CEDE-alumnos-de-CETYS-de-intercambio-joseph-scott.jpg 958w, https:\/\/www.cetys.mx\/noticias\/wp-content\/uploads\/2024\/06\/conversatorio-CEDE-alumnos-de-CETYS-de-intercambio-joseph-scott-768x511.jpg 768w\" sizes=\"auto, (max-width: 128px) 100vw, 128px\" \/><\/a>\n                <\/dt><\/dl><br style=\"clear: both\" \/>\n            <\/div>\n\n<p>Adem\u00e1s de esto, los estudiantes retroalimentaron de sus principales retos al convivir con otra cultura, que va desde otro tipo de alimentaci\u00f3n, otro tipo de educaci\u00f3n y de necesidades. El haber vivido dichas experiencias permite enriquecer o adaptar sus objetivos tanto profesionales como personales.<\/p>\n<p>&nbsp;<\/p>\n","protected":false},"excerpt":{"rendered":"<p>A veces escuchar una experiencia de un compa\u00f1ero que fue a vivir una experiencia internacional se convierte en la motivaci\u00f3n que hac\u00eda&#8230;<\/p>\n","protected":false},"author":24,"featured_media":183622,"comment_status":"open","ping_status":"closed","sticky":false,"template":"","format":"standard","meta":{"footnotes":""},"categories":[134,313],"tags":[430,6474],"class_list":["post-183605","post","type-post","status-publish","format-standard","has-post-thumbnail","hentry","category-campus-tijuana","category-vocetys-2","tag-educacion","tag-negociosinternacionalesglobalprogram"],"yoast_head":"<!-- This site is optimized with the Yoast SEO plugin v27.4 - https:\/\/yoast.com\/product\/yoast-seo-wordpress\/ -->\n<title>\u00bfC\u00f3mo el intercambio cambia tu camino? Esto fue la charla de \u00c1gora - CETYS<\/title>\n<meta name=\"description\" content=\"Articulo sobre \u00bfC\u00f3mo el intercambio cambia tu camino? Esto fue la charla de \u00c1gora\" \/>\n<meta name=\"robots\" content=\"index, follow, max-snippet:-1, max-image-preview:large, max-video-preview:-1\" \/>\n<link rel=\"canonical\" href=\"https:\/\/www.cetys.mx\/noticias\/como-el-intercambio-cambia-tu-camino-esto-fue-la-charla-de-agora\/\" \/>\n<meta property=\"og:locale\" content=\"es_MX\" \/>\n<meta property=\"og:type\" content=\"article\" \/>\n<meta property=\"og:title\" content=\"\u00bfC\u00f3mo el intercambio cambia tu camino? Esto fue la charla de \u00c1gora - CETYS\" \/>\n<meta property=\"og:description\" content=\"Articulo sobre \u00bfC\u00f3mo el intercambio cambia tu camino? Esto fue la charla de \u00c1gora\" \/>\n<meta property=\"og:url\" content=\"https:\/\/www.cetys.mx\/noticias\/como-el-intercambio-cambia-tu-camino-esto-fue-la-charla-de-agora\/\" \/>\n<meta property=\"og:site_name\" content=\"CETYS\" \/>\n<meta property=\"article:publisher\" content=\"https:\/\/www.facebook.com\/cetysuniversidadmxl\/\" \/>\n<meta property=\"article:published_time\" content=\"2024-06-05T20:12:55+00:00\" \/>\n<meta property=\"article:modified_time\" content=\"2024-06-05T20:14:44+00:00\" \/>\n<meta property=\"og:image\" content=\"https:\/\/www.cetys.mx\/noticias\/wp-content\/uploads\/2024\/06\/conversatorio-CEDE-alumnos-de-CETYS-de-intercambio-campus-tijuana.jpg\" \/>\n\t<meta property=\"og:image:width\" content=\"958\" \/>\n\t<meta property=\"og:image:height\" content=\"637\" \/>\n\t<meta property=\"og:image:type\" content=\"image\/jpeg\" \/>\n<meta name=\"author\" content=\"Campus Tijuana\" \/>\n<meta name=\"twitter:card\" content=\"summary_large_image\" \/>\n<meta name=\"twitter:creator\" content=\"@cetysuni\" \/>\n<meta name=\"twitter:site\" content=\"@cetysuni\" \/>\n<meta name=\"twitter:label1\" content=\"Escrito por\" \/>\n\t<meta name=\"twitter:data1\" content=\"Campus Tijuana\" \/>\n\t<meta name=\"twitter:label2\" content=\"Tiempo de lectura\" \/>\n\t<meta name=\"twitter:data2\" content=\"1 minuto\" \/>\n<script type=\"application\/ld+json\" class=\"yoast-schema-graph\">{\"@context\":\"https:\\\/\\\/schema.org\",\"@graph\":[{\"@type\":\"Article\",\"@id\":\"https:\\\/\\\/www.cetys.mx\\\/noticias\\\/como-el-intercambio-cambia-tu-camino-esto-fue-la-charla-de-agora\\\/#article\",\"isPartOf\":{\"@id\":\"https:\\\/\\\/www.cetys.mx\\\/noticias\\\/como-el-intercambio-cambia-tu-camino-esto-fue-la-charla-de-agora\\\/\"},\"author\":{\"name\":\"Campus Tijuana\",\"@id\":\"https:\\\/\\\/www.cetys.mx\\\/noticias\\\/#\\\/schema\\\/person\\\/e790051ce60e18ae47cfa87011c8653f\"},\"headline\":\"\u00bfC\u00f3mo el intercambio cambia tu camino? Esto fue la charla de \u00c1gora\",\"datePublished\":\"2024-06-05T20:12:55+00:00\",\"dateModified\":\"2024-06-05T20:14:44+00:00\",\"mainEntityOfPage\":{\"@id\":\"https:\\\/\\\/www.cetys.mx\\\/noticias\\\/como-el-intercambio-cambia-tu-camino-esto-fue-la-charla-de-agora\\\/\"},\"wordCount\":238,\"commentCount\":0,\"image\":{\"@id\":\"https:\\\/\\\/www.cetys.mx\\\/noticias\\\/como-el-intercambio-cambia-tu-camino-esto-fue-la-charla-de-agora\\\/#primaryimage\"},\"thumbnailUrl\":\"https:\\\/\\\/www.cetys.mx\\\/noticias\\\/wp-content\\\/uploads\\\/2024\\\/06\\\/conversatorio-CEDE-alumnos-de-CETYS-de-intercambio-campus-tijuana.jpg\",\"keywords\":[\"Educaci\u00f3n\",\"NegociosInternacionalesGlobalProgram\"],\"articleSection\":[\"Campus Tijuana\",\"VoCETYS\"],\"inLanguage\":\"es\",\"potentialAction\":[{\"@type\":\"CommentAction\",\"name\":\"Comment\",\"target\":[\"https:\\\/\\\/www.cetys.mx\\\/noticias\\\/como-el-intercambio-cambia-tu-camino-esto-fue-la-charla-de-agora\\\/#respond\"]}]},{\"@type\":\"WebPage\",\"@id\":\"https:\\\/\\\/www.cetys.mx\\\/noticias\\\/como-el-intercambio-cambia-tu-camino-esto-fue-la-charla-de-agora\\\/\",\"url\":\"https:\\\/\\\/www.cetys.mx\\\/noticias\\\/como-el-intercambio-cambia-tu-camino-esto-fue-la-charla-de-agora\\\/\",\"name\":\"\u00bfC\u00f3mo el intercambio cambia tu camino? Esto fue la charla de \u00c1gora - CETYS\",\"isPartOf\":{\"@id\":\"https:\\\/\\\/www.cetys.mx\\\/noticias\\\/#website\"},\"primaryImageOfPage\":{\"@id\":\"https:\\\/\\\/www.cetys.mx\\\/noticias\\\/como-el-intercambio-cambia-tu-camino-esto-fue-la-charla-de-agora\\\/#primaryimage\"},\"image\":{\"@id\":\"https:\\\/\\\/www.cetys.mx\\\/noticias\\\/como-el-intercambio-cambia-tu-camino-esto-fue-la-charla-de-agora\\\/#primaryimage\"},\"thumbnailUrl\":\"https:\\\/\\\/www.cetys.mx\\\/noticias\\\/wp-content\\\/uploads\\\/2024\\\/06\\\/conversatorio-CEDE-alumnos-de-CETYS-de-intercambio-campus-tijuana.jpg\",\"datePublished\":\"2024-06-05T20:12:55+00:00\",\"dateModified\":\"2024-06-05T20:14:44+00:00\",\"author\":{\"@id\":\"https:\\\/\\\/www.cetys.mx\\\/noticias\\\/#\\\/schema\\\/person\\\/e790051ce60e18ae47cfa87011c8653f\"},\"description\":\"Articulo sobre \u00bfC\u00f3mo el intercambio cambia tu camino? Esto fue la charla de \u00c1gora\",\"breadcrumb\":{\"@id\":\"https:\\\/\\\/www.cetys.mx\\\/noticias\\\/como-el-intercambio-cambia-tu-camino-esto-fue-la-charla-de-agora\\\/#breadcrumb\"},\"inLanguage\":\"es\",\"potentialAction\":[{\"@type\":\"ReadAction\",\"target\":[\"https:\\\/\\\/www.cetys.mx\\\/noticias\\\/como-el-intercambio-cambia-tu-camino-esto-fue-la-charla-de-agora\\\/\"]}]},{\"@type\":\"ImageObject\",\"inLanguage\":\"es\",\"@id\":\"https:\\\/\\\/www.cetys.mx\\\/noticias\\\/como-el-intercambio-cambia-tu-camino-esto-fue-la-charla-de-agora\\\/#primaryimage\",\"url\":\"https:\\\/\\\/www.cetys.mx\\\/noticias\\\/wp-content\\\/uploads\\\/2024\\\/06\\\/conversatorio-CEDE-alumnos-de-CETYS-de-intercambio-campus-tijuana.jpg\",\"contentUrl\":\"https:\\\/\\\/www.cetys.mx\\\/noticias\\\/wp-content\\\/uploads\\\/2024\\\/06\\\/conversatorio-CEDE-alumnos-de-CETYS-de-intercambio-campus-tijuana.jpg\",\"width\":958,\"height\":637},{\"@type\":\"BreadcrumbList\",\"@id\":\"https:\\\/\\\/www.cetys.mx\\\/noticias\\\/como-el-intercambio-cambia-tu-camino-esto-fue-la-charla-de-agora\\\/#breadcrumb\",\"itemListElement\":[{\"@type\":\"ListItem\",\"position\":1,\"name\":\"Inicio\",\"item\":\"https:\\\/\\\/www.cetys.mx\\\/noticias\\\/\"},{\"@type\":\"ListItem\",\"position\":2,\"name\":\"\u00bfC\u00f3mo el intercambio cambia tu camino? Esto fue la charla de \u00c1gora\"}]},{\"@type\":\"WebSite\",\"@id\":\"https:\\\/\\\/www.cetys.mx\\\/noticias\\\/#website\",\"url\":\"https:\\\/\\\/www.cetys.mx\\\/noticias\\\/\",\"name\":\"CETYS\",\"description\":\"\",\"potentialAction\":[{\"@type\":\"SearchAction\",\"target\":{\"@type\":\"EntryPoint\",\"urlTemplate\":\"https:\\\/\\\/www.cetys.mx\\\/noticias\\\/?s={search_term_string}\"},\"query-input\":{\"@type\":\"PropertyValueSpecification\",\"valueRequired\":true,\"valueName\":\"search_term_string\"}}],\"inLanguage\":\"es\"},{\"@type\":\"Person\",\"@id\":\"https:\\\/\\\/www.cetys.mx\\\/noticias\\\/#\\\/schema\\\/person\\\/e790051ce60e18ae47cfa87011c8653f\",\"name\":\"Campus Tijuana\",\"url\":\"https:\\\/\\\/www.cetys.mx\\\/noticias\\\/author\\\/campustijuana\\\/\"}]}<\/script>\n<!-- \/ Yoast SEO plugin. -->","yoast_head_json":{"title":"\u00bfC\u00f3mo el intercambio cambia tu camino? Esto fue la charla de \u00c1gora - CETYS","description":"Articulo sobre \u00bfC\u00f3mo el intercambio cambia tu camino? Esto fue la charla de \u00c1gora","robots":{"index":"index","follow":"follow","max-snippet":"max-snippet:-1","max-image-preview":"max-image-preview:large","max-video-preview":"max-video-preview:-1"},"canonical":"https:\/\/www.cetys.mx\/noticias\/como-el-intercambio-cambia-tu-camino-esto-fue-la-charla-de-agora\/","og_locale":"es_MX","og_type":"article","og_title":"\u00bfC\u00f3mo el intercambio cambia tu camino? Esto fue la charla de \u00c1gora - CETYS","og_description":"Articulo sobre \u00bfC\u00f3mo el intercambio cambia tu camino? Esto fue la charla de \u00c1gora","og_url":"https:\/\/www.cetys.mx\/noticias\/como-el-intercambio-cambia-tu-camino-esto-fue-la-charla-de-agora\/","og_site_name":"CETYS","article_publisher":"https:\/\/www.facebook.com\/cetysuniversidadmxl\/","article_published_time":"2024-06-05T20:12:55+00:00","article_modified_time":"2024-06-05T20:14:44+00:00","og_image":[{"width":958,"height":637,"url":"https:\/\/www.cetys.mx\/noticias\/wp-content\/uploads\/2024\/06\/conversatorio-CEDE-alumnos-de-CETYS-de-intercambio-campus-tijuana.jpg","type":"image\/jpeg"}],"author":"Campus Tijuana","twitter_card":"summary_large_image","twitter_creator":"@cetysuni","twitter_site":"@cetysuni","twitter_misc":{"Escrito por":"Campus Tijuana","Tiempo de lectura":"1 minuto"},"schema":{"@context":"https:\/\/schema.org","@graph":[{"@type":"Article","@id":"https:\/\/www.cetys.mx\/noticias\/como-el-intercambio-cambia-tu-camino-esto-fue-la-charla-de-agora\/#article","isPartOf":{"@id":"https:\/\/www.cetys.mx\/noticias\/como-el-intercambio-cambia-tu-camino-esto-fue-la-charla-de-agora\/"},"author":{"name":"Campus Tijuana","@id":"https:\/\/www.cetys.mx\/noticias\/#\/schema\/person\/e790051ce60e18ae47cfa87011c8653f"},"headline":"\u00bfC\u00f3mo el intercambio cambia tu camino? Esto fue la charla de \u00c1gora","datePublished":"2024-06-05T20:12:55+00:00","dateModified":"2024-06-05T20:14:44+00:00","mainEntityOfPage":{"@id":"https:\/\/www.cetys.mx\/noticias\/como-el-intercambio-cambia-tu-camino-esto-fue-la-charla-de-agora\/"},"wordCount":238,"commentCount":0,"image":{"@id":"https:\/\/www.cetys.mx\/noticias\/como-el-intercambio-cambia-tu-camino-esto-fue-la-charla-de-agora\/#primaryimage"},"thumbnailUrl":"https:\/\/www.cetys.mx\/noticias\/wp-content\/uploads\/2024\/06\/conversatorio-CEDE-alumnos-de-CETYS-de-intercambio-campus-tijuana.jpg","keywords":["Educaci\u00f3n","NegociosInternacionalesGlobalProgram"],"articleSection":["Campus Tijuana","VoCETYS"],"inLanguage":"es","potentialAction":[{"@type":"CommentAction","name":"Comment","target":["https:\/\/www.cetys.mx\/noticias\/como-el-intercambio-cambia-tu-camino-esto-fue-la-charla-de-agora\/#respond"]}]},{"@type":"WebPage","@id":"https:\/\/www.cetys.mx\/noticias\/como-el-intercambio-cambia-tu-camino-esto-fue-la-charla-de-agora\/","url":"https:\/\/www.cetys.mx\/noticias\/como-el-intercambio-cambia-tu-camino-esto-fue-la-charla-de-agora\/","name":"\u00bfC\u00f3mo el intercambio cambia tu camino? Esto fue la charla de \u00c1gora - CETYS","isPartOf":{"@id":"https:\/\/www.cetys.mx\/noticias\/#website"},"primaryImageOfPage":{"@id":"https:\/\/www.cetys.mx\/noticias\/como-el-intercambio-cambia-tu-camino-esto-fue-la-charla-de-agora\/#primaryimage"},"image":{"@id":"https:\/\/www.cetys.mx\/noticias\/como-el-intercambio-cambia-tu-camino-esto-fue-la-charla-de-agora\/#primaryimage"},"thumbnailUrl":"https:\/\/www.cetys.mx\/noticias\/wp-content\/uploads\/2024\/06\/conversatorio-CEDE-alumnos-de-CETYS-de-intercambio-campus-tijuana.jpg","datePublished":"2024-06-05T20:12:55+00:00","dateModified":"2024-06-05T20:14:44+00:00","author":{"@id":"https:\/\/www.cetys.mx\/noticias\/#\/schema\/person\/e790051ce60e18ae47cfa87011c8653f"},"description":"Articulo sobre \u00bfC\u00f3mo el intercambio cambia tu camino? Esto fue la charla de \u00c1gora","breadcrumb":{"@id":"https:\/\/www.cetys.mx\/noticias\/como-el-intercambio-cambia-tu-camino-esto-fue-la-charla-de-agora\/#breadcrumb"},"inLanguage":"es","potentialAction":[{"@type":"ReadAction","target":["https:\/\/www.cetys.mx\/noticias\/como-el-intercambio-cambia-tu-camino-esto-fue-la-charla-de-agora\/"]}]},{"@type":"ImageObject","inLanguage":"es","@id":"https:\/\/www.cetys.mx\/noticias\/como-el-intercambio-cambia-tu-camino-esto-fue-la-charla-de-agora\/#primaryimage","url":"https:\/\/www.cetys.mx\/noticias\/wp-content\/uploads\/2024\/06\/conversatorio-CEDE-alumnos-de-CETYS-de-intercambio-campus-tijuana.jpg","contentUrl":"https:\/\/www.cetys.mx\/noticias\/wp-content\/uploads\/2024\/06\/conversatorio-CEDE-alumnos-de-CETYS-de-intercambio-campus-tijuana.jpg","width":958,"height":637},{"@type":"BreadcrumbList","@id":"https:\/\/www.cetys.mx\/noticias\/como-el-intercambio-cambia-tu-camino-esto-fue-la-charla-de-agora\/#breadcrumb","itemListElement":[{"@type":"ListItem","position":1,"name":"Inicio","item":"https:\/\/www.cetys.mx\/noticias\/"},{"@type":"ListItem","position":2,"name":"\u00bfC\u00f3mo el intercambio cambia tu camino? Esto fue la charla de \u00c1gora"}]},{"@type":"WebSite","@id":"https:\/\/www.cetys.mx\/noticias\/#website","url":"https:\/\/www.cetys.mx\/noticias\/","name":"CETYS","description":"","potentialAction":[{"@type":"SearchAction","target":{"@type":"EntryPoint","urlTemplate":"https:\/\/www.cetys.mx\/noticias\/?s={search_term_string}"},"query-input":{"@type":"PropertyValueSpecification","valueRequired":true,"valueName":"search_term_string"}}],"inLanguage":"es"},{"@type":"Person","@id":"https:\/\/www.cetys.mx\/noticias\/#\/schema\/person\/e790051ce60e18ae47cfa87011c8653f","name":"Campus Tijuana","url":"https:\/\/www.cetys.mx\/noticias\/author\/campustijuana\/"}]}},"_links":{"self":[{"href":"https:\/\/www.cetys.mx\/noticias\/wp-json\/wp\/v2\/posts\/183605","targetHints":{"allow":["GET"]}}],"collection":[{"href":"https:\/\/www.cetys.mx\/noticias\/wp-json\/wp\/v2\/posts"}],"about":[{"href":"https:\/\/www.cetys.mx\/noticias\/wp-json\/wp\/v2\/types\/post"}],"author":[{"embeddable":true,"href":"https:\/\/www.cetys.mx\/noticias\/wp-json\/wp\/v2\/users\/24"}],"replies":[{"embeddable":true,"href":"https:\/\/www.cetys.mx\/noticias\/wp-json\/wp\/v2\/comments?post=183605"}],"version-history":[{"count":1,"href":"https:\/\/www.cetys.mx\/noticias\/wp-json\/wp\/v2\/posts\/183605\/revisions"}],"predecessor-version":[{"id":183626,"href":"https:\/\/www.cetys.mx\/noticias\/wp-json\/wp\/v2\/posts\/183605\/revisions\/183626"}],"wp:featuredmedia":[{"embeddable":true,"href":"https:\/\/www.cetys.mx\/noticias\/wp-json\/wp\/v2\/media\/183622"}],"wp:attachment":[{"href":"https:\/\/www.cetys.mx\/noticias\/wp-json\/wp\/v2\/media?parent=183605"}],"wp:term":[{"taxonomy":"category","embeddable":true,"href":"https:\/\/www.cetys.mx\/noticias\/wp-json\/wp\/v2\/categories?post=183605"},{"taxonomy":"post_tag","embeddable":true,"href":"https:\/\/www.cetys.mx\/noticias\/wp-json\/wp\/v2\/tags?post=183605"}],"curies":[{"name":"wp","href":"https:\/\/api.w.org\/{rel}","templated":true}]}}