{"id":181681,"date":"2024-05-13T12:44:20","date_gmt":"2024-05-13T19:44:20","guid":{"rendered":"https:\/\/www.cetys.mx\/noticias\/?p=181681"},"modified":"2024-05-21T16:24:42","modified_gmt":"2024-05-21T23:24:42","slug":"sala-de-juicios-orales-de-cetys-mexicali-recibe-nombre-de-la-mtra-maria-luisa-walther-de-hoyos","status":"publish","type":"post","link":"https:\/\/www.cetys.mx\/noticias\/sala-de-juicios-orales-de-cetys-mexicali-recibe-nombre-de-la-mtra-maria-luisa-walther-de-hoyos\/","title":{"rendered":"Sala de Juicios Orales de CETYS Mexicali recibe nombre de la Mtra. Mar\u00eda Luisa Walther De Hoyos"},"content":{"rendered":"<div align=\"center\"><em><strong>Como reconocimiento a su trayectoria docente, la Sala de Juicios Orales de CETYS Universidad Campus Mexicali fue nombrada como la catedr\u00e1tica, quien fue clave para el desarrollo de la Licenciatura en Derecho en la instituci\u00f3n<\/strong><\/em><\/div>\n<div><\/div>\n<div align=\"justify\">En honor a su trayectoria docente, la Sala de Juicios Orales de la Escuela de Derecho de <a href=\"https:\/\/www.cetys.mx\/\">CETYS Universidad<\/a> Campus Mexicali recibi\u00f3 el nombre de la <strong>Mtra. Mar\u00eda Luisa Walther de Hoyos<\/strong>.<\/div>\n<div><\/div>\n<div align=\"justify\">\u201cNos honra que este espacio ser\u00e1 un recuerdo permanente de su gran contribuci\u00f3n, las figuras ic\u00f3nicas son quienes sustentan el desarrollo de\u00a0CETYS y una de esas figuras ic\u00f3nicas es la Mtra. Mar\u00eda Luisa\u201d, expres\u00f3 el <strong>Dr. Fernando Le\u00f3n Garc\u00eda, Rector del Sistema CETYS Universidad<\/strong>.<\/div>\n<div align=\"justify\"><\/div>\n<div align=\"justify\">Por ser una r\u00e9plica exacta de una sala de juicios orales de los tribunales del Poder Judicial del Estado de Baja California, en la Sala de Juicios Orales Mar\u00eda Luisa Walther de Hoyos los estudiantes de la Licenciatura en Derecho pueden poner en pr\u00e1ctica sus conocimientos jur\u00eddicos y desarrollar t\u00e9cnicas de litigaci\u00f3n con la simulaci\u00f3n de juicios orales, explic\u00f3 la <strong>Mtra. Bianca Barcel\u00f3, Directora de la Escuela de Derecho<\/strong>.<\/div>\n<div align=\"justify\"><img loading=\"lazy\" decoding=\"async\" class=\"wp-image-181551 aligncenter\" src=\"https:\/\/www.cetys.mx\/noticias\/wp-content\/uploads\/2024\/05\/maria.jpg\" alt=\"\" width=\"576\" height=\"385\" srcset=\"https:\/\/www.cetys.mx\/noticias\/wp-content\/uploads\/2024\/05\/maria.jpg 958w, https:\/\/www.cetys.mx\/noticias\/wp-content\/uploads\/2024\/05\/maria-768x512.jpg 768w\" sizes=\"auto, (max-width: 576px) 100vw, 576px\" \/><\/div>\n<div><\/div>\n<div align=\"justify\">\u201cNo podr\u00eda separar mi trayectoria en CETYS desde hace casi 40 a\u00f1os, de mi vida familiar y mi compromiso con la sociedad porque se fueron entrelazando en una sola historia que contin\u00faa hasta el d\u00eda de hoy, de tal manera que estoy infinitamente agradecida con las personas que me acompa\u00f1aron durante el camino recorrido en CETYS Universidad\u201d, resalt\u00f3 la Mtra. Mar\u00eda Luisa Walther De Hoyos.<\/div>\n<div><\/div>\n<div align=\"justify\">En el evento estuvieron presentes el Sr. Gustavo De Hoyos Walther, el Sr. Jorge De Hoyos Walther, el Sr. Carlos De Hoyos Walther, el Sr. Francisco De Hoyos Walther y la Sra. Luisa Fernanda De Hoyos Walther.<\/div>\n<div><\/div>\n<div align=\"justify\">En representaci\u00f3n de la familia, el Ing. Francisco De Hoyos Walther dirigi\u00f3 el mensaje de felicitaci\u00f3n a la homenajeada, reconociendo su gran trayectoria e impulso a la carrera de Derecho.<\/div>\n<div><\/div>\n<div align=\"justify\">\u201cMi madre es una gran consejera, confidente, gu\u00eda excepcional, en ella yo he encontrado un raro balance entre inteligencia, voluntad y coraz\u00f3n. Una de las grandes herencias que obtuve de ella, es ver la vida con un sano realismo, con los aprendizajes del pasado, con los pies en el presente y con una mirada de esperanza en el futuro\u201d, expres\u00f3.<\/div>\n<div><img loading=\"lazy\" decoding=\"async\" class=\" wp-image-181554 aligncenter\" src=\"https:\/\/www.cetys.mx\/noticias\/wp-content\/uploads\/2024\/05\/placamlwdh.jpg\" alt=\"\" width=\"581\" height=\"387\" srcset=\"https:\/\/www.cetys.mx\/noticias\/wp-content\/uploads\/2024\/05\/placamlwdh.jpg 958w, https:\/\/www.cetys.mx\/noticias\/wp-content\/uploads\/2024\/05\/placamlwdh-768x512.jpg 768w\" sizes=\"auto, (max-width: 581px) 100vw, 581px\" \/><\/div>\n<div align=\"justify\">Por su parte, el<strong> Lic. Juan Carlos Nelson Luque<\/strong>, <strong>presidente del Comit\u00e9 de Campa\u00f1a de Capital<\/strong>, en representaci\u00f3n del Instituto Educativo del Noroeste, Asociaci\u00f3n Civil (<strong>IENAC<\/strong>), \u00f3rgano de gobierno que auspicia a CETYS Universidad, destac\u00f3 el apoyo e impulso a la misi\u00f3n educativa de este Sistema, recibidos por la familia Walther de Hoyos.<\/div>\n<div align=\"justify\"><\/div>\n<div align=\"justify\">La Sala de Juicios Orales fue fundada el a\u00f1o 2002 en el edificio de Licenciatura del Campus Mexicali. Consta de un escritorio central que alberga al tribunal de enjuiciamiento y al costado derecho de hay un espacio para el trabajo del auxiliar de sala;, al costado izquierdo un escritorio d\u00f3nde se interrogan a los testigos y en su caso a los peritos.,<\/div>\n<div><\/div>\n<div align=\"justify\">Frente a ellos hay una mesa que dispone de sillas para el ofendido o v\u00edctima, su asesor jur\u00eddico y para el agente del Ministerio P\u00fablico, al costado de este se encuentra otro escritorio donde proceden las actuaciones del imputado y su defensor, detr\u00e1s de los espacios descritos hay suficientes sillones para el p\u00fablico asistente, adem\u00e1s de estar equipada con micr\u00f3fonos que permiten grabar el\u00a0juicio, bocinas, m\u00faltiples videoc\u00e1maras para la grabaci\u00f3n de las audiencias en diferentes \u00e1ngulos y pantallas de televisi\u00f3n para visualizar las video grabaciones y pruebas presentadas.<\/div>\n","protected":false},"excerpt":{"rendered":"<p>Como reconocimiento a su trayectoria docente, la Sala de Juicios Orales de CETYS Universidad Campus Mexicali fue nombrada como la catedr\u00e1tica, quien&#8230;<\/p>\n","protected":false},"author":20,"featured_media":181550,"comment_status":"open","ping_status":"closed","sticky":false,"template":"","format":"standard","meta":{"footnotes":""},"categories":[322,133,125,313],"tags":[4435,6802,6803,6801,6808],"class_list":["post-181681","post","type-post","status-publish","format-standard","has-post-thumbnail","hentry","category-avance-institucional","category-campus-mexicali","category-portada","category-vocetys-2","tag-escuela-de-derecho","tag-mtra-walther-de-hoyos","tag-nombramiento","tag-sala-de-juicios-orales","tag-vocetys-2024-05-21"],"yoast_head":"<!-- This site is optimized with the Yoast SEO plugin v27.4 - https:\/\/yoast.com\/product\/yoast-seo-wordpress\/ -->\n<title>Sala de Juicios Orales de CETYS Mexicali recibe nombre de la Mtra. Mar\u00eda Luisa Walther De Hoyos - CETYS<\/title>\n<meta name=\"description\" content=\"Articulo sobre Sala de Juicios Orales de CETYS Mexicali recibe nombre de la Mtra. Mar\u00eda Luisa Walther De Hoyos\" \/>\n<meta name=\"robots\" content=\"index, follow, max-snippet:-1, max-image-preview:large, max-video-preview:-1\" \/>\n<link rel=\"canonical\" href=\"https:\/\/www.cetys.mx\/noticias\/sala-de-juicios-orales-de-cetys-mexicali-recibe-nombre-de-la-mtra-maria-luisa-walther-de-hoyos\/\" \/>\n<meta property=\"og:locale\" content=\"es_MX\" \/>\n<meta property=\"og:type\" content=\"article\" \/>\n<meta property=\"og:title\" content=\"Sala de Juicios Orales de CETYS Mexicali recibe nombre de la Mtra. Mar\u00eda Luisa Walther De Hoyos - CETYS\" \/>\n<meta property=\"og:description\" content=\"Articulo sobre Sala de Juicios Orales de CETYS Mexicali recibe nombre de la Mtra. Mar\u00eda Luisa Walther De Hoyos\" \/>\n<meta property=\"og:url\" content=\"https:\/\/www.cetys.mx\/noticias\/sala-de-juicios-orales-de-cetys-mexicali-recibe-nombre-de-la-mtra-maria-luisa-walther-de-hoyos\/\" \/>\n<meta property=\"og:site_name\" content=\"CETYS\" \/>\n<meta property=\"article:publisher\" content=\"https:\/\/www.facebook.com\/cetysuniversidadmxl\/\" \/>\n<meta property=\"article:published_time\" content=\"2024-05-13T19:44:20+00:00\" \/>\n<meta property=\"article:modified_time\" content=\"2024-05-21T23:24:42+00:00\" \/>\n<meta property=\"og:image\" content=\"https:\/\/www.cetys.mx\/noticias\/wp-content\/uploads\/2024\/05\/luisa.jpg\" \/>\n\t<meta property=\"og:image:width\" content=\"958\" \/>\n\t<meta property=\"og:image:height\" content=\"639\" \/>\n\t<meta property=\"og:image:type\" content=\"image\/jpeg\" \/>\n<meta name=\"author\" content=\"Campus Mexicali\" \/>\n<meta name=\"twitter:card\" content=\"summary_large_image\" \/>\n<meta name=\"twitter:creator\" content=\"@cetysuni\" \/>\n<meta name=\"twitter:site\" content=\"@cetysuni\" \/>\n<meta name=\"twitter:label1\" content=\"Escrito por\" \/>\n\t<meta name=\"twitter:data1\" content=\"Campus Mexicali\" \/>\n\t<meta name=\"twitter:label2\" content=\"Tiempo de lectura\" \/>\n\t<meta name=\"twitter:data2\" content=\"3 minutos\" \/>\n<script type=\"application\/ld+json\" class=\"yoast-schema-graph\">{\"@context\":\"https:\\\/\\\/schema.org\",\"@graph\":[{\"@type\":\"Article\",\"@id\":\"https:\\\/\\\/www.cetys.mx\\\/noticias\\\/sala-de-juicios-orales-de-cetys-mexicali-recibe-nombre-de-la-mtra-maria-luisa-walther-de-hoyos\\\/#article\",\"isPartOf\":{\"@id\":\"https:\\\/\\\/www.cetys.mx\\\/noticias\\\/sala-de-juicios-orales-de-cetys-mexicali-recibe-nombre-de-la-mtra-maria-luisa-walther-de-hoyos\\\/\"},\"author\":{\"name\":\"Campus Mexicali\",\"@id\":\"https:\\\/\\\/www.cetys.mx\\\/noticias\\\/#\\\/schema\\\/person\\\/79a95c4ac185f3705cf1b9c9340a5f70\"},\"headline\":\"Sala de Juicios Orales de CETYS Mexicali recibe nombre de la Mtra. Mar\u00eda Luisa Walther De Hoyos\",\"datePublished\":\"2024-05-13T19:44:20+00:00\",\"dateModified\":\"2024-05-21T23:24:42+00:00\",\"mainEntityOfPage\":{\"@id\":\"https:\\\/\\\/www.cetys.mx\\\/noticias\\\/sala-de-juicios-orales-de-cetys-mexicali-recibe-nombre-de-la-mtra-maria-luisa-walther-de-hoyos\\\/\"},\"wordCount\":636,\"commentCount\":0,\"image\":{\"@id\":\"https:\\\/\\\/www.cetys.mx\\\/noticias\\\/sala-de-juicios-orales-de-cetys-mexicali-recibe-nombre-de-la-mtra-maria-luisa-walther-de-hoyos\\\/#primaryimage\"},\"thumbnailUrl\":\"https:\\\/\\\/www.cetys.mx\\\/noticias\\\/wp-content\\\/uploads\\\/2024\\\/05\\\/luisa.jpg\",\"keywords\":[\"Escuela de Derecho\",\"Mtra. Walther De Hoyos\",\"Nombramiento\",\"Sala de Juicios Orales\",\"vocetys-2024-05-21\"],\"articleSection\":[\"Avance Institucional\",\"Campus Mexicali\",\"Portada\",\"VoCETYS\"],\"inLanguage\":\"es\",\"potentialAction\":[{\"@type\":\"CommentAction\",\"name\":\"Comment\",\"target\":[\"https:\\\/\\\/www.cetys.mx\\\/noticias\\\/sala-de-juicios-orales-de-cetys-mexicali-recibe-nombre-de-la-mtra-maria-luisa-walther-de-hoyos\\\/#respond\"]}]},{\"@type\":\"WebPage\",\"@id\":\"https:\\\/\\\/www.cetys.mx\\\/noticias\\\/sala-de-juicios-orales-de-cetys-mexicali-recibe-nombre-de-la-mtra-maria-luisa-walther-de-hoyos\\\/\",\"url\":\"https:\\\/\\\/www.cetys.mx\\\/noticias\\\/sala-de-juicios-orales-de-cetys-mexicali-recibe-nombre-de-la-mtra-maria-luisa-walther-de-hoyos\\\/\",\"name\":\"Sala de Juicios Orales de CETYS Mexicali recibe nombre de la Mtra. Mar\u00eda Luisa Walther De Hoyos - CETYS\",\"isPartOf\":{\"@id\":\"https:\\\/\\\/www.cetys.mx\\\/noticias\\\/#website\"},\"primaryImageOfPage\":{\"@id\":\"https:\\\/\\\/www.cetys.mx\\\/noticias\\\/sala-de-juicios-orales-de-cetys-mexicali-recibe-nombre-de-la-mtra-maria-luisa-walther-de-hoyos\\\/#primaryimage\"},\"image\":{\"@id\":\"https:\\\/\\\/www.cetys.mx\\\/noticias\\\/sala-de-juicios-orales-de-cetys-mexicali-recibe-nombre-de-la-mtra-maria-luisa-walther-de-hoyos\\\/#primaryimage\"},\"thumbnailUrl\":\"https:\\\/\\\/www.cetys.mx\\\/noticias\\\/wp-content\\\/uploads\\\/2024\\\/05\\\/luisa.jpg\",\"datePublished\":\"2024-05-13T19:44:20+00:00\",\"dateModified\":\"2024-05-21T23:24:42+00:00\",\"author\":{\"@id\":\"https:\\\/\\\/www.cetys.mx\\\/noticias\\\/#\\\/schema\\\/person\\\/79a95c4ac185f3705cf1b9c9340a5f70\"},\"description\":\"Articulo sobre Sala de Juicios Orales de CETYS Mexicali recibe nombre de la Mtra. Mar\u00eda Luisa Walther De Hoyos\",\"breadcrumb\":{\"@id\":\"https:\\\/\\\/www.cetys.mx\\\/noticias\\\/sala-de-juicios-orales-de-cetys-mexicali-recibe-nombre-de-la-mtra-maria-luisa-walther-de-hoyos\\\/#breadcrumb\"},\"inLanguage\":\"es\",\"potentialAction\":[{\"@type\":\"ReadAction\",\"target\":[\"https:\\\/\\\/www.cetys.mx\\\/noticias\\\/sala-de-juicios-orales-de-cetys-mexicali-recibe-nombre-de-la-mtra-maria-luisa-walther-de-hoyos\\\/\"]}]},{\"@type\":\"ImageObject\",\"inLanguage\":\"es\",\"@id\":\"https:\\\/\\\/www.cetys.mx\\\/noticias\\\/sala-de-juicios-orales-de-cetys-mexicali-recibe-nombre-de-la-mtra-maria-luisa-walther-de-hoyos\\\/#primaryimage\",\"url\":\"https:\\\/\\\/www.cetys.mx\\\/noticias\\\/wp-content\\\/uploads\\\/2024\\\/05\\\/luisa.jpg\",\"contentUrl\":\"https:\\\/\\\/www.cetys.mx\\\/noticias\\\/wp-content\\\/uploads\\\/2024\\\/05\\\/luisa.jpg\",\"width\":958,\"height\":639},{\"@type\":\"BreadcrumbList\",\"@id\":\"https:\\\/\\\/www.cetys.mx\\\/noticias\\\/sala-de-juicios-orales-de-cetys-mexicali-recibe-nombre-de-la-mtra-maria-luisa-walther-de-hoyos\\\/#breadcrumb\",\"itemListElement\":[{\"@type\":\"ListItem\",\"position\":1,\"name\":\"Inicio\",\"item\":\"https:\\\/\\\/www.cetys.mx\\\/noticias\\\/\"},{\"@type\":\"ListItem\",\"position\":2,\"name\":\"Sala de Juicios Orales de CETYS Mexicali recibe nombre de la Mtra. Mar\u00eda Luisa Walther De Hoyos\"}]},{\"@type\":\"WebSite\",\"@id\":\"https:\\\/\\\/www.cetys.mx\\\/noticias\\\/#website\",\"url\":\"https:\\\/\\\/www.cetys.mx\\\/noticias\\\/\",\"name\":\"CETYS\",\"description\":\"\",\"potentialAction\":[{\"@type\":\"SearchAction\",\"target\":{\"@type\":\"EntryPoint\",\"urlTemplate\":\"https:\\\/\\\/www.cetys.mx\\\/noticias\\\/?s={search_term_string}\"},\"query-input\":{\"@type\":\"PropertyValueSpecification\",\"valueRequired\":true,\"valueName\":\"search_term_string\"}}],\"inLanguage\":\"es\"},{\"@type\":\"Person\",\"@id\":\"https:\\\/\\\/www.cetys.mx\\\/noticias\\\/#\\\/schema\\\/person\\\/79a95c4ac185f3705cf1b9c9340a5f70\",\"name\":\"Campus Mexicali\",\"url\":\"https:\\\/\\\/www.cetys.mx\\\/noticias\\\/author\\\/campusmexicali\\\/\"}]}<\/script>\n<!-- \/ Yoast SEO plugin. -->","yoast_head_json":{"title":"Sala de Juicios Orales de CETYS Mexicali recibe nombre de la Mtra. Mar\u00eda Luisa Walther De Hoyos - CETYS","description":"Articulo sobre Sala de Juicios Orales de CETYS Mexicali recibe nombre de la Mtra. Mar\u00eda Luisa Walther De Hoyos","robots":{"index":"index","follow":"follow","max-snippet":"max-snippet:-1","max-image-preview":"max-image-preview:large","max-video-preview":"max-video-preview:-1"},"canonical":"https:\/\/www.cetys.mx\/noticias\/sala-de-juicios-orales-de-cetys-mexicali-recibe-nombre-de-la-mtra-maria-luisa-walther-de-hoyos\/","og_locale":"es_MX","og_type":"article","og_title":"Sala de Juicios Orales de CETYS Mexicali recibe nombre de la Mtra. Mar\u00eda Luisa Walther De Hoyos - CETYS","og_description":"Articulo sobre Sala de Juicios Orales de CETYS Mexicali recibe nombre de la Mtra. Mar\u00eda Luisa Walther De Hoyos","og_url":"https:\/\/www.cetys.mx\/noticias\/sala-de-juicios-orales-de-cetys-mexicali-recibe-nombre-de-la-mtra-maria-luisa-walther-de-hoyos\/","og_site_name":"CETYS","article_publisher":"https:\/\/www.facebook.com\/cetysuniversidadmxl\/","article_published_time":"2024-05-13T19:44:20+00:00","article_modified_time":"2024-05-21T23:24:42+00:00","og_image":[{"width":958,"height":639,"url":"https:\/\/www.cetys.mx\/noticias\/wp-content\/uploads\/2024\/05\/luisa.jpg","type":"image\/jpeg"}],"author":"Campus Mexicali","twitter_card":"summary_large_image","twitter_creator":"@cetysuni","twitter_site":"@cetysuni","twitter_misc":{"Escrito por":"Campus Mexicali","Tiempo de lectura":"3 minutos"},"schema":{"@context":"https:\/\/schema.org","@graph":[{"@type":"Article","@id":"https:\/\/www.cetys.mx\/noticias\/sala-de-juicios-orales-de-cetys-mexicali-recibe-nombre-de-la-mtra-maria-luisa-walther-de-hoyos\/#article","isPartOf":{"@id":"https:\/\/www.cetys.mx\/noticias\/sala-de-juicios-orales-de-cetys-mexicali-recibe-nombre-de-la-mtra-maria-luisa-walther-de-hoyos\/"},"author":{"name":"Campus Mexicali","@id":"https:\/\/www.cetys.mx\/noticias\/#\/schema\/person\/79a95c4ac185f3705cf1b9c9340a5f70"},"headline":"Sala de Juicios Orales de CETYS Mexicali recibe nombre de la Mtra. Mar\u00eda Luisa Walther De Hoyos","datePublished":"2024-05-13T19:44:20+00:00","dateModified":"2024-05-21T23:24:42+00:00","mainEntityOfPage":{"@id":"https:\/\/www.cetys.mx\/noticias\/sala-de-juicios-orales-de-cetys-mexicali-recibe-nombre-de-la-mtra-maria-luisa-walther-de-hoyos\/"},"wordCount":636,"commentCount":0,"image":{"@id":"https:\/\/www.cetys.mx\/noticias\/sala-de-juicios-orales-de-cetys-mexicali-recibe-nombre-de-la-mtra-maria-luisa-walther-de-hoyos\/#primaryimage"},"thumbnailUrl":"https:\/\/www.cetys.mx\/noticias\/wp-content\/uploads\/2024\/05\/luisa.jpg","keywords":["Escuela de Derecho","Mtra. Walther De Hoyos","Nombramiento","Sala de Juicios Orales","vocetys-2024-05-21"],"articleSection":["Avance Institucional","Campus Mexicali","Portada","VoCETYS"],"inLanguage":"es","potentialAction":[{"@type":"CommentAction","name":"Comment","target":["https:\/\/www.cetys.mx\/noticias\/sala-de-juicios-orales-de-cetys-mexicali-recibe-nombre-de-la-mtra-maria-luisa-walther-de-hoyos\/#respond"]}]},{"@type":"WebPage","@id":"https:\/\/www.cetys.mx\/noticias\/sala-de-juicios-orales-de-cetys-mexicali-recibe-nombre-de-la-mtra-maria-luisa-walther-de-hoyos\/","url":"https:\/\/www.cetys.mx\/noticias\/sala-de-juicios-orales-de-cetys-mexicali-recibe-nombre-de-la-mtra-maria-luisa-walther-de-hoyos\/","name":"Sala de Juicios Orales de CETYS Mexicali recibe nombre de la Mtra. Mar\u00eda Luisa Walther De Hoyos - CETYS","isPartOf":{"@id":"https:\/\/www.cetys.mx\/noticias\/#website"},"primaryImageOfPage":{"@id":"https:\/\/www.cetys.mx\/noticias\/sala-de-juicios-orales-de-cetys-mexicali-recibe-nombre-de-la-mtra-maria-luisa-walther-de-hoyos\/#primaryimage"},"image":{"@id":"https:\/\/www.cetys.mx\/noticias\/sala-de-juicios-orales-de-cetys-mexicali-recibe-nombre-de-la-mtra-maria-luisa-walther-de-hoyos\/#primaryimage"},"thumbnailUrl":"https:\/\/www.cetys.mx\/noticias\/wp-content\/uploads\/2024\/05\/luisa.jpg","datePublished":"2024-05-13T19:44:20+00:00","dateModified":"2024-05-21T23:24:42+00:00","author":{"@id":"https:\/\/www.cetys.mx\/noticias\/#\/schema\/person\/79a95c4ac185f3705cf1b9c9340a5f70"},"description":"Articulo sobre Sala de Juicios Orales de CETYS Mexicali recibe nombre de la Mtra. Mar\u00eda Luisa Walther De Hoyos","breadcrumb":{"@id":"https:\/\/www.cetys.mx\/noticias\/sala-de-juicios-orales-de-cetys-mexicali-recibe-nombre-de-la-mtra-maria-luisa-walther-de-hoyos\/#breadcrumb"},"inLanguage":"es","potentialAction":[{"@type":"ReadAction","target":["https:\/\/www.cetys.mx\/noticias\/sala-de-juicios-orales-de-cetys-mexicali-recibe-nombre-de-la-mtra-maria-luisa-walther-de-hoyos\/"]}]},{"@type":"ImageObject","inLanguage":"es","@id":"https:\/\/www.cetys.mx\/noticias\/sala-de-juicios-orales-de-cetys-mexicali-recibe-nombre-de-la-mtra-maria-luisa-walther-de-hoyos\/#primaryimage","url":"https:\/\/www.cetys.mx\/noticias\/wp-content\/uploads\/2024\/05\/luisa.jpg","contentUrl":"https:\/\/www.cetys.mx\/noticias\/wp-content\/uploads\/2024\/05\/luisa.jpg","width":958,"height":639},{"@type":"BreadcrumbList","@id":"https:\/\/www.cetys.mx\/noticias\/sala-de-juicios-orales-de-cetys-mexicali-recibe-nombre-de-la-mtra-maria-luisa-walther-de-hoyos\/#breadcrumb","itemListElement":[{"@type":"ListItem","position":1,"name":"Inicio","item":"https:\/\/www.cetys.mx\/noticias\/"},{"@type":"ListItem","position":2,"name":"Sala de Juicios Orales de CETYS Mexicali recibe nombre de la Mtra. Mar\u00eda Luisa Walther De Hoyos"}]},{"@type":"WebSite","@id":"https:\/\/www.cetys.mx\/noticias\/#website","url":"https:\/\/www.cetys.mx\/noticias\/","name":"CETYS","description":"","potentialAction":[{"@type":"SearchAction","target":{"@type":"EntryPoint","urlTemplate":"https:\/\/www.cetys.mx\/noticias\/?s={search_term_string}"},"query-input":{"@type":"PropertyValueSpecification","valueRequired":true,"valueName":"search_term_string"}}],"inLanguage":"es"},{"@type":"Person","@id":"https:\/\/www.cetys.mx\/noticias\/#\/schema\/person\/79a95c4ac185f3705cf1b9c9340a5f70","name":"Campus Mexicali","url":"https:\/\/www.cetys.mx\/noticias\/author\/campusmexicali\/"}]}},"_links":{"self":[{"href":"https:\/\/www.cetys.mx\/noticias\/wp-json\/wp\/v2\/posts\/181681","targetHints":{"allow":["GET"]}}],"collection":[{"href":"https:\/\/www.cetys.mx\/noticias\/wp-json\/wp\/v2\/posts"}],"about":[{"href":"https:\/\/www.cetys.mx\/noticias\/wp-json\/wp\/v2\/types\/post"}],"author":[{"embeddable":true,"href":"https:\/\/www.cetys.mx\/noticias\/wp-json\/wp\/v2\/users\/20"}],"replies":[{"embeddable":true,"href":"https:\/\/www.cetys.mx\/noticias\/wp-json\/wp\/v2\/comments?post=181681"}],"version-history":[{"count":3,"href":"https:\/\/www.cetys.mx\/noticias\/wp-json\/wp\/v2\/posts\/181681\/revisions"}],"predecessor-version":[{"id":181688,"href":"https:\/\/www.cetys.mx\/noticias\/wp-json\/wp\/v2\/posts\/181681\/revisions\/181688"}],"wp:featuredmedia":[{"embeddable":true,"href":"https:\/\/www.cetys.mx\/noticias\/wp-json\/wp\/v2\/media\/181550"}],"wp:attachment":[{"href":"https:\/\/www.cetys.mx\/noticias\/wp-json\/wp\/v2\/media?parent=181681"}],"wp:term":[{"taxonomy":"category","embeddable":true,"href":"https:\/\/www.cetys.mx\/noticias\/wp-json\/wp\/v2\/categories?post=181681"},{"taxonomy":"post_tag","embeddable":true,"href":"https:\/\/www.cetys.mx\/noticias\/wp-json\/wp\/v2\/tags?post=181681"}],"curies":[{"name":"wp","href":"https:\/\/api.w.org\/{rel}","templated":true}]}}