{"id":181599,"date":"2024-05-13T16:42:12","date_gmt":"2024-05-13T23:42:12","guid":{"rendered":"https:\/\/www.cetys.mx\/noticias\/?p=181599"},"modified":"2024-05-13T16:42:12","modified_gmt":"2024-05-13T23:42:12","slug":"estudiantes-de-colombia-conocen-el-potencial-emprendedor-e-innovador-de-la-region-fronteriza-de-bc","status":"publish","type":"post","link":"https:\/\/www.cetys.mx\/noticias\/estudiantes-de-colombia-conocen-el-potencial-emprendedor-e-innovador-de-la-region-fronteriza-de-bc\/","title":{"rendered":"Estudiantes de Colombia conocen el potencial emprendedor e innovador de la regi\u00f3n fronteriza de BC"},"content":{"rendered":"<p><b><\/b><span style=\"font-weight: 400;\"> Un grupo de <strong>estudiantes de<\/strong> la Universidad de <strong>Santo Tom\u00e1s en Bucaramanga<\/strong>, <strong>Colombia<\/strong>, <strong>conocieron<\/strong> el <strong>potencial de la regi\u00f3n fronteriza<\/strong> de <strong>Baja California<\/strong>, tras participar en una estancia corta sobre <strong>emprendimiento e innovaci\u00f3n<\/strong>, el cual fue realizado en la <strong>CETYS Universidad<\/strong>, <em>Campus Tijuana e Internacional Ensenada.<\/em><\/span><\/p>\n<div id=\"attachment_181604\" style=\"width: 490px\" class=\"wp-caption aligncenter\"><img loading=\"lazy\" decoding=\"async\" aria-describedby=\"caption-attachment-181604\" class=\"wp-image-181604\" src=\"https:\/\/www.cetys.mx\/noticias\/wp-content\/uploads\/2024\/05\/estudiantes-de-colombia-en-puerto-ensenada.png\" alt=\"\" width=\"480\" height=\"319\" srcset=\"https:\/\/www.cetys.mx\/noticias\/wp-content\/uploads\/2024\/05\/estudiantes-de-colombia-en-puerto-ensenada.png 958w, https:\/\/www.cetys.mx\/noticias\/wp-content\/uploads\/2024\/05\/estudiantes-de-colombia-en-puerto-ensenada-768x511.png 768w\" sizes=\"auto, (max-width: 480px) 100vw, 480px\" \/><p id=\"caption-attachment-181604\" class=\"wp-caption-text\">Estudiantes de Santo Tom\u00e1s de Bucaramanga en el puerto de Ensenada<\/p><\/div>\n<p><span style=\"font-weight: 400;\">De acuerdo con la <strong>Dra. Guadalupe S\u00e1nchez V\u00e9lez<\/strong>, <em>Directora del Colegio de Administraci\u00f3n y Negocios del Sistema CETYS,<\/em> esta es una oportunidad de fomentar intercambios de universidades de otros pa\u00edses a la regi\u00f3n, la cual cuenta con un potencial en el emprendimiento e innovaci\u00f3n al ser vecinos de unas de las econom\u00edas m\u00e1s importantes del mundo, as\u00ed como el dinamismo de la regi\u00f3n Cali-Baja.<\/span><\/p>\n<p><span style=\"font-weight: 400;\">El programa ofreci\u00f3 a la comunidad colombiana\u00a0 una serie de talleres, pl\u00e1ticas, as\u00ed como\u00a0 visitas a empresas locales de Tijuana y Ensenada destacadas, como ITJ, especializada en tecnolog\u00eda, el puerto de Ensenada, para entender la din\u00e1mica comercial entre M\u00e9xico-Colombia.<\/span><\/p>\n<p><span style=\"font-weight: 400;\">Adem\u00e1s del contenido acad\u00e9mico en<strong> CETYS<\/strong>, los visitantes recorrieron algunos puntos\u00a0 emblem\u00e1ticos de Tijuana y Ensenada, donde se destacaron las oportunidades comerciales y la vitalidad del ecosistema emprendedor local. Tambi\u00e9n se abordaron temas de responsabilidad social empresarial y comercio internacional.<\/span><\/p>\n<blockquote><p><span style=\"font-weight: 400;\">\u201cEsta experiencia no solo beneficia a los estudiantes visitantes, sino que tambi\u00e9n nos permite fortalecer nuestros programas acad\u00e9micos con otros panoramas. En CETYS tenemos programas atractivos para estudiantes de otras instituciones fuera de M\u00e9xico\u201d, consider\u00f3 la Directora del Colegio de Administraci\u00f3n.<\/span><\/p>\n<div class=\"gallery-slider-wrapper gallery-1\">\n                        <div class=\"gallery-slider\" itemscope itemtype=\"http:\/\/schema.org\/ImageGallery\"><figure class=\"slide\" itemprop=\"associatedMedia\" itemscope itemtype=\"http:\/\/schema.org\/ImageObject\">\n                    <a itemprop=\"contentUrl\" href=\"https:\/\/www.cetys.mx\/noticias\/wp-content\/uploads\/2024\/05\/estancia-corta-colombia-en-cetys-tijuana-03.png\">\n                        <img decoding=\"async\" itemprop=\"thumbnail\" class=\"lazyOwl\" src=\"https:\/\/www.cetys.mx\/noticias\/wp-content\/plugins\/jmagz-plugin\/assets\/placeholder\/900x450.png\" data-src=\"https:\/\/www.cetys.mx\/noticias\/wp-content\/uploads\/2024\/05\/estancia-corta-colombia-en-cetys-tijuana-03.png\" alt=\"estancia-corta-colombia-en-cetys-tijuana-03\">\n                    <\/a>\n                    <figcaption itemprop=\"caption description\" class=\"slide-caption\">\n                        \n                    <\/figcaption>\n                <\/figure><figure class=\"slide\" itemprop=\"associatedMedia\" itemscope itemtype=\"http:\/\/schema.org\/ImageObject\">\n                    <a itemprop=\"contentUrl\" href=\"https:\/\/www.cetys.mx\/noticias\/wp-content\/uploads\/2024\/05\/estancia-corta-colombia-en-cetys-tijuana-02.png\">\n                        <img decoding=\"async\" itemprop=\"thumbnail\" class=\"lazyOwl\" src=\"https:\/\/www.cetys.mx\/noticias\/wp-content\/plugins\/jmagz-plugin\/assets\/placeholder\/900x450.png\" data-src=\"https:\/\/www.cetys.mx\/noticias\/wp-content\/uploads\/2024\/05\/estancia-corta-colombia-en-cetys-tijuana-02.png\" alt=\"estancia-corta-colombia-en-cetys-tijuana-02\">\n                    <\/a>\n                    <figcaption itemprop=\"caption description\" class=\"slide-caption\">\n                        \n                    <\/figcaption>\n                <\/figure><figure class=\"slide\" itemprop=\"associatedMedia\" itemscope itemtype=\"http:\/\/schema.org\/ImageObject\">\n                    <a itemprop=\"contentUrl\" href=\"https:\/\/www.cetys.mx\/noticias\/wp-content\/uploads\/2024\/05\/estancia-corta-colombia-en-cetys-tijuana-04.png\">\n                        <img decoding=\"async\" itemprop=\"thumbnail\" class=\"lazyOwl\" src=\"https:\/\/www.cetys.mx\/noticias\/wp-content\/plugins\/jmagz-plugin\/assets\/placeholder\/900x450.png\" data-src=\"https:\/\/www.cetys.mx\/noticias\/wp-content\/uploads\/2024\/05\/estancia-corta-colombia-en-cetys-tijuana-04.png\" alt=\"estancia-corta-colombia-en-cetys-tijuana-04\">\n                    <\/a>\n                    <figcaption itemprop=\"caption description\" class=\"slide-caption\">\n                        \n                    <\/figcaption>\n                <\/figure><figure class=\"slide\" itemprop=\"associatedMedia\" itemscope itemtype=\"http:\/\/schema.org\/ImageObject\">\n                    <a itemprop=\"contentUrl\" href=\"https:\/\/www.cetys.mx\/noticias\/wp-content\/uploads\/2024\/05\/estancia-corta-colombia-en-cetys-tijuana-06.png\">\n                        <img decoding=\"async\" itemprop=\"thumbnail\" class=\"lazyOwl\" src=\"https:\/\/www.cetys.mx\/noticias\/wp-content\/plugins\/jmagz-plugin\/assets\/placeholder\/900x450.png\" data-src=\"https:\/\/www.cetys.mx\/noticias\/wp-content\/uploads\/2024\/05\/estancia-corta-colombia-en-cetys-tijuana-06.png\" alt=\"estancia-corta-colombia-en-cetys-tijuana-06\">\n                    <\/a>\n                    <figcaption itemprop=\"caption description\" class=\"slide-caption\">\n                        \n                    <\/figcaption>\n                <\/figure><figure class=\"slide\" itemprop=\"associatedMedia\" itemscope itemtype=\"http:\/\/schema.org\/ImageObject\">\n                    <a itemprop=\"contentUrl\" href=\"https:\/\/www.cetys.mx\/noticias\/wp-content\/uploads\/2024\/05\/estancia-corta-colombia-en-cetys-tijuana-05.png\">\n                        <img decoding=\"async\" itemprop=\"thumbnail\" class=\"lazyOwl\" src=\"https:\/\/www.cetys.mx\/noticias\/wp-content\/plugins\/jmagz-plugin\/assets\/placeholder\/900x450.png\" data-src=\"https:\/\/www.cetys.mx\/noticias\/wp-content\/uploads\/2024\/05\/estancia-corta-colombia-en-cetys-tijuana-05.png\" alt=\"estancia-corta-colombia-en-cetys-tijuana-05\">\n                    <\/a>\n                    <figcaption itemprop=\"caption description\" class=\"slide-caption\">\n                        \n                    <\/figcaption>\n                <\/figure><figure class=\"slide\" itemprop=\"associatedMedia\" itemscope itemtype=\"http:\/\/schema.org\/ImageObject\">\n                    <a itemprop=\"contentUrl\" href=\"https:\/\/www.cetys.mx\/noticias\/wp-content\/uploads\/2024\/05\/estancia-corta-colombia-en-cetys-tijuana-01.png\">\n                        <img decoding=\"async\" itemprop=\"thumbnail\" class=\"lazyOwl\" src=\"https:\/\/www.cetys.mx\/noticias\/wp-content\/plugins\/jmagz-plugin\/assets\/placeholder\/900x450.png\" data-src=\"https:\/\/www.cetys.mx\/noticias\/wp-content\/uploads\/2024\/05\/estancia-corta-colombia-en-cetys-tijuana-01.png\" alt=\"estancia-corta-colombia-en-cetys-tijuana-01\">\n                    <\/a>\n                    <figcaption itemprop=\"caption description\" class=\"slide-caption\">\n                        \n                    <\/figcaption>\n                <\/figure><\/div>\n                <div class=\"gallery-slider-thumbnail-wrapper\">\n                    <div class=\"gallery-slider-thumbnail\"><div class=\"slide-thumbnail\"><img decoding=\"async\" class=\"lazyOwl\" src=\"https:\/\/www.cetys.mx\/noticias\/wp-content\/plugins\/jmagz-plugin\/assets\/placeholder\/150x75.png\" data-src=\"https:\/\/www.cetys.mx\/noticias\/wp-content\/uploads\/2024\/05\/estancia-corta-colombia-en-cetys-tijuana-03.png\" alt=\"estancia-corta-colombia-en-cetys-tijuana-03\"><\/div><div class=\"slide-thumbnail\"><img decoding=\"async\" class=\"lazyOwl\" src=\"https:\/\/www.cetys.mx\/noticias\/wp-content\/plugins\/jmagz-plugin\/assets\/placeholder\/150x75.png\" data-src=\"https:\/\/www.cetys.mx\/noticias\/wp-content\/uploads\/2024\/05\/estancia-corta-colombia-en-cetys-tijuana-02.png\" alt=\"estancia-corta-colombia-en-cetys-tijuana-02\"><\/div><div class=\"slide-thumbnail\"><img decoding=\"async\" class=\"lazyOwl\" src=\"https:\/\/www.cetys.mx\/noticias\/wp-content\/plugins\/jmagz-plugin\/assets\/placeholder\/150x75.png\" data-src=\"https:\/\/www.cetys.mx\/noticias\/wp-content\/uploads\/2024\/05\/estancia-corta-colombia-en-cetys-tijuana-04.png\" alt=\"estancia-corta-colombia-en-cetys-tijuana-04\"><\/div><div class=\"slide-thumbnail\"><img decoding=\"async\" class=\"lazyOwl\" src=\"https:\/\/www.cetys.mx\/noticias\/wp-content\/plugins\/jmagz-plugin\/assets\/placeholder\/150x75.png\" data-src=\"https:\/\/www.cetys.mx\/noticias\/wp-content\/uploads\/2024\/05\/estancia-corta-colombia-en-cetys-tijuana-06.png\" alt=\"estancia-corta-colombia-en-cetys-tijuana-06\"><\/div><div class=\"slide-thumbnail\"><img decoding=\"async\" class=\"lazyOwl\" src=\"https:\/\/www.cetys.mx\/noticias\/wp-content\/plugins\/jmagz-plugin\/assets\/placeholder\/150x75.png\" data-src=\"https:\/\/www.cetys.mx\/noticias\/wp-content\/uploads\/2024\/05\/estancia-corta-colombia-en-cetys-tijuana-05.png\" alt=\"estancia-corta-colombia-en-cetys-tijuana-05\"><\/div><div class=\"slide-thumbnail\"><img decoding=\"async\" class=\"lazyOwl\" src=\"https:\/\/www.cetys.mx\/noticias\/wp-content\/plugins\/jmagz-plugin\/assets\/placeholder\/150x75.png\" data-src=\"https:\/\/www.cetys.mx\/noticias\/wp-content\/uploads\/2024\/05\/estancia-corta-colombia-en-cetys-tijuana-01.png\" alt=\"estancia-corta-colombia-en-cetys-tijuana-01\"><\/div><\/div><\/div><\/div><\/blockquote>\n","protected":false},"excerpt":{"rendered":"<p>Un grupo de estudiantes de la Universidad de Santo Tom\u00e1s en Bucaramanga, Colombia, conocieron el potencial de la regi\u00f3n fronteriza de Baja&#8230;<\/p>\n","protected":false},"author":24,"featured_media":181605,"comment_status":"open","ping_status":"closed","sticky":false,"template":"","format":"standard","meta":{"footnotes":""},"categories":[132,134,125,313],"tags":[4945,221,6477],"class_list":["post-181599","post","type-post","status-publish","format-standard","has-post-thumbnail","hentry","category-campus-ensenada","category-campus-tijuana","category-portada","category-vocetys-2","tag-colombia","tag-internacional","tag-negociosinternacionales"],"yoast_head":"<!-- This site is optimized with the Yoast SEO plugin v27.4 - https:\/\/yoast.com\/product\/yoast-seo-wordpress\/ -->\n<title>Estudiantes de Colombia conocen potencial emprendedor de BC<\/title>\n<meta name=\"description\" content=\"Alumnos de la Universidad de Santo Tom\u00e1s, Colombia, realizaron una estancia en CETYS Tijuana y Ensenada, sobre emprendimiento e innovaci\u00f3n.\" \/>\n<meta name=\"robots\" content=\"index, follow, max-snippet:-1, max-image-preview:large, max-video-preview:-1\" \/>\n<link rel=\"canonical\" href=\"https:\/\/www.cetys.mx\/noticias\/estudiantes-de-colombia-conocen-el-potencial-emprendedor-e-innovador-de-la-region-fronteriza-de-bc\/\" \/>\n<meta property=\"og:locale\" content=\"es_MX\" \/>\n<meta property=\"og:type\" content=\"article\" \/>\n<meta property=\"og:title\" content=\"Estudiantes de Colombia conocen potencial emprendedor de BC\" \/>\n<meta property=\"og:description\" content=\"Alumnos de la Universidad de Santo Tom\u00e1s, Colombia, realizaron una estancia en CETYS Tijuana y Ensenada, sobre emprendimiento e innovaci\u00f3n.\" \/>\n<meta property=\"og:url\" content=\"https:\/\/www.cetys.mx\/noticias\/estudiantes-de-colombia-conocen-el-potencial-emprendedor-e-innovador-de-la-region-fronteriza-de-bc\/\" \/>\n<meta property=\"og:site_name\" content=\"CETYS\" \/>\n<meta property=\"article:publisher\" content=\"https:\/\/www.facebook.com\/cetysuniversidadmxl\/\" \/>\n<meta property=\"article:published_time\" content=\"2024-05-13T23:42:12+00:00\" \/>\n<meta property=\"og:image\" content=\"https:\/\/www.cetys.mx\/noticias\/wp-content\/uploads\/2024\/05\/estancia-corta-colombia-en-cetys-tijuana.jpg\" \/>\n\t<meta property=\"og:image:width\" content=\"1600\" \/>\n\t<meta property=\"og:image:height\" content=\"1200\" \/>\n\t<meta property=\"og:image:type\" content=\"image\/jpeg\" \/>\n<meta name=\"author\" content=\"Campus Tijuana\" \/>\n<meta name=\"twitter:card\" content=\"summary_large_image\" \/>\n<meta name=\"twitter:creator\" content=\"@cetysuni\" \/>\n<meta name=\"twitter:site\" content=\"@cetysuni\" \/>\n<meta name=\"twitter:label1\" content=\"Escrito por\" \/>\n\t<meta name=\"twitter:data1\" content=\"Campus Tijuana\" \/>\n\t<meta name=\"twitter:label2\" content=\"Tiempo de lectura\" \/>\n\t<meta name=\"twitter:data2\" content=\"1 minuto\" \/>\n<script type=\"application\/ld+json\" class=\"yoast-schema-graph\">{\"@context\":\"https:\\\/\\\/schema.org\",\"@graph\":[{\"@type\":\"Article\",\"@id\":\"https:\\\/\\\/www.cetys.mx\\\/noticias\\\/estudiantes-de-colombia-conocen-el-potencial-emprendedor-e-innovador-de-la-region-fronteriza-de-bc\\\/#article\",\"isPartOf\":{\"@id\":\"https:\\\/\\\/www.cetys.mx\\\/noticias\\\/estudiantes-de-colombia-conocen-el-potencial-emprendedor-e-innovador-de-la-region-fronteriza-de-bc\\\/\"},\"author\":{\"name\":\"Campus Tijuana\",\"@id\":\"https:\\\/\\\/www.cetys.mx\\\/noticias\\\/#\\\/schema\\\/person\\\/e790051ce60e18ae47cfa87011c8653f\"},\"headline\":\"Estudiantes de Colombia conocen el potencial emprendedor e innovador de la regi\u00f3n fronteriza de BC\",\"datePublished\":\"2024-05-13T23:42:12+00:00\",\"mainEntityOfPage\":{\"@id\":\"https:\\\/\\\/www.cetys.mx\\\/noticias\\\/estudiantes-de-colombia-conocen-el-potencial-emprendedor-e-innovador-de-la-region-fronteriza-de-bc\\\/\"},\"wordCount\":296,\"commentCount\":0,\"image\":{\"@id\":\"https:\\\/\\\/www.cetys.mx\\\/noticias\\\/estudiantes-de-colombia-conocen-el-potencial-emprendedor-e-innovador-de-la-region-fronteriza-de-bc\\\/#primaryimage\"},\"thumbnailUrl\":\"https:\\\/\\\/www.cetys.mx\\\/noticias\\\/wp-content\\\/uploads\\\/2024\\\/05\\\/estancia-corta-colombia-en-cetys-tijuana.jpg\",\"keywords\":[\"Colombia\",\"internacional\",\"NegociosInternacionales\"],\"articleSection\":[\"Campus Ensenada\",\"Campus Tijuana\",\"Portada\",\"VoCETYS\"],\"inLanguage\":\"es\",\"potentialAction\":[{\"@type\":\"CommentAction\",\"name\":\"Comment\",\"target\":[\"https:\\\/\\\/www.cetys.mx\\\/noticias\\\/estudiantes-de-colombia-conocen-el-potencial-emprendedor-e-innovador-de-la-region-fronteriza-de-bc\\\/#respond\"]}]},{\"@type\":\"WebPage\",\"@id\":\"https:\\\/\\\/www.cetys.mx\\\/noticias\\\/estudiantes-de-colombia-conocen-el-potencial-emprendedor-e-innovador-de-la-region-fronteriza-de-bc\\\/\",\"url\":\"https:\\\/\\\/www.cetys.mx\\\/noticias\\\/estudiantes-de-colombia-conocen-el-potencial-emprendedor-e-innovador-de-la-region-fronteriza-de-bc\\\/\",\"name\":\"Estudiantes de Colombia conocen potencial emprendedor de BC\",\"isPartOf\":{\"@id\":\"https:\\\/\\\/www.cetys.mx\\\/noticias\\\/#website\"},\"primaryImageOfPage\":{\"@id\":\"https:\\\/\\\/www.cetys.mx\\\/noticias\\\/estudiantes-de-colombia-conocen-el-potencial-emprendedor-e-innovador-de-la-region-fronteriza-de-bc\\\/#primaryimage\"},\"image\":{\"@id\":\"https:\\\/\\\/www.cetys.mx\\\/noticias\\\/estudiantes-de-colombia-conocen-el-potencial-emprendedor-e-innovador-de-la-region-fronteriza-de-bc\\\/#primaryimage\"},\"thumbnailUrl\":\"https:\\\/\\\/www.cetys.mx\\\/noticias\\\/wp-content\\\/uploads\\\/2024\\\/05\\\/estancia-corta-colombia-en-cetys-tijuana.jpg\",\"datePublished\":\"2024-05-13T23:42:12+00:00\",\"author\":{\"@id\":\"https:\\\/\\\/www.cetys.mx\\\/noticias\\\/#\\\/schema\\\/person\\\/e790051ce60e18ae47cfa87011c8653f\"},\"description\":\"Alumnos de la Universidad de Santo Tom\u00e1s, Colombia, realizaron una estancia en CETYS Tijuana y Ensenada, sobre emprendimiento e innovaci\u00f3n.\",\"breadcrumb\":{\"@id\":\"https:\\\/\\\/www.cetys.mx\\\/noticias\\\/estudiantes-de-colombia-conocen-el-potencial-emprendedor-e-innovador-de-la-region-fronteriza-de-bc\\\/#breadcrumb\"},\"inLanguage\":\"es\",\"potentialAction\":[{\"@type\":\"ReadAction\",\"target\":[\"https:\\\/\\\/www.cetys.mx\\\/noticias\\\/estudiantes-de-colombia-conocen-el-potencial-emprendedor-e-innovador-de-la-region-fronteriza-de-bc\\\/\"]}]},{\"@type\":\"ImageObject\",\"inLanguage\":\"es\",\"@id\":\"https:\\\/\\\/www.cetys.mx\\\/noticias\\\/estudiantes-de-colombia-conocen-el-potencial-emprendedor-e-innovador-de-la-region-fronteriza-de-bc\\\/#primaryimage\",\"url\":\"https:\\\/\\\/www.cetys.mx\\\/noticias\\\/wp-content\\\/uploads\\\/2024\\\/05\\\/estancia-corta-colombia-en-cetys-tijuana.jpg\",\"contentUrl\":\"https:\\\/\\\/www.cetys.mx\\\/noticias\\\/wp-content\\\/uploads\\\/2024\\\/05\\\/estancia-corta-colombia-en-cetys-tijuana.jpg\",\"width\":1600,\"height\":1200,\"caption\":\"Estudiantes de Santo Tom\u00e1s de Bucaramanga en el centro hist\u00f3rico de Tijuana.\"},{\"@type\":\"BreadcrumbList\",\"@id\":\"https:\\\/\\\/www.cetys.mx\\\/noticias\\\/estudiantes-de-colombia-conocen-el-potencial-emprendedor-e-innovador-de-la-region-fronteriza-de-bc\\\/#breadcrumb\",\"itemListElement\":[{\"@type\":\"ListItem\",\"position\":1,\"name\":\"Inicio\",\"item\":\"https:\\\/\\\/www.cetys.mx\\\/noticias\\\/\"},{\"@type\":\"ListItem\",\"position\":2,\"name\":\"Estudiantes de Colombia conocen el potencial emprendedor e innovador de la regi\u00f3n fronteriza de BC\"}]},{\"@type\":\"WebSite\",\"@id\":\"https:\\\/\\\/www.cetys.mx\\\/noticias\\\/#website\",\"url\":\"https:\\\/\\\/www.cetys.mx\\\/noticias\\\/\",\"name\":\"CETYS\",\"description\":\"\",\"potentialAction\":[{\"@type\":\"SearchAction\",\"target\":{\"@type\":\"EntryPoint\",\"urlTemplate\":\"https:\\\/\\\/www.cetys.mx\\\/noticias\\\/?s={search_term_string}\"},\"query-input\":{\"@type\":\"PropertyValueSpecification\",\"valueRequired\":true,\"valueName\":\"search_term_string\"}}],\"inLanguage\":\"es\"},{\"@type\":\"Person\",\"@id\":\"https:\\\/\\\/www.cetys.mx\\\/noticias\\\/#\\\/schema\\\/person\\\/e790051ce60e18ae47cfa87011c8653f\",\"name\":\"Campus Tijuana\",\"url\":\"https:\\\/\\\/www.cetys.mx\\\/noticias\\\/author\\\/campustijuana\\\/\"}]}<\/script>\n<!-- \/ Yoast SEO plugin. -->","yoast_head_json":{"title":"Estudiantes de Colombia conocen potencial emprendedor de BC","description":"Alumnos de la Universidad de Santo Tom\u00e1s, Colombia, realizaron una estancia en CETYS Tijuana y Ensenada, sobre emprendimiento e innovaci\u00f3n.","robots":{"index":"index","follow":"follow","max-snippet":"max-snippet:-1","max-image-preview":"max-image-preview:large","max-video-preview":"max-video-preview:-1"},"canonical":"https:\/\/www.cetys.mx\/noticias\/estudiantes-de-colombia-conocen-el-potencial-emprendedor-e-innovador-de-la-region-fronteriza-de-bc\/","og_locale":"es_MX","og_type":"article","og_title":"Estudiantes de Colombia conocen potencial emprendedor de BC","og_description":"Alumnos de la Universidad de Santo Tom\u00e1s, Colombia, realizaron una estancia en CETYS Tijuana y Ensenada, sobre emprendimiento e innovaci\u00f3n.","og_url":"https:\/\/www.cetys.mx\/noticias\/estudiantes-de-colombia-conocen-el-potencial-emprendedor-e-innovador-de-la-region-fronteriza-de-bc\/","og_site_name":"CETYS","article_publisher":"https:\/\/www.facebook.com\/cetysuniversidadmxl\/","article_published_time":"2024-05-13T23:42:12+00:00","og_image":[{"width":1600,"height":1200,"url":"https:\/\/www.cetys.mx\/noticias\/wp-content\/uploads\/2024\/05\/estancia-corta-colombia-en-cetys-tijuana.jpg","type":"image\/jpeg"}],"author":"Campus Tijuana","twitter_card":"summary_large_image","twitter_creator":"@cetysuni","twitter_site":"@cetysuni","twitter_misc":{"Escrito por":"Campus Tijuana","Tiempo de lectura":"1 minuto"},"schema":{"@context":"https:\/\/schema.org","@graph":[{"@type":"Article","@id":"https:\/\/www.cetys.mx\/noticias\/estudiantes-de-colombia-conocen-el-potencial-emprendedor-e-innovador-de-la-region-fronteriza-de-bc\/#article","isPartOf":{"@id":"https:\/\/www.cetys.mx\/noticias\/estudiantes-de-colombia-conocen-el-potencial-emprendedor-e-innovador-de-la-region-fronteriza-de-bc\/"},"author":{"name":"Campus Tijuana","@id":"https:\/\/www.cetys.mx\/noticias\/#\/schema\/person\/e790051ce60e18ae47cfa87011c8653f"},"headline":"Estudiantes de Colombia conocen el potencial emprendedor e innovador de la regi\u00f3n fronteriza de BC","datePublished":"2024-05-13T23:42:12+00:00","mainEntityOfPage":{"@id":"https:\/\/www.cetys.mx\/noticias\/estudiantes-de-colombia-conocen-el-potencial-emprendedor-e-innovador-de-la-region-fronteriza-de-bc\/"},"wordCount":296,"commentCount":0,"image":{"@id":"https:\/\/www.cetys.mx\/noticias\/estudiantes-de-colombia-conocen-el-potencial-emprendedor-e-innovador-de-la-region-fronteriza-de-bc\/#primaryimage"},"thumbnailUrl":"https:\/\/www.cetys.mx\/noticias\/wp-content\/uploads\/2024\/05\/estancia-corta-colombia-en-cetys-tijuana.jpg","keywords":["Colombia","internacional","NegociosInternacionales"],"articleSection":["Campus Ensenada","Campus Tijuana","Portada","VoCETYS"],"inLanguage":"es","potentialAction":[{"@type":"CommentAction","name":"Comment","target":["https:\/\/www.cetys.mx\/noticias\/estudiantes-de-colombia-conocen-el-potencial-emprendedor-e-innovador-de-la-region-fronteriza-de-bc\/#respond"]}]},{"@type":"WebPage","@id":"https:\/\/www.cetys.mx\/noticias\/estudiantes-de-colombia-conocen-el-potencial-emprendedor-e-innovador-de-la-region-fronteriza-de-bc\/","url":"https:\/\/www.cetys.mx\/noticias\/estudiantes-de-colombia-conocen-el-potencial-emprendedor-e-innovador-de-la-region-fronteriza-de-bc\/","name":"Estudiantes de Colombia conocen potencial emprendedor de BC","isPartOf":{"@id":"https:\/\/www.cetys.mx\/noticias\/#website"},"primaryImageOfPage":{"@id":"https:\/\/www.cetys.mx\/noticias\/estudiantes-de-colombia-conocen-el-potencial-emprendedor-e-innovador-de-la-region-fronteriza-de-bc\/#primaryimage"},"image":{"@id":"https:\/\/www.cetys.mx\/noticias\/estudiantes-de-colombia-conocen-el-potencial-emprendedor-e-innovador-de-la-region-fronteriza-de-bc\/#primaryimage"},"thumbnailUrl":"https:\/\/www.cetys.mx\/noticias\/wp-content\/uploads\/2024\/05\/estancia-corta-colombia-en-cetys-tijuana.jpg","datePublished":"2024-05-13T23:42:12+00:00","author":{"@id":"https:\/\/www.cetys.mx\/noticias\/#\/schema\/person\/e790051ce60e18ae47cfa87011c8653f"},"description":"Alumnos de la Universidad de Santo Tom\u00e1s, Colombia, realizaron una estancia en CETYS Tijuana y Ensenada, sobre emprendimiento e innovaci\u00f3n.","breadcrumb":{"@id":"https:\/\/www.cetys.mx\/noticias\/estudiantes-de-colombia-conocen-el-potencial-emprendedor-e-innovador-de-la-region-fronteriza-de-bc\/#breadcrumb"},"inLanguage":"es","potentialAction":[{"@type":"ReadAction","target":["https:\/\/www.cetys.mx\/noticias\/estudiantes-de-colombia-conocen-el-potencial-emprendedor-e-innovador-de-la-region-fronteriza-de-bc\/"]}]},{"@type":"ImageObject","inLanguage":"es","@id":"https:\/\/www.cetys.mx\/noticias\/estudiantes-de-colombia-conocen-el-potencial-emprendedor-e-innovador-de-la-region-fronteriza-de-bc\/#primaryimage","url":"https:\/\/www.cetys.mx\/noticias\/wp-content\/uploads\/2024\/05\/estancia-corta-colombia-en-cetys-tijuana.jpg","contentUrl":"https:\/\/www.cetys.mx\/noticias\/wp-content\/uploads\/2024\/05\/estancia-corta-colombia-en-cetys-tijuana.jpg","width":1600,"height":1200,"caption":"Estudiantes de Santo Tom\u00e1s de Bucaramanga en el centro hist\u00f3rico de Tijuana."},{"@type":"BreadcrumbList","@id":"https:\/\/www.cetys.mx\/noticias\/estudiantes-de-colombia-conocen-el-potencial-emprendedor-e-innovador-de-la-region-fronteriza-de-bc\/#breadcrumb","itemListElement":[{"@type":"ListItem","position":1,"name":"Inicio","item":"https:\/\/www.cetys.mx\/noticias\/"},{"@type":"ListItem","position":2,"name":"Estudiantes de Colombia conocen el potencial emprendedor e innovador de la regi\u00f3n fronteriza de BC"}]},{"@type":"WebSite","@id":"https:\/\/www.cetys.mx\/noticias\/#website","url":"https:\/\/www.cetys.mx\/noticias\/","name":"CETYS","description":"","potentialAction":[{"@type":"SearchAction","target":{"@type":"EntryPoint","urlTemplate":"https:\/\/www.cetys.mx\/noticias\/?s={search_term_string}"},"query-input":{"@type":"PropertyValueSpecification","valueRequired":true,"valueName":"search_term_string"}}],"inLanguage":"es"},{"@type":"Person","@id":"https:\/\/www.cetys.mx\/noticias\/#\/schema\/person\/e790051ce60e18ae47cfa87011c8653f","name":"Campus Tijuana","url":"https:\/\/www.cetys.mx\/noticias\/author\/campustijuana\/"}]}},"_links":{"self":[{"href":"https:\/\/www.cetys.mx\/noticias\/wp-json\/wp\/v2\/posts\/181599","targetHints":{"allow":["GET"]}}],"collection":[{"href":"https:\/\/www.cetys.mx\/noticias\/wp-json\/wp\/v2\/posts"}],"about":[{"href":"https:\/\/www.cetys.mx\/noticias\/wp-json\/wp\/v2\/types\/post"}],"author":[{"embeddable":true,"href":"https:\/\/www.cetys.mx\/noticias\/wp-json\/wp\/v2\/users\/24"}],"replies":[{"embeddable":true,"href":"https:\/\/www.cetys.mx\/noticias\/wp-json\/wp\/v2\/comments?post=181599"}],"version-history":[{"count":1,"href":"https:\/\/www.cetys.mx\/noticias\/wp-json\/wp\/v2\/posts\/181599\/revisions"}],"predecessor-version":[{"id":181608,"href":"https:\/\/www.cetys.mx\/noticias\/wp-json\/wp\/v2\/posts\/181599\/revisions\/181608"}],"wp:featuredmedia":[{"embeddable":true,"href":"https:\/\/www.cetys.mx\/noticias\/wp-json\/wp\/v2\/media\/181605"}],"wp:attachment":[{"href":"https:\/\/www.cetys.mx\/noticias\/wp-json\/wp\/v2\/media?parent=181599"}],"wp:term":[{"taxonomy":"category","embeddable":true,"href":"https:\/\/www.cetys.mx\/noticias\/wp-json\/wp\/v2\/categories?post=181599"},{"taxonomy":"post_tag","embeddable":true,"href":"https:\/\/www.cetys.mx\/noticias\/wp-json\/wp\/v2\/tags?post=181599"}],"curies":[{"name":"wp","href":"https:\/\/api.w.org\/{rel}","templated":true}]}}