{"id":181484,"date":"2024-05-09T13:57:31","date_gmt":"2024-05-09T20:57:31","guid":{"rendered":"https:\/\/www.cetys.mx\/noticias\/?p=181484"},"modified":"2024-05-09T13:57:31","modified_gmt":"2024-05-09T20:57:31","slug":"estudiantes-de-psicologia-de-cetys-tijuana-impulsan-el-vi-foro-de-inclusion-que-se-llevo-a-cabo-en-el-crit-de-tijuana","status":"publish","type":"post","link":"https:\/\/www.cetys.mx\/noticias\/estudiantes-de-psicologia-de-cetys-tijuana-impulsan-el-vi-foro-de-inclusion-que-se-llevo-a-cabo-en-el-crit-de-tijuana\/","title":{"rendered":"Estudiantes de Psicolog\u00eda de CETYS Tijuana Impulsan el VI Foro de Inclusi\u00f3n que se llev\u00f3 a cabo en el CRIT de Tijuana"},"content":{"rendered":"<p><strong>Estudiantes de la Escuela de Psicolog\u00eda<\/strong> en<strong> CETYS Tijuana<\/strong> realizaron el<strong> VI Foro de Inclusi\u00f3n<\/strong> con la tem\u00e1tica: <em>\u201cLa Inclusi\u00f3n Escolar y Laboral de las Personas con Discapacidad&#8221;<\/em>, buscando sensibilizar e informar a la comunidad sobre las necesidades de esta poblaci\u00f3n.<\/p>\n<p>En el encuentro se destac\u00f3 la necesidad de promover la conciencia sobre los derechos de las personas con discapacidad a la accesibilidad universal, aspirando a una vida plena e independiente.<\/p>\n<p>El Foro cont\u00f3 con conferencias y paneles que destacaron historias exitosas y experiencias laborales y escolares de personas con discapacidad. En este participaron acad\u00e9micos que trabajan el tema, personas con discapacidad y familiares, quienes reflexionaron de las necesidades en el tema de inclusi\u00f3n.<\/p>\n<p>Todas las contribuciones de los ponentes sembraron una visi\u00f3n de aceptaci\u00f3n y colaboraci\u00f3n hacia este grupo estigmatizado. Las diferencias no deben dividirnos; juntos, podemos transformarlas en fortalezas, integrando a todas las personas desde nuestras ra\u00edces con valores de inclusi\u00f3n. Antes de imponer limitaciones, debemos propiciar la exploraci\u00f3n del potencial de cada individuo como agentes activos en la sociedad, recordando que el futuro es de todos.<\/p>\n\n            <style type='text\/css'>\n                #gallery-1 {\n                    margin: auto;\n                }\n                #gallery-1 .gallery-item {\n                    float: left;\n                    margin-top: 10px;\n                    text-align: center;\n                    width: 33%;\n                }\n                #gallery-1 img {\n                    border: 2px solid #cfcfcf;\n                }\n                #gallery-1 .gallery-caption {\n                    margin-left: 0;\n                }\n                \/* see gallery_shortcode() in wp-includes\/media.php *\/\n            <\/style>\n\t\t<div id='gallery-1' class='gallery galleryid-181484 gallery-columns-3 gallery-size-medium'><dl class='gallery-item'>\n                <dt class='gallery-icon landscape'>\n                    <a href='https:\/\/www.cetys.mx\/noticias\/estudiantes-de-psicologia-de-cetys-tijuana-impulsan-el-vi-foro-de-inclusion-que-se-llevo-a-cabo-en-el-crit-de-tijuana\/foro-inclusion-iv-en-el-crit-04\/'><img loading=\"lazy\" decoding=\"async\" width=\"1179\" height=\"784\" src=\"https:\/\/www.cetys.mx\/noticias\/wp-content\/uploads\/2024\/05\/foro-inclusion-IV-en-el-CRIT-04.png\" class=\"attachment-medium size-medium\" alt=\"\" srcset=\"https:\/\/www.cetys.mx\/noticias\/wp-content\/uploads\/2024\/05\/foro-inclusion-IV-en-el-CRIT-04.png 1179w, https:\/\/www.cetys.mx\/noticias\/wp-content\/uploads\/2024\/05\/foro-inclusion-IV-en-el-CRIT-04-768x511.png 768w\" sizes=\"auto, (max-width: 1179px) 100vw, 1179px\" \/><\/a>\n                <\/dt><\/dl><dl class='gallery-item'>\n                <dt class='gallery-icon landscape'>\n                    <a href='https:\/\/www.cetys.mx\/noticias\/estudiantes-de-psicologia-de-cetys-tijuana-impulsan-el-vi-foro-de-inclusion-que-se-llevo-a-cabo-en-el-crit-de-tijuana\/foro-inclusion-iv-en-el-crit-02\/'><img loading=\"lazy\" decoding=\"async\" width=\"1200\" height=\"798\" src=\"https:\/\/www.cetys.mx\/noticias\/wp-content\/uploads\/2024\/05\/foro-inclusion-IV-en-el-CRIT-02.png\" class=\"attachment-medium size-medium\" alt=\"\" srcset=\"https:\/\/www.cetys.mx\/noticias\/wp-content\/uploads\/2024\/05\/foro-inclusion-IV-en-el-CRIT-02.png 1200w, https:\/\/www.cetys.mx\/noticias\/wp-content\/uploads\/2024\/05\/foro-inclusion-IV-en-el-CRIT-02-768x511.png 768w\" sizes=\"auto, (max-width: 1200px) 100vw, 1200px\" \/><\/a>\n                <\/dt><\/dl><dl class='gallery-item'>\n                <dt class='gallery-icon landscape'>\n                    <a href='https:\/\/www.cetys.mx\/noticias\/estudiantes-de-psicologia-de-cetys-tijuana-impulsan-el-vi-foro-de-inclusion-que-se-llevo-a-cabo-en-el-crit-de-tijuana\/foro-inclusion-iv-en-el-crit\/'><img loading=\"lazy\" decoding=\"async\" width=\"1200\" height=\"798\" src=\"https:\/\/www.cetys.mx\/noticias\/wp-content\/uploads\/2024\/05\/foro-inclusion-IV-en-el-CRIT.png\" class=\"attachment-medium size-medium\" alt=\"\" srcset=\"https:\/\/www.cetys.mx\/noticias\/wp-content\/uploads\/2024\/05\/foro-inclusion-IV-en-el-CRIT.png 1200w, https:\/\/www.cetys.mx\/noticias\/wp-content\/uploads\/2024\/05\/foro-inclusion-IV-en-el-CRIT-768x511.png 768w\" sizes=\"auto, (max-width: 1200px) 100vw, 1200px\" \/><\/a>\n                <\/dt><\/dl><br style=\"clear: both\" \/>\n            <\/div>\n\n<p><strong>DATOS DE INEGI<\/strong><\/p>\n<p>En el a\u00f1o 2020, <strong>seg\u00fan las cifras presentadas<\/strong> por el Censo de Poblaci\u00f3n y Vivienda del <strong>INEGI,<\/strong> las <strong>personas con<\/strong> alg\u00fan tipo de <strong>discapacidad<\/strong> representaban un <strong>4.9%<\/strong> de la poblaci\u00f3n de M\u00e9xico. Tras el censo realizado <strong>en el a\u00f1o 2022<\/strong>, dicha cifra <strong>aument\u00f3 a un 16.5%<\/strong> de la poblaci\u00f3n mexicana.<\/p>\n<p>Tomando en cuenta este incremento, es necesario reconsiderar el rol que desempe\u00f1an las personas con discapacidad en la comunidad, y su derecho de una participaci\u00f3n activa tanto en el \u00e1rea educativa como laboral.<\/p>\n<p>Como profesionales de la salud mental con perspectiva de infancia, debemos impulsar a que reciban una formaci\u00f3n educativa digna, con el fin de que desarrollen sus capacidades, y obtengan mayor oportunidad para desenvolverse posteriormente en el \u00e1rea laboral. Recordemos que, la accesibilidad a la educaci\u00f3n, y un desarrollo pleno, es un derecho que toda persona, sin distinci\u00f3n, debe recibir.<\/p>\n","protected":false},"excerpt":{"rendered":"<p>Estudiantes de la Escuela de Psicolog\u00eda en CETYS Tijuana realizaron el VI Foro de Inclusi\u00f3n con la tem\u00e1tica: \u201cLa Inclusi\u00f3n Escolar y&#8230;<\/p>\n","protected":false},"author":24,"featured_media":181487,"comment_status":"open","ping_status":"closed","sticky":false,"template":"","format":"standard","meta":{"footnotes":""},"categories":[134,125,306,313],"tags":[328,204,6491,487],"class_list":["post-181484","post","type-post","status-publish","format-standard","has-post-thumbnail","hentry","category-campus-tijuana","category-portada","category-profesional","category-vocetys-2","tag-campustijuana","tag-cetysuniversidad","tag-psicologiaclinica","tag-psicologiainfantil"],"yoast_head":"<!-- This site is optimized with the Yoast SEO plugin v27.4 - https:\/\/yoast.com\/product\/yoast-seo-wordpress\/ -->\n<title>Estudiantes de Psicolog\u00eda de CETYS Tijuana Impulsan el VI Foro de Inclusi\u00f3n que se llev\u00f3 a cabo en el CRIT de Tijuana - CETYS<\/title>\n<meta name=\"description\" content=\"Articulo sobre Estudiantes de Psicolog\u00eda de CETYS Tijuana Impulsan el VI Foro de Inclusi\u00f3n que se llev\u00f3 a cabo en el CRIT de Tijuana\" \/>\n<meta name=\"robots\" content=\"index, follow, max-snippet:-1, max-image-preview:large, max-video-preview:-1\" \/>\n<link rel=\"canonical\" href=\"https:\/\/www.cetys.mx\/noticias\/estudiantes-de-psicologia-de-cetys-tijuana-impulsan-el-vi-foro-de-inclusion-que-se-llevo-a-cabo-en-el-crit-de-tijuana\/\" \/>\n<meta property=\"og:locale\" content=\"es_MX\" \/>\n<meta property=\"og:type\" content=\"article\" \/>\n<meta property=\"og:title\" content=\"Estudiantes de Psicolog\u00eda de CETYS Tijuana Impulsan el VI Foro de Inclusi\u00f3n que se llev\u00f3 a cabo en el CRIT de Tijuana - CETYS\" \/>\n<meta property=\"og:description\" content=\"Articulo sobre Estudiantes de Psicolog\u00eda de CETYS Tijuana Impulsan el VI Foro de Inclusi\u00f3n que se llev\u00f3 a cabo en el CRIT de Tijuana\" \/>\n<meta property=\"og:url\" content=\"https:\/\/www.cetys.mx\/noticias\/estudiantes-de-psicologia-de-cetys-tijuana-impulsan-el-vi-foro-de-inclusion-que-se-llevo-a-cabo-en-el-crit-de-tijuana\/\" \/>\n<meta property=\"og:site_name\" content=\"CETYS\" \/>\n<meta property=\"article:publisher\" content=\"https:\/\/www.facebook.com\/cetysuniversidadmxl\/\" \/>\n<meta property=\"article:published_time\" content=\"2024-05-09T20:57:31+00:00\" \/>\n<meta property=\"og:image\" content=\"https:\/\/www.cetys.mx\/noticias\/wp-content\/uploads\/2024\/05\/foro-inclusion-IV-en-el-CRIT-03.png\" \/>\n\t<meta property=\"og:image:width\" content=\"1200\" \/>\n\t<meta property=\"og:image:height\" content=\"799\" \/>\n\t<meta property=\"og:image:type\" content=\"image\/png\" \/>\n<meta name=\"author\" content=\"Campus Tijuana\" \/>\n<meta name=\"twitter:card\" content=\"summary_large_image\" \/>\n<meta name=\"twitter:creator\" content=\"@cetysuni\" \/>\n<meta name=\"twitter:site\" content=\"@cetysuni\" \/>\n<meta name=\"twitter:label1\" content=\"Escrito por\" \/>\n\t<meta name=\"twitter:data1\" content=\"Campus Tijuana\" \/>\n\t<meta name=\"twitter:label2\" content=\"Tiempo de lectura\" \/>\n\t<meta name=\"twitter:data2\" content=\"2 minutos\" \/>\n<script type=\"application\/ld+json\" class=\"yoast-schema-graph\">{\"@context\":\"https:\\\/\\\/schema.org\",\"@graph\":[{\"@type\":\"Article\",\"@id\":\"https:\\\/\\\/www.cetys.mx\\\/noticias\\\/estudiantes-de-psicologia-de-cetys-tijuana-impulsan-el-vi-foro-de-inclusion-que-se-llevo-a-cabo-en-el-crit-de-tijuana\\\/#article\",\"isPartOf\":{\"@id\":\"https:\\\/\\\/www.cetys.mx\\\/noticias\\\/estudiantes-de-psicologia-de-cetys-tijuana-impulsan-el-vi-foro-de-inclusion-que-se-llevo-a-cabo-en-el-crit-de-tijuana\\\/\"},\"author\":{\"name\":\"Campus Tijuana\",\"@id\":\"https:\\\/\\\/www.cetys.mx\\\/noticias\\\/#\\\/schema\\\/person\\\/e790051ce60e18ae47cfa87011c8653f\"},\"headline\":\"Estudiantes de Psicolog\u00eda de CETYS Tijuana Impulsan el VI Foro de Inclusi\u00f3n que se llev\u00f3 a cabo en el CRIT de Tijuana\",\"datePublished\":\"2024-05-09T20:57:31+00:00\",\"mainEntityOfPage\":{\"@id\":\"https:\\\/\\\/www.cetys.mx\\\/noticias\\\/estudiantes-de-psicologia-de-cetys-tijuana-impulsan-el-vi-foro-de-inclusion-que-se-llevo-a-cabo-en-el-crit-de-tijuana\\\/\"},\"wordCount\":374,\"commentCount\":0,\"image\":{\"@id\":\"https:\\\/\\\/www.cetys.mx\\\/noticias\\\/estudiantes-de-psicologia-de-cetys-tijuana-impulsan-el-vi-foro-de-inclusion-que-se-llevo-a-cabo-en-el-crit-de-tijuana\\\/#primaryimage\"},\"thumbnailUrl\":\"https:\\\/\\\/www.cetys.mx\\\/noticias\\\/wp-content\\\/uploads\\\/2024\\\/05\\\/foro-inclusion-IV-en-el-CRIT-03.png\",\"keywords\":[\"campustijuana\",\"cetysuniversidad\",\"PsicologiaClinica\",\"psicologiainfantil\"],\"articleSection\":[\"Campus Tijuana\",\"Portada\",\"Profesional\",\"VoCETYS\"],\"inLanguage\":\"es\",\"potentialAction\":[{\"@type\":\"CommentAction\",\"name\":\"Comment\",\"target\":[\"https:\\\/\\\/www.cetys.mx\\\/noticias\\\/estudiantes-de-psicologia-de-cetys-tijuana-impulsan-el-vi-foro-de-inclusion-que-se-llevo-a-cabo-en-el-crit-de-tijuana\\\/#respond\"]}]},{\"@type\":\"WebPage\",\"@id\":\"https:\\\/\\\/www.cetys.mx\\\/noticias\\\/estudiantes-de-psicologia-de-cetys-tijuana-impulsan-el-vi-foro-de-inclusion-que-se-llevo-a-cabo-en-el-crit-de-tijuana\\\/\",\"url\":\"https:\\\/\\\/www.cetys.mx\\\/noticias\\\/estudiantes-de-psicologia-de-cetys-tijuana-impulsan-el-vi-foro-de-inclusion-que-se-llevo-a-cabo-en-el-crit-de-tijuana\\\/\",\"name\":\"Estudiantes de Psicolog\u00eda de CETYS Tijuana Impulsan el VI Foro de Inclusi\u00f3n que se llev\u00f3 a cabo en el CRIT de Tijuana - CETYS\",\"isPartOf\":{\"@id\":\"https:\\\/\\\/www.cetys.mx\\\/noticias\\\/#website\"},\"primaryImageOfPage\":{\"@id\":\"https:\\\/\\\/www.cetys.mx\\\/noticias\\\/estudiantes-de-psicologia-de-cetys-tijuana-impulsan-el-vi-foro-de-inclusion-que-se-llevo-a-cabo-en-el-crit-de-tijuana\\\/#primaryimage\"},\"image\":{\"@id\":\"https:\\\/\\\/www.cetys.mx\\\/noticias\\\/estudiantes-de-psicologia-de-cetys-tijuana-impulsan-el-vi-foro-de-inclusion-que-se-llevo-a-cabo-en-el-crit-de-tijuana\\\/#primaryimage\"},\"thumbnailUrl\":\"https:\\\/\\\/www.cetys.mx\\\/noticias\\\/wp-content\\\/uploads\\\/2024\\\/05\\\/foro-inclusion-IV-en-el-CRIT-03.png\",\"datePublished\":\"2024-05-09T20:57:31+00:00\",\"author\":{\"@id\":\"https:\\\/\\\/www.cetys.mx\\\/noticias\\\/#\\\/schema\\\/person\\\/e790051ce60e18ae47cfa87011c8653f\"},\"description\":\"Articulo sobre Estudiantes de Psicolog\u00eda de CETYS Tijuana Impulsan el VI Foro de Inclusi\u00f3n que se llev\u00f3 a cabo en el CRIT de Tijuana\",\"breadcrumb\":{\"@id\":\"https:\\\/\\\/www.cetys.mx\\\/noticias\\\/estudiantes-de-psicologia-de-cetys-tijuana-impulsan-el-vi-foro-de-inclusion-que-se-llevo-a-cabo-en-el-crit-de-tijuana\\\/#breadcrumb\"},\"inLanguage\":\"es\",\"potentialAction\":[{\"@type\":\"ReadAction\",\"target\":[\"https:\\\/\\\/www.cetys.mx\\\/noticias\\\/estudiantes-de-psicologia-de-cetys-tijuana-impulsan-el-vi-foro-de-inclusion-que-se-llevo-a-cabo-en-el-crit-de-tijuana\\\/\"]}]},{\"@type\":\"ImageObject\",\"inLanguage\":\"es\",\"@id\":\"https:\\\/\\\/www.cetys.mx\\\/noticias\\\/estudiantes-de-psicologia-de-cetys-tijuana-impulsan-el-vi-foro-de-inclusion-que-se-llevo-a-cabo-en-el-crit-de-tijuana\\\/#primaryimage\",\"url\":\"https:\\\/\\\/www.cetys.mx\\\/noticias\\\/wp-content\\\/uploads\\\/2024\\\/05\\\/foro-inclusion-IV-en-el-CRIT-03.png\",\"contentUrl\":\"https:\\\/\\\/www.cetys.mx\\\/noticias\\\/wp-content\\\/uploads\\\/2024\\\/05\\\/foro-inclusion-IV-en-el-CRIT-03.png\",\"width\":1200,\"height\":799},{\"@type\":\"BreadcrumbList\",\"@id\":\"https:\\\/\\\/www.cetys.mx\\\/noticias\\\/estudiantes-de-psicologia-de-cetys-tijuana-impulsan-el-vi-foro-de-inclusion-que-se-llevo-a-cabo-en-el-crit-de-tijuana\\\/#breadcrumb\",\"itemListElement\":[{\"@type\":\"ListItem\",\"position\":1,\"name\":\"Inicio\",\"item\":\"https:\\\/\\\/www.cetys.mx\\\/noticias\\\/\"},{\"@type\":\"ListItem\",\"position\":2,\"name\":\"Estudiantes de Psicolog\u00eda de CETYS Tijuana Impulsan el VI Foro de Inclusi\u00f3n que se llev\u00f3 a cabo en el CRIT de Tijuana\"}]},{\"@type\":\"WebSite\",\"@id\":\"https:\\\/\\\/www.cetys.mx\\\/noticias\\\/#website\",\"url\":\"https:\\\/\\\/www.cetys.mx\\\/noticias\\\/\",\"name\":\"CETYS\",\"description\":\"\",\"potentialAction\":[{\"@type\":\"SearchAction\",\"target\":{\"@type\":\"EntryPoint\",\"urlTemplate\":\"https:\\\/\\\/www.cetys.mx\\\/noticias\\\/?s={search_term_string}\"},\"query-input\":{\"@type\":\"PropertyValueSpecification\",\"valueRequired\":true,\"valueName\":\"search_term_string\"}}],\"inLanguage\":\"es\"},{\"@type\":\"Person\",\"@id\":\"https:\\\/\\\/www.cetys.mx\\\/noticias\\\/#\\\/schema\\\/person\\\/e790051ce60e18ae47cfa87011c8653f\",\"name\":\"Campus Tijuana\",\"url\":\"https:\\\/\\\/www.cetys.mx\\\/noticias\\\/author\\\/campustijuana\\\/\"}]}<\/script>\n<!-- \/ Yoast SEO plugin. -->","yoast_head_json":{"title":"Estudiantes de Psicolog\u00eda de CETYS Tijuana Impulsan el VI Foro de Inclusi\u00f3n que se llev\u00f3 a cabo en el CRIT de Tijuana - CETYS","description":"Articulo sobre Estudiantes de Psicolog\u00eda de CETYS Tijuana Impulsan el VI Foro de Inclusi\u00f3n que se llev\u00f3 a cabo en el CRIT de Tijuana","robots":{"index":"index","follow":"follow","max-snippet":"max-snippet:-1","max-image-preview":"max-image-preview:large","max-video-preview":"max-video-preview:-1"},"canonical":"https:\/\/www.cetys.mx\/noticias\/estudiantes-de-psicologia-de-cetys-tijuana-impulsan-el-vi-foro-de-inclusion-que-se-llevo-a-cabo-en-el-crit-de-tijuana\/","og_locale":"es_MX","og_type":"article","og_title":"Estudiantes de Psicolog\u00eda de CETYS Tijuana Impulsan el VI Foro de Inclusi\u00f3n que se llev\u00f3 a cabo en el CRIT de Tijuana - CETYS","og_description":"Articulo sobre Estudiantes de Psicolog\u00eda de CETYS Tijuana Impulsan el VI Foro de Inclusi\u00f3n que se llev\u00f3 a cabo en el CRIT de Tijuana","og_url":"https:\/\/www.cetys.mx\/noticias\/estudiantes-de-psicologia-de-cetys-tijuana-impulsan-el-vi-foro-de-inclusion-que-se-llevo-a-cabo-en-el-crit-de-tijuana\/","og_site_name":"CETYS","article_publisher":"https:\/\/www.facebook.com\/cetysuniversidadmxl\/","article_published_time":"2024-05-09T20:57:31+00:00","og_image":[{"width":1200,"height":799,"url":"https:\/\/www.cetys.mx\/noticias\/wp-content\/uploads\/2024\/05\/foro-inclusion-IV-en-el-CRIT-03.png","type":"image\/png"}],"author":"Campus Tijuana","twitter_card":"summary_large_image","twitter_creator":"@cetysuni","twitter_site":"@cetysuni","twitter_misc":{"Escrito por":"Campus Tijuana","Tiempo de lectura":"2 minutos"},"schema":{"@context":"https:\/\/schema.org","@graph":[{"@type":"Article","@id":"https:\/\/www.cetys.mx\/noticias\/estudiantes-de-psicologia-de-cetys-tijuana-impulsan-el-vi-foro-de-inclusion-que-se-llevo-a-cabo-en-el-crit-de-tijuana\/#article","isPartOf":{"@id":"https:\/\/www.cetys.mx\/noticias\/estudiantes-de-psicologia-de-cetys-tijuana-impulsan-el-vi-foro-de-inclusion-que-se-llevo-a-cabo-en-el-crit-de-tijuana\/"},"author":{"name":"Campus Tijuana","@id":"https:\/\/www.cetys.mx\/noticias\/#\/schema\/person\/e790051ce60e18ae47cfa87011c8653f"},"headline":"Estudiantes de Psicolog\u00eda de CETYS Tijuana Impulsan el VI Foro de Inclusi\u00f3n que se llev\u00f3 a cabo en el CRIT de Tijuana","datePublished":"2024-05-09T20:57:31+00:00","mainEntityOfPage":{"@id":"https:\/\/www.cetys.mx\/noticias\/estudiantes-de-psicologia-de-cetys-tijuana-impulsan-el-vi-foro-de-inclusion-que-se-llevo-a-cabo-en-el-crit-de-tijuana\/"},"wordCount":374,"commentCount":0,"image":{"@id":"https:\/\/www.cetys.mx\/noticias\/estudiantes-de-psicologia-de-cetys-tijuana-impulsan-el-vi-foro-de-inclusion-que-se-llevo-a-cabo-en-el-crit-de-tijuana\/#primaryimage"},"thumbnailUrl":"https:\/\/www.cetys.mx\/noticias\/wp-content\/uploads\/2024\/05\/foro-inclusion-IV-en-el-CRIT-03.png","keywords":["campustijuana","cetysuniversidad","PsicologiaClinica","psicologiainfantil"],"articleSection":["Campus Tijuana","Portada","Profesional","VoCETYS"],"inLanguage":"es","potentialAction":[{"@type":"CommentAction","name":"Comment","target":["https:\/\/www.cetys.mx\/noticias\/estudiantes-de-psicologia-de-cetys-tijuana-impulsan-el-vi-foro-de-inclusion-que-se-llevo-a-cabo-en-el-crit-de-tijuana\/#respond"]}]},{"@type":"WebPage","@id":"https:\/\/www.cetys.mx\/noticias\/estudiantes-de-psicologia-de-cetys-tijuana-impulsan-el-vi-foro-de-inclusion-que-se-llevo-a-cabo-en-el-crit-de-tijuana\/","url":"https:\/\/www.cetys.mx\/noticias\/estudiantes-de-psicologia-de-cetys-tijuana-impulsan-el-vi-foro-de-inclusion-que-se-llevo-a-cabo-en-el-crit-de-tijuana\/","name":"Estudiantes de Psicolog\u00eda de CETYS Tijuana Impulsan el VI Foro de Inclusi\u00f3n que se llev\u00f3 a cabo en el CRIT de Tijuana - CETYS","isPartOf":{"@id":"https:\/\/www.cetys.mx\/noticias\/#website"},"primaryImageOfPage":{"@id":"https:\/\/www.cetys.mx\/noticias\/estudiantes-de-psicologia-de-cetys-tijuana-impulsan-el-vi-foro-de-inclusion-que-se-llevo-a-cabo-en-el-crit-de-tijuana\/#primaryimage"},"image":{"@id":"https:\/\/www.cetys.mx\/noticias\/estudiantes-de-psicologia-de-cetys-tijuana-impulsan-el-vi-foro-de-inclusion-que-se-llevo-a-cabo-en-el-crit-de-tijuana\/#primaryimage"},"thumbnailUrl":"https:\/\/www.cetys.mx\/noticias\/wp-content\/uploads\/2024\/05\/foro-inclusion-IV-en-el-CRIT-03.png","datePublished":"2024-05-09T20:57:31+00:00","author":{"@id":"https:\/\/www.cetys.mx\/noticias\/#\/schema\/person\/e790051ce60e18ae47cfa87011c8653f"},"description":"Articulo sobre Estudiantes de Psicolog\u00eda de CETYS Tijuana Impulsan el VI Foro de Inclusi\u00f3n que se llev\u00f3 a cabo en el CRIT de Tijuana","breadcrumb":{"@id":"https:\/\/www.cetys.mx\/noticias\/estudiantes-de-psicologia-de-cetys-tijuana-impulsan-el-vi-foro-de-inclusion-que-se-llevo-a-cabo-en-el-crit-de-tijuana\/#breadcrumb"},"inLanguage":"es","potentialAction":[{"@type":"ReadAction","target":["https:\/\/www.cetys.mx\/noticias\/estudiantes-de-psicologia-de-cetys-tijuana-impulsan-el-vi-foro-de-inclusion-que-se-llevo-a-cabo-en-el-crit-de-tijuana\/"]}]},{"@type":"ImageObject","inLanguage":"es","@id":"https:\/\/www.cetys.mx\/noticias\/estudiantes-de-psicologia-de-cetys-tijuana-impulsan-el-vi-foro-de-inclusion-que-se-llevo-a-cabo-en-el-crit-de-tijuana\/#primaryimage","url":"https:\/\/www.cetys.mx\/noticias\/wp-content\/uploads\/2024\/05\/foro-inclusion-IV-en-el-CRIT-03.png","contentUrl":"https:\/\/www.cetys.mx\/noticias\/wp-content\/uploads\/2024\/05\/foro-inclusion-IV-en-el-CRIT-03.png","width":1200,"height":799},{"@type":"BreadcrumbList","@id":"https:\/\/www.cetys.mx\/noticias\/estudiantes-de-psicologia-de-cetys-tijuana-impulsan-el-vi-foro-de-inclusion-que-se-llevo-a-cabo-en-el-crit-de-tijuana\/#breadcrumb","itemListElement":[{"@type":"ListItem","position":1,"name":"Inicio","item":"https:\/\/www.cetys.mx\/noticias\/"},{"@type":"ListItem","position":2,"name":"Estudiantes de Psicolog\u00eda de CETYS Tijuana Impulsan el VI Foro de Inclusi\u00f3n que se llev\u00f3 a cabo en el CRIT de Tijuana"}]},{"@type":"WebSite","@id":"https:\/\/www.cetys.mx\/noticias\/#website","url":"https:\/\/www.cetys.mx\/noticias\/","name":"CETYS","description":"","potentialAction":[{"@type":"SearchAction","target":{"@type":"EntryPoint","urlTemplate":"https:\/\/www.cetys.mx\/noticias\/?s={search_term_string}"},"query-input":{"@type":"PropertyValueSpecification","valueRequired":true,"valueName":"search_term_string"}}],"inLanguage":"es"},{"@type":"Person","@id":"https:\/\/www.cetys.mx\/noticias\/#\/schema\/person\/e790051ce60e18ae47cfa87011c8653f","name":"Campus Tijuana","url":"https:\/\/www.cetys.mx\/noticias\/author\/campustijuana\/"}]}},"_links":{"self":[{"href":"https:\/\/www.cetys.mx\/noticias\/wp-json\/wp\/v2\/posts\/181484","targetHints":{"allow":["GET"]}}],"collection":[{"href":"https:\/\/www.cetys.mx\/noticias\/wp-json\/wp\/v2\/posts"}],"about":[{"href":"https:\/\/www.cetys.mx\/noticias\/wp-json\/wp\/v2\/types\/post"}],"author":[{"embeddable":true,"href":"https:\/\/www.cetys.mx\/noticias\/wp-json\/wp\/v2\/users\/24"}],"replies":[{"embeddable":true,"href":"https:\/\/www.cetys.mx\/noticias\/wp-json\/wp\/v2\/comments?post=181484"}],"version-history":[{"count":1,"href":"https:\/\/www.cetys.mx\/noticias\/wp-json\/wp\/v2\/posts\/181484\/revisions"}],"predecessor-version":[{"id":181489,"href":"https:\/\/www.cetys.mx\/noticias\/wp-json\/wp\/v2\/posts\/181484\/revisions\/181489"}],"wp:featuredmedia":[{"embeddable":true,"href":"https:\/\/www.cetys.mx\/noticias\/wp-json\/wp\/v2\/media\/181487"}],"wp:attachment":[{"href":"https:\/\/www.cetys.mx\/noticias\/wp-json\/wp\/v2\/media?parent=181484"}],"wp:term":[{"taxonomy":"category","embeddable":true,"href":"https:\/\/www.cetys.mx\/noticias\/wp-json\/wp\/v2\/categories?post=181484"},{"taxonomy":"post_tag","embeddable":true,"href":"https:\/\/www.cetys.mx\/noticias\/wp-json\/wp\/v2\/tags?post=181484"}],"curies":[{"name":"wp","href":"https:\/\/api.w.org\/{rel}","templated":true}]}}