{"id":181169,"date":"2024-04-30T16:27:11","date_gmt":"2024-04-30T23:27:11","guid":{"rendered":"https:\/\/www.cetys.mx\/noticias\/?p=181169"},"modified":"2024-05-08T15:54:44","modified_gmt":"2024-05-08T22:54:44","slug":"analizan-la-educacion-sostenible-en-1er-encuentro-universitario-de-america-latina-y-el-caribe","status":"publish","type":"post","link":"https:\/\/www.cetys.mx\/noticias\/analizan-la-educacion-sostenible-en-1er-encuentro-universitario-de-america-latina-y-el-caribe\/","title":{"rendered":"Analizan la Educaci\u00f3n Sostenible en 1er. Encuentro Universitario de Am\u00e9rica Latina y el Caribe"},"content":{"rendered":"<p><span style=\"font-weight: 400;\">Con el objetivo de fortalecer la educaci\u00f3n sostenible, la vinculaci\u00f3n universitaria y la creaci\u00f3n de una red de trabajo entre profesionales se llev\u00f3 a cabo el <strong>1er. Encuentro Universitario de Am\u00e9rica Latina y el Caribe<\/strong> en las instalaciones de <a href=\"https:\/\/www.cetys.mx\/\">CETYS Universidad<\/a> Campus Mexicali, el cual cont\u00f3 con 167 participantes de los tres campus de CETYS, conferencistas, profesionales y alumnos extranjeros provenientes de pa\u00edses latinoamericanos y de universidades locales.<\/span><\/p>\n<p><span style=\"font-weight: 400;\">El\u00a0 evento fue organizado por <a href=\"https:\/\/www.cetys.mx\/cetys-pods\/\">CETYS PODS<\/a>, asociaci\u00f3n cuyo prop\u00f3sito es potenciar la participaci\u00f3n estudiantil, crear proyectos innovadores e impulsar nuevas pr\u00e1cticas que ayuden al cumplimiento de los objetivos del desarrollo sostenible propuestos por la <strong>ONU<\/strong> mediante la colaboraci\u00f3n colectiva.\u00a0<\/span><\/p>\n<p><span style=\"font-weight: 400;\">Este tipo de eventos fortalecen el aprendizaje estudiantil con base en las experiencias, adem\u00e1s de compartir conocimiento con alumnado extranjero lo cual favorece la educaci\u00f3n internacional e impulsa el entendimiento sobre el <strong>desarrollo sostenible<\/strong>, que busca un mejor futuro mediante el bienestar social, coment\u00f3 la Dra. Victoria Gonz\u00e1lez, docente de tiempo completo de la Escuela de Administraci\u00f3n y Negocios.<\/span><\/p>\n<p><span style=\"font-weight: 400;\">Los temas abordados durante el congreso giraron en torno a los <a href=\"https:\/\/www.un.org\/sustainabledevelopment\/es\/objetivos-de-desarrollo-sostenible\/\">Objetivos de Desarrollo Sostenible (ODS)<\/a>, tales como los principales desaf\u00edos que enfrenta la educaci\u00f3n sostenible, la importancia de la Inteligencia Artificial y las tecnolog\u00edas, la relevancia de los procesos migratorios en la empresa social y los emprendimientos sociales con impacto.\u00a0<\/span><\/p>\n<div class=\"gallery-slider-wrapper gallery-1\">\n                        <div class=\"gallery-slider\" itemscope itemtype=\"http:\/\/schema.org\/ImageGallery\"><figure class=\"slide\" itemprop=\"associatedMedia\" itemscope itemtype=\"http:\/\/schema.org\/ImageObject\">\n                    <a itemprop=\"contentUrl\" href=\"https:\/\/www.cetys.mx\/noticias\/wp-content\/uploads\/2024\/04\/MG_3279-copy.jpg\">\n                        <img decoding=\"async\" itemprop=\"thumbnail\" class=\"lazyOwl\" src=\"https:\/\/www.cetys.mx\/noticias\/wp-content\/plugins\/jmagz-plugin\/assets\/placeholder\/900x450.png\" data-src=\"https:\/\/www.cetys.mx\/noticias\/wp-content\/uploads\/2024\/04\/MG_3279-copy.jpg\" alt=\"\">\n                    <\/a>\n                    <figcaption itemprop=\"caption description\" class=\"slide-caption\">\n                        \n                    <\/figcaption>\n                <\/figure><figure class=\"slide\" itemprop=\"associatedMedia\" itemscope itemtype=\"http:\/\/schema.org\/ImageObject\">\n                    <a itemprop=\"contentUrl\" href=\"https:\/\/www.cetys.mx\/noticias\/wp-content\/uploads\/2024\/04\/MG_3193-copy.jpg\">\n                        <img decoding=\"async\" itemprop=\"thumbnail\" class=\"lazyOwl\" src=\"https:\/\/www.cetys.mx\/noticias\/wp-content\/plugins\/jmagz-plugin\/assets\/placeholder\/900x450.png\" data-src=\"https:\/\/www.cetys.mx\/noticias\/wp-content\/uploads\/2024\/04\/MG_3193-copy.jpg\" alt=\"\">\n                    <\/a>\n                    <figcaption itemprop=\"caption description\" class=\"slide-caption\">\n                        \n                    <\/figcaption>\n                <\/figure><figure class=\"slide\" itemprop=\"associatedMedia\" itemscope itemtype=\"http:\/\/schema.org\/ImageObject\">\n                    <a itemprop=\"contentUrl\" href=\"https:\/\/www.cetys.mx\/noticias\/wp-content\/uploads\/2024\/04\/MG_3599-copy.jpg\">\n                        <img decoding=\"async\" itemprop=\"thumbnail\" class=\"lazyOwl\" src=\"https:\/\/www.cetys.mx\/noticias\/wp-content\/plugins\/jmagz-plugin\/assets\/placeholder\/900x450.png\" data-src=\"https:\/\/www.cetys.mx\/noticias\/wp-content\/uploads\/2024\/04\/MG_3599-copy.jpg\" alt=\"\">\n                    <\/a>\n                    <figcaption itemprop=\"caption description\" class=\"slide-caption\">\n                        \n                    <\/figcaption>\n                <\/figure><figure class=\"slide\" itemprop=\"associatedMedia\" itemscope itemtype=\"http:\/\/schema.org\/ImageObject\">\n                    <a itemprop=\"contentUrl\" href=\"https:\/\/www.cetys.mx\/noticias\/wp-content\/uploads\/2024\/04\/IMG_2884-copy.jpg\">\n                        <img decoding=\"async\" itemprop=\"thumbnail\" class=\"lazyOwl\" src=\"https:\/\/www.cetys.mx\/noticias\/wp-content\/plugins\/jmagz-plugin\/assets\/placeholder\/900x450.png\" data-src=\"https:\/\/www.cetys.mx\/noticias\/wp-content\/uploads\/2024\/04\/IMG_2884-copy.jpg\" alt=\"\">\n                    <\/a>\n                    <figcaption itemprop=\"caption description\" class=\"slide-caption\">\n                        \n                    <\/figcaption>\n                <\/figure><figure class=\"slide\" itemprop=\"associatedMedia\" itemscope itemtype=\"http:\/\/schema.org\/ImageObject\">\n                    <a itemprop=\"contentUrl\" href=\"https:\/\/www.cetys.mx\/noticias\/wp-content\/uploads\/2024\/04\/MG_2488-copy.jpg\">\n                        <img decoding=\"async\" itemprop=\"thumbnail\" class=\"lazyOwl\" src=\"https:\/\/www.cetys.mx\/noticias\/wp-content\/plugins\/jmagz-plugin\/assets\/placeholder\/900x450.png\" data-src=\"https:\/\/www.cetys.mx\/noticias\/wp-content\/uploads\/2024\/04\/MG_2488-copy.jpg\" alt=\"\">\n                    <\/a>\n                    <figcaption itemprop=\"caption description\" class=\"slide-caption\">\n                        \n                    <\/figcaption>\n                <\/figure><figure class=\"slide\" itemprop=\"associatedMedia\" itemscope itemtype=\"http:\/\/schema.org\/ImageObject\">\n                    <a itemprop=\"contentUrl\" href=\"https:\/\/www.cetys.mx\/noticias\/wp-content\/uploads\/2024\/04\/IMG_3052-copy.jpg\">\n                        <img decoding=\"async\" itemprop=\"thumbnail\" class=\"lazyOwl\" src=\"https:\/\/www.cetys.mx\/noticias\/wp-content\/plugins\/jmagz-plugin\/assets\/placeholder\/900x450.png\" data-src=\"https:\/\/www.cetys.mx\/noticias\/wp-content\/uploads\/2024\/04\/IMG_3052-copy.jpg\" alt=\"\">\n                    <\/a>\n                    <figcaption itemprop=\"caption description\" class=\"slide-caption\">\n                        \n                    <\/figcaption>\n                <\/figure><figure class=\"slide\" itemprop=\"associatedMedia\" itemscope itemtype=\"http:\/\/schema.org\/ImageObject\">\n                    <a itemprop=\"contentUrl\" href=\"https:\/\/www.cetys.mx\/noticias\/wp-content\/uploads\/2024\/04\/MG_3782-copy.jpg\">\n                        <img decoding=\"async\" itemprop=\"thumbnail\" class=\"lazyOwl\" src=\"https:\/\/www.cetys.mx\/noticias\/wp-content\/plugins\/jmagz-plugin\/assets\/placeholder\/900x450.png\" data-src=\"https:\/\/www.cetys.mx\/noticias\/wp-content\/uploads\/2024\/04\/MG_3782-copy.jpg\" alt=\"\">\n                    <\/a>\n                    <figcaption itemprop=\"caption description\" class=\"slide-caption\">\n                        \n                    <\/figcaption>\n                <\/figure><figure class=\"slide\" itemprop=\"associatedMedia\" itemscope itemtype=\"http:\/\/schema.org\/ImageObject\">\n                    <a itemprop=\"contentUrl\" href=\"https:\/\/www.cetys.mx\/noticias\/wp-content\/uploads\/2024\/04\/MG_2865-copy.jpg\">\n                        <img decoding=\"async\" itemprop=\"thumbnail\" class=\"lazyOwl\" src=\"https:\/\/www.cetys.mx\/noticias\/wp-content\/plugins\/jmagz-plugin\/assets\/placeholder\/900x450.png\" data-src=\"https:\/\/www.cetys.mx\/noticias\/wp-content\/uploads\/2024\/04\/MG_2865-copy.jpg\" alt=\"\">\n                    <\/a>\n                    <figcaption itemprop=\"caption description\" class=\"slide-caption\">\n                        \n                    <\/figcaption>\n                <\/figure><figure class=\"slide\" itemprop=\"associatedMedia\" itemscope itemtype=\"http:\/\/schema.org\/ImageObject\">\n                    <a itemprop=\"contentUrl\" href=\"https:\/\/www.cetys.mx\/noticias\/wp-content\/uploads\/2024\/04\/MG_3231-copy.jpg\">\n                        <img decoding=\"async\" itemprop=\"thumbnail\" class=\"lazyOwl\" src=\"https:\/\/www.cetys.mx\/noticias\/wp-content\/plugins\/jmagz-plugin\/assets\/placeholder\/900x450.png\" data-src=\"https:\/\/www.cetys.mx\/noticias\/wp-content\/uploads\/2024\/04\/MG_3231-copy.jpg\" alt=\"\">\n                    <\/a>\n                    <figcaption itemprop=\"caption description\" class=\"slide-caption\">\n                        \n                    <\/figcaption>\n                <\/figure><figure class=\"slide\" itemprop=\"associatedMedia\" itemscope itemtype=\"http:\/\/schema.org\/ImageObject\">\n                    <a itemprop=\"contentUrl\" href=\"https:\/\/www.cetys.mx\/noticias\/wp-content\/uploads\/2024\/04\/MG_3618-copy.jpg\">\n                        <img decoding=\"async\" itemprop=\"thumbnail\" class=\"lazyOwl\" src=\"https:\/\/www.cetys.mx\/noticias\/wp-content\/plugins\/jmagz-plugin\/assets\/placeholder\/900x450.png\" data-src=\"https:\/\/www.cetys.mx\/noticias\/wp-content\/uploads\/2024\/04\/MG_3618-copy.jpg\" alt=\"\">\n                    <\/a>\n                    <figcaption itemprop=\"caption description\" class=\"slide-caption\">\n                        \n                    <\/figcaption>\n                <\/figure><figure class=\"slide\" itemprop=\"associatedMedia\" itemscope itemtype=\"http:\/\/schema.org\/ImageObject\">\n                    <a itemprop=\"contentUrl\" href=\"https:\/\/www.cetys.mx\/noticias\/wp-content\/uploads\/2024\/04\/MG_2764-copy.jpg\">\n                        <img decoding=\"async\" itemprop=\"thumbnail\" class=\"lazyOwl\" src=\"https:\/\/www.cetys.mx\/noticias\/wp-content\/plugins\/jmagz-plugin\/assets\/placeholder\/900x450.png\" data-src=\"https:\/\/www.cetys.mx\/noticias\/wp-content\/uploads\/2024\/04\/MG_2764-copy.jpg\" alt=\"\">\n                    <\/a>\n                    <figcaption itemprop=\"caption description\" class=\"slide-caption\">\n                        \n                    <\/figcaption>\n                <\/figure><figure class=\"slide\" itemprop=\"associatedMedia\" itemscope itemtype=\"http:\/\/schema.org\/ImageObject\">\n                    <a itemprop=\"contentUrl\" href=\"https:\/\/www.cetys.mx\/noticias\/wp-content\/uploads\/2024\/04\/MG_3002-copy.jpg\">\n                        <img decoding=\"async\" itemprop=\"thumbnail\" class=\"lazyOwl\" src=\"https:\/\/www.cetys.mx\/noticias\/wp-content\/plugins\/jmagz-plugin\/assets\/placeholder\/900x450.png\" data-src=\"https:\/\/www.cetys.mx\/noticias\/wp-content\/uploads\/2024\/04\/MG_3002-copy.jpg\" alt=\"\">\n                    <\/a>\n                    <figcaption itemprop=\"caption description\" class=\"slide-caption\">\n                        \n                    <\/figcaption>\n                <\/figure><figure class=\"slide\" itemprop=\"associatedMedia\" itemscope itemtype=\"http:\/\/schema.org\/ImageObject\">\n                    <a itemprop=\"contentUrl\" href=\"https:\/\/www.cetys.mx\/noticias\/wp-content\/uploads\/2024\/04\/MG_3821-copy.jpg\">\n                        <img decoding=\"async\" itemprop=\"thumbnail\" class=\"lazyOwl\" src=\"https:\/\/www.cetys.mx\/noticias\/wp-content\/plugins\/jmagz-plugin\/assets\/placeholder\/900x450.png\" data-src=\"https:\/\/www.cetys.mx\/noticias\/wp-content\/uploads\/2024\/04\/MG_3821-copy.jpg\" alt=\"\">\n                    <\/a>\n                    <figcaption itemprop=\"caption description\" class=\"slide-caption\">\n                        \n                    <\/figcaption>\n                <\/figure><\/div>\n                <div class=\"gallery-slider-thumbnail-wrapper\">\n                    <div class=\"gallery-slider-thumbnail\"><div class=\"slide-thumbnail\"><img decoding=\"async\" class=\"lazyOwl\" src=\"https:\/\/www.cetys.mx\/noticias\/wp-content\/plugins\/jmagz-plugin\/assets\/placeholder\/150x75.png\" data-src=\"https:\/\/www.cetys.mx\/noticias\/wp-content\/uploads\/2024\/04\/MG_3279-copy.jpg\" alt=\"\"><\/div><div class=\"slide-thumbnail\"><img decoding=\"async\" class=\"lazyOwl\" src=\"https:\/\/www.cetys.mx\/noticias\/wp-content\/plugins\/jmagz-plugin\/assets\/placeholder\/150x75.png\" data-src=\"https:\/\/www.cetys.mx\/noticias\/wp-content\/uploads\/2024\/04\/MG_3193-copy.jpg\" alt=\"\"><\/div><div class=\"slide-thumbnail\"><img decoding=\"async\" class=\"lazyOwl\" src=\"https:\/\/www.cetys.mx\/noticias\/wp-content\/plugins\/jmagz-plugin\/assets\/placeholder\/150x75.png\" data-src=\"https:\/\/www.cetys.mx\/noticias\/wp-content\/uploads\/2024\/04\/MG_3599-copy.jpg\" alt=\"\"><\/div><div class=\"slide-thumbnail\"><img decoding=\"async\" class=\"lazyOwl\" src=\"https:\/\/www.cetys.mx\/noticias\/wp-content\/plugins\/jmagz-plugin\/assets\/placeholder\/150x75.png\" data-src=\"https:\/\/www.cetys.mx\/noticias\/wp-content\/uploads\/2024\/04\/IMG_2884-copy.jpg\" alt=\"\"><\/div><div class=\"slide-thumbnail\"><img decoding=\"async\" class=\"lazyOwl\" src=\"https:\/\/www.cetys.mx\/noticias\/wp-content\/plugins\/jmagz-plugin\/assets\/placeholder\/150x75.png\" data-src=\"https:\/\/www.cetys.mx\/noticias\/wp-content\/uploads\/2024\/04\/MG_2488-copy.jpg\" alt=\"\"><\/div><div class=\"slide-thumbnail\"><img decoding=\"async\" class=\"lazyOwl\" src=\"https:\/\/www.cetys.mx\/noticias\/wp-content\/plugins\/jmagz-plugin\/assets\/placeholder\/150x75.png\" data-src=\"https:\/\/www.cetys.mx\/noticias\/wp-content\/uploads\/2024\/04\/IMG_3052-copy.jpg\" alt=\"\"><\/div><div class=\"slide-thumbnail\"><img decoding=\"async\" class=\"lazyOwl\" src=\"https:\/\/www.cetys.mx\/noticias\/wp-content\/plugins\/jmagz-plugin\/assets\/placeholder\/150x75.png\" data-src=\"https:\/\/www.cetys.mx\/noticias\/wp-content\/uploads\/2024\/04\/MG_3782-copy.jpg\" alt=\"\"><\/div><div class=\"slide-thumbnail\"><img decoding=\"async\" class=\"lazyOwl\" src=\"https:\/\/www.cetys.mx\/noticias\/wp-content\/plugins\/jmagz-plugin\/assets\/placeholder\/150x75.png\" data-src=\"https:\/\/www.cetys.mx\/noticias\/wp-content\/uploads\/2024\/04\/MG_2865-copy.jpg\" alt=\"\"><\/div><div class=\"slide-thumbnail\"><img decoding=\"async\" class=\"lazyOwl\" src=\"https:\/\/www.cetys.mx\/noticias\/wp-content\/plugins\/jmagz-plugin\/assets\/placeholder\/150x75.png\" data-src=\"https:\/\/www.cetys.mx\/noticias\/wp-content\/uploads\/2024\/04\/MG_3231-copy.jpg\" alt=\"\"><\/div><div class=\"slide-thumbnail\"><img decoding=\"async\" class=\"lazyOwl\" src=\"https:\/\/www.cetys.mx\/noticias\/wp-content\/plugins\/jmagz-plugin\/assets\/placeholder\/150x75.png\" data-src=\"https:\/\/www.cetys.mx\/noticias\/wp-content\/uploads\/2024\/04\/MG_3618-copy.jpg\" alt=\"\"><\/div><div class=\"slide-thumbnail\"><img decoding=\"async\" class=\"lazyOwl\" src=\"https:\/\/www.cetys.mx\/noticias\/wp-content\/plugins\/jmagz-plugin\/assets\/placeholder\/150x75.png\" data-src=\"https:\/\/www.cetys.mx\/noticias\/wp-content\/uploads\/2024\/04\/MG_2764-copy.jpg\" alt=\"\"><\/div><div class=\"slide-thumbnail\"><img decoding=\"async\" class=\"lazyOwl\" src=\"https:\/\/www.cetys.mx\/noticias\/wp-content\/plugins\/jmagz-plugin\/assets\/placeholder\/150x75.png\" data-src=\"https:\/\/www.cetys.mx\/noticias\/wp-content\/uploads\/2024\/04\/MG_3002-copy.jpg\" alt=\"\"><\/div><div class=\"slide-thumbnail\"><img decoding=\"async\" class=\"lazyOwl\" src=\"https:\/\/www.cetys.mx\/noticias\/wp-content\/plugins\/jmagz-plugin\/assets\/placeholder\/150x75.png\" data-src=\"https:\/\/www.cetys.mx\/noticias\/wp-content\/uploads\/2024\/04\/MG_3821-copy.jpg\" alt=\"\"><\/div><\/div><\/div><\/div>\n","protected":false},"excerpt":{"rendered":"<p>Con el objetivo de fortalecer la educaci\u00f3n sostenible, la vinculaci\u00f3n universitaria y la creaci\u00f3n de una red de trabajo entre profesionales se&#8230;<\/p>\n","protected":false},"author":20,"featured_media":181170,"comment_status":"open","ping_status":"closed","sticky":false,"template":"","format":"standard","meta":{"footnotes":""},"categories":[133,108,125,306,313],"tags":[3180,6774,3690,6775,594,515,5669,6792],"class_list":["post-181169","post","type-post","status-publish","format-standard","has-post-thumbnail","hentry","category-campus-mexicali","category-internacionales","category-portada","category-profesional","category-vocetys-2","tag-congreso-internacional","tag-congreso-pods","tag-desarrollo-sostenible","tag-encuentro-internacional","tag-latinoamerica","tag-onu","tag-sostenibilidad","tag-vocetys-2024-05-08"],"yoast_head":"<!-- This site is optimized with the Yoast SEO plugin v27.4 - https:\/\/yoast.com\/product\/yoast-seo-wordpress\/ -->\n<title>Analizan la Educaci\u00f3n Sostenible en 1er. Encuentro Universitario de Am\u00e9rica Latina y el Caribe - CETYS<\/title>\n<meta name=\"description\" content=\"Articulo sobre Analizan la Educaci\u00f3n Sostenible en 1er. Encuentro Universitario de Am\u00e9rica Latina y el Caribe\" \/>\n<meta name=\"robots\" content=\"index, follow, max-snippet:-1, max-image-preview:large, max-video-preview:-1\" \/>\n<link rel=\"canonical\" href=\"https:\/\/www.cetys.mx\/noticias\/analizan-la-educacion-sostenible-en-1er-encuentro-universitario-de-america-latina-y-el-caribe\/\" \/>\n<meta property=\"og:locale\" content=\"es_MX\" \/>\n<meta property=\"og:type\" content=\"article\" \/>\n<meta property=\"og:title\" content=\"Analizan la Educaci\u00f3n Sostenible en 1er. Encuentro Universitario de Am\u00e9rica Latina y el Caribe - CETYS\" \/>\n<meta property=\"og:description\" content=\"Articulo sobre Analizan la Educaci\u00f3n Sostenible en 1er. Encuentro Universitario de Am\u00e9rica Latina y el Caribe\" \/>\n<meta property=\"og:url\" content=\"https:\/\/www.cetys.mx\/noticias\/analizan-la-educacion-sostenible-en-1er-encuentro-universitario-de-america-latina-y-el-caribe\/\" \/>\n<meta property=\"og:site_name\" content=\"CETYS\" \/>\n<meta property=\"article:publisher\" content=\"https:\/\/www.facebook.com\/cetysuniversidadmxl\/\" \/>\n<meta property=\"article:published_time\" content=\"2024-04-30T23:27:11+00:00\" \/>\n<meta property=\"article:modified_time\" content=\"2024-05-08T22:54:44+00:00\" \/>\n<meta property=\"og:image\" content=\"https:\/\/www.cetys.mx\/noticias\/wp-content\/uploads\/2024\/04\/MG_3996-copy.jpg\" \/>\n\t<meta property=\"og:image:width\" content=\"958\" \/>\n\t<meta property=\"og:image:height\" content=\"639\" \/>\n\t<meta property=\"og:image:type\" content=\"image\/jpeg\" \/>\n<meta name=\"author\" content=\"Campus Mexicali\" \/>\n<meta name=\"twitter:card\" content=\"summary_large_image\" \/>\n<meta name=\"twitter:creator\" content=\"@cetysuni\" \/>\n<meta name=\"twitter:site\" content=\"@cetysuni\" \/>\n<meta name=\"twitter:label1\" content=\"Escrito por\" \/>\n\t<meta name=\"twitter:data1\" content=\"Campus Mexicali\" \/>\n\t<meta name=\"twitter:label2\" content=\"Tiempo de lectura\" \/>\n\t<meta name=\"twitter:data2\" content=\"1 minuto\" \/>\n<script type=\"application\/ld+json\" class=\"yoast-schema-graph\">{\"@context\":\"https:\\\/\\\/schema.org\",\"@graph\":[{\"@type\":\"Article\",\"@id\":\"https:\\\/\\\/www.cetys.mx\\\/noticias\\\/analizan-la-educacion-sostenible-en-1er-encuentro-universitario-de-america-latina-y-el-caribe\\\/#article\",\"isPartOf\":{\"@id\":\"https:\\\/\\\/www.cetys.mx\\\/noticias\\\/analizan-la-educacion-sostenible-en-1er-encuentro-universitario-de-america-latina-y-el-caribe\\\/\"},\"author\":{\"name\":\"Campus Mexicali\",\"@id\":\"https:\\\/\\\/www.cetys.mx\\\/noticias\\\/#\\\/schema\\\/person\\\/79a95c4ac185f3705cf1b9c9340a5f70\"},\"headline\":\"Analizan la Educaci\u00f3n Sostenible en 1er. Encuentro Universitario de Am\u00e9rica Latina y el Caribe\",\"datePublished\":\"2024-04-30T23:27:11+00:00\",\"dateModified\":\"2024-05-08T22:54:44+00:00\",\"mainEntityOfPage\":{\"@id\":\"https:\\\/\\\/www.cetys.mx\\\/noticias\\\/analizan-la-educacion-sostenible-en-1er-encuentro-universitario-de-america-latina-y-el-caribe\\\/\"},\"wordCount\":257,\"commentCount\":0,\"image\":{\"@id\":\"https:\\\/\\\/www.cetys.mx\\\/noticias\\\/analizan-la-educacion-sostenible-en-1er-encuentro-universitario-de-america-latina-y-el-caribe\\\/#primaryimage\"},\"thumbnailUrl\":\"https:\\\/\\\/www.cetys.mx\\\/noticias\\\/wp-content\\\/uploads\\\/2024\\\/04\\\/MG_3996-copy.jpg\",\"keywords\":[\"Congreso Internacional\",\"Congreso PODS\",\"Desarrollo Sostenible\",\"Encuentro Internacional\",\"Latinoam\u00e9rica\",\"onu\",\"Sostenibilidad\",\"vocetys-2024-05-08\"],\"articleSection\":[\"Campus Mexicali\",\"Internacionales\",\"Portada\",\"Profesional\",\"VoCETYS\"],\"inLanguage\":\"es\",\"potentialAction\":[{\"@type\":\"CommentAction\",\"name\":\"Comment\",\"target\":[\"https:\\\/\\\/www.cetys.mx\\\/noticias\\\/analizan-la-educacion-sostenible-en-1er-encuentro-universitario-de-america-latina-y-el-caribe\\\/#respond\"]}]},{\"@type\":\"WebPage\",\"@id\":\"https:\\\/\\\/www.cetys.mx\\\/noticias\\\/analizan-la-educacion-sostenible-en-1er-encuentro-universitario-de-america-latina-y-el-caribe\\\/\",\"url\":\"https:\\\/\\\/www.cetys.mx\\\/noticias\\\/analizan-la-educacion-sostenible-en-1er-encuentro-universitario-de-america-latina-y-el-caribe\\\/\",\"name\":\"Analizan la Educaci\u00f3n Sostenible en 1er. Encuentro Universitario de Am\u00e9rica Latina y el Caribe - CETYS\",\"isPartOf\":{\"@id\":\"https:\\\/\\\/www.cetys.mx\\\/noticias\\\/#website\"},\"primaryImageOfPage\":{\"@id\":\"https:\\\/\\\/www.cetys.mx\\\/noticias\\\/analizan-la-educacion-sostenible-en-1er-encuentro-universitario-de-america-latina-y-el-caribe\\\/#primaryimage\"},\"image\":{\"@id\":\"https:\\\/\\\/www.cetys.mx\\\/noticias\\\/analizan-la-educacion-sostenible-en-1er-encuentro-universitario-de-america-latina-y-el-caribe\\\/#primaryimage\"},\"thumbnailUrl\":\"https:\\\/\\\/www.cetys.mx\\\/noticias\\\/wp-content\\\/uploads\\\/2024\\\/04\\\/MG_3996-copy.jpg\",\"datePublished\":\"2024-04-30T23:27:11+00:00\",\"dateModified\":\"2024-05-08T22:54:44+00:00\",\"author\":{\"@id\":\"https:\\\/\\\/www.cetys.mx\\\/noticias\\\/#\\\/schema\\\/person\\\/79a95c4ac185f3705cf1b9c9340a5f70\"},\"description\":\"Articulo sobre Analizan la Educaci\u00f3n Sostenible en 1er. Encuentro Universitario de Am\u00e9rica Latina y el Caribe\",\"breadcrumb\":{\"@id\":\"https:\\\/\\\/www.cetys.mx\\\/noticias\\\/analizan-la-educacion-sostenible-en-1er-encuentro-universitario-de-america-latina-y-el-caribe\\\/#breadcrumb\"},\"inLanguage\":\"es\",\"potentialAction\":[{\"@type\":\"ReadAction\",\"target\":[\"https:\\\/\\\/www.cetys.mx\\\/noticias\\\/analizan-la-educacion-sostenible-en-1er-encuentro-universitario-de-america-latina-y-el-caribe\\\/\"]}]},{\"@type\":\"ImageObject\",\"inLanguage\":\"es\",\"@id\":\"https:\\\/\\\/www.cetys.mx\\\/noticias\\\/analizan-la-educacion-sostenible-en-1er-encuentro-universitario-de-america-latina-y-el-caribe\\\/#primaryimage\",\"url\":\"https:\\\/\\\/www.cetys.mx\\\/noticias\\\/wp-content\\\/uploads\\\/2024\\\/04\\\/MG_3996-copy.jpg\",\"contentUrl\":\"https:\\\/\\\/www.cetys.mx\\\/noticias\\\/wp-content\\\/uploads\\\/2024\\\/04\\\/MG_3996-copy.jpg\",\"width\":958,\"height\":639},{\"@type\":\"BreadcrumbList\",\"@id\":\"https:\\\/\\\/www.cetys.mx\\\/noticias\\\/analizan-la-educacion-sostenible-en-1er-encuentro-universitario-de-america-latina-y-el-caribe\\\/#breadcrumb\",\"itemListElement\":[{\"@type\":\"ListItem\",\"position\":1,\"name\":\"Inicio\",\"item\":\"https:\\\/\\\/www.cetys.mx\\\/noticias\\\/\"},{\"@type\":\"ListItem\",\"position\":2,\"name\":\"Analizan la Educaci\u00f3n Sostenible en 1er. Encuentro Universitario de Am\u00e9rica Latina y el Caribe\"}]},{\"@type\":\"WebSite\",\"@id\":\"https:\\\/\\\/www.cetys.mx\\\/noticias\\\/#website\",\"url\":\"https:\\\/\\\/www.cetys.mx\\\/noticias\\\/\",\"name\":\"CETYS\",\"description\":\"\",\"potentialAction\":[{\"@type\":\"SearchAction\",\"target\":{\"@type\":\"EntryPoint\",\"urlTemplate\":\"https:\\\/\\\/www.cetys.mx\\\/noticias\\\/?s={search_term_string}\"},\"query-input\":{\"@type\":\"PropertyValueSpecification\",\"valueRequired\":true,\"valueName\":\"search_term_string\"}}],\"inLanguage\":\"es\"},{\"@type\":\"Person\",\"@id\":\"https:\\\/\\\/www.cetys.mx\\\/noticias\\\/#\\\/schema\\\/person\\\/79a95c4ac185f3705cf1b9c9340a5f70\",\"name\":\"Campus Mexicali\",\"url\":\"https:\\\/\\\/www.cetys.mx\\\/noticias\\\/author\\\/campusmexicali\\\/\"}]}<\/script>\n<!-- \/ Yoast SEO plugin. -->","yoast_head_json":{"title":"Analizan la Educaci\u00f3n Sostenible en 1er. Encuentro Universitario de Am\u00e9rica Latina y el Caribe - CETYS","description":"Articulo sobre Analizan la Educaci\u00f3n Sostenible en 1er. Encuentro Universitario de Am\u00e9rica Latina y el Caribe","robots":{"index":"index","follow":"follow","max-snippet":"max-snippet:-1","max-image-preview":"max-image-preview:large","max-video-preview":"max-video-preview:-1"},"canonical":"https:\/\/www.cetys.mx\/noticias\/analizan-la-educacion-sostenible-en-1er-encuentro-universitario-de-america-latina-y-el-caribe\/","og_locale":"es_MX","og_type":"article","og_title":"Analizan la Educaci\u00f3n Sostenible en 1er. Encuentro Universitario de Am\u00e9rica Latina y el Caribe - CETYS","og_description":"Articulo sobre Analizan la Educaci\u00f3n Sostenible en 1er. Encuentro Universitario de Am\u00e9rica Latina y el Caribe","og_url":"https:\/\/www.cetys.mx\/noticias\/analizan-la-educacion-sostenible-en-1er-encuentro-universitario-de-america-latina-y-el-caribe\/","og_site_name":"CETYS","article_publisher":"https:\/\/www.facebook.com\/cetysuniversidadmxl\/","article_published_time":"2024-04-30T23:27:11+00:00","article_modified_time":"2024-05-08T22:54:44+00:00","og_image":[{"width":958,"height":639,"url":"https:\/\/www.cetys.mx\/noticias\/wp-content\/uploads\/2024\/04\/MG_3996-copy.jpg","type":"image\/jpeg"}],"author":"Campus Mexicali","twitter_card":"summary_large_image","twitter_creator":"@cetysuni","twitter_site":"@cetysuni","twitter_misc":{"Escrito por":"Campus Mexicali","Tiempo de lectura":"1 minuto"},"schema":{"@context":"https:\/\/schema.org","@graph":[{"@type":"Article","@id":"https:\/\/www.cetys.mx\/noticias\/analizan-la-educacion-sostenible-en-1er-encuentro-universitario-de-america-latina-y-el-caribe\/#article","isPartOf":{"@id":"https:\/\/www.cetys.mx\/noticias\/analizan-la-educacion-sostenible-en-1er-encuentro-universitario-de-america-latina-y-el-caribe\/"},"author":{"name":"Campus Mexicali","@id":"https:\/\/www.cetys.mx\/noticias\/#\/schema\/person\/79a95c4ac185f3705cf1b9c9340a5f70"},"headline":"Analizan la Educaci\u00f3n Sostenible en 1er. Encuentro Universitario de Am\u00e9rica Latina y el Caribe","datePublished":"2024-04-30T23:27:11+00:00","dateModified":"2024-05-08T22:54:44+00:00","mainEntityOfPage":{"@id":"https:\/\/www.cetys.mx\/noticias\/analizan-la-educacion-sostenible-en-1er-encuentro-universitario-de-america-latina-y-el-caribe\/"},"wordCount":257,"commentCount":0,"image":{"@id":"https:\/\/www.cetys.mx\/noticias\/analizan-la-educacion-sostenible-en-1er-encuentro-universitario-de-america-latina-y-el-caribe\/#primaryimage"},"thumbnailUrl":"https:\/\/www.cetys.mx\/noticias\/wp-content\/uploads\/2024\/04\/MG_3996-copy.jpg","keywords":["Congreso Internacional","Congreso PODS","Desarrollo Sostenible","Encuentro Internacional","Latinoam\u00e9rica","onu","Sostenibilidad","vocetys-2024-05-08"],"articleSection":["Campus Mexicali","Internacionales","Portada","Profesional","VoCETYS"],"inLanguage":"es","potentialAction":[{"@type":"CommentAction","name":"Comment","target":["https:\/\/www.cetys.mx\/noticias\/analizan-la-educacion-sostenible-en-1er-encuentro-universitario-de-america-latina-y-el-caribe\/#respond"]}]},{"@type":"WebPage","@id":"https:\/\/www.cetys.mx\/noticias\/analizan-la-educacion-sostenible-en-1er-encuentro-universitario-de-america-latina-y-el-caribe\/","url":"https:\/\/www.cetys.mx\/noticias\/analizan-la-educacion-sostenible-en-1er-encuentro-universitario-de-america-latina-y-el-caribe\/","name":"Analizan la Educaci\u00f3n Sostenible en 1er. Encuentro Universitario de Am\u00e9rica Latina y el Caribe - CETYS","isPartOf":{"@id":"https:\/\/www.cetys.mx\/noticias\/#website"},"primaryImageOfPage":{"@id":"https:\/\/www.cetys.mx\/noticias\/analizan-la-educacion-sostenible-en-1er-encuentro-universitario-de-america-latina-y-el-caribe\/#primaryimage"},"image":{"@id":"https:\/\/www.cetys.mx\/noticias\/analizan-la-educacion-sostenible-en-1er-encuentro-universitario-de-america-latina-y-el-caribe\/#primaryimage"},"thumbnailUrl":"https:\/\/www.cetys.mx\/noticias\/wp-content\/uploads\/2024\/04\/MG_3996-copy.jpg","datePublished":"2024-04-30T23:27:11+00:00","dateModified":"2024-05-08T22:54:44+00:00","author":{"@id":"https:\/\/www.cetys.mx\/noticias\/#\/schema\/person\/79a95c4ac185f3705cf1b9c9340a5f70"},"description":"Articulo sobre Analizan la Educaci\u00f3n Sostenible en 1er. Encuentro Universitario de Am\u00e9rica Latina y el Caribe","breadcrumb":{"@id":"https:\/\/www.cetys.mx\/noticias\/analizan-la-educacion-sostenible-en-1er-encuentro-universitario-de-america-latina-y-el-caribe\/#breadcrumb"},"inLanguage":"es","potentialAction":[{"@type":"ReadAction","target":["https:\/\/www.cetys.mx\/noticias\/analizan-la-educacion-sostenible-en-1er-encuentro-universitario-de-america-latina-y-el-caribe\/"]}]},{"@type":"ImageObject","inLanguage":"es","@id":"https:\/\/www.cetys.mx\/noticias\/analizan-la-educacion-sostenible-en-1er-encuentro-universitario-de-america-latina-y-el-caribe\/#primaryimage","url":"https:\/\/www.cetys.mx\/noticias\/wp-content\/uploads\/2024\/04\/MG_3996-copy.jpg","contentUrl":"https:\/\/www.cetys.mx\/noticias\/wp-content\/uploads\/2024\/04\/MG_3996-copy.jpg","width":958,"height":639},{"@type":"BreadcrumbList","@id":"https:\/\/www.cetys.mx\/noticias\/analizan-la-educacion-sostenible-en-1er-encuentro-universitario-de-america-latina-y-el-caribe\/#breadcrumb","itemListElement":[{"@type":"ListItem","position":1,"name":"Inicio","item":"https:\/\/www.cetys.mx\/noticias\/"},{"@type":"ListItem","position":2,"name":"Analizan la Educaci\u00f3n Sostenible en 1er. Encuentro Universitario de Am\u00e9rica Latina y el Caribe"}]},{"@type":"WebSite","@id":"https:\/\/www.cetys.mx\/noticias\/#website","url":"https:\/\/www.cetys.mx\/noticias\/","name":"CETYS","description":"","potentialAction":[{"@type":"SearchAction","target":{"@type":"EntryPoint","urlTemplate":"https:\/\/www.cetys.mx\/noticias\/?s={search_term_string}"},"query-input":{"@type":"PropertyValueSpecification","valueRequired":true,"valueName":"search_term_string"}}],"inLanguage":"es"},{"@type":"Person","@id":"https:\/\/www.cetys.mx\/noticias\/#\/schema\/person\/79a95c4ac185f3705cf1b9c9340a5f70","name":"Campus Mexicali","url":"https:\/\/www.cetys.mx\/noticias\/author\/campusmexicali\/"}]}},"_links":{"self":[{"href":"https:\/\/www.cetys.mx\/noticias\/wp-json\/wp\/v2\/posts\/181169","targetHints":{"allow":["GET"]}}],"collection":[{"href":"https:\/\/www.cetys.mx\/noticias\/wp-json\/wp\/v2\/posts"}],"about":[{"href":"https:\/\/www.cetys.mx\/noticias\/wp-json\/wp\/v2\/types\/post"}],"author":[{"embeddable":true,"href":"https:\/\/www.cetys.mx\/noticias\/wp-json\/wp\/v2\/users\/20"}],"replies":[{"embeddable":true,"href":"https:\/\/www.cetys.mx\/noticias\/wp-json\/wp\/v2\/comments?post=181169"}],"version-history":[{"count":3,"href":"https:\/\/www.cetys.mx\/noticias\/wp-json\/wp\/v2\/posts\/181169\/revisions"}],"predecessor-version":[{"id":181188,"href":"https:\/\/www.cetys.mx\/noticias\/wp-json\/wp\/v2\/posts\/181169\/revisions\/181188"}],"wp:featuredmedia":[{"embeddable":true,"href":"https:\/\/www.cetys.mx\/noticias\/wp-json\/wp\/v2\/media\/181170"}],"wp:attachment":[{"href":"https:\/\/www.cetys.mx\/noticias\/wp-json\/wp\/v2\/media?parent=181169"}],"wp:term":[{"taxonomy":"category","embeddable":true,"href":"https:\/\/www.cetys.mx\/noticias\/wp-json\/wp\/v2\/categories?post=181169"},{"taxonomy":"post_tag","embeddable":true,"href":"https:\/\/www.cetys.mx\/noticias\/wp-json\/wp\/v2\/tags?post=181169"}],"curies":[{"name":"wp","href":"https:\/\/api.w.org\/{rel}","templated":true}]}}