{"id":181160,"date":"2024-04-30T15:12:12","date_gmt":"2024-04-30T22:12:12","guid":{"rendered":"https:\/\/www.cetys.mx\/noticias\/?p=181160"},"modified":"2024-04-30T15:12:27","modified_gmt":"2024-04-30T22:12:27","slug":"video-esto-intercetys-cultural-2024-en-campus-tijuana","status":"publish","type":"post","link":"https:\/\/www.cetys.mx\/noticias\/video-esto-intercetys-cultural-2024-en-campus-tijuana\/","title":{"rendered":"[Video] Esto fue InterCETYS Cultural 2024 en Campus Tijuana"},"content":{"rendered":"<p>Tras cinco a\u00f1os. Campus Tijuana regres\u00f3 a ser sede presencial del encuentro de arte y cultura m\u00e1s importante de CETYS Universidad, evento que re\u00fane a estudiantes de los Campus Tijuana, Mexicali e Internacional Ensenada y crear una muestra de las distintas representaciones art\u00edsticas.<\/p>\n","protected":false},"excerpt":{"rendered":"<p>Tras cinco a\u00f1os. Campus Tijuana regres\u00f3 a ser sede presencial del encuentro de arte y cultura m\u00e1s importante de CETYS Universidad, evento&#8230;<\/p>\n","protected":false},"author":24,"featured_media":181118,"comment_status":"open","ping_status":"closed","sticky":false,"template":"","format":"video","meta":{"footnotes":""},"categories":[134,323,147],"tags":[328,307,6600,6769],"class_list":["post-181160","post","type-post","status-publish","format-video","has-post-thumbnail","hentry","category-campus-tijuana","category-difusion-cultural","category-video","tag-campustijuana","tag-cetystijuana","tag-difusioncultural","tag-intercetyscultural","post_format-post-format-video"],"yoast_head":"<!-- This site is optimized with the Yoast SEO plugin v27.4 - https:\/\/yoast.com\/product\/yoast-seo-wordpress\/ -->\n<title>[Video] Esto fue InterCETYS Cultural 2024 en Campus Tijuana - CETYS<\/title>\n<meta name=\"description\" content=\"Articulo sobre [Video] Esto fue InterCETYS Cultural 2024 en Campus Tijuana\" \/>\n<meta name=\"robots\" content=\"index, follow, max-snippet:-1, max-image-preview:large, max-video-preview:-1\" \/>\n<link rel=\"canonical\" href=\"https:\/\/www.cetys.mx\/noticias\/video-esto-intercetys-cultural-2024-en-campus-tijuana\/\" \/>\n<meta property=\"og:locale\" content=\"es_MX\" \/>\n<meta property=\"og:type\" content=\"article\" \/>\n<meta property=\"og:title\" content=\"[Video] Esto fue InterCETYS Cultural 2024 en Campus Tijuana - CETYS\" \/>\n<meta property=\"og:description\" content=\"Articulo sobre [Video] Esto fue InterCETYS Cultural 2024 en Campus Tijuana\" \/>\n<meta property=\"og:url\" content=\"https:\/\/www.cetys.mx\/noticias\/video-esto-intercetys-cultural-2024-en-campus-tijuana\/\" \/>\n<meta property=\"og:site_name\" content=\"CETYS\" \/>\n<meta property=\"article:publisher\" content=\"https:\/\/www.facebook.com\/cetysuniversidadmxl\/\" \/>\n<meta property=\"article:published_time\" content=\"2024-04-30T22:12:12+00:00\" \/>\n<meta property=\"article:modified_time\" content=\"2024-04-30T22:12:27+00:00\" \/>\n<meta property=\"og:image\" content=\"https:\/\/www.cetys.mx\/noticias\/wp-content\/uploads\/2024\/04\/InterCETYS-Cultural-2024-CETYS-Tijuana-04.png\" \/>\n\t<meta property=\"og:image:width\" content=\"1200\" \/>\n\t<meta property=\"og:image:height\" content=\"798\" \/>\n\t<meta property=\"og:image:type\" content=\"image\/png\" \/>\n<meta name=\"author\" content=\"Campus Tijuana\" \/>\n<meta name=\"twitter:card\" content=\"summary_large_image\" \/>\n<meta name=\"twitter:creator\" content=\"@cetysuni\" \/>\n<meta name=\"twitter:site\" content=\"@cetysuni\" \/>\n<meta name=\"twitter:label1\" content=\"Escrito por\" \/>\n\t<meta name=\"twitter:data1\" content=\"Campus Tijuana\" \/>\n<script type=\"application\/ld+json\" class=\"yoast-schema-graph\">{\"@context\":\"https:\\\/\\\/schema.org\",\"@graph\":[{\"@type\":\"Article\",\"@id\":\"https:\\\/\\\/www.cetys.mx\\\/noticias\\\/video-esto-intercetys-cultural-2024-en-campus-tijuana\\\/#article\",\"isPartOf\":{\"@id\":\"https:\\\/\\\/www.cetys.mx\\\/noticias\\\/video-esto-intercetys-cultural-2024-en-campus-tijuana\\\/\"},\"author\":{\"name\":\"Campus Tijuana\",\"@id\":\"https:\\\/\\\/www.cetys.mx\\\/noticias\\\/#\\\/schema\\\/person\\\/e790051ce60e18ae47cfa87011c8653f\"},\"headline\":\"[Video] Esto fue InterCETYS Cultural 2024 en Campus Tijuana\",\"datePublished\":\"2024-04-30T22:12:12+00:00\",\"dateModified\":\"2024-04-30T22:12:27+00:00\",\"mainEntityOfPage\":{\"@id\":\"https:\\\/\\\/www.cetys.mx\\\/noticias\\\/video-esto-intercetys-cultural-2024-en-campus-tijuana\\\/\"},\"wordCount\":55,\"commentCount\":0,\"image\":{\"@id\":\"https:\\\/\\\/www.cetys.mx\\\/noticias\\\/video-esto-intercetys-cultural-2024-en-campus-tijuana\\\/#primaryimage\"},\"thumbnailUrl\":\"https:\\\/\\\/www.cetys.mx\\\/noticias\\\/wp-content\\\/uploads\\\/2024\\\/04\\\/InterCETYS-Cultural-2024-CETYS-Tijuana-04.png\",\"keywords\":[\"campustijuana\",\"cetystijuana\",\"DifusionCultural\",\"InterCETYSCultural\"],\"articleSection\":[\"Campus Tijuana\",\"Difusion cultural\",\"Video\"],\"inLanguage\":\"es\",\"potentialAction\":[{\"@type\":\"CommentAction\",\"name\":\"Comment\",\"target\":[\"https:\\\/\\\/www.cetys.mx\\\/noticias\\\/video-esto-intercetys-cultural-2024-en-campus-tijuana\\\/#respond\"]}]},{\"@type\":\"WebPage\",\"@id\":\"https:\\\/\\\/www.cetys.mx\\\/noticias\\\/video-esto-intercetys-cultural-2024-en-campus-tijuana\\\/\",\"url\":\"https:\\\/\\\/www.cetys.mx\\\/noticias\\\/video-esto-intercetys-cultural-2024-en-campus-tijuana\\\/\",\"name\":\"[Video] Esto fue InterCETYS Cultural 2024 en Campus Tijuana - CETYS\",\"isPartOf\":{\"@id\":\"https:\\\/\\\/www.cetys.mx\\\/noticias\\\/#website\"},\"primaryImageOfPage\":{\"@id\":\"https:\\\/\\\/www.cetys.mx\\\/noticias\\\/video-esto-intercetys-cultural-2024-en-campus-tijuana\\\/#primaryimage\"},\"image\":{\"@id\":\"https:\\\/\\\/www.cetys.mx\\\/noticias\\\/video-esto-intercetys-cultural-2024-en-campus-tijuana\\\/#primaryimage\"},\"thumbnailUrl\":\"https:\\\/\\\/www.cetys.mx\\\/noticias\\\/wp-content\\\/uploads\\\/2024\\\/04\\\/InterCETYS-Cultural-2024-CETYS-Tijuana-04.png\",\"datePublished\":\"2024-04-30T22:12:12+00:00\",\"dateModified\":\"2024-04-30T22:12:27+00:00\",\"author\":{\"@id\":\"https:\\\/\\\/www.cetys.mx\\\/noticias\\\/#\\\/schema\\\/person\\\/e790051ce60e18ae47cfa87011c8653f\"},\"description\":\"Articulo sobre [Video] Esto fue InterCETYS Cultural 2024 en Campus Tijuana\",\"breadcrumb\":{\"@id\":\"https:\\\/\\\/www.cetys.mx\\\/noticias\\\/video-esto-intercetys-cultural-2024-en-campus-tijuana\\\/#breadcrumb\"},\"inLanguage\":\"es\",\"potentialAction\":[{\"@type\":\"ReadAction\",\"target\":[\"https:\\\/\\\/www.cetys.mx\\\/noticias\\\/video-esto-intercetys-cultural-2024-en-campus-tijuana\\\/\"]}]},{\"@type\":\"ImageObject\",\"inLanguage\":\"es\",\"@id\":\"https:\\\/\\\/www.cetys.mx\\\/noticias\\\/video-esto-intercetys-cultural-2024-en-campus-tijuana\\\/#primaryimage\",\"url\":\"https:\\\/\\\/www.cetys.mx\\\/noticias\\\/wp-content\\\/uploads\\\/2024\\\/04\\\/InterCETYS-Cultural-2024-CETYS-Tijuana-04.png\",\"contentUrl\":\"https:\\\/\\\/www.cetys.mx\\\/noticias\\\/wp-content\\\/uploads\\\/2024\\\/04\\\/InterCETYS-Cultural-2024-CETYS-Tijuana-04.png\",\"width\":1200,\"height\":798},{\"@type\":\"BreadcrumbList\",\"@id\":\"https:\\\/\\\/www.cetys.mx\\\/noticias\\\/video-esto-intercetys-cultural-2024-en-campus-tijuana\\\/#breadcrumb\",\"itemListElement\":[{\"@type\":\"ListItem\",\"position\":1,\"name\":\"Inicio\",\"item\":\"https:\\\/\\\/www.cetys.mx\\\/noticias\\\/\"},{\"@type\":\"ListItem\",\"position\":2,\"name\":\"[Video] Esto fue InterCETYS Cultural 2024 en Campus Tijuana\"}]},{\"@type\":\"WebSite\",\"@id\":\"https:\\\/\\\/www.cetys.mx\\\/noticias\\\/#website\",\"url\":\"https:\\\/\\\/www.cetys.mx\\\/noticias\\\/\",\"name\":\"CETYS\",\"description\":\"\",\"potentialAction\":[{\"@type\":\"SearchAction\",\"target\":{\"@type\":\"EntryPoint\",\"urlTemplate\":\"https:\\\/\\\/www.cetys.mx\\\/noticias\\\/?s={search_term_string}\"},\"query-input\":{\"@type\":\"PropertyValueSpecification\",\"valueRequired\":true,\"valueName\":\"search_term_string\"}}],\"inLanguage\":\"es\"},{\"@type\":\"Person\",\"@id\":\"https:\\\/\\\/www.cetys.mx\\\/noticias\\\/#\\\/schema\\\/person\\\/e790051ce60e18ae47cfa87011c8653f\",\"name\":\"Campus Tijuana\",\"url\":\"https:\\\/\\\/www.cetys.mx\\\/noticias\\\/author\\\/campustijuana\\\/\"}]}<\/script>\n<!-- \/ Yoast SEO plugin. -->","yoast_head_json":{"title":"[Video] Esto fue InterCETYS Cultural 2024 en Campus Tijuana - CETYS","description":"Articulo sobre [Video] Esto fue InterCETYS Cultural 2024 en Campus Tijuana","robots":{"index":"index","follow":"follow","max-snippet":"max-snippet:-1","max-image-preview":"max-image-preview:large","max-video-preview":"max-video-preview:-1"},"canonical":"https:\/\/www.cetys.mx\/noticias\/video-esto-intercetys-cultural-2024-en-campus-tijuana\/","og_locale":"es_MX","og_type":"article","og_title":"[Video] Esto fue InterCETYS Cultural 2024 en Campus Tijuana - CETYS","og_description":"Articulo sobre [Video] Esto fue InterCETYS Cultural 2024 en Campus Tijuana","og_url":"https:\/\/www.cetys.mx\/noticias\/video-esto-intercetys-cultural-2024-en-campus-tijuana\/","og_site_name":"CETYS","article_publisher":"https:\/\/www.facebook.com\/cetysuniversidadmxl\/","article_published_time":"2024-04-30T22:12:12+00:00","article_modified_time":"2024-04-30T22:12:27+00:00","og_image":[{"width":1200,"height":798,"url":"https:\/\/www.cetys.mx\/noticias\/wp-content\/uploads\/2024\/04\/InterCETYS-Cultural-2024-CETYS-Tijuana-04.png","type":"image\/png"}],"author":"Campus Tijuana","twitter_card":"summary_large_image","twitter_creator":"@cetysuni","twitter_site":"@cetysuni","twitter_misc":{"Escrito por":"Campus Tijuana"},"schema":{"@context":"https:\/\/schema.org","@graph":[{"@type":"Article","@id":"https:\/\/www.cetys.mx\/noticias\/video-esto-intercetys-cultural-2024-en-campus-tijuana\/#article","isPartOf":{"@id":"https:\/\/www.cetys.mx\/noticias\/video-esto-intercetys-cultural-2024-en-campus-tijuana\/"},"author":{"name":"Campus Tijuana","@id":"https:\/\/www.cetys.mx\/noticias\/#\/schema\/person\/e790051ce60e18ae47cfa87011c8653f"},"headline":"[Video] Esto fue InterCETYS Cultural 2024 en Campus Tijuana","datePublished":"2024-04-30T22:12:12+00:00","dateModified":"2024-04-30T22:12:27+00:00","mainEntityOfPage":{"@id":"https:\/\/www.cetys.mx\/noticias\/video-esto-intercetys-cultural-2024-en-campus-tijuana\/"},"wordCount":55,"commentCount":0,"image":{"@id":"https:\/\/www.cetys.mx\/noticias\/video-esto-intercetys-cultural-2024-en-campus-tijuana\/#primaryimage"},"thumbnailUrl":"https:\/\/www.cetys.mx\/noticias\/wp-content\/uploads\/2024\/04\/InterCETYS-Cultural-2024-CETYS-Tijuana-04.png","keywords":["campustijuana","cetystijuana","DifusionCultural","InterCETYSCultural"],"articleSection":["Campus Tijuana","Difusion cultural","Video"],"inLanguage":"es","potentialAction":[{"@type":"CommentAction","name":"Comment","target":["https:\/\/www.cetys.mx\/noticias\/video-esto-intercetys-cultural-2024-en-campus-tijuana\/#respond"]}]},{"@type":"WebPage","@id":"https:\/\/www.cetys.mx\/noticias\/video-esto-intercetys-cultural-2024-en-campus-tijuana\/","url":"https:\/\/www.cetys.mx\/noticias\/video-esto-intercetys-cultural-2024-en-campus-tijuana\/","name":"[Video] Esto fue InterCETYS Cultural 2024 en Campus Tijuana - CETYS","isPartOf":{"@id":"https:\/\/www.cetys.mx\/noticias\/#website"},"primaryImageOfPage":{"@id":"https:\/\/www.cetys.mx\/noticias\/video-esto-intercetys-cultural-2024-en-campus-tijuana\/#primaryimage"},"image":{"@id":"https:\/\/www.cetys.mx\/noticias\/video-esto-intercetys-cultural-2024-en-campus-tijuana\/#primaryimage"},"thumbnailUrl":"https:\/\/www.cetys.mx\/noticias\/wp-content\/uploads\/2024\/04\/InterCETYS-Cultural-2024-CETYS-Tijuana-04.png","datePublished":"2024-04-30T22:12:12+00:00","dateModified":"2024-04-30T22:12:27+00:00","author":{"@id":"https:\/\/www.cetys.mx\/noticias\/#\/schema\/person\/e790051ce60e18ae47cfa87011c8653f"},"description":"Articulo sobre [Video] Esto fue InterCETYS Cultural 2024 en Campus Tijuana","breadcrumb":{"@id":"https:\/\/www.cetys.mx\/noticias\/video-esto-intercetys-cultural-2024-en-campus-tijuana\/#breadcrumb"},"inLanguage":"es","potentialAction":[{"@type":"ReadAction","target":["https:\/\/www.cetys.mx\/noticias\/video-esto-intercetys-cultural-2024-en-campus-tijuana\/"]}]},{"@type":"ImageObject","inLanguage":"es","@id":"https:\/\/www.cetys.mx\/noticias\/video-esto-intercetys-cultural-2024-en-campus-tijuana\/#primaryimage","url":"https:\/\/www.cetys.mx\/noticias\/wp-content\/uploads\/2024\/04\/InterCETYS-Cultural-2024-CETYS-Tijuana-04.png","contentUrl":"https:\/\/www.cetys.mx\/noticias\/wp-content\/uploads\/2024\/04\/InterCETYS-Cultural-2024-CETYS-Tijuana-04.png","width":1200,"height":798},{"@type":"BreadcrumbList","@id":"https:\/\/www.cetys.mx\/noticias\/video-esto-intercetys-cultural-2024-en-campus-tijuana\/#breadcrumb","itemListElement":[{"@type":"ListItem","position":1,"name":"Inicio","item":"https:\/\/www.cetys.mx\/noticias\/"},{"@type":"ListItem","position":2,"name":"[Video] Esto fue InterCETYS Cultural 2024 en Campus Tijuana"}]},{"@type":"WebSite","@id":"https:\/\/www.cetys.mx\/noticias\/#website","url":"https:\/\/www.cetys.mx\/noticias\/","name":"CETYS","description":"","potentialAction":[{"@type":"SearchAction","target":{"@type":"EntryPoint","urlTemplate":"https:\/\/www.cetys.mx\/noticias\/?s={search_term_string}"},"query-input":{"@type":"PropertyValueSpecification","valueRequired":true,"valueName":"search_term_string"}}],"inLanguage":"es"},{"@type":"Person","@id":"https:\/\/www.cetys.mx\/noticias\/#\/schema\/person\/e790051ce60e18ae47cfa87011c8653f","name":"Campus Tijuana","url":"https:\/\/www.cetys.mx\/noticias\/author\/campustijuana\/"}]}},"_links":{"self":[{"href":"https:\/\/www.cetys.mx\/noticias\/wp-json\/wp\/v2\/posts\/181160","targetHints":{"allow":["GET"]}}],"collection":[{"href":"https:\/\/www.cetys.mx\/noticias\/wp-json\/wp\/v2\/posts"}],"about":[{"href":"https:\/\/www.cetys.mx\/noticias\/wp-json\/wp\/v2\/types\/post"}],"author":[{"embeddable":true,"href":"https:\/\/www.cetys.mx\/noticias\/wp-json\/wp\/v2\/users\/24"}],"replies":[{"embeddable":true,"href":"https:\/\/www.cetys.mx\/noticias\/wp-json\/wp\/v2\/comments?post=181160"}],"version-history":[{"count":2,"href":"https:\/\/www.cetys.mx\/noticias\/wp-json\/wp\/v2\/posts\/181160\/revisions"}],"predecessor-version":[{"id":181162,"href":"https:\/\/www.cetys.mx\/noticias\/wp-json\/wp\/v2\/posts\/181160\/revisions\/181162"}],"wp:featuredmedia":[{"embeddable":true,"href":"https:\/\/www.cetys.mx\/noticias\/wp-json\/wp\/v2\/media\/181118"}],"wp:attachment":[{"href":"https:\/\/www.cetys.mx\/noticias\/wp-json\/wp\/v2\/media?parent=181160"}],"wp:term":[{"taxonomy":"category","embeddable":true,"href":"https:\/\/www.cetys.mx\/noticias\/wp-json\/wp\/v2\/categories?post=181160"},{"taxonomy":"post_tag","embeddable":true,"href":"https:\/\/www.cetys.mx\/noticias\/wp-json\/wp\/v2\/tags?post=181160"}],"curies":[{"name":"wp","href":"https:\/\/api.w.org\/{rel}","templated":true}]}}