{"id":180621,"date":"2024-04-12T17:03:51","date_gmt":"2024-04-13T00:03:51","guid":{"rendered":"https:\/\/www.cetys.mx\/noticias\/?p=180621"},"modified":"2024-04-16T09:40:07","modified_gmt":"2024-04-16T16:40:07","slug":"impulsa-cetys-y-cipe-las-industrias-creactivas-y-culturales-de-tijuana-a-traves-de-acelerart","status":"publish","type":"post","link":"https:\/\/www.cetys.mx\/noticias\/impulsa-cetys-y-cipe-las-industrias-creactivas-y-culturales-de-tijuana-a-traves-de-acelerart\/","title":{"rendered":"Impulsa CETYS y CIPE las industrias creactivas y culturales de Tijuana a trav\u00e9s de ACELERART"},"content":{"rendered":"<p align=\"justify\"><strong>CETYS Universidad<\/strong> y el <strong>Centro Internacional de la Empresa Privada (CIPE, por sus siglas en ingl\u00e9s)<\/strong> fueron los anfitriones de la primera edici\u00f3n del Demo Day ACELERART, una iniciativa que ha marcado un antes y un despu\u00e9s en la promoci\u00f3n y aceleraci\u00f3n de las industrias culturales y creativas locales en Tijuana.<\/p>\n<p align=\"justify\"><strong>ACELERART<\/strong>, proyecto pionero en la regi\u00f3n, naci\u00f3 en 2023 frente a la urgencia de impulsar el sector cultural y creativo de Tijuana. Entre varias comisiones que se le atribuye a esta iniciativa, tambi\u00e9n se encuentra la aceleradora de negocios. Despu\u00e9s de una convocatoria y un proceso de selecci\u00f3n, cinco empresas enfocadas en artes pl\u00e1sticas, esc\u00e9nicas y musicales han sido acompa\u00f1adas a lo largo de seis meses, a trav\u00e9s de mentor\u00edas y capacitaciones, proyect\u00e1ndose hacia un nuevo horizonte de profesionalizaci\u00f3n y \u00e9xito.<\/p>\n<blockquote>\n<p align=\"justify\">\u201cTenemos una ciudad prospera din\u00e1mica, creativa y con Acelerart tenemos la prueba, estos proyectos de las industrias creativas y culturales tienen un gran impacto social y econ\u00f3mico,\u201d, se\u00f1al\u00f3 la Dra. Guadalupe S\u00e1nchez V\u00e9lez\u201d, Directora del Colegio de Administraci\u00f3n y Negocios del Sistema CETYS.<\/p>\n<p align=\"justify\"><img loading=\"lazy\" decoding=\"async\" class=\" wp-image-180628 alignleft\" src=\"https:\/\/www.cetys.mx\/noticias\/wp-content\/uploads\/2024\/04\/jaime-moncada-mentor-acelerart.png\" alt=\"\" width=\"398\" height=\"265\" srcset=\"https:\/\/www.cetys.mx\/noticias\/wp-content\/uploads\/2024\/04\/jaime-moncada-mentor-acelerart.png 1200w, https:\/\/www.cetys.mx\/noticias\/wp-content\/uploads\/2024\/04\/jaime-moncada-mentor-acelerart-768x511.png 768w\" sizes=\"auto, (max-width: 398px) 100vw, 398px\" \/><\/p>\n<p align=\"justify\">&#8220;Es la culminaci\u00f3n de seis meses de intenso trabajo retadores, m\u00e1s de 90 mentor\u00edas uno a uno para desarrollar un lenguaje estrat\u00e9gico, de negocios. Con 27 mentores y talleristas especializados de CETYS Universidad, con experiencia, conocimiento en temas de digitalizaci\u00f3n, estrat\u00e9gicos, comerciales, de ventas, 90 mentor\u00edas uno a uno\u201d, explic\u00f3 el Mtro. Jaime Moncada Garibay, mentor y acad\u00e9mico de CETYS Universidad.<\/p>\n<\/blockquote>\n<p align=\"justify\">La celebraci\u00f3n del <em>Demo Day ACELERART<\/em> no solo fue una vitrina de logros y talentos, sino tambi\u00e9n una invitaci\u00f3n abierta para todos aquellos interesados en ser parte de esta revoluci\u00f3n cultural y art\u00edstica. Los asistentes tuvieron la oportunidad de experimentar un acercamiento \u00edntimo con las artes y la creatividad, interactuando con los emprendedores y sus proyectos:<\/p>\n<p align=\"justify\">\u2022\u00a0<a href=\"https:\/\/www.instagram.com\/nomadaceramicamx\/\" target=\"_blank\" rel=\"noopener\"><strong>N\u00f3mada Cer\u00e1mica:<\/strong><\/a>\u00a0Una experiencia donde la arcilla se encuentra con la<\/p>\n<p align=\"justify\">\u2022<strong>\u00a0<a href=\"https:\/\/www.instagram.com\/paperpanas\/\" target=\"_blank\" rel=\"noopener\">Paper Panas:<\/a>\u00a0<\/strong>Pioneros en el dise\u00f1o de arte con papel, cortando y creando belleza en cada pliegue.<\/p>\n<p align=\"justify\">\u2022\u00a0<strong><a href=\"https:\/\/www.instagram.com\/tijuanahaceteatro\/\" target=\"_blank\" rel=\"noopener\">Tijuana Hace Teatro:<\/a><\/strong>\u00a0Revolucionando la escena teatral, llevando historias y personajes a cada rinc\u00f3n de Tijuana.<\/p>\n<p align=\"justify\">\u2022<strong>\u00a0<a href=\"https:\/\/www.instagram.com\/incendioproducciones\/\" target=\"_blank\" rel=\"noopener\">Incendio Producciones:<\/a>\u00a0<\/strong>Una inmersi\u00f3n en el escenario, donde el mismo p\u00fablico es quien decide la historia de los personajes.<\/p>\n<p align=\"justify\">\u2022 <strong>MBM Music:<\/strong>\u00a0Musicalizando momentos memorables, desde conciertos hasta videojuegos.<\/p>\n<div class=\"gallery-slider-wrapper gallery-1\">\n                        <div class=\"gallery-slider\" itemscope itemtype=\"http:\/\/schema.org\/ImageGallery\"><figure class=\"slide\" itemprop=\"associatedMedia\" itemscope itemtype=\"http:\/\/schema.org\/ImageObject\">\n                    <a itemprop=\"contentUrl\" href=\"https:\/\/www.cetys.mx\/noticias\/wp-content\/uploads\/2024\/04\/demo-day-acelerart-paper-panas-cetys-tijuana.png\">\n                        <img decoding=\"async\" itemprop=\"thumbnail\" class=\"lazyOwl\" src=\"https:\/\/www.cetys.mx\/noticias\/wp-content\/plugins\/jmagz-plugin\/assets\/placeholder\/900x450.png\" data-src=\"https:\/\/www.cetys.mx\/noticias\/wp-content\/uploads\/2024\/04\/demo-day-acelerart-paper-panas-cetys-tijuana.png\" alt=\"demo-day-acelerart-paper-panas-cetys-tijuana\">\n                    <\/a>\n                    <figcaption itemprop=\"caption description\" class=\"slide-caption\">\n                        Paper Panas\n                    <\/figcaption>\n                <\/figure><figure class=\"slide\" itemprop=\"associatedMedia\" itemscope itemtype=\"http:\/\/schema.org\/ImageObject\">\n                    <a itemprop=\"contentUrl\" href=\"https:\/\/www.cetys.mx\/noticias\/wp-content\/uploads\/2024\/04\/demo-day-acelerart-tijuana-hace-teatro-cetys-tijuana.png\">\n                        <img decoding=\"async\" itemprop=\"thumbnail\" class=\"lazyOwl\" src=\"https:\/\/www.cetys.mx\/noticias\/wp-content\/plugins\/jmagz-plugin\/assets\/placeholder\/900x450.png\" data-src=\"https:\/\/www.cetys.mx\/noticias\/wp-content\/uploads\/2024\/04\/demo-day-acelerart-tijuana-hace-teatro-cetys-tijuana.png\" alt=\"demo-day-acelerart-tijuana-hace-teatro-cetys-tijuana\">\n                    <\/a>\n                    <figcaption itemprop=\"caption description\" class=\"slide-caption\">\n                        Tijuana Hace Teatro\n                    <\/figcaption>\n                <\/figure><figure class=\"slide\" itemprop=\"associatedMedia\" itemscope itemtype=\"http:\/\/schema.org\/ImageObject\">\n                    <a itemprop=\"contentUrl\" href=\"https:\/\/www.cetys.mx\/noticias\/wp-content\/uploads\/2024\/04\/nomada-ceramica-acelerart-cetys-tijuana-demo-day.png\">\n                        <img decoding=\"async\" itemprop=\"thumbnail\" class=\"lazyOwl\" src=\"https:\/\/www.cetys.mx\/noticias\/wp-content\/plugins\/jmagz-plugin\/assets\/placeholder\/900x450.png\" data-src=\"https:\/\/www.cetys.mx\/noticias\/wp-content\/uploads\/2024\/04\/nomada-ceramica-acelerart-cetys-tijuana-demo-day.png\" alt=\"nomada-ceramica-acelerart-cetys-tijuana-demo-day\">\n                    <\/a>\n                    <figcaption itemprop=\"caption description\" class=\"slide-caption\">\n                        N\u00f3mada Cer\u00e1mica\n                    <\/figcaption>\n                <\/figure><figure class=\"slide\" itemprop=\"associatedMedia\" itemscope itemtype=\"http:\/\/schema.org\/ImageObject\">\n                    <a itemprop=\"contentUrl\" href=\"https:\/\/www.cetys.mx\/noticias\/wp-content\/uploads\/2024\/04\/demo-day-acelerart-MBM-Music-cetys-tijuana.png\">\n                        <img decoding=\"async\" itemprop=\"thumbnail\" class=\"lazyOwl\" src=\"https:\/\/www.cetys.mx\/noticias\/wp-content\/plugins\/jmagz-plugin\/assets\/placeholder\/900x450.png\" data-src=\"https:\/\/www.cetys.mx\/noticias\/wp-content\/uploads\/2024\/04\/demo-day-acelerart-MBM-Music-cetys-tijuana.png\" alt=\"demo-day-acelerart-MBM-Music-cetys-tijuana\">\n                    <\/a>\n                    <figcaption itemprop=\"caption description\" class=\"slide-caption\">\n                        MBM Music\n                    <\/figcaption>\n                <\/figure><figure class=\"slide\" itemprop=\"associatedMedia\" itemscope itemtype=\"http:\/\/schema.org\/ImageObject\">\n                    <a itemprop=\"contentUrl\" href=\"https:\/\/www.cetys.mx\/noticias\/wp-content\/uploads\/2024\/04\/demo-day-acelerart-incendio-producciones-cetys-tijuana.png\">\n                        <img decoding=\"async\" itemprop=\"thumbnail\" class=\"lazyOwl\" src=\"https:\/\/www.cetys.mx\/noticias\/wp-content\/plugins\/jmagz-plugin\/assets\/placeholder\/900x450.png\" data-src=\"https:\/\/www.cetys.mx\/noticias\/wp-content\/uploads\/2024\/04\/demo-day-acelerart-incendio-producciones-cetys-tijuana.png\" alt=\"demo-day-acelerart-incendio-producciones-cetys-tijuana\">\n                    <\/a>\n                    <figcaption itemprop=\"caption description\" class=\"slide-caption\">\n                        Incendio Producciones\n                    <\/figcaption>\n                <\/figure><\/div>\n                <div class=\"gallery-slider-thumbnail-wrapper\">\n                    <div class=\"gallery-slider-thumbnail\"><div class=\"slide-thumbnail\"><img decoding=\"async\" class=\"lazyOwl\" src=\"https:\/\/www.cetys.mx\/noticias\/wp-content\/plugins\/jmagz-plugin\/assets\/placeholder\/150x75.png\" data-src=\"https:\/\/www.cetys.mx\/noticias\/wp-content\/uploads\/2024\/04\/demo-day-acelerart-paper-panas-cetys-tijuana.png\" alt=\"demo-day-acelerart-paper-panas-cetys-tijuana\"><\/div><div class=\"slide-thumbnail\"><img decoding=\"async\" class=\"lazyOwl\" src=\"https:\/\/www.cetys.mx\/noticias\/wp-content\/plugins\/jmagz-plugin\/assets\/placeholder\/150x75.png\" data-src=\"https:\/\/www.cetys.mx\/noticias\/wp-content\/uploads\/2024\/04\/demo-day-acelerart-tijuana-hace-teatro-cetys-tijuana.png\" alt=\"demo-day-acelerart-tijuana-hace-teatro-cetys-tijuana\"><\/div><div class=\"slide-thumbnail\"><img decoding=\"async\" class=\"lazyOwl\" src=\"https:\/\/www.cetys.mx\/noticias\/wp-content\/plugins\/jmagz-plugin\/assets\/placeholder\/150x75.png\" data-src=\"https:\/\/www.cetys.mx\/noticias\/wp-content\/uploads\/2024\/04\/nomada-ceramica-acelerart-cetys-tijuana-demo-day.png\" alt=\"nomada-ceramica-acelerart-cetys-tijuana-demo-day\"><\/div><div class=\"slide-thumbnail\"><img decoding=\"async\" class=\"lazyOwl\" src=\"https:\/\/www.cetys.mx\/noticias\/wp-content\/plugins\/jmagz-plugin\/assets\/placeholder\/150x75.png\" data-src=\"https:\/\/www.cetys.mx\/noticias\/wp-content\/uploads\/2024\/04\/demo-day-acelerart-MBM-Music-cetys-tijuana.png\" alt=\"demo-day-acelerart-MBM-Music-cetys-tijuana\"><\/div><div class=\"slide-thumbnail\"><img decoding=\"async\" class=\"lazyOwl\" src=\"https:\/\/www.cetys.mx\/noticias\/wp-content\/plugins\/jmagz-plugin\/assets\/placeholder\/150x75.png\" data-src=\"https:\/\/www.cetys.mx\/noticias\/wp-content\/uploads\/2024\/04\/demo-day-acelerart-incendio-producciones-cetys-tijuana.png\" alt=\"demo-day-acelerart-incendio-producciones-cetys-tijuana\"><\/div><\/div><\/div><\/div>\n<blockquote>\n<p align=\"justify\">\u201cDesde hace tiempo ten\u00edas intenciones de reorganizarnos, este programa nos dio un proceso de aceleraci\u00f3n, quer\u00edamos potenciar lo que est\u00e1bamos realizando, el programa estaba interesante y enfocado en las artes. Fue muy gratificante que fue con mentor\u00edas personalizadas, provechoso y pudimos profundizar en contexto y objetivos de cada empresa, nos ayudaron much\u00edsimo en nuestro modelo de negocio\u201d, describi\u00f3 Gilberto Corrales, de Incendio Producciones.<\/p>\n<\/blockquote>\n<p align=\"justify\"><strong>ACELERART<\/strong> se ha posicionado como un faro de inspiraci\u00f3n, demostrando el poder que tienen las industrias culturales y creativas para transformar el tejido econ\u00f3mico y social de nuestra ciudad. Esta primera edici\u00f3n es solo el comienzo de un viaje apasionante hacia el descubrimiento y la consolidaci\u00f3n del talento y arte local. Pronto habr\u00e1 nuevas convocatorias y actividades que sigan fomentando estos emprendimientos.<\/p>\n\n            <style type='text\/css'>\n                #gallery-2 {\n                    margin: auto;\n                }\n                #gallery-2 .gallery-item {\n                    float: left;\n                    margin-top: 10px;\n                    text-align: center;\n                    width: 33%;\n                }\n                #gallery-2 img {\n                    border: 2px solid #cfcfcf;\n                }\n                #gallery-2 .gallery-caption {\n                    margin-left: 0;\n                }\n                \/* see gallery_shortcode() in wp-includes\/media.php *\/\n            <\/style>\n\t\t<div id='gallery-2' class='gallery galleryid-180621 gallery-columns-3 gallery-size-thumbnail'><dl class='gallery-item'>\n                <dt class='gallery-icon landscape'>\n                    <a href='https:\/\/www.cetys.mx\/noticias\/impulsa-cetys-y-cipe-las-industrias-creactivas-y-culturales-de-tijuana-a-traves-de-acelerart\/pitch-demo-day-acelerart-cetys-tijuana-02\/'><img loading=\"lazy\" decoding=\"async\" width=\"128\" height=\"85\" src=\"https:\/\/www.cetys.mx\/noticias\/wp-content\/uploads\/2024\/04\/pitch-demo-day-acelerart-cetys-tijuana-02.png\" class=\"attachment-thumbnail size-thumbnail\" alt=\"\" srcset=\"https:\/\/www.cetys.mx\/noticias\/wp-content\/uploads\/2024\/04\/pitch-demo-day-acelerart-cetys-tijuana-02.png 1200w, https:\/\/www.cetys.mx\/noticias\/wp-content\/uploads\/2024\/04\/pitch-demo-day-acelerart-cetys-tijuana-02-768x511.png 768w\" sizes=\"auto, (max-width: 128px) 100vw, 128px\" \/><\/a>\n                <\/dt><\/dl><dl class='gallery-item'>\n                <dt class='gallery-icon landscape'>\n                    <a href='https:\/\/www.cetys.mx\/noticias\/impulsa-cetys-y-cipe-las-industrias-creactivas-y-culturales-de-tijuana-a-traves-de-acelerart\/demo-day-acelerart-cetys-tijuana\/'><img loading=\"lazy\" decoding=\"async\" width=\"128\" height=\"85\" src=\"https:\/\/www.cetys.mx\/noticias\/wp-content\/uploads\/2024\/04\/demo-day-acelerart-cetys-tijuana.png\" class=\"attachment-thumbnail size-thumbnail\" alt=\"\" srcset=\"https:\/\/www.cetys.mx\/noticias\/wp-content\/uploads\/2024\/04\/demo-day-acelerart-cetys-tijuana.png 1200w, https:\/\/www.cetys.mx\/noticias\/wp-content\/uploads\/2024\/04\/demo-day-acelerart-cetys-tijuana-768x511.png 768w\" sizes=\"auto, (max-width: 128px) 100vw, 128px\" \/><\/a>\n                <\/dt><\/dl><dl class='gallery-item'>\n                <dt class='gallery-icon landscape'>\n                    <a href='https:\/\/www.cetys.mx\/noticias\/impulsa-cetys-y-cipe-las-industrias-creactivas-y-culturales-de-tijuana-a-traves-de-acelerart\/pitch-demo-day-acelerart-cetys-tijuana\/'><img loading=\"lazy\" decoding=\"async\" width=\"128\" height=\"85\" src=\"https:\/\/www.cetys.mx\/noticias\/wp-content\/uploads\/2024\/04\/pitch-demo-day-acelerart-cetys-tijuana.png\" class=\"attachment-thumbnail size-thumbnail\" alt=\"\" srcset=\"https:\/\/www.cetys.mx\/noticias\/wp-content\/uploads\/2024\/04\/pitch-demo-day-acelerart-cetys-tijuana.png 1200w, https:\/\/www.cetys.mx\/noticias\/wp-content\/uploads\/2024\/04\/pitch-demo-day-acelerart-cetys-tijuana-768x511.png 768w\" sizes=\"auto, (max-width: 128px) 100vw, 128px\" \/><\/a>\n                <\/dt><\/dl><br style=\"clear: both\" \/>\n            <\/div>\n\n<p align=\"justify\">El compromiso es continuar este camino de evoluci\u00f3n, invitando a todos a sumarse a este movimiento. Juntos, podemos fortalecer el ecosistema creativo y cultural de Tijuana, impulsando a las empresas y emprendedores a alcanzar nuevas alturas. Para m\u00e1s informaci\u00f3n, visita\u00a0<a href=\"http:\/\/www.acelerart.com\/\" target=\"_blank\" rel=\"noopener\">www.acelerart.com<\/a>\u00a0o s\u00edguenos en\u00a0<a href=\"https:\/\/www.facebook.com\/acelerart.icc\" target=\"_blank\" rel=\"noopener\">Facebook<\/a>,\u00a0<a href=\"https:\/\/www.instagram.com\/acelerart.icc\/\" target=\"_blank\" rel=\"noopener\">Instagram<\/a>,\u00a0<a href=\"https:\/\/www.youtube.com\/@ACELERART\" target=\"_blank\" rel=\"noopener\">Youtube<\/a>\u00a0y\u00a0<a href=\"https:\/\/www.tiktok.com\/@acelerart.icc\" target=\"_blank\" rel=\"noopener\">TikTok<\/a>.<\/p>\n<p align=\"justify\">\n<div class=\"video-container\"><iframe loading=\"lazy\" title=\"Acelerart impulsa industrias creativas y culturales en Tijuana (Demo Day)\" width=\"500\" height=\"281\" src=\"https:\/\/www.youtube.com\/embed\/VsK7k0U-hDU?feature=oembed\" frameborder=\"0\" allow=\"accelerometer; autoplay; clipboard-write; encrypted-media; gyroscope; picture-in-picture; web-share\" referrerpolicy=\"strict-origin-when-cross-origin\" allowfullscreen><\/iframe><\/div>\n","protected":false},"excerpt":{"rendered":"<p>CETYS Universidad y el Centro Internacional de la Empresa Privada (CIPE, por sus siglas en ingl\u00e9s) fueron los anfitriones de la primera&#8230;<\/p>\n","protected":false},"author":24,"featured_media":180623,"comment_status":"open","ping_status":"closed","sticky":false,"template":"","format":"standard","meta":{"footnotes":""},"categories":[134,111,143,125,313],"tags":[6450,328,204],"class_list":["post-180621","post","type-post","status-publish","format-standard","has-post-thumbnail","hentry","category-campus-tijuana","category-emprendimiento","category-galeria","category-portada","category-vocetys-2","tag-acelerart","tag-campustijuana","tag-cetysuniversidad"],"yoast_head":"<!-- This site is optimized with the Yoast SEO plugin v27.4 - https:\/\/yoast.com\/product\/yoast-seo-wordpress\/ -->\n<title>Impulsa CETYS y CIPE las industrias creactivas y culturales de Tijuana a trav\u00e9s de ACELERART - CETYS<\/title>\n<meta name=\"description\" content=\"Articulo sobre Impulsa CETYS y CIPE las industrias creactivas y culturales de Tijuana a trav\u00e9s de ACELERART\" \/>\n<meta name=\"robots\" content=\"index, follow, max-snippet:-1, max-image-preview:large, max-video-preview:-1\" \/>\n<link rel=\"canonical\" href=\"https:\/\/www.cetys.mx\/noticias\/impulsa-cetys-y-cipe-las-industrias-creactivas-y-culturales-de-tijuana-a-traves-de-acelerart\/\" \/>\n<meta property=\"og:locale\" content=\"es_MX\" \/>\n<meta property=\"og:type\" content=\"article\" \/>\n<meta property=\"og:title\" content=\"Impulsa CETYS y CIPE las industrias creactivas y culturales de Tijuana a trav\u00e9s de ACELERART - CETYS\" \/>\n<meta property=\"og:description\" content=\"Articulo sobre Impulsa CETYS y CIPE las industrias creactivas y culturales de Tijuana a trav\u00e9s de ACELERART\" \/>\n<meta property=\"og:url\" content=\"https:\/\/www.cetys.mx\/noticias\/impulsa-cetys-y-cipe-las-industrias-creactivas-y-culturales-de-tijuana-a-traves-de-acelerart\/\" \/>\n<meta property=\"og:site_name\" content=\"CETYS\" \/>\n<meta property=\"article:publisher\" content=\"https:\/\/www.facebook.com\/cetysuniversidadmxl\/\" \/>\n<meta property=\"article:published_time\" content=\"2024-04-13T00:03:51+00:00\" \/>\n<meta property=\"article:modified_time\" content=\"2024-04-16T16:40:07+00:00\" \/>\n<meta property=\"og:image\" content=\"https:\/\/www.cetys.mx\/noticias\/wp-content\/uploads\/2024\/04\/demo-day-acelerart-cetys-tijuana.png\" \/>\n\t<meta property=\"og:image:width\" content=\"1200\" \/>\n\t<meta property=\"og:image:height\" content=\"798\" \/>\n\t<meta property=\"og:image:type\" content=\"image\/png\" \/>\n<meta name=\"author\" content=\"Campus Tijuana\" \/>\n<meta name=\"twitter:card\" content=\"summary_large_image\" \/>\n<meta name=\"twitter:creator\" content=\"@cetysuni\" \/>\n<meta name=\"twitter:site\" content=\"@cetysuni\" \/>\n<meta name=\"twitter:label1\" content=\"Escrito por\" \/>\n\t<meta name=\"twitter:data1\" content=\"Campus Tijuana\" \/>\n\t<meta name=\"twitter:label2\" content=\"Tiempo de lectura\" \/>\n\t<meta name=\"twitter:data2\" content=\"3 minutos\" \/>\n<script type=\"application\/ld+json\" class=\"yoast-schema-graph\">{\"@context\":\"https:\\\/\\\/schema.org\",\"@graph\":[{\"@type\":\"Article\",\"@id\":\"https:\\\/\\\/www.cetys.mx\\\/noticias\\\/impulsa-cetys-y-cipe-las-industrias-creactivas-y-culturales-de-tijuana-a-traves-de-acelerart\\\/#article\",\"isPartOf\":{\"@id\":\"https:\\\/\\\/www.cetys.mx\\\/noticias\\\/impulsa-cetys-y-cipe-las-industrias-creactivas-y-culturales-de-tijuana-a-traves-de-acelerart\\\/\"},\"author\":{\"name\":\"Campus Tijuana\",\"@id\":\"https:\\\/\\\/www.cetys.mx\\\/noticias\\\/#\\\/schema\\\/person\\\/e790051ce60e18ae47cfa87011c8653f\"},\"headline\":\"Impulsa CETYS y CIPE las industrias creactivas y culturales de Tijuana a trav\u00e9s de ACELERART\",\"datePublished\":\"2024-04-13T00:03:51+00:00\",\"dateModified\":\"2024-04-16T16:40:07+00:00\",\"mainEntityOfPage\":{\"@id\":\"https:\\\/\\\/www.cetys.mx\\\/noticias\\\/impulsa-cetys-y-cipe-las-industrias-creactivas-y-culturales-de-tijuana-a-traves-de-acelerart\\\/\"},\"wordCount\":630,\"commentCount\":0,\"image\":{\"@id\":\"https:\\\/\\\/www.cetys.mx\\\/noticias\\\/impulsa-cetys-y-cipe-las-industrias-creactivas-y-culturales-de-tijuana-a-traves-de-acelerart\\\/#primaryimage\"},\"thumbnailUrl\":\"https:\\\/\\\/www.cetys.mx\\\/noticias\\\/wp-content\\\/uploads\\\/2024\\\/04\\\/demo-day-acelerart-cetys-tijuana.png\",\"keywords\":[\"Acelerart\",\"campustijuana\",\"cetysuniversidad\"],\"articleSection\":[\"Campus Tijuana\",\"Emprendimiento\",\"Galer\u00eda\",\"Portada\",\"VoCETYS\"],\"inLanguage\":\"es\",\"potentialAction\":[{\"@type\":\"CommentAction\",\"name\":\"Comment\",\"target\":[\"https:\\\/\\\/www.cetys.mx\\\/noticias\\\/impulsa-cetys-y-cipe-las-industrias-creactivas-y-culturales-de-tijuana-a-traves-de-acelerart\\\/#respond\"]}]},{\"@type\":\"WebPage\",\"@id\":\"https:\\\/\\\/www.cetys.mx\\\/noticias\\\/impulsa-cetys-y-cipe-las-industrias-creactivas-y-culturales-de-tijuana-a-traves-de-acelerart\\\/\",\"url\":\"https:\\\/\\\/www.cetys.mx\\\/noticias\\\/impulsa-cetys-y-cipe-las-industrias-creactivas-y-culturales-de-tijuana-a-traves-de-acelerart\\\/\",\"name\":\"Impulsa CETYS y CIPE las industrias creactivas y culturales de Tijuana a trav\u00e9s de ACELERART - CETYS\",\"isPartOf\":{\"@id\":\"https:\\\/\\\/www.cetys.mx\\\/noticias\\\/#website\"},\"primaryImageOfPage\":{\"@id\":\"https:\\\/\\\/www.cetys.mx\\\/noticias\\\/impulsa-cetys-y-cipe-las-industrias-creactivas-y-culturales-de-tijuana-a-traves-de-acelerart\\\/#primaryimage\"},\"image\":{\"@id\":\"https:\\\/\\\/www.cetys.mx\\\/noticias\\\/impulsa-cetys-y-cipe-las-industrias-creactivas-y-culturales-de-tijuana-a-traves-de-acelerart\\\/#primaryimage\"},\"thumbnailUrl\":\"https:\\\/\\\/www.cetys.mx\\\/noticias\\\/wp-content\\\/uploads\\\/2024\\\/04\\\/demo-day-acelerart-cetys-tijuana.png\",\"datePublished\":\"2024-04-13T00:03:51+00:00\",\"dateModified\":\"2024-04-16T16:40:07+00:00\",\"author\":{\"@id\":\"https:\\\/\\\/www.cetys.mx\\\/noticias\\\/#\\\/schema\\\/person\\\/e790051ce60e18ae47cfa87011c8653f\"},\"description\":\"Articulo sobre Impulsa CETYS y CIPE las industrias creactivas y culturales de Tijuana a trav\u00e9s de ACELERART\",\"breadcrumb\":{\"@id\":\"https:\\\/\\\/www.cetys.mx\\\/noticias\\\/impulsa-cetys-y-cipe-las-industrias-creactivas-y-culturales-de-tijuana-a-traves-de-acelerart\\\/#breadcrumb\"},\"inLanguage\":\"es\",\"potentialAction\":[{\"@type\":\"ReadAction\",\"target\":[\"https:\\\/\\\/www.cetys.mx\\\/noticias\\\/impulsa-cetys-y-cipe-las-industrias-creactivas-y-culturales-de-tijuana-a-traves-de-acelerart\\\/\"]}]},{\"@type\":\"ImageObject\",\"inLanguage\":\"es\",\"@id\":\"https:\\\/\\\/www.cetys.mx\\\/noticias\\\/impulsa-cetys-y-cipe-las-industrias-creactivas-y-culturales-de-tijuana-a-traves-de-acelerart\\\/#primaryimage\",\"url\":\"https:\\\/\\\/www.cetys.mx\\\/noticias\\\/wp-content\\\/uploads\\\/2024\\\/04\\\/demo-day-acelerart-cetys-tijuana.png\",\"contentUrl\":\"https:\\\/\\\/www.cetys.mx\\\/noticias\\\/wp-content\\\/uploads\\\/2024\\\/04\\\/demo-day-acelerart-cetys-tijuana.png\",\"width\":1200,\"height\":798},{\"@type\":\"BreadcrumbList\",\"@id\":\"https:\\\/\\\/www.cetys.mx\\\/noticias\\\/impulsa-cetys-y-cipe-las-industrias-creactivas-y-culturales-de-tijuana-a-traves-de-acelerart\\\/#breadcrumb\",\"itemListElement\":[{\"@type\":\"ListItem\",\"position\":1,\"name\":\"Inicio\",\"item\":\"https:\\\/\\\/www.cetys.mx\\\/noticias\\\/\"},{\"@type\":\"ListItem\",\"position\":2,\"name\":\"Impulsa CETYS y CIPE las industrias creactivas y culturales de Tijuana a trav\u00e9s de ACELERART\"}]},{\"@type\":\"WebSite\",\"@id\":\"https:\\\/\\\/www.cetys.mx\\\/noticias\\\/#website\",\"url\":\"https:\\\/\\\/www.cetys.mx\\\/noticias\\\/\",\"name\":\"CETYS\",\"description\":\"\",\"potentialAction\":[{\"@type\":\"SearchAction\",\"target\":{\"@type\":\"EntryPoint\",\"urlTemplate\":\"https:\\\/\\\/www.cetys.mx\\\/noticias\\\/?s={search_term_string}\"},\"query-input\":{\"@type\":\"PropertyValueSpecification\",\"valueRequired\":true,\"valueName\":\"search_term_string\"}}],\"inLanguage\":\"es\"},{\"@type\":\"Person\",\"@id\":\"https:\\\/\\\/www.cetys.mx\\\/noticias\\\/#\\\/schema\\\/person\\\/e790051ce60e18ae47cfa87011c8653f\",\"name\":\"Campus Tijuana\",\"url\":\"https:\\\/\\\/www.cetys.mx\\\/noticias\\\/author\\\/campustijuana\\\/\"}]}<\/script>\n<!-- \/ Yoast SEO plugin. -->","yoast_head_json":{"title":"Impulsa CETYS y CIPE las industrias creactivas y culturales de Tijuana a trav\u00e9s de ACELERART - CETYS","description":"Articulo sobre Impulsa CETYS y CIPE las industrias creactivas y culturales de Tijuana a trav\u00e9s de ACELERART","robots":{"index":"index","follow":"follow","max-snippet":"max-snippet:-1","max-image-preview":"max-image-preview:large","max-video-preview":"max-video-preview:-1"},"canonical":"https:\/\/www.cetys.mx\/noticias\/impulsa-cetys-y-cipe-las-industrias-creactivas-y-culturales-de-tijuana-a-traves-de-acelerart\/","og_locale":"es_MX","og_type":"article","og_title":"Impulsa CETYS y CIPE las industrias creactivas y culturales de Tijuana a trav\u00e9s de ACELERART - CETYS","og_description":"Articulo sobre Impulsa CETYS y CIPE las industrias creactivas y culturales de Tijuana a trav\u00e9s de ACELERART","og_url":"https:\/\/www.cetys.mx\/noticias\/impulsa-cetys-y-cipe-las-industrias-creactivas-y-culturales-de-tijuana-a-traves-de-acelerart\/","og_site_name":"CETYS","article_publisher":"https:\/\/www.facebook.com\/cetysuniversidadmxl\/","article_published_time":"2024-04-13T00:03:51+00:00","article_modified_time":"2024-04-16T16:40:07+00:00","og_image":[{"width":1200,"height":798,"url":"https:\/\/www.cetys.mx\/noticias\/wp-content\/uploads\/2024\/04\/demo-day-acelerart-cetys-tijuana.png","type":"image\/png"}],"author":"Campus Tijuana","twitter_card":"summary_large_image","twitter_creator":"@cetysuni","twitter_site":"@cetysuni","twitter_misc":{"Escrito por":"Campus Tijuana","Tiempo de lectura":"3 minutos"},"schema":{"@context":"https:\/\/schema.org","@graph":[{"@type":"Article","@id":"https:\/\/www.cetys.mx\/noticias\/impulsa-cetys-y-cipe-las-industrias-creactivas-y-culturales-de-tijuana-a-traves-de-acelerart\/#article","isPartOf":{"@id":"https:\/\/www.cetys.mx\/noticias\/impulsa-cetys-y-cipe-las-industrias-creactivas-y-culturales-de-tijuana-a-traves-de-acelerart\/"},"author":{"name":"Campus Tijuana","@id":"https:\/\/www.cetys.mx\/noticias\/#\/schema\/person\/e790051ce60e18ae47cfa87011c8653f"},"headline":"Impulsa CETYS y CIPE las industrias creactivas y culturales de Tijuana a trav\u00e9s de ACELERART","datePublished":"2024-04-13T00:03:51+00:00","dateModified":"2024-04-16T16:40:07+00:00","mainEntityOfPage":{"@id":"https:\/\/www.cetys.mx\/noticias\/impulsa-cetys-y-cipe-las-industrias-creactivas-y-culturales-de-tijuana-a-traves-de-acelerart\/"},"wordCount":630,"commentCount":0,"image":{"@id":"https:\/\/www.cetys.mx\/noticias\/impulsa-cetys-y-cipe-las-industrias-creactivas-y-culturales-de-tijuana-a-traves-de-acelerart\/#primaryimage"},"thumbnailUrl":"https:\/\/www.cetys.mx\/noticias\/wp-content\/uploads\/2024\/04\/demo-day-acelerart-cetys-tijuana.png","keywords":["Acelerart","campustijuana","cetysuniversidad"],"articleSection":["Campus Tijuana","Emprendimiento","Galer\u00eda","Portada","VoCETYS"],"inLanguage":"es","potentialAction":[{"@type":"CommentAction","name":"Comment","target":["https:\/\/www.cetys.mx\/noticias\/impulsa-cetys-y-cipe-las-industrias-creactivas-y-culturales-de-tijuana-a-traves-de-acelerart\/#respond"]}]},{"@type":"WebPage","@id":"https:\/\/www.cetys.mx\/noticias\/impulsa-cetys-y-cipe-las-industrias-creactivas-y-culturales-de-tijuana-a-traves-de-acelerart\/","url":"https:\/\/www.cetys.mx\/noticias\/impulsa-cetys-y-cipe-las-industrias-creactivas-y-culturales-de-tijuana-a-traves-de-acelerart\/","name":"Impulsa CETYS y CIPE las industrias creactivas y culturales de Tijuana a trav\u00e9s de ACELERART - CETYS","isPartOf":{"@id":"https:\/\/www.cetys.mx\/noticias\/#website"},"primaryImageOfPage":{"@id":"https:\/\/www.cetys.mx\/noticias\/impulsa-cetys-y-cipe-las-industrias-creactivas-y-culturales-de-tijuana-a-traves-de-acelerart\/#primaryimage"},"image":{"@id":"https:\/\/www.cetys.mx\/noticias\/impulsa-cetys-y-cipe-las-industrias-creactivas-y-culturales-de-tijuana-a-traves-de-acelerart\/#primaryimage"},"thumbnailUrl":"https:\/\/www.cetys.mx\/noticias\/wp-content\/uploads\/2024\/04\/demo-day-acelerart-cetys-tijuana.png","datePublished":"2024-04-13T00:03:51+00:00","dateModified":"2024-04-16T16:40:07+00:00","author":{"@id":"https:\/\/www.cetys.mx\/noticias\/#\/schema\/person\/e790051ce60e18ae47cfa87011c8653f"},"description":"Articulo sobre Impulsa CETYS y CIPE las industrias creactivas y culturales de Tijuana a trav\u00e9s de ACELERART","breadcrumb":{"@id":"https:\/\/www.cetys.mx\/noticias\/impulsa-cetys-y-cipe-las-industrias-creactivas-y-culturales-de-tijuana-a-traves-de-acelerart\/#breadcrumb"},"inLanguage":"es","potentialAction":[{"@type":"ReadAction","target":["https:\/\/www.cetys.mx\/noticias\/impulsa-cetys-y-cipe-las-industrias-creactivas-y-culturales-de-tijuana-a-traves-de-acelerart\/"]}]},{"@type":"ImageObject","inLanguage":"es","@id":"https:\/\/www.cetys.mx\/noticias\/impulsa-cetys-y-cipe-las-industrias-creactivas-y-culturales-de-tijuana-a-traves-de-acelerart\/#primaryimage","url":"https:\/\/www.cetys.mx\/noticias\/wp-content\/uploads\/2024\/04\/demo-day-acelerart-cetys-tijuana.png","contentUrl":"https:\/\/www.cetys.mx\/noticias\/wp-content\/uploads\/2024\/04\/demo-day-acelerart-cetys-tijuana.png","width":1200,"height":798},{"@type":"BreadcrumbList","@id":"https:\/\/www.cetys.mx\/noticias\/impulsa-cetys-y-cipe-las-industrias-creactivas-y-culturales-de-tijuana-a-traves-de-acelerart\/#breadcrumb","itemListElement":[{"@type":"ListItem","position":1,"name":"Inicio","item":"https:\/\/www.cetys.mx\/noticias\/"},{"@type":"ListItem","position":2,"name":"Impulsa CETYS y CIPE las industrias creactivas y culturales de Tijuana a trav\u00e9s de ACELERART"}]},{"@type":"WebSite","@id":"https:\/\/www.cetys.mx\/noticias\/#website","url":"https:\/\/www.cetys.mx\/noticias\/","name":"CETYS","description":"","potentialAction":[{"@type":"SearchAction","target":{"@type":"EntryPoint","urlTemplate":"https:\/\/www.cetys.mx\/noticias\/?s={search_term_string}"},"query-input":{"@type":"PropertyValueSpecification","valueRequired":true,"valueName":"search_term_string"}}],"inLanguage":"es"},{"@type":"Person","@id":"https:\/\/www.cetys.mx\/noticias\/#\/schema\/person\/e790051ce60e18ae47cfa87011c8653f","name":"Campus Tijuana","url":"https:\/\/www.cetys.mx\/noticias\/author\/campustijuana\/"}]}},"_links":{"self":[{"href":"https:\/\/www.cetys.mx\/noticias\/wp-json\/wp\/v2\/posts\/180621","targetHints":{"allow":["GET"]}}],"collection":[{"href":"https:\/\/www.cetys.mx\/noticias\/wp-json\/wp\/v2\/posts"}],"about":[{"href":"https:\/\/www.cetys.mx\/noticias\/wp-json\/wp\/v2\/types\/post"}],"author":[{"embeddable":true,"href":"https:\/\/www.cetys.mx\/noticias\/wp-json\/wp\/v2\/users\/24"}],"replies":[{"embeddable":true,"href":"https:\/\/www.cetys.mx\/noticias\/wp-json\/wp\/v2\/comments?post=180621"}],"version-history":[{"count":2,"href":"https:\/\/www.cetys.mx\/noticias\/wp-json\/wp\/v2\/posts\/180621\/revisions"}],"predecessor-version":[{"id":180689,"href":"https:\/\/www.cetys.mx\/noticias\/wp-json\/wp\/v2\/posts\/180621\/revisions\/180689"}],"wp:featuredmedia":[{"embeddable":true,"href":"https:\/\/www.cetys.mx\/noticias\/wp-json\/wp\/v2\/media\/180623"}],"wp:attachment":[{"href":"https:\/\/www.cetys.mx\/noticias\/wp-json\/wp\/v2\/media?parent=180621"}],"wp:term":[{"taxonomy":"category","embeddable":true,"href":"https:\/\/www.cetys.mx\/noticias\/wp-json\/wp\/v2\/categories?post=180621"},{"taxonomy":"post_tag","embeddable":true,"href":"https:\/\/www.cetys.mx\/noticias\/wp-json\/wp\/v2\/tags?post=180621"}],"curies":[{"name":"wp","href":"https:\/\/api.w.org\/{rel}","templated":true}]}}