{"id":180276,"date":"2024-04-02T16:37:01","date_gmt":"2024-04-02T23:37:01","guid":{"rendered":"https:\/\/www.cetys.mx\/noticias\/?p=180276"},"modified":"2024-04-02T16:37:01","modified_gmt":"2024-04-02T23:37:01","slug":"conoce-algunos-signos-en-ninos-que-pueden-indicar-que-tiene-el-trastorno-del-espectro-autista","status":"publish","type":"post","link":"https:\/\/www.cetys.mx\/noticias\/conoce-algunos-signos-en-ninos-que-pueden-indicar-que-tiene-el-trastorno-del-espectro-autista\/","title":{"rendered":"Conoce algunos signos en ni\u00f1os que pueden indicar que tiene el Trastorno del Espectro Autista"},"content":{"rendered":"<p align=\"justify\">En el marco del <strong>D\u00eda Mundial de la Concienciaci\u00f3n sobre el Trastorno del Espectro Autista (TEA)<\/strong>, destaca la importancia de vigilar el desarrollo de los ni\u00f1os y ni\u00f1as para detectar signos o s\u00edntomas relacionados al TEA de forma oportuna. En caso de formar parte del especto, se podr\u00e1 brindar un crecimiento y desarrollo \u00f3ptimo.<\/p>\n<p align=\"justify\">La Mtra. Elizabeth Aguilar Guzm\u00e1n, Coordinadora del Centro de Apoyo y Orientaci\u00f3n Psicol\u00f3gica (CAOP) de <strong>CETYS Universidad en Tijuana<\/strong>, refiri\u00f3 la importancia que tiene identificar a tiempo estos signos y confirmarlo con un experto si tu ni\u00f1o, ni\u00f1a o adolescente forma parte del espectro, lo cual aplica con padres, educadores y cuidadores.<\/p>\n<p align=\"justify\">\u201cEs importante ser concientes sobre el desarrollo de nuestros hijos y psicoeducarnos con respeto al TEA, tener conocimiento de las condiciones y signos del trastorno; as\u00ed la poblaci\u00f3n ser\u00e1 m\u00e1s sensible al respecto y se disminuyen actitudes de discriminaci\u00f3n y en el mejor de los casos. Es importante promover el respeto, la tolerancia e inclusi\u00f3n de las personas con TEA\u201d, coment\u00f3 la Mtra. Aguilar Guzm\u00e1n.<\/p>\n<p align=\"justify\">La acad\u00e9mica, que tambi\u00e9n da clases en la\u00a0<a href=\"https:\/\/h4ytw9yab.cc.rs6.net\/tn.jsp?f=001RCq4zrzv6ETL9LEzIwye4V45tGfzqxvTSC59KMOwKmFSx9rpJVqvUGc6ST0-UGNy9kR3U3w3Rf2LU1wzn-PlT1Dqw-hoAXWSkT-Qgv3IgFg8vRbYnrgh87RwU9193vM1aHIdpzA80-NzdwGLJNA4cRlbSj-klITdwwm-LTjAv_10Yy39VUXI3OlI8W_OTwIe&amp;c=7c3CL43TTl57bOoVClMbLDnfYVDtq8OSvyux2wvFW1jb6UkHknssDA==&amp;ch=-Bps5sDsAzwwUJm8u3kuyVyq9bgz00nxYVyRY_doMX0YXubc0JlkKA==\" target=\"_blank\" rel=\"noopener\" data-saferedirecturl=\"https:\/\/www.google.com\/url?q=https:\/\/h4ytw9yab.cc.rs6.net\/tn.jsp?f%3D001RCq4zrzv6ETL9LEzIwye4V45tGfzqxvTSC59KMOwKmFSx9rpJVqvUGc6ST0-UGNy9kR3U3w3Rf2LU1wzn-PlT1Dqw-hoAXWSkT-Qgv3IgFg8vRbYnrgh87RwU9193vM1aHIdpzA80-NzdwGLJNA4cRlbSj-klITdwwm-LTjAv_10Yy39VUXI3OlI8W_OTwIe%26c%3D7c3CL43TTl57bOoVClMbLDnfYVDtq8OSvyux2wvFW1jb6UkHknssDA%3D%3D%26ch%3D-Bps5sDsAzwwUJm8u3kuyVyq9bgz00nxYVyRY_doMX0YXubc0JlkKA%3D%3D&amp;source=gmail&amp;ust=1712185656232000&amp;usg=AOvVaw1VbasQW9hDcflBpNk6i5eq\">Maestr\u00eda en Educaci\u00f3n<\/a>\u00a0de CETYS, sobre\u00a0Estrategias de intervenci\u00f3n en Educaci\u00f3n Especial, refiri\u00f3 que las personas que lo padecen tambi\u00e9n son afectados en su neurodesarrollo y la socializaci\u00f3n, la comunicaci\u00f3n y su conducta. Regularmente es detectable en edades tempranas y por ello es importante vigilar el desarrollo de los infantes y detectar el retroceso de su desarrollo y entonces, solicitar ayuda de un profesional capacitado en la detecci\u00f3n de dicha condici\u00f3n o que lo descarte.<\/p>\n<p align=\"justify\"><img loading=\"lazy\" decoding=\"async\" class=\" wp-image-180278 alignleft\" src=\"https:\/\/www.cetys.mx\/noticias\/wp-content\/uploads\/2024\/04\/mtra-elizabeth-aguilar-guzman-cetys-tijuana.png\" alt=\"\" width=\"408\" height=\"271\" srcset=\"https:\/\/www.cetys.mx\/noticias\/wp-content\/uploads\/2024\/04\/mtra-elizabeth-aguilar-guzman-cetys-tijuana.png 1200w, https:\/\/www.cetys.mx\/noticias\/wp-content\/uploads\/2024\/04\/mtra-elizabeth-aguilar-guzman-cetys-tijuana-768x511.png 768w\" sizes=\"auto, (max-width: 408px) 100vw, 408px\" \/>LOS SIGNOS<\/p>\n<p align=\"justify\">La <strong>Mtra. Aguilar<\/strong> apunt\u00f3 los siguientes signos que los padres o educadores pueden detectar y, por ello, llevar a los infantes con un especialista:<\/p>\n<p align=\"justify\">\u201cComo caracter\u00edsticas m\u00e1s representativas, se pueden identificar dificultades de lenguaje, socializaci\u00f3n y comportamiento. Si bien, se espera que alrededor de los dos a\u00f1os de vida emerja el lenguaje, las personas en el espectro llegan a no emitir ni palabras ni frases a esta edad, o bien, presentan retroceso en la emisi\u00f3n del lenguaje&#8221;.<\/p>\n<p align=\"justify\">Sobre la socializaci\u00f3n, se identifican ni\u00f1os aislados, jugando en soledad; incluso puede no presentarse el juego simb\u00f3lico. En otros casos, algunos ni\u00f1os pueden llegar a autogolpearse, ordenan sus juguetes de maneras peculiares y persistentes (alienan, orden por color, forma o tema), o los llegan a coleccionar, siendo expertos en dicho tema. Tambi\u00e9n se encuentran movimientos estereotipados, como la frotaci\u00f3n de los dedos o el &#8220;aleteo\u201d.<\/p>\n<p align=\"justify\">En lo sensorial, las personas con TEA pueden ser hipo o hipersensibles a ciertos est\u00edmulos, como ruidos agudos, ladrido de perros, etiquetas de ropa, diadema de aud\u00edfono, o bien, a las texturas en ciertos alimentos (que los lleva a tener dietas restringidas). Aunque en lo visual no hay peculiaridades, algunos llegan a observar objetos desde perspectivas no comunes.<\/p>\n<p align=\"justify\">La docente invita a padres, educadores y cuidadores de la ni\u00f1ez a estar al pendiente del desarrollo de los infantes y si est\u00e1n interesados e participar en las pl\u00e1ticas de CAOP, pueden mandar sus dudas o comentarios al Facebook de CAOPTij \u00f3 al correo:\u00a0<a href=\"mailto:caop.contacto@cetys.mx\" target=\"_blank\" rel=\"noopener\">caop.contacto@cetys.mx<\/a>.<\/p>\n","protected":false},"excerpt":{"rendered":"<p>En el marco del D\u00eda Mundial de la Concienciaci\u00f3n sobre el Trastorno del Espectro Autista (TEA), destaca la importancia de vigilar el&#8230;<\/p>\n","protected":false},"author":24,"featured_media":180277,"comment_status":"open","ping_status":"closed","sticky":false,"template":"","format":"standard","meta":{"footnotes":""},"categories":[134,114,125,313],"tags":[],"class_list":["post-180276","post","type-post","status-publish","format-standard","has-post-thumbnail","hentry","category-campus-tijuana","category-opinion","category-portada","category-vocetys-2"],"yoast_head":"<!-- This site is optimized with the Yoast SEO plugin v27.4 - https:\/\/yoast.com\/product\/yoast-seo-wordpress\/ -->\n<title>Conoce algunos signos en ni\u00f1os que pueden indicar que tiene el Trastorno del Espectro Autista - CETYS<\/title>\n<meta name=\"description\" content=\"Algunas signos en ni\u00f1o y ni\u00f1as con Trastorno del Espectro Autista son la\u00a0dificultad de lenguaje, socializaci\u00f3n y comportamiento, se\u00f1ala Experta CETYS.\" \/>\n<meta name=\"robots\" content=\"index, follow, max-snippet:-1, max-image-preview:large, max-video-preview:-1\" \/>\n<link rel=\"canonical\" href=\"https:\/\/www.cetys.mx\/noticias\/conoce-algunos-signos-en-ninos-que-pueden-indicar-que-tiene-el-trastorno-del-espectro-autista\/\" \/>\n<meta property=\"og:locale\" content=\"es_MX\" \/>\n<meta property=\"og:type\" content=\"article\" \/>\n<meta property=\"og:title\" content=\"Conoce algunos signos en ni\u00f1os que pueden indicar que tiene el Trastorno del Espectro Autista - CETYS\" \/>\n<meta property=\"og:description\" content=\"Algunas signos en ni\u00f1o y ni\u00f1as con Trastorno del Espectro Autista son la\u00a0dificultad de lenguaje, socializaci\u00f3n y comportamiento, se\u00f1ala Experta CETYS.\" \/>\n<meta property=\"og:url\" content=\"https:\/\/www.cetys.mx\/noticias\/conoce-algunos-signos-en-ninos-que-pueden-indicar-que-tiene-el-trastorno-del-espectro-autista\/\" \/>\n<meta property=\"og:site_name\" content=\"CETYS\" \/>\n<meta property=\"article:publisher\" content=\"https:\/\/www.facebook.com\/cetysuniversidadmxl\/\" \/>\n<meta property=\"article:published_time\" content=\"2024-04-02T23:37:01+00:00\" \/>\n<meta property=\"og:image\" content=\"https:\/\/www.cetys.mx\/noticias\/wp-content\/uploads\/2024\/04\/espectro-autista-experto-cetys.png\" \/>\n\t<meta property=\"og:image:width\" content=\"958\" \/>\n\t<meta property=\"og:image:height\" content=\"637\" \/>\n\t<meta property=\"og:image:type\" content=\"image\/png\" \/>\n<meta name=\"author\" content=\"Campus Tijuana\" \/>\n<meta name=\"twitter:card\" content=\"summary_large_image\" \/>\n<meta name=\"twitter:creator\" content=\"@cetysuni\" \/>\n<meta name=\"twitter:site\" content=\"@cetysuni\" \/>\n<meta name=\"twitter:label1\" content=\"Escrito por\" \/>\n\t<meta name=\"twitter:data1\" content=\"Campus Tijuana\" \/>\n\t<meta name=\"twitter:label2\" content=\"Tiempo de lectura\" \/>\n\t<meta name=\"twitter:data2\" content=\"3 minutos\" \/>\n<script type=\"application\/ld+json\" class=\"yoast-schema-graph\">{\"@context\":\"https:\\\/\\\/schema.org\",\"@graph\":[{\"@type\":\"Article\",\"@id\":\"https:\\\/\\\/www.cetys.mx\\\/noticias\\\/conoce-algunos-signos-en-ninos-que-pueden-indicar-que-tiene-el-trastorno-del-espectro-autista\\\/#article\",\"isPartOf\":{\"@id\":\"https:\\\/\\\/www.cetys.mx\\\/noticias\\\/conoce-algunos-signos-en-ninos-que-pueden-indicar-que-tiene-el-trastorno-del-espectro-autista\\\/\"},\"author\":{\"name\":\"Campus Tijuana\",\"@id\":\"https:\\\/\\\/www.cetys.mx\\\/noticias\\\/#\\\/schema\\\/person\\\/e790051ce60e18ae47cfa87011c8653f\"},\"headline\":\"Conoce algunos signos en ni\u00f1os que pueden indicar que tiene el Trastorno del Espectro Autista\",\"datePublished\":\"2024-04-02T23:37:01+00:00\",\"mainEntityOfPage\":{\"@id\":\"https:\\\/\\\/www.cetys.mx\\\/noticias\\\/conoce-algunos-signos-en-ninos-que-pueden-indicar-que-tiene-el-trastorno-del-espectro-autista\\\/\"},\"wordCount\":561,\"commentCount\":0,\"image\":{\"@id\":\"https:\\\/\\\/www.cetys.mx\\\/noticias\\\/conoce-algunos-signos-en-ninos-que-pueden-indicar-que-tiene-el-trastorno-del-espectro-autista\\\/#primaryimage\"},\"thumbnailUrl\":\"https:\\\/\\\/www.cetys.mx\\\/noticias\\\/wp-content\\\/uploads\\\/2024\\\/04\\\/espectro-autista-experto-cetys.png\",\"articleSection\":[\"Campus Tijuana\",\"Opini\u00f3n\",\"Portada\",\"VoCETYS\"],\"inLanguage\":\"es\",\"potentialAction\":[{\"@type\":\"CommentAction\",\"name\":\"Comment\",\"target\":[\"https:\\\/\\\/www.cetys.mx\\\/noticias\\\/conoce-algunos-signos-en-ninos-que-pueden-indicar-que-tiene-el-trastorno-del-espectro-autista\\\/#respond\"]}]},{\"@type\":\"WebPage\",\"@id\":\"https:\\\/\\\/www.cetys.mx\\\/noticias\\\/conoce-algunos-signos-en-ninos-que-pueden-indicar-que-tiene-el-trastorno-del-espectro-autista\\\/\",\"url\":\"https:\\\/\\\/www.cetys.mx\\\/noticias\\\/conoce-algunos-signos-en-ninos-que-pueden-indicar-que-tiene-el-trastorno-del-espectro-autista\\\/\",\"name\":\"Conoce algunos signos en ni\u00f1os que pueden indicar que tiene el Trastorno del Espectro Autista - CETYS\",\"isPartOf\":{\"@id\":\"https:\\\/\\\/www.cetys.mx\\\/noticias\\\/#website\"},\"primaryImageOfPage\":{\"@id\":\"https:\\\/\\\/www.cetys.mx\\\/noticias\\\/conoce-algunos-signos-en-ninos-que-pueden-indicar-que-tiene-el-trastorno-del-espectro-autista\\\/#primaryimage\"},\"image\":{\"@id\":\"https:\\\/\\\/www.cetys.mx\\\/noticias\\\/conoce-algunos-signos-en-ninos-que-pueden-indicar-que-tiene-el-trastorno-del-espectro-autista\\\/#primaryimage\"},\"thumbnailUrl\":\"https:\\\/\\\/www.cetys.mx\\\/noticias\\\/wp-content\\\/uploads\\\/2024\\\/04\\\/espectro-autista-experto-cetys.png\",\"datePublished\":\"2024-04-02T23:37:01+00:00\",\"author\":{\"@id\":\"https:\\\/\\\/www.cetys.mx\\\/noticias\\\/#\\\/schema\\\/person\\\/e790051ce60e18ae47cfa87011c8653f\"},\"description\":\"Algunas signos en ni\u00f1o y ni\u00f1as con Trastorno del Espectro Autista son la\u00a0dificultad de lenguaje, socializaci\u00f3n y comportamiento, se\u00f1ala Experta CETYS.\",\"breadcrumb\":{\"@id\":\"https:\\\/\\\/www.cetys.mx\\\/noticias\\\/conoce-algunos-signos-en-ninos-que-pueden-indicar-que-tiene-el-trastorno-del-espectro-autista\\\/#breadcrumb\"},\"inLanguage\":\"es\",\"potentialAction\":[{\"@type\":\"ReadAction\",\"target\":[\"https:\\\/\\\/www.cetys.mx\\\/noticias\\\/conoce-algunos-signos-en-ninos-que-pueden-indicar-que-tiene-el-trastorno-del-espectro-autista\\\/\"]}]},{\"@type\":\"ImageObject\",\"inLanguage\":\"es\",\"@id\":\"https:\\\/\\\/www.cetys.mx\\\/noticias\\\/conoce-algunos-signos-en-ninos-que-pueden-indicar-que-tiene-el-trastorno-del-espectro-autista\\\/#primaryimage\",\"url\":\"https:\\\/\\\/www.cetys.mx\\\/noticias\\\/wp-content\\\/uploads\\\/2024\\\/04\\\/espectro-autista-experto-cetys.png\",\"contentUrl\":\"https:\\\/\\\/www.cetys.mx\\\/noticias\\\/wp-content\\\/uploads\\\/2024\\\/04\\\/espectro-autista-experto-cetys.png\",\"width\":958,\"height\":637},{\"@type\":\"BreadcrumbList\",\"@id\":\"https:\\\/\\\/www.cetys.mx\\\/noticias\\\/conoce-algunos-signos-en-ninos-que-pueden-indicar-que-tiene-el-trastorno-del-espectro-autista\\\/#breadcrumb\",\"itemListElement\":[{\"@type\":\"ListItem\",\"position\":1,\"name\":\"Inicio\",\"item\":\"https:\\\/\\\/www.cetys.mx\\\/noticias\\\/\"},{\"@type\":\"ListItem\",\"position\":2,\"name\":\"Conoce algunos signos en ni\u00f1os que pueden indicar que tiene el Trastorno del Espectro Autista\"}]},{\"@type\":\"WebSite\",\"@id\":\"https:\\\/\\\/www.cetys.mx\\\/noticias\\\/#website\",\"url\":\"https:\\\/\\\/www.cetys.mx\\\/noticias\\\/\",\"name\":\"CETYS\",\"description\":\"\",\"potentialAction\":[{\"@type\":\"SearchAction\",\"target\":{\"@type\":\"EntryPoint\",\"urlTemplate\":\"https:\\\/\\\/www.cetys.mx\\\/noticias\\\/?s={search_term_string}\"},\"query-input\":{\"@type\":\"PropertyValueSpecification\",\"valueRequired\":true,\"valueName\":\"search_term_string\"}}],\"inLanguage\":\"es\"},{\"@type\":\"Person\",\"@id\":\"https:\\\/\\\/www.cetys.mx\\\/noticias\\\/#\\\/schema\\\/person\\\/e790051ce60e18ae47cfa87011c8653f\",\"name\":\"Campus Tijuana\",\"url\":\"https:\\\/\\\/www.cetys.mx\\\/noticias\\\/author\\\/campustijuana\\\/\"}]}<\/script>\n<!-- \/ Yoast SEO plugin. -->","yoast_head_json":{"title":"Conoce algunos signos en ni\u00f1os que pueden indicar que tiene el Trastorno del Espectro Autista - CETYS","description":"Algunas signos en ni\u00f1o y ni\u00f1as con Trastorno del Espectro Autista son la\u00a0dificultad de lenguaje, socializaci\u00f3n y comportamiento, se\u00f1ala Experta CETYS.","robots":{"index":"index","follow":"follow","max-snippet":"max-snippet:-1","max-image-preview":"max-image-preview:large","max-video-preview":"max-video-preview:-1"},"canonical":"https:\/\/www.cetys.mx\/noticias\/conoce-algunos-signos-en-ninos-que-pueden-indicar-que-tiene-el-trastorno-del-espectro-autista\/","og_locale":"es_MX","og_type":"article","og_title":"Conoce algunos signos en ni\u00f1os que pueden indicar que tiene el Trastorno del Espectro Autista - CETYS","og_description":"Algunas signos en ni\u00f1o y ni\u00f1as con Trastorno del Espectro Autista son la\u00a0dificultad de lenguaje, socializaci\u00f3n y comportamiento, se\u00f1ala Experta CETYS.","og_url":"https:\/\/www.cetys.mx\/noticias\/conoce-algunos-signos-en-ninos-que-pueden-indicar-que-tiene-el-trastorno-del-espectro-autista\/","og_site_name":"CETYS","article_publisher":"https:\/\/www.facebook.com\/cetysuniversidadmxl\/","article_published_time":"2024-04-02T23:37:01+00:00","og_image":[{"width":958,"height":637,"url":"https:\/\/www.cetys.mx\/noticias\/wp-content\/uploads\/2024\/04\/espectro-autista-experto-cetys.png","type":"image\/png"}],"author":"Campus Tijuana","twitter_card":"summary_large_image","twitter_creator":"@cetysuni","twitter_site":"@cetysuni","twitter_misc":{"Escrito por":"Campus Tijuana","Tiempo de lectura":"3 minutos"},"schema":{"@context":"https:\/\/schema.org","@graph":[{"@type":"Article","@id":"https:\/\/www.cetys.mx\/noticias\/conoce-algunos-signos-en-ninos-que-pueden-indicar-que-tiene-el-trastorno-del-espectro-autista\/#article","isPartOf":{"@id":"https:\/\/www.cetys.mx\/noticias\/conoce-algunos-signos-en-ninos-que-pueden-indicar-que-tiene-el-trastorno-del-espectro-autista\/"},"author":{"name":"Campus Tijuana","@id":"https:\/\/www.cetys.mx\/noticias\/#\/schema\/person\/e790051ce60e18ae47cfa87011c8653f"},"headline":"Conoce algunos signos en ni\u00f1os que pueden indicar que tiene el Trastorno del Espectro Autista","datePublished":"2024-04-02T23:37:01+00:00","mainEntityOfPage":{"@id":"https:\/\/www.cetys.mx\/noticias\/conoce-algunos-signos-en-ninos-que-pueden-indicar-que-tiene-el-trastorno-del-espectro-autista\/"},"wordCount":561,"commentCount":0,"image":{"@id":"https:\/\/www.cetys.mx\/noticias\/conoce-algunos-signos-en-ninos-que-pueden-indicar-que-tiene-el-trastorno-del-espectro-autista\/#primaryimage"},"thumbnailUrl":"https:\/\/www.cetys.mx\/noticias\/wp-content\/uploads\/2024\/04\/espectro-autista-experto-cetys.png","articleSection":["Campus Tijuana","Opini\u00f3n","Portada","VoCETYS"],"inLanguage":"es","potentialAction":[{"@type":"CommentAction","name":"Comment","target":["https:\/\/www.cetys.mx\/noticias\/conoce-algunos-signos-en-ninos-que-pueden-indicar-que-tiene-el-trastorno-del-espectro-autista\/#respond"]}]},{"@type":"WebPage","@id":"https:\/\/www.cetys.mx\/noticias\/conoce-algunos-signos-en-ninos-que-pueden-indicar-que-tiene-el-trastorno-del-espectro-autista\/","url":"https:\/\/www.cetys.mx\/noticias\/conoce-algunos-signos-en-ninos-que-pueden-indicar-que-tiene-el-trastorno-del-espectro-autista\/","name":"Conoce algunos signos en ni\u00f1os que pueden indicar que tiene el Trastorno del Espectro Autista - CETYS","isPartOf":{"@id":"https:\/\/www.cetys.mx\/noticias\/#website"},"primaryImageOfPage":{"@id":"https:\/\/www.cetys.mx\/noticias\/conoce-algunos-signos-en-ninos-que-pueden-indicar-que-tiene-el-trastorno-del-espectro-autista\/#primaryimage"},"image":{"@id":"https:\/\/www.cetys.mx\/noticias\/conoce-algunos-signos-en-ninos-que-pueden-indicar-que-tiene-el-trastorno-del-espectro-autista\/#primaryimage"},"thumbnailUrl":"https:\/\/www.cetys.mx\/noticias\/wp-content\/uploads\/2024\/04\/espectro-autista-experto-cetys.png","datePublished":"2024-04-02T23:37:01+00:00","author":{"@id":"https:\/\/www.cetys.mx\/noticias\/#\/schema\/person\/e790051ce60e18ae47cfa87011c8653f"},"description":"Algunas signos en ni\u00f1o y ni\u00f1as con Trastorno del Espectro Autista son la\u00a0dificultad de lenguaje, socializaci\u00f3n y comportamiento, se\u00f1ala Experta CETYS.","breadcrumb":{"@id":"https:\/\/www.cetys.mx\/noticias\/conoce-algunos-signos-en-ninos-que-pueden-indicar-que-tiene-el-trastorno-del-espectro-autista\/#breadcrumb"},"inLanguage":"es","potentialAction":[{"@type":"ReadAction","target":["https:\/\/www.cetys.mx\/noticias\/conoce-algunos-signos-en-ninos-que-pueden-indicar-que-tiene-el-trastorno-del-espectro-autista\/"]}]},{"@type":"ImageObject","inLanguage":"es","@id":"https:\/\/www.cetys.mx\/noticias\/conoce-algunos-signos-en-ninos-que-pueden-indicar-que-tiene-el-trastorno-del-espectro-autista\/#primaryimage","url":"https:\/\/www.cetys.mx\/noticias\/wp-content\/uploads\/2024\/04\/espectro-autista-experto-cetys.png","contentUrl":"https:\/\/www.cetys.mx\/noticias\/wp-content\/uploads\/2024\/04\/espectro-autista-experto-cetys.png","width":958,"height":637},{"@type":"BreadcrumbList","@id":"https:\/\/www.cetys.mx\/noticias\/conoce-algunos-signos-en-ninos-que-pueden-indicar-que-tiene-el-trastorno-del-espectro-autista\/#breadcrumb","itemListElement":[{"@type":"ListItem","position":1,"name":"Inicio","item":"https:\/\/www.cetys.mx\/noticias\/"},{"@type":"ListItem","position":2,"name":"Conoce algunos signos en ni\u00f1os que pueden indicar que tiene el Trastorno del Espectro Autista"}]},{"@type":"WebSite","@id":"https:\/\/www.cetys.mx\/noticias\/#website","url":"https:\/\/www.cetys.mx\/noticias\/","name":"CETYS","description":"","potentialAction":[{"@type":"SearchAction","target":{"@type":"EntryPoint","urlTemplate":"https:\/\/www.cetys.mx\/noticias\/?s={search_term_string}"},"query-input":{"@type":"PropertyValueSpecification","valueRequired":true,"valueName":"search_term_string"}}],"inLanguage":"es"},{"@type":"Person","@id":"https:\/\/www.cetys.mx\/noticias\/#\/schema\/person\/e790051ce60e18ae47cfa87011c8653f","name":"Campus Tijuana","url":"https:\/\/www.cetys.mx\/noticias\/author\/campustijuana\/"}]}},"_links":{"self":[{"href":"https:\/\/www.cetys.mx\/noticias\/wp-json\/wp\/v2\/posts\/180276","targetHints":{"allow":["GET"]}}],"collection":[{"href":"https:\/\/www.cetys.mx\/noticias\/wp-json\/wp\/v2\/posts"}],"about":[{"href":"https:\/\/www.cetys.mx\/noticias\/wp-json\/wp\/v2\/types\/post"}],"author":[{"embeddable":true,"href":"https:\/\/www.cetys.mx\/noticias\/wp-json\/wp\/v2\/users\/24"}],"replies":[{"embeddable":true,"href":"https:\/\/www.cetys.mx\/noticias\/wp-json\/wp\/v2\/comments?post=180276"}],"version-history":[{"count":1,"href":"https:\/\/www.cetys.mx\/noticias\/wp-json\/wp\/v2\/posts\/180276\/revisions"}],"predecessor-version":[{"id":180279,"href":"https:\/\/www.cetys.mx\/noticias\/wp-json\/wp\/v2\/posts\/180276\/revisions\/180279"}],"wp:featuredmedia":[{"embeddable":true,"href":"https:\/\/www.cetys.mx\/noticias\/wp-json\/wp\/v2\/media\/180277"}],"wp:attachment":[{"href":"https:\/\/www.cetys.mx\/noticias\/wp-json\/wp\/v2\/media?parent=180276"}],"wp:term":[{"taxonomy":"category","embeddable":true,"href":"https:\/\/www.cetys.mx\/noticias\/wp-json\/wp\/v2\/categories?post=180276"},{"taxonomy":"post_tag","embeddable":true,"href":"https:\/\/www.cetys.mx\/noticias\/wp-json\/wp\/v2\/tags?post=180276"}],"curies":[{"name":"wp","href":"https:\/\/api.w.org\/{rel}","templated":true}]}}