{"id":179914,"date":"2024-03-14T12:37:00","date_gmt":"2024-03-14T19:37:00","guid":{"rendered":"https:\/\/www.cetys.mx\/noticias\/?p=179914"},"modified":"2024-03-14T12:37:00","modified_gmt":"2024-03-14T19:37:00","slug":"la-secretaria-de-educacion-de-bc-y-cetys-potenciaran-la-investigacion-vitivinicola","status":"publish","type":"post","link":"https:\/\/www.cetys.mx\/noticias\/la-secretaria-de-educacion-de-bc-y-cetys-potenciaran-la-investigacion-vitivinicola\/","title":{"rendered":"La Secretar\u00eda de Educaci\u00f3n de BC y CETYS potenciar\u00e1n la investigaci\u00f3n vitivin\u00edcola"},"content":{"rendered":"<p>El Centro de Estudios Vitivin\u00edcolas (CEVIT) de CETYS recibi\u00f3 de la Secretar\u00eda de Educaci\u00f3n de Baja California equipo de laboratorio especializado que potenciar\u00e1 proyectos de investigaci\u00f3n con un impacto directo en el sector vitivin\u00edcola y su comunidad. Adem\u00e1s estrechan lazos en apoyo de la Secundaria P\u00fablica T\u00e9cnica 11 de ejido El Porvenir en Ensenada.<br \/>\n<iframe loading=\"lazy\" title=\"La Secretar\u00eda de Educaci\u00f3n de BC y CETYS potenciar\u00e1n la investigaci\u00f3n vitivin\u00edcola\" width=\"500\" height=\"281\" src=\"https:\/\/www.youtube.com\/embed\/oBWEwCevXTY?feature=oembed\" frameborder=\"0\" allow=\"accelerometer; autoplay; clipboard-write; encrypted-media; gyroscope; picture-in-picture; web-share\" referrerpolicy=\"strict-origin-when-cross-origin\" allowfullscreen><\/iframe><\/p>\n","protected":false},"excerpt":{"rendered":"<p>El Centro de Estudios Vitivin\u00edcolas (CEVIT) de CETYS recibi\u00f3 de la Secretar\u00eda de Educaci\u00f3n de Baja California equipo de laboratorio especializado que&#8230;<\/p>\n","protected":false},"author":23,"featured_media":179837,"comment_status":"open","ping_status":"closed","sticky":false,"template":"","format":"video","meta":{"footnotes":""},"categories":[5681,147,109,313],"tags":[],"class_list":["post-179914","post","type-post","status-publish","format-video","has-post-thumbnail","hentry","category-cevit","category-video","category-vinculacion","category-vocetys-2","post_format-post-format-video"],"yoast_head":"<!-- This site is optimized with the Yoast SEO plugin v27.4 - https:\/\/yoast.com\/product\/yoast-seo-wordpress\/ -->\n<title>La Secretar\u00eda de Educaci\u00f3n de BC y CETYS potenciar\u00e1n la investigaci\u00f3n vitivin\u00edcola - CETYS<\/title>\n<meta name=\"description\" content=\"Articulo sobre La Secretar\u00eda de Educaci\u00f3n de BC y CETYS potenciar\u00e1n la investigaci\u00f3n vitivin\u00edcola\" \/>\n<meta name=\"robots\" content=\"index, follow, max-snippet:-1, max-image-preview:large, max-video-preview:-1\" \/>\n<link rel=\"canonical\" href=\"https:\/\/www.cetys.mx\/noticias\/la-secretaria-de-educacion-de-bc-y-cetys-potenciaran-la-investigacion-vitivinicola\/\" \/>\n<meta property=\"og:locale\" content=\"es_MX\" \/>\n<meta property=\"og:type\" content=\"article\" \/>\n<meta property=\"og:title\" content=\"La Secretar\u00eda de Educaci\u00f3n de BC y CETYS potenciar\u00e1n la investigaci\u00f3n vitivin\u00edcola - CETYS\" \/>\n<meta property=\"og:description\" content=\"Articulo sobre La Secretar\u00eda de Educaci\u00f3n de BC y CETYS potenciar\u00e1n la investigaci\u00f3n vitivin\u00edcola\" \/>\n<meta property=\"og:url\" content=\"https:\/\/www.cetys.mx\/noticias\/la-secretaria-de-educacion-de-bc-y-cetys-potenciaran-la-investigacion-vitivinicola\/\" \/>\n<meta property=\"og:site_name\" content=\"CETYS\" \/>\n<meta property=\"article:publisher\" content=\"https:\/\/www.facebook.com\/cetysuniversidadmxl\/\" \/>\n<meta property=\"article:published_time\" content=\"2024-03-14T19:37:00+00:00\" \/>\n<meta property=\"og:image\" content=\"https:\/\/www.cetys.mx\/noticias\/wp-content\/uploads\/2024\/03\/Foto-3.jpg\" \/>\n\t<meta property=\"og:image:width\" content=\"958\" \/>\n\t<meta property=\"og:image:height\" content=\"637\" \/>\n\t<meta property=\"og:image:type\" content=\"image\/jpeg\" \/>\n<meta name=\"author\" content=\"Campus Ensenada\" \/>\n<meta name=\"twitter:card\" content=\"summary_large_image\" \/>\n<meta name=\"twitter:creator\" content=\"@cetysuni\" \/>\n<meta name=\"twitter:site\" content=\"@cetysuni\" \/>\n<meta name=\"twitter:label1\" content=\"Escrito por\" \/>\n\t<meta name=\"twitter:data1\" content=\"Campus Ensenada\" \/>\n<script type=\"application\/ld+json\" class=\"yoast-schema-graph\">{\"@context\":\"https:\\\/\\\/schema.org\",\"@graph\":[{\"@type\":\"Article\",\"@id\":\"https:\\\/\\\/www.cetys.mx\\\/noticias\\\/la-secretaria-de-educacion-de-bc-y-cetys-potenciaran-la-investigacion-vitivinicola\\\/#article\",\"isPartOf\":{\"@id\":\"https:\\\/\\\/www.cetys.mx\\\/noticias\\\/la-secretaria-de-educacion-de-bc-y-cetys-potenciaran-la-investigacion-vitivinicola\\\/\"},\"author\":{\"name\":\"Campus Ensenada\",\"@id\":\"https:\\\/\\\/www.cetys.mx\\\/noticias\\\/#\\\/schema\\\/person\\\/1a1a88c0b6586e66a2e9e88e07afc712\"},\"headline\":\"La Secretar\u00eda de Educaci\u00f3n de BC y CETYS potenciar\u00e1n la investigaci\u00f3n vitivin\u00edcola\",\"datePublished\":\"2024-03-14T19:37:00+00:00\",\"mainEntityOfPage\":{\"@id\":\"https:\\\/\\\/www.cetys.mx\\\/noticias\\\/la-secretaria-de-educacion-de-bc-y-cetys-potenciaran-la-investigacion-vitivinicola\\\/\"},\"wordCount\":84,\"commentCount\":0,\"image\":{\"@id\":\"https:\\\/\\\/www.cetys.mx\\\/noticias\\\/la-secretaria-de-educacion-de-bc-y-cetys-potenciaran-la-investigacion-vitivinicola\\\/#primaryimage\"},\"thumbnailUrl\":\"https:\\\/\\\/www.cetys.mx\\\/noticias\\\/wp-content\\\/uploads\\\/2024\\\/03\\\/Foto-3.jpg\",\"articleSection\":[\"CEVIT\",\"Video\",\"Vinculaci\u00f3n\",\"VoCETYS\"],\"inLanguage\":\"es\",\"potentialAction\":[{\"@type\":\"CommentAction\",\"name\":\"Comment\",\"target\":[\"https:\\\/\\\/www.cetys.mx\\\/noticias\\\/la-secretaria-de-educacion-de-bc-y-cetys-potenciaran-la-investigacion-vitivinicola\\\/#respond\"]}]},{\"@type\":\"WebPage\",\"@id\":\"https:\\\/\\\/www.cetys.mx\\\/noticias\\\/la-secretaria-de-educacion-de-bc-y-cetys-potenciaran-la-investigacion-vitivinicola\\\/\",\"url\":\"https:\\\/\\\/www.cetys.mx\\\/noticias\\\/la-secretaria-de-educacion-de-bc-y-cetys-potenciaran-la-investigacion-vitivinicola\\\/\",\"name\":\"La Secretar\u00eda de Educaci\u00f3n de BC y CETYS potenciar\u00e1n la investigaci\u00f3n vitivin\u00edcola - CETYS\",\"isPartOf\":{\"@id\":\"https:\\\/\\\/www.cetys.mx\\\/noticias\\\/#website\"},\"primaryImageOfPage\":{\"@id\":\"https:\\\/\\\/www.cetys.mx\\\/noticias\\\/la-secretaria-de-educacion-de-bc-y-cetys-potenciaran-la-investigacion-vitivinicola\\\/#primaryimage\"},\"image\":{\"@id\":\"https:\\\/\\\/www.cetys.mx\\\/noticias\\\/la-secretaria-de-educacion-de-bc-y-cetys-potenciaran-la-investigacion-vitivinicola\\\/#primaryimage\"},\"thumbnailUrl\":\"https:\\\/\\\/www.cetys.mx\\\/noticias\\\/wp-content\\\/uploads\\\/2024\\\/03\\\/Foto-3.jpg\",\"datePublished\":\"2024-03-14T19:37:00+00:00\",\"author\":{\"@id\":\"https:\\\/\\\/www.cetys.mx\\\/noticias\\\/#\\\/schema\\\/person\\\/1a1a88c0b6586e66a2e9e88e07afc712\"},\"description\":\"Articulo sobre La Secretar\u00eda de Educaci\u00f3n de BC y CETYS potenciar\u00e1n la investigaci\u00f3n vitivin\u00edcola\",\"breadcrumb\":{\"@id\":\"https:\\\/\\\/www.cetys.mx\\\/noticias\\\/la-secretaria-de-educacion-de-bc-y-cetys-potenciaran-la-investigacion-vitivinicola\\\/#breadcrumb\"},\"inLanguage\":\"es\",\"potentialAction\":[{\"@type\":\"ReadAction\",\"target\":[\"https:\\\/\\\/www.cetys.mx\\\/noticias\\\/la-secretaria-de-educacion-de-bc-y-cetys-potenciaran-la-investigacion-vitivinicola\\\/\"]}]},{\"@type\":\"ImageObject\",\"inLanguage\":\"es\",\"@id\":\"https:\\\/\\\/www.cetys.mx\\\/noticias\\\/la-secretaria-de-educacion-de-bc-y-cetys-potenciaran-la-investigacion-vitivinicola\\\/#primaryimage\",\"url\":\"https:\\\/\\\/www.cetys.mx\\\/noticias\\\/wp-content\\\/uploads\\\/2024\\\/03\\\/Foto-3.jpg\",\"contentUrl\":\"https:\\\/\\\/www.cetys.mx\\\/noticias\\\/wp-content\\\/uploads\\\/2024\\\/03\\\/Foto-3.jpg\",\"width\":958,\"height\":637},{\"@type\":\"BreadcrumbList\",\"@id\":\"https:\\\/\\\/www.cetys.mx\\\/noticias\\\/la-secretaria-de-educacion-de-bc-y-cetys-potenciaran-la-investigacion-vitivinicola\\\/#breadcrumb\",\"itemListElement\":[{\"@type\":\"ListItem\",\"position\":1,\"name\":\"Inicio\",\"item\":\"https:\\\/\\\/www.cetys.mx\\\/noticias\\\/\"},{\"@type\":\"ListItem\",\"position\":2,\"name\":\"La Secretar\u00eda de Educaci\u00f3n de BC y CETYS potenciar\u00e1n la investigaci\u00f3n vitivin\u00edcola\"}]},{\"@type\":\"WebSite\",\"@id\":\"https:\\\/\\\/www.cetys.mx\\\/noticias\\\/#website\",\"url\":\"https:\\\/\\\/www.cetys.mx\\\/noticias\\\/\",\"name\":\"CETYS\",\"description\":\"\",\"potentialAction\":[{\"@type\":\"SearchAction\",\"target\":{\"@type\":\"EntryPoint\",\"urlTemplate\":\"https:\\\/\\\/www.cetys.mx\\\/noticias\\\/?s={search_term_string}\"},\"query-input\":{\"@type\":\"PropertyValueSpecification\",\"valueRequired\":true,\"valueName\":\"search_term_string\"}}],\"inLanguage\":\"es\"},{\"@type\":\"Person\",\"@id\":\"https:\\\/\\\/www.cetys.mx\\\/noticias\\\/#\\\/schema\\\/person\\\/1a1a88c0b6586e66a2e9e88e07afc712\",\"name\":\"Campus Ensenada\",\"url\":\"https:\\\/\\\/www.cetys.mx\\\/noticias\\\/author\\\/campusensenada\\\/\"}]}<\/script>\n<!-- \/ Yoast SEO plugin. -->","yoast_head_json":{"title":"La Secretar\u00eda de Educaci\u00f3n de BC y CETYS potenciar\u00e1n la investigaci\u00f3n vitivin\u00edcola - CETYS","description":"Articulo sobre La Secretar\u00eda de Educaci\u00f3n de BC y CETYS potenciar\u00e1n la investigaci\u00f3n vitivin\u00edcola","robots":{"index":"index","follow":"follow","max-snippet":"max-snippet:-1","max-image-preview":"max-image-preview:large","max-video-preview":"max-video-preview:-1"},"canonical":"https:\/\/www.cetys.mx\/noticias\/la-secretaria-de-educacion-de-bc-y-cetys-potenciaran-la-investigacion-vitivinicola\/","og_locale":"es_MX","og_type":"article","og_title":"La Secretar\u00eda de Educaci\u00f3n de BC y CETYS potenciar\u00e1n la investigaci\u00f3n vitivin\u00edcola - CETYS","og_description":"Articulo sobre La Secretar\u00eda de Educaci\u00f3n de BC y CETYS potenciar\u00e1n la investigaci\u00f3n vitivin\u00edcola","og_url":"https:\/\/www.cetys.mx\/noticias\/la-secretaria-de-educacion-de-bc-y-cetys-potenciaran-la-investigacion-vitivinicola\/","og_site_name":"CETYS","article_publisher":"https:\/\/www.facebook.com\/cetysuniversidadmxl\/","article_published_time":"2024-03-14T19:37:00+00:00","og_image":[{"width":958,"height":637,"url":"https:\/\/www.cetys.mx\/noticias\/wp-content\/uploads\/2024\/03\/Foto-3.jpg","type":"image\/jpeg"}],"author":"Campus Ensenada","twitter_card":"summary_large_image","twitter_creator":"@cetysuni","twitter_site":"@cetysuni","twitter_misc":{"Escrito por":"Campus Ensenada"},"schema":{"@context":"https:\/\/schema.org","@graph":[{"@type":"Article","@id":"https:\/\/www.cetys.mx\/noticias\/la-secretaria-de-educacion-de-bc-y-cetys-potenciaran-la-investigacion-vitivinicola\/#article","isPartOf":{"@id":"https:\/\/www.cetys.mx\/noticias\/la-secretaria-de-educacion-de-bc-y-cetys-potenciaran-la-investigacion-vitivinicola\/"},"author":{"name":"Campus Ensenada","@id":"https:\/\/www.cetys.mx\/noticias\/#\/schema\/person\/1a1a88c0b6586e66a2e9e88e07afc712"},"headline":"La Secretar\u00eda de Educaci\u00f3n de BC y CETYS potenciar\u00e1n la investigaci\u00f3n vitivin\u00edcola","datePublished":"2024-03-14T19:37:00+00:00","mainEntityOfPage":{"@id":"https:\/\/www.cetys.mx\/noticias\/la-secretaria-de-educacion-de-bc-y-cetys-potenciaran-la-investigacion-vitivinicola\/"},"wordCount":84,"commentCount":0,"image":{"@id":"https:\/\/www.cetys.mx\/noticias\/la-secretaria-de-educacion-de-bc-y-cetys-potenciaran-la-investigacion-vitivinicola\/#primaryimage"},"thumbnailUrl":"https:\/\/www.cetys.mx\/noticias\/wp-content\/uploads\/2024\/03\/Foto-3.jpg","articleSection":["CEVIT","Video","Vinculaci\u00f3n","VoCETYS"],"inLanguage":"es","potentialAction":[{"@type":"CommentAction","name":"Comment","target":["https:\/\/www.cetys.mx\/noticias\/la-secretaria-de-educacion-de-bc-y-cetys-potenciaran-la-investigacion-vitivinicola\/#respond"]}]},{"@type":"WebPage","@id":"https:\/\/www.cetys.mx\/noticias\/la-secretaria-de-educacion-de-bc-y-cetys-potenciaran-la-investigacion-vitivinicola\/","url":"https:\/\/www.cetys.mx\/noticias\/la-secretaria-de-educacion-de-bc-y-cetys-potenciaran-la-investigacion-vitivinicola\/","name":"La Secretar\u00eda de Educaci\u00f3n de BC y CETYS potenciar\u00e1n la investigaci\u00f3n vitivin\u00edcola - CETYS","isPartOf":{"@id":"https:\/\/www.cetys.mx\/noticias\/#website"},"primaryImageOfPage":{"@id":"https:\/\/www.cetys.mx\/noticias\/la-secretaria-de-educacion-de-bc-y-cetys-potenciaran-la-investigacion-vitivinicola\/#primaryimage"},"image":{"@id":"https:\/\/www.cetys.mx\/noticias\/la-secretaria-de-educacion-de-bc-y-cetys-potenciaran-la-investigacion-vitivinicola\/#primaryimage"},"thumbnailUrl":"https:\/\/www.cetys.mx\/noticias\/wp-content\/uploads\/2024\/03\/Foto-3.jpg","datePublished":"2024-03-14T19:37:00+00:00","author":{"@id":"https:\/\/www.cetys.mx\/noticias\/#\/schema\/person\/1a1a88c0b6586e66a2e9e88e07afc712"},"description":"Articulo sobre La Secretar\u00eda de Educaci\u00f3n de BC y CETYS potenciar\u00e1n la investigaci\u00f3n vitivin\u00edcola","breadcrumb":{"@id":"https:\/\/www.cetys.mx\/noticias\/la-secretaria-de-educacion-de-bc-y-cetys-potenciaran-la-investigacion-vitivinicola\/#breadcrumb"},"inLanguage":"es","potentialAction":[{"@type":"ReadAction","target":["https:\/\/www.cetys.mx\/noticias\/la-secretaria-de-educacion-de-bc-y-cetys-potenciaran-la-investigacion-vitivinicola\/"]}]},{"@type":"ImageObject","inLanguage":"es","@id":"https:\/\/www.cetys.mx\/noticias\/la-secretaria-de-educacion-de-bc-y-cetys-potenciaran-la-investigacion-vitivinicola\/#primaryimage","url":"https:\/\/www.cetys.mx\/noticias\/wp-content\/uploads\/2024\/03\/Foto-3.jpg","contentUrl":"https:\/\/www.cetys.mx\/noticias\/wp-content\/uploads\/2024\/03\/Foto-3.jpg","width":958,"height":637},{"@type":"BreadcrumbList","@id":"https:\/\/www.cetys.mx\/noticias\/la-secretaria-de-educacion-de-bc-y-cetys-potenciaran-la-investigacion-vitivinicola\/#breadcrumb","itemListElement":[{"@type":"ListItem","position":1,"name":"Inicio","item":"https:\/\/www.cetys.mx\/noticias\/"},{"@type":"ListItem","position":2,"name":"La Secretar\u00eda de Educaci\u00f3n de BC y CETYS potenciar\u00e1n la investigaci\u00f3n vitivin\u00edcola"}]},{"@type":"WebSite","@id":"https:\/\/www.cetys.mx\/noticias\/#website","url":"https:\/\/www.cetys.mx\/noticias\/","name":"CETYS","description":"","potentialAction":[{"@type":"SearchAction","target":{"@type":"EntryPoint","urlTemplate":"https:\/\/www.cetys.mx\/noticias\/?s={search_term_string}"},"query-input":{"@type":"PropertyValueSpecification","valueRequired":true,"valueName":"search_term_string"}}],"inLanguage":"es"},{"@type":"Person","@id":"https:\/\/www.cetys.mx\/noticias\/#\/schema\/person\/1a1a88c0b6586e66a2e9e88e07afc712","name":"Campus Ensenada","url":"https:\/\/www.cetys.mx\/noticias\/author\/campusensenada\/"}]}},"_links":{"self":[{"href":"https:\/\/www.cetys.mx\/noticias\/wp-json\/wp\/v2\/posts\/179914","targetHints":{"allow":["GET"]}}],"collection":[{"href":"https:\/\/www.cetys.mx\/noticias\/wp-json\/wp\/v2\/posts"}],"about":[{"href":"https:\/\/www.cetys.mx\/noticias\/wp-json\/wp\/v2\/types\/post"}],"author":[{"embeddable":true,"href":"https:\/\/www.cetys.mx\/noticias\/wp-json\/wp\/v2\/users\/23"}],"replies":[{"embeddable":true,"href":"https:\/\/www.cetys.mx\/noticias\/wp-json\/wp\/v2\/comments?post=179914"}],"version-history":[{"count":1,"href":"https:\/\/www.cetys.mx\/noticias\/wp-json\/wp\/v2\/posts\/179914\/revisions"}],"predecessor-version":[{"id":179921,"href":"https:\/\/www.cetys.mx\/noticias\/wp-json\/wp\/v2\/posts\/179914\/revisions\/179921"}],"wp:featuredmedia":[{"embeddable":true,"href":"https:\/\/www.cetys.mx\/noticias\/wp-json\/wp\/v2\/media\/179837"}],"wp:attachment":[{"href":"https:\/\/www.cetys.mx\/noticias\/wp-json\/wp\/v2\/media?parent=179914"}],"wp:term":[{"taxonomy":"category","embeddable":true,"href":"https:\/\/www.cetys.mx\/noticias\/wp-json\/wp\/v2\/categories?post=179914"},{"taxonomy":"post_tag","embeddable":true,"href":"https:\/\/www.cetys.mx\/noticias\/wp-json\/wp\/v2\/tags?post=179914"}],"curies":[{"name":"wp","href":"https:\/\/api.w.org\/{rel}","templated":true}]}}