{"id":179739,"date":"2024-03-08T16:44:19","date_gmt":"2024-03-09T00:44:19","guid":{"rendered":"https:\/\/www.cetys.mx\/noticias\/?p=179739"},"modified":"2024-03-08T16:48:36","modified_gmt":"2024-03-09T00:48:36","slug":"videocolumna-como-va-la-lucha-por-la-igualdad-de-oportunidades-de-las-mujeres","status":"publish","type":"post","link":"https:\/\/www.cetys.mx\/noticias\/videocolumna-como-va-la-lucha-por-la-igualdad-de-oportunidades-de-las-mujeres\/","title":{"rendered":"[Videocolumna] \u00bfC\u00f3mo va la lucha por la igualdad de oportunidades de las mujeres?"},"content":{"rendered":"<p>Celebrar vs Reflexionar<\/p>\n<p>La Mtra. Lorena Santana Serrano, acad\u00e9mica de la Escuela de Administraci\u00f3n y Negocios trata c\u00f3mo ha evolucionado la lucha por la igualdad de las mujeres, la diferencia de celebrar y conmemorar el D\u00eda Internacional de la Mujer, algunas recomendaciones para empresas y hasta cuando se proyecta alcanzar la igualdad de oportunidades.<\/p>\n","protected":false},"excerpt":{"rendered":"<p>Celebrar vs Reflexionar La Mtra. Lorena Santana Serrano, acad\u00e9mica de la Escuela de Administraci\u00f3n y Negocios trata c\u00f3mo ha evolucionado la lucha&#8230;<\/p>\n","protected":false},"author":24,"featured_media":179740,"comment_status":"open","ping_status":"closed","sticky":false,"template":"","format":"video","meta":{"footnotes":""},"categories":[134,147,313],"tags":[4325,6551,6477,3784],"class_list":["post-179739","post","type-post","status-publish","format-video","has-post-thumbnail","hentry","category-campus-tijuana","category-video","category-vocetys-2","tag-experto-cetys","tag-mercadotecniaestrategica","tag-negociosinternacionales","tag-videocolumna","post_format-post-format-video"],"yoast_head":"<!-- This site is optimized with the Yoast SEO plugin v27.4 - https:\/\/yoast.com\/product\/yoast-seo-wordpress\/ -->\n<title>[Videocolumna] \u00bfC\u00f3mo va la lucha por la igualdad de oportunidades de las mujeres? - CETYS<\/title>\n<meta name=\"description\" content=\"Articulo sobre [Videocolumna] \u00bfC\u00f3mo va la lucha por la igualdad de oportunidades de las mujeres?\" \/>\n<meta name=\"robots\" content=\"index, follow, max-snippet:-1, max-image-preview:large, max-video-preview:-1\" \/>\n<link rel=\"canonical\" href=\"https:\/\/www.cetys.mx\/noticias\/videocolumna-como-va-la-lucha-por-la-igualdad-de-oportunidades-de-las-mujeres\/\" \/>\n<meta property=\"og:locale\" content=\"es_MX\" \/>\n<meta property=\"og:type\" content=\"article\" \/>\n<meta property=\"og:title\" content=\"[Videocolumna] \u00bfC\u00f3mo va la lucha por la igualdad de oportunidades de las mujeres? - CETYS\" \/>\n<meta property=\"og:description\" content=\"Articulo sobre [Videocolumna] \u00bfC\u00f3mo va la lucha por la igualdad de oportunidades de las mujeres?\" \/>\n<meta property=\"og:url\" content=\"https:\/\/www.cetys.mx\/noticias\/videocolumna-como-va-la-lucha-por-la-igualdad-de-oportunidades-de-las-mujeres\/\" \/>\n<meta property=\"og:site_name\" content=\"CETYS\" \/>\n<meta property=\"article:publisher\" content=\"https:\/\/www.facebook.com\/cetysuniversidadmxl\/\" \/>\n<meta property=\"article:published_time\" content=\"2024-03-09T00:44:19+00:00\" \/>\n<meta property=\"article:modified_time\" content=\"2024-03-09T00:48:36+00:00\" \/>\n<meta property=\"og:image\" content=\"https:\/\/www.cetys.mx\/noticias\/wp-content\/uploads\/2024\/03\/Portadas-de-Videocolumna-Editable-1.jpg\" \/>\n\t<meta property=\"og:image:width\" content=\"960\" \/>\n\t<meta property=\"og:image:height\" content=\"540\" \/>\n\t<meta property=\"og:image:type\" content=\"image\/jpeg\" \/>\n<meta name=\"author\" content=\"Campus Tijuana\" \/>\n<meta name=\"twitter:card\" content=\"summary_large_image\" \/>\n<meta name=\"twitter:creator\" content=\"@cetysuni\" \/>\n<meta name=\"twitter:site\" content=\"@cetysuni\" \/>\n<meta name=\"twitter:label1\" content=\"Escrito por\" \/>\n\t<meta name=\"twitter:data1\" content=\"Campus Tijuana\" \/>\n<script type=\"application\/ld+json\" class=\"yoast-schema-graph\">{\"@context\":\"https:\\\/\\\/schema.org\",\"@graph\":[{\"@type\":\"Article\",\"@id\":\"https:\\\/\\\/www.cetys.mx\\\/noticias\\\/videocolumna-como-va-la-lucha-por-la-igualdad-de-oportunidades-de-las-mujeres\\\/#article\",\"isPartOf\":{\"@id\":\"https:\\\/\\\/www.cetys.mx\\\/noticias\\\/videocolumna-como-va-la-lucha-por-la-igualdad-de-oportunidades-de-las-mujeres\\\/\"},\"author\":{\"name\":\"Campus Tijuana\",\"@id\":\"https:\\\/\\\/www.cetys.mx\\\/noticias\\\/#\\\/schema\\\/person\\\/e790051ce60e18ae47cfa87011c8653f\"},\"headline\":\"[Videocolumna] \u00bfC\u00f3mo va la lucha por la igualdad de oportunidades de las mujeres?\",\"datePublished\":\"2024-03-09T00:44:19+00:00\",\"dateModified\":\"2024-03-09T00:48:36+00:00\",\"mainEntityOfPage\":{\"@id\":\"https:\\\/\\\/www.cetys.mx\\\/noticias\\\/videocolumna-como-va-la-lucha-por-la-igualdad-de-oportunidades-de-las-mujeres\\\/\"},\"wordCount\":72,\"commentCount\":0,\"image\":{\"@id\":\"https:\\\/\\\/www.cetys.mx\\\/noticias\\\/videocolumna-como-va-la-lucha-por-la-igualdad-de-oportunidades-de-las-mujeres\\\/#primaryimage\"},\"thumbnailUrl\":\"https:\\\/\\\/www.cetys.mx\\\/noticias\\\/wp-content\\\/uploads\\\/2024\\\/03\\\/Portadas-de-Videocolumna-Editable-1.jpg\",\"keywords\":[\"Experto CETYS\",\"MercadotecniaEstrategica\",\"NegociosInternacionales\",\"Videocolumna\"],\"articleSection\":[\"Campus Tijuana\",\"Video\",\"VoCETYS\"],\"inLanguage\":\"es\",\"potentialAction\":[{\"@type\":\"CommentAction\",\"name\":\"Comment\",\"target\":[\"https:\\\/\\\/www.cetys.mx\\\/noticias\\\/videocolumna-como-va-la-lucha-por-la-igualdad-de-oportunidades-de-las-mujeres\\\/#respond\"]}]},{\"@type\":\"WebPage\",\"@id\":\"https:\\\/\\\/www.cetys.mx\\\/noticias\\\/videocolumna-como-va-la-lucha-por-la-igualdad-de-oportunidades-de-las-mujeres\\\/\",\"url\":\"https:\\\/\\\/www.cetys.mx\\\/noticias\\\/videocolumna-como-va-la-lucha-por-la-igualdad-de-oportunidades-de-las-mujeres\\\/\",\"name\":\"[Videocolumna] \u00bfC\u00f3mo va la lucha por la igualdad de oportunidades de las mujeres? - CETYS\",\"isPartOf\":{\"@id\":\"https:\\\/\\\/www.cetys.mx\\\/noticias\\\/#website\"},\"primaryImageOfPage\":{\"@id\":\"https:\\\/\\\/www.cetys.mx\\\/noticias\\\/videocolumna-como-va-la-lucha-por-la-igualdad-de-oportunidades-de-las-mujeres\\\/#primaryimage\"},\"image\":{\"@id\":\"https:\\\/\\\/www.cetys.mx\\\/noticias\\\/videocolumna-como-va-la-lucha-por-la-igualdad-de-oportunidades-de-las-mujeres\\\/#primaryimage\"},\"thumbnailUrl\":\"https:\\\/\\\/www.cetys.mx\\\/noticias\\\/wp-content\\\/uploads\\\/2024\\\/03\\\/Portadas-de-Videocolumna-Editable-1.jpg\",\"datePublished\":\"2024-03-09T00:44:19+00:00\",\"dateModified\":\"2024-03-09T00:48:36+00:00\",\"author\":{\"@id\":\"https:\\\/\\\/www.cetys.mx\\\/noticias\\\/#\\\/schema\\\/person\\\/e790051ce60e18ae47cfa87011c8653f\"},\"description\":\"Articulo sobre [Videocolumna] \u00bfC\u00f3mo va la lucha por la igualdad de oportunidades de las mujeres?\",\"breadcrumb\":{\"@id\":\"https:\\\/\\\/www.cetys.mx\\\/noticias\\\/videocolumna-como-va-la-lucha-por-la-igualdad-de-oportunidades-de-las-mujeres\\\/#breadcrumb\"},\"inLanguage\":\"es\",\"potentialAction\":[{\"@type\":\"ReadAction\",\"target\":[\"https:\\\/\\\/www.cetys.mx\\\/noticias\\\/videocolumna-como-va-la-lucha-por-la-igualdad-de-oportunidades-de-las-mujeres\\\/\"]}]},{\"@type\":\"ImageObject\",\"inLanguage\":\"es\",\"@id\":\"https:\\\/\\\/www.cetys.mx\\\/noticias\\\/videocolumna-como-va-la-lucha-por-la-igualdad-de-oportunidades-de-las-mujeres\\\/#primaryimage\",\"url\":\"https:\\\/\\\/www.cetys.mx\\\/noticias\\\/wp-content\\\/uploads\\\/2024\\\/03\\\/Portadas-de-Videocolumna-Editable-1.jpg\",\"contentUrl\":\"https:\\\/\\\/www.cetys.mx\\\/noticias\\\/wp-content\\\/uploads\\\/2024\\\/03\\\/Portadas-de-Videocolumna-Editable-1.jpg\",\"width\":960,\"height\":540},{\"@type\":\"BreadcrumbList\",\"@id\":\"https:\\\/\\\/www.cetys.mx\\\/noticias\\\/videocolumna-como-va-la-lucha-por-la-igualdad-de-oportunidades-de-las-mujeres\\\/#breadcrumb\",\"itemListElement\":[{\"@type\":\"ListItem\",\"position\":1,\"name\":\"Inicio\",\"item\":\"https:\\\/\\\/www.cetys.mx\\\/noticias\\\/\"},{\"@type\":\"ListItem\",\"position\":2,\"name\":\"[Videocolumna] \u00bfC\u00f3mo va la lucha por la igualdad de oportunidades de las mujeres?\"}]},{\"@type\":\"WebSite\",\"@id\":\"https:\\\/\\\/www.cetys.mx\\\/noticias\\\/#website\",\"url\":\"https:\\\/\\\/www.cetys.mx\\\/noticias\\\/\",\"name\":\"CETYS\",\"description\":\"\",\"potentialAction\":[{\"@type\":\"SearchAction\",\"target\":{\"@type\":\"EntryPoint\",\"urlTemplate\":\"https:\\\/\\\/www.cetys.mx\\\/noticias\\\/?s={search_term_string}\"},\"query-input\":{\"@type\":\"PropertyValueSpecification\",\"valueRequired\":true,\"valueName\":\"search_term_string\"}}],\"inLanguage\":\"es\"},{\"@type\":\"Person\",\"@id\":\"https:\\\/\\\/www.cetys.mx\\\/noticias\\\/#\\\/schema\\\/person\\\/e790051ce60e18ae47cfa87011c8653f\",\"name\":\"Campus Tijuana\",\"url\":\"https:\\\/\\\/www.cetys.mx\\\/noticias\\\/author\\\/campustijuana\\\/\"}]}<\/script>\n<!-- \/ Yoast SEO plugin. -->","yoast_head_json":{"title":"[Videocolumna] \u00bfC\u00f3mo va la lucha por la igualdad de oportunidades de las mujeres? - CETYS","description":"Articulo sobre [Videocolumna] \u00bfC\u00f3mo va la lucha por la igualdad de oportunidades de las mujeres?","robots":{"index":"index","follow":"follow","max-snippet":"max-snippet:-1","max-image-preview":"max-image-preview:large","max-video-preview":"max-video-preview:-1"},"canonical":"https:\/\/www.cetys.mx\/noticias\/videocolumna-como-va-la-lucha-por-la-igualdad-de-oportunidades-de-las-mujeres\/","og_locale":"es_MX","og_type":"article","og_title":"[Videocolumna] \u00bfC\u00f3mo va la lucha por la igualdad de oportunidades de las mujeres? - CETYS","og_description":"Articulo sobre [Videocolumna] \u00bfC\u00f3mo va la lucha por la igualdad de oportunidades de las mujeres?","og_url":"https:\/\/www.cetys.mx\/noticias\/videocolumna-como-va-la-lucha-por-la-igualdad-de-oportunidades-de-las-mujeres\/","og_site_name":"CETYS","article_publisher":"https:\/\/www.facebook.com\/cetysuniversidadmxl\/","article_published_time":"2024-03-09T00:44:19+00:00","article_modified_time":"2024-03-09T00:48:36+00:00","og_image":[{"width":960,"height":540,"url":"https:\/\/www.cetys.mx\/noticias\/wp-content\/uploads\/2024\/03\/Portadas-de-Videocolumna-Editable-1.jpg","type":"image\/jpeg"}],"author":"Campus Tijuana","twitter_card":"summary_large_image","twitter_creator":"@cetysuni","twitter_site":"@cetysuni","twitter_misc":{"Escrito por":"Campus Tijuana"},"schema":{"@context":"https:\/\/schema.org","@graph":[{"@type":"Article","@id":"https:\/\/www.cetys.mx\/noticias\/videocolumna-como-va-la-lucha-por-la-igualdad-de-oportunidades-de-las-mujeres\/#article","isPartOf":{"@id":"https:\/\/www.cetys.mx\/noticias\/videocolumna-como-va-la-lucha-por-la-igualdad-de-oportunidades-de-las-mujeres\/"},"author":{"name":"Campus Tijuana","@id":"https:\/\/www.cetys.mx\/noticias\/#\/schema\/person\/e790051ce60e18ae47cfa87011c8653f"},"headline":"[Videocolumna] \u00bfC\u00f3mo va la lucha por la igualdad de oportunidades de las mujeres?","datePublished":"2024-03-09T00:44:19+00:00","dateModified":"2024-03-09T00:48:36+00:00","mainEntityOfPage":{"@id":"https:\/\/www.cetys.mx\/noticias\/videocolumna-como-va-la-lucha-por-la-igualdad-de-oportunidades-de-las-mujeres\/"},"wordCount":72,"commentCount":0,"image":{"@id":"https:\/\/www.cetys.mx\/noticias\/videocolumna-como-va-la-lucha-por-la-igualdad-de-oportunidades-de-las-mujeres\/#primaryimage"},"thumbnailUrl":"https:\/\/www.cetys.mx\/noticias\/wp-content\/uploads\/2024\/03\/Portadas-de-Videocolumna-Editable-1.jpg","keywords":["Experto CETYS","MercadotecniaEstrategica","NegociosInternacionales","Videocolumna"],"articleSection":["Campus Tijuana","Video","VoCETYS"],"inLanguage":"es","potentialAction":[{"@type":"CommentAction","name":"Comment","target":["https:\/\/www.cetys.mx\/noticias\/videocolumna-como-va-la-lucha-por-la-igualdad-de-oportunidades-de-las-mujeres\/#respond"]}]},{"@type":"WebPage","@id":"https:\/\/www.cetys.mx\/noticias\/videocolumna-como-va-la-lucha-por-la-igualdad-de-oportunidades-de-las-mujeres\/","url":"https:\/\/www.cetys.mx\/noticias\/videocolumna-como-va-la-lucha-por-la-igualdad-de-oportunidades-de-las-mujeres\/","name":"[Videocolumna] \u00bfC\u00f3mo va la lucha por la igualdad de oportunidades de las mujeres? - CETYS","isPartOf":{"@id":"https:\/\/www.cetys.mx\/noticias\/#website"},"primaryImageOfPage":{"@id":"https:\/\/www.cetys.mx\/noticias\/videocolumna-como-va-la-lucha-por-la-igualdad-de-oportunidades-de-las-mujeres\/#primaryimage"},"image":{"@id":"https:\/\/www.cetys.mx\/noticias\/videocolumna-como-va-la-lucha-por-la-igualdad-de-oportunidades-de-las-mujeres\/#primaryimage"},"thumbnailUrl":"https:\/\/www.cetys.mx\/noticias\/wp-content\/uploads\/2024\/03\/Portadas-de-Videocolumna-Editable-1.jpg","datePublished":"2024-03-09T00:44:19+00:00","dateModified":"2024-03-09T00:48:36+00:00","author":{"@id":"https:\/\/www.cetys.mx\/noticias\/#\/schema\/person\/e790051ce60e18ae47cfa87011c8653f"},"description":"Articulo sobre [Videocolumna] \u00bfC\u00f3mo va la lucha por la igualdad de oportunidades de las mujeres?","breadcrumb":{"@id":"https:\/\/www.cetys.mx\/noticias\/videocolumna-como-va-la-lucha-por-la-igualdad-de-oportunidades-de-las-mujeres\/#breadcrumb"},"inLanguage":"es","potentialAction":[{"@type":"ReadAction","target":["https:\/\/www.cetys.mx\/noticias\/videocolumna-como-va-la-lucha-por-la-igualdad-de-oportunidades-de-las-mujeres\/"]}]},{"@type":"ImageObject","inLanguage":"es","@id":"https:\/\/www.cetys.mx\/noticias\/videocolumna-como-va-la-lucha-por-la-igualdad-de-oportunidades-de-las-mujeres\/#primaryimage","url":"https:\/\/www.cetys.mx\/noticias\/wp-content\/uploads\/2024\/03\/Portadas-de-Videocolumna-Editable-1.jpg","contentUrl":"https:\/\/www.cetys.mx\/noticias\/wp-content\/uploads\/2024\/03\/Portadas-de-Videocolumna-Editable-1.jpg","width":960,"height":540},{"@type":"BreadcrumbList","@id":"https:\/\/www.cetys.mx\/noticias\/videocolumna-como-va-la-lucha-por-la-igualdad-de-oportunidades-de-las-mujeres\/#breadcrumb","itemListElement":[{"@type":"ListItem","position":1,"name":"Inicio","item":"https:\/\/www.cetys.mx\/noticias\/"},{"@type":"ListItem","position":2,"name":"[Videocolumna] \u00bfC\u00f3mo va la lucha por la igualdad de oportunidades de las mujeres?"}]},{"@type":"WebSite","@id":"https:\/\/www.cetys.mx\/noticias\/#website","url":"https:\/\/www.cetys.mx\/noticias\/","name":"CETYS","description":"","potentialAction":[{"@type":"SearchAction","target":{"@type":"EntryPoint","urlTemplate":"https:\/\/www.cetys.mx\/noticias\/?s={search_term_string}"},"query-input":{"@type":"PropertyValueSpecification","valueRequired":true,"valueName":"search_term_string"}}],"inLanguage":"es"},{"@type":"Person","@id":"https:\/\/www.cetys.mx\/noticias\/#\/schema\/person\/e790051ce60e18ae47cfa87011c8653f","name":"Campus Tijuana","url":"https:\/\/www.cetys.mx\/noticias\/author\/campustijuana\/"}]}},"_links":{"self":[{"href":"https:\/\/www.cetys.mx\/noticias\/wp-json\/wp\/v2\/posts\/179739","targetHints":{"allow":["GET"]}}],"collection":[{"href":"https:\/\/www.cetys.mx\/noticias\/wp-json\/wp\/v2\/posts"}],"about":[{"href":"https:\/\/www.cetys.mx\/noticias\/wp-json\/wp\/v2\/types\/post"}],"author":[{"embeddable":true,"href":"https:\/\/www.cetys.mx\/noticias\/wp-json\/wp\/v2\/users\/24"}],"replies":[{"embeddable":true,"href":"https:\/\/www.cetys.mx\/noticias\/wp-json\/wp\/v2\/comments?post=179739"}],"version-history":[{"count":1,"href":"https:\/\/www.cetys.mx\/noticias\/wp-json\/wp\/v2\/posts\/179739\/revisions"}],"predecessor-version":[{"id":179741,"href":"https:\/\/www.cetys.mx\/noticias\/wp-json\/wp\/v2\/posts\/179739\/revisions\/179741"}],"wp:featuredmedia":[{"embeddable":true,"href":"https:\/\/www.cetys.mx\/noticias\/wp-json\/wp\/v2\/media\/179740"}],"wp:attachment":[{"href":"https:\/\/www.cetys.mx\/noticias\/wp-json\/wp\/v2\/media?parent=179739"}],"wp:term":[{"taxonomy":"category","embeddable":true,"href":"https:\/\/www.cetys.mx\/noticias\/wp-json\/wp\/v2\/categories?post=179739"},{"taxonomy":"post_tag","embeddable":true,"href":"https:\/\/www.cetys.mx\/noticias\/wp-json\/wp\/v2\/tags?post=179739"}],"curies":[{"name":"wp","href":"https:\/\/api.w.org\/{rel}","templated":true}]}}