{"id":179339,"date":"2024-02-23T15:30:21","date_gmt":"2024-02-23T23:30:21","guid":{"rendered":"https:\/\/www.cetys.mx\/noticias\/?p=179339"},"modified":"2024-02-29T11:18:13","modified_gmt":"2024-02-29T19:18:13","slug":"cetys-tijuana-inaugura-edificio-educativo-hibrido-mas-vanguardista-del-noroeste","status":"publish","type":"post","link":"https:\/\/www.cetys.mx\/noticias\/cetys-tijuana-inaugura-edificio-educativo-hibrido-mas-vanguardista-del-noroeste\/","title":{"rendered":"CETYS Tijuana inaugura edificio educativo h\u00edbrido m\u00e1s vanguardista del noroeste"},"content":{"rendered":"<p><span style=\"font-weight: 400;\"><strong>CETYS Universidad<\/strong> marca un nuevo cap\u00edtulo en su historia con la <strong>inauguraci\u00f3n<\/strong> de un nuevo<strong> Centro de Excelencia en Competitividad y Emprendimiento (CECE) y Centro Vida Estudiantil<\/strong> en Campus Tijuana. Este <strong>edificio vanguardista del noroeste de M\u00e9xico<\/strong>, se erige como un puente hacia el futuro, enfrentando los desaf\u00edos y aprovechando las oportunidades \u00fanicas de la regi\u00f3n transfronteriza.<\/span><\/p>\n<p><span style=\"font-weight: 400;\">Este nuevo edificio tiene como objetivo primordial incrementar la competitividad, fomentar la generaci\u00f3n de emprendimientos de alto impacto y crear mejores oportunidades a trav\u00e9s de la investigaci\u00f3n aplicada, la formaci\u00f3n y la consultor\u00eda en temas clave como la competitividad, el desarrollo econ\u00f3mico, el emprendimiento y la innovaci\u00f3n.<\/span><span style=\"font-weight: 400;\">El Centro Vida Estudiantil es un espacio para los estudiantes, tanto de trabajo como de descanso. Est\u00e1 compuesto por un \u00e1rea recreativa y otra colaborativa. Cuenta con un dise\u00f1o \u00f3ptimo para que los alumnos disfruten de la vida estudiantil y puedan compartir con sus compa\u00f1eros momentos; mientras que la colaborativa est\u00e1 dise\u00f1ada para la realizaci\u00f3n de actividades acad\u00e9micas, de liderazgo, creatividad, innovaci\u00f3n y colaboraci\u00f3n.<\/span><\/p>\n<blockquote><p><span style=\"font-weight: 400;\">\u201cEste ser\u00e1 un espacio para convivir, relacionarse, colaborar, un espacio de vida estudiantil. Sin duda el CECE articular\u00e1 profesores y sus cuerpos acad\u00e9micos con la comunidad empresarial. Crear\u00e1 puentes para retos y oportunidades binacionales entre la regi\u00f3n Tijuana-San Diego, impulsando as\u00ed el emprendimiento de alto impacto positivo y significativo. Unidos por el futuro, hoy celebramos este gran proyecto\u201d, expres\u00f3 el Dr. Fernando Le\u00f3n Garc\u00eda, Rector del Sistema CETYS en la ceremonia de inauguraci\u00f3n.<\/span><\/p><\/blockquote>\n<p><span style=\"font-weight: 400;\">El<strong> CECE<\/strong> est\u00e1 estrat\u00e9gicamente dise\u00f1ado para servir a diversos p\u00fablicos como emprendedores, industrias, entidades gubernamentales y educativas, todo con el prop\u00f3sito de impulsar el desarrollo de Baja California y la regi\u00f3n transfronteriza. Forma parte del visionario plan <em>&#8220;CETYS del Futuro&#8221;<\/em> hacia el 2036 cuando celebraremos el 75 aniversario de nuestra instituci\u00f3n.<\/span><\/p>\n<div id=\"attachment_179343\" style=\"width: 565px\" class=\"wp-caption aligncenter\"><img loading=\"lazy\" decoding=\"async\" aria-describedby=\"caption-attachment-179343\" class=\"wp-image-179343\" src=\"https:\/\/www.cetys.mx\/noticias\/wp-content\/uploads\/2024\/02\/edificio-CECE-Tijuana.jpg\" alt=\"\" width=\"555\" height=\"369\" srcset=\"https:\/\/www.cetys.mx\/noticias\/wp-content\/uploads\/2024\/02\/edificio-CECE-Tijuana.jpg 1200w, https:\/\/www.cetys.mx\/noticias\/wp-content\/uploads\/2024\/02\/edificio-CECE-Tijuana-768x511.jpg 768w\" sizes=\"auto, (max-width: 555px) 100vw, 555px\" \/><p id=\"caption-attachment-179343\" class=\"wp-caption-text\">Centro de Excelencia en Competitividad y Emprendimiento (CECE) y Centro Vida Estudiantil en CETYS Campus Tijuana<\/p><\/div>\n<blockquote><p><span style=\"font-weight: 400;\">\u201c<\/span><span style=\"font-weight: 400;\">Nos reunimos con alegr\u00eda y entusiasmo para celebrar la inauguraci\u00f3n del CECE- Este edificio es parte integral del concepto de campus del futuro, representa un paso de la excelencia acad\u00e9mica, innovaci\u00f3n y emprendimiento. Queremos expresar gratitud y reconocimiento por la paciencia y confianza en este proyecto, que es vital para hacer realidad esta vision transformadora de CETYS\u201d, indic\u00f3 el <strong>Lic. Gustavo Vild\u00f3sola Ramos,<\/strong> <em>Presidente del IENAC<\/em>, organismo que auspicia a CETYS desde su fundaci\u00f3n.<\/span><\/p><\/blockquote>\n<p><span style=\"font-weight: 400;\">El nuevo edificio CECE es parte de la primera etapa de este plan maestro de infraestructura de CETYS, el cual continuar\u00e1 con la construcci\u00f3n de dos edificios m\u00e1s como este en cada una de las siguientes etapas, y que estar\u00e1n conectados.<\/span><\/p>\n<blockquote><p><span style=\"font-weight: 400;\">\u201c<\/span><span style=\"font-weight: 400;\">Lo que originalmente iba\u00a0 a ser un espacio de 500 metros cuadrados se transform\u00f3 a un espacio de 4500 metros cuadrados de cinco pisos llamado CECE. Es nuestra responsabilidad y privilegio el desarrollo del CETYS, formar y preparar a nuestros egresados, todos talentosos e innovadores, los invito a sumarse al avance de Baja California\u201d, expres\u00f3 Federico Cota Trenti, uno de los donadores semilla para la realizaci\u00f3n de este edificio.<\/span><\/p><\/blockquote>\n<p><span style=\"font-weight: 400;\">En representaci\u00f3n de la comunidad estudiantil, la <em>alumna de Ingenier\u00eda en Energ\u00edas Renovable<\/em>s, <strong>Carolina Navarro<\/strong>, agradeci\u00f3 el apoyo brindado, que no solo beneficia y llena de herramientas en la realizaci\u00f3n para hacer realidad su sue\u00f1os, sino el de todos sus compa\u00f1eros.\u201cEl CECE y Centro Vida Estudiantil reflejan la cultura de innovaci\u00f3n y liderazgo que nos fomentan en nuestro d\u00eda a d\u00eda\u201d.<\/span><\/p>\n<p><span style=\"font-weight: 400;\">En total, el <strong>CECE<\/strong> cuenta con cinco niveles que albergan una amplia gama de servicios y espacios, desde \u00e1reas recreativas hasta oficinas administrativas y aulas tanto para clases presenciales y virtuales s\u00edncronas, ya que algunas estar\u00e1n equipadas con tecnolog\u00eda de \u00faltima generaci\u00f3n.<\/span><\/p>\n<p><span style=\"font-weight: 400;\">Con una superficie de construcci\u00f3n de 4,301 metros cuadrados y una inversi\u00f3n de 250 millones de pesos, el <strong>CECE<\/strong> es posible gracias al apoyo de donativos semilla de la regi\u00f3n como<em> Federico y Cecilia Cota, Jose y Sandra Fimbres, la Familia Jordan, Gustavo Vild\u00f3sola Ramos, Pimsa, la Familia Hern\u00e1ndez Hermosillo y Santander.<\/em><\/span><\/p>\n<div class=\"gallery-slider-wrapper gallery-1\">\n                        <div class=\"gallery-slider\" itemscope itemtype=\"http:\/\/schema.org\/ImageGallery\"><figure class=\"slide\" itemprop=\"associatedMedia\" itemscope itemtype=\"http:\/\/schema.org\/ImageObject\">\n                    <a itemprop=\"contentUrl\" href=\"https:\/\/www.cetys.mx\/noticias\/wp-content\/uploads\/2024\/02\/inauguracion-cece-toma-panoramica.jpg\">\n                        <img decoding=\"async\" itemprop=\"thumbnail\" class=\"lazyOwl\" src=\"https:\/\/www.cetys.mx\/noticias\/wp-content\/plugins\/jmagz-plugin\/assets\/placeholder\/900x450.png\" data-src=\"https:\/\/www.cetys.mx\/noticias\/wp-content\/uploads\/2024\/02\/inauguracion-cece-toma-panoramica.jpg\" alt=\"inauguracion-cece-toma-panoramica\">\n                    <\/a>\n                    <figcaption itemprop=\"caption description\" class=\"slide-caption\">\n                        \n                    <\/figcaption>\n                <\/figure><figure class=\"slide\" itemprop=\"associatedMedia\" itemscope itemtype=\"http:\/\/schema.org\/ImageObject\">\n                    <a itemprop=\"contentUrl\" href=\"https:\/\/www.cetys.mx\/noticias\/wp-content\/uploads\/2024\/02\/dr-fernando-leon-garcia-inauguracion-cece-tijuana.jpg\">\n                        <img decoding=\"async\" itemprop=\"thumbnail\" class=\"lazyOwl\" src=\"https:\/\/www.cetys.mx\/noticias\/wp-content\/plugins\/jmagz-plugin\/assets\/placeholder\/900x450.png\" data-src=\"https:\/\/www.cetys.mx\/noticias\/wp-content\/uploads\/2024\/02\/dr-fernando-leon-garcia-inauguracion-cece-tijuana.jpg\" alt=\"dr-fernando-leon-garcia-inauguracion-cece-tijuana\">\n                    <\/a>\n                    <figcaption itemprop=\"caption description\" class=\"slide-caption\">\n                        \n                    <\/figcaption>\n                <\/figure><figure class=\"slide\" itemprop=\"associatedMedia\" itemscope itemtype=\"http:\/\/schema.org\/ImageObject\">\n                    <a itemprop=\"contentUrl\" href=\"https:\/\/www.cetys.mx\/noticias\/wp-content\/uploads\/2024\/02\/lic-gustavo-vildosola-ramos-inauguracion-cece-tijuana.jpg\">\n                        <img decoding=\"async\" itemprop=\"thumbnail\" class=\"lazyOwl\" src=\"https:\/\/www.cetys.mx\/noticias\/wp-content\/plugins\/jmagz-plugin\/assets\/placeholder\/900x450.png\" data-src=\"https:\/\/www.cetys.mx\/noticias\/wp-content\/uploads\/2024\/02\/lic-gustavo-vildosola-ramos-inauguracion-cece-tijuana.jpg\" alt=\"lic-gustavo-vildosola-ramos-inauguracion-cece-tijuana\">\n                    <\/a>\n                    <figcaption itemprop=\"caption description\" class=\"slide-caption\">\n                        \n                    <\/figcaption>\n                <\/figure><figure class=\"slide\" itemprop=\"associatedMedia\" itemscope itemtype=\"http:\/\/schema.org\/ImageObject\">\n                    <a itemprop=\"contentUrl\" href=\"https:\/\/www.cetys.mx\/noticias\/wp-content\/uploads\/2024\/02\/federico-cota-inauguracion-cece.jpg\">\n                        <img decoding=\"async\" itemprop=\"thumbnail\" class=\"lazyOwl\" src=\"https:\/\/www.cetys.mx\/noticias\/wp-content\/plugins\/jmagz-plugin\/assets\/placeholder\/900x450.png\" data-src=\"https:\/\/www.cetys.mx\/noticias\/wp-content\/uploads\/2024\/02\/federico-cota-inauguracion-cece.jpg\" alt=\"federico-cota-inauguracion-cece\">\n                    <\/a>\n                    <figcaption itemprop=\"caption description\" class=\"slide-caption\">\n                        \n                    <\/figcaption>\n                <\/figure><figure class=\"slide\" itemprop=\"associatedMedia\" itemscope itemtype=\"http:\/\/schema.org\/ImageObject\">\n                    <a itemprop=\"contentUrl\" href=\"https:\/\/www.cetys.mx\/noticias\/wp-content\/uploads\/2024\/02\/invitados-inauguracion-cece-tijuana.jpg\">\n                        <img decoding=\"async\" itemprop=\"thumbnail\" class=\"lazyOwl\" src=\"https:\/\/www.cetys.mx\/noticias\/wp-content\/plugins\/jmagz-plugin\/assets\/placeholder\/900x450.png\" data-src=\"https:\/\/www.cetys.mx\/noticias\/wp-content\/uploads\/2024\/02\/invitados-inauguracion-cece-tijuana.jpg\" alt=\"invitados-inauguracion-cece-tijuana\">\n                    <\/a>\n                    <figcaption itemprop=\"caption description\" class=\"slide-caption\">\n                        \n                    <\/figcaption>\n                <\/figure><figure class=\"slide\" itemprop=\"associatedMedia\" itemscope itemtype=\"http:\/\/schema.org\/ImageObject\">\n                    <a itemprop=\"contentUrl\" href=\"https:\/\/www.cetys.mx\/noticias\/wp-content\/uploads\/2024\/02\/carolina-navarro-discurso-cece.jpg\">\n                        <img decoding=\"async\" itemprop=\"thumbnail\" class=\"lazyOwl\" src=\"https:\/\/www.cetys.mx\/noticias\/wp-content\/plugins\/jmagz-plugin\/assets\/placeholder\/900x450.png\" data-src=\"https:\/\/www.cetys.mx\/noticias\/wp-content\/uploads\/2024\/02\/carolina-navarro-discurso-cece.jpg\" alt=\"carolina-navarro-discurso-cece\">\n                    <\/a>\n                    <figcaption itemprop=\"caption description\" class=\"slide-caption\">\n                        \n                    <\/figcaption>\n                <\/figure><\/div>\n                <div class=\"gallery-slider-thumbnail-wrapper\">\n                    <div class=\"gallery-slider-thumbnail\"><div class=\"slide-thumbnail\"><img decoding=\"async\" class=\"lazyOwl\" src=\"https:\/\/www.cetys.mx\/noticias\/wp-content\/plugins\/jmagz-plugin\/assets\/placeholder\/150x75.png\" data-src=\"https:\/\/www.cetys.mx\/noticias\/wp-content\/uploads\/2024\/02\/inauguracion-cece-toma-panoramica.jpg\" alt=\"inauguracion-cece-toma-panoramica\"><\/div><div class=\"slide-thumbnail\"><img decoding=\"async\" class=\"lazyOwl\" src=\"https:\/\/www.cetys.mx\/noticias\/wp-content\/plugins\/jmagz-plugin\/assets\/placeholder\/150x75.png\" data-src=\"https:\/\/www.cetys.mx\/noticias\/wp-content\/uploads\/2024\/02\/dr-fernando-leon-garcia-inauguracion-cece-tijuana.jpg\" alt=\"dr-fernando-leon-garcia-inauguracion-cece-tijuana\"><\/div><div class=\"slide-thumbnail\"><img decoding=\"async\" class=\"lazyOwl\" src=\"https:\/\/www.cetys.mx\/noticias\/wp-content\/plugins\/jmagz-plugin\/assets\/placeholder\/150x75.png\" data-src=\"https:\/\/www.cetys.mx\/noticias\/wp-content\/uploads\/2024\/02\/lic-gustavo-vildosola-ramos-inauguracion-cece-tijuana.jpg\" alt=\"lic-gustavo-vildosola-ramos-inauguracion-cece-tijuana\"><\/div><div class=\"slide-thumbnail\"><img decoding=\"async\" class=\"lazyOwl\" src=\"https:\/\/www.cetys.mx\/noticias\/wp-content\/plugins\/jmagz-plugin\/assets\/placeholder\/150x75.png\" data-src=\"https:\/\/www.cetys.mx\/noticias\/wp-content\/uploads\/2024\/02\/federico-cota-inauguracion-cece.jpg\" alt=\"federico-cota-inauguracion-cece\"><\/div><div class=\"slide-thumbnail\"><img decoding=\"async\" class=\"lazyOwl\" src=\"https:\/\/www.cetys.mx\/noticias\/wp-content\/plugins\/jmagz-plugin\/assets\/placeholder\/150x75.png\" data-src=\"https:\/\/www.cetys.mx\/noticias\/wp-content\/uploads\/2024\/02\/invitados-inauguracion-cece-tijuana.jpg\" alt=\"invitados-inauguracion-cece-tijuana\"><\/div><div class=\"slide-thumbnail\"><img decoding=\"async\" class=\"lazyOwl\" src=\"https:\/\/www.cetys.mx\/noticias\/wp-content\/plugins\/jmagz-plugin\/assets\/placeholder\/150x75.png\" data-src=\"https:\/\/www.cetys.mx\/noticias\/wp-content\/uploads\/2024\/02\/carolina-navarro-discurso-cece.jpg\" alt=\"carolina-navarro-discurso-cece\"><\/div><\/div><\/div><\/div>\n<p><span style=\"font-weight: 400;\">En el corte del list\u00f3n estuvieron presentes el <strong>Dr. Fernando Le\u00f3n Garc\u00eda<\/strong>, <em>Rector del Sistema CETYS<\/em>, el <strong>Mtro. Gerardo Solis Benavides<\/strong>, Secretario de Educaci\u00f3n en Baja California, el <strong>Lic. Gustavo Vild\u00f3sola Ramos<\/strong>, <em>Presidente del IENAC<\/em>, la <strong>Mtra. Yanina Rubio Bojorquez<\/strong>, D<em>irectora de CETYS Universidad Campus Tijuana<\/em>, as\u00ed como <strong>Lic. Federico Cota Trenti<\/strong> y el <strong>Lic. Jos\u00e9 Fimbres Mendoza<\/strong>.<\/span><\/p>\n","protected":false},"excerpt":{"rendered":"<p>CETYS Universidad marca un nuevo cap\u00edtulo en su historia con la inauguraci\u00f3n de un nuevo Centro de Excelencia en Competitividad y Emprendimiento&#8230;<\/p>\n","protected":false},"author":24,"featured_media":179341,"comment_status":"open","ping_status":"closed","sticky":false,"template":"","format":"video","meta":{"footnotes":""},"categories":[134,125],"tags":[6520,328,386,1269,168,5250,247,1590,6477],"class_list":["post-179339","post","type-post","status-publish","format-video","has-post-thumbnail","hentry","category-campus-tijuana","category-portada","tag-administraciondeempresas","tag-campustijuana","tag-cece","tag-cetys-posgrado","tag-cetys-universidad","tag-colegio-de-administracion-y-negocios","tag-derecho","tag-industrial","tag-negociosinternacionales","post_format-post-format-video"],"yoast_head":"<!-- This site is optimized with the Yoast SEO plugin v27.4 - https:\/\/yoast.com\/product\/yoast-seo-wordpress\/ -->\n<title>CETYS Tijuana edificio CECE el m\u00e1s vanguardista del noroeste<\/title>\n<meta name=\"description\" content=\"Articulo sobre CETYS Tijuana inaugura edificio educativo h\u00edbrido m\u00e1s vanguardista del noroeste\" \/>\n<meta name=\"robots\" content=\"index, follow, max-snippet:-1, max-image-preview:large, max-video-preview:-1\" \/>\n<link rel=\"canonical\" href=\"https:\/\/www.cetys.mx\/noticias\/cetys-tijuana-inaugura-edificio-educativo-hibrido-mas-vanguardista-del-noroeste\/\" \/>\n<meta property=\"og:locale\" content=\"es_MX\" \/>\n<meta property=\"og:type\" content=\"article\" \/>\n<meta property=\"og:title\" content=\"CETYS Tijuana edificio CECE el m\u00e1s vanguardista del noroeste\" \/>\n<meta property=\"og:description\" content=\"Articulo sobre CETYS Tijuana inaugura edificio educativo h\u00edbrido m\u00e1s vanguardista del noroeste\" \/>\n<meta property=\"og:url\" content=\"https:\/\/www.cetys.mx\/noticias\/cetys-tijuana-inaugura-edificio-educativo-hibrido-mas-vanguardista-del-noroeste\/\" \/>\n<meta property=\"og:site_name\" content=\"CETYS\" \/>\n<meta property=\"article:publisher\" content=\"https:\/\/www.facebook.com\/cetysuniversidadmxl\/\" \/>\n<meta property=\"article:published_time\" content=\"2024-02-23T23:30:21+00:00\" \/>\n<meta property=\"article:modified_time\" content=\"2024-02-29T19:18:13+00:00\" \/>\n<meta property=\"og:image\" content=\"https:\/\/www.cetys.mx\/noticias\/wp-content\/uploads\/2024\/02\/corte-de-liston.jpg\" \/>\n\t<meta property=\"og:image:width\" content=\"958\" \/>\n\t<meta property=\"og:image:height\" content=\"638\" \/>\n\t<meta property=\"og:image:type\" content=\"image\/jpeg\" \/>\n<meta name=\"author\" content=\"Campus Tijuana\" \/>\n<meta name=\"twitter:card\" content=\"summary_large_image\" \/>\n<meta name=\"twitter:creator\" content=\"@cetysuni\" \/>\n<meta name=\"twitter:site\" content=\"@cetysuni\" \/>\n<meta name=\"twitter:label1\" content=\"Escrito por\" \/>\n\t<meta name=\"twitter:data1\" content=\"Campus Tijuana\" \/>\n\t<meta name=\"twitter:label2\" content=\"Tiempo de lectura\" \/>\n\t<meta name=\"twitter:data2\" content=\"4 minutos\" \/>\n<script type=\"application\/ld+json\" class=\"yoast-schema-graph\">{\"@context\":\"https:\\\/\\\/schema.org\",\"@graph\":[{\"@type\":\"Article\",\"@id\":\"https:\\\/\\\/www.cetys.mx\\\/noticias\\\/cetys-tijuana-inaugura-edificio-educativo-hibrido-mas-vanguardista-del-noroeste\\\/#article\",\"isPartOf\":{\"@id\":\"https:\\\/\\\/www.cetys.mx\\\/noticias\\\/cetys-tijuana-inaugura-edificio-educativo-hibrido-mas-vanguardista-del-noroeste\\\/\"},\"author\":{\"name\":\"Campus Tijuana\",\"@id\":\"https:\\\/\\\/www.cetys.mx\\\/noticias\\\/#\\\/schema\\\/person\\\/e790051ce60e18ae47cfa87011c8653f\"},\"headline\":\"CETYS Tijuana inaugura edificio educativo h\u00edbrido m\u00e1s vanguardista del noroeste\",\"datePublished\":\"2024-02-23T23:30:21+00:00\",\"dateModified\":\"2024-02-29T19:18:13+00:00\",\"mainEntityOfPage\":{\"@id\":\"https:\\\/\\\/www.cetys.mx\\\/noticias\\\/cetys-tijuana-inaugura-edificio-educativo-hibrido-mas-vanguardista-del-noroeste\\\/\"},\"wordCount\":789,\"commentCount\":0,\"image\":{\"@id\":\"https:\\\/\\\/www.cetys.mx\\\/noticias\\\/cetys-tijuana-inaugura-edificio-educativo-hibrido-mas-vanguardista-del-noroeste\\\/#primaryimage\"},\"thumbnailUrl\":\"https:\\\/\\\/www.cetys.mx\\\/noticias\\\/wp-content\\\/uploads\\\/2024\\\/02\\\/corte-de-liston.jpg\",\"keywords\":[\"AdministraciondeEmpresas\",\"campustijuana\",\"CECE\",\"CETYS Posgrado\",\"CETYS Universidad\",\"Colegio de Administraci\u00f3n y Negocios\",\"Derecho\",\"Industrial\",\"NegociosInternacionales\"],\"articleSection\":[\"Campus Tijuana\",\"Portada\"],\"inLanguage\":\"es\",\"potentialAction\":[{\"@type\":\"CommentAction\",\"name\":\"Comment\",\"target\":[\"https:\\\/\\\/www.cetys.mx\\\/noticias\\\/cetys-tijuana-inaugura-edificio-educativo-hibrido-mas-vanguardista-del-noroeste\\\/#respond\"]}]},{\"@type\":\"WebPage\",\"@id\":\"https:\\\/\\\/www.cetys.mx\\\/noticias\\\/cetys-tijuana-inaugura-edificio-educativo-hibrido-mas-vanguardista-del-noroeste\\\/\",\"url\":\"https:\\\/\\\/www.cetys.mx\\\/noticias\\\/cetys-tijuana-inaugura-edificio-educativo-hibrido-mas-vanguardista-del-noroeste\\\/\",\"name\":\"CETYS Tijuana edificio CECE el m\u00e1s vanguardista del noroeste\",\"isPartOf\":{\"@id\":\"https:\\\/\\\/www.cetys.mx\\\/noticias\\\/#website\"},\"primaryImageOfPage\":{\"@id\":\"https:\\\/\\\/www.cetys.mx\\\/noticias\\\/cetys-tijuana-inaugura-edificio-educativo-hibrido-mas-vanguardista-del-noroeste\\\/#primaryimage\"},\"image\":{\"@id\":\"https:\\\/\\\/www.cetys.mx\\\/noticias\\\/cetys-tijuana-inaugura-edificio-educativo-hibrido-mas-vanguardista-del-noroeste\\\/#primaryimage\"},\"thumbnailUrl\":\"https:\\\/\\\/www.cetys.mx\\\/noticias\\\/wp-content\\\/uploads\\\/2024\\\/02\\\/corte-de-liston.jpg\",\"datePublished\":\"2024-02-23T23:30:21+00:00\",\"dateModified\":\"2024-02-29T19:18:13+00:00\",\"author\":{\"@id\":\"https:\\\/\\\/www.cetys.mx\\\/noticias\\\/#\\\/schema\\\/person\\\/e790051ce60e18ae47cfa87011c8653f\"},\"description\":\"Articulo sobre CETYS Tijuana inaugura edificio educativo h\u00edbrido m\u00e1s vanguardista del noroeste\",\"breadcrumb\":{\"@id\":\"https:\\\/\\\/www.cetys.mx\\\/noticias\\\/cetys-tijuana-inaugura-edificio-educativo-hibrido-mas-vanguardista-del-noroeste\\\/#breadcrumb\"},\"inLanguage\":\"es\",\"potentialAction\":[{\"@type\":\"ReadAction\",\"target\":[\"https:\\\/\\\/www.cetys.mx\\\/noticias\\\/cetys-tijuana-inaugura-edificio-educativo-hibrido-mas-vanguardista-del-noroeste\\\/\"]}]},{\"@type\":\"ImageObject\",\"inLanguage\":\"es\",\"@id\":\"https:\\\/\\\/www.cetys.mx\\\/noticias\\\/cetys-tijuana-inaugura-edificio-educativo-hibrido-mas-vanguardista-del-noroeste\\\/#primaryimage\",\"url\":\"https:\\\/\\\/www.cetys.mx\\\/noticias\\\/wp-content\\\/uploads\\\/2024\\\/02\\\/corte-de-liston.jpg\",\"contentUrl\":\"https:\\\/\\\/www.cetys.mx\\\/noticias\\\/wp-content\\\/uploads\\\/2024\\\/02\\\/corte-de-liston.jpg\",\"width\":958,\"height\":638},{\"@type\":\"BreadcrumbList\",\"@id\":\"https:\\\/\\\/www.cetys.mx\\\/noticias\\\/cetys-tijuana-inaugura-edificio-educativo-hibrido-mas-vanguardista-del-noroeste\\\/#breadcrumb\",\"itemListElement\":[{\"@type\":\"ListItem\",\"position\":1,\"name\":\"Inicio\",\"item\":\"https:\\\/\\\/www.cetys.mx\\\/noticias\\\/\"},{\"@type\":\"ListItem\",\"position\":2,\"name\":\"CETYS Tijuana inaugura edificio educativo h\u00edbrido m\u00e1s vanguardista del noroeste\"}]},{\"@type\":\"WebSite\",\"@id\":\"https:\\\/\\\/www.cetys.mx\\\/noticias\\\/#website\",\"url\":\"https:\\\/\\\/www.cetys.mx\\\/noticias\\\/\",\"name\":\"CETYS\",\"description\":\"\",\"potentialAction\":[{\"@type\":\"SearchAction\",\"target\":{\"@type\":\"EntryPoint\",\"urlTemplate\":\"https:\\\/\\\/www.cetys.mx\\\/noticias\\\/?s={search_term_string}\"},\"query-input\":{\"@type\":\"PropertyValueSpecification\",\"valueRequired\":true,\"valueName\":\"search_term_string\"}}],\"inLanguage\":\"es\"},{\"@type\":\"Person\",\"@id\":\"https:\\\/\\\/www.cetys.mx\\\/noticias\\\/#\\\/schema\\\/person\\\/e790051ce60e18ae47cfa87011c8653f\",\"name\":\"Campus Tijuana\",\"url\":\"https:\\\/\\\/www.cetys.mx\\\/noticias\\\/author\\\/campustijuana\\\/\"}]}<\/script>\n<!-- \/ Yoast SEO plugin. -->","yoast_head_json":{"title":"CETYS Tijuana edificio CECE el m\u00e1s vanguardista del noroeste","description":"Articulo sobre CETYS Tijuana inaugura edificio educativo h\u00edbrido m\u00e1s vanguardista del noroeste","robots":{"index":"index","follow":"follow","max-snippet":"max-snippet:-1","max-image-preview":"max-image-preview:large","max-video-preview":"max-video-preview:-1"},"canonical":"https:\/\/www.cetys.mx\/noticias\/cetys-tijuana-inaugura-edificio-educativo-hibrido-mas-vanguardista-del-noroeste\/","og_locale":"es_MX","og_type":"article","og_title":"CETYS Tijuana edificio CECE el m\u00e1s vanguardista del noroeste","og_description":"Articulo sobre CETYS Tijuana inaugura edificio educativo h\u00edbrido m\u00e1s vanguardista del noroeste","og_url":"https:\/\/www.cetys.mx\/noticias\/cetys-tijuana-inaugura-edificio-educativo-hibrido-mas-vanguardista-del-noroeste\/","og_site_name":"CETYS","article_publisher":"https:\/\/www.facebook.com\/cetysuniversidadmxl\/","article_published_time":"2024-02-23T23:30:21+00:00","article_modified_time":"2024-02-29T19:18:13+00:00","og_image":[{"width":958,"height":638,"url":"https:\/\/www.cetys.mx\/noticias\/wp-content\/uploads\/2024\/02\/corte-de-liston.jpg","type":"image\/jpeg"}],"author":"Campus Tijuana","twitter_card":"summary_large_image","twitter_creator":"@cetysuni","twitter_site":"@cetysuni","twitter_misc":{"Escrito por":"Campus Tijuana","Tiempo de lectura":"4 minutos"},"schema":{"@context":"https:\/\/schema.org","@graph":[{"@type":"Article","@id":"https:\/\/www.cetys.mx\/noticias\/cetys-tijuana-inaugura-edificio-educativo-hibrido-mas-vanguardista-del-noroeste\/#article","isPartOf":{"@id":"https:\/\/www.cetys.mx\/noticias\/cetys-tijuana-inaugura-edificio-educativo-hibrido-mas-vanguardista-del-noroeste\/"},"author":{"name":"Campus Tijuana","@id":"https:\/\/www.cetys.mx\/noticias\/#\/schema\/person\/e790051ce60e18ae47cfa87011c8653f"},"headline":"CETYS Tijuana inaugura edificio educativo h\u00edbrido m\u00e1s vanguardista del noroeste","datePublished":"2024-02-23T23:30:21+00:00","dateModified":"2024-02-29T19:18:13+00:00","mainEntityOfPage":{"@id":"https:\/\/www.cetys.mx\/noticias\/cetys-tijuana-inaugura-edificio-educativo-hibrido-mas-vanguardista-del-noroeste\/"},"wordCount":789,"commentCount":0,"image":{"@id":"https:\/\/www.cetys.mx\/noticias\/cetys-tijuana-inaugura-edificio-educativo-hibrido-mas-vanguardista-del-noroeste\/#primaryimage"},"thumbnailUrl":"https:\/\/www.cetys.mx\/noticias\/wp-content\/uploads\/2024\/02\/corte-de-liston.jpg","keywords":["AdministraciondeEmpresas","campustijuana","CECE","CETYS Posgrado","CETYS Universidad","Colegio de Administraci\u00f3n y Negocios","Derecho","Industrial","NegociosInternacionales"],"articleSection":["Campus Tijuana","Portada"],"inLanguage":"es","potentialAction":[{"@type":"CommentAction","name":"Comment","target":["https:\/\/www.cetys.mx\/noticias\/cetys-tijuana-inaugura-edificio-educativo-hibrido-mas-vanguardista-del-noroeste\/#respond"]}]},{"@type":"WebPage","@id":"https:\/\/www.cetys.mx\/noticias\/cetys-tijuana-inaugura-edificio-educativo-hibrido-mas-vanguardista-del-noroeste\/","url":"https:\/\/www.cetys.mx\/noticias\/cetys-tijuana-inaugura-edificio-educativo-hibrido-mas-vanguardista-del-noroeste\/","name":"CETYS Tijuana edificio CECE el m\u00e1s vanguardista del noroeste","isPartOf":{"@id":"https:\/\/www.cetys.mx\/noticias\/#website"},"primaryImageOfPage":{"@id":"https:\/\/www.cetys.mx\/noticias\/cetys-tijuana-inaugura-edificio-educativo-hibrido-mas-vanguardista-del-noroeste\/#primaryimage"},"image":{"@id":"https:\/\/www.cetys.mx\/noticias\/cetys-tijuana-inaugura-edificio-educativo-hibrido-mas-vanguardista-del-noroeste\/#primaryimage"},"thumbnailUrl":"https:\/\/www.cetys.mx\/noticias\/wp-content\/uploads\/2024\/02\/corte-de-liston.jpg","datePublished":"2024-02-23T23:30:21+00:00","dateModified":"2024-02-29T19:18:13+00:00","author":{"@id":"https:\/\/www.cetys.mx\/noticias\/#\/schema\/person\/e790051ce60e18ae47cfa87011c8653f"},"description":"Articulo sobre CETYS Tijuana inaugura edificio educativo h\u00edbrido m\u00e1s vanguardista del noroeste","breadcrumb":{"@id":"https:\/\/www.cetys.mx\/noticias\/cetys-tijuana-inaugura-edificio-educativo-hibrido-mas-vanguardista-del-noroeste\/#breadcrumb"},"inLanguage":"es","potentialAction":[{"@type":"ReadAction","target":["https:\/\/www.cetys.mx\/noticias\/cetys-tijuana-inaugura-edificio-educativo-hibrido-mas-vanguardista-del-noroeste\/"]}]},{"@type":"ImageObject","inLanguage":"es","@id":"https:\/\/www.cetys.mx\/noticias\/cetys-tijuana-inaugura-edificio-educativo-hibrido-mas-vanguardista-del-noroeste\/#primaryimage","url":"https:\/\/www.cetys.mx\/noticias\/wp-content\/uploads\/2024\/02\/corte-de-liston.jpg","contentUrl":"https:\/\/www.cetys.mx\/noticias\/wp-content\/uploads\/2024\/02\/corte-de-liston.jpg","width":958,"height":638},{"@type":"BreadcrumbList","@id":"https:\/\/www.cetys.mx\/noticias\/cetys-tijuana-inaugura-edificio-educativo-hibrido-mas-vanguardista-del-noroeste\/#breadcrumb","itemListElement":[{"@type":"ListItem","position":1,"name":"Inicio","item":"https:\/\/www.cetys.mx\/noticias\/"},{"@type":"ListItem","position":2,"name":"CETYS Tijuana inaugura edificio educativo h\u00edbrido m\u00e1s vanguardista del noroeste"}]},{"@type":"WebSite","@id":"https:\/\/www.cetys.mx\/noticias\/#website","url":"https:\/\/www.cetys.mx\/noticias\/","name":"CETYS","description":"","potentialAction":[{"@type":"SearchAction","target":{"@type":"EntryPoint","urlTemplate":"https:\/\/www.cetys.mx\/noticias\/?s={search_term_string}"},"query-input":{"@type":"PropertyValueSpecification","valueRequired":true,"valueName":"search_term_string"}}],"inLanguage":"es"},{"@type":"Person","@id":"https:\/\/www.cetys.mx\/noticias\/#\/schema\/person\/e790051ce60e18ae47cfa87011c8653f","name":"Campus Tijuana","url":"https:\/\/www.cetys.mx\/noticias\/author\/campustijuana\/"}]}},"_links":{"self":[{"href":"https:\/\/www.cetys.mx\/noticias\/wp-json\/wp\/v2\/posts\/179339","targetHints":{"allow":["GET"]}}],"collection":[{"href":"https:\/\/www.cetys.mx\/noticias\/wp-json\/wp\/v2\/posts"}],"about":[{"href":"https:\/\/www.cetys.mx\/noticias\/wp-json\/wp\/v2\/types\/post"}],"author":[{"embeddable":true,"href":"https:\/\/www.cetys.mx\/noticias\/wp-json\/wp\/v2\/users\/24"}],"replies":[{"embeddable":true,"href":"https:\/\/www.cetys.mx\/noticias\/wp-json\/wp\/v2\/comments?post=179339"}],"version-history":[{"count":5,"href":"https:\/\/www.cetys.mx\/noticias\/wp-json\/wp\/v2\/posts\/179339\/revisions"}],"predecessor-version":[{"id":179513,"href":"https:\/\/www.cetys.mx\/noticias\/wp-json\/wp\/v2\/posts\/179339\/revisions\/179513"}],"wp:featuredmedia":[{"embeddable":true,"href":"https:\/\/www.cetys.mx\/noticias\/wp-json\/wp\/v2\/media\/179341"}],"wp:attachment":[{"href":"https:\/\/www.cetys.mx\/noticias\/wp-json\/wp\/v2\/media?parent=179339"}],"wp:term":[{"taxonomy":"category","embeddable":true,"href":"https:\/\/www.cetys.mx\/noticias\/wp-json\/wp\/v2\/categories?post=179339"},{"taxonomy":"post_tag","embeddable":true,"href":"https:\/\/www.cetys.mx\/noticias\/wp-json\/wp\/v2\/tags?post=179339"}],"curies":[{"name":"wp","href":"https:\/\/api.w.org\/{rel}","templated":true}]}}