{"id":179329,"date":"2024-02-23T10:26:00","date_gmt":"2024-02-23T18:26:00","guid":{"rendered":"https:\/\/www.cetys.mx\/noticias\/?p=179329"},"modified":"2024-02-23T10:40:23","modified_gmt":"2024-02-23T18:40:23","slug":"la-pasion-llevo-a-pavel-pichardo-a-consolidarse-en-las-neurociencias-y-ahora-como-emprendedor","status":"publish","type":"post","link":"https:\/\/www.cetys.mx\/noticias\/la-pasion-llevo-a-pavel-pichardo-a-consolidarse-en-las-neurociencias-y-ahora-como-emprendedor\/","title":{"rendered":"La pasi\u00f3n llev\u00f3 a Pavel Pichardo a consolidarse en las neurociencias\u00a0 y ahora como emprendedor"},"content":{"rendered":"<p><span style=\"font-weight: 400;\">A sus 29 a\u00f1os de edad, Pavel Pichardo se ha destacado como un referente en el \u00e1mbito de la medicina, espec\u00edficamente en la neurocirug\u00eda, gracias a su incansable esp\u00edritu emprendedor que ha sabido combinar con una s\u00f3lida formaci\u00f3n acad\u00e9mica.\u00a0<\/span><\/p>\n<p><span style=\"font-weight: 400;\">Actualmente, se encuentra inmerso en su papel como Neurosurgery Research Associate en UTHealth, Houston, Texas, donde ha consolidado su posici\u00f3n como investigador destacado en el campo de la neuropsicolog\u00eda.<\/span><\/p>\n<p><span style=\"font-weight: 400;\">Sin duda, cuando estudi\u00f3 la Preparatoria en CETYS en Tijuana y termin\u00f3 en 2012, dio se\u00f1ales del largo camino que iba a recorrer. Demostr\u00f3 ser un alumno disciplinado, apasionado y claro con sus objetivos, estas caracter\u00edsticas fueron fundamentales para lograr ser referente en la medicina.<\/span><\/p>\n<p><span style=\"font-weight: 400;\"><img loading=\"lazy\" decoding=\"async\" class=\" wp-image-179330 alignleft\" src=\"https:\/\/www.cetys.mx\/noticias\/wp-content\/uploads\/2024\/02\/FB_IMG_1708711752572.jpg\" alt=\"\" width=\"282\" height=\"282\" srcset=\"https:\/\/www.cetys.mx\/noticias\/wp-content\/uploads\/2024\/02\/FB_IMG_1708711752572.jpg 828w, https:\/\/www.cetys.mx\/noticias\/wp-content\/uploads\/2024\/02\/FB_IMG_1708711752572-768x768.jpg 768w, https:\/\/www.cetys.mx\/noticias\/wp-content\/uploads\/2024\/02\/FB_IMG_1708711752572-75x75.jpg 75w, https:\/\/www.cetys.mx\/noticias\/wp-content\/uploads\/2024\/02\/FB_IMG_1708711752572-300x300.jpg 300w\" sizes=\"auto, (max-width: 282px) 100vw, 282px\" \/>El <a href=\"https:\/\/www.facebook.com\/CETYSalumni?locale=es_LA\">CETYS Alumni<\/a> no solo se destac\u00f3 como estudiante disciplinado, sino tambi\u00e9n como un deportista de alto rendimiento, logrando medallas en nataci\u00f3n. Fue en esta etapa donde se gest\u00f3 su pasi\u00f3n por la biolog\u00eda, una conexi\u00f3n que explor\u00f3 a profundidad en sus tiempos libres, delineando as\u00ed su futuro en el \u00e1mbito m\u00e9dico.<\/span><\/p>\n<blockquote><p><span style=\"font-weight: 400;\">\u201cLa preparatoria fue un parteaguas, hice mis mejores amigos y constru\u00ed un networking que hoy en d\u00eda sigue siendo fundamental en mi \u00e1rea de trabajo&#8221;.<\/span><\/p><\/blockquote>\n<p><span style=\"font-weight: 400;\">Pavel no s\u00f3lo se limit\u00f3 a la pr\u00e1ctica deportiva y acad\u00e9mica durante su tiempo en CETYS, tambi\u00e9n cultiv\u00f3 un perfil emprendedor en diversas clases. Este esp\u00edritu se materializ\u00f3 en el proyecto <a href=\"https:\/\/www.pavelpichardo.com\/\">MedNotes<\/a>, una iniciativa que evidenci\u00f3 su visi\u00f3n hacia el mundo de la medicina y su capacidad para llevar a cabo proyectos innovadores.<\/span><\/p>\n<p><span style=\"font-weight: 400;\">Si bien concluy\u00f3 su licenciatura en medicina general en UABC y continu\u00f3 con estudios de posgrado, Pavel no ha dejado de superarse. Su excepcional contribuci\u00f3n al campo de la neurocirug\u00eda fue reconocida por la Asociaci\u00f3n Americana de Cirujanos Neurol\u00f3gicos (AANS) y el Congreso de Cirug\u00edas Neurol\u00f3gicas de Washington D.C. Su proyecto de investigaci\u00f3n, Cambios de DWI y ADC en Pacientes con Glioblastoma IDH de Tipo Salvaje Despu\u00e9s de Resecci\u00f3n Quir\u00fargica de Tumores, recibi\u00f3 elogios por su aporte significativo al avance de la disciplina.\u00a0<\/span><\/p>\n<blockquote><p><span style=\"font-weight: 400;\">\u201cEs muy importante dar lo mejor en cada aspecto de la vida, ya sea para divertirse, ser el mejor amigo, el mejor novio\/novia o el mejor estudiante y no renunciar a las pasiones individuales. No se subestimen, deben encontrar su vocaci\u00f3n y no teman equivocarse en el camino\u201d.<\/span><\/p><\/blockquote>\n<p><span style=\"font-weight: 400;\">Su historia es un testimonio inspirador de c\u00f3mo el esfuerzo, la dedicaci\u00f3n y el emprendimiento pueden converger en una exitosa carrera m\u00e9dica, demostrando que las personas ordinarias pueden lograr cosas extraordinarias.<\/span><\/p>\n","protected":false},"excerpt":{"rendered":"<p>A sus 29 a\u00f1os de edad, Pavel Pichardo se ha destacado como un referente en el \u00e1mbito de la medicina, espec\u00edficamente en&#8230;<\/p>\n","protected":false},"author":26,"featured_media":179331,"comment_status":"open","ping_status":"closed","sticky":false,"template":"","format":"standard","meta":{"footnotes":""},"categories":[107],"tags":[909],"class_list":["post-179329","post","type-post","status-publish","format-standard","has-post-thumbnail","hentry","category-alumni","tag-alumni"],"yoast_head":"<!-- This site is optimized with the Yoast SEO plugin v27.4 - https:\/\/yoast.com\/product\/yoast-seo-wordpress\/ -->\n<title>La pasi\u00f3n llev\u00f3 a Pavel Pichardo a consolidarse en las neurociencias\u00a0 y ahora como emprendedor - CETYS<\/title>\n<meta name=\"description\" content=\"Articulo sobre La pasi\u00f3n llev\u00f3 a Pavel Pichardo a consolidarse en las neurociencias\u00a0 y ahora como emprendedor\" \/>\n<meta name=\"robots\" content=\"index, follow, max-snippet:-1, max-image-preview:large, max-video-preview:-1\" \/>\n<link rel=\"canonical\" href=\"https:\/\/www.cetys.mx\/noticias\/la-pasion-llevo-a-pavel-pichardo-a-consolidarse-en-las-neurociencias-y-ahora-como-emprendedor\/\" \/>\n<meta property=\"og:locale\" content=\"es_MX\" \/>\n<meta property=\"og:type\" content=\"article\" \/>\n<meta property=\"og:title\" content=\"La pasi\u00f3n llev\u00f3 a Pavel Pichardo a consolidarse en las neurociencias\u00a0 y ahora como emprendedor - CETYS\" \/>\n<meta property=\"og:description\" content=\"Articulo sobre La pasi\u00f3n llev\u00f3 a Pavel Pichardo a consolidarse en las neurociencias\u00a0 y ahora como emprendedor\" \/>\n<meta property=\"og:url\" content=\"https:\/\/www.cetys.mx\/noticias\/la-pasion-llevo-a-pavel-pichardo-a-consolidarse-en-las-neurociencias-y-ahora-como-emprendedor\/\" \/>\n<meta property=\"og:site_name\" content=\"CETYS\" \/>\n<meta property=\"article:publisher\" content=\"https:\/\/www.facebook.com\/cetysuniversidadmxl\/\" \/>\n<meta property=\"article:published_time\" content=\"2024-02-23T18:26:00+00:00\" \/>\n<meta property=\"article:modified_time\" content=\"2024-02-23T18:40:23+00:00\" \/>\n<meta property=\"og:image\" content=\"https:\/\/www.cetys.mx\/noticias\/wp-content\/uploads\/2024\/02\/Pavel-Pichardo.jpg\" \/>\n\t<meta property=\"og:image:width\" content=\"958\" \/>\n\t<meta property=\"og:image:height\" content=\"637\" \/>\n\t<meta property=\"og:image:type\" content=\"image\/jpeg\" \/>\n<meta name=\"author\" content=\"CETYS Institucional\" \/>\n<meta name=\"twitter:card\" content=\"summary_large_image\" \/>\n<meta name=\"twitter:creator\" content=\"@cetysuni\" \/>\n<meta name=\"twitter:site\" content=\"@cetysuni\" \/>\n<meta name=\"twitter:label1\" content=\"Escrito por\" \/>\n\t<meta name=\"twitter:data1\" content=\"CETYS Institucional\" \/>\n\t<meta name=\"twitter:label2\" content=\"Tiempo de lectura\" \/>\n\t<meta name=\"twitter:data2\" content=\"2 minutos\" \/>\n<script type=\"application\/ld+json\" class=\"yoast-schema-graph\">{\"@context\":\"https:\\\/\\\/schema.org\",\"@graph\":[{\"@type\":\"Article\",\"@id\":\"https:\\\/\\\/www.cetys.mx\\\/noticias\\\/la-pasion-llevo-a-pavel-pichardo-a-consolidarse-en-las-neurociencias-y-ahora-como-emprendedor\\\/#article\",\"isPartOf\":{\"@id\":\"https:\\\/\\\/www.cetys.mx\\\/noticias\\\/la-pasion-llevo-a-pavel-pichardo-a-consolidarse-en-las-neurociencias-y-ahora-como-emprendedor\\\/\"},\"author\":{\"name\":\"CETYS Institucional\",\"@id\":\"https:\\\/\\\/www.cetys.mx\\\/noticias\\\/#\\\/schema\\\/person\\\/e9d2b35265b64aa454df57a2828eb2ac\"},\"headline\":\"La pasi\u00f3n llev\u00f3 a Pavel Pichardo a consolidarse en las neurociencias\u00a0 y ahora como emprendedor\",\"datePublished\":\"2024-02-23T18:26:00+00:00\",\"dateModified\":\"2024-02-23T18:40:23+00:00\",\"mainEntityOfPage\":{\"@id\":\"https:\\\/\\\/www.cetys.mx\\\/noticias\\\/la-pasion-llevo-a-pavel-pichardo-a-consolidarse-en-las-neurociencias-y-ahora-como-emprendedor\\\/\"},\"wordCount\":459,\"commentCount\":0,\"image\":{\"@id\":\"https:\\\/\\\/www.cetys.mx\\\/noticias\\\/la-pasion-llevo-a-pavel-pichardo-a-consolidarse-en-las-neurociencias-y-ahora-como-emprendedor\\\/#primaryimage\"},\"thumbnailUrl\":\"https:\\\/\\\/www.cetys.mx\\\/noticias\\\/wp-content\\\/uploads\\\/2024\\\/02\\\/Pavel-Pichardo.jpg\",\"keywords\":[\"Alumni\"],\"articleSection\":[\"Alumni\"],\"inLanguage\":\"es\",\"potentialAction\":[{\"@type\":\"CommentAction\",\"name\":\"Comment\",\"target\":[\"https:\\\/\\\/www.cetys.mx\\\/noticias\\\/la-pasion-llevo-a-pavel-pichardo-a-consolidarse-en-las-neurociencias-y-ahora-como-emprendedor\\\/#respond\"]}]},{\"@type\":\"WebPage\",\"@id\":\"https:\\\/\\\/www.cetys.mx\\\/noticias\\\/la-pasion-llevo-a-pavel-pichardo-a-consolidarse-en-las-neurociencias-y-ahora-como-emprendedor\\\/\",\"url\":\"https:\\\/\\\/www.cetys.mx\\\/noticias\\\/la-pasion-llevo-a-pavel-pichardo-a-consolidarse-en-las-neurociencias-y-ahora-como-emprendedor\\\/\",\"name\":\"La pasi\u00f3n llev\u00f3 a Pavel Pichardo a consolidarse en las neurociencias\u00a0 y ahora como emprendedor - CETYS\",\"isPartOf\":{\"@id\":\"https:\\\/\\\/www.cetys.mx\\\/noticias\\\/#website\"},\"primaryImageOfPage\":{\"@id\":\"https:\\\/\\\/www.cetys.mx\\\/noticias\\\/la-pasion-llevo-a-pavel-pichardo-a-consolidarse-en-las-neurociencias-y-ahora-como-emprendedor\\\/#primaryimage\"},\"image\":{\"@id\":\"https:\\\/\\\/www.cetys.mx\\\/noticias\\\/la-pasion-llevo-a-pavel-pichardo-a-consolidarse-en-las-neurociencias-y-ahora-como-emprendedor\\\/#primaryimage\"},\"thumbnailUrl\":\"https:\\\/\\\/www.cetys.mx\\\/noticias\\\/wp-content\\\/uploads\\\/2024\\\/02\\\/Pavel-Pichardo.jpg\",\"datePublished\":\"2024-02-23T18:26:00+00:00\",\"dateModified\":\"2024-02-23T18:40:23+00:00\",\"author\":{\"@id\":\"https:\\\/\\\/www.cetys.mx\\\/noticias\\\/#\\\/schema\\\/person\\\/e9d2b35265b64aa454df57a2828eb2ac\"},\"description\":\"Articulo sobre La pasi\u00f3n llev\u00f3 a Pavel Pichardo a consolidarse en las neurociencias\u00a0 y ahora como emprendedor\",\"breadcrumb\":{\"@id\":\"https:\\\/\\\/www.cetys.mx\\\/noticias\\\/la-pasion-llevo-a-pavel-pichardo-a-consolidarse-en-las-neurociencias-y-ahora-como-emprendedor\\\/#breadcrumb\"},\"inLanguage\":\"es\",\"potentialAction\":[{\"@type\":\"ReadAction\",\"target\":[\"https:\\\/\\\/www.cetys.mx\\\/noticias\\\/la-pasion-llevo-a-pavel-pichardo-a-consolidarse-en-las-neurociencias-y-ahora-como-emprendedor\\\/\"]}]},{\"@type\":\"ImageObject\",\"inLanguage\":\"es\",\"@id\":\"https:\\\/\\\/www.cetys.mx\\\/noticias\\\/la-pasion-llevo-a-pavel-pichardo-a-consolidarse-en-las-neurociencias-y-ahora-como-emprendedor\\\/#primaryimage\",\"url\":\"https:\\\/\\\/www.cetys.mx\\\/noticias\\\/wp-content\\\/uploads\\\/2024\\\/02\\\/Pavel-Pichardo.jpg\",\"contentUrl\":\"https:\\\/\\\/www.cetys.mx\\\/noticias\\\/wp-content\\\/uploads\\\/2024\\\/02\\\/Pavel-Pichardo.jpg\",\"width\":958,\"height\":637},{\"@type\":\"BreadcrumbList\",\"@id\":\"https:\\\/\\\/www.cetys.mx\\\/noticias\\\/la-pasion-llevo-a-pavel-pichardo-a-consolidarse-en-las-neurociencias-y-ahora-como-emprendedor\\\/#breadcrumb\",\"itemListElement\":[{\"@type\":\"ListItem\",\"position\":1,\"name\":\"Inicio\",\"item\":\"https:\\\/\\\/www.cetys.mx\\\/noticias\\\/\"},{\"@type\":\"ListItem\",\"position\":2,\"name\":\"La pasi\u00f3n llev\u00f3 a Pavel Pichardo a consolidarse en las neurociencias\u00a0 y ahora como emprendedor\"}]},{\"@type\":\"WebSite\",\"@id\":\"https:\\\/\\\/www.cetys.mx\\\/noticias\\\/#website\",\"url\":\"https:\\\/\\\/www.cetys.mx\\\/noticias\\\/\",\"name\":\"CETYS\",\"description\":\"\",\"potentialAction\":[{\"@type\":\"SearchAction\",\"target\":{\"@type\":\"EntryPoint\",\"urlTemplate\":\"https:\\\/\\\/www.cetys.mx\\\/noticias\\\/?s={search_term_string}\"},\"query-input\":{\"@type\":\"PropertyValueSpecification\",\"valueRequired\":true,\"valueName\":\"search_term_string\"}}],\"inLanguage\":\"es\"},{\"@type\":\"Person\",\"@id\":\"https:\\\/\\\/www.cetys.mx\\\/noticias\\\/#\\\/schema\\\/person\\\/e9d2b35265b64aa454df57a2828eb2ac\",\"name\":\"CETYS Institucional\",\"url\":\"https:\\\/\\\/www.cetys.mx\\\/noticias\\\/author\\\/cetysinstitucional\\\/\"}]}<\/script>\n<!-- \/ Yoast SEO plugin. -->","yoast_head_json":{"title":"La pasi\u00f3n llev\u00f3 a Pavel Pichardo a consolidarse en las neurociencias\u00a0 y ahora como emprendedor - CETYS","description":"Articulo sobre La pasi\u00f3n llev\u00f3 a Pavel Pichardo a consolidarse en las neurociencias\u00a0 y ahora como emprendedor","robots":{"index":"index","follow":"follow","max-snippet":"max-snippet:-1","max-image-preview":"max-image-preview:large","max-video-preview":"max-video-preview:-1"},"canonical":"https:\/\/www.cetys.mx\/noticias\/la-pasion-llevo-a-pavel-pichardo-a-consolidarse-en-las-neurociencias-y-ahora-como-emprendedor\/","og_locale":"es_MX","og_type":"article","og_title":"La pasi\u00f3n llev\u00f3 a Pavel Pichardo a consolidarse en las neurociencias\u00a0 y ahora como emprendedor - CETYS","og_description":"Articulo sobre La pasi\u00f3n llev\u00f3 a Pavel Pichardo a consolidarse en las neurociencias\u00a0 y ahora como emprendedor","og_url":"https:\/\/www.cetys.mx\/noticias\/la-pasion-llevo-a-pavel-pichardo-a-consolidarse-en-las-neurociencias-y-ahora-como-emprendedor\/","og_site_name":"CETYS","article_publisher":"https:\/\/www.facebook.com\/cetysuniversidadmxl\/","article_published_time":"2024-02-23T18:26:00+00:00","article_modified_time":"2024-02-23T18:40:23+00:00","og_image":[{"width":958,"height":637,"url":"https:\/\/www.cetys.mx\/noticias\/wp-content\/uploads\/2024\/02\/Pavel-Pichardo.jpg","type":"image\/jpeg"}],"author":"CETYS Institucional","twitter_card":"summary_large_image","twitter_creator":"@cetysuni","twitter_site":"@cetysuni","twitter_misc":{"Escrito por":"CETYS Institucional","Tiempo de lectura":"2 minutos"},"schema":{"@context":"https:\/\/schema.org","@graph":[{"@type":"Article","@id":"https:\/\/www.cetys.mx\/noticias\/la-pasion-llevo-a-pavel-pichardo-a-consolidarse-en-las-neurociencias-y-ahora-como-emprendedor\/#article","isPartOf":{"@id":"https:\/\/www.cetys.mx\/noticias\/la-pasion-llevo-a-pavel-pichardo-a-consolidarse-en-las-neurociencias-y-ahora-como-emprendedor\/"},"author":{"name":"CETYS Institucional","@id":"https:\/\/www.cetys.mx\/noticias\/#\/schema\/person\/e9d2b35265b64aa454df57a2828eb2ac"},"headline":"La pasi\u00f3n llev\u00f3 a Pavel Pichardo a consolidarse en las neurociencias\u00a0 y ahora como emprendedor","datePublished":"2024-02-23T18:26:00+00:00","dateModified":"2024-02-23T18:40:23+00:00","mainEntityOfPage":{"@id":"https:\/\/www.cetys.mx\/noticias\/la-pasion-llevo-a-pavel-pichardo-a-consolidarse-en-las-neurociencias-y-ahora-como-emprendedor\/"},"wordCount":459,"commentCount":0,"image":{"@id":"https:\/\/www.cetys.mx\/noticias\/la-pasion-llevo-a-pavel-pichardo-a-consolidarse-en-las-neurociencias-y-ahora-como-emprendedor\/#primaryimage"},"thumbnailUrl":"https:\/\/www.cetys.mx\/noticias\/wp-content\/uploads\/2024\/02\/Pavel-Pichardo.jpg","keywords":["Alumni"],"articleSection":["Alumni"],"inLanguage":"es","potentialAction":[{"@type":"CommentAction","name":"Comment","target":["https:\/\/www.cetys.mx\/noticias\/la-pasion-llevo-a-pavel-pichardo-a-consolidarse-en-las-neurociencias-y-ahora-como-emprendedor\/#respond"]}]},{"@type":"WebPage","@id":"https:\/\/www.cetys.mx\/noticias\/la-pasion-llevo-a-pavel-pichardo-a-consolidarse-en-las-neurociencias-y-ahora-como-emprendedor\/","url":"https:\/\/www.cetys.mx\/noticias\/la-pasion-llevo-a-pavel-pichardo-a-consolidarse-en-las-neurociencias-y-ahora-como-emprendedor\/","name":"La pasi\u00f3n llev\u00f3 a Pavel Pichardo a consolidarse en las neurociencias\u00a0 y ahora como emprendedor - CETYS","isPartOf":{"@id":"https:\/\/www.cetys.mx\/noticias\/#website"},"primaryImageOfPage":{"@id":"https:\/\/www.cetys.mx\/noticias\/la-pasion-llevo-a-pavel-pichardo-a-consolidarse-en-las-neurociencias-y-ahora-como-emprendedor\/#primaryimage"},"image":{"@id":"https:\/\/www.cetys.mx\/noticias\/la-pasion-llevo-a-pavel-pichardo-a-consolidarse-en-las-neurociencias-y-ahora-como-emprendedor\/#primaryimage"},"thumbnailUrl":"https:\/\/www.cetys.mx\/noticias\/wp-content\/uploads\/2024\/02\/Pavel-Pichardo.jpg","datePublished":"2024-02-23T18:26:00+00:00","dateModified":"2024-02-23T18:40:23+00:00","author":{"@id":"https:\/\/www.cetys.mx\/noticias\/#\/schema\/person\/e9d2b35265b64aa454df57a2828eb2ac"},"description":"Articulo sobre La pasi\u00f3n llev\u00f3 a Pavel Pichardo a consolidarse en las neurociencias\u00a0 y ahora como emprendedor","breadcrumb":{"@id":"https:\/\/www.cetys.mx\/noticias\/la-pasion-llevo-a-pavel-pichardo-a-consolidarse-en-las-neurociencias-y-ahora-como-emprendedor\/#breadcrumb"},"inLanguage":"es","potentialAction":[{"@type":"ReadAction","target":["https:\/\/www.cetys.mx\/noticias\/la-pasion-llevo-a-pavel-pichardo-a-consolidarse-en-las-neurociencias-y-ahora-como-emprendedor\/"]}]},{"@type":"ImageObject","inLanguage":"es","@id":"https:\/\/www.cetys.mx\/noticias\/la-pasion-llevo-a-pavel-pichardo-a-consolidarse-en-las-neurociencias-y-ahora-como-emprendedor\/#primaryimage","url":"https:\/\/www.cetys.mx\/noticias\/wp-content\/uploads\/2024\/02\/Pavel-Pichardo.jpg","contentUrl":"https:\/\/www.cetys.mx\/noticias\/wp-content\/uploads\/2024\/02\/Pavel-Pichardo.jpg","width":958,"height":637},{"@type":"BreadcrumbList","@id":"https:\/\/www.cetys.mx\/noticias\/la-pasion-llevo-a-pavel-pichardo-a-consolidarse-en-las-neurociencias-y-ahora-como-emprendedor\/#breadcrumb","itemListElement":[{"@type":"ListItem","position":1,"name":"Inicio","item":"https:\/\/www.cetys.mx\/noticias\/"},{"@type":"ListItem","position":2,"name":"La pasi\u00f3n llev\u00f3 a Pavel Pichardo a consolidarse en las neurociencias\u00a0 y ahora como emprendedor"}]},{"@type":"WebSite","@id":"https:\/\/www.cetys.mx\/noticias\/#website","url":"https:\/\/www.cetys.mx\/noticias\/","name":"CETYS","description":"","potentialAction":[{"@type":"SearchAction","target":{"@type":"EntryPoint","urlTemplate":"https:\/\/www.cetys.mx\/noticias\/?s={search_term_string}"},"query-input":{"@type":"PropertyValueSpecification","valueRequired":true,"valueName":"search_term_string"}}],"inLanguage":"es"},{"@type":"Person","@id":"https:\/\/www.cetys.mx\/noticias\/#\/schema\/person\/e9d2b35265b64aa454df57a2828eb2ac","name":"CETYS Institucional","url":"https:\/\/www.cetys.mx\/noticias\/author\/cetysinstitucional\/"}]}},"_links":{"self":[{"href":"https:\/\/www.cetys.mx\/noticias\/wp-json\/wp\/v2\/posts\/179329","targetHints":{"allow":["GET"]}}],"collection":[{"href":"https:\/\/www.cetys.mx\/noticias\/wp-json\/wp\/v2\/posts"}],"about":[{"href":"https:\/\/www.cetys.mx\/noticias\/wp-json\/wp\/v2\/types\/post"}],"author":[{"embeddable":true,"href":"https:\/\/www.cetys.mx\/noticias\/wp-json\/wp\/v2\/users\/26"}],"replies":[{"embeddable":true,"href":"https:\/\/www.cetys.mx\/noticias\/wp-json\/wp\/v2\/comments?post=179329"}],"version-history":[{"count":2,"href":"https:\/\/www.cetys.mx\/noticias\/wp-json\/wp\/v2\/posts\/179329\/revisions"}],"predecessor-version":[{"id":179337,"href":"https:\/\/www.cetys.mx\/noticias\/wp-json\/wp\/v2\/posts\/179329\/revisions\/179337"}],"wp:featuredmedia":[{"embeddable":true,"href":"https:\/\/www.cetys.mx\/noticias\/wp-json\/wp\/v2\/media\/179331"}],"wp:attachment":[{"href":"https:\/\/www.cetys.mx\/noticias\/wp-json\/wp\/v2\/media?parent=179329"}],"wp:term":[{"taxonomy":"category","embeddable":true,"href":"https:\/\/www.cetys.mx\/noticias\/wp-json\/wp\/v2\/categories?post=179329"},{"taxonomy":"post_tag","embeddable":true,"href":"https:\/\/www.cetys.mx\/noticias\/wp-json\/wp\/v2\/tags?post=179329"}],"curies":[{"name":"wp","href":"https:\/\/api.w.org\/{rel}","templated":true}]}}