{"id":179268,"date":"2024-02-21T11:46:48","date_gmt":"2024-02-21T19:46:48","guid":{"rendered":"https:\/\/www.cetys.mx\/noticias\/?p=179268"},"modified":"2024-02-21T11:46:48","modified_gmt":"2024-02-21T19:46:48","slug":"por-desempeno-academico-cultural-deportivo-y-liderazgo-reconocen-a-alumnos-distinguidos-de-cetys","status":"publish","type":"post","link":"https:\/\/www.cetys.mx\/noticias\/por-desempeno-academico-cultural-deportivo-y-liderazgo-reconocen-a-alumnos-distinguidos-de-cetys\/","title":{"rendered":"Por desempe\u00f1o acad\u00e9mico, cultural, deportivo y liderazgo reconocen a alumnos distinguidos de CETYS"},"content":{"rendered":"<p align=\"justify\">M\u00e1s de 200\u00a0<span class=\"il\">alumnos<\/span>\u00a0de Preparatoria y Profesional de <strong>CETYS en Tijuana<\/strong> fueron reconocidos por destacarse durante el semestre agosto-diciembre de 2023 por su desempe\u00f1o acad\u00e9mico en clase, su destacada participaci\u00f3n en actividades culturales, deportivas y de liderazgo.<\/p>\n<p align=\"justify\">Frente a sus padres, familiares y amigos, los estudiantes recibieron el reconocimiento que prueba el esfuerzo y dedicaci\u00f3n en sus proyectos, competencias, presentaciones y su compromiso en forjar un camino hacia la excelencia. En unos a\u00f1os, veremos cumplidos sus objetivos personales, profesionales y su contribuci\u00f3n a la sociedad, incluso a nivel global.<\/p>\n<p align=\"justify\">La <strong>Mtra. Jessica Ibarra Ramonet<\/strong>, <em>Vicerrectora de Desarrollo y Experiencia Estudiantil del Sistema CETYS<\/em>, explic\u00f3 que esta celebraci\u00f3n demuestra el compromiso inquebrantable de cada estudiante en su educaci\u00f3n, as\u00ed como las ganas de superarse. Lo que han aprendido tanto en el aula como en la cancha, en el escenario y en la comunidad, lo cual les servir\u00e1 como una s\u00f3lida base para alcanzar sus sue\u00f1os y objetivos a largo plazo.<\/p>\n<blockquote>\n<p align=\"justify\">\u201cUstedes son una inspiraci\u00f3n para todos nosotros, y su \u00e9xito demuestra que la excelencia se puede encontrar en m\u00faltiples facetas de la vida. Los felicito por su destacado desempe\u00f1o y les invito a seguir persiguiendo sus sue\u00f1os con pasi\u00f3n y determinaci\u00f3n\u201d, coment\u00f3 la Mtra. Ibarra Ramonet.<\/p>\n<\/blockquote>\n<p align=\"justify\">Por su parte, la <strong>Mtra. Yanina Rubio Boj\u00f3quez,<\/strong> <em>Directora de CETYS Universidad Campus Tijuana<\/em>, enfatiz\u00f3 que este es un momento especial que reconoce no solo el trabajo de cada uno de los\u00a0<span class=\"il\">alumnos<\/span>\u00a0<span class=\"il\">distinguidos<\/span>, sino tambi\u00e9n el de los padres de familia que han apoyado incondicionalmente y deben continuar con ese impulso que los lleve a alcanzar las metas que se propusieron.<\/p>\n<div class=\"gallery-slider-wrapper gallery-1\">\n                        <div class=\"gallery-slider\" itemscope itemtype=\"http:\/\/schema.org\/ImageGallery\"><figure class=\"slide\" itemprop=\"associatedMedia\" itemscope itemtype=\"http:\/\/schema.org\/ImageObject\">\n                    <a itemprop=\"contentUrl\" href=\"https:\/\/www.cetys.mx\/noticias\/wp-content\/uploads\/2024\/02\/alumnos-distinguidos-tijuana-agosto-dic-2023-19.jpg\">\n                        <img decoding=\"async\" itemprop=\"thumbnail\" class=\"lazyOwl\" src=\"https:\/\/www.cetys.mx\/noticias\/wp-content\/plugins\/jmagz-plugin\/assets\/placeholder\/900x450.png\" data-src=\"https:\/\/www.cetys.mx\/noticias\/wp-content\/uploads\/2024\/02\/alumnos-distinguidos-tijuana-agosto-dic-2023-19.jpg\" alt=\"alumnos-distinguidos-tijuana-agosto-dic-2023-19\">\n                    <\/a>\n                    <figcaption itemprop=\"caption description\" class=\"slide-caption\">\n                        \n                    <\/figcaption>\n                <\/figure><figure class=\"slide\" itemprop=\"associatedMedia\" itemscope itemtype=\"http:\/\/schema.org\/ImageObject\">\n                    <a itemprop=\"contentUrl\" href=\"https:\/\/www.cetys.mx\/noticias\/wp-content\/uploads\/2024\/02\/alumnos-distinguidos-tijuana-agosto-dic-2023-18.jpg\">\n                        <img decoding=\"async\" itemprop=\"thumbnail\" class=\"lazyOwl\" src=\"https:\/\/www.cetys.mx\/noticias\/wp-content\/plugins\/jmagz-plugin\/assets\/placeholder\/900x450.png\" data-src=\"https:\/\/www.cetys.mx\/noticias\/wp-content\/uploads\/2024\/02\/alumnos-distinguidos-tijuana-agosto-dic-2023-18.jpg\" alt=\"alumnos-distinguidos-tijuana-agosto-dic-2023-18\">\n                    <\/a>\n                    <figcaption itemprop=\"caption description\" class=\"slide-caption\">\n                        \n                    <\/figcaption>\n                <\/figure><figure class=\"slide\" itemprop=\"associatedMedia\" itemscope itemtype=\"http:\/\/schema.org\/ImageObject\">\n                    <a itemprop=\"contentUrl\" href=\"https:\/\/www.cetys.mx\/noticias\/wp-content\/uploads\/2024\/02\/alumnos-distinguidos-tijuana-agosto-dic-2023-07.jpg\">\n                        <img decoding=\"async\" itemprop=\"thumbnail\" class=\"lazyOwl\" src=\"https:\/\/www.cetys.mx\/noticias\/wp-content\/plugins\/jmagz-plugin\/assets\/placeholder\/900x450.png\" data-src=\"https:\/\/www.cetys.mx\/noticias\/wp-content\/uploads\/2024\/02\/alumnos-distinguidos-tijuana-agosto-dic-2023-07.jpg\" alt=\"alumnos-distinguidos-tijuana-agosto-dic-2023-07\">\n                    <\/a>\n                    <figcaption itemprop=\"caption description\" class=\"slide-caption\">\n                        \n                    <\/figcaption>\n                <\/figure><figure class=\"slide\" itemprop=\"associatedMedia\" itemscope itemtype=\"http:\/\/schema.org\/ImageObject\">\n                    <a itemprop=\"contentUrl\" href=\"https:\/\/www.cetys.mx\/noticias\/wp-content\/uploads\/2024\/02\/alumnos-distinguidos-tijuana-agosto-dic-2023-08.jpg\">\n                        <img decoding=\"async\" itemprop=\"thumbnail\" class=\"lazyOwl\" src=\"https:\/\/www.cetys.mx\/noticias\/wp-content\/plugins\/jmagz-plugin\/assets\/placeholder\/900x450.png\" data-src=\"https:\/\/www.cetys.mx\/noticias\/wp-content\/uploads\/2024\/02\/alumnos-distinguidos-tijuana-agosto-dic-2023-08.jpg\" alt=\"alumnos-distinguidos-tijuana-agosto-dic-2023-08\">\n                    <\/a>\n                    <figcaption itemprop=\"caption description\" class=\"slide-caption\">\n                        \n                    <\/figcaption>\n                <\/figure><figure class=\"slide\" itemprop=\"associatedMedia\" itemscope itemtype=\"http:\/\/schema.org\/ImageObject\">\n                    <a itemprop=\"contentUrl\" href=\"https:\/\/www.cetys.mx\/noticias\/wp-content\/uploads\/2024\/02\/alumnos-distinguidos-tijuana-agosto-dic-2023-04.jpg\">\n                        <img decoding=\"async\" itemprop=\"thumbnail\" class=\"lazyOwl\" src=\"https:\/\/www.cetys.mx\/noticias\/wp-content\/plugins\/jmagz-plugin\/assets\/placeholder\/900x450.png\" data-src=\"https:\/\/www.cetys.mx\/noticias\/wp-content\/uploads\/2024\/02\/alumnos-distinguidos-tijuana-agosto-dic-2023-04.jpg\" alt=\"alumnos-distinguidos-tijuana-agosto-dic-2023-04\">\n                    <\/a>\n                    <figcaption itemprop=\"caption description\" class=\"slide-caption\">\n                        \n                    <\/figcaption>\n                <\/figure><figure class=\"slide\" itemprop=\"associatedMedia\" itemscope itemtype=\"http:\/\/schema.org\/ImageObject\">\n                    <a itemprop=\"contentUrl\" href=\"https:\/\/www.cetys.mx\/noticias\/wp-content\/uploads\/2024\/02\/alumnos-distinguidos-tijuana-agosto-dic-2023-03.jpg\">\n                        <img decoding=\"async\" itemprop=\"thumbnail\" class=\"lazyOwl\" src=\"https:\/\/www.cetys.mx\/noticias\/wp-content\/plugins\/jmagz-plugin\/assets\/placeholder\/900x450.png\" data-src=\"https:\/\/www.cetys.mx\/noticias\/wp-content\/uploads\/2024\/02\/alumnos-distinguidos-tijuana-agosto-dic-2023-03.jpg\" alt=\"alumnos-distinguidos-tijuana-agosto-dic-2023-03\">\n                    <\/a>\n                    <figcaption itemprop=\"caption description\" class=\"slide-caption\">\n                        \n                    <\/figcaption>\n                <\/figure><figure class=\"slide\" itemprop=\"associatedMedia\" itemscope itemtype=\"http:\/\/schema.org\/ImageObject\">\n                    <a itemprop=\"contentUrl\" href=\"https:\/\/www.cetys.mx\/noticias\/wp-content\/uploads\/2024\/02\/alumnos-distinguidos-tijuana-agosto-dic-2023-15.jpg\">\n                        <img decoding=\"async\" itemprop=\"thumbnail\" class=\"lazyOwl\" src=\"https:\/\/www.cetys.mx\/noticias\/wp-content\/plugins\/jmagz-plugin\/assets\/placeholder\/900x450.png\" data-src=\"https:\/\/www.cetys.mx\/noticias\/wp-content\/uploads\/2024\/02\/alumnos-distinguidos-tijuana-agosto-dic-2023-15.jpg\" alt=\"alumnos-distinguidos-tijuana-agosto-dic-2023-15\">\n                    <\/a>\n                    <figcaption itemprop=\"caption description\" class=\"slide-caption\">\n                        \n                    <\/figcaption>\n                <\/figure><figure class=\"slide\" itemprop=\"associatedMedia\" itemscope itemtype=\"http:\/\/schema.org\/ImageObject\">\n                    <a itemprop=\"contentUrl\" href=\"https:\/\/www.cetys.mx\/noticias\/wp-content\/uploads\/2024\/02\/alumnos-distinguidos-tijuana-agosto-dic-2023.jpg\">\n                        <img decoding=\"async\" itemprop=\"thumbnail\" class=\"lazyOwl\" src=\"https:\/\/www.cetys.mx\/noticias\/wp-content\/plugins\/jmagz-plugin\/assets\/placeholder\/900x450.png\" data-src=\"https:\/\/www.cetys.mx\/noticias\/wp-content\/uploads\/2024\/02\/alumnos-distinguidos-tijuana-agosto-dic-2023.jpg\" alt=\"alumnos-distinguidos-tijuana-agosto-dic-2023\">\n                    <\/a>\n                    <figcaption itemprop=\"caption description\" class=\"slide-caption\">\n                        \n                    <\/figcaption>\n                <\/figure><figure class=\"slide\" itemprop=\"associatedMedia\" itemscope itemtype=\"http:\/\/schema.org\/ImageObject\">\n                    <a itemprop=\"contentUrl\" href=\"https:\/\/www.cetys.mx\/noticias\/wp-content\/uploads\/2024\/02\/alumnos-distinguidos-agosto-diciembre-2023-cetys-tijuana.jpg\">\n                        <img decoding=\"async\" itemprop=\"thumbnail\" class=\"lazyOwl\" src=\"https:\/\/www.cetys.mx\/noticias\/wp-content\/plugins\/jmagz-plugin\/assets\/placeholder\/900x450.png\" data-src=\"https:\/\/www.cetys.mx\/noticias\/wp-content\/uploads\/2024\/02\/alumnos-distinguidos-agosto-diciembre-2023-cetys-tijuana.jpg\" alt=\"alumnos-distinguidos-agosto-diciembre-2023-cetys-tijuana\">\n                    <\/a>\n                    <figcaption itemprop=\"caption description\" class=\"slide-caption\">\n                        \n                    <\/figcaption>\n                <\/figure><figure class=\"slide\" itemprop=\"associatedMedia\" itemscope itemtype=\"http:\/\/schema.org\/ImageObject\">\n                    <a itemprop=\"contentUrl\" href=\"https:\/\/www.cetys.mx\/noticias\/wp-content\/uploads\/2024\/02\/alumnos-distinguidos-tijuana-agosto-dic-2023-02.jpg\">\n                        <img decoding=\"async\" itemprop=\"thumbnail\" class=\"lazyOwl\" src=\"https:\/\/www.cetys.mx\/noticias\/wp-content\/plugins\/jmagz-plugin\/assets\/placeholder\/900x450.png\" data-src=\"https:\/\/www.cetys.mx\/noticias\/wp-content\/uploads\/2024\/02\/alumnos-distinguidos-tijuana-agosto-dic-2023-02.jpg\" alt=\"alumnos-distinguidos-tijuana-agosto-dic-2023-02\">\n                    <\/a>\n                    <figcaption itemprop=\"caption description\" class=\"slide-caption\">\n                        \n                    <\/figcaption>\n                <\/figure><figure class=\"slide\" itemprop=\"associatedMedia\" itemscope itemtype=\"http:\/\/schema.org\/ImageObject\">\n                    <a itemprop=\"contentUrl\" href=\"https:\/\/www.cetys.mx\/noticias\/wp-content\/uploads\/2024\/02\/alumnos-distinguidos-tijuana-agosto-dic-2023-12.jpg\">\n                        <img decoding=\"async\" itemprop=\"thumbnail\" class=\"lazyOwl\" src=\"https:\/\/www.cetys.mx\/noticias\/wp-content\/plugins\/jmagz-plugin\/assets\/placeholder\/900x450.png\" data-src=\"https:\/\/www.cetys.mx\/noticias\/wp-content\/uploads\/2024\/02\/alumnos-distinguidos-tijuana-agosto-dic-2023-12.jpg\" alt=\"alumnos-distinguidos-tijuana-agosto-dic-2023-12\">\n                    <\/a>\n                    <figcaption itemprop=\"caption description\" class=\"slide-caption\">\n                        \n                    <\/figcaption>\n                <\/figure><figure class=\"slide\" itemprop=\"associatedMedia\" itemscope itemtype=\"http:\/\/schema.org\/ImageObject\">\n                    <a itemprop=\"contentUrl\" href=\"https:\/\/www.cetys.mx\/noticias\/wp-content\/uploads\/2024\/02\/alumnos-distinguidos-tijuana-agosto-dic-2023-11.jpg\">\n                        <img decoding=\"async\" itemprop=\"thumbnail\" class=\"lazyOwl\" src=\"https:\/\/www.cetys.mx\/noticias\/wp-content\/plugins\/jmagz-plugin\/assets\/placeholder\/900x450.png\" data-src=\"https:\/\/www.cetys.mx\/noticias\/wp-content\/uploads\/2024\/02\/alumnos-distinguidos-tijuana-agosto-dic-2023-11.jpg\" alt=\"alumnos-distinguidos-tijuana-agosto-dic-2023-11\">\n                    <\/a>\n                    <figcaption itemprop=\"caption description\" class=\"slide-caption\">\n                        \n                    <\/figcaption>\n                <\/figure><figure class=\"slide\" itemprop=\"associatedMedia\" itemscope itemtype=\"http:\/\/schema.org\/ImageObject\">\n                    <a itemprop=\"contentUrl\" href=\"https:\/\/www.cetys.mx\/noticias\/wp-content\/uploads\/2024\/02\/alumnos-distinguidos-tijuana-agosto-dic-2023-21.jpg\">\n                        <img decoding=\"async\" itemprop=\"thumbnail\" class=\"lazyOwl\" src=\"https:\/\/www.cetys.mx\/noticias\/wp-content\/plugins\/jmagz-plugin\/assets\/placeholder\/900x450.png\" data-src=\"https:\/\/www.cetys.mx\/noticias\/wp-content\/uploads\/2024\/02\/alumnos-distinguidos-tijuana-agosto-dic-2023-21.jpg\" alt=\"alumnos-distinguidos-tijuana-agosto-dic-2023-21\">\n                    <\/a>\n                    <figcaption itemprop=\"caption description\" class=\"slide-caption\">\n                        \n                    <\/figcaption>\n                <\/figure><figure class=\"slide\" itemprop=\"associatedMedia\" itemscope itemtype=\"http:\/\/schema.org\/ImageObject\">\n                    <a itemprop=\"contentUrl\" href=\"https:\/\/www.cetys.mx\/noticias\/wp-content\/uploads\/2024\/02\/alumnos-distinguidos-tijuana-agosto-dic-2023-10.jpg\">\n                        <img decoding=\"async\" itemprop=\"thumbnail\" class=\"lazyOwl\" src=\"https:\/\/www.cetys.mx\/noticias\/wp-content\/plugins\/jmagz-plugin\/assets\/placeholder\/900x450.png\" data-src=\"https:\/\/www.cetys.mx\/noticias\/wp-content\/uploads\/2024\/02\/alumnos-distinguidos-tijuana-agosto-dic-2023-10.jpg\" alt=\"alumnos-distinguidos-tijuana-agosto-dic-2023-10\">\n                    <\/a>\n                    <figcaption itemprop=\"caption description\" class=\"slide-caption\">\n                        \n                    <\/figcaption>\n                <\/figure><figure class=\"slide\" itemprop=\"associatedMedia\" itemscope itemtype=\"http:\/\/schema.org\/ImageObject\">\n                    <a itemprop=\"contentUrl\" href=\"https:\/\/www.cetys.mx\/noticias\/wp-content\/uploads\/2024\/02\/alumnos-distinguidos-tijuana-agosto-dic-2023-09.jpg\">\n                        <img decoding=\"async\" itemprop=\"thumbnail\" class=\"lazyOwl\" src=\"https:\/\/www.cetys.mx\/noticias\/wp-content\/plugins\/jmagz-plugin\/assets\/placeholder\/900x450.png\" data-src=\"https:\/\/www.cetys.mx\/noticias\/wp-content\/uploads\/2024\/02\/alumnos-distinguidos-tijuana-agosto-dic-2023-09.jpg\" alt=\"alumnos-distinguidos-tijuana-agosto-dic-2023-09\">\n                    <\/a>\n                    <figcaption itemprop=\"caption description\" class=\"slide-caption\">\n                        \n                    <\/figcaption>\n                <\/figure><figure class=\"slide\" itemprop=\"associatedMedia\" itemscope itemtype=\"http:\/\/schema.org\/ImageObject\">\n                    <a itemprop=\"contentUrl\" href=\"https:\/\/www.cetys.mx\/noticias\/wp-content\/uploads\/2024\/02\/alumnos-distinguidos-tijuana-agosto-dic-2023-13.jpg\">\n                        <img decoding=\"async\" itemprop=\"thumbnail\" class=\"lazyOwl\" src=\"https:\/\/www.cetys.mx\/noticias\/wp-content\/plugins\/jmagz-plugin\/assets\/placeholder\/900x450.png\" data-src=\"https:\/\/www.cetys.mx\/noticias\/wp-content\/uploads\/2024\/02\/alumnos-distinguidos-tijuana-agosto-dic-2023-13.jpg\" alt=\"alumnos-distinguidos-tijuana-agosto-dic-2023-13\">\n                    <\/a>\n                    <figcaption itemprop=\"caption description\" class=\"slide-caption\">\n                        \n                    <\/figcaption>\n                <\/figure><figure class=\"slide\" itemprop=\"associatedMedia\" itemscope itemtype=\"http:\/\/schema.org\/ImageObject\">\n                    <a itemprop=\"contentUrl\" href=\"https:\/\/www.cetys.mx\/noticias\/wp-content\/uploads\/2024\/02\/alumnos-distinguidos-tijuana-agosto-dic-2023-17.jpg\">\n                        <img decoding=\"async\" itemprop=\"thumbnail\" class=\"lazyOwl\" src=\"https:\/\/www.cetys.mx\/noticias\/wp-content\/plugins\/jmagz-plugin\/assets\/placeholder\/900x450.png\" data-src=\"https:\/\/www.cetys.mx\/noticias\/wp-content\/uploads\/2024\/02\/alumnos-distinguidos-tijuana-agosto-dic-2023-17.jpg\" alt=\"alumnos-distinguidos-tijuana-agosto-dic-2023-17\">\n                    <\/a>\n                    <figcaption itemprop=\"caption description\" class=\"slide-caption\">\n                        \n                    <\/figcaption>\n                <\/figure><figure class=\"slide\" itemprop=\"associatedMedia\" itemscope itemtype=\"http:\/\/schema.org\/ImageObject\">\n                    <a itemprop=\"contentUrl\" href=\"https:\/\/www.cetys.mx\/noticias\/wp-content\/uploads\/2024\/02\/alumnos-distinguidos-tijuana-agosto-dic-2023-20.jpg\">\n                        <img decoding=\"async\" itemprop=\"thumbnail\" class=\"lazyOwl\" src=\"https:\/\/www.cetys.mx\/noticias\/wp-content\/plugins\/jmagz-plugin\/assets\/placeholder\/900x450.png\" data-src=\"https:\/\/www.cetys.mx\/noticias\/wp-content\/uploads\/2024\/02\/alumnos-distinguidos-tijuana-agosto-dic-2023-20.jpg\" alt=\"alumnos-distinguidos-tijuana-agosto-dic-2023-20\">\n                    <\/a>\n                    <figcaption itemprop=\"caption description\" class=\"slide-caption\">\n                        \n                    <\/figcaption>\n                <\/figure><figure class=\"slide\" itemprop=\"associatedMedia\" itemscope itemtype=\"http:\/\/schema.org\/ImageObject\">\n                    <a itemprop=\"contentUrl\" href=\"https:\/\/www.cetys.mx\/noticias\/wp-content\/uploads\/2024\/02\/ceremonia-alumnos-distinguidos-cetys-tijuana-agosto-dic-2023.jpg\">\n                        <img decoding=\"async\" itemprop=\"thumbnail\" class=\"lazyOwl\" src=\"https:\/\/www.cetys.mx\/noticias\/wp-content\/plugins\/jmagz-plugin\/assets\/placeholder\/900x450.png\" data-src=\"https:\/\/www.cetys.mx\/noticias\/wp-content\/uploads\/2024\/02\/ceremonia-alumnos-distinguidos-cetys-tijuana-agosto-dic-2023.jpg\" alt=\"ceremonia-alumnos-distinguidos-cetys-tijuana-agosto-dic-2023\">\n                    <\/a>\n                    <figcaption itemprop=\"caption description\" class=\"slide-caption\">\n                        \n                    <\/figcaption>\n                <\/figure><figure class=\"slide\" itemprop=\"associatedMedia\" itemscope itemtype=\"http:\/\/schema.org\/ImageObject\">\n                    <a itemprop=\"contentUrl\" href=\"https:\/\/www.cetys.mx\/noticias\/wp-content\/uploads\/2024\/02\/alumnos-distinguidos-tijuana-agosto-dic-2023-05.jpg\">\n                        <img decoding=\"async\" itemprop=\"thumbnail\" class=\"lazyOwl\" src=\"https:\/\/www.cetys.mx\/noticias\/wp-content\/plugins\/jmagz-plugin\/assets\/placeholder\/900x450.png\" data-src=\"https:\/\/www.cetys.mx\/noticias\/wp-content\/uploads\/2024\/02\/alumnos-distinguidos-tijuana-agosto-dic-2023-05.jpg\" alt=\"alumnos-distinguidos-tijuana-agosto-dic-2023-05\">\n                    <\/a>\n                    <figcaption itemprop=\"caption description\" class=\"slide-caption\">\n                        \n                    <\/figcaption>\n                <\/figure><figure class=\"slide\" itemprop=\"associatedMedia\" itemscope itemtype=\"http:\/\/schema.org\/ImageObject\">\n                    <a itemprop=\"contentUrl\" href=\"https:\/\/www.cetys.mx\/noticias\/wp-content\/uploads\/2024\/02\/alumnos-distinguidos-tijuana-agosto-dic-2023-16.jpg\">\n                        <img decoding=\"async\" itemprop=\"thumbnail\" class=\"lazyOwl\" src=\"https:\/\/www.cetys.mx\/noticias\/wp-content\/plugins\/jmagz-plugin\/assets\/placeholder\/900x450.png\" data-src=\"https:\/\/www.cetys.mx\/noticias\/wp-content\/uploads\/2024\/02\/alumnos-distinguidos-tijuana-agosto-dic-2023-16.jpg\" alt=\"alumnos-distinguidos-tijuana-agosto-dic-2023-16\">\n                    <\/a>\n                    <figcaption itemprop=\"caption description\" class=\"slide-caption\">\n                        \n                    <\/figcaption>\n                <\/figure><\/div>\n                <div class=\"gallery-slider-thumbnail-wrapper\">\n                    <div class=\"gallery-slider-thumbnail\"><div class=\"slide-thumbnail\"><img decoding=\"async\" class=\"lazyOwl\" src=\"https:\/\/www.cetys.mx\/noticias\/wp-content\/plugins\/jmagz-plugin\/assets\/placeholder\/150x75.png\" data-src=\"https:\/\/www.cetys.mx\/noticias\/wp-content\/uploads\/2024\/02\/alumnos-distinguidos-tijuana-agosto-dic-2023-19.jpg\" alt=\"alumnos-distinguidos-tijuana-agosto-dic-2023-19\"><\/div><div class=\"slide-thumbnail\"><img decoding=\"async\" class=\"lazyOwl\" src=\"https:\/\/www.cetys.mx\/noticias\/wp-content\/plugins\/jmagz-plugin\/assets\/placeholder\/150x75.png\" data-src=\"https:\/\/www.cetys.mx\/noticias\/wp-content\/uploads\/2024\/02\/alumnos-distinguidos-tijuana-agosto-dic-2023-18.jpg\" alt=\"alumnos-distinguidos-tijuana-agosto-dic-2023-18\"><\/div><div class=\"slide-thumbnail\"><img decoding=\"async\" class=\"lazyOwl\" src=\"https:\/\/www.cetys.mx\/noticias\/wp-content\/plugins\/jmagz-plugin\/assets\/placeholder\/150x75.png\" data-src=\"https:\/\/www.cetys.mx\/noticias\/wp-content\/uploads\/2024\/02\/alumnos-distinguidos-tijuana-agosto-dic-2023-07.jpg\" alt=\"alumnos-distinguidos-tijuana-agosto-dic-2023-07\"><\/div><div class=\"slide-thumbnail\"><img decoding=\"async\" class=\"lazyOwl\" src=\"https:\/\/www.cetys.mx\/noticias\/wp-content\/plugins\/jmagz-plugin\/assets\/placeholder\/150x75.png\" data-src=\"https:\/\/www.cetys.mx\/noticias\/wp-content\/uploads\/2024\/02\/alumnos-distinguidos-tijuana-agosto-dic-2023-08.jpg\" alt=\"alumnos-distinguidos-tijuana-agosto-dic-2023-08\"><\/div><div class=\"slide-thumbnail\"><img decoding=\"async\" class=\"lazyOwl\" src=\"https:\/\/www.cetys.mx\/noticias\/wp-content\/plugins\/jmagz-plugin\/assets\/placeholder\/150x75.png\" data-src=\"https:\/\/www.cetys.mx\/noticias\/wp-content\/uploads\/2024\/02\/alumnos-distinguidos-tijuana-agosto-dic-2023-04.jpg\" alt=\"alumnos-distinguidos-tijuana-agosto-dic-2023-04\"><\/div><div class=\"slide-thumbnail\"><img decoding=\"async\" class=\"lazyOwl\" src=\"https:\/\/www.cetys.mx\/noticias\/wp-content\/plugins\/jmagz-plugin\/assets\/placeholder\/150x75.png\" data-src=\"https:\/\/www.cetys.mx\/noticias\/wp-content\/uploads\/2024\/02\/alumnos-distinguidos-tijuana-agosto-dic-2023-03.jpg\" alt=\"alumnos-distinguidos-tijuana-agosto-dic-2023-03\"><\/div><div class=\"slide-thumbnail\"><img decoding=\"async\" class=\"lazyOwl\" src=\"https:\/\/www.cetys.mx\/noticias\/wp-content\/plugins\/jmagz-plugin\/assets\/placeholder\/150x75.png\" data-src=\"https:\/\/www.cetys.mx\/noticias\/wp-content\/uploads\/2024\/02\/alumnos-distinguidos-tijuana-agosto-dic-2023-15.jpg\" alt=\"alumnos-distinguidos-tijuana-agosto-dic-2023-15\"><\/div><div class=\"slide-thumbnail\"><img decoding=\"async\" class=\"lazyOwl\" src=\"https:\/\/www.cetys.mx\/noticias\/wp-content\/plugins\/jmagz-plugin\/assets\/placeholder\/150x75.png\" data-src=\"https:\/\/www.cetys.mx\/noticias\/wp-content\/uploads\/2024\/02\/alumnos-distinguidos-tijuana-agosto-dic-2023.jpg\" alt=\"alumnos-distinguidos-tijuana-agosto-dic-2023\"><\/div><div class=\"slide-thumbnail\"><img decoding=\"async\" class=\"lazyOwl\" src=\"https:\/\/www.cetys.mx\/noticias\/wp-content\/plugins\/jmagz-plugin\/assets\/placeholder\/150x75.png\" data-src=\"https:\/\/www.cetys.mx\/noticias\/wp-content\/uploads\/2024\/02\/alumnos-distinguidos-agosto-diciembre-2023-cetys-tijuana.jpg\" alt=\"alumnos-distinguidos-agosto-diciembre-2023-cetys-tijuana\"><\/div><div class=\"slide-thumbnail\"><img decoding=\"async\" class=\"lazyOwl\" src=\"https:\/\/www.cetys.mx\/noticias\/wp-content\/plugins\/jmagz-plugin\/assets\/placeholder\/150x75.png\" data-src=\"https:\/\/www.cetys.mx\/noticias\/wp-content\/uploads\/2024\/02\/alumnos-distinguidos-tijuana-agosto-dic-2023-02.jpg\" alt=\"alumnos-distinguidos-tijuana-agosto-dic-2023-02\"><\/div><div class=\"slide-thumbnail\"><img decoding=\"async\" class=\"lazyOwl\" src=\"https:\/\/www.cetys.mx\/noticias\/wp-content\/plugins\/jmagz-plugin\/assets\/placeholder\/150x75.png\" data-src=\"https:\/\/www.cetys.mx\/noticias\/wp-content\/uploads\/2024\/02\/alumnos-distinguidos-tijuana-agosto-dic-2023-12.jpg\" alt=\"alumnos-distinguidos-tijuana-agosto-dic-2023-12\"><\/div><div class=\"slide-thumbnail\"><img decoding=\"async\" class=\"lazyOwl\" src=\"https:\/\/www.cetys.mx\/noticias\/wp-content\/plugins\/jmagz-plugin\/assets\/placeholder\/150x75.png\" data-src=\"https:\/\/www.cetys.mx\/noticias\/wp-content\/uploads\/2024\/02\/alumnos-distinguidos-tijuana-agosto-dic-2023-11.jpg\" alt=\"alumnos-distinguidos-tijuana-agosto-dic-2023-11\"><\/div><div class=\"slide-thumbnail\"><img decoding=\"async\" class=\"lazyOwl\" src=\"https:\/\/www.cetys.mx\/noticias\/wp-content\/plugins\/jmagz-plugin\/assets\/placeholder\/150x75.png\" data-src=\"https:\/\/www.cetys.mx\/noticias\/wp-content\/uploads\/2024\/02\/alumnos-distinguidos-tijuana-agosto-dic-2023-21.jpg\" alt=\"alumnos-distinguidos-tijuana-agosto-dic-2023-21\"><\/div><div class=\"slide-thumbnail\"><img decoding=\"async\" class=\"lazyOwl\" src=\"https:\/\/www.cetys.mx\/noticias\/wp-content\/plugins\/jmagz-plugin\/assets\/placeholder\/150x75.png\" data-src=\"https:\/\/www.cetys.mx\/noticias\/wp-content\/uploads\/2024\/02\/alumnos-distinguidos-tijuana-agosto-dic-2023-10.jpg\" alt=\"alumnos-distinguidos-tijuana-agosto-dic-2023-10\"><\/div><div class=\"slide-thumbnail\"><img decoding=\"async\" class=\"lazyOwl\" src=\"https:\/\/www.cetys.mx\/noticias\/wp-content\/plugins\/jmagz-plugin\/assets\/placeholder\/150x75.png\" data-src=\"https:\/\/www.cetys.mx\/noticias\/wp-content\/uploads\/2024\/02\/alumnos-distinguidos-tijuana-agosto-dic-2023-09.jpg\" alt=\"alumnos-distinguidos-tijuana-agosto-dic-2023-09\"><\/div><div class=\"slide-thumbnail\"><img decoding=\"async\" class=\"lazyOwl\" src=\"https:\/\/www.cetys.mx\/noticias\/wp-content\/plugins\/jmagz-plugin\/assets\/placeholder\/150x75.png\" data-src=\"https:\/\/www.cetys.mx\/noticias\/wp-content\/uploads\/2024\/02\/alumnos-distinguidos-tijuana-agosto-dic-2023-13.jpg\" alt=\"alumnos-distinguidos-tijuana-agosto-dic-2023-13\"><\/div><div class=\"slide-thumbnail\"><img decoding=\"async\" class=\"lazyOwl\" src=\"https:\/\/www.cetys.mx\/noticias\/wp-content\/plugins\/jmagz-plugin\/assets\/placeholder\/150x75.png\" data-src=\"https:\/\/www.cetys.mx\/noticias\/wp-content\/uploads\/2024\/02\/alumnos-distinguidos-tijuana-agosto-dic-2023-17.jpg\" alt=\"alumnos-distinguidos-tijuana-agosto-dic-2023-17\"><\/div><div class=\"slide-thumbnail\"><img decoding=\"async\" class=\"lazyOwl\" src=\"https:\/\/www.cetys.mx\/noticias\/wp-content\/plugins\/jmagz-plugin\/assets\/placeholder\/150x75.png\" data-src=\"https:\/\/www.cetys.mx\/noticias\/wp-content\/uploads\/2024\/02\/alumnos-distinguidos-tijuana-agosto-dic-2023-20.jpg\" alt=\"alumnos-distinguidos-tijuana-agosto-dic-2023-20\"><\/div><div class=\"slide-thumbnail\"><img decoding=\"async\" class=\"lazyOwl\" src=\"https:\/\/www.cetys.mx\/noticias\/wp-content\/plugins\/jmagz-plugin\/assets\/placeholder\/150x75.png\" data-src=\"https:\/\/www.cetys.mx\/noticias\/wp-content\/uploads\/2024\/02\/ceremonia-alumnos-distinguidos-cetys-tijuana-agosto-dic-2023.jpg\" alt=\"ceremonia-alumnos-distinguidos-cetys-tijuana-agosto-dic-2023\"><\/div><div class=\"slide-thumbnail\"><img decoding=\"async\" class=\"lazyOwl\" src=\"https:\/\/www.cetys.mx\/noticias\/wp-content\/plugins\/jmagz-plugin\/assets\/placeholder\/150x75.png\" data-src=\"https:\/\/www.cetys.mx\/noticias\/wp-content\/uploads\/2024\/02\/alumnos-distinguidos-tijuana-agosto-dic-2023-05.jpg\" alt=\"alumnos-distinguidos-tijuana-agosto-dic-2023-05\"><\/div><div class=\"slide-thumbnail\"><img decoding=\"async\" class=\"lazyOwl\" src=\"https:\/\/www.cetys.mx\/noticias\/wp-content\/plugins\/jmagz-plugin\/assets\/placeholder\/150x75.png\" data-src=\"https:\/\/www.cetys.mx\/noticias\/wp-content\/uploads\/2024\/02\/alumnos-distinguidos-tijuana-agosto-dic-2023-16.jpg\" alt=\"alumnos-distinguidos-tijuana-agosto-dic-2023-16\"><\/div><\/div><\/div><\/div>\n<blockquote>\n<p align=\"justify\">&#8220;Si\u00e9ntanse orgullosos de ellos, porque estos j\u00f3venes avanzan con pasos firmes hacia sus metas, aunque en ocasiones parezca que el camino es muy largo. La realidad es que ya est\u00e1n en \u00e9l, abriendo paso&#8221;, expres\u00f3.<\/p>\n<\/blockquote>\n<p align=\"justify\">Los m\u00e1s de 200\u00a0<span class=\"il\">alumnos<\/span>\u00a0reconocidos de Preparatoria y Profesional, obtuvieron los m\u00e1s altos promedios, mostraron logros acad\u00e9micos as\u00ed como de liderazgo estudiantil en diversas facetas,\u00a0tanto en la regi\u00f3n como internacional.<\/p>\n<blockquote>\n<p align=\"justify\">\u201cPara mi ser alumna distinguida es tener un comprobante que me dice: vas por buen camino, has tomado buenas decisiones, s\u00ed lo est\u00e1s logrando, y eres totalmente capaz de seguir as\u00ed. Es agradecernos por crecer, porque las cosas nos importan, porque tenemos ambici\u00f3n, por nos hacemos\u201d, dijo al final del evento, la alumna Farah Loris Flores Villar Slim, estudiante de Preparatoria CETYS Tijuana.<\/p>\n<\/blockquote>\n","protected":false},"excerpt":{"rendered":"<p>M\u00e1s de 200\u00a0alumnos\u00a0de Preparatoria y Profesional de CETYS en Tijuana fueron reconocidos por destacarse durante el semestre agosto-diciembre de 2023 por su&#8230;<\/p>\n","protected":false},"author":24,"featured_media":179267,"comment_status":"open","ping_status":"closed","sticky":false,"template":"","format":"standard","meta":{"footnotes":""},"categories":[134,143,125],"tags":[],"class_list":["post-179268","post","type-post","status-publish","format-standard","has-post-thumbnail","hentry","category-campus-tijuana","category-galeria","category-portada"],"yoast_head":"<!-- This site is optimized with the Yoast SEO plugin v27.4 - https:\/\/yoast.com\/product\/yoast-seo-wordpress\/ -->\n<title>Por desempe\u00f1o acad\u00e9mico, cultural, deportivo y liderazgo reconocen a alumnos distinguidos de CETYS - CETYS<\/title>\n<meta name=\"description\" content=\"Articulo sobre Por desempe\u00f1o acad\u00e9mico, cultural, deportivo y liderazgo reconocen a alumnos distinguidos de CETYS\" \/>\n<meta name=\"robots\" content=\"index, follow, max-snippet:-1, max-image-preview:large, max-video-preview:-1\" \/>\n<link rel=\"canonical\" href=\"https:\/\/www.cetys.mx\/noticias\/por-desempeno-academico-cultural-deportivo-y-liderazgo-reconocen-a-alumnos-distinguidos-de-cetys\/\" \/>\n<meta property=\"og:locale\" content=\"es_MX\" \/>\n<meta property=\"og:type\" content=\"article\" \/>\n<meta property=\"og:title\" content=\"Por desempe\u00f1o acad\u00e9mico, cultural, deportivo y liderazgo reconocen a alumnos distinguidos de CETYS - CETYS\" \/>\n<meta property=\"og:description\" content=\"Articulo sobre Por desempe\u00f1o acad\u00e9mico, cultural, deportivo y liderazgo reconocen a alumnos distinguidos de CETYS\" \/>\n<meta property=\"og:url\" content=\"https:\/\/www.cetys.mx\/noticias\/por-desempeno-academico-cultural-deportivo-y-liderazgo-reconocen-a-alumnos-distinguidos-de-cetys\/\" \/>\n<meta property=\"og:site_name\" content=\"CETYS\" \/>\n<meta property=\"article:publisher\" content=\"https:\/\/www.facebook.com\/cetysuniversidadmxl\/\" \/>\n<meta property=\"article:published_time\" content=\"2024-02-21T19:46:48+00:00\" \/>\n<meta property=\"og:image\" content=\"https:\/\/www.cetys.mx\/noticias\/wp-content\/uploads\/2024\/02\/ceremonia-alumnos-distinguidos-cetys-tijuana-agosto-dic-2023.jpg\" \/>\n\t<meta property=\"og:image:width\" content=\"1041\" \/>\n\t<meta property=\"og:image:height\" content=\"692\" \/>\n\t<meta property=\"og:image:type\" content=\"image\/jpeg\" \/>\n<meta name=\"author\" content=\"Campus Tijuana\" \/>\n<meta name=\"twitter:card\" content=\"summary_large_image\" \/>\n<meta name=\"twitter:creator\" content=\"@cetysuni\" \/>\n<meta name=\"twitter:site\" content=\"@cetysuni\" \/>\n<meta name=\"twitter:label1\" content=\"Escrito por\" \/>\n\t<meta name=\"twitter:data1\" content=\"Campus Tijuana\" \/>\n\t<meta name=\"twitter:label2\" content=\"Tiempo de lectura\" \/>\n\t<meta name=\"twitter:data2\" content=\"2 minutos\" \/>\n<script type=\"application\/ld+json\" class=\"yoast-schema-graph\">{\"@context\":\"https:\\\/\\\/schema.org\",\"@graph\":[{\"@type\":\"Article\",\"@id\":\"https:\\\/\\\/www.cetys.mx\\\/noticias\\\/por-desempeno-academico-cultural-deportivo-y-liderazgo-reconocen-a-alumnos-distinguidos-de-cetys\\\/#article\",\"isPartOf\":{\"@id\":\"https:\\\/\\\/www.cetys.mx\\\/noticias\\\/por-desempeno-academico-cultural-deportivo-y-liderazgo-reconocen-a-alumnos-distinguidos-de-cetys\\\/\"},\"author\":{\"name\":\"Campus Tijuana\",\"@id\":\"https:\\\/\\\/www.cetys.mx\\\/noticias\\\/#\\\/schema\\\/person\\\/e790051ce60e18ae47cfa87011c8653f\"},\"headline\":\"Por desempe\u00f1o acad\u00e9mico, cultural, deportivo y liderazgo reconocen a alumnos distinguidos de CETYS\",\"datePublished\":\"2024-02-21T19:46:48+00:00\",\"mainEntityOfPage\":{\"@id\":\"https:\\\/\\\/www.cetys.mx\\\/noticias\\\/por-desempeno-academico-cultural-deportivo-y-liderazgo-reconocen-a-alumnos-distinguidos-de-cetys\\\/\"},\"wordCount\":445,\"commentCount\":0,\"image\":{\"@id\":\"https:\\\/\\\/www.cetys.mx\\\/noticias\\\/por-desempeno-academico-cultural-deportivo-y-liderazgo-reconocen-a-alumnos-distinguidos-de-cetys\\\/#primaryimage\"},\"thumbnailUrl\":\"https:\\\/\\\/www.cetys.mx\\\/noticias\\\/wp-content\\\/uploads\\\/2024\\\/02\\\/ceremonia-alumnos-distinguidos-cetys-tijuana-agosto-dic-2023.jpg\",\"articleSection\":[\"Campus Tijuana\",\"Galer\u00eda\",\"Portada\"],\"inLanguage\":\"es\",\"potentialAction\":[{\"@type\":\"CommentAction\",\"name\":\"Comment\",\"target\":[\"https:\\\/\\\/www.cetys.mx\\\/noticias\\\/por-desempeno-academico-cultural-deportivo-y-liderazgo-reconocen-a-alumnos-distinguidos-de-cetys\\\/#respond\"]}]},{\"@type\":\"WebPage\",\"@id\":\"https:\\\/\\\/www.cetys.mx\\\/noticias\\\/por-desempeno-academico-cultural-deportivo-y-liderazgo-reconocen-a-alumnos-distinguidos-de-cetys\\\/\",\"url\":\"https:\\\/\\\/www.cetys.mx\\\/noticias\\\/por-desempeno-academico-cultural-deportivo-y-liderazgo-reconocen-a-alumnos-distinguidos-de-cetys\\\/\",\"name\":\"Por desempe\u00f1o acad\u00e9mico, cultural, deportivo y liderazgo reconocen a alumnos distinguidos de CETYS - CETYS\",\"isPartOf\":{\"@id\":\"https:\\\/\\\/www.cetys.mx\\\/noticias\\\/#website\"},\"primaryImageOfPage\":{\"@id\":\"https:\\\/\\\/www.cetys.mx\\\/noticias\\\/por-desempeno-academico-cultural-deportivo-y-liderazgo-reconocen-a-alumnos-distinguidos-de-cetys\\\/#primaryimage\"},\"image\":{\"@id\":\"https:\\\/\\\/www.cetys.mx\\\/noticias\\\/por-desempeno-academico-cultural-deportivo-y-liderazgo-reconocen-a-alumnos-distinguidos-de-cetys\\\/#primaryimage\"},\"thumbnailUrl\":\"https:\\\/\\\/www.cetys.mx\\\/noticias\\\/wp-content\\\/uploads\\\/2024\\\/02\\\/ceremonia-alumnos-distinguidos-cetys-tijuana-agosto-dic-2023.jpg\",\"datePublished\":\"2024-02-21T19:46:48+00:00\",\"author\":{\"@id\":\"https:\\\/\\\/www.cetys.mx\\\/noticias\\\/#\\\/schema\\\/person\\\/e790051ce60e18ae47cfa87011c8653f\"},\"description\":\"Articulo sobre Por desempe\u00f1o acad\u00e9mico, cultural, deportivo y liderazgo reconocen a alumnos distinguidos de CETYS\",\"breadcrumb\":{\"@id\":\"https:\\\/\\\/www.cetys.mx\\\/noticias\\\/por-desempeno-academico-cultural-deportivo-y-liderazgo-reconocen-a-alumnos-distinguidos-de-cetys\\\/#breadcrumb\"},\"inLanguage\":\"es\",\"potentialAction\":[{\"@type\":\"ReadAction\",\"target\":[\"https:\\\/\\\/www.cetys.mx\\\/noticias\\\/por-desempeno-academico-cultural-deportivo-y-liderazgo-reconocen-a-alumnos-distinguidos-de-cetys\\\/\"]}]},{\"@type\":\"ImageObject\",\"inLanguage\":\"es\",\"@id\":\"https:\\\/\\\/www.cetys.mx\\\/noticias\\\/por-desempeno-academico-cultural-deportivo-y-liderazgo-reconocen-a-alumnos-distinguidos-de-cetys\\\/#primaryimage\",\"url\":\"https:\\\/\\\/www.cetys.mx\\\/noticias\\\/wp-content\\\/uploads\\\/2024\\\/02\\\/ceremonia-alumnos-distinguidos-cetys-tijuana-agosto-dic-2023.jpg\",\"contentUrl\":\"https:\\\/\\\/www.cetys.mx\\\/noticias\\\/wp-content\\\/uploads\\\/2024\\\/02\\\/ceremonia-alumnos-distinguidos-cetys-tijuana-agosto-dic-2023.jpg\",\"width\":1041,\"height\":692},{\"@type\":\"BreadcrumbList\",\"@id\":\"https:\\\/\\\/www.cetys.mx\\\/noticias\\\/por-desempeno-academico-cultural-deportivo-y-liderazgo-reconocen-a-alumnos-distinguidos-de-cetys\\\/#breadcrumb\",\"itemListElement\":[{\"@type\":\"ListItem\",\"position\":1,\"name\":\"Inicio\",\"item\":\"https:\\\/\\\/www.cetys.mx\\\/noticias\\\/\"},{\"@type\":\"ListItem\",\"position\":2,\"name\":\"Por desempe\u00f1o acad\u00e9mico, cultural, deportivo y liderazgo reconocen a alumnos distinguidos de CETYS\"}]},{\"@type\":\"WebSite\",\"@id\":\"https:\\\/\\\/www.cetys.mx\\\/noticias\\\/#website\",\"url\":\"https:\\\/\\\/www.cetys.mx\\\/noticias\\\/\",\"name\":\"CETYS\",\"description\":\"\",\"potentialAction\":[{\"@type\":\"SearchAction\",\"target\":{\"@type\":\"EntryPoint\",\"urlTemplate\":\"https:\\\/\\\/www.cetys.mx\\\/noticias\\\/?s={search_term_string}\"},\"query-input\":{\"@type\":\"PropertyValueSpecification\",\"valueRequired\":true,\"valueName\":\"search_term_string\"}}],\"inLanguage\":\"es\"},{\"@type\":\"Person\",\"@id\":\"https:\\\/\\\/www.cetys.mx\\\/noticias\\\/#\\\/schema\\\/person\\\/e790051ce60e18ae47cfa87011c8653f\",\"name\":\"Campus Tijuana\",\"url\":\"https:\\\/\\\/www.cetys.mx\\\/noticias\\\/author\\\/campustijuana\\\/\"}]}<\/script>\n<!-- \/ Yoast SEO plugin. -->","yoast_head_json":{"title":"Por desempe\u00f1o acad\u00e9mico, cultural, deportivo y liderazgo reconocen a alumnos distinguidos de CETYS - CETYS","description":"Articulo sobre Por desempe\u00f1o acad\u00e9mico, cultural, deportivo y liderazgo reconocen a alumnos distinguidos de CETYS","robots":{"index":"index","follow":"follow","max-snippet":"max-snippet:-1","max-image-preview":"max-image-preview:large","max-video-preview":"max-video-preview:-1"},"canonical":"https:\/\/www.cetys.mx\/noticias\/por-desempeno-academico-cultural-deportivo-y-liderazgo-reconocen-a-alumnos-distinguidos-de-cetys\/","og_locale":"es_MX","og_type":"article","og_title":"Por desempe\u00f1o acad\u00e9mico, cultural, deportivo y liderazgo reconocen a alumnos distinguidos de CETYS - CETYS","og_description":"Articulo sobre Por desempe\u00f1o acad\u00e9mico, cultural, deportivo y liderazgo reconocen a alumnos distinguidos de CETYS","og_url":"https:\/\/www.cetys.mx\/noticias\/por-desempeno-academico-cultural-deportivo-y-liderazgo-reconocen-a-alumnos-distinguidos-de-cetys\/","og_site_name":"CETYS","article_publisher":"https:\/\/www.facebook.com\/cetysuniversidadmxl\/","article_published_time":"2024-02-21T19:46:48+00:00","og_image":[{"width":1041,"height":692,"url":"https:\/\/www.cetys.mx\/noticias\/wp-content\/uploads\/2024\/02\/ceremonia-alumnos-distinguidos-cetys-tijuana-agosto-dic-2023.jpg","type":"image\/jpeg"}],"author":"Campus Tijuana","twitter_card":"summary_large_image","twitter_creator":"@cetysuni","twitter_site":"@cetysuni","twitter_misc":{"Escrito por":"Campus Tijuana","Tiempo de lectura":"2 minutos"},"schema":{"@context":"https:\/\/schema.org","@graph":[{"@type":"Article","@id":"https:\/\/www.cetys.mx\/noticias\/por-desempeno-academico-cultural-deportivo-y-liderazgo-reconocen-a-alumnos-distinguidos-de-cetys\/#article","isPartOf":{"@id":"https:\/\/www.cetys.mx\/noticias\/por-desempeno-academico-cultural-deportivo-y-liderazgo-reconocen-a-alumnos-distinguidos-de-cetys\/"},"author":{"name":"Campus Tijuana","@id":"https:\/\/www.cetys.mx\/noticias\/#\/schema\/person\/e790051ce60e18ae47cfa87011c8653f"},"headline":"Por desempe\u00f1o acad\u00e9mico, cultural, deportivo y liderazgo reconocen a alumnos distinguidos de CETYS","datePublished":"2024-02-21T19:46:48+00:00","mainEntityOfPage":{"@id":"https:\/\/www.cetys.mx\/noticias\/por-desempeno-academico-cultural-deportivo-y-liderazgo-reconocen-a-alumnos-distinguidos-de-cetys\/"},"wordCount":445,"commentCount":0,"image":{"@id":"https:\/\/www.cetys.mx\/noticias\/por-desempeno-academico-cultural-deportivo-y-liderazgo-reconocen-a-alumnos-distinguidos-de-cetys\/#primaryimage"},"thumbnailUrl":"https:\/\/www.cetys.mx\/noticias\/wp-content\/uploads\/2024\/02\/ceremonia-alumnos-distinguidos-cetys-tijuana-agosto-dic-2023.jpg","articleSection":["Campus Tijuana","Galer\u00eda","Portada"],"inLanguage":"es","potentialAction":[{"@type":"CommentAction","name":"Comment","target":["https:\/\/www.cetys.mx\/noticias\/por-desempeno-academico-cultural-deportivo-y-liderazgo-reconocen-a-alumnos-distinguidos-de-cetys\/#respond"]}]},{"@type":"WebPage","@id":"https:\/\/www.cetys.mx\/noticias\/por-desempeno-academico-cultural-deportivo-y-liderazgo-reconocen-a-alumnos-distinguidos-de-cetys\/","url":"https:\/\/www.cetys.mx\/noticias\/por-desempeno-academico-cultural-deportivo-y-liderazgo-reconocen-a-alumnos-distinguidos-de-cetys\/","name":"Por desempe\u00f1o acad\u00e9mico, cultural, deportivo y liderazgo reconocen a alumnos distinguidos de CETYS - CETYS","isPartOf":{"@id":"https:\/\/www.cetys.mx\/noticias\/#website"},"primaryImageOfPage":{"@id":"https:\/\/www.cetys.mx\/noticias\/por-desempeno-academico-cultural-deportivo-y-liderazgo-reconocen-a-alumnos-distinguidos-de-cetys\/#primaryimage"},"image":{"@id":"https:\/\/www.cetys.mx\/noticias\/por-desempeno-academico-cultural-deportivo-y-liderazgo-reconocen-a-alumnos-distinguidos-de-cetys\/#primaryimage"},"thumbnailUrl":"https:\/\/www.cetys.mx\/noticias\/wp-content\/uploads\/2024\/02\/ceremonia-alumnos-distinguidos-cetys-tijuana-agosto-dic-2023.jpg","datePublished":"2024-02-21T19:46:48+00:00","author":{"@id":"https:\/\/www.cetys.mx\/noticias\/#\/schema\/person\/e790051ce60e18ae47cfa87011c8653f"},"description":"Articulo sobre Por desempe\u00f1o acad\u00e9mico, cultural, deportivo y liderazgo reconocen a alumnos distinguidos de CETYS","breadcrumb":{"@id":"https:\/\/www.cetys.mx\/noticias\/por-desempeno-academico-cultural-deportivo-y-liderazgo-reconocen-a-alumnos-distinguidos-de-cetys\/#breadcrumb"},"inLanguage":"es","potentialAction":[{"@type":"ReadAction","target":["https:\/\/www.cetys.mx\/noticias\/por-desempeno-academico-cultural-deportivo-y-liderazgo-reconocen-a-alumnos-distinguidos-de-cetys\/"]}]},{"@type":"ImageObject","inLanguage":"es","@id":"https:\/\/www.cetys.mx\/noticias\/por-desempeno-academico-cultural-deportivo-y-liderazgo-reconocen-a-alumnos-distinguidos-de-cetys\/#primaryimage","url":"https:\/\/www.cetys.mx\/noticias\/wp-content\/uploads\/2024\/02\/ceremonia-alumnos-distinguidos-cetys-tijuana-agosto-dic-2023.jpg","contentUrl":"https:\/\/www.cetys.mx\/noticias\/wp-content\/uploads\/2024\/02\/ceremonia-alumnos-distinguidos-cetys-tijuana-agosto-dic-2023.jpg","width":1041,"height":692},{"@type":"BreadcrumbList","@id":"https:\/\/www.cetys.mx\/noticias\/por-desempeno-academico-cultural-deportivo-y-liderazgo-reconocen-a-alumnos-distinguidos-de-cetys\/#breadcrumb","itemListElement":[{"@type":"ListItem","position":1,"name":"Inicio","item":"https:\/\/www.cetys.mx\/noticias\/"},{"@type":"ListItem","position":2,"name":"Por desempe\u00f1o acad\u00e9mico, cultural, deportivo y liderazgo reconocen a alumnos distinguidos de CETYS"}]},{"@type":"WebSite","@id":"https:\/\/www.cetys.mx\/noticias\/#website","url":"https:\/\/www.cetys.mx\/noticias\/","name":"CETYS","description":"","potentialAction":[{"@type":"SearchAction","target":{"@type":"EntryPoint","urlTemplate":"https:\/\/www.cetys.mx\/noticias\/?s={search_term_string}"},"query-input":{"@type":"PropertyValueSpecification","valueRequired":true,"valueName":"search_term_string"}}],"inLanguage":"es"},{"@type":"Person","@id":"https:\/\/www.cetys.mx\/noticias\/#\/schema\/person\/e790051ce60e18ae47cfa87011c8653f","name":"Campus Tijuana","url":"https:\/\/www.cetys.mx\/noticias\/author\/campustijuana\/"}]}},"_links":{"self":[{"href":"https:\/\/www.cetys.mx\/noticias\/wp-json\/wp\/v2\/posts\/179268","targetHints":{"allow":["GET"]}}],"collection":[{"href":"https:\/\/www.cetys.mx\/noticias\/wp-json\/wp\/v2\/posts"}],"about":[{"href":"https:\/\/www.cetys.mx\/noticias\/wp-json\/wp\/v2\/types\/post"}],"author":[{"embeddable":true,"href":"https:\/\/www.cetys.mx\/noticias\/wp-json\/wp\/v2\/users\/24"}],"replies":[{"embeddable":true,"href":"https:\/\/www.cetys.mx\/noticias\/wp-json\/wp\/v2\/comments?post=179268"}],"version-history":[{"count":1,"href":"https:\/\/www.cetys.mx\/noticias\/wp-json\/wp\/v2\/posts\/179268\/revisions"}],"predecessor-version":[{"id":179269,"href":"https:\/\/www.cetys.mx\/noticias\/wp-json\/wp\/v2\/posts\/179268\/revisions\/179269"}],"wp:featuredmedia":[{"embeddable":true,"href":"https:\/\/www.cetys.mx\/noticias\/wp-json\/wp\/v2\/media\/179267"}],"wp:attachment":[{"href":"https:\/\/www.cetys.mx\/noticias\/wp-json\/wp\/v2\/media?parent=179268"}],"wp:term":[{"taxonomy":"category","embeddable":true,"href":"https:\/\/www.cetys.mx\/noticias\/wp-json\/wp\/v2\/categories?post=179268"},{"taxonomy":"post_tag","embeddable":true,"href":"https:\/\/www.cetys.mx\/noticias\/wp-json\/wp\/v2\/tags?post=179268"}],"curies":[{"name":"wp","href":"https:\/\/api.w.org\/{rel}","templated":true}]}}