{"id":178889,"date":"2024-01-30T17:42:15","date_gmt":"2024-01-31T01:42:15","guid":{"rendered":"https:\/\/www.cetys.mx\/noticias\/?p=178889"},"modified":"2024-01-30T17:42:15","modified_gmt":"2024-01-31T01:42:15","slug":"docente-distinguido-internacional-de-la-cgsb-presenta-libro-de-su-autoria-en-paris-francia","status":"publish","type":"post","link":"https:\/\/www.cetys.mx\/noticias\/docente-distinguido-internacional-de-la-cgsb-presenta-libro-de-su-autoria-en-paris-francia\/","title":{"rendered":"Docente distinguido internacional de la CGSB presenta libro de su autor\u00eda en Par\u00eds, Francia"},"content":{"rendered":"<p><span style=\"font-weight: 400;\">Editado por el Think Tank NLG y la Escuela de Posgrado de CETYS Universidad, el Dr. Pablo \u00c1lamo, profesor distinguido internacional de la CETYS Graduate School of Business, present\u00f3 en Par\u00eds, Francia, el libro <\/span><i><span style=\"font-weight: 400;\">Antioxydants pour l\u00b4entreprise familiale<\/span><\/i><span style=\"font-weight: 400;\">, el cual escribi\u00f3 en coautor\u00eda con su padre, el economista Jos\u00e9 \u00c1lamo.<\/span><\/p>\n<p><span style=\"font-weight: 400;\">Fue el 18 de enero de 2024 cuando, en una de las zonas m\u00e1s conocidas de Par\u00eds, el Caf\u00e9 du Pont Neuf, tuvo lugar dicha presentaci\u00f3n de la obra que presenta la innovadora tesis de que las empresas familiares ser\u00edan m\u00e1s longevas y exitosas si funcionaran como el cuerpo humano; es decir, si sus miembros actuaran como las c\u00e9lulas sanas de un cuerpo humano.\u00a0<\/span><\/p>\n<p><span style=\"font-weight: 400;\"><img loading=\"lazy\" decoding=\"async\" class=\" wp-image-178890 alignleft\" src=\"https:\/\/www.cetys.mx\/noticias\/wp-content\/uploads\/2024\/01\/PHOTO-2024-01-19-05-16-44.jpg\" alt=\"\" width=\"287\" height=\"382\" srcset=\"https:\/\/www.cetys.mx\/noticias\/wp-content\/uploads\/2024\/01\/PHOTO-2024-01-19-05-16-44.jpg 1200w, https:\/\/www.cetys.mx\/noticias\/wp-content\/uploads\/2024\/01\/PHOTO-2024-01-19-05-16-44-768x1024.jpg 768w\" sizes=\"auto, (max-width: 287px) 100vw, 287px\" \/>\u201cLa l\u00f3gica de un cuerpo humano sano es la colaboraci\u00f3n entre sus partes, nunca la competencia entre ellas. As\u00ed act\u00faa la c\u00e9lula humana en circunstancias normales, porque lo sano, habitual y eficiente es la solidaridad entre las partes, tener una visi\u00f3n sist\u00e9mica, basada en la funcionalidad y colaboraci\u00f3n constantes\u201d, explic\u00f3 el Dr. \u00c1lamo.<\/span><\/p>\n<p><span style=\"font-weight: 400;\">El acto fue organizado por la C\u00e1mara de Am\u00e9rica Latina en Par\u00eds, gracias a la visi\u00f3n y coordinaci\u00f3n de Bel\u00e9n de Le\u00f3n, directora del Think Tank NLG en Francia quien, citando ejemplos de empresas familiares francesas como Auchan y L\u00b4Or\u00e9al, coment\u00f3 que uno de los hechos que m\u00e1s influyen en que las empresas familiares tengan una larga vida es la visi\u00f3n a largo plazo de los familiares, especialmente de los directores, evitando caer en el cortoplacismo que impone a veces el mundo financiero, con sus metas de maximizar la rentabilidad a corto plazo.<\/span><\/p>\n<p><span style=\"font-weight: 400;\">Por su parte, el presidente de la C\u00e1mara, Francisco Queiruga, resalt\u00f3 la importancia de esta obra y su originalidad. \u201cPocas personas han visto tan claramente el impacto social negativo de las turbulencias en empresas familiares, como hicieron los autores Jos\u00e9 y Pablo \u00c1lamo en su libro, utilizando la imagen de los antioxidantes, elemento trascendental y necesarios para eliminar los radicales libres que aceleran el envejecimiento y la mortalidad del cuerpo humano. Los antioxidantes se utilizan para fortalecer el sistema inmunol\u00f3gico. El paralelismo entre la empresa familiar, como n\u00facleo del organismo social, y el cuerpo f\u00edsico que alberga nuestra energ\u00eda creativa, es sin duda original\u201d.<\/span><\/p>\n<p><span style=\"font-weight: 400;\">El evento concluy\u00f3 con una copa de vino franc\u00e9s que se reparti\u00f3 durante el turno de preguntas y la firma de m\u00e1s de 30 libros. Adem\u00e1s de empresarios y de emprendedores franceses y latinoamericanos, la presentaci\u00f3n del libro cont\u00f3 con la presencia de miembros del gobierno de la Rep\u00fablica del Congo y del cuerpo diplom\u00e1tico de la Rep\u00fablica del Paraguay.<\/span><\/p>\n","protected":false},"excerpt":{"rendered":"<p>Editado por el Think Tank NLG y la Escuela de Posgrado de CETYS Universidad, el Dr. Pablo \u00c1lamo, profesor distinguido internacional de&#8230;<\/p>\n","protected":false},"author":20,"featured_media":178891,"comment_status":"open","ping_status":"closed","sticky":false,"template":"","format":"standard","meta":{"footnotes":""},"categories":[133,6418],"tags":[],"class_list":["post-178889","post","type-post","status-publish","format-standard","has-post-thumbnail","hentry","category-campus-mexicali","category-cgsb"],"yoast_head":"<!-- This site is optimized with the Yoast SEO plugin v27.4 - https:\/\/yoast.com\/product\/yoast-seo-wordpress\/ -->\n<title>Docente distinguido internacional de la CGSB presenta libro de su autor\u00eda en Par\u00eds, Francia - CETYS<\/title>\n<meta name=\"description\" content=\"Articulo sobre Docente distinguido internacional de la CGSB presenta libro de su autor\u00eda en Par\u00eds, Francia\" \/>\n<meta name=\"robots\" content=\"index, follow, max-snippet:-1, max-image-preview:large, max-video-preview:-1\" \/>\n<link rel=\"canonical\" href=\"https:\/\/www.cetys.mx\/noticias\/docente-distinguido-internacional-de-la-cgsb-presenta-libro-de-su-autoria-en-paris-francia\/\" \/>\n<meta property=\"og:locale\" content=\"es_MX\" \/>\n<meta property=\"og:type\" content=\"article\" \/>\n<meta property=\"og:title\" content=\"Docente distinguido internacional de la CGSB presenta libro de su autor\u00eda en Par\u00eds, Francia - CETYS\" \/>\n<meta property=\"og:description\" content=\"Articulo sobre Docente distinguido internacional de la CGSB presenta libro de su autor\u00eda en Par\u00eds, Francia\" \/>\n<meta property=\"og:url\" content=\"https:\/\/www.cetys.mx\/noticias\/docente-distinguido-internacional-de-la-cgsb-presenta-libro-de-su-autoria-en-paris-francia\/\" \/>\n<meta property=\"og:site_name\" content=\"CETYS\" \/>\n<meta property=\"article:publisher\" content=\"https:\/\/www.facebook.com\/cetysuniversidadmxl\/\" \/>\n<meta property=\"article:published_time\" content=\"2024-01-31T01:42:15+00:00\" \/>\n<meta property=\"og:image\" content=\"https:\/\/www.cetys.mx\/noticias\/wp-content\/uploads\/2024\/01\/Dr-Pablo-Alamo-presenta-libro-en-Paris.jpg\" \/>\n\t<meta property=\"og:image:width\" content=\"958\" \/>\n\t<meta property=\"og:image:height\" content=\"637\" \/>\n\t<meta property=\"og:image:type\" content=\"image\/jpeg\" \/>\n<meta name=\"author\" content=\"Campus Mexicali\" \/>\n<meta name=\"twitter:card\" content=\"summary_large_image\" \/>\n<meta name=\"twitter:creator\" content=\"@cetysuni\" \/>\n<meta name=\"twitter:site\" content=\"@cetysuni\" \/>\n<meta name=\"twitter:label1\" content=\"Escrito por\" \/>\n\t<meta name=\"twitter:data1\" content=\"Campus Mexicali\" \/>\n\t<meta name=\"twitter:label2\" content=\"Tiempo de lectura\" \/>\n\t<meta name=\"twitter:data2\" content=\"2 minutos\" \/>\n<script type=\"application\/ld+json\" class=\"yoast-schema-graph\">{\"@context\":\"https:\\\/\\\/schema.org\",\"@graph\":[{\"@type\":\"Article\",\"@id\":\"https:\\\/\\\/www.cetys.mx\\\/noticias\\\/docente-distinguido-internacional-de-la-cgsb-presenta-libro-de-su-autoria-en-paris-francia\\\/#article\",\"isPartOf\":{\"@id\":\"https:\\\/\\\/www.cetys.mx\\\/noticias\\\/docente-distinguido-internacional-de-la-cgsb-presenta-libro-de-su-autoria-en-paris-francia\\\/\"},\"author\":{\"name\":\"Campus Mexicali\",\"@id\":\"https:\\\/\\\/www.cetys.mx\\\/noticias\\\/#\\\/schema\\\/person\\\/79a95c4ac185f3705cf1b9c9340a5f70\"},\"headline\":\"Docente distinguido internacional de la CGSB presenta libro de su autor\u00eda en Par\u00eds, Francia\",\"datePublished\":\"2024-01-31T01:42:15+00:00\",\"mainEntityOfPage\":{\"@id\":\"https:\\\/\\\/www.cetys.mx\\\/noticias\\\/docente-distinguido-internacional-de-la-cgsb-presenta-libro-de-su-autoria-en-paris-francia\\\/\"},\"wordCount\":476,\"commentCount\":0,\"image\":{\"@id\":\"https:\\\/\\\/www.cetys.mx\\\/noticias\\\/docente-distinguido-internacional-de-la-cgsb-presenta-libro-de-su-autoria-en-paris-francia\\\/#primaryimage\"},\"thumbnailUrl\":\"https:\\\/\\\/www.cetys.mx\\\/noticias\\\/wp-content\\\/uploads\\\/2024\\\/01\\\/Dr-Pablo-Alamo-presenta-libro-en-Paris.jpg\",\"articleSection\":[\"Campus Mexicali\",\"CGSB\"],\"inLanguage\":\"es\",\"potentialAction\":[{\"@type\":\"CommentAction\",\"name\":\"Comment\",\"target\":[\"https:\\\/\\\/www.cetys.mx\\\/noticias\\\/docente-distinguido-internacional-de-la-cgsb-presenta-libro-de-su-autoria-en-paris-francia\\\/#respond\"]}]},{\"@type\":\"WebPage\",\"@id\":\"https:\\\/\\\/www.cetys.mx\\\/noticias\\\/docente-distinguido-internacional-de-la-cgsb-presenta-libro-de-su-autoria-en-paris-francia\\\/\",\"url\":\"https:\\\/\\\/www.cetys.mx\\\/noticias\\\/docente-distinguido-internacional-de-la-cgsb-presenta-libro-de-su-autoria-en-paris-francia\\\/\",\"name\":\"Docente distinguido internacional de la CGSB presenta libro de su autor\u00eda en Par\u00eds, Francia - CETYS\",\"isPartOf\":{\"@id\":\"https:\\\/\\\/www.cetys.mx\\\/noticias\\\/#website\"},\"primaryImageOfPage\":{\"@id\":\"https:\\\/\\\/www.cetys.mx\\\/noticias\\\/docente-distinguido-internacional-de-la-cgsb-presenta-libro-de-su-autoria-en-paris-francia\\\/#primaryimage\"},\"image\":{\"@id\":\"https:\\\/\\\/www.cetys.mx\\\/noticias\\\/docente-distinguido-internacional-de-la-cgsb-presenta-libro-de-su-autoria-en-paris-francia\\\/#primaryimage\"},\"thumbnailUrl\":\"https:\\\/\\\/www.cetys.mx\\\/noticias\\\/wp-content\\\/uploads\\\/2024\\\/01\\\/Dr-Pablo-Alamo-presenta-libro-en-Paris.jpg\",\"datePublished\":\"2024-01-31T01:42:15+00:00\",\"author\":{\"@id\":\"https:\\\/\\\/www.cetys.mx\\\/noticias\\\/#\\\/schema\\\/person\\\/79a95c4ac185f3705cf1b9c9340a5f70\"},\"description\":\"Articulo sobre Docente distinguido internacional de la CGSB presenta libro de su autor\u00eda en Par\u00eds, Francia\",\"breadcrumb\":{\"@id\":\"https:\\\/\\\/www.cetys.mx\\\/noticias\\\/docente-distinguido-internacional-de-la-cgsb-presenta-libro-de-su-autoria-en-paris-francia\\\/#breadcrumb\"},\"inLanguage\":\"es\",\"potentialAction\":[{\"@type\":\"ReadAction\",\"target\":[\"https:\\\/\\\/www.cetys.mx\\\/noticias\\\/docente-distinguido-internacional-de-la-cgsb-presenta-libro-de-su-autoria-en-paris-francia\\\/\"]}]},{\"@type\":\"ImageObject\",\"inLanguage\":\"es\",\"@id\":\"https:\\\/\\\/www.cetys.mx\\\/noticias\\\/docente-distinguido-internacional-de-la-cgsb-presenta-libro-de-su-autoria-en-paris-francia\\\/#primaryimage\",\"url\":\"https:\\\/\\\/www.cetys.mx\\\/noticias\\\/wp-content\\\/uploads\\\/2024\\\/01\\\/Dr-Pablo-Alamo-presenta-libro-en-Paris.jpg\",\"contentUrl\":\"https:\\\/\\\/www.cetys.mx\\\/noticias\\\/wp-content\\\/uploads\\\/2024\\\/01\\\/Dr-Pablo-Alamo-presenta-libro-en-Paris.jpg\",\"width\":958,\"height\":637},{\"@type\":\"BreadcrumbList\",\"@id\":\"https:\\\/\\\/www.cetys.mx\\\/noticias\\\/docente-distinguido-internacional-de-la-cgsb-presenta-libro-de-su-autoria-en-paris-francia\\\/#breadcrumb\",\"itemListElement\":[{\"@type\":\"ListItem\",\"position\":1,\"name\":\"Inicio\",\"item\":\"https:\\\/\\\/www.cetys.mx\\\/noticias\\\/\"},{\"@type\":\"ListItem\",\"position\":2,\"name\":\"Docente distinguido internacional de la CGSB presenta libro de su autor\u00eda en Par\u00eds, Francia\"}]},{\"@type\":\"WebSite\",\"@id\":\"https:\\\/\\\/www.cetys.mx\\\/noticias\\\/#website\",\"url\":\"https:\\\/\\\/www.cetys.mx\\\/noticias\\\/\",\"name\":\"CETYS\",\"description\":\"\",\"potentialAction\":[{\"@type\":\"SearchAction\",\"target\":{\"@type\":\"EntryPoint\",\"urlTemplate\":\"https:\\\/\\\/www.cetys.mx\\\/noticias\\\/?s={search_term_string}\"},\"query-input\":{\"@type\":\"PropertyValueSpecification\",\"valueRequired\":true,\"valueName\":\"search_term_string\"}}],\"inLanguage\":\"es\"},{\"@type\":\"Person\",\"@id\":\"https:\\\/\\\/www.cetys.mx\\\/noticias\\\/#\\\/schema\\\/person\\\/79a95c4ac185f3705cf1b9c9340a5f70\",\"name\":\"Campus Mexicali\",\"url\":\"https:\\\/\\\/www.cetys.mx\\\/noticias\\\/author\\\/campusmexicali\\\/\"}]}<\/script>\n<!-- \/ Yoast SEO plugin. -->","yoast_head_json":{"title":"Docente distinguido internacional de la CGSB presenta libro de su autor\u00eda en Par\u00eds, Francia - CETYS","description":"Articulo sobre Docente distinguido internacional de la CGSB presenta libro de su autor\u00eda en Par\u00eds, Francia","robots":{"index":"index","follow":"follow","max-snippet":"max-snippet:-1","max-image-preview":"max-image-preview:large","max-video-preview":"max-video-preview:-1"},"canonical":"https:\/\/www.cetys.mx\/noticias\/docente-distinguido-internacional-de-la-cgsb-presenta-libro-de-su-autoria-en-paris-francia\/","og_locale":"es_MX","og_type":"article","og_title":"Docente distinguido internacional de la CGSB presenta libro de su autor\u00eda en Par\u00eds, Francia - CETYS","og_description":"Articulo sobre Docente distinguido internacional de la CGSB presenta libro de su autor\u00eda en Par\u00eds, Francia","og_url":"https:\/\/www.cetys.mx\/noticias\/docente-distinguido-internacional-de-la-cgsb-presenta-libro-de-su-autoria-en-paris-francia\/","og_site_name":"CETYS","article_publisher":"https:\/\/www.facebook.com\/cetysuniversidadmxl\/","article_published_time":"2024-01-31T01:42:15+00:00","og_image":[{"width":958,"height":637,"url":"https:\/\/www.cetys.mx\/noticias\/wp-content\/uploads\/2024\/01\/Dr-Pablo-Alamo-presenta-libro-en-Paris.jpg","type":"image\/jpeg"}],"author":"Campus Mexicali","twitter_card":"summary_large_image","twitter_creator":"@cetysuni","twitter_site":"@cetysuni","twitter_misc":{"Escrito por":"Campus Mexicali","Tiempo de lectura":"2 minutos"},"schema":{"@context":"https:\/\/schema.org","@graph":[{"@type":"Article","@id":"https:\/\/www.cetys.mx\/noticias\/docente-distinguido-internacional-de-la-cgsb-presenta-libro-de-su-autoria-en-paris-francia\/#article","isPartOf":{"@id":"https:\/\/www.cetys.mx\/noticias\/docente-distinguido-internacional-de-la-cgsb-presenta-libro-de-su-autoria-en-paris-francia\/"},"author":{"name":"Campus Mexicali","@id":"https:\/\/www.cetys.mx\/noticias\/#\/schema\/person\/79a95c4ac185f3705cf1b9c9340a5f70"},"headline":"Docente distinguido internacional de la CGSB presenta libro de su autor\u00eda en Par\u00eds, Francia","datePublished":"2024-01-31T01:42:15+00:00","mainEntityOfPage":{"@id":"https:\/\/www.cetys.mx\/noticias\/docente-distinguido-internacional-de-la-cgsb-presenta-libro-de-su-autoria-en-paris-francia\/"},"wordCount":476,"commentCount":0,"image":{"@id":"https:\/\/www.cetys.mx\/noticias\/docente-distinguido-internacional-de-la-cgsb-presenta-libro-de-su-autoria-en-paris-francia\/#primaryimage"},"thumbnailUrl":"https:\/\/www.cetys.mx\/noticias\/wp-content\/uploads\/2024\/01\/Dr-Pablo-Alamo-presenta-libro-en-Paris.jpg","articleSection":["Campus Mexicali","CGSB"],"inLanguage":"es","potentialAction":[{"@type":"CommentAction","name":"Comment","target":["https:\/\/www.cetys.mx\/noticias\/docente-distinguido-internacional-de-la-cgsb-presenta-libro-de-su-autoria-en-paris-francia\/#respond"]}]},{"@type":"WebPage","@id":"https:\/\/www.cetys.mx\/noticias\/docente-distinguido-internacional-de-la-cgsb-presenta-libro-de-su-autoria-en-paris-francia\/","url":"https:\/\/www.cetys.mx\/noticias\/docente-distinguido-internacional-de-la-cgsb-presenta-libro-de-su-autoria-en-paris-francia\/","name":"Docente distinguido internacional de la CGSB presenta libro de su autor\u00eda en Par\u00eds, Francia - CETYS","isPartOf":{"@id":"https:\/\/www.cetys.mx\/noticias\/#website"},"primaryImageOfPage":{"@id":"https:\/\/www.cetys.mx\/noticias\/docente-distinguido-internacional-de-la-cgsb-presenta-libro-de-su-autoria-en-paris-francia\/#primaryimage"},"image":{"@id":"https:\/\/www.cetys.mx\/noticias\/docente-distinguido-internacional-de-la-cgsb-presenta-libro-de-su-autoria-en-paris-francia\/#primaryimage"},"thumbnailUrl":"https:\/\/www.cetys.mx\/noticias\/wp-content\/uploads\/2024\/01\/Dr-Pablo-Alamo-presenta-libro-en-Paris.jpg","datePublished":"2024-01-31T01:42:15+00:00","author":{"@id":"https:\/\/www.cetys.mx\/noticias\/#\/schema\/person\/79a95c4ac185f3705cf1b9c9340a5f70"},"description":"Articulo sobre Docente distinguido internacional de la CGSB presenta libro de su autor\u00eda en Par\u00eds, Francia","breadcrumb":{"@id":"https:\/\/www.cetys.mx\/noticias\/docente-distinguido-internacional-de-la-cgsb-presenta-libro-de-su-autoria-en-paris-francia\/#breadcrumb"},"inLanguage":"es","potentialAction":[{"@type":"ReadAction","target":["https:\/\/www.cetys.mx\/noticias\/docente-distinguido-internacional-de-la-cgsb-presenta-libro-de-su-autoria-en-paris-francia\/"]}]},{"@type":"ImageObject","inLanguage":"es","@id":"https:\/\/www.cetys.mx\/noticias\/docente-distinguido-internacional-de-la-cgsb-presenta-libro-de-su-autoria-en-paris-francia\/#primaryimage","url":"https:\/\/www.cetys.mx\/noticias\/wp-content\/uploads\/2024\/01\/Dr-Pablo-Alamo-presenta-libro-en-Paris.jpg","contentUrl":"https:\/\/www.cetys.mx\/noticias\/wp-content\/uploads\/2024\/01\/Dr-Pablo-Alamo-presenta-libro-en-Paris.jpg","width":958,"height":637},{"@type":"BreadcrumbList","@id":"https:\/\/www.cetys.mx\/noticias\/docente-distinguido-internacional-de-la-cgsb-presenta-libro-de-su-autoria-en-paris-francia\/#breadcrumb","itemListElement":[{"@type":"ListItem","position":1,"name":"Inicio","item":"https:\/\/www.cetys.mx\/noticias\/"},{"@type":"ListItem","position":2,"name":"Docente distinguido internacional de la CGSB presenta libro de su autor\u00eda en Par\u00eds, Francia"}]},{"@type":"WebSite","@id":"https:\/\/www.cetys.mx\/noticias\/#website","url":"https:\/\/www.cetys.mx\/noticias\/","name":"CETYS","description":"","potentialAction":[{"@type":"SearchAction","target":{"@type":"EntryPoint","urlTemplate":"https:\/\/www.cetys.mx\/noticias\/?s={search_term_string}"},"query-input":{"@type":"PropertyValueSpecification","valueRequired":true,"valueName":"search_term_string"}}],"inLanguage":"es"},{"@type":"Person","@id":"https:\/\/www.cetys.mx\/noticias\/#\/schema\/person\/79a95c4ac185f3705cf1b9c9340a5f70","name":"Campus Mexicali","url":"https:\/\/www.cetys.mx\/noticias\/author\/campusmexicali\/"}]}},"_links":{"self":[{"href":"https:\/\/www.cetys.mx\/noticias\/wp-json\/wp\/v2\/posts\/178889","targetHints":{"allow":["GET"]}}],"collection":[{"href":"https:\/\/www.cetys.mx\/noticias\/wp-json\/wp\/v2\/posts"}],"about":[{"href":"https:\/\/www.cetys.mx\/noticias\/wp-json\/wp\/v2\/types\/post"}],"author":[{"embeddable":true,"href":"https:\/\/www.cetys.mx\/noticias\/wp-json\/wp\/v2\/users\/20"}],"replies":[{"embeddable":true,"href":"https:\/\/www.cetys.mx\/noticias\/wp-json\/wp\/v2\/comments?post=178889"}],"version-history":[{"count":1,"href":"https:\/\/www.cetys.mx\/noticias\/wp-json\/wp\/v2\/posts\/178889\/revisions"}],"predecessor-version":[{"id":178892,"href":"https:\/\/www.cetys.mx\/noticias\/wp-json\/wp\/v2\/posts\/178889\/revisions\/178892"}],"wp:featuredmedia":[{"embeddable":true,"href":"https:\/\/www.cetys.mx\/noticias\/wp-json\/wp\/v2\/media\/178891"}],"wp:attachment":[{"href":"https:\/\/www.cetys.mx\/noticias\/wp-json\/wp\/v2\/media?parent=178889"}],"wp:term":[{"taxonomy":"category","embeddable":true,"href":"https:\/\/www.cetys.mx\/noticias\/wp-json\/wp\/v2\/categories?post=178889"},{"taxonomy":"post_tag","embeddable":true,"href":"https:\/\/www.cetys.mx\/noticias\/wp-json\/wp\/v2\/tags?post=178889"}],"curies":[{"name":"wp","href":"https:\/\/api.w.org\/{rel}","templated":true}]}}