{"id":178333,"date":"2023-12-13T10:35:48","date_gmt":"2023-12-13T18:35:48","guid":{"rendered":"https:\/\/www.cetys.mx\/noticias\/?p=178333"},"modified":"2024-01-09T12:09:38","modified_gmt":"2024-01-09T20:09:38","slug":"celebran-cetys-y-usd-certificacion-de-su-maestria-doble-grado","status":"publish","type":"post","link":"https:\/\/www.cetys.mx\/noticias\/celebran-cetys-y-usd-certificacion-de-su-maestria-doble-grado\/","title":{"rendered":"Celebran CETYS y USD certificaci\u00f3n de su Maestr\u00eda Doble Grado"},"content":{"rendered":"<p><span style=\"font-weight: 400;\">Fortaleciendo el objetivo de contribuir en el desarrollo de l\u00edderes binacionales y biling\u00fces capaces de impactar positivamente la regi\u00f3n y el contexto internacional, que ambas instituciones comparten, CETYS Universidad y la Universidad de San Diego (USD) celebraron la certificaci\u00f3n de su Maestr\u00eda Doble Grado MBA\/MA respectivamente.\u00a0<\/span><\/p>\n<p><span style=\"font-weight: 400;\">La oportunidad de construir una asociaci\u00f3n m\u00e1s s\u00f3lida entre estas dos universidades destacadas por su excelencia acad\u00e9mica y su compromiso con el aprendizaje global y los proyectos transfronterizos, se hizo posible gracias a las gestiones de la CETYS Graduate School of Business y la School of Leadership and Education Sciences.\u00a0<\/span><\/p>\n<p><span style=\"font-weight: 400;\">\u201cEstamos hablando de un programa de alto impacto, de una doble maestr\u00eda que re\u00fane los conocimientos y las mejores pr\u00e1cticas de dos excelentes programas y que, en conjunto, desarrolla un modelo de aprendizaje innovador, dise\u00f1ado para conectar a docentes con profesionales que est\u00e1n listos para convertirse en agentes de cambio y liderar en su organizaci\u00f3n hacia la integraci\u00f3n del trabajo y el bienestar comunitario\u201d, comparti\u00f3 la Dra. M\u00f3nica L\u00f3pez Sieben, directora de la CETYS Graduate School of Business.<\/span><\/p>\n<p><span style=\"font-weight: 400;\">A\u00f1adi\u00f3 que los graduados de este programa est\u00e1n preparados para desarrollar una carrera global. La cercan\u00eda de Baja California y California, aporta los recursos para capitalizar esa interseccionalidad desde una mentalidad global y, al mismo tiempo, humanista y con visi\u00f3n de futuro.<\/span><\/p>\n<p>Un ejemplo de esto es Eduardo Aranda, Egresado del MBA Doble Grado de CETYS \u2013 USD, quien indic\u00f3 que este programa es lo mejor de dos mundos, \u201cme ha ayudado a mi carrera y contribuido a mi confianza profesional para dirigir negociaciones en mi \u00e1rea, adem\u00e1s expandi\u00f3 mi red de contactos en diversas partes del mundo. Deseo invitar a cualquiera que busque mejorar sus habilidades y que busquen un mejor futuro que participe\u201d.<\/p>\n<p>Este convenio entre Universidades inici\u00f3 en el 2019, egresando la primera generaci\u00f3n en el 2021. Este pr\u00f3ximo enero 2024 est\u00e1 por ingresar la s\u00e9ptima generaci\u00f3n de alumnos y en junio 2024 est\u00e1 por egresar la cuarta generaci\u00f3n.<\/p>\n<p>El MBA Doble Grado ofrece una oportunidad \u00fanica en su tipo, donde se combinan la experiencia acad\u00e9mica y fortaleza de vinculaci\u00f3n de ambas Universidad, proporcionando a su alumnado una experiencia de aprendizaje multiexperiencial, a trav\u00e9s de las diversas formas de aprendizaje.<\/p>\n<p><img loading=\"lazy\" decoding=\"async\" class=\" wp-image-178335 aligncenter\" src=\"https:\/\/www.cetys.mx\/noticias\/wp-content\/uploads\/2023\/12\/IMG_2401.jpeg\" alt=\"\" width=\"618\" height=\"411\" srcset=\"https:\/\/www.cetys.mx\/noticias\/wp-content\/uploads\/2023\/12\/IMG_2401.jpeg 958w, https:\/\/www.cetys.mx\/noticias\/wp-content\/uploads\/2023\/12\/IMG_2401-768x511.jpeg 768w\" sizes=\"auto, (max-width: 618px) 100vw, 618px\" \/><\/p>\n","protected":false},"excerpt":{"rendered":"<p>Fortaleciendo el objetivo de contribuir en el desarrollo de l\u00edderes binacionales y biling\u00fces capaces de impactar positivamente la regi\u00f3n y el contexto&#8230;<\/p>\n","protected":false},"author":20,"featured_media":178337,"comment_status":"open","ping_status":"closed","sticky":false,"template":"","format":"standard","meta":{"footnotes":""},"categories":[209,313],"tags":[6665],"class_list":["post-178333","post","type-post","status-publish","format-standard","has-post-thumbnail","hentry","category-institucional","category-vocetys-2","tag-vocetys-2024-01-09"],"yoast_head":"<!-- This site is optimized with the Yoast SEO plugin v27.4 - https:\/\/yoast.com\/product\/yoast-seo-wordpress\/ -->\n<title>Celebran CETYS y USD certificaci\u00f3n de su Maestr\u00eda Doble Grado - CETYS<\/title>\n<meta name=\"description\" content=\"Articulo sobre Celebran CETYS y USD certificaci\u00f3n de su Maestr\u00eda Doble Grado\" \/>\n<meta name=\"robots\" content=\"index, follow, max-snippet:-1, max-image-preview:large, max-video-preview:-1\" \/>\n<link rel=\"canonical\" href=\"https:\/\/www.cetys.mx\/noticias\/celebran-cetys-y-usd-certificacion-de-su-maestria-doble-grado\/\" \/>\n<meta property=\"og:locale\" content=\"es_MX\" \/>\n<meta property=\"og:type\" content=\"article\" \/>\n<meta property=\"og:title\" content=\"Celebran CETYS y USD certificaci\u00f3n de su Maestr\u00eda Doble Grado - CETYS\" \/>\n<meta property=\"og:description\" content=\"Articulo sobre Celebran CETYS y USD certificaci\u00f3n de su Maestr\u00eda Doble Grado\" \/>\n<meta property=\"og:url\" content=\"https:\/\/www.cetys.mx\/noticias\/celebran-cetys-y-usd-certificacion-de-su-maestria-doble-grado\/\" \/>\n<meta property=\"og:site_name\" content=\"CETYS\" \/>\n<meta property=\"article:publisher\" content=\"https:\/\/www.facebook.com\/cetysuniversidadmxl\/\" \/>\n<meta property=\"article:published_time\" content=\"2023-12-13T18:35:48+00:00\" \/>\n<meta property=\"article:modified_time\" content=\"2024-01-09T20:09:38+00:00\" \/>\n<meta property=\"og:image\" content=\"https:\/\/www.cetys.mx\/noticias\/wp-content\/uploads\/2023\/12\/Certificacion-CETYS-USD.jpg\" \/>\n\t<meta property=\"og:image:width\" content=\"958\" \/>\n\t<meta property=\"og:image:height\" content=\"637\" \/>\n\t<meta property=\"og:image:type\" content=\"image\/jpeg\" \/>\n<meta name=\"author\" content=\"Campus Mexicali\" \/>\n<meta name=\"twitter:card\" content=\"summary_large_image\" \/>\n<meta name=\"twitter:creator\" content=\"@cetysuni\" \/>\n<meta name=\"twitter:site\" content=\"@cetysuni\" \/>\n<meta name=\"twitter:label1\" content=\"Escrito por\" \/>\n\t<meta name=\"twitter:data1\" content=\"Campus Mexicali\" \/>\n\t<meta name=\"twitter:label2\" content=\"Tiempo de lectura\" \/>\n\t<meta name=\"twitter:data2\" content=\"2 minutos\" \/>\n<script type=\"application\/ld+json\" class=\"yoast-schema-graph\">{\"@context\":\"https:\\\/\\\/schema.org\",\"@graph\":[{\"@type\":\"Article\",\"@id\":\"https:\\\/\\\/www.cetys.mx\\\/noticias\\\/celebran-cetys-y-usd-certificacion-de-su-maestria-doble-grado\\\/#article\",\"isPartOf\":{\"@id\":\"https:\\\/\\\/www.cetys.mx\\\/noticias\\\/celebran-cetys-y-usd-certificacion-de-su-maestria-doble-grado\\\/\"},\"author\":{\"name\":\"Campus Mexicali\",\"@id\":\"https:\\\/\\\/www.cetys.mx\\\/noticias\\\/#\\\/schema\\\/person\\\/79a95c4ac185f3705cf1b9c9340a5f70\"},\"headline\":\"Celebran CETYS y USD certificaci\u00f3n de su Maestr\u00eda Doble Grado\",\"datePublished\":\"2023-12-13T18:35:48+00:00\",\"dateModified\":\"2024-01-09T20:09:38+00:00\",\"mainEntityOfPage\":{\"@id\":\"https:\\\/\\\/www.cetys.mx\\\/noticias\\\/celebran-cetys-y-usd-certificacion-de-su-maestria-doble-grado\\\/\"},\"wordCount\":406,\"commentCount\":0,\"image\":{\"@id\":\"https:\\\/\\\/www.cetys.mx\\\/noticias\\\/celebran-cetys-y-usd-certificacion-de-su-maestria-doble-grado\\\/#primaryimage\"},\"thumbnailUrl\":\"https:\\\/\\\/www.cetys.mx\\\/noticias\\\/wp-content\\\/uploads\\\/2023\\\/12\\\/Certificacion-CETYS-USD.jpg\",\"keywords\":[\"vocetys-2024-01-09\"],\"articleSection\":[\"Institucional\",\"VoCETYS\"],\"inLanguage\":\"es\",\"potentialAction\":[{\"@type\":\"CommentAction\",\"name\":\"Comment\",\"target\":[\"https:\\\/\\\/www.cetys.mx\\\/noticias\\\/celebran-cetys-y-usd-certificacion-de-su-maestria-doble-grado\\\/#respond\"]}]},{\"@type\":\"WebPage\",\"@id\":\"https:\\\/\\\/www.cetys.mx\\\/noticias\\\/celebran-cetys-y-usd-certificacion-de-su-maestria-doble-grado\\\/\",\"url\":\"https:\\\/\\\/www.cetys.mx\\\/noticias\\\/celebran-cetys-y-usd-certificacion-de-su-maestria-doble-grado\\\/\",\"name\":\"Celebran CETYS y USD certificaci\u00f3n de su Maestr\u00eda Doble Grado - CETYS\",\"isPartOf\":{\"@id\":\"https:\\\/\\\/www.cetys.mx\\\/noticias\\\/#website\"},\"primaryImageOfPage\":{\"@id\":\"https:\\\/\\\/www.cetys.mx\\\/noticias\\\/celebran-cetys-y-usd-certificacion-de-su-maestria-doble-grado\\\/#primaryimage\"},\"image\":{\"@id\":\"https:\\\/\\\/www.cetys.mx\\\/noticias\\\/celebran-cetys-y-usd-certificacion-de-su-maestria-doble-grado\\\/#primaryimage\"},\"thumbnailUrl\":\"https:\\\/\\\/www.cetys.mx\\\/noticias\\\/wp-content\\\/uploads\\\/2023\\\/12\\\/Certificacion-CETYS-USD.jpg\",\"datePublished\":\"2023-12-13T18:35:48+00:00\",\"dateModified\":\"2024-01-09T20:09:38+00:00\",\"author\":{\"@id\":\"https:\\\/\\\/www.cetys.mx\\\/noticias\\\/#\\\/schema\\\/person\\\/79a95c4ac185f3705cf1b9c9340a5f70\"},\"description\":\"Articulo sobre Celebran CETYS y USD certificaci\u00f3n de su Maestr\u00eda Doble Grado\",\"breadcrumb\":{\"@id\":\"https:\\\/\\\/www.cetys.mx\\\/noticias\\\/celebran-cetys-y-usd-certificacion-de-su-maestria-doble-grado\\\/#breadcrumb\"},\"inLanguage\":\"es\",\"potentialAction\":[{\"@type\":\"ReadAction\",\"target\":[\"https:\\\/\\\/www.cetys.mx\\\/noticias\\\/celebran-cetys-y-usd-certificacion-de-su-maestria-doble-grado\\\/\"]}]},{\"@type\":\"ImageObject\",\"inLanguage\":\"es\",\"@id\":\"https:\\\/\\\/www.cetys.mx\\\/noticias\\\/celebran-cetys-y-usd-certificacion-de-su-maestria-doble-grado\\\/#primaryimage\",\"url\":\"https:\\\/\\\/www.cetys.mx\\\/noticias\\\/wp-content\\\/uploads\\\/2023\\\/12\\\/Certificacion-CETYS-USD.jpg\",\"contentUrl\":\"https:\\\/\\\/www.cetys.mx\\\/noticias\\\/wp-content\\\/uploads\\\/2023\\\/12\\\/Certificacion-CETYS-USD.jpg\",\"width\":958,\"height\":637},{\"@type\":\"BreadcrumbList\",\"@id\":\"https:\\\/\\\/www.cetys.mx\\\/noticias\\\/celebran-cetys-y-usd-certificacion-de-su-maestria-doble-grado\\\/#breadcrumb\",\"itemListElement\":[{\"@type\":\"ListItem\",\"position\":1,\"name\":\"Inicio\",\"item\":\"https:\\\/\\\/www.cetys.mx\\\/noticias\\\/\"},{\"@type\":\"ListItem\",\"position\":2,\"name\":\"Celebran CETYS y USD certificaci\u00f3n de su Maestr\u00eda Doble Grado\"}]},{\"@type\":\"WebSite\",\"@id\":\"https:\\\/\\\/www.cetys.mx\\\/noticias\\\/#website\",\"url\":\"https:\\\/\\\/www.cetys.mx\\\/noticias\\\/\",\"name\":\"CETYS\",\"description\":\"\",\"potentialAction\":[{\"@type\":\"SearchAction\",\"target\":{\"@type\":\"EntryPoint\",\"urlTemplate\":\"https:\\\/\\\/www.cetys.mx\\\/noticias\\\/?s={search_term_string}\"},\"query-input\":{\"@type\":\"PropertyValueSpecification\",\"valueRequired\":true,\"valueName\":\"search_term_string\"}}],\"inLanguage\":\"es\"},{\"@type\":\"Person\",\"@id\":\"https:\\\/\\\/www.cetys.mx\\\/noticias\\\/#\\\/schema\\\/person\\\/79a95c4ac185f3705cf1b9c9340a5f70\",\"name\":\"Campus Mexicali\",\"url\":\"https:\\\/\\\/www.cetys.mx\\\/noticias\\\/author\\\/campusmexicali\\\/\"}]}<\/script>\n<!-- \/ Yoast SEO plugin. -->","yoast_head_json":{"title":"Celebran CETYS y USD certificaci\u00f3n de su Maestr\u00eda Doble Grado - CETYS","description":"Articulo sobre Celebran CETYS y USD certificaci\u00f3n de su Maestr\u00eda Doble Grado","robots":{"index":"index","follow":"follow","max-snippet":"max-snippet:-1","max-image-preview":"max-image-preview:large","max-video-preview":"max-video-preview:-1"},"canonical":"https:\/\/www.cetys.mx\/noticias\/celebran-cetys-y-usd-certificacion-de-su-maestria-doble-grado\/","og_locale":"es_MX","og_type":"article","og_title":"Celebran CETYS y USD certificaci\u00f3n de su Maestr\u00eda Doble Grado - CETYS","og_description":"Articulo sobre Celebran CETYS y USD certificaci\u00f3n de su Maestr\u00eda Doble Grado","og_url":"https:\/\/www.cetys.mx\/noticias\/celebran-cetys-y-usd-certificacion-de-su-maestria-doble-grado\/","og_site_name":"CETYS","article_publisher":"https:\/\/www.facebook.com\/cetysuniversidadmxl\/","article_published_time":"2023-12-13T18:35:48+00:00","article_modified_time":"2024-01-09T20:09:38+00:00","og_image":[{"width":958,"height":637,"url":"https:\/\/www.cetys.mx\/noticias\/wp-content\/uploads\/2023\/12\/Certificacion-CETYS-USD.jpg","type":"image\/jpeg"}],"author":"Campus Mexicali","twitter_card":"summary_large_image","twitter_creator":"@cetysuni","twitter_site":"@cetysuni","twitter_misc":{"Escrito por":"Campus Mexicali","Tiempo de lectura":"2 minutos"},"schema":{"@context":"https:\/\/schema.org","@graph":[{"@type":"Article","@id":"https:\/\/www.cetys.mx\/noticias\/celebran-cetys-y-usd-certificacion-de-su-maestria-doble-grado\/#article","isPartOf":{"@id":"https:\/\/www.cetys.mx\/noticias\/celebran-cetys-y-usd-certificacion-de-su-maestria-doble-grado\/"},"author":{"name":"Campus Mexicali","@id":"https:\/\/www.cetys.mx\/noticias\/#\/schema\/person\/79a95c4ac185f3705cf1b9c9340a5f70"},"headline":"Celebran CETYS y USD certificaci\u00f3n de su Maestr\u00eda Doble Grado","datePublished":"2023-12-13T18:35:48+00:00","dateModified":"2024-01-09T20:09:38+00:00","mainEntityOfPage":{"@id":"https:\/\/www.cetys.mx\/noticias\/celebran-cetys-y-usd-certificacion-de-su-maestria-doble-grado\/"},"wordCount":406,"commentCount":0,"image":{"@id":"https:\/\/www.cetys.mx\/noticias\/celebran-cetys-y-usd-certificacion-de-su-maestria-doble-grado\/#primaryimage"},"thumbnailUrl":"https:\/\/www.cetys.mx\/noticias\/wp-content\/uploads\/2023\/12\/Certificacion-CETYS-USD.jpg","keywords":["vocetys-2024-01-09"],"articleSection":["Institucional","VoCETYS"],"inLanguage":"es","potentialAction":[{"@type":"CommentAction","name":"Comment","target":["https:\/\/www.cetys.mx\/noticias\/celebran-cetys-y-usd-certificacion-de-su-maestria-doble-grado\/#respond"]}]},{"@type":"WebPage","@id":"https:\/\/www.cetys.mx\/noticias\/celebran-cetys-y-usd-certificacion-de-su-maestria-doble-grado\/","url":"https:\/\/www.cetys.mx\/noticias\/celebran-cetys-y-usd-certificacion-de-su-maestria-doble-grado\/","name":"Celebran CETYS y USD certificaci\u00f3n de su Maestr\u00eda Doble Grado - CETYS","isPartOf":{"@id":"https:\/\/www.cetys.mx\/noticias\/#website"},"primaryImageOfPage":{"@id":"https:\/\/www.cetys.mx\/noticias\/celebran-cetys-y-usd-certificacion-de-su-maestria-doble-grado\/#primaryimage"},"image":{"@id":"https:\/\/www.cetys.mx\/noticias\/celebran-cetys-y-usd-certificacion-de-su-maestria-doble-grado\/#primaryimage"},"thumbnailUrl":"https:\/\/www.cetys.mx\/noticias\/wp-content\/uploads\/2023\/12\/Certificacion-CETYS-USD.jpg","datePublished":"2023-12-13T18:35:48+00:00","dateModified":"2024-01-09T20:09:38+00:00","author":{"@id":"https:\/\/www.cetys.mx\/noticias\/#\/schema\/person\/79a95c4ac185f3705cf1b9c9340a5f70"},"description":"Articulo sobre Celebran CETYS y USD certificaci\u00f3n de su Maestr\u00eda Doble Grado","breadcrumb":{"@id":"https:\/\/www.cetys.mx\/noticias\/celebran-cetys-y-usd-certificacion-de-su-maestria-doble-grado\/#breadcrumb"},"inLanguage":"es","potentialAction":[{"@type":"ReadAction","target":["https:\/\/www.cetys.mx\/noticias\/celebran-cetys-y-usd-certificacion-de-su-maestria-doble-grado\/"]}]},{"@type":"ImageObject","inLanguage":"es","@id":"https:\/\/www.cetys.mx\/noticias\/celebran-cetys-y-usd-certificacion-de-su-maestria-doble-grado\/#primaryimage","url":"https:\/\/www.cetys.mx\/noticias\/wp-content\/uploads\/2023\/12\/Certificacion-CETYS-USD.jpg","contentUrl":"https:\/\/www.cetys.mx\/noticias\/wp-content\/uploads\/2023\/12\/Certificacion-CETYS-USD.jpg","width":958,"height":637},{"@type":"BreadcrumbList","@id":"https:\/\/www.cetys.mx\/noticias\/celebran-cetys-y-usd-certificacion-de-su-maestria-doble-grado\/#breadcrumb","itemListElement":[{"@type":"ListItem","position":1,"name":"Inicio","item":"https:\/\/www.cetys.mx\/noticias\/"},{"@type":"ListItem","position":2,"name":"Celebran CETYS y USD certificaci\u00f3n de su Maestr\u00eda Doble Grado"}]},{"@type":"WebSite","@id":"https:\/\/www.cetys.mx\/noticias\/#website","url":"https:\/\/www.cetys.mx\/noticias\/","name":"CETYS","description":"","potentialAction":[{"@type":"SearchAction","target":{"@type":"EntryPoint","urlTemplate":"https:\/\/www.cetys.mx\/noticias\/?s={search_term_string}"},"query-input":{"@type":"PropertyValueSpecification","valueRequired":true,"valueName":"search_term_string"}}],"inLanguage":"es"},{"@type":"Person","@id":"https:\/\/www.cetys.mx\/noticias\/#\/schema\/person\/79a95c4ac185f3705cf1b9c9340a5f70","name":"Campus Mexicali","url":"https:\/\/www.cetys.mx\/noticias\/author\/campusmexicali\/"}]}},"_links":{"self":[{"href":"https:\/\/www.cetys.mx\/noticias\/wp-json\/wp\/v2\/posts\/178333","targetHints":{"allow":["GET"]}}],"collection":[{"href":"https:\/\/www.cetys.mx\/noticias\/wp-json\/wp\/v2\/posts"}],"about":[{"href":"https:\/\/www.cetys.mx\/noticias\/wp-json\/wp\/v2\/types\/post"}],"author":[{"embeddable":true,"href":"https:\/\/www.cetys.mx\/noticias\/wp-json\/wp\/v2\/users\/20"}],"replies":[{"embeddable":true,"href":"https:\/\/www.cetys.mx\/noticias\/wp-json\/wp\/v2\/comments?post=178333"}],"version-history":[{"count":4,"href":"https:\/\/www.cetys.mx\/noticias\/wp-json\/wp\/v2\/posts\/178333\/revisions"}],"predecessor-version":[{"id":178361,"href":"https:\/\/www.cetys.mx\/noticias\/wp-json\/wp\/v2\/posts\/178333\/revisions\/178361"}],"wp:featuredmedia":[{"embeddable":true,"href":"https:\/\/www.cetys.mx\/noticias\/wp-json\/wp\/v2\/media\/178337"}],"wp:attachment":[{"href":"https:\/\/www.cetys.mx\/noticias\/wp-json\/wp\/v2\/media?parent=178333"}],"wp:term":[{"taxonomy":"category","embeddable":true,"href":"https:\/\/www.cetys.mx\/noticias\/wp-json\/wp\/v2\/categories?post=178333"},{"taxonomy":"post_tag","embeddable":true,"href":"https:\/\/www.cetys.mx\/noticias\/wp-json\/wp\/v2\/tags?post=178333"}],"curies":[{"name":"wp","href":"https:\/\/api.w.org\/{rel}","templated":true}]}}