{"id":178296,"date":"2023-12-11T17:02:12","date_gmt":"2023-12-12T01:02:12","guid":{"rendered":"https:\/\/www.cetys.mx\/noticias\/?p=178296"},"modified":"2023-12-11T17:04:47","modified_gmt":"2023-12-12T01:04:47","slug":"estudiantes-de-psicologia-en-cetys-llevan-congreso-familia-a-padres-de-familia","status":"publish","type":"post","link":"https:\/\/www.cetys.mx\/noticias\/estudiantes-de-psicologia-en-cetys-llevan-congreso-familia-a-padres-de-familia\/","title":{"rendered":"[Video] Estudiantes de Psicolog\u00eda en CETYS llevan Congreso Familia a padres de familia"},"content":{"rendered":"<p>Esta es la tercera edici\u00f3n del Congreso Familia, la cual es llevada a cabo por los alumnos de Psicolog\u00eda Cl\u00ednica, Organizacional e Infantil de CETYS en Tijuana, esto de la mano del Centro de Apoyo y Orientaci\u00f3n Psicol\u00f3gica (CAOP) el cual cumpli\u00f3 30 a\u00f1os de atender temas de salud mental a la comunidad.<\/p>\n","protected":false},"excerpt":{"rendered":"<p>Esta es la tercera edici\u00f3n del Congreso Familia, la cual es llevada a cabo por los alumnos de Psicolog\u00eda Cl\u00ednica, Organizacional e&#8230;<\/p>\n","protected":false},"author":24,"featured_media":178297,"comment_status":"open","ping_status":"closed","sticky":false,"template":"","format":"video","meta":{"footnotes":""},"categories":[134,147,313],"tags":[1285,1420,6491,487],"class_list":["post-178296","post","type-post","status-publish","format-video","has-post-thumbnail","hentry","category-campus-tijuana","category-video","category-vocetys-2","tag-caop","tag-psicologia-organizacional","tag-psicologiaclinica","tag-psicologiainfantil","post_format-post-format-video"],"yoast_head":"<!-- This site is optimized with the Yoast SEO plugin v27.4 - https:\/\/yoast.com\/product\/yoast-seo-wordpress\/ -->\n<title>[Video] Estudiantes de Psicolog\u00eda en CETYS llevan Congreso Familia a padres de familia - CETYS<\/title>\n<meta name=\"description\" content=\"Articulo sobre [Video] Estudiantes de Psicolog\u00eda en CETYS llevan Congreso Familia a padres de familia\" \/>\n<meta name=\"robots\" content=\"index, follow, max-snippet:-1, max-image-preview:large, max-video-preview:-1\" \/>\n<link rel=\"canonical\" href=\"https:\/\/www.cetys.mx\/noticias\/estudiantes-de-psicologia-en-cetys-llevan-congreso-familia-a-padres-de-familia\/\" \/>\n<meta property=\"og:locale\" content=\"es_MX\" \/>\n<meta property=\"og:type\" content=\"article\" \/>\n<meta property=\"og:title\" content=\"[Video] Estudiantes de Psicolog\u00eda en CETYS llevan Congreso Familia a padres de familia - CETYS\" \/>\n<meta property=\"og:description\" content=\"Articulo sobre [Video] Estudiantes de Psicolog\u00eda en CETYS llevan Congreso Familia a padres de familia\" \/>\n<meta property=\"og:url\" content=\"https:\/\/www.cetys.mx\/noticias\/estudiantes-de-psicologia-en-cetys-llevan-congreso-familia-a-padres-de-familia\/\" \/>\n<meta property=\"og:site_name\" content=\"CETYS\" \/>\n<meta property=\"article:publisher\" content=\"https:\/\/www.facebook.com\/cetysuniversidadmxl\/\" \/>\n<meta property=\"article:published_time\" content=\"2023-12-12T01:02:12+00:00\" \/>\n<meta property=\"article:modified_time\" content=\"2023-12-12T01:04:47+00:00\" \/>\n<meta property=\"og:image\" content=\"https:\/\/www.cetys.mx\/noticias\/wp-content\/uploads\/2023\/12\/congreso-familia-tercera-edicion-alumnos-psicologia.jpg\" \/>\n\t<meta property=\"og:image:width\" content=\"958\" \/>\n\t<meta property=\"og:image:height\" content=\"637\" \/>\n\t<meta property=\"og:image:type\" content=\"image\/jpeg\" \/>\n<meta name=\"author\" content=\"Campus Tijuana\" \/>\n<meta name=\"twitter:card\" content=\"summary_large_image\" \/>\n<meta name=\"twitter:creator\" content=\"@cetysuni\" \/>\n<meta name=\"twitter:site\" content=\"@cetysuni\" \/>\n<meta name=\"twitter:label1\" content=\"Escrito por\" \/>\n\t<meta name=\"twitter:data1\" content=\"Campus Tijuana\" \/>\n<script type=\"application\/ld+json\" class=\"yoast-schema-graph\">{\"@context\":\"https:\\\/\\\/schema.org\",\"@graph\":[{\"@type\":\"Article\",\"@id\":\"https:\\\/\\\/www.cetys.mx\\\/noticias\\\/estudiantes-de-psicologia-en-cetys-llevan-congreso-familia-a-padres-de-familia\\\/#article\",\"isPartOf\":{\"@id\":\"https:\\\/\\\/www.cetys.mx\\\/noticias\\\/estudiantes-de-psicologia-en-cetys-llevan-congreso-familia-a-padres-de-familia\\\/\"},\"author\":{\"name\":\"Campus Tijuana\",\"@id\":\"https:\\\/\\\/www.cetys.mx\\\/noticias\\\/#\\\/schema\\\/person\\\/e790051ce60e18ae47cfa87011c8653f\"},\"headline\":\"[Video] Estudiantes de Psicolog\u00eda en CETYS llevan Congreso Familia a padres de familia\",\"datePublished\":\"2023-12-12T01:02:12+00:00\",\"dateModified\":\"2023-12-12T01:04:47+00:00\",\"mainEntityOfPage\":{\"@id\":\"https:\\\/\\\/www.cetys.mx\\\/noticias\\\/estudiantes-de-psicologia-en-cetys-llevan-congreso-familia-a-padres-de-familia\\\/\"},\"wordCount\":72,\"commentCount\":0,\"image\":{\"@id\":\"https:\\\/\\\/www.cetys.mx\\\/noticias\\\/estudiantes-de-psicologia-en-cetys-llevan-congreso-familia-a-padres-de-familia\\\/#primaryimage\"},\"thumbnailUrl\":\"https:\\\/\\\/www.cetys.mx\\\/noticias\\\/wp-content\\\/uploads\\\/2023\\\/12\\\/congreso-familia-tercera-edicion-alumnos-psicologia.jpg\",\"keywords\":[\"CAOP\",\"psicologia organizacional\",\"PsicologiaClinica\",\"psicologiainfantil\"],\"articleSection\":[\"Campus Tijuana\",\"Video\",\"VoCETYS\"],\"inLanguage\":\"es\",\"potentialAction\":[{\"@type\":\"CommentAction\",\"name\":\"Comment\",\"target\":[\"https:\\\/\\\/www.cetys.mx\\\/noticias\\\/estudiantes-de-psicologia-en-cetys-llevan-congreso-familia-a-padres-de-familia\\\/#respond\"]}]},{\"@type\":\"WebPage\",\"@id\":\"https:\\\/\\\/www.cetys.mx\\\/noticias\\\/estudiantes-de-psicologia-en-cetys-llevan-congreso-familia-a-padres-de-familia\\\/\",\"url\":\"https:\\\/\\\/www.cetys.mx\\\/noticias\\\/estudiantes-de-psicologia-en-cetys-llevan-congreso-familia-a-padres-de-familia\\\/\",\"name\":\"[Video] Estudiantes de Psicolog\u00eda en CETYS llevan Congreso Familia a padres de familia - CETYS\",\"isPartOf\":{\"@id\":\"https:\\\/\\\/www.cetys.mx\\\/noticias\\\/#website\"},\"primaryImageOfPage\":{\"@id\":\"https:\\\/\\\/www.cetys.mx\\\/noticias\\\/estudiantes-de-psicologia-en-cetys-llevan-congreso-familia-a-padres-de-familia\\\/#primaryimage\"},\"image\":{\"@id\":\"https:\\\/\\\/www.cetys.mx\\\/noticias\\\/estudiantes-de-psicologia-en-cetys-llevan-congreso-familia-a-padres-de-familia\\\/#primaryimage\"},\"thumbnailUrl\":\"https:\\\/\\\/www.cetys.mx\\\/noticias\\\/wp-content\\\/uploads\\\/2023\\\/12\\\/congreso-familia-tercera-edicion-alumnos-psicologia.jpg\",\"datePublished\":\"2023-12-12T01:02:12+00:00\",\"dateModified\":\"2023-12-12T01:04:47+00:00\",\"author\":{\"@id\":\"https:\\\/\\\/www.cetys.mx\\\/noticias\\\/#\\\/schema\\\/person\\\/e790051ce60e18ae47cfa87011c8653f\"},\"description\":\"Articulo sobre [Video] Estudiantes de Psicolog\u00eda en CETYS llevan Congreso Familia a padres de familia\",\"breadcrumb\":{\"@id\":\"https:\\\/\\\/www.cetys.mx\\\/noticias\\\/estudiantes-de-psicologia-en-cetys-llevan-congreso-familia-a-padres-de-familia\\\/#breadcrumb\"},\"inLanguage\":\"es\",\"potentialAction\":[{\"@type\":\"ReadAction\",\"target\":[\"https:\\\/\\\/www.cetys.mx\\\/noticias\\\/estudiantes-de-psicologia-en-cetys-llevan-congreso-familia-a-padres-de-familia\\\/\"]}]},{\"@type\":\"ImageObject\",\"inLanguage\":\"es\",\"@id\":\"https:\\\/\\\/www.cetys.mx\\\/noticias\\\/estudiantes-de-psicologia-en-cetys-llevan-congreso-familia-a-padres-de-familia\\\/#primaryimage\",\"url\":\"https:\\\/\\\/www.cetys.mx\\\/noticias\\\/wp-content\\\/uploads\\\/2023\\\/12\\\/congreso-familia-tercera-edicion-alumnos-psicologia.jpg\",\"contentUrl\":\"https:\\\/\\\/www.cetys.mx\\\/noticias\\\/wp-content\\\/uploads\\\/2023\\\/12\\\/congreso-familia-tercera-edicion-alumnos-psicologia.jpg\",\"width\":958,\"height\":637},{\"@type\":\"BreadcrumbList\",\"@id\":\"https:\\\/\\\/www.cetys.mx\\\/noticias\\\/estudiantes-de-psicologia-en-cetys-llevan-congreso-familia-a-padres-de-familia\\\/#breadcrumb\",\"itemListElement\":[{\"@type\":\"ListItem\",\"position\":1,\"name\":\"Inicio\",\"item\":\"https:\\\/\\\/www.cetys.mx\\\/noticias\\\/\"},{\"@type\":\"ListItem\",\"position\":2,\"name\":\"[Video] Estudiantes de Psicolog\u00eda en CETYS llevan Congreso Familia a padres de familia\"}]},{\"@type\":\"WebSite\",\"@id\":\"https:\\\/\\\/www.cetys.mx\\\/noticias\\\/#website\",\"url\":\"https:\\\/\\\/www.cetys.mx\\\/noticias\\\/\",\"name\":\"CETYS\",\"description\":\"\",\"potentialAction\":[{\"@type\":\"SearchAction\",\"target\":{\"@type\":\"EntryPoint\",\"urlTemplate\":\"https:\\\/\\\/www.cetys.mx\\\/noticias\\\/?s={search_term_string}\"},\"query-input\":{\"@type\":\"PropertyValueSpecification\",\"valueRequired\":true,\"valueName\":\"search_term_string\"}}],\"inLanguage\":\"es\"},{\"@type\":\"Person\",\"@id\":\"https:\\\/\\\/www.cetys.mx\\\/noticias\\\/#\\\/schema\\\/person\\\/e790051ce60e18ae47cfa87011c8653f\",\"name\":\"Campus Tijuana\",\"url\":\"https:\\\/\\\/www.cetys.mx\\\/noticias\\\/author\\\/campustijuana\\\/\"}]}<\/script>\n<!-- \/ Yoast SEO plugin. -->","yoast_head_json":{"title":"[Video] Estudiantes de Psicolog\u00eda en CETYS llevan Congreso Familia a padres de familia - CETYS","description":"Articulo sobre [Video] Estudiantes de Psicolog\u00eda en CETYS llevan Congreso Familia a padres de familia","robots":{"index":"index","follow":"follow","max-snippet":"max-snippet:-1","max-image-preview":"max-image-preview:large","max-video-preview":"max-video-preview:-1"},"canonical":"https:\/\/www.cetys.mx\/noticias\/estudiantes-de-psicologia-en-cetys-llevan-congreso-familia-a-padres-de-familia\/","og_locale":"es_MX","og_type":"article","og_title":"[Video] Estudiantes de Psicolog\u00eda en CETYS llevan Congreso Familia a padres de familia - CETYS","og_description":"Articulo sobre [Video] Estudiantes de Psicolog\u00eda en CETYS llevan Congreso Familia a padres de familia","og_url":"https:\/\/www.cetys.mx\/noticias\/estudiantes-de-psicologia-en-cetys-llevan-congreso-familia-a-padres-de-familia\/","og_site_name":"CETYS","article_publisher":"https:\/\/www.facebook.com\/cetysuniversidadmxl\/","article_published_time":"2023-12-12T01:02:12+00:00","article_modified_time":"2023-12-12T01:04:47+00:00","og_image":[{"width":958,"height":637,"url":"https:\/\/www.cetys.mx\/noticias\/wp-content\/uploads\/2023\/12\/congreso-familia-tercera-edicion-alumnos-psicologia.jpg","type":"image\/jpeg"}],"author":"Campus Tijuana","twitter_card":"summary_large_image","twitter_creator":"@cetysuni","twitter_site":"@cetysuni","twitter_misc":{"Escrito por":"Campus Tijuana"},"schema":{"@context":"https:\/\/schema.org","@graph":[{"@type":"Article","@id":"https:\/\/www.cetys.mx\/noticias\/estudiantes-de-psicologia-en-cetys-llevan-congreso-familia-a-padres-de-familia\/#article","isPartOf":{"@id":"https:\/\/www.cetys.mx\/noticias\/estudiantes-de-psicologia-en-cetys-llevan-congreso-familia-a-padres-de-familia\/"},"author":{"name":"Campus Tijuana","@id":"https:\/\/www.cetys.mx\/noticias\/#\/schema\/person\/e790051ce60e18ae47cfa87011c8653f"},"headline":"[Video] Estudiantes de Psicolog\u00eda en CETYS llevan Congreso Familia a padres de familia","datePublished":"2023-12-12T01:02:12+00:00","dateModified":"2023-12-12T01:04:47+00:00","mainEntityOfPage":{"@id":"https:\/\/www.cetys.mx\/noticias\/estudiantes-de-psicologia-en-cetys-llevan-congreso-familia-a-padres-de-familia\/"},"wordCount":72,"commentCount":0,"image":{"@id":"https:\/\/www.cetys.mx\/noticias\/estudiantes-de-psicologia-en-cetys-llevan-congreso-familia-a-padres-de-familia\/#primaryimage"},"thumbnailUrl":"https:\/\/www.cetys.mx\/noticias\/wp-content\/uploads\/2023\/12\/congreso-familia-tercera-edicion-alumnos-psicologia.jpg","keywords":["CAOP","psicologia organizacional","PsicologiaClinica","psicologiainfantil"],"articleSection":["Campus Tijuana","Video","VoCETYS"],"inLanguage":"es","potentialAction":[{"@type":"CommentAction","name":"Comment","target":["https:\/\/www.cetys.mx\/noticias\/estudiantes-de-psicologia-en-cetys-llevan-congreso-familia-a-padres-de-familia\/#respond"]}]},{"@type":"WebPage","@id":"https:\/\/www.cetys.mx\/noticias\/estudiantes-de-psicologia-en-cetys-llevan-congreso-familia-a-padres-de-familia\/","url":"https:\/\/www.cetys.mx\/noticias\/estudiantes-de-psicologia-en-cetys-llevan-congreso-familia-a-padres-de-familia\/","name":"[Video] Estudiantes de Psicolog\u00eda en CETYS llevan Congreso Familia a padres de familia - CETYS","isPartOf":{"@id":"https:\/\/www.cetys.mx\/noticias\/#website"},"primaryImageOfPage":{"@id":"https:\/\/www.cetys.mx\/noticias\/estudiantes-de-psicologia-en-cetys-llevan-congreso-familia-a-padres-de-familia\/#primaryimage"},"image":{"@id":"https:\/\/www.cetys.mx\/noticias\/estudiantes-de-psicologia-en-cetys-llevan-congreso-familia-a-padres-de-familia\/#primaryimage"},"thumbnailUrl":"https:\/\/www.cetys.mx\/noticias\/wp-content\/uploads\/2023\/12\/congreso-familia-tercera-edicion-alumnos-psicologia.jpg","datePublished":"2023-12-12T01:02:12+00:00","dateModified":"2023-12-12T01:04:47+00:00","author":{"@id":"https:\/\/www.cetys.mx\/noticias\/#\/schema\/person\/e790051ce60e18ae47cfa87011c8653f"},"description":"Articulo sobre [Video] Estudiantes de Psicolog\u00eda en CETYS llevan Congreso Familia a padres de familia","breadcrumb":{"@id":"https:\/\/www.cetys.mx\/noticias\/estudiantes-de-psicologia-en-cetys-llevan-congreso-familia-a-padres-de-familia\/#breadcrumb"},"inLanguage":"es","potentialAction":[{"@type":"ReadAction","target":["https:\/\/www.cetys.mx\/noticias\/estudiantes-de-psicologia-en-cetys-llevan-congreso-familia-a-padres-de-familia\/"]}]},{"@type":"ImageObject","inLanguage":"es","@id":"https:\/\/www.cetys.mx\/noticias\/estudiantes-de-psicologia-en-cetys-llevan-congreso-familia-a-padres-de-familia\/#primaryimage","url":"https:\/\/www.cetys.mx\/noticias\/wp-content\/uploads\/2023\/12\/congreso-familia-tercera-edicion-alumnos-psicologia.jpg","contentUrl":"https:\/\/www.cetys.mx\/noticias\/wp-content\/uploads\/2023\/12\/congreso-familia-tercera-edicion-alumnos-psicologia.jpg","width":958,"height":637},{"@type":"BreadcrumbList","@id":"https:\/\/www.cetys.mx\/noticias\/estudiantes-de-psicologia-en-cetys-llevan-congreso-familia-a-padres-de-familia\/#breadcrumb","itemListElement":[{"@type":"ListItem","position":1,"name":"Inicio","item":"https:\/\/www.cetys.mx\/noticias\/"},{"@type":"ListItem","position":2,"name":"[Video] Estudiantes de Psicolog\u00eda en CETYS llevan Congreso Familia a padres de familia"}]},{"@type":"WebSite","@id":"https:\/\/www.cetys.mx\/noticias\/#website","url":"https:\/\/www.cetys.mx\/noticias\/","name":"CETYS","description":"","potentialAction":[{"@type":"SearchAction","target":{"@type":"EntryPoint","urlTemplate":"https:\/\/www.cetys.mx\/noticias\/?s={search_term_string}"},"query-input":{"@type":"PropertyValueSpecification","valueRequired":true,"valueName":"search_term_string"}}],"inLanguage":"es"},{"@type":"Person","@id":"https:\/\/www.cetys.mx\/noticias\/#\/schema\/person\/e790051ce60e18ae47cfa87011c8653f","name":"Campus Tijuana","url":"https:\/\/www.cetys.mx\/noticias\/author\/campustijuana\/"}]}},"_links":{"self":[{"href":"https:\/\/www.cetys.mx\/noticias\/wp-json\/wp\/v2\/posts\/178296","targetHints":{"allow":["GET"]}}],"collection":[{"href":"https:\/\/www.cetys.mx\/noticias\/wp-json\/wp\/v2\/posts"}],"about":[{"href":"https:\/\/www.cetys.mx\/noticias\/wp-json\/wp\/v2\/types\/post"}],"author":[{"embeddable":true,"href":"https:\/\/www.cetys.mx\/noticias\/wp-json\/wp\/v2\/users\/24"}],"replies":[{"embeddable":true,"href":"https:\/\/www.cetys.mx\/noticias\/wp-json\/wp\/v2\/comments?post=178296"}],"version-history":[{"count":2,"href":"https:\/\/www.cetys.mx\/noticias\/wp-json\/wp\/v2\/posts\/178296\/revisions"}],"predecessor-version":[{"id":178299,"href":"https:\/\/www.cetys.mx\/noticias\/wp-json\/wp\/v2\/posts\/178296\/revisions\/178299"}],"wp:featuredmedia":[{"embeddable":true,"href":"https:\/\/www.cetys.mx\/noticias\/wp-json\/wp\/v2\/media\/178297"}],"wp:attachment":[{"href":"https:\/\/www.cetys.mx\/noticias\/wp-json\/wp\/v2\/media?parent=178296"}],"wp:term":[{"taxonomy":"category","embeddable":true,"href":"https:\/\/www.cetys.mx\/noticias\/wp-json\/wp\/v2\/categories?post=178296"},{"taxonomy":"post_tag","embeddable":true,"href":"https:\/\/www.cetys.mx\/noticias\/wp-json\/wp\/v2\/tags?post=178296"}],"curies":[{"name":"wp","href":"https:\/\/api.w.org\/{rel}","templated":true}]}}