{"id":178192,"date":"2023-12-06T15:09:37","date_gmt":"2023-12-06T23:09:37","guid":{"rendered":"https:\/\/www.cetys.mx\/noticias\/?p=178192"},"modified":"2023-12-06T15:09:37","modified_gmt":"2023-12-06T23:09:37","slug":"cetys-presente-en-xvii-encuentro-iberoamericano-de-educacion-eide-en-espana","status":"publish","type":"post","link":"https:\/\/www.cetys.mx\/noticias\/cetys-presente-en-xvii-encuentro-iberoamericano-de-educacion-eide-en-espana\/","title":{"rendered":"CETYS presente en XVII Encuentro Iberoamericano de Educaci\u00f3n (EIDE) en Espa\u00f1a"},"content":{"rendered":"<p><span style=\"font-weight: 400;\"><strong>CETYS<\/strong> Universidad estuvo presente en el <strong>XVII Encuentro Iberoamericano de Educaci\u00f3n (EIDE)<\/strong>, que este a\u00f1o se llev\u00f3 a cabo en la Universidad de Alcal\u00e1, en Madrid, Espa\u00f1a.<\/span><\/p>\n<p><span style=\"font-weight: 400;\">En esta experiencia internacional estuvieron presentes alumnos de la <\/span><a href=\"https:\/\/www.cetys.mx\/programas\/maestria-en-educacion\/\"><span style=\"font-weight: 400;\">Maestr\u00eda en Educaci\u00f3n<\/span><\/a><span style=\"font-weight: 400;\">, junto a acad\u00e9micos como la <\/span><b>Dr. Alberto G\u00e1rate Rivera<\/b><span style=\"font-weight: 400;\">, <\/span><i><span style=\"font-weight: 400;\">Vicerrector Acad\u00e9mico del Sistema CETYS<\/span><\/i><span style=\"font-weight: 400;\">, el <\/span><b>Dr. Jos\u00e9 Luis Bonilla Esquivel<\/b><span style=\"font-weight: 400;\">, <\/span><i><span style=\"font-weight: 400;\">Director del Colegio de Ciencias Sociales y Humanidades<\/span><\/i><span style=\"font-weight: 400;\">, as\u00ed como la <\/span><b>Dra. Doris Elizabeth Becerra Pol\u00edo<\/b><span style=\"font-weight: 400;\">, <\/span><i><span style=\"font-weight: 400;\">Profesor de Tiempo Completo Colegio de Ciencias Sociales y Humanidades.<\/span><\/i><\/p>\n<p><span style=\"font-weight: 400;\">Del 15 al 17 de noviembre, participaron en mesas de trabajo donde abordaron temas de pol\u00edticas p\u00fablicas y gesti\u00f3n para la educaci\u00f3n, pr\u00e1ctica docente y desarrollo profesional, educaci\u00f3n inclusiva y para la igualdad, educaci\u00f3n cient\u00edfica y competencia digital, as\u00ed como de sostenibilidad ambiental.<\/span><\/p>\n<p><span style=\"font-weight: 400;\">Los estudiantes de Maestr\u00eda en Educaci\u00f3n colaboraron como asistentes de investigaci\u00f3n en un Proyecto con la Universidad de Caldas y Universidad de Antioquia, de Colombia; as\u00ed como la Universidad de Murcia, Espa\u00f1a, denominado Profesorado Universitario y Pedagog\u00eda de la alteridad.<\/span><\/p>\n<div class=\"gallery-slider-wrapper gallery-1\">\n                        <div class=\"gallery-slider\" itemscope itemtype=\"http:\/\/schema.org\/ImageGallery\"><figure class=\"slide\" itemprop=\"associatedMedia\" itemscope itemtype=\"http:\/\/schema.org\/ImageObject\">\n                    <a itemprop=\"contentUrl\" href=\"https:\/\/www.cetys.mx\/noticias\/wp-content\/uploads\/2023\/12\/vicerector-alberto-garate-y-dr-bonilla-esquivel.jpg\">\n                        <img decoding=\"async\" itemprop=\"thumbnail\" class=\"lazyOwl\" src=\"https:\/\/www.cetys.mx\/noticias\/wp-content\/plugins\/jmagz-plugin\/assets\/placeholder\/900x450.png\" data-src=\"https:\/\/www.cetys.mx\/noticias\/wp-content\/uploads\/2023\/12\/vicerector-alberto-garate-y-dr-bonilla-esquivel.jpg\" alt=\"vicerector-alberto-garate-y-dr-bonilla-esquivel\">\n                    <\/a>\n                    <figcaption itemprop=\"caption description\" class=\"slide-caption\">\n                        \n                    <\/figcaption>\n                <\/figure><figure class=\"slide\" itemprop=\"associatedMedia\" itemscope itemtype=\"http:\/\/schema.org\/ImageObject\">\n                    <a itemprop=\"contentUrl\" href=\"https:\/\/www.cetys.mx\/noticias\/wp-content\/uploads\/2023\/12\/alumnos-maestria-en-educacion-en-espa\u25ba4a.jpg\">\n                        <img decoding=\"async\" itemprop=\"thumbnail\" class=\"lazyOwl\" src=\"https:\/\/www.cetys.mx\/noticias\/wp-content\/plugins\/jmagz-plugin\/assets\/placeholder\/900x450.png\" data-src=\"https:\/\/www.cetys.mx\/noticias\/wp-content\/uploads\/2023\/12\/alumnos-maestria-en-educacion-en-espa\u25ba4a.jpg\" alt=\"alumnos-maestria-en-educacion-en-espa\u25ba4a\">\n                    <\/a>\n                    <figcaption itemprop=\"caption description\" class=\"slide-caption\">\n                        \n                    <\/figcaption>\n                <\/figure><figure class=\"slide\" itemprop=\"associatedMedia\" itemscope itemtype=\"http:\/\/schema.org\/ImageObject\">\n                    <a itemprop=\"contentUrl\" href=\"https:\/\/www.cetys.mx\/noticias\/wp-content\/uploads\/2023\/12\/alumnos-maestria-educacion-espa\u00f1a-encuentro-eide-02.jpg\">\n                        <img decoding=\"async\" itemprop=\"thumbnail\" class=\"lazyOwl\" src=\"https:\/\/www.cetys.mx\/noticias\/wp-content\/plugins\/jmagz-plugin\/assets\/placeholder\/900x450.png\" data-src=\"https:\/\/www.cetys.mx\/noticias\/wp-content\/uploads\/2023\/12\/alumnos-maestria-educacion-espa\u00f1a-encuentro-eide-02.jpg\" alt=\"alumnos-maestria-educacion-espa\u00f1a-encuentro-eide-02\">\n                    <\/a>\n                    <figcaption itemprop=\"caption description\" class=\"slide-caption\">\n                        \n                    <\/figcaption>\n                <\/figure><figure class=\"slide\" itemprop=\"associatedMedia\" itemscope itemtype=\"http:\/\/schema.org\/ImageObject\">\n                    <a itemprop=\"contentUrl\" href=\"https:\/\/www.cetys.mx\/noticias\/wp-content\/uploads\/2023\/12\/estudiantes-cetys-en-eide.jpg\">\n                        <img decoding=\"async\" itemprop=\"thumbnail\" class=\"lazyOwl\" src=\"https:\/\/www.cetys.mx\/noticias\/wp-content\/plugins\/jmagz-plugin\/assets\/placeholder\/900x450.png\" data-src=\"https:\/\/www.cetys.mx\/noticias\/wp-content\/uploads\/2023\/12\/estudiantes-cetys-en-eide.jpg\" alt=\"estudiantes-cetys-en-eide\">\n                    <\/a>\n                    <figcaption itemprop=\"caption description\" class=\"slide-caption\">\n                        \n                    <\/figcaption>\n                <\/figure><figure class=\"slide\" itemprop=\"associatedMedia\" itemscope itemtype=\"http:\/\/schema.org\/ImageObject\">\n                    <a itemprop=\"contentUrl\" href=\"https:\/\/www.cetys.mx\/noticias\/wp-content\/uploads\/2023\/12\/eide-2023-alumnos-maestria-educacion-cetys.jpg\">\n                        <img decoding=\"async\" itemprop=\"thumbnail\" class=\"lazyOwl\" src=\"https:\/\/www.cetys.mx\/noticias\/wp-content\/plugins\/jmagz-plugin\/assets\/placeholder\/900x450.png\" data-src=\"https:\/\/www.cetys.mx\/noticias\/wp-content\/uploads\/2023\/12\/eide-2023-alumnos-maestria-educacion-cetys.jpg\" alt=\"eide 2023 alumnos maestria educacion cetys\">\n                    <\/a>\n                    <figcaption itemprop=\"caption description\" class=\"slide-caption\">\n                        \n                    <\/figcaption>\n                <\/figure><\/div>\n                <div class=\"gallery-slider-thumbnail-wrapper\">\n                    <div class=\"gallery-slider-thumbnail\"><div class=\"slide-thumbnail\"><img decoding=\"async\" class=\"lazyOwl\" src=\"https:\/\/www.cetys.mx\/noticias\/wp-content\/plugins\/jmagz-plugin\/assets\/placeholder\/150x75.png\" data-src=\"https:\/\/www.cetys.mx\/noticias\/wp-content\/uploads\/2023\/12\/vicerector-alberto-garate-y-dr-bonilla-esquivel.jpg\" alt=\"vicerector-alberto-garate-y-dr-bonilla-esquivel\"><\/div><div class=\"slide-thumbnail\"><img decoding=\"async\" class=\"lazyOwl\" src=\"https:\/\/www.cetys.mx\/noticias\/wp-content\/plugins\/jmagz-plugin\/assets\/placeholder\/150x75.png\" data-src=\"https:\/\/www.cetys.mx\/noticias\/wp-content\/uploads\/2023\/12\/alumnos-maestria-en-educacion-en-espa\u25ba4a.jpg\" alt=\"alumnos-maestria-en-educacion-en-espa\u25ba4a\"><\/div><div class=\"slide-thumbnail\"><img decoding=\"async\" class=\"lazyOwl\" src=\"https:\/\/www.cetys.mx\/noticias\/wp-content\/plugins\/jmagz-plugin\/assets\/placeholder\/150x75.png\" data-src=\"https:\/\/www.cetys.mx\/noticias\/wp-content\/uploads\/2023\/12\/alumnos-maestria-educacion-espa\u00f1a-encuentro-eide-02.jpg\" alt=\"alumnos-maestria-educacion-espa\u00f1a-encuentro-eide-02\"><\/div><div class=\"slide-thumbnail\"><img decoding=\"async\" class=\"lazyOwl\" src=\"https:\/\/www.cetys.mx\/noticias\/wp-content\/plugins\/jmagz-plugin\/assets\/placeholder\/150x75.png\" data-src=\"https:\/\/www.cetys.mx\/noticias\/wp-content\/uploads\/2023\/12\/estudiantes-cetys-en-eide.jpg\" alt=\"estudiantes-cetys-en-eide\"><\/div><div class=\"slide-thumbnail\"><img decoding=\"async\" class=\"lazyOwl\" src=\"https:\/\/www.cetys.mx\/noticias\/wp-content\/plugins\/jmagz-plugin\/assets\/placeholder\/150x75.png\" data-src=\"https:\/\/www.cetys.mx\/noticias\/wp-content\/uploads\/2023\/12\/eide-2023-alumnos-maestria-educacion-cetys.jpg\" alt=\"eide 2023 alumnos maestria educacion cetys\"><\/div><\/div><\/div><\/div>\n<p><b>Testimonios<\/b><\/p>\n<ul>\n<li><span style=\"font-weight: 400;\"> Campus Mexicali:<\/span><\/li>\n<\/ul>\n<p><span style=\"font-weight: 400;\">Gema Arellano Aguayo:<\/span> <span style=\"font-weight: 400;\">\u201cAgradezco a CETYS que nos hagan parte de estos eventos que nos hacen abrir nuestro panorama tanto personal como profesional y acad\u00e9mico\u201d.<\/span><\/p>\n<p><span style=\"font-weight: 400;\">Silvia Paola Beltr\u00e1n Machuca:<\/span> <span style=\"font-weight: 400;\">\u201cPude conjugar mis conocimientos psicol\u00f3gicos con los pedag\u00f3gicos; lo aprendido en la Maestr\u00eda, me ayud\u00f3 a sentirme segura de poder participar en este Encuentro. Me llevo muchos aprendizajes para poder integrarlos en mi pr\u00e1ctica profesional\u201d Paola.<\/span><\/p>\n<p><span style=\"font-weight: 400;\">Melissa Huerta Romero: <\/span><span style=\"font-weight: 400;\">\u201cHa sido una experiencia muy gratificante, aprender de distintos proyectos que se hacen a lo largo de Latinoam\u00e9rica, y c\u00f3mo puedo llevarlos a la pr\u00e1ctica en mi entorno\u201d Melissa.<\/span><\/p>\n<ul>\n<li><span style=\"font-weight: 400;\"> Campus Internacional Ensenada:<\/span><\/li>\n<\/ul>\n<p><span style=\"font-weight: 400;\">Christian Aldaco Avenda\u00f1o<\/span><span style=\"font-weight: 400;\">:<\/span><span style=\"font-weight: 400;\"> \u201cMuy contento de haber asistido. En muchos sentidos ha rebasado mis expectativas; nunca va a ser lo mismo leerlo en un papel o ver un video. Es incomparable la experiencia que te da el escuchar de viva voz de los autores que leemos o aprender de los testimonios de los ponentes. Con respecto a las entrevistas que llevamos a cabo para el proyecto de investigaci\u00f3n, me siento muy satisfecho. Nuestra conversaci\u00f3n con el Dr. Juan Pablo, fue por dem\u00e1s inspiradora y llena de retos. Me expandi\u00f3 mis horizontes\u201d.<\/span><\/p>\n<ul>\n<li><span style=\"font-weight: 400;\"> Campus Tijuana:<\/span><\/li>\n<\/ul>\n<p><span style=\"font-weight: 400;\">Abel Iv\u00e1n S\u00e1nchez Salazar:<\/span> <span style=\"font-weight: 400;\">\u201cHa sido un altibajo de sentimientos, en resumen, me he reconciliado con mi M\u00e9xico. Asumo que he sido esc\u00e9ptico en cuanto a que en M\u00e9xico no se pueden concretar muchos proyectos, siendo los m\u00e1s complicados los del sector educativo; pero al escuchar a los colegas de Iberoam\u00e9rica y constatar, que con pasi\u00f3n y amor han logrado cumplir con sus proyectos. Me ha dejado con retos importantes para mi pr\u00e1ctica profesional\u201d.<\/span><\/p>\n<p><span style=\"font-weight: 400;\">Carlos Abel Eslava Carrillo:<\/span> <span style=\"font-weight: 400;\">\u201cHe salido de mi zona de confort, la investigaci\u00f3n no es mi \u00e1rea fuerte, por eso me interes\u00f3 estudiar la Maestr\u00eda en Educaci\u00f3n y sobre todo integrarme a este equipo de investigaci\u00f3n. Me alegra confirmar en este Encuentro que CETYS est\u00e1 bien posicionado al respecto. Estar en el EIDE me aproxima a buscar ser un buen investigador. Venir y hacer entrevistas a expertos ha sido una de las mejores experiencias de aprendizaje que me llev\u00f3\u201d Carlos.<\/span><\/p>\n","protected":false},"excerpt":{"rendered":"<p>CETYS Universidad estuvo presente en el XVII Encuentro Iberoamericano de Educaci\u00f3n (EIDE), que este a\u00f1o se llev\u00f3 a cabo en la Universidad&#8230;<\/p>\n","protected":false},"author":26,"featured_media":178193,"comment_status":"open","ping_status":"closed","sticky":false,"template":"","format":"standard","meta":{"footnotes":""},"categories":[209,125,313],"tags":[430,4983,6654,6167],"class_list":["post-178192","post","type-post","status-publish","format-standard","has-post-thumbnail","hentry","category-institucional","category-portada","category-vocetys-2","tag-educacion","tag-eide","tag-experienciainternacional","tag-institucional"],"yoast_head":"<!-- This site is optimized with the Yoast SEO plugin v27.4 - https:\/\/yoast.com\/product\/yoast-seo-wordpress\/ -->\n<title>CETYS presente en XVII Encuentro Iberoamericano de Educaci\u00f3n (EIDE) en Espa\u00f1a - CETYS<\/title>\n<meta name=\"description\" content=\"Articulo sobre CETYS presente en XVII Encuentro Iberoamericano de Educaci\u00f3n (EIDE) en Espa\u00f1a\" \/>\n<meta name=\"robots\" content=\"index, follow, max-snippet:-1, max-image-preview:large, max-video-preview:-1\" \/>\n<link rel=\"canonical\" href=\"https:\/\/www.cetys.mx\/noticias\/cetys-presente-en-xvii-encuentro-iberoamericano-de-educacion-eide-en-espana\/\" \/>\n<meta property=\"og:locale\" content=\"es_MX\" \/>\n<meta property=\"og:type\" content=\"article\" \/>\n<meta property=\"og:title\" content=\"CETYS presente en XVII Encuentro Iberoamericano de Educaci\u00f3n (EIDE) en Espa\u00f1a - CETYS\" \/>\n<meta property=\"og:description\" content=\"Articulo sobre CETYS presente en XVII Encuentro Iberoamericano de Educaci\u00f3n (EIDE) en Espa\u00f1a\" \/>\n<meta property=\"og:url\" content=\"https:\/\/www.cetys.mx\/noticias\/cetys-presente-en-xvii-encuentro-iberoamericano-de-educacion-eide-en-espana\/\" \/>\n<meta property=\"og:site_name\" content=\"CETYS\" \/>\n<meta property=\"article:publisher\" content=\"https:\/\/www.facebook.com\/cetysuniversidadmxl\/\" \/>\n<meta property=\"article:published_time\" content=\"2023-12-06T23:09:37+00:00\" \/>\n<meta property=\"og:image\" content=\"https:\/\/www.cetys.mx\/noticias\/wp-content\/uploads\/2023\/12\/alumnos-maestria-educacion-espa\u00f1a-encuentro-eide.jpg\" \/>\n\t<meta property=\"og:image:width\" content=\"958\" \/>\n\t<meta property=\"og:image:height\" content=\"637\" \/>\n\t<meta property=\"og:image:type\" content=\"image\/jpeg\" \/>\n<meta name=\"author\" content=\"CETYS Institucional\" \/>\n<meta name=\"twitter:card\" content=\"summary_large_image\" \/>\n<meta name=\"twitter:creator\" content=\"@cetysuni\" \/>\n<meta name=\"twitter:site\" content=\"@cetysuni\" \/>\n<meta name=\"twitter:label1\" content=\"Escrito por\" \/>\n\t<meta name=\"twitter:data1\" content=\"CETYS Institucional\" \/>\n\t<meta name=\"twitter:label2\" content=\"Tiempo de lectura\" \/>\n\t<meta name=\"twitter:data2\" content=\"3 minutos\" \/>\n<script type=\"application\/ld+json\" class=\"yoast-schema-graph\">{\"@context\":\"https:\\\/\\\/schema.org\",\"@graph\":[{\"@type\":\"Article\",\"@id\":\"https:\\\/\\\/www.cetys.mx\\\/noticias\\\/cetys-presente-en-xvii-encuentro-iberoamericano-de-educacion-eide-en-espana\\\/#article\",\"isPartOf\":{\"@id\":\"https:\\\/\\\/www.cetys.mx\\\/noticias\\\/cetys-presente-en-xvii-encuentro-iberoamericano-de-educacion-eide-en-espana\\\/\"},\"author\":{\"name\":\"CETYS Institucional\",\"@id\":\"https:\\\/\\\/www.cetys.mx\\\/noticias\\\/#\\\/schema\\\/person\\\/e9d2b35265b64aa454df57a2828eb2ac\"},\"headline\":\"CETYS presente en XVII Encuentro Iberoamericano de Educaci\u00f3n (EIDE) en Espa\u00f1a\",\"datePublished\":\"2023-12-06T23:09:37+00:00\",\"mainEntityOfPage\":{\"@id\":\"https:\\\/\\\/www.cetys.mx\\\/noticias\\\/cetys-presente-en-xvii-encuentro-iberoamericano-de-educacion-eide-en-espana\\\/\"},\"wordCount\":584,\"commentCount\":0,\"image\":{\"@id\":\"https:\\\/\\\/www.cetys.mx\\\/noticias\\\/cetys-presente-en-xvii-encuentro-iberoamericano-de-educacion-eide-en-espana\\\/#primaryimage\"},\"thumbnailUrl\":\"https:\\\/\\\/www.cetys.mx\\\/noticias\\\/wp-content\\\/uploads\\\/2023\\\/12\\\/alumnos-maestria-educacion-espa\u00f1a-encuentro-eide.jpg\",\"keywords\":[\"Educaci\u00f3n\",\"EIDE\",\"ExperienciaInternacional\",\"Institucional\"],\"articleSection\":[\"Institucional\",\"Portada\",\"VoCETYS\"],\"inLanguage\":\"es\",\"potentialAction\":[{\"@type\":\"CommentAction\",\"name\":\"Comment\",\"target\":[\"https:\\\/\\\/www.cetys.mx\\\/noticias\\\/cetys-presente-en-xvii-encuentro-iberoamericano-de-educacion-eide-en-espana\\\/#respond\"]}]},{\"@type\":\"WebPage\",\"@id\":\"https:\\\/\\\/www.cetys.mx\\\/noticias\\\/cetys-presente-en-xvii-encuentro-iberoamericano-de-educacion-eide-en-espana\\\/\",\"url\":\"https:\\\/\\\/www.cetys.mx\\\/noticias\\\/cetys-presente-en-xvii-encuentro-iberoamericano-de-educacion-eide-en-espana\\\/\",\"name\":\"CETYS presente en XVII Encuentro Iberoamericano de Educaci\u00f3n (EIDE) en Espa\u00f1a - CETYS\",\"isPartOf\":{\"@id\":\"https:\\\/\\\/www.cetys.mx\\\/noticias\\\/#website\"},\"primaryImageOfPage\":{\"@id\":\"https:\\\/\\\/www.cetys.mx\\\/noticias\\\/cetys-presente-en-xvii-encuentro-iberoamericano-de-educacion-eide-en-espana\\\/#primaryimage\"},\"image\":{\"@id\":\"https:\\\/\\\/www.cetys.mx\\\/noticias\\\/cetys-presente-en-xvii-encuentro-iberoamericano-de-educacion-eide-en-espana\\\/#primaryimage\"},\"thumbnailUrl\":\"https:\\\/\\\/www.cetys.mx\\\/noticias\\\/wp-content\\\/uploads\\\/2023\\\/12\\\/alumnos-maestria-educacion-espa\u00f1a-encuentro-eide.jpg\",\"datePublished\":\"2023-12-06T23:09:37+00:00\",\"author\":{\"@id\":\"https:\\\/\\\/www.cetys.mx\\\/noticias\\\/#\\\/schema\\\/person\\\/e9d2b35265b64aa454df57a2828eb2ac\"},\"description\":\"Articulo sobre CETYS presente en XVII Encuentro Iberoamericano de Educaci\u00f3n (EIDE) en Espa\u00f1a\",\"breadcrumb\":{\"@id\":\"https:\\\/\\\/www.cetys.mx\\\/noticias\\\/cetys-presente-en-xvii-encuentro-iberoamericano-de-educacion-eide-en-espana\\\/#breadcrumb\"},\"inLanguage\":\"es\",\"potentialAction\":[{\"@type\":\"ReadAction\",\"target\":[\"https:\\\/\\\/www.cetys.mx\\\/noticias\\\/cetys-presente-en-xvii-encuentro-iberoamericano-de-educacion-eide-en-espana\\\/\"]}]},{\"@type\":\"ImageObject\",\"inLanguage\":\"es\",\"@id\":\"https:\\\/\\\/www.cetys.mx\\\/noticias\\\/cetys-presente-en-xvii-encuentro-iberoamericano-de-educacion-eide-en-espana\\\/#primaryimage\",\"url\":\"https:\\\/\\\/www.cetys.mx\\\/noticias\\\/wp-content\\\/uploads\\\/2023\\\/12\\\/alumnos-maestria-educacion-espa\u00f1a-encuentro-eide.jpg\",\"contentUrl\":\"https:\\\/\\\/www.cetys.mx\\\/noticias\\\/wp-content\\\/uploads\\\/2023\\\/12\\\/alumnos-maestria-educacion-espa\u00f1a-encuentro-eide.jpg\",\"width\":958,\"height\":637},{\"@type\":\"BreadcrumbList\",\"@id\":\"https:\\\/\\\/www.cetys.mx\\\/noticias\\\/cetys-presente-en-xvii-encuentro-iberoamericano-de-educacion-eide-en-espana\\\/#breadcrumb\",\"itemListElement\":[{\"@type\":\"ListItem\",\"position\":1,\"name\":\"Inicio\",\"item\":\"https:\\\/\\\/www.cetys.mx\\\/noticias\\\/\"},{\"@type\":\"ListItem\",\"position\":2,\"name\":\"CETYS presente en XVII Encuentro Iberoamericano de Educaci\u00f3n (EIDE) en Espa\u00f1a\"}]},{\"@type\":\"WebSite\",\"@id\":\"https:\\\/\\\/www.cetys.mx\\\/noticias\\\/#website\",\"url\":\"https:\\\/\\\/www.cetys.mx\\\/noticias\\\/\",\"name\":\"CETYS\",\"description\":\"\",\"potentialAction\":[{\"@type\":\"SearchAction\",\"target\":{\"@type\":\"EntryPoint\",\"urlTemplate\":\"https:\\\/\\\/www.cetys.mx\\\/noticias\\\/?s={search_term_string}\"},\"query-input\":{\"@type\":\"PropertyValueSpecification\",\"valueRequired\":true,\"valueName\":\"search_term_string\"}}],\"inLanguage\":\"es\"},{\"@type\":\"Person\",\"@id\":\"https:\\\/\\\/www.cetys.mx\\\/noticias\\\/#\\\/schema\\\/person\\\/e9d2b35265b64aa454df57a2828eb2ac\",\"name\":\"CETYS Institucional\",\"url\":\"https:\\\/\\\/www.cetys.mx\\\/noticias\\\/author\\\/cetysinstitucional\\\/\"}]}<\/script>\n<!-- \/ Yoast SEO plugin. -->","yoast_head_json":{"title":"CETYS presente en XVII Encuentro Iberoamericano de Educaci\u00f3n (EIDE) en Espa\u00f1a - CETYS","description":"Articulo sobre CETYS presente en XVII Encuentro Iberoamericano de Educaci\u00f3n (EIDE) en Espa\u00f1a","robots":{"index":"index","follow":"follow","max-snippet":"max-snippet:-1","max-image-preview":"max-image-preview:large","max-video-preview":"max-video-preview:-1"},"canonical":"https:\/\/www.cetys.mx\/noticias\/cetys-presente-en-xvii-encuentro-iberoamericano-de-educacion-eide-en-espana\/","og_locale":"es_MX","og_type":"article","og_title":"CETYS presente en XVII Encuentro Iberoamericano de Educaci\u00f3n (EIDE) en Espa\u00f1a - CETYS","og_description":"Articulo sobre CETYS presente en XVII Encuentro Iberoamericano de Educaci\u00f3n (EIDE) en Espa\u00f1a","og_url":"https:\/\/www.cetys.mx\/noticias\/cetys-presente-en-xvii-encuentro-iberoamericano-de-educacion-eide-en-espana\/","og_site_name":"CETYS","article_publisher":"https:\/\/www.facebook.com\/cetysuniversidadmxl\/","article_published_time":"2023-12-06T23:09:37+00:00","og_image":[{"width":958,"height":637,"url":"https:\/\/www.cetys.mx\/noticias\/wp-content\/uploads\/2023\/12\/alumnos-maestria-educacion-espa\u00f1a-encuentro-eide.jpg","type":"image\/jpeg"}],"author":"CETYS Institucional","twitter_card":"summary_large_image","twitter_creator":"@cetysuni","twitter_site":"@cetysuni","twitter_misc":{"Escrito por":"CETYS Institucional","Tiempo de lectura":"3 minutos"},"schema":{"@context":"https:\/\/schema.org","@graph":[{"@type":"Article","@id":"https:\/\/www.cetys.mx\/noticias\/cetys-presente-en-xvii-encuentro-iberoamericano-de-educacion-eide-en-espana\/#article","isPartOf":{"@id":"https:\/\/www.cetys.mx\/noticias\/cetys-presente-en-xvii-encuentro-iberoamericano-de-educacion-eide-en-espana\/"},"author":{"name":"CETYS Institucional","@id":"https:\/\/www.cetys.mx\/noticias\/#\/schema\/person\/e9d2b35265b64aa454df57a2828eb2ac"},"headline":"CETYS presente en XVII Encuentro Iberoamericano de Educaci\u00f3n (EIDE) en Espa\u00f1a","datePublished":"2023-12-06T23:09:37+00:00","mainEntityOfPage":{"@id":"https:\/\/www.cetys.mx\/noticias\/cetys-presente-en-xvii-encuentro-iberoamericano-de-educacion-eide-en-espana\/"},"wordCount":584,"commentCount":0,"image":{"@id":"https:\/\/www.cetys.mx\/noticias\/cetys-presente-en-xvii-encuentro-iberoamericano-de-educacion-eide-en-espana\/#primaryimage"},"thumbnailUrl":"https:\/\/www.cetys.mx\/noticias\/wp-content\/uploads\/2023\/12\/alumnos-maestria-educacion-espa\u00f1a-encuentro-eide.jpg","keywords":["Educaci\u00f3n","EIDE","ExperienciaInternacional","Institucional"],"articleSection":["Institucional","Portada","VoCETYS"],"inLanguage":"es","potentialAction":[{"@type":"CommentAction","name":"Comment","target":["https:\/\/www.cetys.mx\/noticias\/cetys-presente-en-xvii-encuentro-iberoamericano-de-educacion-eide-en-espana\/#respond"]}]},{"@type":"WebPage","@id":"https:\/\/www.cetys.mx\/noticias\/cetys-presente-en-xvii-encuentro-iberoamericano-de-educacion-eide-en-espana\/","url":"https:\/\/www.cetys.mx\/noticias\/cetys-presente-en-xvii-encuentro-iberoamericano-de-educacion-eide-en-espana\/","name":"CETYS presente en XVII Encuentro Iberoamericano de Educaci\u00f3n (EIDE) en Espa\u00f1a - CETYS","isPartOf":{"@id":"https:\/\/www.cetys.mx\/noticias\/#website"},"primaryImageOfPage":{"@id":"https:\/\/www.cetys.mx\/noticias\/cetys-presente-en-xvii-encuentro-iberoamericano-de-educacion-eide-en-espana\/#primaryimage"},"image":{"@id":"https:\/\/www.cetys.mx\/noticias\/cetys-presente-en-xvii-encuentro-iberoamericano-de-educacion-eide-en-espana\/#primaryimage"},"thumbnailUrl":"https:\/\/www.cetys.mx\/noticias\/wp-content\/uploads\/2023\/12\/alumnos-maestria-educacion-espa\u00f1a-encuentro-eide.jpg","datePublished":"2023-12-06T23:09:37+00:00","author":{"@id":"https:\/\/www.cetys.mx\/noticias\/#\/schema\/person\/e9d2b35265b64aa454df57a2828eb2ac"},"description":"Articulo sobre CETYS presente en XVII Encuentro Iberoamericano de Educaci\u00f3n (EIDE) en Espa\u00f1a","breadcrumb":{"@id":"https:\/\/www.cetys.mx\/noticias\/cetys-presente-en-xvii-encuentro-iberoamericano-de-educacion-eide-en-espana\/#breadcrumb"},"inLanguage":"es","potentialAction":[{"@type":"ReadAction","target":["https:\/\/www.cetys.mx\/noticias\/cetys-presente-en-xvii-encuentro-iberoamericano-de-educacion-eide-en-espana\/"]}]},{"@type":"ImageObject","inLanguage":"es","@id":"https:\/\/www.cetys.mx\/noticias\/cetys-presente-en-xvii-encuentro-iberoamericano-de-educacion-eide-en-espana\/#primaryimage","url":"https:\/\/www.cetys.mx\/noticias\/wp-content\/uploads\/2023\/12\/alumnos-maestria-educacion-espa\u00f1a-encuentro-eide.jpg","contentUrl":"https:\/\/www.cetys.mx\/noticias\/wp-content\/uploads\/2023\/12\/alumnos-maestria-educacion-espa\u00f1a-encuentro-eide.jpg","width":958,"height":637},{"@type":"BreadcrumbList","@id":"https:\/\/www.cetys.mx\/noticias\/cetys-presente-en-xvii-encuentro-iberoamericano-de-educacion-eide-en-espana\/#breadcrumb","itemListElement":[{"@type":"ListItem","position":1,"name":"Inicio","item":"https:\/\/www.cetys.mx\/noticias\/"},{"@type":"ListItem","position":2,"name":"CETYS presente en XVII Encuentro Iberoamericano de Educaci\u00f3n (EIDE) en Espa\u00f1a"}]},{"@type":"WebSite","@id":"https:\/\/www.cetys.mx\/noticias\/#website","url":"https:\/\/www.cetys.mx\/noticias\/","name":"CETYS","description":"","potentialAction":[{"@type":"SearchAction","target":{"@type":"EntryPoint","urlTemplate":"https:\/\/www.cetys.mx\/noticias\/?s={search_term_string}"},"query-input":{"@type":"PropertyValueSpecification","valueRequired":true,"valueName":"search_term_string"}}],"inLanguage":"es"},{"@type":"Person","@id":"https:\/\/www.cetys.mx\/noticias\/#\/schema\/person\/e9d2b35265b64aa454df57a2828eb2ac","name":"CETYS Institucional","url":"https:\/\/www.cetys.mx\/noticias\/author\/cetysinstitucional\/"}]}},"_links":{"self":[{"href":"https:\/\/www.cetys.mx\/noticias\/wp-json\/wp\/v2\/posts\/178192","targetHints":{"allow":["GET"]}}],"collection":[{"href":"https:\/\/www.cetys.mx\/noticias\/wp-json\/wp\/v2\/posts"}],"about":[{"href":"https:\/\/www.cetys.mx\/noticias\/wp-json\/wp\/v2\/types\/post"}],"author":[{"embeddable":true,"href":"https:\/\/www.cetys.mx\/noticias\/wp-json\/wp\/v2\/users\/26"}],"replies":[{"embeddable":true,"href":"https:\/\/www.cetys.mx\/noticias\/wp-json\/wp\/v2\/comments?post=178192"}],"version-history":[{"count":1,"href":"https:\/\/www.cetys.mx\/noticias\/wp-json\/wp\/v2\/posts\/178192\/revisions"}],"predecessor-version":[{"id":178199,"href":"https:\/\/www.cetys.mx\/noticias\/wp-json\/wp\/v2\/posts\/178192\/revisions\/178199"}],"wp:featuredmedia":[{"embeddable":true,"href":"https:\/\/www.cetys.mx\/noticias\/wp-json\/wp\/v2\/media\/178193"}],"wp:attachment":[{"href":"https:\/\/www.cetys.mx\/noticias\/wp-json\/wp\/v2\/media?parent=178192"}],"wp:term":[{"taxonomy":"category","embeddable":true,"href":"https:\/\/www.cetys.mx\/noticias\/wp-json\/wp\/v2\/categories?post=178192"},{"taxonomy":"post_tag","embeddable":true,"href":"https:\/\/www.cetys.mx\/noticias\/wp-json\/wp\/v2\/tags?post=178192"}],"curies":[{"name":"wp","href":"https:\/\/api.w.org\/{rel}","templated":true}]}}