{"id":178127,"date":"2023-12-04T16:18:44","date_gmt":"2023-12-05T00:18:44","guid":{"rendered":"https:\/\/www.cetys.mx\/noticias\/?p=178127"},"modified":"2023-12-04T16:18:44","modified_gmt":"2023-12-05T00:18:44","slug":"asi-se-vivio-la-semana-del-emprendimiento-2023-de-cetys","status":"publish","type":"post","link":"https:\/\/www.cetys.mx\/noticias\/asi-se-vivio-la-semana-del-emprendimiento-2023-de-cetys\/","title":{"rendered":"As\u00ed se vivi\u00f3 la Semana del Emprendimiento 2023 de CETYS"},"content":{"rendered":"<p><span style=\"font-weight: 400;\">En la b\u00fasqueda de fomentar el desarrollo en j\u00f3venes y proyectos nacientes, CETYS llev\u00f3 a cabo en sus tres campus la \u201cSemana del Emprendimiento 2023: Industrias Creativas, Innovaci\u00f3n e Impacto Social\u201d.<\/span><\/p>\n<p><span style=\"font-weight: 400;\">Dando inicio en Campus Mexicali, El evento cont\u00f3 con la participaci\u00f3n de renombrados ponentes a nivel nacional, regional y local, entre ellos, Jos\u00e9 Manuel Serrano, COO de StartUp M\u00e9xico; Nancy Minor, directora del Comit\u00e9 de Turismo Convenciones del Gobierno de Mexicali; Guillermo Galv\u00e1n, socio y director operativo del Grupo DAGAL, as\u00ed como representantes de la Asociaci\u00f3n Cervecera de Mexicali, entre otros.<\/span><\/p>\n<div class=\"gallery-slider-wrapper gallery-1\">\n                        <div class=\"gallery-slider\" itemscope itemtype=\"http:\/\/schema.org\/ImageGallery\"><figure class=\"slide\" itemprop=\"associatedMedia\" itemscope itemtype=\"http:\/\/schema.org\/ImageObject\">\n                    <a itemprop=\"contentUrl\" href=\"https:\/\/www.cetys.mx\/noticias\/wp-content\/uploads\/2023\/12\/Inauguracio\u0301n-Semana-del-Emprendimiento-CETYS-2023.jpg\">\n                        <img decoding=\"async\" itemprop=\"thumbnail\" class=\"lazyOwl\" src=\"https:\/\/www.cetys.mx\/noticias\/wp-content\/plugins\/jmagz-plugin\/assets\/placeholder\/900x450.png\" data-src=\"https:\/\/www.cetys.mx\/noticias\/wp-content\/uploads\/2023\/12\/Inauguracio\u0301n-Semana-del-Emprendimiento-CETYS-2023.jpg\" alt=\"Inauguracio\u0301n-Semana-del-Emprendimiento-CETYS-2023\">\n                    <\/a>\n                    <figcaption itemprop=\"caption description\" class=\"slide-caption\">\n                        \n                    <\/figcaption>\n                <\/figure><figure class=\"slide\" itemprop=\"associatedMedia\" itemscope itemtype=\"http:\/\/schema.org\/ImageObject\">\n                    <a itemprop=\"contentUrl\" href=\"https:\/\/www.cetys.mx\/noticias\/wp-content\/uploads\/2023\/12\/399677430_736712111809313_5769678261395474474_n.jpg\">\n                        <img decoding=\"async\" itemprop=\"thumbnail\" class=\"lazyOwl\" src=\"https:\/\/www.cetys.mx\/noticias\/wp-content\/plugins\/jmagz-plugin\/assets\/placeholder\/900x450.png\" data-src=\"https:\/\/www.cetys.mx\/noticias\/wp-content\/uploads\/2023\/12\/399677430_736712111809313_5769678261395474474_n.jpg\" alt=\"399677430_736712111809313_5769678261395474474_n\">\n                    <\/a>\n                    <figcaption itemprop=\"caption description\" class=\"slide-caption\">\n                        \n                    <\/figcaption>\n                <\/figure><figure class=\"slide\" itemprop=\"associatedMedia\" itemscope itemtype=\"http:\/\/schema.org\/ImageObject\">\n                    <a itemprop=\"contentUrl\" href=\"https:\/\/www.cetys.mx\/noticias\/wp-content\/uploads\/2023\/12\/401837195_736712175142640_2188694359606441006_n.jpg\">\n                        <img decoding=\"async\" itemprop=\"thumbnail\" class=\"lazyOwl\" src=\"https:\/\/www.cetys.mx\/noticias\/wp-content\/plugins\/jmagz-plugin\/assets\/placeholder\/900x450.png\" data-src=\"https:\/\/www.cetys.mx\/noticias\/wp-content\/uploads\/2023\/12\/401837195_736712175142640_2188694359606441006_n.jpg\" alt=\"401837195_736712175142640_2188694359606441006_n\">\n                    <\/a>\n                    <figcaption itemprop=\"caption description\" class=\"slide-caption\">\n                        \n                    <\/figcaption>\n                <\/figure><\/div>\n                <div class=\"gallery-slider-thumbnail-wrapper\">\n                    <div class=\"gallery-slider-thumbnail\"><div class=\"slide-thumbnail\"><img decoding=\"async\" class=\"lazyOwl\" src=\"https:\/\/www.cetys.mx\/noticias\/wp-content\/plugins\/jmagz-plugin\/assets\/placeholder\/150x75.png\" data-src=\"https:\/\/www.cetys.mx\/noticias\/wp-content\/uploads\/2023\/12\/Inauguracio\u0301n-Semana-del-Emprendimiento-CETYS-2023.jpg\" alt=\"Inauguracio\u0301n-Semana-del-Emprendimiento-CETYS-2023\"><\/div><div class=\"slide-thumbnail\"><img decoding=\"async\" class=\"lazyOwl\" src=\"https:\/\/www.cetys.mx\/noticias\/wp-content\/plugins\/jmagz-plugin\/assets\/placeholder\/150x75.png\" data-src=\"https:\/\/www.cetys.mx\/noticias\/wp-content\/uploads\/2023\/12\/399677430_736712111809313_5769678261395474474_n.jpg\" alt=\"399677430_736712111809313_5769678261395474474_n\"><\/div><div class=\"slide-thumbnail\"><img decoding=\"async\" class=\"lazyOwl\" src=\"https:\/\/www.cetys.mx\/noticias\/wp-content\/plugins\/jmagz-plugin\/assets\/placeholder\/150x75.png\" data-src=\"https:\/\/www.cetys.mx\/noticias\/wp-content\/uploads\/2023\/12\/401837195_736712175142640_2188694359606441006_n.jpg\" alt=\"401837195_736712175142640_2188694359606441006_n\"><\/div><\/div><\/div><\/div>\n<p><span style=\"font-weight: 400;\">Por su parte, en Campus Tijuana se presentaron temas de emprendimiento en industrias creativas y culturales como la <\/span><span style=\"font-weight: 400;\">productora y reconocida Lic. Luisa Gomez de Silva <\/span><span style=\"font-weight: 400;\">\u00a0con la conferencia \u201cC\u00f3mo sobrevivir y no morir en el intento dentro de la industria cinematogr\u00e1fica, de TV y streaming\u201d; otros invitados como Laura E. Araujo, Director of SDTJ Programs World Design Capital Capital Mundial del Dise\u00f1o que habl\u00f3 sobre <\/span><i><span style=\"font-weight: 400;\">\u201c<\/span><\/i><span style=\"font-weight: 400;\">El emprendimiento en las Industrias Culturales y Creativas\u00a0 (ICC) desde una perspectiva regional (Tijuana-San Diego)<\/span><i><span style=\"font-weight: 400;\">\u201d<\/span><\/i><span style=\"font-weight: 400;\">; Marco Gaxiola con una pl\u00e1tica sobre \u201cEl emprendimiento en la Industria Cultural y Creativa, rutas y retos<\/span><i><span style=\"font-weight: 400;\">\u201d<\/span><\/i><span style=\"font-weight: 400;\">; Andrew Biros (FGSIC), Funding director of Spark\u00a0 Institute for social innovation Associate director of Social innovation and Entrepreneurship , y m\u00e1s.<\/span><\/p>\n<div class=\"gallery-slider-wrapper gallery-2\">\n                        <div class=\"gallery-slider\" itemscope itemtype=\"http:\/\/schema.org\/ImageGallery\"><figure class=\"slide\" itemprop=\"associatedMedia\" itemscope itemtype=\"http:\/\/schema.org\/ImageObject\">\n                    <a itemprop=\"contentUrl\" href=\"https:\/\/www.cetys.mx\/noticias\/wp-content\/uploads\/2023\/12\/402089716_726540889497790_8999617602074920444_n.jpg\">\n                        <img decoding=\"async\" itemprop=\"thumbnail\" class=\"lazyOwl\" src=\"https:\/\/www.cetys.mx\/noticias\/wp-content\/plugins\/jmagz-plugin\/assets\/placeholder\/900x450.png\" data-src=\"https:\/\/www.cetys.mx\/noticias\/wp-content\/uploads\/2023\/12\/402089716_726540889497790_8999617602074920444_n.jpg\" alt=\"402089716_726540889497790_8999617602074920444_n\">\n                    <\/a>\n                    <figcaption itemprop=\"caption description\" class=\"slide-caption\">\n                        \n                    <\/figcaption>\n                <\/figure><figure class=\"slide\" itemprop=\"associatedMedia\" itemscope itemtype=\"http:\/\/schema.org\/ImageObject\">\n                    <a itemprop=\"contentUrl\" href=\"https:\/\/www.cetys.mx\/noticias\/wp-content\/uploads\/2023\/12\/402473979_726540869497792_9107487901713474848_n.jpg\">\n                        <img decoding=\"async\" itemprop=\"thumbnail\" class=\"lazyOwl\" src=\"https:\/\/www.cetys.mx\/noticias\/wp-content\/plugins\/jmagz-plugin\/assets\/placeholder\/900x450.png\" data-src=\"https:\/\/www.cetys.mx\/noticias\/wp-content\/uploads\/2023\/12\/402473979_726540869497792_9107487901713474848_n.jpg\" alt=\"402473979_726540869497792_9107487901713474848_n\">\n                    <\/a>\n                    <figcaption itemprop=\"caption description\" class=\"slide-caption\">\n                        \n                    <\/figcaption>\n                <\/figure><figure class=\"slide\" itemprop=\"associatedMedia\" itemscope itemtype=\"http:\/\/schema.org\/ImageObject\">\n                    <a itemprop=\"contentUrl\" href=\"https:\/\/www.cetys.mx\/noticias\/wp-content\/uploads\/2023\/12\/401847501_726540922831120_8757126087856097380_n.jpg\">\n                        <img decoding=\"async\" itemprop=\"thumbnail\" class=\"lazyOwl\" src=\"https:\/\/www.cetys.mx\/noticias\/wp-content\/plugins\/jmagz-plugin\/assets\/placeholder\/900x450.png\" data-src=\"https:\/\/www.cetys.mx\/noticias\/wp-content\/uploads\/2023\/12\/401847501_726540922831120_8757126087856097380_n.jpg\" alt=\"401847501_726540922831120_8757126087856097380_n\">\n                    <\/a>\n                    <figcaption itemprop=\"caption description\" class=\"slide-caption\">\n                        \n                    <\/figcaption>\n                <\/figure><\/div>\n                <div class=\"gallery-slider-thumbnail-wrapper\">\n                    <div class=\"gallery-slider-thumbnail\"><div class=\"slide-thumbnail\"><img decoding=\"async\" class=\"lazyOwl\" src=\"https:\/\/www.cetys.mx\/noticias\/wp-content\/plugins\/jmagz-plugin\/assets\/placeholder\/150x75.png\" data-src=\"https:\/\/www.cetys.mx\/noticias\/wp-content\/uploads\/2023\/12\/402089716_726540889497790_8999617602074920444_n.jpg\" alt=\"402089716_726540889497790_8999617602074920444_n\"><\/div><div class=\"slide-thumbnail\"><img decoding=\"async\" class=\"lazyOwl\" src=\"https:\/\/www.cetys.mx\/noticias\/wp-content\/plugins\/jmagz-plugin\/assets\/placeholder\/150x75.png\" data-src=\"https:\/\/www.cetys.mx\/noticias\/wp-content\/uploads\/2023\/12\/402473979_726540869497792_9107487901713474848_n.jpg\" alt=\"402473979_726540869497792_9107487901713474848_n\"><\/div><div class=\"slide-thumbnail\"><img decoding=\"async\" class=\"lazyOwl\" src=\"https:\/\/www.cetys.mx\/noticias\/wp-content\/plugins\/jmagz-plugin\/assets\/placeholder\/150x75.png\" data-src=\"https:\/\/www.cetys.mx\/noticias\/wp-content\/uploads\/2023\/12\/401847501_726540922831120_8757126087856097380_n.jpg\" alt=\"401847501_726540922831120_8757126087856097380_n\"><\/div><\/div><\/div><\/div>\n<p><span style=\"font-weight: 400;\">Para concluir la Semana del Emprendimiento, en el Campus Internacional Ensenada se llev\u00f3 a cabo la conferencia magistral \u201cMarketing sensorial\u201d, a cargo del empresario, consultor y catedr\u00e1tico Carlos Raffoul; tambi\u00e9n la charla \u201cSustentabilidad en negocios y empresas\u201d, a cargo del Dr. Isaac Azuz; adem\u00e1s de un panel sobre \u201cEmprendimiento sustentable, en el que participaron expertos de diferentes empresas sustentables de la localidad; asimismo, se realizaron los talleres \u201cMetodolog\u00edas \u00e1giles\u201d para estudiantes de Preparatoria, &#8220;Hubprojet&#8221; y &#8220;Design thinking&#8221; para estudiantes de Profesional y &#8220;Emprendimiento en el aula&#8221; para docentes. La jornada concluy\u00f3 con una din\u00e1mica donde los participantes pudieron potencializar sus habilidades de emprendimiento.<\/span><\/p>\n<div class=\"gallery-slider-wrapper gallery-3\">\n                        <div class=\"gallery-slider\" itemscope itemtype=\"http:\/\/schema.org\/ImageGallery\"><figure class=\"slide\" itemprop=\"associatedMedia\" itemscope itemtype=\"http:\/\/schema.org\/ImageObject\">\n                    <a itemprop=\"contentUrl\" href=\"https:\/\/www.cetys.mx\/noticias\/wp-content\/uploads\/2023\/12\/402278438_728266902664270_638503570851027658_n.jpg\">\n                        <img decoding=\"async\" itemprop=\"thumbnail\" class=\"lazyOwl\" src=\"https:\/\/www.cetys.mx\/noticias\/wp-content\/plugins\/jmagz-plugin\/assets\/placeholder\/900x450.png\" data-src=\"https:\/\/www.cetys.mx\/noticias\/wp-content\/uploads\/2023\/12\/402278438_728266902664270_638503570851027658_n.jpg\" alt=\"402278438_728266902664270_638503570851027658_n\">\n                    <\/a>\n                    <figcaption itemprop=\"caption description\" class=\"slide-caption\">\n                        \n                    <\/figcaption>\n                <\/figure><figure class=\"slide\" itemprop=\"associatedMedia\" itemscope itemtype=\"http:\/\/schema.org\/ImageObject\">\n                    <a itemprop=\"contentUrl\" href=\"https:\/\/www.cetys.mx\/noticias\/wp-content\/uploads\/2023\/12\/402433600_728267299330897_3431074273050922205_n.jpg\">\n                        <img decoding=\"async\" itemprop=\"thumbnail\" class=\"lazyOwl\" src=\"https:\/\/www.cetys.mx\/noticias\/wp-content\/plugins\/jmagz-plugin\/assets\/placeholder\/900x450.png\" data-src=\"https:\/\/www.cetys.mx\/noticias\/wp-content\/uploads\/2023\/12\/402433600_728267299330897_3431074273050922205_n.jpg\" alt=\"402433600_728267299330897_3431074273050922205_n\">\n                    <\/a>\n                    <figcaption itemprop=\"caption description\" class=\"slide-caption\">\n                        \n                    <\/figcaption>\n                <\/figure><figure class=\"slide\" itemprop=\"associatedMedia\" itemscope itemtype=\"http:\/\/schema.org\/ImageObject\">\n                    <a itemprop=\"contentUrl\" href=\"https:\/\/www.cetys.mx\/noticias\/wp-content\/uploads\/2023\/12\/402464509_728263749331252_3716886797589392340_n.jpg\">\n                        <img decoding=\"async\" itemprop=\"thumbnail\" class=\"lazyOwl\" src=\"https:\/\/www.cetys.mx\/noticias\/wp-content\/plugins\/jmagz-plugin\/assets\/placeholder\/900x450.png\" data-src=\"https:\/\/www.cetys.mx\/noticias\/wp-content\/uploads\/2023\/12\/402464509_728263749331252_3716886797589392340_n.jpg\" alt=\"402464509_728263749331252_3716886797589392340_n\">\n                    <\/a>\n                    <figcaption itemprop=\"caption description\" class=\"slide-caption\">\n                        \n                    <\/figcaption>\n                <\/figure><figure class=\"slide\" itemprop=\"associatedMedia\" itemscope itemtype=\"http:\/\/schema.org\/ImageObject\">\n                    <a itemprop=\"contentUrl\" href=\"https:\/\/www.cetys.mx\/noticias\/wp-content\/uploads\/2023\/12\/402284385_728264902664470_5983750679384698657_n.jpg\">\n                        <img decoding=\"async\" itemprop=\"thumbnail\" class=\"lazyOwl\" src=\"https:\/\/www.cetys.mx\/noticias\/wp-content\/plugins\/jmagz-plugin\/assets\/placeholder\/900x450.png\" data-src=\"https:\/\/www.cetys.mx\/noticias\/wp-content\/uploads\/2023\/12\/402284385_728264902664470_5983750679384698657_n.jpg\" alt=\"402284385_728264902664470_5983750679384698657_n\">\n                    <\/a>\n                    <figcaption itemprop=\"caption description\" class=\"slide-caption\">\n                        \n                    <\/figcaption>\n                <\/figure><\/div>\n                <div class=\"gallery-slider-thumbnail-wrapper\">\n                    <div class=\"gallery-slider-thumbnail\"><div class=\"slide-thumbnail\"><img decoding=\"async\" class=\"lazyOwl\" src=\"https:\/\/www.cetys.mx\/noticias\/wp-content\/plugins\/jmagz-plugin\/assets\/placeholder\/150x75.png\" data-src=\"https:\/\/www.cetys.mx\/noticias\/wp-content\/uploads\/2023\/12\/402278438_728266902664270_638503570851027658_n.jpg\" alt=\"402278438_728266902664270_638503570851027658_n\"><\/div><div class=\"slide-thumbnail\"><img decoding=\"async\" class=\"lazyOwl\" src=\"https:\/\/www.cetys.mx\/noticias\/wp-content\/plugins\/jmagz-plugin\/assets\/placeholder\/150x75.png\" data-src=\"https:\/\/www.cetys.mx\/noticias\/wp-content\/uploads\/2023\/12\/402433600_728267299330897_3431074273050922205_n.jpg\" alt=\"402433600_728267299330897_3431074273050922205_n\"><\/div><div class=\"slide-thumbnail\"><img decoding=\"async\" class=\"lazyOwl\" src=\"https:\/\/www.cetys.mx\/noticias\/wp-content\/plugins\/jmagz-plugin\/assets\/placeholder\/150x75.png\" data-src=\"https:\/\/www.cetys.mx\/noticias\/wp-content\/uploads\/2023\/12\/402464509_728263749331252_3716886797589392340_n.jpg\" alt=\"402464509_728263749331252_3716886797589392340_n\"><\/div><div class=\"slide-thumbnail\"><img decoding=\"async\" class=\"lazyOwl\" src=\"https:\/\/www.cetys.mx\/noticias\/wp-content\/plugins\/jmagz-plugin\/assets\/placeholder\/150x75.png\" data-src=\"https:\/\/www.cetys.mx\/noticias\/wp-content\/uploads\/2023\/12\/402284385_728264902664470_5983750679384698657_n.jpg\" alt=\"402284385_728264902664470_5983750679384698657_n\"><\/div><\/div><\/div><\/div>\n<p><span style=\"font-weight: 400;\">La Semana del Emprendimiento 2023 ofreci\u00f3 a los participantes una experiencia\u00a0<\/span><span style=\"font-weight: 400;\">enriquecedora con conferencias magistrales, talleres did\u00e1cticos, paneles y actividades especiales, como la presentaci\u00f3n de ideas de negocio para su validaci\u00f3n y un bootcamp de inteligencia de negocios. Este enfoque pr\u00e1ctico permiti\u00f3 a 872 estudiantes de la Escuela de Administraci\u00f3n y Negocios, provenientes de distintos semestres y carreras, intercambiar conocimientos y experiencias. Con el rotundo \u00e9xito de esta edici\u00f3n, se anticipa con entusiasmo que la Semana del Emprendimiento se repetir\u00e1 el pr\u00f3ximo a\u00f1o, ampliando su alcance y beneficiando a m\u00e1s estudiantes e invitados. As\u00ed, CETYS Universidad reitera su compromiso con la formaci\u00f3n de l\u00edderes emprendedores que contribuyan al desarrollo sostenible y transformador de la sociedad.<\/span><\/p>\n<p>&nbsp;<\/p>\n","protected":false},"excerpt":{"rendered":"<p>En la b\u00fasqueda de fomentar el desarrollo en j\u00f3venes y proyectos nacientes, CETYS llev\u00f3 a cabo en sus tres campus la \u201cSemana&#8230;<\/p>\n","protected":false},"author":104,"featured_media":178128,"comment_status":"open","ping_status":"closed","sticky":false,"template":"","format":"standard","meta":{"footnotes":""},"categories":[111,209,125,1],"tags":[6156],"class_list":["post-178127","post","type-post","status-publish","format-standard","has-post-thumbnail","hentry","category-emprendimiento","category-institucional","category-portada","category-uncategorized","tag-semana-del-emprendimiento"],"yoast_head":"<!-- This site is optimized with the Yoast SEO plugin v27.4 - https:\/\/yoast.com\/product\/yoast-seo-wordpress\/ -->\n<title>As\u00ed se vivi\u00f3 la Semana del Emprendimiento 2023 de CETYS - CETYS<\/title>\n<meta name=\"description\" content=\"Articulo sobre As\u00ed se vivi\u00f3 la Semana del Emprendimiento 2023 de CETYS\" \/>\n<meta name=\"robots\" content=\"index, follow, max-snippet:-1, max-image-preview:large, max-video-preview:-1\" \/>\n<link rel=\"canonical\" href=\"https:\/\/www.cetys.mx\/noticias\/asi-se-vivio-la-semana-del-emprendimiento-2023-de-cetys\/\" \/>\n<meta property=\"og:locale\" content=\"es_MX\" \/>\n<meta property=\"og:type\" content=\"article\" \/>\n<meta property=\"og:title\" content=\"As\u00ed se vivi\u00f3 la Semana del Emprendimiento 2023 de CETYS - CETYS\" \/>\n<meta property=\"og:description\" content=\"Articulo sobre As\u00ed se vivi\u00f3 la Semana del Emprendimiento 2023 de CETYS\" \/>\n<meta property=\"og:url\" content=\"https:\/\/www.cetys.mx\/noticias\/asi-se-vivio-la-semana-del-emprendimiento-2023-de-cetys\/\" \/>\n<meta property=\"og:site_name\" content=\"CETYS\" \/>\n<meta property=\"article:publisher\" content=\"https:\/\/www.facebook.com\/cetysuniversidadmxl\/\" \/>\n<meta property=\"article:published_time\" content=\"2023-12-05T00:18:44+00:00\" \/>\n<meta property=\"og:image\" content=\"https:\/\/www.cetys.mx\/noticias\/wp-content\/uploads\/2023\/12\/Semana-del-Emprendimiento-2023.png\" \/>\n\t<meta property=\"og:image:width\" content=\"958\" \/>\n\t<meta property=\"og:image:height\" content=\"637\" \/>\n\t<meta property=\"og:image:type\" content=\"image\/png\" \/>\n<meta name=\"author\" content=\"Webmaster CETYS\" \/>\n<meta name=\"twitter:card\" content=\"summary_large_image\" \/>\n<meta name=\"twitter:creator\" content=\"@cetysuni\" \/>\n<meta name=\"twitter:site\" content=\"@cetysuni\" \/>\n<meta name=\"twitter:label1\" content=\"Escrito por\" \/>\n\t<meta name=\"twitter:data1\" content=\"Webmaster CETYS\" \/>\n\t<meta name=\"twitter:label2\" content=\"Tiempo de lectura\" \/>\n\t<meta name=\"twitter:data2\" content=\"2 minutos\" \/>\n<script type=\"application\/ld+json\" class=\"yoast-schema-graph\">{\"@context\":\"https:\\\/\\\/schema.org\",\"@graph\":[{\"@type\":\"Article\",\"@id\":\"https:\\\/\\\/www.cetys.mx\\\/noticias\\\/asi-se-vivio-la-semana-del-emprendimiento-2023-de-cetys\\\/#article\",\"isPartOf\":{\"@id\":\"https:\\\/\\\/www.cetys.mx\\\/noticias\\\/asi-se-vivio-la-semana-del-emprendimiento-2023-de-cetys\\\/\"},\"author\":{\"name\":\"Webmaster CETYS\",\"@id\":\"https:\\\/\\\/www.cetys.mx\\\/noticias\\\/#\\\/schema\\\/person\\\/eb1a69b819c9d1ac7fe98654690a557d\"},\"headline\":\"As\u00ed se vivi\u00f3 la Semana del Emprendimiento 2023 de CETYS\",\"datePublished\":\"2023-12-05T00:18:44+00:00\",\"mainEntityOfPage\":{\"@id\":\"https:\\\/\\\/www.cetys.mx\\\/noticias\\\/asi-se-vivio-la-semana-del-emprendimiento-2023-de-cetys\\\/\"},\"wordCount\":481,\"commentCount\":0,\"image\":{\"@id\":\"https:\\\/\\\/www.cetys.mx\\\/noticias\\\/asi-se-vivio-la-semana-del-emprendimiento-2023-de-cetys\\\/#primaryimage\"},\"thumbnailUrl\":\"https:\\\/\\\/www.cetys.mx\\\/noticias\\\/wp-content\\\/uploads\\\/2023\\\/12\\\/Semana-del-Emprendimiento-2023.png\",\"keywords\":[\"Semana del Emprendimiento\"],\"articleSection\":[\"Emprendimiento\",\"Institucional\",\"Portada\",\"Uncategorized\"],\"inLanguage\":\"es\",\"potentialAction\":[{\"@type\":\"CommentAction\",\"name\":\"Comment\",\"target\":[\"https:\\\/\\\/www.cetys.mx\\\/noticias\\\/asi-se-vivio-la-semana-del-emprendimiento-2023-de-cetys\\\/#respond\"]}]},{\"@type\":\"WebPage\",\"@id\":\"https:\\\/\\\/www.cetys.mx\\\/noticias\\\/asi-se-vivio-la-semana-del-emprendimiento-2023-de-cetys\\\/\",\"url\":\"https:\\\/\\\/www.cetys.mx\\\/noticias\\\/asi-se-vivio-la-semana-del-emprendimiento-2023-de-cetys\\\/\",\"name\":\"As\u00ed se vivi\u00f3 la Semana del Emprendimiento 2023 de CETYS - CETYS\",\"isPartOf\":{\"@id\":\"https:\\\/\\\/www.cetys.mx\\\/noticias\\\/#website\"},\"primaryImageOfPage\":{\"@id\":\"https:\\\/\\\/www.cetys.mx\\\/noticias\\\/asi-se-vivio-la-semana-del-emprendimiento-2023-de-cetys\\\/#primaryimage\"},\"image\":{\"@id\":\"https:\\\/\\\/www.cetys.mx\\\/noticias\\\/asi-se-vivio-la-semana-del-emprendimiento-2023-de-cetys\\\/#primaryimage\"},\"thumbnailUrl\":\"https:\\\/\\\/www.cetys.mx\\\/noticias\\\/wp-content\\\/uploads\\\/2023\\\/12\\\/Semana-del-Emprendimiento-2023.png\",\"datePublished\":\"2023-12-05T00:18:44+00:00\",\"author\":{\"@id\":\"https:\\\/\\\/www.cetys.mx\\\/noticias\\\/#\\\/schema\\\/person\\\/eb1a69b819c9d1ac7fe98654690a557d\"},\"description\":\"Articulo sobre As\u00ed se vivi\u00f3 la Semana del Emprendimiento 2023 de CETYS\",\"breadcrumb\":{\"@id\":\"https:\\\/\\\/www.cetys.mx\\\/noticias\\\/asi-se-vivio-la-semana-del-emprendimiento-2023-de-cetys\\\/#breadcrumb\"},\"inLanguage\":\"es\",\"potentialAction\":[{\"@type\":\"ReadAction\",\"target\":[\"https:\\\/\\\/www.cetys.mx\\\/noticias\\\/asi-se-vivio-la-semana-del-emprendimiento-2023-de-cetys\\\/\"]}]},{\"@type\":\"ImageObject\",\"inLanguage\":\"es\",\"@id\":\"https:\\\/\\\/www.cetys.mx\\\/noticias\\\/asi-se-vivio-la-semana-del-emprendimiento-2023-de-cetys\\\/#primaryimage\",\"url\":\"https:\\\/\\\/www.cetys.mx\\\/noticias\\\/wp-content\\\/uploads\\\/2023\\\/12\\\/Semana-del-Emprendimiento-2023.png\",\"contentUrl\":\"https:\\\/\\\/www.cetys.mx\\\/noticias\\\/wp-content\\\/uploads\\\/2023\\\/12\\\/Semana-del-Emprendimiento-2023.png\",\"width\":958,\"height\":637},{\"@type\":\"BreadcrumbList\",\"@id\":\"https:\\\/\\\/www.cetys.mx\\\/noticias\\\/asi-se-vivio-la-semana-del-emprendimiento-2023-de-cetys\\\/#breadcrumb\",\"itemListElement\":[{\"@type\":\"ListItem\",\"position\":1,\"name\":\"Inicio\",\"item\":\"https:\\\/\\\/www.cetys.mx\\\/noticias\\\/\"},{\"@type\":\"ListItem\",\"position\":2,\"name\":\"As\u00ed se vivi\u00f3 la Semana del Emprendimiento 2023 de CETYS\"}]},{\"@type\":\"WebSite\",\"@id\":\"https:\\\/\\\/www.cetys.mx\\\/noticias\\\/#website\",\"url\":\"https:\\\/\\\/www.cetys.mx\\\/noticias\\\/\",\"name\":\"CETYS\",\"description\":\"\",\"potentialAction\":[{\"@type\":\"SearchAction\",\"target\":{\"@type\":\"EntryPoint\",\"urlTemplate\":\"https:\\\/\\\/www.cetys.mx\\\/noticias\\\/?s={search_term_string}\"},\"query-input\":{\"@type\":\"PropertyValueSpecification\",\"valueRequired\":true,\"valueName\":\"search_term_string\"}}],\"inLanguage\":\"es\"},{\"@type\":\"Person\",\"@id\":\"https:\\\/\\\/www.cetys.mx\\\/noticias\\\/#\\\/schema\\\/person\\\/eb1a69b819c9d1ac7fe98654690a557d\",\"name\":\"Webmaster CETYS\",\"url\":\"https:\\\/\\\/www.cetys.mx\\\/noticias\\\/author\\\/webmaster\\\/\"}]}<\/script>\n<!-- \/ Yoast SEO plugin. -->","yoast_head_json":{"title":"As\u00ed se vivi\u00f3 la Semana del Emprendimiento 2023 de CETYS - CETYS","description":"Articulo sobre As\u00ed se vivi\u00f3 la Semana del Emprendimiento 2023 de CETYS","robots":{"index":"index","follow":"follow","max-snippet":"max-snippet:-1","max-image-preview":"max-image-preview:large","max-video-preview":"max-video-preview:-1"},"canonical":"https:\/\/www.cetys.mx\/noticias\/asi-se-vivio-la-semana-del-emprendimiento-2023-de-cetys\/","og_locale":"es_MX","og_type":"article","og_title":"As\u00ed se vivi\u00f3 la Semana del Emprendimiento 2023 de CETYS - CETYS","og_description":"Articulo sobre As\u00ed se vivi\u00f3 la Semana del Emprendimiento 2023 de CETYS","og_url":"https:\/\/www.cetys.mx\/noticias\/asi-se-vivio-la-semana-del-emprendimiento-2023-de-cetys\/","og_site_name":"CETYS","article_publisher":"https:\/\/www.facebook.com\/cetysuniversidadmxl\/","article_published_time":"2023-12-05T00:18:44+00:00","og_image":[{"width":958,"height":637,"url":"https:\/\/www.cetys.mx\/noticias\/wp-content\/uploads\/2023\/12\/Semana-del-Emprendimiento-2023.png","type":"image\/png"}],"author":"Webmaster CETYS","twitter_card":"summary_large_image","twitter_creator":"@cetysuni","twitter_site":"@cetysuni","twitter_misc":{"Escrito por":"Webmaster CETYS","Tiempo de lectura":"2 minutos"},"schema":{"@context":"https:\/\/schema.org","@graph":[{"@type":"Article","@id":"https:\/\/www.cetys.mx\/noticias\/asi-se-vivio-la-semana-del-emprendimiento-2023-de-cetys\/#article","isPartOf":{"@id":"https:\/\/www.cetys.mx\/noticias\/asi-se-vivio-la-semana-del-emprendimiento-2023-de-cetys\/"},"author":{"name":"Webmaster CETYS","@id":"https:\/\/www.cetys.mx\/noticias\/#\/schema\/person\/eb1a69b819c9d1ac7fe98654690a557d"},"headline":"As\u00ed se vivi\u00f3 la Semana del Emprendimiento 2023 de CETYS","datePublished":"2023-12-05T00:18:44+00:00","mainEntityOfPage":{"@id":"https:\/\/www.cetys.mx\/noticias\/asi-se-vivio-la-semana-del-emprendimiento-2023-de-cetys\/"},"wordCount":481,"commentCount":0,"image":{"@id":"https:\/\/www.cetys.mx\/noticias\/asi-se-vivio-la-semana-del-emprendimiento-2023-de-cetys\/#primaryimage"},"thumbnailUrl":"https:\/\/www.cetys.mx\/noticias\/wp-content\/uploads\/2023\/12\/Semana-del-Emprendimiento-2023.png","keywords":["Semana del Emprendimiento"],"articleSection":["Emprendimiento","Institucional","Portada","Uncategorized"],"inLanguage":"es","potentialAction":[{"@type":"CommentAction","name":"Comment","target":["https:\/\/www.cetys.mx\/noticias\/asi-se-vivio-la-semana-del-emprendimiento-2023-de-cetys\/#respond"]}]},{"@type":"WebPage","@id":"https:\/\/www.cetys.mx\/noticias\/asi-se-vivio-la-semana-del-emprendimiento-2023-de-cetys\/","url":"https:\/\/www.cetys.mx\/noticias\/asi-se-vivio-la-semana-del-emprendimiento-2023-de-cetys\/","name":"As\u00ed se vivi\u00f3 la Semana del Emprendimiento 2023 de CETYS - CETYS","isPartOf":{"@id":"https:\/\/www.cetys.mx\/noticias\/#website"},"primaryImageOfPage":{"@id":"https:\/\/www.cetys.mx\/noticias\/asi-se-vivio-la-semana-del-emprendimiento-2023-de-cetys\/#primaryimage"},"image":{"@id":"https:\/\/www.cetys.mx\/noticias\/asi-se-vivio-la-semana-del-emprendimiento-2023-de-cetys\/#primaryimage"},"thumbnailUrl":"https:\/\/www.cetys.mx\/noticias\/wp-content\/uploads\/2023\/12\/Semana-del-Emprendimiento-2023.png","datePublished":"2023-12-05T00:18:44+00:00","author":{"@id":"https:\/\/www.cetys.mx\/noticias\/#\/schema\/person\/eb1a69b819c9d1ac7fe98654690a557d"},"description":"Articulo sobre As\u00ed se vivi\u00f3 la Semana del Emprendimiento 2023 de CETYS","breadcrumb":{"@id":"https:\/\/www.cetys.mx\/noticias\/asi-se-vivio-la-semana-del-emprendimiento-2023-de-cetys\/#breadcrumb"},"inLanguage":"es","potentialAction":[{"@type":"ReadAction","target":["https:\/\/www.cetys.mx\/noticias\/asi-se-vivio-la-semana-del-emprendimiento-2023-de-cetys\/"]}]},{"@type":"ImageObject","inLanguage":"es","@id":"https:\/\/www.cetys.mx\/noticias\/asi-se-vivio-la-semana-del-emprendimiento-2023-de-cetys\/#primaryimage","url":"https:\/\/www.cetys.mx\/noticias\/wp-content\/uploads\/2023\/12\/Semana-del-Emprendimiento-2023.png","contentUrl":"https:\/\/www.cetys.mx\/noticias\/wp-content\/uploads\/2023\/12\/Semana-del-Emprendimiento-2023.png","width":958,"height":637},{"@type":"BreadcrumbList","@id":"https:\/\/www.cetys.mx\/noticias\/asi-se-vivio-la-semana-del-emprendimiento-2023-de-cetys\/#breadcrumb","itemListElement":[{"@type":"ListItem","position":1,"name":"Inicio","item":"https:\/\/www.cetys.mx\/noticias\/"},{"@type":"ListItem","position":2,"name":"As\u00ed se vivi\u00f3 la Semana del Emprendimiento 2023 de CETYS"}]},{"@type":"WebSite","@id":"https:\/\/www.cetys.mx\/noticias\/#website","url":"https:\/\/www.cetys.mx\/noticias\/","name":"CETYS","description":"","potentialAction":[{"@type":"SearchAction","target":{"@type":"EntryPoint","urlTemplate":"https:\/\/www.cetys.mx\/noticias\/?s={search_term_string}"},"query-input":{"@type":"PropertyValueSpecification","valueRequired":true,"valueName":"search_term_string"}}],"inLanguage":"es"},{"@type":"Person","@id":"https:\/\/www.cetys.mx\/noticias\/#\/schema\/person\/eb1a69b819c9d1ac7fe98654690a557d","name":"Webmaster CETYS","url":"https:\/\/www.cetys.mx\/noticias\/author\/webmaster\/"}]}},"_links":{"self":[{"href":"https:\/\/www.cetys.mx\/noticias\/wp-json\/wp\/v2\/posts\/178127","targetHints":{"allow":["GET"]}}],"collection":[{"href":"https:\/\/www.cetys.mx\/noticias\/wp-json\/wp\/v2\/posts"}],"about":[{"href":"https:\/\/www.cetys.mx\/noticias\/wp-json\/wp\/v2\/types\/post"}],"author":[{"embeddable":true,"href":"https:\/\/www.cetys.mx\/noticias\/wp-json\/wp\/v2\/users\/104"}],"replies":[{"embeddable":true,"href":"https:\/\/www.cetys.mx\/noticias\/wp-json\/wp\/v2\/comments?post=178127"}],"version-history":[{"count":2,"href":"https:\/\/www.cetys.mx\/noticias\/wp-json\/wp\/v2\/posts\/178127\/revisions"}],"predecessor-version":[{"id":178146,"href":"https:\/\/www.cetys.mx\/noticias\/wp-json\/wp\/v2\/posts\/178127\/revisions\/178146"}],"wp:featuredmedia":[{"embeddable":true,"href":"https:\/\/www.cetys.mx\/noticias\/wp-json\/wp\/v2\/media\/178128"}],"wp:attachment":[{"href":"https:\/\/www.cetys.mx\/noticias\/wp-json\/wp\/v2\/media?parent=178127"}],"wp:term":[{"taxonomy":"category","embeddable":true,"href":"https:\/\/www.cetys.mx\/noticias\/wp-json\/wp\/v2\/categories?post=178127"},{"taxonomy":"post_tag","embeddable":true,"href":"https:\/\/www.cetys.mx\/noticias\/wp-json\/wp\/v2\/tags?post=178127"}],"curies":[{"name":"wp","href":"https:\/\/api.w.org\/{rel}","templated":true}]}}