{"id":178096,"date":"2023-12-01T17:57:52","date_gmt":"2023-12-02T01:57:52","guid":{"rendered":"https:\/\/www.cetys.mx\/noticias\/?p=178096"},"modified":"2023-12-01T18:00:43","modified_gmt":"2023-12-02T02:00:43","slug":"academica-de-cetys-en-tijuana-imparte-conferencia-en-india","status":"publish","type":"post","link":"https:\/\/www.cetys.mx\/noticias\/academica-de-cetys-en-tijuana-imparte-conferencia-en-india\/","title":{"rendered":"Acad\u00e9mica de CETYS en Tijuana imparte conferencia en India"},"content":{"rendered":"<p><span style=\"font-weight: 400;\">La <strong>Dra. Alejandra Rosales Soto<\/strong>, <em>acad\u00e9mica de la Escuela de Administraci\u00f3n y Negocios<\/em> de <strong>CETYS Tijuana<\/strong> realiz\u00f3 la conferencia magistral: \u201cCreative Planning Strategy\u201d en la India, en la\u00a0 PSGR Krishnammal College for Women, en\u00a0Tamil Nadu.<\/span><\/p>\n<p><span style=\"font-weight: 400;\">La experiencia internacional de la acad\u00e9mica es resultado de la vinculaci\u00f3n de ambas universidades, las cuales cuentan con la acreditaci\u00f3n ACBSP, donde los profesores de ambas universidades han brindado conferencias magistrales a los respectivos estudiantes, brindando una educaci\u00f3n con enfoque internacional.<\/span><\/p>\n<blockquote><p><span style=\"font-weight: 400;\">\u201cFue una grata experiencia compartir mis conocimientos en un m\u00f3dulo de planeaci\u00f3n estrat\u00e9gica creativa durante la materia que cursan de <\/span><span style=\"font-weight: 400;\">Integrated Marketing Communication\u00a0<\/span><span style=\"font-weight: 400;\">con mujeres j\u00f3venes estudiantes de posgrado de la universidad. Un evento a distancia donde con 12:30 horas de diferencia nos adaptamos para participar en este evento. Dejamos la puerta abierta para continuar colaborando\u201d, mencion\u00f3 la acad\u00e9mica.<\/span><\/p><\/blockquote>\n\n            <style type='text\/css'>\n                #gallery-1 {\n                    margin: auto;\n                }\n                #gallery-1 .gallery-item {\n                    float: left;\n                    margin-top: 10px;\n                    text-align: center;\n                    width: 50%;\n                }\n                #gallery-1 img {\n                    border: 2px solid #cfcfcf;\n                }\n                #gallery-1 .gallery-caption {\n                    margin-left: 0;\n                }\n                \/* see gallery_shortcode() in wp-includes\/media.php *\/\n            <\/style>\n\t\t<div id='gallery-1' class='gallery galleryid-178096 gallery-columns-2 gallery-size-medium'><dl class='gallery-item'>\n                <dt class='gallery-icon landscape'>\n                    <a href='https:\/\/www.cetys.mx\/noticias\/academica-de-cetys-en-tijuana-imparte-conferencia-en-india\/dra-alejandra-rosales-india-experiencia-internacional-02\/'><img loading=\"lazy\" decoding=\"async\" width=\"1200\" height=\"798\" src=\"https:\/\/www.cetys.mx\/noticias\/wp-content\/uploads\/2023\/12\/dra-alejandra-rosales-india-experiencia-internacional-02.jpg\" class=\"attachment-medium size-medium\" alt=\"\" srcset=\"https:\/\/www.cetys.mx\/noticias\/wp-content\/uploads\/2023\/12\/dra-alejandra-rosales-india-experiencia-internacional-02.jpg 1200w, https:\/\/www.cetys.mx\/noticias\/wp-content\/uploads\/2023\/12\/dra-alejandra-rosales-india-experiencia-internacional-02-768x511.jpg 768w\" sizes=\"auto, (max-width: 1200px) 100vw, 1200px\" \/><\/a>\n                <\/dt><\/dl><dl class='gallery-item'>\n                <dt class='gallery-icon landscape'>\n                    <a href='https:\/\/www.cetys.mx\/noticias\/academica-de-cetys-en-tijuana-imparte-conferencia-en-india\/dra-alejandra-rosales-india-experiencia-internacional\/'><img loading=\"lazy\" decoding=\"async\" width=\"1200\" height=\"798\" src=\"https:\/\/www.cetys.mx\/noticias\/wp-content\/uploads\/2023\/12\/dra-alejandra-rosales-india-experiencia-internacional.jpg\" class=\"attachment-medium size-medium\" alt=\"\" srcset=\"https:\/\/www.cetys.mx\/noticias\/wp-content\/uploads\/2023\/12\/dra-alejandra-rosales-india-experiencia-internacional.jpg 1200w, https:\/\/www.cetys.mx\/noticias\/wp-content\/uploads\/2023\/12\/dra-alejandra-rosales-india-experiencia-internacional-768x511.jpg 768w\" sizes=\"auto, (max-width: 1200px) 100vw, 1200px\" \/><\/a>\n                <\/dt><\/dl><br style=\"clear: both\" \/>\n            <\/div>\n\n","protected":false},"excerpt":{"rendered":"<p>La Dra. Alejandra Rosales Soto, acad\u00e9mica de la Escuela de Administraci\u00f3n y Negocios de CETYS Tijuana realiz\u00f3 la conferencia magistral: \u201cCreative Planning&#8230;<\/p>\n","protected":false},"author":24,"featured_media":178097,"comment_status":"open","ping_status":"closed","sticky":false,"template":"","format":"standard","meta":{"footnotes":""},"categories":[134,1710,313],"tags":[328,6460,6477],"class_list":["post-178096","post","type-post","status-publish","format-standard","has-post-thumbnail","hentry","category-campus-tijuana","category-profesorado","category-vocetys-2","tag-campustijuana","tag-inteligenciadenegocioseinnovacion","tag-negociosinternacionales"],"yoast_head":"<!-- This site is optimized with the Yoast SEO plugin v27.4 - https:\/\/yoast.com\/product\/yoast-seo-wordpress\/ -->\n<title>Acad\u00e9mica de CETYS en Tijuana imparte conferencia en India - CETYS<\/title>\n<meta name=\"description\" content=\"Articulo sobre Acad\u00e9mica de CETYS en Tijuana imparte conferencia en India\" \/>\n<meta name=\"robots\" content=\"index, follow, max-snippet:-1, max-image-preview:large, max-video-preview:-1\" \/>\n<link rel=\"canonical\" href=\"https:\/\/www.cetys.mx\/noticias\/academica-de-cetys-en-tijuana-imparte-conferencia-en-india\/\" \/>\n<meta property=\"og:locale\" content=\"es_MX\" \/>\n<meta property=\"og:type\" content=\"article\" \/>\n<meta property=\"og:title\" content=\"Acad\u00e9mica de CETYS en Tijuana imparte conferencia en India - CETYS\" \/>\n<meta property=\"og:description\" content=\"Articulo sobre Acad\u00e9mica de CETYS en Tijuana imparte conferencia en India\" \/>\n<meta property=\"og:url\" content=\"https:\/\/www.cetys.mx\/noticias\/academica-de-cetys-en-tijuana-imparte-conferencia-en-india\/\" \/>\n<meta property=\"og:site_name\" content=\"CETYS\" \/>\n<meta property=\"article:publisher\" content=\"https:\/\/www.facebook.com\/cetysuniversidadmxl\/\" \/>\n<meta property=\"article:published_time\" content=\"2023-12-02T01:57:52+00:00\" \/>\n<meta property=\"article:modified_time\" content=\"2023-12-02T02:00:43+00:00\" \/>\n<meta property=\"og:image\" content=\"https:\/\/www.cetys.mx\/noticias\/wp-content\/uploads\/2023\/12\/dra-alejandra-rosales-india.jpg\" \/>\n\t<meta property=\"og:image:width\" content=\"1200\" \/>\n\t<meta property=\"og:image:height\" content=\"798\" \/>\n\t<meta property=\"og:image:type\" content=\"image\/jpeg\" \/>\n<meta name=\"author\" content=\"Campus Tijuana\" \/>\n<meta name=\"twitter:card\" content=\"summary_large_image\" \/>\n<meta name=\"twitter:creator\" content=\"@cetysuni\" \/>\n<meta name=\"twitter:site\" content=\"@cetysuni\" \/>\n<meta name=\"twitter:label1\" content=\"Escrito por\" \/>\n\t<meta name=\"twitter:data1\" content=\"Campus Tijuana\" \/>\n\t<meta name=\"twitter:label2\" content=\"Tiempo de lectura\" \/>\n\t<meta name=\"twitter:data2\" content=\"1 minuto\" \/>\n<script type=\"application\/ld+json\" class=\"yoast-schema-graph\">{\"@context\":\"https:\\\/\\\/schema.org\",\"@graph\":[{\"@type\":\"Article\",\"@id\":\"https:\\\/\\\/www.cetys.mx\\\/noticias\\\/academica-de-cetys-en-tijuana-imparte-conferencia-en-india\\\/#article\",\"isPartOf\":{\"@id\":\"https:\\\/\\\/www.cetys.mx\\\/noticias\\\/academica-de-cetys-en-tijuana-imparte-conferencia-en-india\\\/\"},\"author\":{\"name\":\"Campus Tijuana\",\"@id\":\"https:\\\/\\\/www.cetys.mx\\\/noticias\\\/#\\\/schema\\\/person\\\/e790051ce60e18ae47cfa87011c8653f\"},\"headline\":\"Acad\u00e9mica de CETYS en Tijuana imparte conferencia en India\",\"datePublished\":\"2023-12-02T01:57:52+00:00\",\"dateModified\":\"2023-12-02T02:00:43+00:00\",\"mainEntityOfPage\":{\"@id\":\"https:\\\/\\\/www.cetys.mx\\\/noticias\\\/academica-de-cetys-en-tijuana-imparte-conferencia-en-india\\\/\"},\"wordCount\":161,\"commentCount\":0,\"image\":{\"@id\":\"https:\\\/\\\/www.cetys.mx\\\/noticias\\\/academica-de-cetys-en-tijuana-imparte-conferencia-en-india\\\/#primaryimage\"},\"thumbnailUrl\":\"https:\\\/\\\/www.cetys.mx\\\/noticias\\\/wp-content\\\/uploads\\\/2023\\\/12\\\/dra-alejandra-rosales-india.jpg\",\"keywords\":[\"campustijuana\",\"InteligenciadeNegocioseInnovacion\",\"NegociosInternacionales\"],\"articleSection\":[\"Campus Tijuana\",\"Profesorado\",\"VoCETYS\"],\"inLanguage\":\"es\",\"potentialAction\":[{\"@type\":\"CommentAction\",\"name\":\"Comment\",\"target\":[\"https:\\\/\\\/www.cetys.mx\\\/noticias\\\/academica-de-cetys-en-tijuana-imparte-conferencia-en-india\\\/#respond\"]}]},{\"@type\":\"WebPage\",\"@id\":\"https:\\\/\\\/www.cetys.mx\\\/noticias\\\/academica-de-cetys-en-tijuana-imparte-conferencia-en-india\\\/\",\"url\":\"https:\\\/\\\/www.cetys.mx\\\/noticias\\\/academica-de-cetys-en-tijuana-imparte-conferencia-en-india\\\/\",\"name\":\"Acad\u00e9mica de CETYS en Tijuana imparte conferencia en India - CETYS\",\"isPartOf\":{\"@id\":\"https:\\\/\\\/www.cetys.mx\\\/noticias\\\/#website\"},\"primaryImageOfPage\":{\"@id\":\"https:\\\/\\\/www.cetys.mx\\\/noticias\\\/academica-de-cetys-en-tijuana-imparte-conferencia-en-india\\\/#primaryimage\"},\"image\":{\"@id\":\"https:\\\/\\\/www.cetys.mx\\\/noticias\\\/academica-de-cetys-en-tijuana-imparte-conferencia-en-india\\\/#primaryimage\"},\"thumbnailUrl\":\"https:\\\/\\\/www.cetys.mx\\\/noticias\\\/wp-content\\\/uploads\\\/2023\\\/12\\\/dra-alejandra-rosales-india.jpg\",\"datePublished\":\"2023-12-02T01:57:52+00:00\",\"dateModified\":\"2023-12-02T02:00:43+00:00\",\"author\":{\"@id\":\"https:\\\/\\\/www.cetys.mx\\\/noticias\\\/#\\\/schema\\\/person\\\/e790051ce60e18ae47cfa87011c8653f\"},\"description\":\"Articulo sobre Acad\u00e9mica de CETYS en Tijuana imparte conferencia en India\",\"breadcrumb\":{\"@id\":\"https:\\\/\\\/www.cetys.mx\\\/noticias\\\/academica-de-cetys-en-tijuana-imparte-conferencia-en-india\\\/#breadcrumb\"},\"inLanguage\":\"es\",\"potentialAction\":[{\"@type\":\"ReadAction\",\"target\":[\"https:\\\/\\\/www.cetys.mx\\\/noticias\\\/academica-de-cetys-en-tijuana-imparte-conferencia-en-india\\\/\"]}]},{\"@type\":\"ImageObject\",\"inLanguage\":\"es\",\"@id\":\"https:\\\/\\\/www.cetys.mx\\\/noticias\\\/academica-de-cetys-en-tijuana-imparte-conferencia-en-india\\\/#primaryimage\",\"url\":\"https:\\\/\\\/www.cetys.mx\\\/noticias\\\/wp-content\\\/uploads\\\/2023\\\/12\\\/dra-alejandra-rosales-india.jpg\",\"contentUrl\":\"https:\\\/\\\/www.cetys.mx\\\/noticias\\\/wp-content\\\/uploads\\\/2023\\\/12\\\/dra-alejandra-rosales-india.jpg\",\"width\":1200,\"height\":798},{\"@type\":\"BreadcrumbList\",\"@id\":\"https:\\\/\\\/www.cetys.mx\\\/noticias\\\/academica-de-cetys-en-tijuana-imparte-conferencia-en-india\\\/#breadcrumb\",\"itemListElement\":[{\"@type\":\"ListItem\",\"position\":1,\"name\":\"Inicio\",\"item\":\"https:\\\/\\\/www.cetys.mx\\\/noticias\\\/\"},{\"@type\":\"ListItem\",\"position\":2,\"name\":\"Acad\u00e9mica de CETYS en Tijuana imparte conferencia en India\"}]},{\"@type\":\"WebSite\",\"@id\":\"https:\\\/\\\/www.cetys.mx\\\/noticias\\\/#website\",\"url\":\"https:\\\/\\\/www.cetys.mx\\\/noticias\\\/\",\"name\":\"CETYS\",\"description\":\"\",\"potentialAction\":[{\"@type\":\"SearchAction\",\"target\":{\"@type\":\"EntryPoint\",\"urlTemplate\":\"https:\\\/\\\/www.cetys.mx\\\/noticias\\\/?s={search_term_string}\"},\"query-input\":{\"@type\":\"PropertyValueSpecification\",\"valueRequired\":true,\"valueName\":\"search_term_string\"}}],\"inLanguage\":\"es\"},{\"@type\":\"Person\",\"@id\":\"https:\\\/\\\/www.cetys.mx\\\/noticias\\\/#\\\/schema\\\/person\\\/e790051ce60e18ae47cfa87011c8653f\",\"name\":\"Campus Tijuana\",\"url\":\"https:\\\/\\\/www.cetys.mx\\\/noticias\\\/author\\\/campustijuana\\\/\"}]}<\/script>\n<!-- \/ Yoast SEO plugin. -->","yoast_head_json":{"title":"Acad\u00e9mica de CETYS en Tijuana imparte conferencia en India - CETYS","description":"Articulo sobre Acad\u00e9mica de CETYS en Tijuana imparte conferencia en India","robots":{"index":"index","follow":"follow","max-snippet":"max-snippet:-1","max-image-preview":"max-image-preview:large","max-video-preview":"max-video-preview:-1"},"canonical":"https:\/\/www.cetys.mx\/noticias\/academica-de-cetys-en-tijuana-imparte-conferencia-en-india\/","og_locale":"es_MX","og_type":"article","og_title":"Acad\u00e9mica de CETYS en Tijuana imparte conferencia en India - CETYS","og_description":"Articulo sobre Acad\u00e9mica de CETYS en Tijuana imparte conferencia en India","og_url":"https:\/\/www.cetys.mx\/noticias\/academica-de-cetys-en-tijuana-imparte-conferencia-en-india\/","og_site_name":"CETYS","article_publisher":"https:\/\/www.facebook.com\/cetysuniversidadmxl\/","article_published_time":"2023-12-02T01:57:52+00:00","article_modified_time":"2023-12-02T02:00:43+00:00","og_image":[{"width":1200,"height":798,"url":"https:\/\/www.cetys.mx\/noticias\/wp-content\/uploads\/2023\/12\/dra-alejandra-rosales-india.jpg","type":"image\/jpeg"}],"author":"Campus Tijuana","twitter_card":"summary_large_image","twitter_creator":"@cetysuni","twitter_site":"@cetysuni","twitter_misc":{"Escrito por":"Campus Tijuana","Tiempo de lectura":"1 minuto"},"schema":{"@context":"https:\/\/schema.org","@graph":[{"@type":"Article","@id":"https:\/\/www.cetys.mx\/noticias\/academica-de-cetys-en-tijuana-imparte-conferencia-en-india\/#article","isPartOf":{"@id":"https:\/\/www.cetys.mx\/noticias\/academica-de-cetys-en-tijuana-imparte-conferencia-en-india\/"},"author":{"name":"Campus Tijuana","@id":"https:\/\/www.cetys.mx\/noticias\/#\/schema\/person\/e790051ce60e18ae47cfa87011c8653f"},"headline":"Acad\u00e9mica de CETYS en Tijuana imparte conferencia en India","datePublished":"2023-12-02T01:57:52+00:00","dateModified":"2023-12-02T02:00:43+00:00","mainEntityOfPage":{"@id":"https:\/\/www.cetys.mx\/noticias\/academica-de-cetys-en-tijuana-imparte-conferencia-en-india\/"},"wordCount":161,"commentCount":0,"image":{"@id":"https:\/\/www.cetys.mx\/noticias\/academica-de-cetys-en-tijuana-imparte-conferencia-en-india\/#primaryimage"},"thumbnailUrl":"https:\/\/www.cetys.mx\/noticias\/wp-content\/uploads\/2023\/12\/dra-alejandra-rosales-india.jpg","keywords":["campustijuana","InteligenciadeNegocioseInnovacion","NegociosInternacionales"],"articleSection":["Campus Tijuana","Profesorado","VoCETYS"],"inLanguage":"es","potentialAction":[{"@type":"CommentAction","name":"Comment","target":["https:\/\/www.cetys.mx\/noticias\/academica-de-cetys-en-tijuana-imparte-conferencia-en-india\/#respond"]}]},{"@type":"WebPage","@id":"https:\/\/www.cetys.mx\/noticias\/academica-de-cetys-en-tijuana-imparte-conferencia-en-india\/","url":"https:\/\/www.cetys.mx\/noticias\/academica-de-cetys-en-tijuana-imparte-conferencia-en-india\/","name":"Acad\u00e9mica de CETYS en Tijuana imparte conferencia en India - CETYS","isPartOf":{"@id":"https:\/\/www.cetys.mx\/noticias\/#website"},"primaryImageOfPage":{"@id":"https:\/\/www.cetys.mx\/noticias\/academica-de-cetys-en-tijuana-imparte-conferencia-en-india\/#primaryimage"},"image":{"@id":"https:\/\/www.cetys.mx\/noticias\/academica-de-cetys-en-tijuana-imparte-conferencia-en-india\/#primaryimage"},"thumbnailUrl":"https:\/\/www.cetys.mx\/noticias\/wp-content\/uploads\/2023\/12\/dra-alejandra-rosales-india.jpg","datePublished":"2023-12-02T01:57:52+00:00","dateModified":"2023-12-02T02:00:43+00:00","author":{"@id":"https:\/\/www.cetys.mx\/noticias\/#\/schema\/person\/e790051ce60e18ae47cfa87011c8653f"},"description":"Articulo sobre Acad\u00e9mica de CETYS en Tijuana imparte conferencia en India","breadcrumb":{"@id":"https:\/\/www.cetys.mx\/noticias\/academica-de-cetys-en-tijuana-imparte-conferencia-en-india\/#breadcrumb"},"inLanguage":"es","potentialAction":[{"@type":"ReadAction","target":["https:\/\/www.cetys.mx\/noticias\/academica-de-cetys-en-tijuana-imparte-conferencia-en-india\/"]}]},{"@type":"ImageObject","inLanguage":"es","@id":"https:\/\/www.cetys.mx\/noticias\/academica-de-cetys-en-tijuana-imparte-conferencia-en-india\/#primaryimage","url":"https:\/\/www.cetys.mx\/noticias\/wp-content\/uploads\/2023\/12\/dra-alejandra-rosales-india.jpg","contentUrl":"https:\/\/www.cetys.mx\/noticias\/wp-content\/uploads\/2023\/12\/dra-alejandra-rosales-india.jpg","width":1200,"height":798},{"@type":"BreadcrumbList","@id":"https:\/\/www.cetys.mx\/noticias\/academica-de-cetys-en-tijuana-imparte-conferencia-en-india\/#breadcrumb","itemListElement":[{"@type":"ListItem","position":1,"name":"Inicio","item":"https:\/\/www.cetys.mx\/noticias\/"},{"@type":"ListItem","position":2,"name":"Acad\u00e9mica de CETYS en Tijuana imparte conferencia en India"}]},{"@type":"WebSite","@id":"https:\/\/www.cetys.mx\/noticias\/#website","url":"https:\/\/www.cetys.mx\/noticias\/","name":"CETYS","description":"","potentialAction":[{"@type":"SearchAction","target":{"@type":"EntryPoint","urlTemplate":"https:\/\/www.cetys.mx\/noticias\/?s={search_term_string}"},"query-input":{"@type":"PropertyValueSpecification","valueRequired":true,"valueName":"search_term_string"}}],"inLanguage":"es"},{"@type":"Person","@id":"https:\/\/www.cetys.mx\/noticias\/#\/schema\/person\/e790051ce60e18ae47cfa87011c8653f","name":"Campus Tijuana","url":"https:\/\/www.cetys.mx\/noticias\/author\/campustijuana\/"}]}},"_links":{"self":[{"href":"https:\/\/www.cetys.mx\/noticias\/wp-json\/wp\/v2\/posts\/178096","targetHints":{"allow":["GET"]}}],"collection":[{"href":"https:\/\/www.cetys.mx\/noticias\/wp-json\/wp\/v2\/posts"}],"about":[{"href":"https:\/\/www.cetys.mx\/noticias\/wp-json\/wp\/v2\/types\/post"}],"author":[{"embeddable":true,"href":"https:\/\/www.cetys.mx\/noticias\/wp-json\/wp\/v2\/users\/24"}],"replies":[{"embeddable":true,"href":"https:\/\/www.cetys.mx\/noticias\/wp-json\/wp\/v2\/comments?post=178096"}],"version-history":[{"count":2,"href":"https:\/\/www.cetys.mx\/noticias\/wp-json\/wp\/v2\/posts\/178096\/revisions"}],"predecessor-version":[{"id":178101,"href":"https:\/\/www.cetys.mx\/noticias\/wp-json\/wp\/v2\/posts\/178096\/revisions\/178101"}],"wp:featuredmedia":[{"embeddable":true,"href":"https:\/\/www.cetys.mx\/noticias\/wp-json\/wp\/v2\/media\/178097"}],"wp:attachment":[{"href":"https:\/\/www.cetys.mx\/noticias\/wp-json\/wp\/v2\/media?parent=178096"}],"wp:term":[{"taxonomy":"category","embeddable":true,"href":"https:\/\/www.cetys.mx\/noticias\/wp-json\/wp\/v2\/categories?post=178096"},{"taxonomy":"post_tag","embeddable":true,"href":"https:\/\/www.cetys.mx\/noticias\/wp-json\/wp\/v2\/tags?post=178096"}],"curies":[{"name":"wp","href":"https:\/\/api.w.org\/{rel}","templated":true}]}}