{"id":177957,"date":"2023-11-28T12:20:38","date_gmt":"2023-11-28T20:20:38","guid":{"rendered":"https:\/\/www.cetys.mx\/noticias\/?p=177957"},"modified":"2023-11-28T15:17:25","modified_gmt":"2023-11-28T23:17:25","slug":"coloquio-maestria-gerontologia-social-alumnos-de-los-tres-campus-de-cetys-universidad","status":"publish","type":"post","link":"https:\/\/www.cetys.mx\/noticias\/coloquio-maestria-gerontologia-social-alumnos-de-los-tres-campus-de-cetys-universidad\/","title":{"rendered":"Llevan a cabo Coloquio de la Maestr\u00eda en Gerontolog\u00eda Social alumnos de los tres campus de CETYS Universidad"},"content":{"rendered":"<p><span style=\"font-weight: 400;\">En el marco del cierre de actividades de la asignatura Investigaci\u00f3n aplicada, impartida por el Dr. Gustavo Morelos Padilla, se llev\u00f3 a cabo el Coloquio de la Maestr\u00eda en Gerontolog\u00eda Social, donde se llevaron a cabo las exposiciones de los proyectos de investigaci\u00f3n de las estudiantes de los Campus Mexicali y Ensenada de CETYS Universidad.\u00a0<\/span><\/p>\n<p><span style=\"font-weight: 400;\">Durante el coloquio, desarrollado en el Auditorio El Cielo dentro del Centro de Estudios Vitivin\u00edcolas de Baja California de CETYS Universidad (CEVIT) del Campus Ensenada, se abordaron diferentes tem\u00e1ticas, reflejando la multidisciplinariedad de dicho programa de posgrado, donde participan psic\u00f3logos, m\u00e9dicos, administradores, comunic\u00f3logos y una fisioterapeuta.\u00a0<\/span><\/p>\n<p><span style=\"font-weight: 400;\">\u201cEste evento reflej\u00f3 la gran responsabilidad que tenemos de visibilizar a las personas adultas mayores con base en sus necesidades, inquietudes y anhelos.\u00a0<\/span><\/p>\n<p><span style=\"font-weight: 400;\">Participaron profesores de los tres campus haciendo preguntas y recomendaciones a los proyectos de los alumnos con miras a mejorar e implementar sus investigaciones dentro de sus centros de trabajo\u201d, comparti\u00f3 la Mtra. Ibza Am\u00e9rica Garc\u00eda Le\u00f3n, coordinadora de la Maestr\u00eda en Psicolog\u00eda y Gerontolog\u00eda Social.<\/span><\/p>\n<p><span style=\"font-weight: 400;\">En el coloquio participaron los profesores:\u00a0<\/span><\/p>\n<ul>\n<li style=\"font-weight: 400;\" aria-level=\"1\"><span style=\"font-weight: 400;\">Dr. Gustavo Padilla (Tij)<\/span><\/li>\n<li style=\"font-weight: 400;\" aria-level=\"1\"><span style=\"font-weight: 400;\">Dra. Estefania Andrade (Tij)<\/span><\/li>\n<li style=\"font-weight: 400;\" aria-level=\"1\"><span style=\"font-weight: 400;\">Dr. Victor Fuentes(Tij)<\/span><\/li>\n<li style=\"font-weight: 400;\" aria-level=\"1\"><span style=\"font-weight: 400;\">Dr. Edgar Madrid (Tij)<\/span><\/li>\n<li style=\"font-weight: 400;\" aria-level=\"1\"><span style=\"font-weight: 400;\">Dr. Arturo Ron (Ens)<\/span><\/li>\n<li style=\"font-weight: 400;\" aria-level=\"1\"><span style=\"font-weight: 400;\">Mtra. Am\u00e9rica Garc\u00eda<\/span><\/li>\n<\/ul>\n<p><span style=\"font-weight: 400;\">Los estudiantes:<\/span><\/p>\n<ul>\n<li style=\"font-weight: 400;\" aria-level=\"1\"><span style=\"font-weight: 400;\">Axel Paul Arredondo Qui\u00f1onez (Mxl)<\/span><\/li>\n<li style=\"font-weight: 400;\" aria-level=\"1\"><span style=\"font-weight: 400;\">Paula Galilea Hern\u00e1ndez Mel\u00e9ndrez (Mxl)<\/span><\/li>\n<li style=\"font-weight: 400;\" aria-level=\"1\"><span style=\"font-weight: 400;\">Ambemai Azucena Barriga D\u00edaz (Mxl)\u00a0<\/span><\/li>\n<li style=\"font-weight: 400;\" aria-level=\"1\"><span style=\"font-weight: 400;\">Alma Delia Padilla Gonz\u00e1lez (Mxl)<\/span><\/li>\n<li style=\"font-weight: 400;\" aria-level=\"1\"><span style=\"font-weight: 400;\">Lillian Ramos (Ens)<\/span><\/li>\n<li style=\"font-weight: 400;\" aria-level=\"1\"><span style=\"font-weight: 400;\">Elizabeth Gonz\u00e1lez Montiel (Ens)<\/span><\/li>\n<li style=\"font-weight: 400;\" aria-level=\"1\"><span style=\"font-weight: 400;\">Laura Mac Gregor Garc\u00eda (Ens)<\/span><\/li>\n<li style=\"font-weight: 400;\" aria-level=\"1\"><span style=\"font-weight: 400;\">Maricruz Huerta (Ens)<\/span><\/li>\n<li style=\"font-weight: 400;\" aria-level=\"1\"><span style=\"font-weight: 400;\">Judith Guti\u00e9rrez Valdez (Ens)<\/span><\/li>\n<\/ul>\n<p><span style=\"font-weight: 400;\">Quienes en conjunto, analizaron y trabajaron los siguientes temas:<\/span><\/p>\n<ul>\n<li style=\"font-weight: 400;\" aria-level=\"1\"><span style=\"font-weight: 400;\">Manejo de emociones en personas adultas con posible deterioro cognitivo<\/span><\/li>\n<li style=\"font-weight: 400;\" aria-level=\"1\"><span style=\"font-weight: 400;\">Relaci\u00f3n entre la actividad f\u00edsica y la estimaci\u00f3n de reserva cognitiva en adultos mayores de 65 a\u00f1os.<\/span><\/li>\n<li style=\"font-weight: 400;\" aria-level=\"1\"><span style=\"font-weight: 400;\">Percepci\u00f3n del proceso de envejecimiento en la comunidad Cucap\u00e1 El Mayor<\/span><\/li>\n<li style=\"font-weight: 400;\" aria-level=\"1\"><span style=\"font-weight: 400;\">Nivel de dependencia en las actividades de la vida diaria en adultos mayores<\/span><\/li>\n<li style=\"font-weight: 400;\" aria-level=\"1\"><span style=\"font-weight: 400;\">El proyecto de vida de un grupo de adultos mayores en etapa de retiro en Mexicali, Baja California<\/span><\/li>\n<li style=\"font-weight: 400;\" aria-level=\"1\"><span style=\"font-weight: 400;\">Pensi\u00f3n para el bienestar de las personas adultas mayores<\/span><\/li>\n<li style=\"font-weight: 400;\" aria-level=\"1\"><span style=\"font-weight: 400;\">Impacto de las consultas geri\u00e1tricas en la carga de cuidadores primarios de adultos mayores.<\/span><\/li>\n<li style=\"font-weight: 400;\" aria-level=\"1\"><span style=\"font-weight: 400;\">Discriminaci\u00f2n laboral del adulto mayor en el municipio de San Quint\u00edn, Baja California.<\/span><\/li>\n<li style=\"font-weight: 400;\" aria-level=\"1\"><span style=\"font-weight: 400;\">An\u00e1lisis de los procesos de comunicaci\u00f3n hospitalaria en pacientes adultos mayores pacientes de cirug\u00eda de cataratas.<\/span><\/li>\n<\/ul>\n","protected":false},"excerpt":{"rendered":"<p>En el marco del cierre de actividades de la asignatura Investigaci\u00f3n aplicada, impartida por el Dr. Gustavo Morelos Padilla, se llev\u00f3 a&#8230;<\/p>\n","protected":false},"author":20,"featured_media":177958,"comment_status":"open","ping_status":"closed","sticky":false,"template":"","format":"standard","meta":{"footnotes":""},"categories":[133,309,313],"tags":[6648],"class_list":["post-177957","post","type-post","status-publish","format-standard","has-post-thumbnail","hentry","category-campus-mexicali","category-posgrado","category-vocetys-2","tag-vocetys-2023-11-28","univesidades-gerontologiasocial","univesidades-posgrado"],"yoast_head":"<!-- This site is optimized with the Yoast SEO plugin v27.4 - https:\/\/yoast.com\/product\/yoast-seo-wordpress\/ -->\n<title>Llevan a cabo Coloquio de la Maestr\u00eda en Gerontolog\u00eda Social alumnos de los tres campus de CETYS Universidad - CETYS<\/title>\n<meta name=\"description\" content=\"Articulo sobre Llevan a cabo Coloquio de la Maestr\u00eda en Gerontolog\u00eda Social alumnos de los tres campus de CETYS Universidad\" \/>\n<meta name=\"robots\" content=\"index, follow, max-snippet:-1, max-image-preview:large, max-video-preview:-1\" \/>\n<link rel=\"canonical\" href=\"https:\/\/www.cetys.mx\/noticias\/coloquio-maestria-gerontologia-social-alumnos-de-los-tres-campus-de-cetys-universidad\/\" \/>\n<meta property=\"og:locale\" content=\"es_MX\" \/>\n<meta property=\"og:type\" content=\"article\" \/>\n<meta property=\"og:title\" content=\"Llevan a cabo Coloquio de la Maestr\u00eda en Gerontolog\u00eda Social alumnos de los tres campus de CETYS Universidad - CETYS\" \/>\n<meta property=\"og:description\" content=\"Articulo sobre Llevan a cabo Coloquio de la Maestr\u00eda en Gerontolog\u00eda Social alumnos de los tres campus de CETYS Universidad\" \/>\n<meta property=\"og:url\" content=\"https:\/\/www.cetys.mx\/noticias\/coloquio-maestria-gerontologia-social-alumnos-de-los-tres-campus-de-cetys-universidad\/\" \/>\n<meta property=\"og:site_name\" content=\"CETYS\" \/>\n<meta property=\"article:publisher\" content=\"https:\/\/www.facebook.com\/cetysuniversidadmxl\/\" \/>\n<meta property=\"article:published_time\" content=\"2023-11-28T20:20:38+00:00\" \/>\n<meta property=\"article:modified_time\" content=\"2023-11-28T23:17:25+00:00\" \/>\n<meta property=\"og:image\" content=\"https:\/\/www.cetys.mx\/noticias\/wp-content\/uploads\/2023\/11\/Coloquio-Gerontologia-Social.jpg\" \/>\n\t<meta property=\"og:image:width\" content=\"958\" \/>\n\t<meta property=\"og:image:height\" content=\"637\" \/>\n\t<meta property=\"og:image:type\" content=\"image\/jpeg\" \/>\n<meta name=\"author\" content=\"Campus Mexicali\" \/>\n<meta name=\"twitter:card\" content=\"summary_large_image\" \/>\n<meta name=\"twitter:creator\" content=\"@cetysuni\" \/>\n<meta name=\"twitter:site\" content=\"@cetysuni\" \/>\n<meta name=\"twitter:label1\" content=\"Escrito por\" \/>\n\t<meta name=\"twitter:data1\" content=\"Campus Mexicali\" \/>\n\t<meta name=\"twitter:label2\" content=\"Tiempo de lectura\" \/>\n\t<meta name=\"twitter:data2\" content=\"2 minutos\" \/>\n<script type=\"application\/ld+json\" class=\"yoast-schema-graph\">{\"@context\":\"https:\\\/\\\/schema.org\",\"@graph\":[{\"@type\":\"Article\",\"@id\":\"https:\\\/\\\/www.cetys.mx\\\/noticias\\\/coloquio-maestria-gerontologia-social-alumnos-de-los-tres-campus-de-cetys-universidad\\\/#article\",\"isPartOf\":{\"@id\":\"https:\\\/\\\/www.cetys.mx\\\/noticias\\\/coloquio-maestria-gerontologia-social-alumnos-de-los-tres-campus-de-cetys-universidad\\\/\"},\"author\":{\"name\":\"Campus Mexicali\",\"@id\":\"https:\\\/\\\/www.cetys.mx\\\/noticias\\\/#\\\/schema\\\/person\\\/79a95c4ac185f3705cf1b9c9340a5f70\"},\"headline\":\"Llevan a cabo Coloquio de la Maestr\u00eda en Gerontolog\u00eda Social alumnos de los tres campus de CETYS Universidad\",\"datePublished\":\"2023-11-28T20:20:38+00:00\",\"dateModified\":\"2023-11-28T23:17:25+00:00\",\"mainEntityOfPage\":{\"@id\":\"https:\\\/\\\/www.cetys.mx\\\/noticias\\\/coloquio-maestria-gerontologia-social-alumnos-de-los-tres-campus-de-cetys-universidad\\\/\"},\"wordCount\":426,\"commentCount\":0,\"image\":{\"@id\":\"https:\\\/\\\/www.cetys.mx\\\/noticias\\\/coloquio-maestria-gerontologia-social-alumnos-de-los-tres-campus-de-cetys-universidad\\\/#primaryimage\"},\"thumbnailUrl\":\"https:\\\/\\\/www.cetys.mx\\\/noticias\\\/wp-content\\\/uploads\\\/2023\\\/11\\\/Coloquio-Gerontologia-Social.jpg\",\"keywords\":[\"vocetys-2023-11-28\"],\"articleSection\":[\"Campus Mexicali\",\"Posgrado\",\"VoCETYS\"],\"inLanguage\":\"es\",\"potentialAction\":[{\"@type\":\"CommentAction\",\"name\":\"Comment\",\"target\":[\"https:\\\/\\\/www.cetys.mx\\\/noticias\\\/coloquio-maestria-gerontologia-social-alumnos-de-los-tres-campus-de-cetys-universidad\\\/#respond\"]}]},{\"@type\":\"WebPage\",\"@id\":\"https:\\\/\\\/www.cetys.mx\\\/noticias\\\/coloquio-maestria-gerontologia-social-alumnos-de-los-tres-campus-de-cetys-universidad\\\/\",\"url\":\"https:\\\/\\\/www.cetys.mx\\\/noticias\\\/coloquio-maestria-gerontologia-social-alumnos-de-los-tres-campus-de-cetys-universidad\\\/\",\"name\":\"Llevan a cabo Coloquio de la Maestr\u00eda en Gerontolog\u00eda Social alumnos de los tres campus de CETYS Universidad - CETYS\",\"isPartOf\":{\"@id\":\"https:\\\/\\\/www.cetys.mx\\\/noticias\\\/#website\"},\"primaryImageOfPage\":{\"@id\":\"https:\\\/\\\/www.cetys.mx\\\/noticias\\\/coloquio-maestria-gerontologia-social-alumnos-de-los-tres-campus-de-cetys-universidad\\\/#primaryimage\"},\"image\":{\"@id\":\"https:\\\/\\\/www.cetys.mx\\\/noticias\\\/coloquio-maestria-gerontologia-social-alumnos-de-los-tres-campus-de-cetys-universidad\\\/#primaryimage\"},\"thumbnailUrl\":\"https:\\\/\\\/www.cetys.mx\\\/noticias\\\/wp-content\\\/uploads\\\/2023\\\/11\\\/Coloquio-Gerontologia-Social.jpg\",\"datePublished\":\"2023-11-28T20:20:38+00:00\",\"dateModified\":\"2023-11-28T23:17:25+00:00\",\"author\":{\"@id\":\"https:\\\/\\\/www.cetys.mx\\\/noticias\\\/#\\\/schema\\\/person\\\/79a95c4ac185f3705cf1b9c9340a5f70\"},\"description\":\"Articulo sobre Llevan a cabo Coloquio de la Maestr\u00eda en Gerontolog\u00eda Social alumnos de los tres campus de CETYS Universidad\",\"breadcrumb\":{\"@id\":\"https:\\\/\\\/www.cetys.mx\\\/noticias\\\/coloquio-maestria-gerontologia-social-alumnos-de-los-tres-campus-de-cetys-universidad\\\/#breadcrumb\"},\"inLanguage\":\"es\",\"potentialAction\":[{\"@type\":\"ReadAction\",\"target\":[\"https:\\\/\\\/www.cetys.mx\\\/noticias\\\/coloquio-maestria-gerontologia-social-alumnos-de-los-tres-campus-de-cetys-universidad\\\/\"]}]},{\"@type\":\"ImageObject\",\"inLanguage\":\"es\",\"@id\":\"https:\\\/\\\/www.cetys.mx\\\/noticias\\\/coloquio-maestria-gerontologia-social-alumnos-de-los-tres-campus-de-cetys-universidad\\\/#primaryimage\",\"url\":\"https:\\\/\\\/www.cetys.mx\\\/noticias\\\/wp-content\\\/uploads\\\/2023\\\/11\\\/Coloquio-Gerontologia-Social.jpg\",\"contentUrl\":\"https:\\\/\\\/www.cetys.mx\\\/noticias\\\/wp-content\\\/uploads\\\/2023\\\/11\\\/Coloquio-Gerontologia-Social.jpg\",\"width\":958,\"height\":637},{\"@type\":\"BreadcrumbList\",\"@id\":\"https:\\\/\\\/www.cetys.mx\\\/noticias\\\/coloquio-maestria-gerontologia-social-alumnos-de-los-tres-campus-de-cetys-universidad\\\/#breadcrumb\",\"itemListElement\":[{\"@type\":\"ListItem\",\"position\":1,\"name\":\"Inicio\",\"item\":\"https:\\\/\\\/www.cetys.mx\\\/noticias\\\/\"},{\"@type\":\"ListItem\",\"position\":2,\"name\":\"Llevan a cabo Coloquio de la Maestr\u00eda en Gerontolog\u00eda Social alumnos de los tres campus de CETYS Universidad\"}]},{\"@type\":\"WebSite\",\"@id\":\"https:\\\/\\\/www.cetys.mx\\\/noticias\\\/#website\",\"url\":\"https:\\\/\\\/www.cetys.mx\\\/noticias\\\/\",\"name\":\"CETYS\",\"description\":\"\",\"potentialAction\":[{\"@type\":\"SearchAction\",\"target\":{\"@type\":\"EntryPoint\",\"urlTemplate\":\"https:\\\/\\\/www.cetys.mx\\\/noticias\\\/?s={search_term_string}\"},\"query-input\":{\"@type\":\"PropertyValueSpecification\",\"valueRequired\":true,\"valueName\":\"search_term_string\"}}],\"inLanguage\":\"es\"},{\"@type\":\"Person\",\"@id\":\"https:\\\/\\\/www.cetys.mx\\\/noticias\\\/#\\\/schema\\\/person\\\/79a95c4ac185f3705cf1b9c9340a5f70\",\"name\":\"Campus Mexicali\",\"url\":\"https:\\\/\\\/www.cetys.mx\\\/noticias\\\/author\\\/campusmexicali\\\/\"}]}<\/script>\n<!-- \/ Yoast SEO plugin. -->","yoast_head_json":{"title":"Llevan a cabo Coloquio de la Maestr\u00eda en Gerontolog\u00eda Social alumnos de los tres campus de CETYS Universidad - CETYS","description":"Articulo sobre Llevan a cabo Coloquio de la Maestr\u00eda en Gerontolog\u00eda Social alumnos de los tres campus de CETYS Universidad","robots":{"index":"index","follow":"follow","max-snippet":"max-snippet:-1","max-image-preview":"max-image-preview:large","max-video-preview":"max-video-preview:-1"},"canonical":"https:\/\/www.cetys.mx\/noticias\/coloquio-maestria-gerontologia-social-alumnos-de-los-tres-campus-de-cetys-universidad\/","og_locale":"es_MX","og_type":"article","og_title":"Llevan a cabo Coloquio de la Maestr\u00eda en Gerontolog\u00eda Social alumnos de los tres campus de CETYS Universidad - CETYS","og_description":"Articulo sobre Llevan a cabo Coloquio de la Maestr\u00eda en Gerontolog\u00eda Social alumnos de los tres campus de CETYS Universidad","og_url":"https:\/\/www.cetys.mx\/noticias\/coloquio-maestria-gerontologia-social-alumnos-de-los-tres-campus-de-cetys-universidad\/","og_site_name":"CETYS","article_publisher":"https:\/\/www.facebook.com\/cetysuniversidadmxl\/","article_published_time":"2023-11-28T20:20:38+00:00","article_modified_time":"2023-11-28T23:17:25+00:00","og_image":[{"width":958,"height":637,"url":"https:\/\/www.cetys.mx\/noticias\/wp-content\/uploads\/2023\/11\/Coloquio-Gerontologia-Social.jpg","type":"image\/jpeg"}],"author":"Campus Mexicali","twitter_card":"summary_large_image","twitter_creator":"@cetysuni","twitter_site":"@cetysuni","twitter_misc":{"Escrito por":"Campus Mexicali","Tiempo de lectura":"2 minutos"},"schema":{"@context":"https:\/\/schema.org","@graph":[{"@type":"Article","@id":"https:\/\/www.cetys.mx\/noticias\/coloquio-maestria-gerontologia-social-alumnos-de-los-tres-campus-de-cetys-universidad\/#article","isPartOf":{"@id":"https:\/\/www.cetys.mx\/noticias\/coloquio-maestria-gerontologia-social-alumnos-de-los-tres-campus-de-cetys-universidad\/"},"author":{"name":"Campus Mexicali","@id":"https:\/\/www.cetys.mx\/noticias\/#\/schema\/person\/79a95c4ac185f3705cf1b9c9340a5f70"},"headline":"Llevan a cabo Coloquio de la Maestr\u00eda en Gerontolog\u00eda Social alumnos de los tres campus de CETYS Universidad","datePublished":"2023-11-28T20:20:38+00:00","dateModified":"2023-11-28T23:17:25+00:00","mainEntityOfPage":{"@id":"https:\/\/www.cetys.mx\/noticias\/coloquio-maestria-gerontologia-social-alumnos-de-los-tres-campus-de-cetys-universidad\/"},"wordCount":426,"commentCount":0,"image":{"@id":"https:\/\/www.cetys.mx\/noticias\/coloquio-maestria-gerontologia-social-alumnos-de-los-tres-campus-de-cetys-universidad\/#primaryimage"},"thumbnailUrl":"https:\/\/www.cetys.mx\/noticias\/wp-content\/uploads\/2023\/11\/Coloquio-Gerontologia-Social.jpg","keywords":["vocetys-2023-11-28"],"articleSection":["Campus Mexicali","Posgrado","VoCETYS"],"inLanguage":"es","potentialAction":[{"@type":"CommentAction","name":"Comment","target":["https:\/\/www.cetys.mx\/noticias\/coloquio-maestria-gerontologia-social-alumnos-de-los-tres-campus-de-cetys-universidad\/#respond"]}]},{"@type":"WebPage","@id":"https:\/\/www.cetys.mx\/noticias\/coloquio-maestria-gerontologia-social-alumnos-de-los-tres-campus-de-cetys-universidad\/","url":"https:\/\/www.cetys.mx\/noticias\/coloquio-maestria-gerontologia-social-alumnos-de-los-tres-campus-de-cetys-universidad\/","name":"Llevan a cabo Coloquio de la Maestr\u00eda en Gerontolog\u00eda Social alumnos de los tres campus de CETYS Universidad - CETYS","isPartOf":{"@id":"https:\/\/www.cetys.mx\/noticias\/#website"},"primaryImageOfPage":{"@id":"https:\/\/www.cetys.mx\/noticias\/coloquio-maestria-gerontologia-social-alumnos-de-los-tres-campus-de-cetys-universidad\/#primaryimage"},"image":{"@id":"https:\/\/www.cetys.mx\/noticias\/coloquio-maestria-gerontologia-social-alumnos-de-los-tres-campus-de-cetys-universidad\/#primaryimage"},"thumbnailUrl":"https:\/\/www.cetys.mx\/noticias\/wp-content\/uploads\/2023\/11\/Coloquio-Gerontologia-Social.jpg","datePublished":"2023-11-28T20:20:38+00:00","dateModified":"2023-11-28T23:17:25+00:00","author":{"@id":"https:\/\/www.cetys.mx\/noticias\/#\/schema\/person\/79a95c4ac185f3705cf1b9c9340a5f70"},"description":"Articulo sobre Llevan a cabo Coloquio de la Maestr\u00eda en Gerontolog\u00eda Social alumnos de los tres campus de CETYS Universidad","breadcrumb":{"@id":"https:\/\/www.cetys.mx\/noticias\/coloquio-maestria-gerontologia-social-alumnos-de-los-tres-campus-de-cetys-universidad\/#breadcrumb"},"inLanguage":"es","potentialAction":[{"@type":"ReadAction","target":["https:\/\/www.cetys.mx\/noticias\/coloquio-maestria-gerontologia-social-alumnos-de-los-tres-campus-de-cetys-universidad\/"]}]},{"@type":"ImageObject","inLanguage":"es","@id":"https:\/\/www.cetys.mx\/noticias\/coloquio-maestria-gerontologia-social-alumnos-de-los-tres-campus-de-cetys-universidad\/#primaryimage","url":"https:\/\/www.cetys.mx\/noticias\/wp-content\/uploads\/2023\/11\/Coloquio-Gerontologia-Social.jpg","contentUrl":"https:\/\/www.cetys.mx\/noticias\/wp-content\/uploads\/2023\/11\/Coloquio-Gerontologia-Social.jpg","width":958,"height":637},{"@type":"BreadcrumbList","@id":"https:\/\/www.cetys.mx\/noticias\/coloquio-maestria-gerontologia-social-alumnos-de-los-tres-campus-de-cetys-universidad\/#breadcrumb","itemListElement":[{"@type":"ListItem","position":1,"name":"Inicio","item":"https:\/\/www.cetys.mx\/noticias\/"},{"@type":"ListItem","position":2,"name":"Llevan a cabo Coloquio de la Maestr\u00eda en Gerontolog\u00eda Social alumnos de los tres campus de CETYS Universidad"}]},{"@type":"WebSite","@id":"https:\/\/www.cetys.mx\/noticias\/#website","url":"https:\/\/www.cetys.mx\/noticias\/","name":"CETYS","description":"","potentialAction":[{"@type":"SearchAction","target":{"@type":"EntryPoint","urlTemplate":"https:\/\/www.cetys.mx\/noticias\/?s={search_term_string}"},"query-input":{"@type":"PropertyValueSpecification","valueRequired":true,"valueName":"search_term_string"}}],"inLanguage":"es"},{"@type":"Person","@id":"https:\/\/www.cetys.mx\/noticias\/#\/schema\/person\/79a95c4ac185f3705cf1b9c9340a5f70","name":"Campus Mexicali","url":"https:\/\/www.cetys.mx\/noticias\/author\/campusmexicali\/"}]}},"_links":{"self":[{"href":"https:\/\/www.cetys.mx\/noticias\/wp-json\/wp\/v2\/posts\/177957","targetHints":{"allow":["GET"]}}],"collection":[{"href":"https:\/\/www.cetys.mx\/noticias\/wp-json\/wp\/v2\/posts"}],"about":[{"href":"https:\/\/www.cetys.mx\/noticias\/wp-json\/wp\/v2\/types\/post"}],"author":[{"embeddable":true,"href":"https:\/\/www.cetys.mx\/noticias\/wp-json\/wp\/v2\/users\/20"}],"replies":[{"embeddable":true,"href":"https:\/\/www.cetys.mx\/noticias\/wp-json\/wp\/v2\/comments?post=177957"}],"version-history":[{"count":1,"href":"https:\/\/www.cetys.mx\/noticias\/wp-json\/wp\/v2\/posts\/177957\/revisions"}],"predecessor-version":[{"id":177959,"href":"https:\/\/www.cetys.mx\/noticias\/wp-json\/wp\/v2\/posts\/177957\/revisions\/177959"}],"wp:featuredmedia":[{"embeddable":true,"href":"https:\/\/www.cetys.mx\/noticias\/wp-json\/wp\/v2\/media\/177958"}],"wp:attachment":[{"href":"https:\/\/www.cetys.mx\/noticias\/wp-json\/wp\/v2\/media?parent=177957"}],"wp:term":[{"taxonomy":"category","embeddable":true,"href":"https:\/\/www.cetys.mx\/noticias\/wp-json\/wp\/v2\/categories?post=177957"},{"taxonomy":"post_tag","embeddable":true,"href":"https:\/\/www.cetys.mx\/noticias\/wp-json\/wp\/v2\/tags?post=177957"}],"curies":[{"name":"wp","href":"https:\/\/api.w.org\/{rel}","templated":true}]}}