{"id":177883,"date":"2023-11-24T10:23:36","date_gmt":"2023-11-24T18:23:36","guid":{"rendered":"https:\/\/www.cetys.mx\/noticias\/?p=177883"},"modified":"2023-11-28T15:17:59","modified_gmt":"2023-11-28T23:17:59","slug":"dr-fernando-leon-garcia-encabezara-seminario-internacional-de-liderazgo-para-rectores-universitarios-en-qatar","status":"publish","type":"post","link":"https:\/\/www.cetys.mx\/noticias\/dr-fernando-leon-garcia-encabezara-seminario-internacional-de-liderazgo-para-rectores-universitarios-en-qatar\/","title":{"rendered":"Dr. Fernando Le\u00f3n Garc\u00eda encabezar\u00e1 seminario internacional de liderazgo para rectores universitarios en Qatar"},"content":{"rendered":"<p style=\"text-align: center;\"><em><span style=\"font-weight: 400;\">El encuentro promueve el respaldo entre nuevos l\u00edderes educativos y rectores emergentes a nivel internacional.<\/span><\/em><\/p>\n<p>&nbsp;<\/p>\n<p><span style=\"font-weight: 400;\">\u00a0L\u00edderes de universidades de alrededor del mundo se dar\u00e1n cita del pr\u00f3ximo 30 de noviembre al 2 de diciembre en Doha, Qatar, para la tercera edici\u00f3n del Seminario en Desarrollo de Liderazgo para Nuevos Rectores y L\u00edderes Emergentes de la <\/span><a href=\"https:\/\/www.iaup.org\"><span style=\"font-weight: 400;\">Asociaci\u00f3n Internacional de Presidentes de Universidades<\/span><\/a><span style=\"font-weight: 400;\"> (<\/span><a href=\"https:\/\/www.iaup.org\"><span style=\"font-weight: 400;\">IAUP<\/span><\/a><span style=\"font-weight: 400;\">, por sus siglas en ingl\u00e9s), organizado en conjunto con Santander Universidades y Qatar Foundation.\u00a0<\/span><\/p>\n<p><span style=\"font-weight: 400;\">La IAUP es actualmente liderada por el Rector de CETYS Universidad, Dr. Fernando Le\u00f3n Garc\u00eda, quien comparti\u00f3 que este programa personalizado busca respaldar el desarrollo de nuevos rectores y l\u00edderes emergentes, ayud\u00e1ndolos a enfrentar los desaf\u00edos actuales y futuros de la educaci\u00f3n superior a trav\u00e9s de sesiones con expertos que compartir\u00e1n sus experiencias y mejores pr\u00e1cticas.\u00a0<\/span><\/p>\n<p><span style=\"font-weight: 400;\">L\u00edderes educativos de Austria, Bahr\u00e9in, Bangladesh, Canad\u00e1, Chile, China, Egipto, Emiratos \u00c1rabes Unidos, Espa\u00f1a, Estados Unidos, Gambia, Georgia, Ir\u00e1n, Jordania, L\u00edbano, Liberia, M\u00e9xico, Pa\u00edses Bajos, Pakist\u00e1n, Qatar, Sud\u00e1frica y Suiza abordar\u00e1n temas como Liderazgo, Gobernanza, la Transformaci\u00f3n Digital de la Educaci\u00f3n Superior, Aseguramiento de Calidad, Diversificaci\u00f3n Financiera, Internacionalizaci\u00f3n, Igualdad e Inclusi\u00f3n, entre otros.\u00a0\u00a0<\/span><\/p>\n<blockquote><p><span style=\"font-weight: 400;\">\u201cEn la \u00e9poca de la post pandemia, es de a\u00fan mayor relevancia respaldar el desarrollo de talento y liderazgo en la educaci\u00f3n superior a nivel global. Las experiencias y mejores pr\u00e1cticas, as\u00ed como la discusi\u00f3n y reflexi\u00f3n sobre tendencias y cambios inminentes en educaci\u00f3n superior, fortalecer\u00e1 los perfiles de los participantes\u201d, indic\u00f3 el Dr. Le\u00f3n Garc\u00eda.<\/span><\/p><\/blockquote>\n<p><span style=\"font-weight: 400;\">El programa de Desarrollo de Liderazgo de la IAUP se llev\u00f3 a cabo por primera vez en 2019 en Dinamarca, con su segunda edici\u00f3n llev\u00e1ndose a cabo en el 2022 en la Ciudad de M\u00e9xico.\u00a0<\/span><\/p>\n<p><span style=\"font-weight: 400;\">La Asociaci\u00f3n Internacional de Presidentes de Universidades es una red global de l\u00edderes universitarios e instituciones dedicadas a hacer del mundo un lugar mejor a trav\u00e9s de la educaci\u00f3n superior, fortaleciendo el liderazgo a trav\u00e9s del intercambio de conocimientos, mejores pr\u00e1cticas y puntos de vista estrat\u00e9gicos. Actualmente es presidida por el Dr. Fernando Le\u00f3n Garc\u00eda, Rector de CETYS Universidad.<\/span><\/p>\n","protected":false},"excerpt":{"rendered":"<p>El encuentro promueve el respaldo entre nuevos l\u00edderes educativos y rectores emergentes a nivel internacional. &nbsp; \u00a0L\u00edderes de universidades de alrededor del&#8230;<\/p>\n","protected":false},"author":26,"featured_media":177858,"comment_status":"open","ping_status":"closed","sticky":false,"template":"","format":"standard","meta":{"footnotes":""},"categories":[209,125,113,313],"tags":[5337,277,6648],"class_list":["post-177883","post","type-post","status-publish","format-standard","has-post-thumbnail","hentry","category-institucional","category-portada","category-rectoria","category-vocetys-2","tag-iaup","tag-rectoria","tag-vocetys-2023-11-28"],"yoast_head":"<!-- This site is optimized with the Yoast SEO plugin v27.4 - https:\/\/yoast.com\/product\/yoast-seo-wordpress\/ -->\n<title>Dr. Fernando Le\u00f3n Garc\u00eda encabezar\u00e1 seminario internacional de liderazgo para rectores universitarios en Qatar - CETYS<\/title>\n<meta name=\"description\" content=\"El encuentro promueve el respaldo entre nuevos l\u00edderes educativos y rectores emergentes a nivel internacional.\" \/>\n<meta name=\"robots\" content=\"index, follow, max-snippet:-1, max-image-preview:large, max-video-preview:-1\" \/>\n<link rel=\"canonical\" href=\"https:\/\/www.cetys.mx\/noticias\/dr-fernando-leon-garcia-encabezara-seminario-internacional-de-liderazgo-para-rectores-universitarios-en-qatar\/\" \/>\n<meta property=\"og:locale\" content=\"es_MX\" \/>\n<meta property=\"og:type\" content=\"article\" \/>\n<meta property=\"og:title\" content=\"Dr. Fernando Le\u00f3n Garc\u00eda encabezar\u00e1 seminario internacional de liderazgo para rectores universitarios en Qatar - CETYS\" \/>\n<meta property=\"og:description\" content=\"El encuentro promueve el respaldo entre nuevos l\u00edderes educativos y rectores emergentes a nivel internacional.\" \/>\n<meta property=\"og:url\" content=\"https:\/\/www.cetys.mx\/noticias\/dr-fernando-leon-garcia-encabezara-seminario-internacional-de-liderazgo-para-rectores-universitarios-en-qatar\/\" \/>\n<meta property=\"og:site_name\" content=\"CETYS\" \/>\n<meta property=\"article:publisher\" content=\"https:\/\/www.facebook.com\/cetysuniversidadmxl\/\" \/>\n<meta property=\"article:published_time\" content=\"2023-11-24T18:23:36+00:00\" \/>\n<meta property=\"article:modified_time\" content=\"2023-11-28T23:17:59+00:00\" \/>\n<meta property=\"og:image\" content=\"https:\/\/www.cetys.mx\/noticias\/wp-content\/uploads\/2023\/11\/IAUP.jpg\" \/>\n\t<meta property=\"og:image:width\" content=\"958\" \/>\n\t<meta property=\"og:image:height\" content=\"637\" \/>\n\t<meta property=\"og:image:type\" content=\"image\/jpeg\" \/>\n<meta name=\"author\" content=\"CETYS Institucional\" \/>\n<meta name=\"twitter:card\" content=\"summary_large_image\" \/>\n<meta name=\"twitter:creator\" content=\"@cetysuni\" \/>\n<meta name=\"twitter:site\" content=\"@cetysuni\" \/>\n<meta name=\"twitter:label1\" content=\"Escrito por\" \/>\n\t<meta name=\"twitter:data1\" content=\"CETYS Institucional\" \/>\n\t<meta name=\"twitter:label2\" content=\"Tiempo de lectura\" \/>\n\t<meta name=\"twitter:data2\" content=\"2 minutos\" \/>\n<script type=\"application\/ld+json\" class=\"yoast-schema-graph\">{\"@context\":\"https:\\\/\\\/schema.org\",\"@graph\":[{\"@type\":\"Article\",\"@id\":\"https:\\\/\\\/www.cetys.mx\\\/noticias\\\/dr-fernando-leon-garcia-encabezara-seminario-internacional-de-liderazgo-para-rectores-universitarios-en-qatar\\\/#article\",\"isPartOf\":{\"@id\":\"https:\\\/\\\/www.cetys.mx\\\/noticias\\\/dr-fernando-leon-garcia-encabezara-seminario-internacional-de-liderazgo-para-rectores-universitarios-en-qatar\\\/\"},\"author\":{\"name\":\"CETYS Institucional\",\"@id\":\"https:\\\/\\\/www.cetys.mx\\\/noticias\\\/#\\\/schema\\\/person\\\/e9d2b35265b64aa454df57a2828eb2ac\"},\"headline\":\"Dr. Fernando Le\u00f3n Garc\u00eda encabezar\u00e1 seminario internacional de liderazgo para rectores universitarios en Qatar\",\"datePublished\":\"2023-11-24T18:23:36+00:00\",\"dateModified\":\"2023-11-28T23:17:59+00:00\",\"mainEntityOfPage\":{\"@id\":\"https:\\\/\\\/www.cetys.mx\\\/noticias\\\/dr-fernando-leon-garcia-encabezara-seminario-internacional-de-liderazgo-para-rectores-universitarios-en-qatar\\\/\"},\"wordCount\":400,\"commentCount\":0,\"image\":{\"@id\":\"https:\\\/\\\/www.cetys.mx\\\/noticias\\\/dr-fernando-leon-garcia-encabezara-seminario-internacional-de-liderazgo-para-rectores-universitarios-en-qatar\\\/#primaryimage\"},\"thumbnailUrl\":\"https:\\\/\\\/www.cetys.mx\\\/noticias\\\/wp-content\\\/uploads\\\/2023\\\/11\\\/IAUP.jpg\",\"keywords\":[\"IAUP\",\"rector\u00eda\",\"vocetys-2023-11-28\"],\"articleSection\":[\"Institucional\",\"Portada\",\"Rector\u00eda\",\"VoCETYS\"],\"inLanguage\":\"es\",\"potentialAction\":[{\"@type\":\"CommentAction\",\"name\":\"Comment\",\"target\":[\"https:\\\/\\\/www.cetys.mx\\\/noticias\\\/dr-fernando-leon-garcia-encabezara-seminario-internacional-de-liderazgo-para-rectores-universitarios-en-qatar\\\/#respond\"]}]},{\"@type\":\"WebPage\",\"@id\":\"https:\\\/\\\/www.cetys.mx\\\/noticias\\\/dr-fernando-leon-garcia-encabezara-seminario-internacional-de-liderazgo-para-rectores-universitarios-en-qatar\\\/\",\"url\":\"https:\\\/\\\/www.cetys.mx\\\/noticias\\\/dr-fernando-leon-garcia-encabezara-seminario-internacional-de-liderazgo-para-rectores-universitarios-en-qatar\\\/\",\"name\":\"Dr. Fernando Le\u00f3n Garc\u00eda encabezar\u00e1 seminario internacional de liderazgo para rectores universitarios en Qatar - CETYS\",\"isPartOf\":{\"@id\":\"https:\\\/\\\/www.cetys.mx\\\/noticias\\\/#website\"},\"primaryImageOfPage\":{\"@id\":\"https:\\\/\\\/www.cetys.mx\\\/noticias\\\/dr-fernando-leon-garcia-encabezara-seminario-internacional-de-liderazgo-para-rectores-universitarios-en-qatar\\\/#primaryimage\"},\"image\":{\"@id\":\"https:\\\/\\\/www.cetys.mx\\\/noticias\\\/dr-fernando-leon-garcia-encabezara-seminario-internacional-de-liderazgo-para-rectores-universitarios-en-qatar\\\/#primaryimage\"},\"thumbnailUrl\":\"https:\\\/\\\/www.cetys.mx\\\/noticias\\\/wp-content\\\/uploads\\\/2023\\\/11\\\/IAUP.jpg\",\"datePublished\":\"2023-11-24T18:23:36+00:00\",\"dateModified\":\"2023-11-28T23:17:59+00:00\",\"author\":{\"@id\":\"https:\\\/\\\/www.cetys.mx\\\/noticias\\\/#\\\/schema\\\/person\\\/e9d2b35265b64aa454df57a2828eb2ac\"},\"description\":\"El encuentro promueve el respaldo entre nuevos l\u00edderes educativos y rectores emergentes a nivel internacional.\",\"breadcrumb\":{\"@id\":\"https:\\\/\\\/www.cetys.mx\\\/noticias\\\/dr-fernando-leon-garcia-encabezara-seminario-internacional-de-liderazgo-para-rectores-universitarios-en-qatar\\\/#breadcrumb\"},\"inLanguage\":\"es\",\"potentialAction\":[{\"@type\":\"ReadAction\",\"target\":[\"https:\\\/\\\/www.cetys.mx\\\/noticias\\\/dr-fernando-leon-garcia-encabezara-seminario-internacional-de-liderazgo-para-rectores-universitarios-en-qatar\\\/\"]}]},{\"@type\":\"ImageObject\",\"inLanguage\":\"es\",\"@id\":\"https:\\\/\\\/www.cetys.mx\\\/noticias\\\/dr-fernando-leon-garcia-encabezara-seminario-internacional-de-liderazgo-para-rectores-universitarios-en-qatar\\\/#primaryimage\",\"url\":\"https:\\\/\\\/www.cetys.mx\\\/noticias\\\/wp-content\\\/uploads\\\/2023\\\/11\\\/IAUP.jpg\",\"contentUrl\":\"https:\\\/\\\/www.cetys.mx\\\/noticias\\\/wp-content\\\/uploads\\\/2023\\\/11\\\/IAUP.jpg\",\"width\":958,\"height\":637},{\"@type\":\"BreadcrumbList\",\"@id\":\"https:\\\/\\\/www.cetys.mx\\\/noticias\\\/dr-fernando-leon-garcia-encabezara-seminario-internacional-de-liderazgo-para-rectores-universitarios-en-qatar\\\/#breadcrumb\",\"itemListElement\":[{\"@type\":\"ListItem\",\"position\":1,\"name\":\"Inicio\",\"item\":\"https:\\\/\\\/www.cetys.mx\\\/noticias\\\/\"},{\"@type\":\"ListItem\",\"position\":2,\"name\":\"Dr. Fernando Le\u00f3n Garc\u00eda encabezar\u00e1 seminario internacional de liderazgo para rectores universitarios en Qatar\"}]},{\"@type\":\"WebSite\",\"@id\":\"https:\\\/\\\/www.cetys.mx\\\/noticias\\\/#website\",\"url\":\"https:\\\/\\\/www.cetys.mx\\\/noticias\\\/\",\"name\":\"CETYS\",\"description\":\"\",\"potentialAction\":[{\"@type\":\"SearchAction\",\"target\":{\"@type\":\"EntryPoint\",\"urlTemplate\":\"https:\\\/\\\/www.cetys.mx\\\/noticias\\\/?s={search_term_string}\"},\"query-input\":{\"@type\":\"PropertyValueSpecification\",\"valueRequired\":true,\"valueName\":\"search_term_string\"}}],\"inLanguage\":\"es\"},{\"@type\":\"Person\",\"@id\":\"https:\\\/\\\/www.cetys.mx\\\/noticias\\\/#\\\/schema\\\/person\\\/e9d2b35265b64aa454df57a2828eb2ac\",\"name\":\"CETYS Institucional\",\"url\":\"https:\\\/\\\/www.cetys.mx\\\/noticias\\\/author\\\/cetysinstitucional\\\/\"}]}<\/script>\n<!-- \/ Yoast SEO plugin. -->","yoast_head_json":{"title":"Dr. Fernando Le\u00f3n Garc\u00eda encabezar\u00e1 seminario internacional de liderazgo para rectores universitarios en Qatar - CETYS","description":"El encuentro promueve el respaldo entre nuevos l\u00edderes educativos y rectores emergentes a nivel internacional.","robots":{"index":"index","follow":"follow","max-snippet":"max-snippet:-1","max-image-preview":"max-image-preview:large","max-video-preview":"max-video-preview:-1"},"canonical":"https:\/\/www.cetys.mx\/noticias\/dr-fernando-leon-garcia-encabezara-seminario-internacional-de-liderazgo-para-rectores-universitarios-en-qatar\/","og_locale":"es_MX","og_type":"article","og_title":"Dr. Fernando Le\u00f3n Garc\u00eda encabezar\u00e1 seminario internacional de liderazgo para rectores universitarios en Qatar - CETYS","og_description":"El encuentro promueve el respaldo entre nuevos l\u00edderes educativos y rectores emergentes a nivel internacional.","og_url":"https:\/\/www.cetys.mx\/noticias\/dr-fernando-leon-garcia-encabezara-seminario-internacional-de-liderazgo-para-rectores-universitarios-en-qatar\/","og_site_name":"CETYS","article_publisher":"https:\/\/www.facebook.com\/cetysuniversidadmxl\/","article_published_time":"2023-11-24T18:23:36+00:00","article_modified_time":"2023-11-28T23:17:59+00:00","og_image":[{"width":958,"height":637,"url":"https:\/\/www.cetys.mx\/noticias\/wp-content\/uploads\/2023\/11\/IAUP.jpg","type":"image\/jpeg"}],"author":"CETYS Institucional","twitter_card":"summary_large_image","twitter_creator":"@cetysuni","twitter_site":"@cetysuni","twitter_misc":{"Escrito por":"CETYS Institucional","Tiempo de lectura":"2 minutos"},"schema":{"@context":"https:\/\/schema.org","@graph":[{"@type":"Article","@id":"https:\/\/www.cetys.mx\/noticias\/dr-fernando-leon-garcia-encabezara-seminario-internacional-de-liderazgo-para-rectores-universitarios-en-qatar\/#article","isPartOf":{"@id":"https:\/\/www.cetys.mx\/noticias\/dr-fernando-leon-garcia-encabezara-seminario-internacional-de-liderazgo-para-rectores-universitarios-en-qatar\/"},"author":{"name":"CETYS Institucional","@id":"https:\/\/www.cetys.mx\/noticias\/#\/schema\/person\/e9d2b35265b64aa454df57a2828eb2ac"},"headline":"Dr. Fernando Le\u00f3n Garc\u00eda encabezar\u00e1 seminario internacional de liderazgo para rectores universitarios en Qatar","datePublished":"2023-11-24T18:23:36+00:00","dateModified":"2023-11-28T23:17:59+00:00","mainEntityOfPage":{"@id":"https:\/\/www.cetys.mx\/noticias\/dr-fernando-leon-garcia-encabezara-seminario-internacional-de-liderazgo-para-rectores-universitarios-en-qatar\/"},"wordCount":400,"commentCount":0,"image":{"@id":"https:\/\/www.cetys.mx\/noticias\/dr-fernando-leon-garcia-encabezara-seminario-internacional-de-liderazgo-para-rectores-universitarios-en-qatar\/#primaryimage"},"thumbnailUrl":"https:\/\/www.cetys.mx\/noticias\/wp-content\/uploads\/2023\/11\/IAUP.jpg","keywords":["IAUP","rector\u00eda","vocetys-2023-11-28"],"articleSection":["Institucional","Portada","Rector\u00eda","VoCETYS"],"inLanguage":"es","potentialAction":[{"@type":"CommentAction","name":"Comment","target":["https:\/\/www.cetys.mx\/noticias\/dr-fernando-leon-garcia-encabezara-seminario-internacional-de-liderazgo-para-rectores-universitarios-en-qatar\/#respond"]}]},{"@type":"WebPage","@id":"https:\/\/www.cetys.mx\/noticias\/dr-fernando-leon-garcia-encabezara-seminario-internacional-de-liderazgo-para-rectores-universitarios-en-qatar\/","url":"https:\/\/www.cetys.mx\/noticias\/dr-fernando-leon-garcia-encabezara-seminario-internacional-de-liderazgo-para-rectores-universitarios-en-qatar\/","name":"Dr. Fernando Le\u00f3n Garc\u00eda encabezar\u00e1 seminario internacional de liderazgo para rectores universitarios en Qatar - CETYS","isPartOf":{"@id":"https:\/\/www.cetys.mx\/noticias\/#website"},"primaryImageOfPage":{"@id":"https:\/\/www.cetys.mx\/noticias\/dr-fernando-leon-garcia-encabezara-seminario-internacional-de-liderazgo-para-rectores-universitarios-en-qatar\/#primaryimage"},"image":{"@id":"https:\/\/www.cetys.mx\/noticias\/dr-fernando-leon-garcia-encabezara-seminario-internacional-de-liderazgo-para-rectores-universitarios-en-qatar\/#primaryimage"},"thumbnailUrl":"https:\/\/www.cetys.mx\/noticias\/wp-content\/uploads\/2023\/11\/IAUP.jpg","datePublished":"2023-11-24T18:23:36+00:00","dateModified":"2023-11-28T23:17:59+00:00","author":{"@id":"https:\/\/www.cetys.mx\/noticias\/#\/schema\/person\/e9d2b35265b64aa454df57a2828eb2ac"},"description":"El encuentro promueve el respaldo entre nuevos l\u00edderes educativos y rectores emergentes a nivel internacional.","breadcrumb":{"@id":"https:\/\/www.cetys.mx\/noticias\/dr-fernando-leon-garcia-encabezara-seminario-internacional-de-liderazgo-para-rectores-universitarios-en-qatar\/#breadcrumb"},"inLanguage":"es","potentialAction":[{"@type":"ReadAction","target":["https:\/\/www.cetys.mx\/noticias\/dr-fernando-leon-garcia-encabezara-seminario-internacional-de-liderazgo-para-rectores-universitarios-en-qatar\/"]}]},{"@type":"ImageObject","inLanguage":"es","@id":"https:\/\/www.cetys.mx\/noticias\/dr-fernando-leon-garcia-encabezara-seminario-internacional-de-liderazgo-para-rectores-universitarios-en-qatar\/#primaryimage","url":"https:\/\/www.cetys.mx\/noticias\/wp-content\/uploads\/2023\/11\/IAUP.jpg","contentUrl":"https:\/\/www.cetys.mx\/noticias\/wp-content\/uploads\/2023\/11\/IAUP.jpg","width":958,"height":637},{"@type":"BreadcrumbList","@id":"https:\/\/www.cetys.mx\/noticias\/dr-fernando-leon-garcia-encabezara-seminario-internacional-de-liderazgo-para-rectores-universitarios-en-qatar\/#breadcrumb","itemListElement":[{"@type":"ListItem","position":1,"name":"Inicio","item":"https:\/\/www.cetys.mx\/noticias\/"},{"@type":"ListItem","position":2,"name":"Dr. Fernando Le\u00f3n Garc\u00eda encabezar\u00e1 seminario internacional de liderazgo para rectores universitarios en Qatar"}]},{"@type":"WebSite","@id":"https:\/\/www.cetys.mx\/noticias\/#website","url":"https:\/\/www.cetys.mx\/noticias\/","name":"CETYS","description":"","potentialAction":[{"@type":"SearchAction","target":{"@type":"EntryPoint","urlTemplate":"https:\/\/www.cetys.mx\/noticias\/?s={search_term_string}"},"query-input":{"@type":"PropertyValueSpecification","valueRequired":true,"valueName":"search_term_string"}}],"inLanguage":"es"},{"@type":"Person","@id":"https:\/\/www.cetys.mx\/noticias\/#\/schema\/person\/e9d2b35265b64aa454df57a2828eb2ac","name":"CETYS Institucional","url":"https:\/\/www.cetys.mx\/noticias\/author\/cetysinstitucional\/"}]}},"_links":{"self":[{"href":"https:\/\/www.cetys.mx\/noticias\/wp-json\/wp\/v2\/posts\/177883","targetHints":{"allow":["GET"]}}],"collection":[{"href":"https:\/\/www.cetys.mx\/noticias\/wp-json\/wp\/v2\/posts"}],"about":[{"href":"https:\/\/www.cetys.mx\/noticias\/wp-json\/wp\/v2\/types\/post"}],"author":[{"embeddable":true,"href":"https:\/\/www.cetys.mx\/noticias\/wp-json\/wp\/v2\/users\/26"}],"replies":[{"embeddable":true,"href":"https:\/\/www.cetys.mx\/noticias\/wp-json\/wp\/v2\/comments?post=177883"}],"version-history":[{"count":1,"href":"https:\/\/www.cetys.mx\/noticias\/wp-json\/wp\/v2\/posts\/177883\/revisions"}],"predecessor-version":[{"id":177884,"href":"https:\/\/www.cetys.mx\/noticias\/wp-json\/wp\/v2\/posts\/177883\/revisions\/177884"}],"wp:featuredmedia":[{"embeddable":true,"href":"https:\/\/www.cetys.mx\/noticias\/wp-json\/wp\/v2\/media\/177858"}],"wp:attachment":[{"href":"https:\/\/www.cetys.mx\/noticias\/wp-json\/wp\/v2\/media?parent=177883"}],"wp:term":[{"taxonomy":"category","embeddable":true,"href":"https:\/\/www.cetys.mx\/noticias\/wp-json\/wp\/v2\/categories?post=177883"},{"taxonomy":"post_tag","embeddable":true,"href":"https:\/\/www.cetys.mx\/noticias\/wp-json\/wp\/v2\/tags?post=177883"}],"curies":[{"name":"wp","href":"https:\/\/api.w.org\/{rel}","templated":true}]}}