{"id":177743,"date":"2023-11-17T16:09:36","date_gmt":"2023-11-18T00:09:36","guid":{"rendered":"https:\/\/www.cetys.mx\/noticias\/?p=177743"},"modified":"2023-11-17T16:09:36","modified_gmt":"2023-11-18T00:09:36","slug":"la-administracion-una-gran-area-de-oportunidad-en-la-industria-cinematografica-segun-luisa-gomez-de-silva","status":"publish","type":"post","link":"https:\/\/www.cetys.mx\/noticias\/la-administracion-una-gran-area-de-oportunidad-en-la-industria-cinematografica-segun-luisa-gomez-de-silva\/","title":{"rendered":"La administraci\u00f3n: una gran \u00e1rea de oportunidad en la industria cinematogr\u00e1fica, segun Luisa Gomez de Silva"},"content":{"rendered":"<p><span style=\"font-weight: 400;\">Para emprender en la industria cinematogr\u00e1fica no solo es necesario conocimiento de este arte audiovisual, una gran \u00e1rea de oportunidad es el manejo administrativo, papel fundamental que deben cubrir si deseas ver el productivo f\u00edlmico, as\u00ed lo se\u00f1al\u00f3 la productora reconocida <strong>Lic. Luisa Gomez de Silva<\/strong> en la <strong>Semana del Emprendimiento<\/strong> de CETYS Universidad.<\/span><\/p>\n<p><span style=\"font-weight: 400;\">Semana del Emprendimiento es un esfuerzo del Colegio de Administraci\u00f3n y Negocios en los 3 Campus, en Tijuana se tuvo la oportunidad de escuchar conferencias por ejemplo\u00a0<em>\u201cC\u00f3mo sobrevivir y no morir en el intento dentro de la industria cinematogr\u00e1fica, de TV y streaming\u201d<\/em>, a cargo de la <strong>Luisa<\/strong>, comunic\u00f3loga de Tijuana y CEO de G8 Entertainment Group.<\/span><\/p>\n<p><span style=\"font-weight: 400;\">A lo largo de una carrera de 27 a\u00f1os en TV, cine y streaming, su labor de encargarse de la log\u00edstica y hacer realidad un gui\u00f3n que traen los clientes, no solo es conseguir los actores, locaciones, utiler\u00eda, una gran parte a considerar tiene que ver la labor administrativa, la reglamentaci\u00f3n y pagos<\/span><\/p>\n<blockquote><p><span style=\"font-weight: 400;\">\u201cDesde mi trinchera el encargarse de la log\u00edstica,, de lo operativo de la producci\u00f3n, los clientes vienen conmigo con un gui\u00f3n y mi trabajo es leer los guiones, hacer un breakdown, si bien hay software para eso, me gusta hacerlo manualmente y reconocer todos los elementos necesarios, presupuestarlo, hacemos plan de rodaje, cuando aceptan vienen los contratos, log\u00edstica, transferencia y el contrato y trabajo con maquillaje, construcci\u00f3n, entre otros tantos detalles necesarios\u201d, expres\u00f3.<\/span><\/p><\/blockquote>\n<p><span style=\"font-weight: 400;\">En la conferencia desarrollada en Campus Tijuana, dio sus experiencias desde sus inicios y c\u00f3mo evolucion\u00f3 no s\u00f3lo en lo profesional, sino su adaptabilidad de la misma industria cinematogr\u00e1fica y que es de gran valor econ\u00f3mico para la regi\u00f3n.<\/span><\/p>\n<p><span style=\"font-weight: 400;\">Sus inicios como corresponsal de Noticias, donde trabaj\u00f3 prensa escrita, radio e investigaci\u00f3n la llevaron luego a trabajar en Titanic, como <\/span><span style=\"font-weight: 400;\">Estudios 20th Century Fox en Baja M\u00e9xico, en otras pel\u00edculas como Pearl Harbor y Master &amp; Commander, en producciones para Scripps Networks, Showtime-Sony Entertainment, Sesame Workshop, Discovery Networks, Discovery Kids, BBC Networks y AMC, entre otros, en producciones como Babel, Recien Cazado, Cr\u00f3nicas de Narnia 3, Little Boy,\u00a0 y muchas producciones m\u00e1s.\u00a0<\/span><\/p>\n<p><span style=\"font-weight: 400;\">Luisa comparti\u00f3 consejos para comenzar y solucionar problemas que puedan surgir a estudiantes de la Escuela de Administraci\u00f3n y Negocios en Tijuana, principalmente. Por lo que enfatiz\u00f3 el gran papel que tiene el \u00e1rea administrativa para el cine y la gran \u00e1rea de oportunidad que tiene para conseguir la producci\u00f3n audiovisual.<\/span><\/p>\n<div class=\"gallery-slider-wrapper gallery-1\">\n                        <div class=\"gallery-slider\" itemscope itemtype=\"http:\/\/schema.org\/ImageGallery\"><figure class=\"slide\" itemprop=\"associatedMedia\" itemscope itemtype=\"http:\/\/schema.org\/ImageObject\">\n                    <a itemprop=\"contentUrl\" href=\"https:\/\/www.cetys.mx\/noticias\/wp-content\/uploads\/2023\/11\/laura-araujo-semana-de-emprendimiento.jpg\">\n                        <img decoding=\"async\" itemprop=\"thumbnail\" class=\"lazyOwl\" src=\"https:\/\/www.cetys.mx\/noticias\/wp-content\/plugins\/jmagz-plugin\/assets\/placeholder\/900x450.png\" data-src=\"https:\/\/www.cetys.mx\/noticias\/wp-content\/uploads\/2023\/11\/laura-araujo-semana-de-emprendimiento.jpg\" alt=\"laura-araujo-semana-de-emprendimiento\">\n                    <\/a>\n                    <figcaption itemprop=\"caption description\" class=\"slide-caption\">\n                        \n                    <\/figcaption>\n                <\/figure><figure class=\"slide\" itemprop=\"associatedMedia\" itemscope itemtype=\"http:\/\/schema.org\/ImageObject\">\n                    <a itemprop=\"contentUrl\" href=\"https:\/\/www.cetys.mx\/noticias\/wp-content\/uploads\/2023\/11\/luisa-gomez-de-silva-cetys-tijuana-semana-del-emprendimiento-1.jpg\">\n                        <img decoding=\"async\" itemprop=\"thumbnail\" class=\"lazyOwl\" src=\"https:\/\/www.cetys.mx\/noticias\/wp-content\/plugins\/jmagz-plugin\/assets\/placeholder\/900x450.png\" data-src=\"https:\/\/www.cetys.mx\/noticias\/wp-content\/uploads\/2023\/11\/luisa-gomez-de-silva-cetys-tijuana-semana-del-emprendimiento-1.jpg\" alt=\"luisa-gomez-de-silva-cetys-tijuana-semana-del-emprendimiento\">\n                    <\/a>\n                    <figcaption itemprop=\"caption description\" class=\"slide-caption\">\n                        \n                    <\/figcaption>\n                <\/figure><figure class=\"slide\" itemprop=\"associatedMedia\" itemscope itemtype=\"http:\/\/schema.org\/ImageObject\">\n                    <a itemprop=\"contentUrl\" href=\"https:\/\/www.cetys.mx\/noticias\/wp-content\/uploads\/2023\/11\/panel-de-industrias-creativas-y-culturales.jpg\">\n                        <img decoding=\"async\" itemprop=\"thumbnail\" class=\"lazyOwl\" src=\"https:\/\/www.cetys.mx\/noticias\/wp-content\/plugins\/jmagz-plugin\/assets\/placeholder\/900x450.png\" data-src=\"https:\/\/www.cetys.mx\/noticias\/wp-content\/uploads\/2023\/11\/panel-de-industrias-creativas-y-culturales.jpg\" alt=\"panel-de-industrias-creativas-y-culturales\">\n                    <\/a>\n                    <figcaption itemprop=\"caption description\" class=\"slide-caption\">\n                        \n                    <\/figcaption>\n                <\/figure><figure class=\"slide\" itemprop=\"associatedMedia\" itemscope itemtype=\"http:\/\/schema.org\/ImageObject\">\n                    <a itemprop=\"contentUrl\" href=\"https:\/\/www.cetys.mx\/noticias\/wp-content\/uploads\/2023\/11\/marco-gaxiola-semana-de-emprendimiento.jpg\">\n                        <img decoding=\"async\" itemprop=\"thumbnail\" class=\"lazyOwl\" src=\"https:\/\/www.cetys.mx\/noticias\/wp-content\/plugins\/jmagz-plugin\/assets\/placeholder\/900x450.png\" data-src=\"https:\/\/www.cetys.mx\/noticias\/wp-content\/uploads\/2023\/11\/marco-gaxiola-semana-de-emprendimiento.jpg\" alt=\"marco-gaxiola-semana-de-emprendimiento\">\n                    <\/a>\n                    <figcaption itemprop=\"caption description\" class=\"slide-caption\">\n                        \n                    <\/figcaption>\n                <\/figure><figure class=\"slide\" itemprop=\"associatedMedia\" itemscope itemtype=\"http:\/\/schema.org\/ImageObject\">\n                    <a itemprop=\"contentUrl\" href=\"https:\/\/www.cetys.mx\/noticias\/wp-content\/uploads\/2023\/11\/Andrew-Biros-semana-de-emprendimiento.jpg\">\n                        <img decoding=\"async\" itemprop=\"thumbnail\" class=\"lazyOwl\" src=\"https:\/\/www.cetys.mx\/noticias\/wp-content\/plugins\/jmagz-plugin\/assets\/placeholder\/900x450.png\" data-src=\"https:\/\/www.cetys.mx\/noticias\/wp-content\/uploads\/2023\/11\/Andrew-Biros-semana-de-emprendimiento.jpg\" alt=\"Andrew-Biros--semana-de-emprendimiento\">\n                    <\/a>\n                    <figcaption itemprop=\"caption description\" class=\"slide-caption\">\n                        \n                    <\/figcaption>\n                <\/figure><figure class=\"slide\" itemprop=\"associatedMedia\" itemscope itemtype=\"http:\/\/schema.org\/ImageObject\">\n                    <a itemprop=\"contentUrl\" href=\"https:\/\/www.cetys.mx\/noticias\/wp-content\/uploads\/2023\/11\/Ram\u00f3n-Toledo-semana-de-emprendimiento.jpg\">\n                        <img decoding=\"async\" itemprop=\"thumbnail\" class=\"lazyOwl\" src=\"https:\/\/www.cetys.mx\/noticias\/wp-content\/plugins\/jmagz-plugin\/assets\/placeholder\/900x450.png\" data-src=\"https:\/\/www.cetys.mx\/noticias\/wp-content\/uploads\/2023\/11\/Ram\u00f3n-Toledo-semana-de-emprendimiento.jpg\" alt=\"Ram\u00f3n-Toledo-semana-de-emprendimiento\">\n                    <\/a>\n                    <figcaption itemprop=\"caption description\" class=\"slide-caption\">\n                        \n                    <\/figcaption>\n                <\/figure><figure class=\"slide\" itemprop=\"associatedMedia\" itemscope itemtype=\"http:\/\/schema.org\/ImageObject\">\n                    <a itemprop=\"contentUrl\" href=\"https:\/\/www.cetys.mx\/noticias\/wp-content\/uploads\/2023\/11\/semana-del-emprendimiento-en-CETYS-Tijuana-1.jpg\">\n                        <img decoding=\"async\" itemprop=\"thumbnail\" class=\"lazyOwl\" src=\"https:\/\/www.cetys.mx\/noticias\/wp-content\/plugins\/jmagz-plugin\/assets\/placeholder\/900x450.png\" data-src=\"https:\/\/www.cetys.mx\/noticias\/wp-content\/uploads\/2023\/11\/semana-del-emprendimiento-en-CETYS-Tijuana-1.jpg\" alt=\"semana-del-emprendimiento-en-CETYS-Tijuana\">\n                    <\/a>\n                    <figcaption itemprop=\"caption description\" class=\"slide-caption\">\n                        \n                    <\/figcaption>\n                <\/figure><figure class=\"slide\" itemprop=\"associatedMedia\" itemscope itemtype=\"http:\/\/schema.org\/ImageObject\">\n                    <a itemprop=\"contentUrl\" href=\"https:\/\/www.cetys.mx\/noticias\/wp-content\/uploads\/2023\/11\/Toni-Luquin-Ignite-talks.jpg\">\n                        <img decoding=\"async\" itemprop=\"thumbnail\" class=\"lazyOwl\" src=\"https:\/\/www.cetys.mx\/noticias\/wp-content\/plugins\/jmagz-plugin\/assets\/placeholder\/900x450.png\" data-src=\"https:\/\/www.cetys.mx\/noticias\/wp-content\/uploads\/2023\/11\/Toni-Luquin-Ignite-talks.jpg\" alt=\"Toni-Luquin--Ignite-talks\">\n                    <\/a>\n                    <figcaption itemprop=\"caption description\" class=\"slide-caption\">\n                        \n                    <\/figcaption>\n                <\/figure><figure class=\"slide\" itemprop=\"associatedMedia\" itemscope itemtype=\"http:\/\/schema.org\/ImageObject\">\n                    <a itemprop=\"contentUrl\" href=\"https:\/\/www.cetys.mx\/noticias\/wp-content\/uploads\/2023\/11\/km1-idnite-talks-semana-de-emprendimiento.jpg\">\n                        <img decoding=\"async\" itemprop=\"thumbnail\" class=\"lazyOwl\" src=\"https:\/\/www.cetys.mx\/noticias\/wp-content\/plugins\/jmagz-plugin\/assets\/placeholder\/900x450.png\" data-src=\"https:\/\/www.cetys.mx\/noticias\/wp-content\/uploads\/2023\/11\/km1-idnite-talks-semana-de-emprendimiento.jpg\" alt=\"km1-idnite-talks-semana-de-emprendimiento\">\n                    <\/a>\n                    <figcaption itemprop=\"caption description\" class=\"slide-caption\">\n                        \n                    <\/figcaption>\n                <\/figure><figure class=\"slide\" itemprop=\"associatedMedia\" itemscope itemtype=\"http:\/\/schema.org\/ImageObject\">\n                    <a itemprop=\"contentUrl\" href=\"https:\/\/www.cetys.mx\/noticias\/wp-content\/uploads\/2023\/11\/Esthela-Galv\u00e1n-semana-de-emprendimiento.jpg\">\n                        <img decoding=\"async\" itemprop=\"thumbnail\" class=\"lazyOwl\" src=\"https:\/\/www.cetys.mx\/noticias\/wp-content\/plugins\/jmagz-plugin\/assets\/placeholder\/900x450.png\" data-src=\"https:\/\/www.cetys.mx\/noticias\/wp-content\/uploads\/2023\/11\/Esthela-Galv\u00e1n-semana-de-emprendimiento.jpg\" alt=\"Esthela-Galv\u00e1n--semana-de-emprendimiento\">\n                    <\/a>\n                    <figcaption itemprop=\"caption description\" class=\"slide-caption\">\n                        \n                    <\/figcaption>\n                <\/figure><\/div>\n                <div class=\"gallery-slider-thumbnail-wrapper\">\n                    <div class=\"gallery-slider-thumbnail\"><div class=\"slide-thumbnail\"><img decoding=\"async\" class=\"lazyOwl\" src=\"https:\/\/www.cetys.mx\/noticias\/wp-content\/plugins\/jmagz-plugin\/assets\/placeholder\/150x75.png\" data-src=\"https:\/\/www.cetys.mx\/noticias\/wp-content\/uploads\/2023\/11\/laura-araujo-semana-de-emprendimiento.jpg\" alt=\"laura-araujo-semana-de-emprendimiento\"><\/div><div class=\"slide-thumbnail\"><img decoding=\"async\" class=\"lazyOwl\" src=\"https:\/\/www.cetys.mx\/noticias\/wp-content\/plugins\/jmagz-plugin\/assets\/placeholder\/150x75.png\" data-src=\"https:\/\/www.cetys.mx\/noticias\/wp-content\/uploads\/2023\/11\/luisa-gomez-de-silva-cetys-tijuana-semana-del-emprendimiento-1.jpg\" alt=\"luisa-gomez-de-silva-cetys-tijuana-semana-del-emprendimiento\"><\/div><div class=\"slide-thumbnail\"><img decoding=\"async\" class=\"lazyOwl\" src=\"https:\/\/www.cetys.mx\/noticias\/wp-content\/plugins\/jmagz-plugin\/assets\/placeholder\/150x75.png\" data-src=\"https:\/\/www.cetys.mx\/noticias\/wp-content\/uploads\/2023\/11\/panel-de-industrias-creativas-y-culturales.jpg\" alt=\"panel-de-industrias-creativas-y-culturales\"><\/div><div class=\"slide-thumbnail\"><img decoding=\"async\" class=\"lazyOwl\" src=\"https:\/\/www.cetys.mx\/noticias\/wp-content\/plugins\/jmagz-plugin\/assets\/placeholder\/150x75.png\" data-src=\"https:\/\/www.cetys.mx\/noticias\/wp-content\/uploads\/2023\/11\/marco-gaxiola-semana-de-emprendimiento.jpg\" alt=\"marco-gaxiola-semana-de-emprendimiento\"><\/div><div class=\"slide-thumbnail\"><img decoding=\"async\" class=\"lazyOwl\" src=\"https:\/\/www.cetys.mx\/noticias\/wp-content\/plugins\/jmagz-plugin\/assets\/placeholder\/150x75.png\" data-src=\"https:\/\/www.cetys.mx\/noticias\/wp-content\/uploads\/2023\/11\/Andrew-Biros-semana-de-emprendimiento.jpg\" alt=\"Andrew-Biros--semana-de-emprendimiento\"><\/div><div class=\"slide-thumbnail\"><img decoding=\"async\" class=\"lazyOwl\" src=\"https:\/\/www.cetys.mx\/noticias\/wp-content\/plugins\/jmagz-plugin\/assets\/placeholder\/150x75.png\" data-src=\"https:\/\/www.cetys.mx\/noticias\/wp-content\/uploads\/2023\/11\/Ram\u00f3n-Toledo-semana-de-emprendimiento.jpg\" alt=\"Ram\u00f3n-Toledo-semana-de-emprendimiento\"><\/div><div class=\"slide-thumbnail\"><img decoding=\"async\" class=\"lazyOwl\" src=\"https:\/\/www.cetys.mx\/noticias\/wp-content\/plugins\/jmagz-plugin\/assets\/placeholder\/150x75.png\" data-src=\"https:\/\/www.cetys.mx\/noticias\/wp-content\/uploads\/2023\/11\/semana-del-emprendimiento-en-CETYS-Tijuana-1.jpg\" alt=\"semana-del-emprendimiento-en-CETYS-Tijuana\"><\/div><div class=\"slide-thumbnail\"><img decoding=\"async\" class=\"lazyOwl\" src=\"https:\/\/www.cetys.mx\/noticias\/wp-content\/plugins\/jmagz-plugin\/assets\/placeholder\/150x75.png\" data-src=\"https:\/\/www.cetys.mx\/noticias\/wp-content\/uploads\/2023\/11\/Toni-Luquin-Ignite-talks.jpg\" alt=\"Toni-Luquin--Ignite-talks\"><\/div><div class=\"slide-thumbnail\"><img decoding=\"async\" class=\"lazyOwl\" src=\"https:\/\/www.cetys.mx\/noticias\/wp-content\/plugins\/jmagz-plugin\/assets\/placeholder\/150x75.png\" data-src=\"https:\/\/www.cetys.mx\/noticias\/wp-content\/uploads\/2023\/11\/km1-idnite-talks-semana-de-emprendimiento.jpg\" alt=\"km1-idnite-talks-semana-de-emprendimiento\"><\/div><div class=\"slide-thumbnail\"><img decoding=\"async\" class=\"lazyOwl\" src=\"https:\/\/www.cetys.mx\/noticias\/wp-content\/plugins\/jmagz-plugin\/assets\/placeholder\/150x75.png\" data-src=\"https:\/\/www.cetys.mx\/noticias\/wp-content\/uploads\/2023\/11\/Esthela-Galv\u00e1n-semana-de-emprendimiento.jpg\" alt=\"Esthela-Galv\u00e1n--semana-de-emprendimiento\"><\/div><\/div><\/div><\/div>\n<p><span style=\"font-weight: 400;\">Adem\u00e1s de <strong>Luisa G\u00f3mez<\/strong>, la Semana del Emprendimiento en Tijuana tuvo otros invitados como <strong>Laura E. Araujo<\/strong>, Director of SDTJ Programs World Design Capital Capital Mundial del Dise\u00f1o que habl\u00f3 sobre <em>\u201cEl emprendimiento en las Industrias Culturales y Creativas\u00a0 (ICC) desde una perspectiva regional (Tijuana-San Diego)\u201d<\/em>; <strong>Marco Gaxiola<\/strong> con una pl\u00e1tica sobre <em>\u201cEl emprendimiento en la Industria Cultural y Creativa, rutas y retos\u201d<\/em>; <strong>Andrew Biros (FGSIC)<\/strong>, <em>Funding director of Spark\u00a0 Institute for social innovation Associate director of Social innovation and Entrepreneurship<\/em> , y m\u00e1s.<\/span><\/p>\n<p><span style=\"font-weight: 400;\">La<strong> Semana del Emprendimiento<\/strong> es un esfuerzo del Colegio de Administraci\u00f3n y Negocios, lunes y martes en Campus Mexicali, mi\u00e9rcoles y jueves en Campus Tijuana, y viernes en Campus Internacional Ensenada.<\/span><\/p>\n<p><span style=\"font-weight: 400;\">Revive la conferencia de Luisa Gomez de Silva: <\/span><a href=\"https:\/\/www.facebook.com\/EAyNCETYS\/videos\/319377420806341\"><span style=\"font-weight: 400;\">AQU\u00cd<\/span><\/a><\/p>\n","protected":false},"excerpt":{"rendered":"<p>Para emprender en la industria cinematogr\u00e1fica no solo es necesario conocimiento de este arte audiovisual, una gran \u00e1rea de oportunidad es el&#8230;<\/p>\n","protected":false},"author":24,"featured_media":177748,"comment_status":"open","ping_status":"closed","sticky":false,"template":"","format":"standard","meta":{"footnotes":""},"categories":[134,125,306],"tags":[6520,328,6551,6477],"class_list":["post-177743","post","type-post","status-publish","format-standard","has-post-thumbnail","hentry","category-campus-tijuana","category-portada","category-profesional","tag-administraciondeempresas","tag-campustijuana","tag-mercadotecniaestrategica","tag-negociosinternacionales"],"yoast_head":"<!-- This site is optimized with the Yoast SEO plugin v27.4 - https:\/\/yoast.com\/product\/yoast-seo-wordpress\/ -->\n<title>La administraci\u00f3n: una gran \u00e1rea de oportunidad en la industria cinematogr\u00e1fica, segun Luisa Gomez de Silva - CETYS<\/title>\n<meta name=\"description\" content=\"Luisa G\u00f3mez de Silva dio una de las conferenciantes durante la Semana de Emprendimiento de la Universidad CETYS Universidad\" \/>\n<meta name=\"robots\" content=\"index, follow, max-snippet:-1, max-image-preview:large, max-video-preview:-1\" \/>\n<link rel=\"canonical\" href=\"https:\/\/www.cetys.mx\/noticias\/la-administracion-una-gran-area-de-oportunidad-en-la-industria-cinematografica-segun-luisa-gomez-de-silva\/\" \/>\n<meta property=\"og:locale\" content=\"es_MX\" \/>\n<meta property=\"og:type\" content=\"article\" \/>\n<meta property=\"og:title\" content=\"La administraci\u00f3n: una gran \u00e1rea de oportunidad en la industria cinematogr\u00e1fica, segun Luisa Gomez de Silva - CETYS\" \/>\n<meta property=\"og:description\" content=\"Luisa G\u00f3mez de Silva dio una de las conferenciantes durante la Semana de Emprendimiento de la Universidad CETYS Universidad\" \/>\n<meta property=\"og:url\" content=\"https:\/\/www.cetys.mx\/noticias\/la-administracion-una-gran-area-de-oportunidad-en-la-industria-cinematografica-segun-luisa-gomez-de-silva\/\" \/>\n<meta property=\"og:site_name\" content=\"CETYS\" \/>\n<meta property=\"article:publisher\" content=\"https:\/\/www.facebook.com\/cetysuniversidadmxl\/\" \/>\n<meta property=\"article:published_time\" content=\"2023-11-18T00:09:36+00:00\" \/>\n<meta property=\"og:image\" content=\"https:\/\/www.cetys.mx\/noticias\/wp-content\/uploads\/2023\/11\/luisa-gomez-de-silva-cetys-tijuana-1.jpg\" \/>\n\t<meta property=\"og:image:width\" content=\"958\" \/>\n\t<meta property=\"og:image:height\" content=\"637\" \/>\n\t<meta property=\"og:image:type\" content=\"image\/jpeg\" \/>\n<meta name=\"author\" content=\"Campus Tijuana\" \/>\n<meta name=\"twitter:card\" content=\"summary_large_image\" \/>\n<meta name=\"twitter:creator\" content=\"@cetysuni\" \/>\n<meta name=\"twitter:site\" content=\"@cetysuni\" \/>\n<meta name=\"twitter:label1\" content=\"Escrito por\" \/>\n\t<meta name=\"twitter:data1\" content=\"Campus Tijuana\" \/>\n\t<meta name=\"twitter:label2\" content=\"Tiempo de lectura\" \/>\n\t<meta name=\"twitter:data2\" content=\"3 minutos\" \/>\n<script type=\"application\/ld+json\" class=\"yoast-schema-graph\">{\"@context\":\"https:\\\/\\\/schema.org\",\"@graph\":[{\"@type\":\"Article\",\"@id\":\"https:\\\/\\\/www.cetys.mx\\\/noticias\\\/la-administracion-una-gran-area-de-oportunidad-en-la-industria-cinematografica-segun-luisa-gomez-de-silva\\\/#article\",\"isPartOf\":{\"@id\":\"https:\\\/\\\/www.cetys.mx\\\/noticias\\\/la-administracion-una-gran-area-de-oportunidad-en-la-industria-cinematografica-segun-luisa-gomez-de-silva\\\/\"},\"author\":{\"name\":\"Campus Tijuana\",\"@id\":\"https:\\\/\\\/www.cetys.mx\\\/noticias\\\/#\\\/schema\\\/person\\\/e790051ce60e18ae47cfa87011c8653f\"},\"headline\":\"La administraci\u00f3n: una gran \u00e1rea de oportunidad en la industria cinematogr\u00e1fica, segun Luisa Gomez de Silva\",\"datePublished\":\"2023-11-18T00:09:36+00:00\",\"mainEntityOfPage\":{\"@id\":\"https:\\\/\\\/www.cetys.mx\\\/noticias\\\/la-administracion-una-gran-area-de-oportunidad-en-la-industria-cinematografica-segun-luisa-gomez-de-silva\\\/\"},\"wordCount\":582,\"commentCount\":0,\"image\":{\"@id\":\"https:\\\/\\\/www.cetys.mx\\\/noticias\\\/la-administracion-una-gran-area-de-oportunidad-en-la-industria-cinematografica-segun-luisa-gomez-de-silva\\\/#primaryimage\"},\"thumbnailUrl\":\"https:\\\/\\\/www.cetys.mx\\\/noticias\\\/wp-content\\\/uploads\\\/2023\\\/11\\\/luisa-gomez-de-silva-cetys-tijuana-1.jpg\",\"keywords\":[\"AdministraciondeEmpresas\",\"campustijuana\",\"MercadotecniaEstrategica\",\"NegociosInternacionales\"],\"articleSection\":[\"Campus Tijuana\",\"Portada\",\"Profesional\"],\"inLanguage\":\"es\",\"potentialAction\":[{\"@type\":\"CommentAction\",\"name\":\"Comment\",\"target\":[\"https:\\\/\\\/www.cetys.mx\\\/noticias\\\/la-administracion-una-gran-area-de-oportunidad-en-la-industria-cinematografica-segun-luisa-gomez-de-silva\\\/#respond\"]}]},{\"@type\":\"WebPage\",\"@id\":\"https:\\\/\\\/www.cetys.mx\\\/noticias\\\/la-administracion-una-gran-area-de-oportunidad-en-la-industria-cinematografica-segun-luisa-gomez-de-silva\\\/\",\"url\":\"https:\\\/\\\/www.cetys.mx\\\/noticias\\\/la-administracion-una-gran-area-de-oportunidad-en-la-industria-cinematografica-segun-luisa-gomez-de-silva\\\/\",\"name\":\"La administraci\u00f3n: una gran \u00e1rea de oportunidad en la industria cinematogr\u00e1fica, segun Luisa Gomez de Silva - CETYS\",\"isPartOf\":{\"@id\":\"https:\\\/\\\/www.cetys.mx\\\/noticias\\\/#website\"},\"primaryImageOfPage\":{\"@id\":\"https:\\\/\\\/www.cetys.mx\\\/noticias\\\/la-administracion-una-gran-area-de-oportunidad-en-la-industria-cinematografica-segun-luisa-gomez-de-silva\\\/#primaryimage\"},\"image\":{\"@id\":\"https:\\\/\\\/www.cetys.mx\\\/noticias\\\/la-administracion-una-gran-area-de-oportunidad-en-la-industria-cinematografica-segun-luisa-gomez-de-silva\\\/#primaryimage\"},\"thumbnailUrl\":\"https:\\\/\\\/www.cetys.mx\\\/noticias\\\/wp-content\\\/uploads\\\/2023\\\/11\\\/luisa-gomez-de-silva-cetys-tijuana-1.jpg\",\"datePublished\":\"2023-11-18T00:09:36+00:00\",\"author\":{\"@id\":\"https:\\\/\\\/www.cetys.mx\\\/noticias\\\/#\\\/schema\\\/person\\\/e790051ce60e18ae47cfa87011c8653f\"},\"description\":\"Luisa G\u00f3mez de Silva dio una de las conferenciantes durante la Semana de Emprendimiento de la Universidad CETYS Universidad\",\"breadcrumb\":{\"@id\":\"https:\\\/\\\/www.cetys.mx\\\/noticias\\\/la-administracion-una-gran-area-de-oportunidad-en-la-industria-cinematografica-segun-luisa-gomez-de-silva\\\/#breadcrumb\"},\"inLanguage\":\"es\",\"potentialAction\":[{\"@type\":\"ReadAction\",\"target\":[\"https:\\\/\\\/www.cetys.mx\\\/noticias\\\/la-administracion-una-gran-area-de-oportunidad-en-la-industria-cinematografica-segun-luisa-gomez-de-silva\\\/\"]}]},{\"@type\":\"ImageObject\",\"inLanguage\":\"es\",\"@id\":\"https:\\\/\\\/www.cetys.mx\\\/noticias\\\/la-administracion-una-gran-area-de-oportunidad-en-la-industria-cinematografica-segun-luisa-gomez-de-silva\\\/#primaryimage\",\"url\":\"https:\\\/\\\/www.cetys.mx\\\/noticias\\\/wp-content\\\/uploads\\\/2023\\\/11\\\/luisa-gomez-de-silva-cetys-tijuana-1.jpg\",\"contentUrl\":\"https:\\\/\\\/www.cetys.mx\\\/noticias\\\/wp-content\\\/uploads\\\/2023\\\/11\\\/luisa-gomez-de-silva-cetys-tijuana-1.jpg\",\"width\":958,\"height\":637},{\"@type\":\"BreadcrumbList\",\"@id\":\"https:\\\/\\\/www.cetys.mx\\\/noticias\\\/la-administracion-una-gran-area-de-oportunidad-en-la-industria-cinematografica-segun-luisa-gomez-de-silva\\\/#breadcrumb\",\"itemListElement\":[{\"@type\":\"ListItem\",\"position\":1,\"name\":\"Inicio\",\"item\":\"https:\\\/\\\/www.cetys.mx\\\/noticias\\\/\"},{\"@type\":\"ListItem\",\"position\":2,\"name\":\"La administraci\u00f3n: una gran \u00e1rea de oportunidad en la industria cinematogr\u00e1fica, segun Luisa Gomez de Silva\"}]},{\"@type\":\"WebSite\",\"@id\":\"https:\\\/\\\/www.cetys.mx\\\/noticias\\\/#website\",\"url\":\"https:\\\/\\\/www.cetys.mx\\\/noticias\\\/\",\"name\":\"CETYS\",\"description\":\"\",\"potentialAction\":[{\"@type\":\"SearchAction\",\"target\":{\"@type\":\"EntryPoint\",\"urlTemplate\":\"https:\\\/\\\/www.cetys.mx\\\/noticias\\\/?s={search_term_string}\"},\"query-input\":{\"@type\":\"PropertyValueSpecification\",\"valueRequired\":true,\"valueName\":\"search_term_string\"}}],\"inLanguage\":\"es\"},{\"@type\":\"Person\",\"@id\":\"https:\\\/\\\/www.cetys.mx\\\/noticias\\\/#\\\/schema\\\/person\\\/e790051ce60e18ae47cfa87011c8653f\",\"name\":\"Campus Tijuana\",\"url\":\"https:\\\/\\\/www.cetys.mx\\\/noticias\\\/author\\\/campustijuana\\\/\"}]}<\/script>\n<!-- \/ Yoast SEO plugin. -->","yoast_head_json":{"title":"La administraci\u00f3n: una gran \u00e1rea de oportunidad en la industria cinematogr\u00e1fica, segun Luisa Gomez de Silva - CETYS","description":"Luisa G\u00f3mez de Silva dio una de las conferenciantes durante la Semana de Emprendimiento de la Universidad CETYS Universidad","robots":{"index":"index","follow":"follow","max-snippet":"max-snippet:-1","max-image-preview":"max-image-preview:large","max-video-preview":"max-video-preview:-1"},"canonical":"https:\/\/www.cetys.mx\/noticias\/la-administracion-una-gran-area-de-oportunidad-en-la-industria-cinematografica-segun-luisa-gomez-de-silva\/","og_locale":"es_MX","og_type":"article","og_title":"La administraci\u00f3n: una gran \u00e1rea de oportunidad en la industria cinematogr\u00e1fica, segun Luisa Gomez de Silva - CETYS","og_description":"Luisa G\u00f3mez de Silva dio una de las conferenciantes durante la Semana de Emprendimiento de la Universidad CETYS Universidad","og_url":"https:\/\/www.cetys.mx\/noticias\/la-administracion-una-gran-area-de-oportunidad-en-la-industria-cinematografica-segun-luisa-gomez-de-silva\/","og_site_name":"CETYS","article_publisher":"https:\/\/www.facebook.com\/cetysuniversidadmxl\/","article_published_time":"2023-11-18T00:09:36+00:00","og_image":[{"width":958,"height":637,"url":"https:\/\/www.cetys.mx\/noticias\/wp-content\/uploads\/2023\/11\/luisa-gomez-de-silva-cetys-tijuana-1.jpg","type":"image\/jpeg"}],"author":"Campus Tijuana","twitter_card":"summary_large_image","twitter_creator":"@cetysuni","twitter_site":"@cetysuni","twitter_misc":{"Escrito por":"Campus Tijuana","Tiempo de lectura":"3 minutos"},"schema":{"@context":"https:\/\/schema.org","@graph":[{"@type":"Article","@id":"https:\/\/www.cetys.mx\/noticias\/la-administracion-una-gran-area-de-oportunidad-en-la-industria-cinematografica-segun-luisa-gomez-de-silva\/#article","isPartOf":{"@id":"https:\/\/www.cetys.mx\/noticias\/la-administracion-una-gran-area-de-oportunidad-en-la-industria-cinematografica-segun-luisa-gomez-de-silva\/"},"author":{"name":"Campus Tijuana","@id":"https:\/\/www.cetys.mx\/noticias\/#\/schema\/person\/e790051ce60e18ae47cfa87011c8653f"},"headline":"La administraci\u00f3n: una gran \u00e1rea de oportunidad en la industria cinematogr\u00e1fica, segun Luisa Gomez de Silva","datePublished":"2023-11-18T00:09:36+00:00","mainEntityOfPage":{"@id":"https:\/\/www.cetys.mx\/noticias\/la-administracion-una-gran-area-de-oportunidad-en-la-industria-cinematografica-segun-luisa-gomez-de-silva\/"},"wordCount":582,"commentCount":0,"image":{"@id":"https:\/\/www.cetys.mx\/noticias\/la-administracion-una-gran-area-de-oportunidad-en-la-industria-cinematografica-segun-luisa-gomez-de-silva\/#primaryimage"},"thumbnailUrl":"https:\/\/www.cetys.mx\/noticias\/wp-content\/uploads\/2023\/11\/luisa-gomez-de-silva-cetys-tijuana-1.jpg","keywords":["AdministraciondeEmpresas","campustijuana","MercadotecniaEstrategica","NegociosInternacionales"],"articleSection":["Campus Tijuana","Portada","Profesional"],"inLanguage":"es","potentialAction":[{"@type":"CommentAction","name":"Comment","target":["https:\/\/www.cetys.mx\/noticias\/la-administracion-una-gran-area-de-oportunidad-en-la-industria-cinematografica-segun-luisa-gomez-de-silva\/#respond"]}]},{"@type":"WebPage","@id":"https:\/\/www.cetys.mx\/noticias\/la-administracion-una-gran-area-de-oportunidad-en-la-industria-cinematografica-segun-luisa-gomez-de-silva\/","url":"https:\/\/www.cetys.mx\/noticias\/la-administracion-una-gran-area-de-oportunidad-en-la-industria-cinematografica-segun-luisa-gomez-de-silva\/","name":"La administraci\u00f3n: una gran \u00e1rea de oportunidad en la industria cinematogr\u00e1fica, segun Luisa Gomez de Silva - CETYS","isPartOf":{"@id":"https:\/\/www.cetys.mx\/noticias\/#website"},"primaryImageOfPage":{"@id":"https:\/\/www.cetys.mx\/noticias\/la-administracion-una-gran-area-de-oportunidad-en-la-industria-cinematografica-segun-luisa-gomez-de-silva\/#primaryimage"},"image":{"@id":"https:\/\/www.cetys.mx\/noticias\/la-administracion-una-gran-area-de-oportunidad-en-la-industria-cinematografica-segun-luisa-gomez-de-silva\/#primaryimage"},"thumbnailUrl":"https:\/\/www.cetys.mx\/noticias\/wp-content\/uploads\/2023\/11\/luisa-gomez-de-silva-cetys-tijuana-1.jpg","datePublished":"2023-11-18T00:09:36+00:00","author":{"@id":"https:\/\/www.cetys.mx\/noticias\/#\/schema\/person\/e790051ce60e18ae47cfa87011c8653f"},"description":"Luisa G\u00f3mez de Silva dio una de las conferenciantes durante la Semana de Emprendimiento de la Universidad CETYS Universidad","breadcrumb":{"@id":"https:\/\/www.cetys.mx\/noticias\/la-administracion-una-gran-area-de-oportunidad-en-la-industria-cinematografica-segun-luisa-gomez-de-silva\/#breadcrumb"},"inLanguage":"es","potentialAction":[{"@type":"ReadAction","target":["https:\/\/www.cetys.mx\/noticias\/la-administracion-una-gran-area-de-oportunidad-en-la-industria-cinematografica-segun-luisa-gomez-de-silva\/"]}]},{"@type":"ImageObject","inLanguage":"es","@id":"https:\/\/www.cetys.mx\/noticias\/la-administracion-una-gran-area-de-oportunidad-en-la-industria-cinematografica-segun-luisa-gomez-de-silva\/#primaryimage","url":"https:\/\/www.cetys.mx\/noticias\/wp-content\/uploads\/2023\/11\/luisa-gomez-de-silva-cetys-tijuana-1.jpg","contentUrl":"https:\/\/www.cetys.mx\/noticias\/wp-content\/uploads\/2023\/11\/luisa-gomez-de-silva-cetys-tijuana-1.jpg","width":958,"height":637},{"@type":"BreadcrumbList","@id":"https:\/\/www.cetys.mx\/noticias\/la-administracion-una-gran-area-de-oportunidad-en-la-industria-cinematografica-segun-luisa-gomez-de-silva\/#breadcrumb","itemListElement":[{"@type":"ListItem","position":1,"name":"Inicio","item":"https:\/\/www.cetys.mx\/noticias\/"},{"@type":"ListItem","position":2,"name":"La administraci\u00f3n: una gran \u00e1rea de oportunidad en la industria cinematogr\u00e1fica, segun Luisa Gomez de Silva"}]},{"@type":"WebSite","@id":"https:\/\/www.cetys.mx\/noticias\/#website","url":"https:\/\/www.cetys.mx\/noticias\/","name":"CETYS","description":"","potentialAction":[{"@type":"SearchAction","target":{"@type":"EntryPoint","urlTemplate":"https:\/\/www.cetys.mx\/noticias\/?s={search_term_string}"},"query-input":{"@type":"PropertyValueSpecification","valueRequired":true,"valueName":"search_term_string"}}],"inLanguage":"es"},{"@type":"Person","@id":"https:\/\/www.cetys.mx\/noticias\/#\/schema\/person\/e790051ce60e18ae47cfa87011c8653f","name":"Campus Tijuana","url":"https:\/\/www.cetys.mx\/noticias\/author\/campustijuana\/"}]}},"_links":{"self":[{"href":"https:\/\/www.cetys.mx\/noticias\/wp-json\/wp\/v2\/posts\/177743","targetHints":{"allow":["GET"]}}],"collection":[{"href":"https:\/\/www.cetys.mx\/noticias\/wp-json\/wp\/v2\/posts"}],"about":[{"href":"https:\/\/www.cetys.mx\/noticias\/wp-json\/wp\/v2\/types\/post"}],"author":[{"embeddable":true,"href":"https:\/\/www.cetys.mx\/noticias\/wp-json\/wp\/v2\/users\/24"}],"replies":[{"embeddable":true,"href":"https:\/\/www.cetys.mx\/noticias\/wp-json\/wp\/v2\/comments?post=177743"}],"version-history":[{"count":1,"href":"https:\/\/www.cetys.mx\/noticias\/wp-json\/wp\/v2\/posts\/177743\/revisions"}],"predecessor-version":[{"id":177755,"href":"https:\/\/www.cetys.mx\/noticias\/wp-json\/wp\/v2\/posts\/177743\/revisions\/177755"}],"wp:featuredmedia":[{"embeddable":true,"href":"https:\/\/www.cetys.mx\/noticias\/wp-json\/wp\/v2\/media\/177748"}],"wp:attachment":[{"href":"https:\/\/www.cetys.mx\/noticias\/wp-json\/wp\/v2\/media?parent=177743"}],"wp:term":[{"taxonomy":"category","embeddable":true,"href":"https:\/\/www.cetys.mx\/noticias\/wp-json\/wp\/v2\/categories?post=177743"},{"taxonomy":"post_tag","embeddable":true,"href":"https:\/\/www.cetys.mx\/noticias\/wp-json\/wp\/v2\/tags?post=177743"}],"curies":[{"name":"wp","href":"https:\/\/api.w.org\/{rel}","templated":true}]}}