{"id":177655,"date":"2023-11-14T16:27:09","date_gmt":"2023-11-15T00:27:09","guid":{"rendered":"https:\/\/www.cetys.mx\/noticias\/?p=177655"},"modified":"2023-11-14T16:28:03","modified_gmt":"2023-11-15T00:28:03","slug":"docente-cetys-ivec-2023","status":"publish","type":"post","link":"https:\/\/www.cetys.mx\/noticias\/docente-cetys-ivec-2023\/","title":{"rendered":"Participa docente-investigador de CETYS Universidad en el International Virtual Exchange Conference 2023"},"content":{"rendered":"<p><span style=\"font-weight: 400;\">El Dr. Francisco Alberto N\u00fa\u00f1ez Tapia, profesor-investigador de tiempo completo del Colegio de Ciencias Sociales y Humanidades de CETYS Universidad Campus Mexicali, particip\u00f3 en el International Virtual Exchange Conference (IVEC) 2023, presentando una ponencia sobre el proyecto de vinculaci\u00f3n acad\u00e9mica que desarrolla junto con la Mtra. Anna Kwa\u015bniewska de la Universidad Adam Mickiewicz de Polonia (AMU).<\/span><\/p>\n<p><span style=\"font-weight: 400;\">La ponencia se present\u00f3 en el idioma ingl\u00e9s y llev\u00f3 por t\u00edtulo Cross-cultural virtual exchange experience between Mexico &amp; Poland. Lessons, strategies, and challenges of the virtual realm, en el Centro de Conven\u00e7\u00f5es Rebou\u00e7as en S\u00e3o Paulo, Brasil, del 30 de octubre al 1 de noviembre del 2023.<\/span><\/p>\n<p><span style=\"font-weight: 400;\">Dicho evento fue organizado y co-presidido por la Brazilian Association for International Education (FAUBAI) y la Universidade Estadual Paulista (UNESP) en S\u00e3o Paulo, Brazil, en colaboraci\u00f3n con DePaul University (Estados Unidos), Drexel University (Estados Unidos), Durban University of Technology (Sud\u00e1frica), East Carolina University (Estados Unidos), Universidad de Monterrey (M\u00e9xico) y University of Washington Bothell (Estados Unidos).<\/span><\/p>\n<p><span style=\"font-weight: 400;\">En el desarrollo de su ponencia, el Dr. N\u00fa\u00f1ez Tapia y la Mtra. Kwasniewska abordaron el impacto del internet como herramienta para propiciar el intercambio virtual intercultural entre estudiantes y profesores de todo el mundo y como facilitador de las interacciones entre personas de diferentes or\u00edgenes y culturas.\u00a0<\/span><\/p>\n<p><span style=\"font-weight: 400;\">\u201cCuando se impuso el bloqueo de Covid-19 en muchos pa\u00edses en 2020, profesores de todo el mundo se apresuraron a organizar clases en l\u00ednea a tiempo completo por primera vez en todas las principales instituciones educativas y algunos contrataron sesiones virtuales internacionales con socios de todo el mundo para que sus que los estudiantes interact\u00faen, aprendan y trabajen juntos en diferentes proyectos con estudiantes fuera de sus pa\u00edses de origen\u201d, apunt\u00f3 el acad\u00e9mico de CETYS.\u00a0<\/span><\/p>\n<p><span style=\"font-weight: 400;\">Durante la charla se compartieron tambi\u00e9n algunas de las estrategias de comunicaci\u00f3n aplicadas por los investigadores de M\u00e9xico y Polonia durante el proyecto y los desaf\u00edos encontrados en el transcurso del mismo, incluyendo diferentes enfoques para afrontar las diferencias horarias, la cultura laboral y la gesti\u00f3n del tiempo.\u00a0<\/span><\/p>\n<p><span style=\"font-weight: 400;\">\u201cLos comentarios posteriores al proyecto revelaron que la mayor\u00eda de los estudiantes coincidieron en que la colaboraci\u00f3n aument\u00f3 su conocimiento de diferentes aspectos de la vida en ambos pa\u00edses, sus habilidades de comunicaci\u00f3n intercultural y su capacidad para interactuar con personas de diferentes or\u00edgenes. Los estudiantes tambi\u00e9n informaron que participar en los intercambios aument\u00f3 su empat\u00eda y apertura intercultural, as\u00ed como su empleabilidad\u201d, concluy\u00f3 el Dr. Francisco Alberto N\u00fa\u00f1ez Tapia.<\/span><\/p>\n","protected":false},"excerpt":{"rendered":"<p>El Dr. Francisco Alberto N\u00fa\u00f1ez Tapia, profesor-investigador de tiempo completo del Colegio de Ciencias Sociales y Humanidades de CETYS Universidad Campus Mexicali,&#8230;<\/p>\n","protected":false},"author":20,"featured_media":177656,"comment_status":"open","ping_status":"closed","sticky":false,"template":"","format":"standard","meta":{"footnotes":""},"categories":[133],"tags":[398,275],"class_list":["post-177655","post","type-post","status-publish","format-standard","has-post-thumbnail","hentry","category-campus-mexicali","tag-docentes","tag-vinculacion"],"yoast_head":"<!-- This site is optimized with the Yoast SEO plugin v27.4 - https:\/\/yoast.com\/product\/yoast-seo-wordpress\/ -->\n<title>Participa docente-investigador de CETYS Universidad en el International Virtual Exchange Conference 2023 - CETYS<\/title>\n<meta name=\"description\" content=\"Articulo sobre Participa docente-investigador de CETYS Universidad en el International Virtual Exchange Conference 2023\" \/>\n<meta name=\"robots\" content=\"index, follow, max-snippet:-1, max-image-preview:large, max-video-preview:-1\" \/>\n<link rel=\"canonical\" href=\"https:\/\/www.cetys.mx\/noticias\/docente-cetys-ivec-2023\/\" \/>\n<meta property=\"og:locale\" content=\"es_MX\" \/>\n<meta property=\"og:type\" content=\"article\" \/>\n<meta property=\"og:title\" content=\"Participa docente-investigador de CETYS Universidad en el International Virtual Exchange Conference 2023 - CETYS\" \/>\n<meta property=\"og:description\" content=\"Articulo sobre Participa docente-investigador de CETYS Universidad en el International Virtual Exchange Conference 2023\" \/>\n<meta property=\"og:url\" content=\"https:\/\/www.cetys.mx\/noticias\/docente-cetys-ivec-2023\/\" \/>\n<meta property=\"og:site_name\" content=\"CETYS\" \/>\n<meta property=\"article:publisher\" content=\"https:\/\/www.facebook.com\/cetysuniversidadmxl\/\" \/>\n<meta property=\"article:published_time\" content=\"2023-11-15T00:27:09+00:00\" \/>\n<meta property=\"article:modified_time\" content=\"2023-11-15T00:28:03+00:00\" \/>\n<meta property=\"og:image\" content=\"https:\/\/www.cetys.mx\/noticias\/wp-content\/uploads\/2023\/11\/International-Virtual-Exchange-Conference-2023.png\" \/>\n\t<meta property=\"og:image:width\" content=\"958\" \/>\n\t<meta property=\"og:image:height\" content=\"637\" \/>\n\t<meta property=\"og:image:type\" content=\"image\/png\" \/>\n<meta name=\"author\" content=\"Campus Mexicali\" \/>\n<meta name=\"twitter:card\" content=\"summary_large_image\" \/>\n<meta name=\"twitter:creator\" content=\"@cetysuni\" \/>\n<meta name=\"twitter:site\" content=\"@cetysuni\" \/>\n<meta name=\"twitter:label1\" content=\"Escrito por\" \/>\n\t<meta name=\"twitter:data1\" content=\"Campus Mexicali\" \/>\n\t<meta name=\"twitter:label2\" content=\"Tiempo de lectura\" \/>\n\t<meta name=\"twitter:data2\" content=\"2 minutos\" \/>\n<script type=\"application\/ld+json\" class=\"yoast-schema-graph\">{\"@context\":\"https:\\\/\\\/schema.org\",\"@graph\":[{\"@type\":\"Article\",\"@id\":\"https:\\\/\\\/www.cetys.mx\\\/noticias\\\/docente-cetys-ivec-2023\\\/#article\",\"isPartOf\":{\"@id\":\"https:\\\/\\\/www.cetys.mx\\\/noticias\\\/docente-cetys-ivec-2023\\\/\"},\"author\":{\"name\":\"Campus Mexicali\",\"@id\":\"https:\\\/\\\/www.cetys.mx\\\/noticias\\\/#\\\/schema\\\/person\\\/79a95c4ac185f3705cf1b9c9340a5f70\"},\"headline\":\"Participa docente-investigador de CETYS Universidad en el International Virtual Exchange Conference 2023\",\"datePublished\":\"2023-11-15T00:27:09+00:00\",\"dateModified\":\"2023-11-15T00:28:03+00:00\",\"mainEntityOfPage\":{\"@id\":\"https:\\\/\\\/www.cetys.mx\\\/noticias\\\/docente-cetys-ivec-2023\\\/\"},\"wordCount\":440,\"commentCount\":0,\"image\":{\"@id\":\"https:\\\/\\\/www.cetys.mx\\\/noticias\\\/docente-cetys-ivec-2023\\\/#primaryimage\"},\"thumbnailUrl\":\"https:\\\/\\\/www.cetys.mx\\\/noticias\\\/wp-content\\\/uploads\\\/2023\\\/11\\\/International-Virtual-Exchange-Conference-2023.png\",\"keywords\":[\"Docentes\",\"Vinculacion\"],\"articleSection\":[\"Campus Mexicali\"],\"inLanguage\":\"es\",\"potentialAction\":[{\"@type\":\"CommentAction\",\"name\":\"Comment\",\"target\":[\"https:\\\/\\\/www.cetys.mx\\\/noticias\\\/docente-cetys-ivec-2023\\\/#respond\"]}]},{\"@type\":\"WebPage\",\"@id\":\"https:\\\/\\\/www.cetys.mx\\\/noticias\\\/docente-cetys-ivec-2023\\\/\",\"url\":\"https:\\\/\\\/www.cetys.mx\\\/noticias\\\/docente-cetys-ivec-2023\\\/\",\"name\":\"Participa docente-investigador de CETYS Universidad en el International Virtual Exchange Conference 2023 - CETYS\",\"isPartOf\":{\"@id\":\"https:\\\/\\\/www.cetys.mx\\\/noticias\\\/#website\"},\"primaryImageOfPage\":{\"@id\":\"https:\\\/\\\/www.cetys.mx\\\/noticias\\\/docente-cetys-ivec-2023\\\/#primaryimage\"},\"image\":{\"@id\":\"https:\\\/\\\/www.cetys.mx\\\/noticias\\\/docente-cetys-ivec-2023\\\/#primaryimage\"},\"thumbnailUrl\":\"https:\\\/\\\/www.cetys.mx\\\/noticias\\\/wp-content\\\/uploads\\\/2023\\\/11\\\/International-Virtual-Exchange-Conference-2023.png\",\"datePublished\":\"2023-11-15T00:27:09+00:00\",\"dateModified\":\"2023-11-15T00:28:03+00:00\",\"author\":{\"@id\":\"https:\\\/\\\/www.cetys.mx\\\/noticias\\\/#\\\/schema\\\/person\\\/79a95c4ac185f3705cf1b9c9340a5f70\"},\"description\":\"Articulo sobre Participa docente-investigador de CETYS Universidad en el International Virtual Exchange Conference 2023\",\"breadcrumb\":{\"@id\":\"https:\\\/\\\/www.cetys.mx\\\/noticias\\\/docente-cetys-ivec-2023\\\/#breadcrumb\"},\"inLanguage\":\"es\",\"potentialAction\":[{\"@type\":\"ReadAction\",\"target\":[\"https:\\\/\\\/www.cetys.mx\\\/noticias\\\/docente-cetys-ivec-2023\\\/\"]}]},{\"@type\":\"ImageObject\",\"inLanguage\":\"es\",\"@id\":\"https:\\\/\\\/www.cetys.mx\\\/noticias\\\/docente-cetys-ivec-2023\\\/#primaryimage\",\"url\":\"https:\\\/\\\/www.cetys.mx\\\/noticias\\\/wp-content\\\/uploads\\\/2023\\\/11\\\/International-Virtual-Exchange-Conference-2023.png\",\"contentUrl\":\"https:\\\/\\\/www.cetys.mx\\\/noticias\\\/wp-content\\\/uploads\\\/2023\\\/11\\\/International-Virtual-Exchange-Conference-2023.png\",\"width\":958,\"height\":637},{\"@type\":\"BreadcrumbList\",\"@id\":\"https:\\\/\\\/www.cetys.mx\\\/noticias\\\/docente-cetys-ivec-2023\\\/#breadcrumb\",\"itemListElement\":[{\"@type\":\"ListItem\",\"position\":1,\"name\":\"Inicio\",\"item\":\"https:\\\/\\\/www.cetys.mx\\\/noticias\\\/\"},{\"@type\":\"ListItem\",\"position\":2,\"name\":\"Participa docente-investigador de CETYS Universidad en el International Virtual Exchange Conference 2023\"}]},{\"@type\":\"WebSite\",\"@id\":\"https:\\\/\\\/www.cetys.mx\\\/noticias\\\/#website\",\"url\":\"https:\\\/\\\/www.cetys.mx\\\/noticias\\\/\",\"name\":\"CETYS\",\"description\":\"\",\"potentialAction\":[{\"@type\":\"SearchAction\",\"target\":{\"@type\":\"EntryPoint\",\"urlTemplate\":\"https:\\\/\\\/www.cetys.mx\\\/noticias\\\/?s={search_term_string}\"},\"query-input\":{\"@type\":\"PropertyValueSpecification\",\"valueRequired\":true,\"valueName\":\"search_term_string\"}}],\"inLanguage\":\"es\"},{\"@type\":\"Person\",\"@id\":\"https:\\\/\\\/www.cetys.mx\\\/noticias\\\/#\\\/schema\\\/person\\\/79a95c4ac185f3705cf1b9c9340a5f70\",\"name\":\"Campus Mexicali\",\"url\":\"https:\\\/\\\/www.cetys.mx\\\/noticias\\\/author\\\/campusmexicali\\\/\"}]}<\/script>\n<!-- \/ Yoast SEO plugin. -->","yoast_head_json":{"title":"Participa docente-investigador de CETYS Universidad en el International Virtual Exchange Conference 2023 - CETYS","description":"Articulo sobre Participa docente-investigador de CETYS Universidad en el International Virtual Exchange Conference 2023","robots":{"index":"index","follow":"follow","max-snippet":"max-snippet:-1","max-image-preview":"max-image-preview:large","max-video-preview":"max-video-preview:-1"},"canonical":"https:\/\/www.cetys.mx\/noticias\/docente-cetys-ivec-2023\/","og_locale":"es_MX","og_type":"article","og_title":"Participa docente-investigador de CETYS Universidad en el International Virtual Exchange Conference 2023 - CETYS","og_description":"Articulo sobre Participa docente-investigador de CETYS Universidad en el International Virtual Exchange Conference 2023","og_url":"https:\/\/www.cetys.mx\/noticias\/docente-cetys-ivec-2023\/","og_site_name":"CETYS","article_publisher":"https:\/\/www.facebook.com\/cetysuniversidadmxl\/","article_published_time":"2023-11-15T00:27:09+00:00","article_modified_time":"2023-11-15T00:28:03+00:00","og_image":[{"width":958,"height":637,"url":"https:\/\/www.cetys.mx\/noticias\/wp-content\/uploads\/2023\/11\/International-Virtual-Exchange-Conference-2023.png","type":"image\/png"}],"author":"Campus Mexicali","twitter_card":"summary_large_image","twitter_creator":"@cetysuni","twitter_site":"@cetysuni","twitter_misc":{"Escrito por":"Campus Mexicali","Tiempo de lectura":"2 minutos"},"schema":{"@context":"https:\/\/schema.org","@graph":[{"@type":"Article","@id":"https:\/\/www.cetys.mx\/noticias\/docente-cetys-ivec-2023\/#article","isPartOf":{"@id":"https:\/\/www.cetys.mx\/noticias\/docente-cetys-ivec-2023\/"},"author":{"name":"Campus Mexicali","@id":"https:\/\/www.cetys.mx\/noticias\/#\/schema\/person\/79a95c4ac185f3705cf1b9c9340a5f70"},"headline":"Participa docente-investigador de CETYS Universidad en el International Virtual Exchange Conference 2023","datePublished":"2023-11-15T00:27:09+00:00","dateModified":"2023-11-15T00:28:03+00:00","mainEntityOfPage":{"@id":"https:\/\/www.cetys.mx\/noticias\/docente-cetys-ivec-2023\/"},"wordCount":440,"commentCount":0,"image":{"@id":"https:\/\/www.cetys.mx\/noticias\/docente-cetys-ivec-2023\/#primaryimage"},"thumbnailUrl":"https:\/\/www.cetys.mx\/noticias\/wp-content\/uploads\/2023\/11\/International-Virtual-Exchange-Conference-2023.png","keywords":["Docentes","Vinculacion"],"articleSection":["Campus Mexicali"],"inLanguage":"es","potentialAction":[{"@type":"CommentAction","name":"Comment","target":["https:\/\/www.cetys.mx\/noticias\/docente-cetys-ivec-2023\/#respond"]}]},{"@type":"WebPage","@id":"https:\/\/www.cetys.mx\/noticias\/docente-cetys-ivec-2023\/","url":"https:\/\/www.cetys.mx\/noticias\/docente-cetys-ivec-2023\/","name":"Participa docente-investigador de CETYS Universidad en el International Virtual Exchange Conference 2023 - CETYS","isPartOf":{"@id":"https:\/\/www.cetys.mx\/noticias\/#website"},"primaryImageOfPage":{"@id":"https:\/\/www.cetys.mx\/noticias\/docente-cetys-ivec-2023\/#primaryimage"},"image":{"@id":"https:\/\/www.cetys.mx\/noticias\/docente-cetys-ivec-2023\/#primaryimage"},"thumbnailUrl":"https:\/\/www.cetys.mx\/noticias\/wp-content\/uploads\/2023\/11\/International-Virtual-Exchange-Conference-2023.png","datePublished":"2023-11-15T00:27:09+00:00","dateModified":"2023-11-15T00:28:03+00:00","author":{"@id":"https:\/\/www.cetys.mx\/noticias\/#\/schema\/person\/79a95c4ac185f3705cf1b9c9340a5f70"},"description":"Articulo sobre Participa docente-investigador de CETYS Universidad en el International Virtual Exchange Conference 2023","breadcrumb":{"@id":"https:\/\/www.cetys.mx\/noticias\/docente-cetys-ivec-2023\/#breadcrumb"},"inLanguage":"es","potentialAction":[{"@type":"ReadAction","target":["https:\/\/www.cetys.mx\/noticias\/docente-cetys-ivec-2023\/"]}]},{"@type":"ImageObject","inLanguage":"es","@id":"https:\/\/www.cetys.mx\/noticias\/docente-cetys-ivec-2023\/#primaryimage","url":"https:\/\/www.cetys.mx\/noticias\/wp-content\/uploads\/2023\/11\/International-Virtual-Exchange-Conference-2023.png","contentUrl":"https:\/\/www.cetys.mx\/noticias\/wp-content\/uploads\/2023\/11\/International-Virtual-Exchange-Conference-2023.png","width":958,"height":637},{"@type":"BreadcrumbList","@id":"https:\/\/www.cetys.mx\/noticias\/docente-cetys-ivec-2023\/#breadcrumb","itemListElement":[{"@type":"ListItem","position":1,"name":"Inicio","item":"https:\/\/www.cetys.mx\/noticias\/"},{"@type":"ListItem","position":2,"name":"Participa docente-investigador de CETYS Universidad en el International Virtual Exchange Conference 2023"}]},{"@type":"WebSite","@id":"https:\/\/www.cetys.mx\/noticias\/#website","url":"https:\/\/www.cetys.mx\/noticias\/","name":"CETYS","description":"","potentialAction":[{"@type":"SearchAction","target":{"@type":"EntryPoint","urlTemplate":"https:\/\/www.cetys.mx\/noticias\/?s={search_term_string}"},"query-input":{"@type":"PropertyValueSpecification","valueRequired":true,"valueName":"search_term_string"}}],"inLanguage":"es"},{"@type":"Person","@id":"https:\/\/www.cetys.mx\/noticias\/#\/schema\/person\/79a95c4ac185f3705cf1b9c9340a5f70","name":"Campus Mexicali","url":"https:\/\/www.cetys.mx\/noticias\/author\/campusmexicali\/"}]}},"_links":{"self":[{"href":"https:\/\/www.cetys.mx\/noticias\/wp-json\/wp\/v2\/posts\/177655","targetHints":{"allow":["GET"]}}],"collection":[{"href":"https:\/\/www.cetys.mx\/noticias\/wp-json\/wp\/v2\/posts"}],"about":[{"href":"https:\/\/www.cetys.mx\/noticias\/wp-json\/wp\/v2\/types\/post"}],"author":[{"embeddable":true,"href":"https:\/\/www.cetys.mx\/noticias\/wp-json\/wp\/v2\/users\/20"}],"replies":[{"embeddable":true,"href":"https:\/\/www.cetys.mx\/noticias\/wp-json\/wp\/v2\/comments?post=177655"}],"version-history":[{"count":1,"href":"https:\/\/www.cetys.mx\/noticias\/wp-json\/wp\/v2\/posts\/177655\/revisions"}],"predecessor-version":[{"id":177657,"href":"https:\/\/www.cetys.mx\/noticias\/wp-json\/wp\/v2\/posts\/177655\/revisions\/177657"}],"wp:featuredmedia":[{"embeddable":true,"href":"https:\/\/www.cetys.mx\/noticias\/wp-json\/wp\/v2\/media\/177656"}],"wp:attachment":[{"href":"https:\/\/www.cetys.mx\/noticias\/wp-json\/wp\/v2\/media?parent=177655"}],"wp:term":[{"taxonomy":"category","embeddable":true,"href":"https:\/\/www.cetys.mx\/noticias\/wp-json\/wp\/v2\/categories?post=177655"},{"taxonomy":"post_tag","embeddable":true,"href":"https:\/\/www.cetys.mx\/noticias\/wp-json\/wp\/v2\/tags?post=177655"}],"curies":[{"name":"wp","href":"https:\/\/api.w.org\/{rel}","templated":true}]}}