{"id":177471,"date":"2023-11-06T17:30:10","date_gmt":"2023-11-07T01:30:10","guid":{"rendered":"https:\/\/www.cetys.mx\/noticias\/?p=177471"},"modified":"2023-11-06T17:35:19","modified_gmt":"2023-11-07T01:35:19","slug":"academicos-de-cetys-tijuana-participan-en-xvi-encuentro-estatal-de-psicologia","status":"publish","type":"post","link":"https:\/\/www.cetys.mx\/noticias\/academicos-de-cetys-tijuana-participan-en-xvi-encuentro-estatal-de-psicologia\/","title":{"rendered":"Acad\u00e9micos de CETYS Tijuana participan en XVI Encuentro Estatal de Psicolog\u00eda"},"content":{"rendered":"<p><span style=\"font-weight: 400;\">Acad\u00e9micos de <strong>CETYS Universidad Campus Tijuana<\/strong> participaron en el<em> XVI Encuentro Estatal de Psicolog\u00eda<\/em> con el tema <\/span><em><span style=\"font-weight: 400;\">\u201c<\/span><span style=\"font-weight: 400;\">El ejercicio de la psicolog\u00eda en el marco de la salud p\u00fablica<\/span><\/em><span style=\"font-weight: 400;\"><em>&#8220;<\/em>, e<\/span><span style=\"font-weight: 400;\">ste fue organizado por la <em>Red Interinstitucional de Escuelas y Facultades de Psicolog\u00eda de Baja California A. C, cuya<\/em><\/span><span style=\"font-weight: 400;\">\u00a0sede este a\u00f1o fue en la Universidad Iberoamericana de Tijuana.<\/span><\/p>\n<p><span style=\"font-weight: 400;\">La Red tiene como objetivo fortalecer la formaci\u00f3n de los estudiantes de Psicolog\u00eda de nuestro Estado en las \u00e1reas de investigaci\u00f3n, evaluaci\u00f3n e intervenci\u00f3n.<\/span><\/p>\n<p><span style=\"font-weight: 400;\">\u00a0El objetivo del Encuentro fue contribuir con la formaci\u00f3n en la promoci\u00f3n y atenci\u00f3n de la salud p\u00fablica a trav\u00e9s de estrategias de evaluaci\u00f3n, intervenci\u00f3n e investigaci\u00f3n psicol\u00f3gica en el marco de un ejercicio \u00e9tico y profesional.\u00a0<\/span><\/p>\n<p><span style=\"font-weight: 400;\">El <strong>Mtro. Hernan Partida Ram\u00edrez<\/strong>, acad\u00e9mico de la<em> Escuela de Psicolog\u00eda de CETYS<\/em> y como coordinador de la <em>Red Interinstitucional de Escuelas y Facultades de Psicolog\u00eda de Baja California<\/em>, acompa\u00f1ado de la <strong>Mtra. Yolva Yunue Salcido Mart\u00ednez<\/strong>, <em>coordinadora de la Licenciatura en Psicolog\u00eda de la Universidad Iberoamericana Tijuana<\/em> y el <strong>Mtro. Oth\u00f3n Rogelio \u00c1ngel Casillas<\/strong>, <em>director acad\u00e9mico de la Universidad Iberoamericana Tijuana.<\/em><\/span><\/p>\n\n            <style type='text\/css'>\n                #gallery-1 {\n                    margin: auto;\n                }\n                #gallery-1 .gallery-item {\n                    float: left;\n                    margin-top: 10px;\n                    text-align: center;\n                    width: 50%;\n                }\n                #gallery-1 img {\n                    border: 2px solid #cfcfcf;\n                }\n                #gallery-1 .gallery-caption {\n                    margin-left: 0;\n                }\n                \/* see gallery_shortcode() in wp-includes\/media.php *\/\n            <\/style>\n\t\t<div id='gallery-1' class='gallery galleryid-177471 gallery-columns-2 gallery-size-medium'><dl class='gallery-item'>\n                <dt class='gallery-icon landscape'>\n                    <a href='https:\/\/www.cetys.mx\/noticias\/academicos-de-cetys-tijuana-participan-en-xvi-encuentro-estatal-de-psicologia\/hernan-partida-cetys-en-cneip\/'><img loading=\"lazy\" decoding=\"async\" width=\"958\" height=\"637\" src=\"https:\/\/www.cetys.mx\/noticias\/wp-content\/uploads\/2023\/11\/hernan-partida-cetys-en-CNEIP.png\" class=\"attachment-medium size-medium\" alt=\"\" aria-describedby=\"gallery-1-177476\" srcset=\"https:\/\/www.cetys.mx\/noticias\/wp-content\/uploads\/2023\/11\/hernan-partida-cetys-en-CNEIP.png 958w, https:\/\/www.cetys.mx\/noticias\/wp-content\/uploads\/2023\/11\/hernan-partida-cetys-en-CNEIP-768x511.png 768w\" sizes=\"auto, (max-width: 958px) 100vw, 958px\" \/><\/a>\n                <\/dt>\n                    <dd class='wp-caption-text gallery-caption' id='gallery-1-177476'>\n                    El Mtro. Hern\u00e1n Partida Ram\u00edrez es acad\u00e9mico de la Escuela de Psicolog\u00eda en CETYS Campus Tijuana.\n                    <\/dd><\/dl><dl class='gallery-item'>\n                <dt class='gallery-icon landscape'>\n                    <a href='https:\/\/www.cetys.mx\/noticias\/academicos-de-cetys-tijuana-participan-en-xvi-encuentro-estatal-de-psicologia\/docentes-cetys-en-cneip-02\/'><img loading=\"lazy\" decoding=\"async\" width=\"958\" height=\"637\" src=\"https:\/\/www.cetys.mx\/noticias\/wp-content\/uploads\/2023\/11\/docentes-cetys-en-CNEIP-02.png\" class=\"attachment-medium size-medium\" alt=\"\" aria-describedby=\"gallery-1-177475\" srcset=\"https:\/\/www.cetys.mx\/noticias\/wp-content\/uploads\/2023\/11\/docentes-cetys-en-CNEIP-02.png 958w, https:\/\/www.cetys.mx\/noticias\/wp-content\/uploads\/2023\/11\/docentes-cetys-en-CNEIP-02-768x511.png 768w\" sizes=\"auto, (max-width: 958px) 100vw, 958px\" \/><\/a>\n                <\/dt>\n                    <dd class='wp-caption-text gallery-caption' id='gallery-1-177475'>\n                    El Dr. Leopoldo Jim\u00e9enez es exdirector en CETYS Campus Tijuana.\n                    <\/dd><\/dl><br style=\"clear: both\" \/>\n            <\/div>\n\n<p><span style=\"font-weight: 400;\">La conferencia magistral <em>\u201cRegulaci\u00f3n sanitaria para el ejercicio de la psicolog\u00eda en escenarios p\u00fablicos y privados\u201d<\/em>, fue impartida por el <strong>Dr. Leopoldo Jim\u00e9nez S\u00e1nchez<\/strong>,<em> exdirector de la Escuela de Psicolog\u00eda de CETYS en Tijuana<\/em>. Posteriormente tambi\u00e9n particip\u00f3 en el panel de discusi\u00f3n sobre<\/span> <span style=\"font-weight: 400;\">\u201c<\/span><i><span style=\"font-weight: 400;\">Normatividad en el ejercicio y regulaci\u00f3n de la pr\u00e1ctica psicol\u00f3gica<\/span><\/i><span style=\"font-weight: 400;\">\u201d,con el objetivo de <\/span><span style=\"font-weight: 400;\">discutir las dimensiones individuales, culturales, econ\u00f3micas y pol\u00edticas que norman y regulan el ejercicio profesional de la psicolog\u00eda en la regi\u00f3n, la naci\u00f3n y lo internacional. Aqu\u00ed estuvo acompa\u00f1ado por la <strong>D<\/strong><\/span><span style=\"font-weight: 400;\"><strong>ra. Gabriela Magallanes<\/strong>, <em>vicepresidenta del Colegio de Psic\u00f3logos de Baja California, A. C<\/em>., el<strong> Mtro. Antonio Jim\u00e9nez Luna<\/strong>, <em>vicepresidente de la Red Mexicana de Universidad Promotoras de la Salud (RMUPS<\/em>), la <strong>Psic. Ariana Ramos Torres,<\/strong> de la <em>Direcci\u00f3n de Ense\u00f1anza e Investigaci\u00f3n del Instituto de Psiquiatr\u00eda del Estado de Baja California (IPEBC)<\/em> y el <strong>Mtro Partida Ramirez.<\/strong><\/span><\/p>\n<p><span style=\"font-weight: 400;\">En 13<\/span><span style=\"font-weight: 400;\"> talleres simult\u00e1neos, los estudiantes tuvieron la oportunidad de trabajar diversas habilidades para atender los retos de la salud p\u00fablica dentro de la regi\u00f3n. Nuestras instituciones propusieron a docentes y profesionistas expertos en los temas para instruir a los estudiantes. En estos participaron los alumnos:\u00a0<\/span><\/p>\n<p>Hannia Campuzano Alba<br \/>\nNaara Prisila Carreon Valtierra<br \/>\nXimena Mart\u00ednez Alc\u00e1ntar<br \/>\nJudith Dairen Beltr\u00e1n salvador<br \/>\nOded Escapita Balderas<br \/>\nNadia Jazm\u00edn S\u00e1nchez Reyes<br \/>\nYaretzi Flores L\u00f3pez<br \/>\nAraceli Avelar Estrella<br \/>\nBruno Alberto Duarte Ariza<br \/>\nKaren Ponce Urrea<br \/>\nMiranda Suarez Osorio<br \/>\nLizeth Barrera Morales<br \/>\nAlexandro Arce Gonzalez<br \/>\nViviana Gabriela Salgado Guti\u00e9rrez.<\/p>\n","protected":false},"excerpt":{"rendered":"<p>Acad\u00e9micos de CETYS Universidad Campus Tijuana participaron en el XVI Encuentro Estatal de Psicolog\u00eda con el tema \u201cEl ejercicio de la psicolog\u00eda&#8230;<\/p>\n","protected":false},"author":24,"featured_media":177474,"comment_status":"open","ping_status":"closed","sticky":false,"template":"","format":"standard","meta":{"footnotes":""},"categories":[134,306],"tags":[328,6491,487,6623],"class_list":["post-177471","post","type-post","status-publish","format-standard","has-post-thumbnail","hentry","category-campus-tijuana","category-profesional","tag-campustijuana","tag-psicologiaclinica","tag-psicologiainfantil","tag-psicologiaorganizacional"],"yoast_head":"<!-- This site is optimized with the Yoast SEO plugin v27.4 - https:\/\/yoast.com\/product\/yoast-seo-wordpress\/ -->\n<title>Acad\u00e9micos de CETYS Tijuana participan en XVI Encuentro Estatal de Psicolog\u00eda - CETYS<\/title>\n<meta name=\"description\" content=\"Articulo sobre Acad\u00e9micos de CETYS Tijuana participan en XVI Encuentro Estatal de Psicolog\u00eda\" \/>\n<meta name=\"robots\" content=\"index, follow, max-snippet:-1, max-image-preview:large, max-video-preview:-1\" \/>\n<link rel=\"canonical\" href=\"https:\/\/www.cetys.mx\/noticias\/academicos-de-cetys-tijuana-participan-en-xvi-encuentro-estatal-de-psicologia\/\" \/>\n<meta property=\"og:locale\" content=\"es_MX\" \/>\n<meta property=\"og:type\" content=\"article\" \/>\n<meta property=\"og:title\" content=\"Acad\u00e9micos de CETYS Tijuana participan en XVI Encuentro Estatal de Psicolog\u00eda - CETYS\" \/>\n<meta property=\"og:description\" content=\"Articulo sobre Acad\u00e9micos de CETYS Tijuana participan en XVI Encuentro Estatal de Psicolog\u00eda\" \/>\n<meta property=\"og:url\" content=\"https:\/\/www.cetys.mx\/noticias\/academicos-de-cetys-tijuana-participan-en-xvi-encuentro-estatal-de-psicologia\/\" \/>\n<meta property=\"og:site_name\" content=\"CETYS\" \/>\n<meta property=\"article:publisher\" content=\"https:\/\/www.facebook.com\/cetysuniversidadmxl\/\" \/>\n<meta property=\"article:published_time\" content=\"2023-11-07T01:30:10+00:00\" \/>\n<meta property=\"article:modified_time\" content=\"2023-11-07T01:35:19+00:00\" \/>\n<meta property=\"og:image\" content=\"https:\/\/www.cetys.mx\/noticias\/wp-content\/uploads\/2023\/11\/docentes-cetys-en-CNEIP.png\" \/>\n\t<meta property=\"og:image:width\" content=\"958\" \/>\n\t<meta property=\"og:image:height\" content=\"637\" \/>\n\t<meta property=\"og:image:type\" content=\"image\/png\" \/>\n<meta name=\"author\" content=\"Campus Tijuana\" \/>\n<meta name=\"twitter:card\" content=\"summary_large_image\" \/>\n<meta name=\"twitter:creator\" content=\"@cetysuni\" \/>\n<meta name=\"twitter:site\" content=\"@cetysuni\" \/>\n<meta name=\"twitter:label1\" content=\"Escrito por\" \/>\n\t<meta name=\"twitter:data1\" content=\"Campus Tijuana\" \/>\n\t<meta name=\"twitter:label2\" content=\"Tiempo de lectura\" \/>\n\t<meta name=\"twitter:data2\" content=\"2 minutos\" \/>\n<script type=\"application\/ld+json\" class=\"yoast-schema-graph\">{\"@context\":\"https:\\\/\\\/schema.org\",\"@graph\":[{\"@type\":\"Article\",\"@id\":\"https:\\\/\\\/www.cetys.mx\\\/noticias\\\/academicos-de-cetys-tijuana-participan-en-xvi-encuentro-estatal-de-psicologia\\\/#article\",\"isPartOf\":{\"@id\":\"https:\\\/\\\/www.cetys.mx\\\/noticias\\\/academicos-de-cetys-tijuana-participan-en-xvi-encuentro-estatal-de-psicologia\\\/\"},\"author\":{\"name\":\"Campus Tijuana\",\"@id\":\"https:\\\/\\\/www.cetys.mx\\\/noticias\\\/#\\\/schema\\\/person\\\/e790051ce60e18ae47cfa87011c8653f\"},\"headline\":\"Acad\u00e9micos de CETYS Tijuana participan en XVI Encuentro Estatal de Psicolog\u00eda\",\"datePublished\":\"2023-11-07T01:30:10+00:00\",\"dateModified\":\"2023-11-07T01:35:19+00:00\",\"mainEntityOfPage\":{\"@id\":\"https:\\\/\\\/www.cetys.mx\\\/noticias\\\/academicos-de-cetys-tijuana-participan-en-xvi-encuentro-estatal-de-psicologia\\\/\"},\"wordCount\":500,\"commentCount\":0,\"image\":{\"@id\":\"https:\\\/\\\/www.cetys.mx\\\/noticias\\\/academicos-de-cetys-tijuana-participan-en-xvi-encuentro-estatal-de-psicologia\\\/#primaryimage\"},\"thumbnailUrl\":\"https:\\\/\\\/www.cetys.mx\\\/noticias\\\/wp-content\\\/uploads\\\/2023\\\/11\\\/docentes-cetys-en-CNEIP.png\",\"keywords\":[\"campustijuana\",\"PsicologiaClinica\",\"psicologiainfantil\",\"Psicolog\u00edaOrganizacional\"],\"articleSection\":[\"Campus Tijuana\",\"Profesional\"],\"inLanguage\":\"es\",\"potentialAction\":[{\"@type\":\"CommentAction\",\"name\":\"Comment\",\"target\":[\"https:\\\/\\\/www.cetys.mx\\\/noticias\\\/academicos-de-cetys-tijuana-participan-en-xvi-encuentro-estatal-de-psicologia\\\/#respond\"]}]},{\"@type\":\"WebPage\",\"@id\":\"https:\\\/\\\/www.cetys.mx\\\/noticias\\\/academicos-de-cetys-tijuana-participan-en-xvi-encuentro-estatal-de-psicologia\\\/\",\"url\":\"https:\\\/\\\/www.cetys.mx\\\/noticias\\\/academicos-de-cetys-tijuana-participan-en-xvi-encuentro-estatal-de-psicologia\\\/\",\"name\":\"Acad\u00e9micos de CETYS Tijuana participan en XVI Encuentro Estatal de Psicolog\u00eda - CETYS\",\"isPartOf\":{\"@id\":\"https:\\\/\\\/www.cetys.mx\\\/noticias\\\/#website\"},\"primaryImageOfPage\":{\"@id\":\"https:\\\/\\\/www.cetys.mx\\\/noticias\\\/academicos-de-cetys-tijuana-participan-en-xvi-encuentro-estatal-de-psicologia\\\/#primaryimage\"},\"image\":{\"@id\":\"https:\\\/\\\/www.cetys.mx\\\/noticias\\\/academicos-de-cetys-tijuana-participan-en-xvi-encuentro-estatal-de-psicologia\\\/#primaryimage\"},\"thumbnailUrl\":\"https:\\\/\\\/www.cetys.mx\\\/noticias\\\/wp-content\\\/uploads\\\/2023\\\/11\\\/docentes-cetys-en-CNEIP.png\",\"datePublished\":\"2023-11-07T01:30:10+00:00\",\"dateModified\":\"2023-11-07T01:35:19+00:00\",\"author\":{\"@id\":\"https:\\\/\\\/www.cetys.mx\\\/noticias\\\/#\\\/schema\\\/person\\\/e790051ce60e18ae47cfa87011c8653f\"},\"description\":\"Articulo sobre Acad\u00e9micos de CETYS Tijuana participan en XVI Encuentro Estatal de Psicolog\u00eda\",\"breadcrumb\":{\"@id\":\"https:\\\/\\\/www.cetys.mx\\\/noticias\\\/academicos-de-cetys-tijuana-participan-en-xvi-encuentro-estatal-de-psicologia\\\/#breadcrumb\"},\"inLanguage\":\"es\",\"potentialAction\":[{\"@type\":\"ReadAction\",\"target\":[\"https:\\\/\\\/www.cetys.mx\\\/noticias\\\/academicos-de-cetys-tijuana-participan-en-xvi-encuentro-estatal-de-psicologia\\\/\"]}]},{\"@type\":\"ImageObject\",\"inLanguage\":\"es\",\"@id\":\"https:\\\/\\\/www.cetys.mx\\\/noticias\\\/academicos-de-cetys-tijuana-participan-en-xvi-encuentro-estatal-de-psicologia\\\/#primaryimage\",\"url\":\"https:\\\/\\\/www.cetys.mx\\\/noticias\\\/wp-content\\\/uploads\\\/2023\\\/11\\\/docentes-cetys-en-CNEIP.png\",\"contentUrl\":\"https:\\\/\\\/www.cetys.mx\\\/noticias\\\/wp-content\\\/uploads\\\/2023\\\/11\\\/docentes-cetys-en-CNEIP.png\",\"width\":958,\"height\":637},{\"@type\":\"BreadcrumbList\",\"@id\":\"https:\\\/\\\/www.cetys.mx\\\/noticias\\\/academicos-de-cetys-tijuana-participan-en-xvi-encuentro-estatal-de-psicologia\\\/#breadcrumb\",\"itemListElement\":[{\"@type\":\"ListItem\",\"position\":1,\"name\":\"Inicio\",\"item\":\"https:\\\/\\\/www.cetys.mx\\\/noticias\\\/\"},{\"@type\":\"ListItem\",\"position\":2,\"name\":\"Acad\u00e9micos de CETYS Tijuana participan en XVI Encuentro Estatal de Psicolog\u00eda\"}]},{\"@type\":\"WebSite\",\"@id\":\"https:\\\/\\\/www.cetys.mx\\\/noticias\\\/#website\",\"url\":\"https:\\\/\\\/www.cetys.mx\\\/noticias\\\/\",\"name\":\"CETYS\",\"description\":\"\",\"potentialAction\":[{\"@type\":\"SearchAction\",\"target\":{\"@type\":\"EntryPoint\",\"urlTemplate\":\"https:\\\/\\\/www.cetys.mx\\\/noticias\\\/?s={search_term_string}\"},\"query-input\":{\"@type\":\"PropertyValueSpecification\",\"valueRequired\":true,\"valueName\":\"search_term_string\"}}],\"inLanguage\":\"es\"},{\"@type\":\"Person\",\"@id\":\"https:\\\/\\\/www.cetys.mx\\\/noticias\\\/#\\\/schema\\\/person\\\/e790051ce60e18ae47cfa87011c8653f\",\"name\":\"Campus Tijuana\",\"url\":\"https:\\\/\\\/www.cetys.mx\\\/noticias\\\/author\\\/campustijuana\\\/\"}]}<\/script>\n<!-- \/ Yoast SEO plugin. -->","yoast_head_json":{"title":"Acad\u00e9micos de CETYS Tijuana participan en XVI Encuentro Estatal de Psicolog\u00eda - CETYS","description":"Articulo sobre Acad\u00e9micos de CETYS Tijuana participan en XVI Encuentro Estatal de Psicolog\u00eda","robots":{"index":"index","follow":"follow","max-snippet":"max-snippet:-1","max-image-preview":"max-image-preview:large","max-video-preview":"max-video-preview:-1"},"canonical":"https:\/\/www.cetys.mx\/noticias\/academicos-de-cetys-tijuana-participan-en-xvi-encuentro-estatal-de-psicologia\/","og_locale":"es_MX","og_type":"article","og_title":"Acad\u00e9micos de CETYS Tijuana participan en XVI Encuentro Estatal de Psicolog\u00eda - CETYS","og_description":"Articulo sobre Acad\u00e9micos de CETYS Tijuana participan en XVI Encuentro Estatal de Psicolog\u00eda","og_url":"https:\/\/www.cetys.mx\/noticias\/academicos-de-cetys-tijuana-participan-en-xvi-encuentro-estatal-de-psicologia\/","og_site_name":"CETYS","article_publisher":"https:\/\/www.facebook.com\/cetysuniversidadmxl\/","article_published_time":"2023-11-07T01:30:10+00:00","article_modified_time":"2023-11-07T01:35:19+00:00","og_image":[{"width":958,"height":637,"url":"https:\/\/www.cetys.mx\/noticias\/wp-content\/uploads\/2023\/11\/docentes-cetys-en-CNEIP.png","type":"image\/png"}],"author":"Campus Tijuana","twitter_card":"summary_large_image","twitter_creator":"@cetysuni","twitter_site":"@cetysuni","twitter_misc":{"Escrito por":"Campus Tijuana","Tiempo de lectura":"2 minutos"},"schema":{"@context":"https:\/\/schema.org","@graph":[{"@type":"Article","@id":"https:\/\/www.cetys.mx\/noticias\/academicos-de-cetys-tijuana-participan-en-xvi-encuentro-estatal-de-psicologia\/#article","isPartOf":{"@id":"https:\/\/www.cetys.mx\/noticias\/academicos-de-cetys-tijuana-participan-en-xvi-encuentro-estatal-de-psicologia\/"},"author":{"name":"Campus Tijuana","@id":"https:\/\/www.cetys.mx\/noticias\/#\/schema\/person\/e790051ce60e18ae47cfa87011c8653f"},"headline":"Acad\u00e9micos de CETYS Tijuana participan en XVI Encuentro Estatal de Psicolog\u00eda","datePublished":"2023-11-07T01:30:10+00:00","dateModified":"2023-11-07T01:35:19+00:00","mainEntityOfPage":{"@id":"https:\/\/www.cetys.mx\/noticias\/academicos-de-cetys-tijuana-participan-en-xvi-encuentro-estatal-de-psicologia\/"},"wordCount":500,"commentCount":0,"image":{"@id":"https:\/\/www.cetys.mx\/noticias\/academicos-de-cetys-tijuana-participan-en-xvi-encuentro-estatal-de-psicologia\/#primaryimage"},"thumbnailUrl":"https:\/\/www.cetys.mx\/noticias\/wp-content\/uploads\/2023\/11\/docentes-cetys-en-CNEIP.png","keywords":["campustijuana","PsicologiaClinica","psicologiainfantil","Psicolog\u00edaOrganizacional"],"articleSection":["Campus Tijuana","Profesional"],"inLanguage":"es","potentialAction":[{"@type":"CommentAction","name":"Comment","target":["https:\/\/www.cetys.mx\/noticias\/academicos-de-cetys-tijuana-participan-en-xvi-encuentro-estatal-de-psicologia\/#respond"]}]},{"@type":"WebPage","@id":"https:\/\/www.cetys.mx\/noticias\/academicos-de-cetys-tijuana-participan-en-xvi-encuentro-estatal-de-psicologia\/","url":"https:\/\/www.cetys.mx\/noticias\/academicos-de-cetys-tijuana-participan-en-xvi-encuentro-estatal-de-psicologia\/","name":"Acad\u00e9micos de CETYS Tijuana participan en XVI Encuentro Estatal de Psicolog\u00eda - CETYS","isPartOf":{"@id":"https:\/\/www.cetys.mx\/noticias\/#website"},"primaryImageOfPage":{"@id":"https:\/\/www.cetys.mx\/noticias\/academicos-de-cetys-tijuana-participan-en-xvi-encuentro-estatal-de-psicologia\/#primaryimage"},"image":{"@id":"https:\/\/www.cetys.mx\/noticias\/academicos-de-cetys-tijuana-participan-en-xvi-encuentro-estatal-de-psicologia\/#primaryimage"},"thumbnailUrl":"https:\/\/www.cetys.mx\/noticias\/wp-content\/uploads\/2023\/11\/docentes-cetys-en-CNEIP.png","datePublished":"2023-11-07T01:30:10+00:00","dateModified":"2023-11-07T01:35:19+00:00","author":{"@id":"https:\/\/www.cetys.mx\/noticias\/#\/schema\/person\/e790051ce60e18ae47cfa87011c8653f"},"description":"Articulo sobre Acad\u00e9micos de CETYS Tijuana participan en XVI Encuentro Estatal de Psicolog\u00eda","breadcrumb":{"@id":"https:\/\/www.cetys.mx\/noticias\/academicos-de-cetys-tijuana-participan-en-xvi-encuentro-estatal-de-psicologia\/#breadcrumb"},"inLanguage":"es","potentialAction":[{"@type":"ReadAction","target":["https:\/\/www.cetys.mx\/noticias\/academicos-de-cetys-tijuana-participan-en-xvi-encuentro-estatal-de-psicologia\/"]}]},{"@type":"ImageObject","inLanguage":"es","@id":"https:\/\/www.cetys.mx\/noticias\/academicos-de-cetys-tijuana-participan-en-xvi-encuentro-estatal-de-psicologia\/#primaryimage","url":"https:\/\/www.cetys.mx\/noticias\/wp-content\/uploads\/2023\/11\/docentes-cetys-en-CNEIP.png","contentUrl":"https:\/\/www.cetys.mx\/noticias\/wp-content\/uploads\/2023\/11\/docentes-cetys-en-CNEIP.png","width":958,"height":637},{"@type":"BreadcrumbList","@id":"https:\/\/www.cetys.mx\/noticias\/academicos-de-cetys-tijuana-participan-en-xvi-encuentro-estatal-de-psicologia\/#breadcrumb","itemListElement":[{"@type":"ListItem","position":1,"name":"Inicio","item":"https:\/\/www.cetys.mx\/noticias\/"},{"@type":"ListItem","position":2,"name":"Acad\u00e9micos de CETYS Tijuana participan en XVI Encuentro Estatal de Psicolog\u00eda"}]},{"@type":"WebSite","@id":"https:\/\/www.cetys.mx\/noticias\/#website","url":"https:\/\/www.cetys.mx\/noticias\/","name":"CETYS","description":"","potentialAction":[{"@type":"SearchAction","target":{"@type":"EntryPoint","urlTemplate":"https:\/\/www.cetys.mx\/noticias\/?s={search_term_string}"},"query-input":{"@type":"PropertyValueSpecification","valueRequired":true,"valueName":"search_term_string"}}],"inLanguage":"es"},{"@type":"Person","@id":"https:\/\/www.cetys.mx\/noticias\/#\/schema\/person\/e790051ce60e18ae47cfa87011c8653f","name":"Campus Tijuana","url":"https:\/\/www.cetys.mx\/noticias\/author\/campustijuana\/"}]}},"_links":{"self":[{"href":"https:\/\/www.cetys.mx\/noticias\/wp-json\/wp\/v2\/posts\/177471","targetHints":{"allow":["GET"]}}],"collection":[{"href":"https:\/\/www.cetys.mx\/noticias\/wp-json\/wp\/v2\/posts"}],"about":[{"href":"https:\/\/www.cetys.mx\/noticias\/wp-json\/wp\/v2\/types\/post"}],"author":[{"embeddable":true,"href":"https:\/\/www.cetys.mx\/noticias\/wp-json\/wp\/v2\/users\/24"}],"replies":[{"embeddable":true,"href":"https:\/\/www.cetys.mx\/noticias\/wp-json\/wp\/v2\/comments?post=177471"}],"version-history":[{"count":4,"href":"https:\/\/www.cetys.mx\/noticias\/wp-json\/wp\/v2\/posts\/177471\/revisions"}],"predecessor-version":[{"id":177483,"href":"https:\/\/www.cetys.mx\/noticias\/wp-json\/wp\/v2\/posts\/177471\/revisions\/177483"}],"wp:featuredmedia":[{"embeddable":true,"href":"https:\/\/www.cetys.mx\/noticias\/wp-json\/wp\/v2\/media\/177474"}],"wp:attachment":[{"href":"https:\/\/www.cetys.mx\/noticias\/wp-json\/wp\/v2\/media?parent=177471"}],"wp:term":[{"taxonomy":"category","embeddable":true,"href":"https:\/\/www.cetys.mx\/noticias\/wp-json\/wp\/v2\/categories?post=177471"},{"taxonomy":"post_tag","embeddable":true,"href":"https:\/\/www.cetys.mx\/noticias\/wp-json\/wp\/v2\/tags?post=177471"}],"curies":[{"name":"wp","href":"https:\/\/api.w.org\/{rel}","templated":true}]}}