{"id":177455,"date":"2023-11-06T11:51:10","date_gmt":"2023-11-06T19:51:10","guid":{"rendered":"https:\/\/www.cetys.mx\/noticias\/?p=177455"},"modified":"2023-11-06T11:51:10","modified_gmt":"2023-11-06T19:51:10","slug":"cetys-me-enseno-la-importancia-de-contribuir-a-la-comunidad-y-los-derechos-humanos-miguel-angel-mora","status":"publish","type":"post","link":"https:\/\/www.cetys.mx\/noticias\/cetys-me-enseno-la-importancia-de-contribuir-a-la-comunidad-y-los-derechos-humanos-miguel-angel-mora\/","title":{"rendered":"CETYS me ense\u00f1\u00f3 la importancia de contribuir a la comunidad y los derechos humanos: Miguel Angel Mora"},"content":{"rendered":"<p><span style=\"font-weight: 400;\">El pasado 12 de septiembre <strong>Miguel Angel Mora Marrufo<\/strong> culmin\u00f3 sus labores al frente de la <em>Comisi\u00f3n Estatal de Derechos Humanos en Baja California<\/em>; si bien lleva 15 a\u00f1os trabajando en la defensor\u00eda de los derechos humanos, sus metas de seguir trabajando en favor de los grupos m\u00e1s vulnerables permanecen, hasta llegar a la <em>Organizaci\u00f3n de las Naciones Unidas (ONU).<\/em><\/span><\/p>\n<p><span style=\"font-weight: 400;\"><strong>\u00bfC\u00f3mo influy\u00f3 su paso en CETYS?<\/strong> No solo se trata de su alma mater al egresar de la<strong> Preparatoria CETYS<\/strong> y de la Licenciatura en Negocios Internacionales en Campus Tijuana de 2008. El paso por esta escuela le trajo inspiraci\u00f3n de trabajar en favor de la comunidad y una vez que entr\u00f3 a la defensor\u00eda de derechos humanos, por las personas con mayor desventaja tales como los ni\u00f1os, ni\u00f1as y adolescentes, la poblaci\u00f3n migrante y de la diversidad,\u00a0 as\u00ed como periodistas.<\/span><\/p>\n<blockquote><p><span style=\"font-weight: 400;\">&#8220;Los valores de CETYS me han acompa\u00f1ado en cada paso de mi trayectoria profesional&#8221;, afirma con gratitud. &#8220;Desde el desarrollo del ser humano hasta el crecimiento como profesional,<strong> CETYS<\/strong> me ense\u00f1\u00f3 la importancia de contribuir a la comunidad y generar mejores condiciones de vida para las personas\u201d.<\/span><\/p><\/blockquote>\n<p><span style=\"font-weight: 400;\">Ese esp\u00edritu que se ha fortalecido por su compromiso con la comunidad, que\u00a0 es alimentado por la inspiraci\u00f3n que le genera su familia, tanto su esposa e hijos y as\u00ed consigue impulso para creer en la posibilidad de un futuro mejor, incluso en medio de las condiciones lamentables que enfrenta su pa\u00eds y estado.<\/span><\/p>\n<blockquote><p><span style=\"font-weight: 400;\">&#8220;Es esencial llevar con orgullo y dignidad los principios que adquirimos en CETYS. No se trata solo de alcanzar el \u00e9xito personal, sino de llevar consigo la responsabilidad de hacer de nuestro entorno un lugar m\u00e1s humano y justo&#8221;.<\/span><\/p><\/blockquote>\n<p><span style=\"font-weight: 400;\">El siguiente paso para el <a href=\"https:\/\/www.cetys.mx\/alumni\/\"><strong>CETYS Alumni<\/strong> <\/a>es enfocarse en una agenda de derechos humanos; sin embargo, buscar\u00e1 su sue\u00f1o de trabajar en la ONU, desde un relator y hasta secretario general. <\/span><\/p>\n","protected":false},"excerpt":{"rendered":"<p>El pasado 12 de septiembre Miguel Angel Mora Marrufo culmin\u00f3 sus labores al frente de la Comisi\u00f3n Estatal de Derechos Humanos en&#8230;<\/p>\n","protected":false},"author":24,"featured_media":177456,"comment_status":"open","ping_status":"closed","sticky":false,"template":"","format":"standard","meta":{"footnotes":""},"categories":[107,134],"tags":[909,6477],"class_list":["post-177455","post","type-post","status-publish","format-standard","has-post-thumbnail","hentry","category-alumni","category-campus-tijuana","tag-alumni","tag-negociosinternacionales"],"yoast_head":"<!-- This site is optimized with the Yoast SEO plugin v27.4 - https:\/\/yoast.com\/product\/yoast-seo-wordpress\/ -->\n<title>CETYS me ense\u00f1\u00f3 la importancia de contribuir a la comunidad y los derechos humanos: Miguel Angel Mora - CETYS<\/title>\n<meta name=\"description\" content=\"Articulo sobre CETYS me ense\u00f1\u00f3 la importancia de contribuir a la comunidad y los derechos humanos: Miguel Angel Mora\" \/>\n<meta name=\"robots\" content=\"index, follow, max-snippet:-1, max-image-preview:large, max-video-preview:-1\" \/>\n<link rel=\"canonical\" href=\"https:\/\/www.cetys.mx\/noticias\/cetys-me-enseno-la-importancia-de-contribuir-a-la-comunidad-y-los-derechos-humanos-miguel-angel-mora\/\" \/>\n<meta property=\"og:locale\" content=\"es_MX\" \/>\n<meta property=\"og:type\" content=\"article\" \/>\n<meta property=\"og:title\" content=\"CETYS me ense\u00f1\u00f3 la importancia de contribuir a la comunidad y los derechos humanos: Miguel Angel Mora - CETYS\" \/>\n<meta property=\"og:description\" content=\"Articulo sobre CETYS me ense\u00f1\u00f3 la importancia de contribuir a la comunidad y los derechos humanos: Miguel Angel Mora\" \/>\n<meta property=\"og:url\" content=\"https:\/\/www.cetys.mx\/noticias\/cetys-me-enseno-la-importancia-de-contribuir-a-la-comunidad-y-los-derechos-humanos-miguel-angel-mora\/\" \/>\n<meta property=\"og:site_name\" content=\"CETYS\" \/>\n<meta property=\"article:publisher\" content=\"https:\/\/www.facebook.com\/cetysuniversidadmxl\/\" \/>\n<meta property=\"article:published_time\" content=\"2023-11-06T19:51:10+00:00\" \/>\n<meta property=\"og:image\" content=\"https:\/\/www.cetys.mx\/noticias\/wp-content\/uploads\/2023\/11\/miguel-angel-mora-alumi-cetys-tijuana.png\" \/>\n\t<meta property=\"og:image:width\" content=\"958\" \/>\n\t<meta property=\"og:image:height\" content=\"637\" \/>\n\t<meta property=\"og:image:type\" content=\"image\/png\" \/>\n<meta name=\"author\" content=\"Campus Tijuana\" \/>\n<meta name=\"twitter:card\" content=\"summary_large_image\" \/>\n<meta name=\"twitter:creator\" content=\"@cetysuni\" \/>\n<meta name=\"twitter:site\" content=\"@cetysuni\" \/>\n<meta name=\"twitter:label1\" content=\"Escrito por\" \/>\n\t<meta name=\"twitter:data1\" content=\"Campus Tijuana\" \/>\n\t<meta name=\"twitter:label2\" content=\"Tiempo de lectura\" \/>\n\t<meta name=\"twitter:data2\" content=\"2 minutos\" \/>\n<script type=\"application\/ld+json\" class=\"yoast-schema-graph\">{\"@context\":\"https:\\\/\\\/schema.org\",\"@graph\":[{\"@type\":\"Article\",\"@id\":\"https:\\\/\\\/www.cetys.mx\\\/noticias\\\/cetys-me-enseno-la-importancia-de-contribuir-a-la-comunidad-y-los-derechos-humanos-miguel-angel-mora\\\/#article\",\"isPartOf\":{\"@id\":\"https:\\\/\\\/www.cetys.mx\\\/noticias\\\/cetys-me-enseno-la-importancia-de-contribuir-a-la-comunidad-y-los-derechos-humanos-miguel-angel-mora\\\/\"},\"author\":{\"name\":\"Campus Tijuana\",\"@id\":\"https:\\\/\\\/www.cetys.mx\\\/noticias\\\/#\\\/schema\\\/person\\\/e790051ce60e18ae47cfa87011c8653f\"},\"headline\":\"CETYS me ense\u00f1\u00f3 la importancia de contribuir a la comunidad y los derechos humanos: Miguel Angel Mora\",\"datePublished\":\"2023-11-06T19:51:10+00:00\",\"mainEntityOfPage\":{\"@id\":\"https:\\\/\\\/www.cetys.mx\\\/noticias\\\/cetys-me-enseno-la-importancia-de-contribuir-a-la-comunidad-y-los-derechos-humanos-miguel-angel-mora\\\/\"},\"wordCount\":344,\"commentCount\":0,\"image\":{\"@id\":\"https:\\\/\\\/www.cetys.mx\\\/noticias\\\/cetys-me-enseno-la-importancia-de-contribuir-a-la-comunidad-y-los-derechos-humanos-miguel-angel-mora\\\/#primaryimage\"},\"thumbnailUrl\":\"https:\\\/\\\/www.cetys.mx\\\/noticias\\\/wp-content\\\/uploads\\\/2023\\\/11\\\/miguel-angel-mora-alumi-cetys-tijuana.png\",\"keywords\":[\"Alumni\",\"NegociosInternacionales\"],\"articleSection\":[\"Alumni\",\"Campus Tijuana\"],\"inLanguage\":\"es\",\"potentialAction\":[{\"@type\":\"CommentAction\",\"name\":\"Comment\",\"target\":[\"https:\\\/\\\/www.cetys.mx\\\/noticias\\\/cetys-me-enseno-la-importancia-de-contribuir-a-la-comunidad-y-los-derechos-humanos-miguel-angel-mora\\\/#respond\"]}]},{\"@type\":\"WebPage\",\"@id\":\"https:\\\/\\\/www.cetys.mx\\\/noticias\\\/cetys-me-enseno-la-importancia-de-contribuir-a-la-comunidad-y-los-derechos-humanos-miguel-angel-mora\\\/\",\"url\":\"https:\\\/\\\/www.cetys.mx\\\/noticias\\\/cetys-me-enseno-la-importancia-de-contribuir-a-la-comunidad-y-los-derechos-humanos-miguel-angel-mora\\\/\",\"name\":\"CETYS me ense\u00f1\u00f3 la importancia de contribuir a la comunidad y los derechos humanos: Miguel Angel Mora - CETYS\",\"isPartOf\":{\"@id\":\"https:\\\/\\\/www.cetys.mx\\\/noticias\\\/#website\"},\"primaryImageOfPage\":{\"@id\":\"https:\\\/\\\/www.cetys.mx\\\/noticias\\\/cetys-me-enseno-la-importancia-de-contribuir-a-la-comunidad-y-los-derechos-humanos-miguel-angel-mora\\\/#primaryimage\"},\"image\":{\"@id\":\"https:\\\/\\\/www.cetys.mx\\\/noticias\\\/cetys-me-enseno-la-importancia-de-contribuir-a-la-comunidad-y-los-derechos-humanos-miguel-angel-mora\\\/#primaryimage\"},\"thumbnailUrl\":\"https:\\\/\\\/www.cetys.mx\\\/noticias\\\/wp-content\\\/uploads\\\/2023\\\/11\\\/miguel-angel-mora-alumi-cetys-tijuana.png\",\"datePublished\":\"2023-11-06T19:51:10+00:00\",\"author\":{\"@id\":\"https:\\\/\\\/www.cetys.mx\\\/noticias\\\/#\\\/schema\\\/person\\\/e790051ce60e18ae47cfa87011c8653f\"},\"description\":\"Articulo sobre CETYS me ense\u00f1\u00f3 la importancia de contribuir a la comunidad y los derechos humanos: Miguel Angel Mora\",\"breadcrumb\":{\"@id\":\"https:\\\/\\\/www.cetys.mx\\\/noticias\\\/cetys-me-enseno-la-importancia-de-contribuir-a-la-comunidad-y-los-derechos-humanos-miguel-angel-mora\\\/#breadcrumb\"},\"inLanguage\":\"es\",\"potentialAction\":[{\"@type\":\"ReadAction\",\"target\":[\"https:\\\/\\\/www.cetys.mx\\\/noticias\\\/cetys-me-enseno-la-importancia-de-contribuir-a-la-comunidad-y-los-derechos-humanos-miguel-angel-mora\\\/\"]}]},{\"@type\":\"ImageObject\",\"inLanguage\":\"es\",\"@id\":\"https:\\\/\\\/www.cetys.mx\\\/noticias\\\/cetys-me-enseno-la-importancia-de-contribuir-a-la-comunidad-y-los-derechos-humanos-miguel-angel-mora\\\/#primaryimage\",\"url\":\"https:\\\/\\\/www.cetys.mx\\\/noticias\\\/wp-content\\\/uploads\\\/2023\\\/11\\\/miguel-angel-mora-alumi-cetys-tijuana.png\",\"contentUrl\":\"https:\\\/\\\/www.cetys.mx\\\/noticias\\\/wp-content\\\/uploads\\\/2023\\\/11\\\/miguel-angel-mora-alumi-cetys-tijuana.png\",\"width\":958,\"height\":637},{\"@type\":\"BreadcrumbList\",\"@id\":\"https:\\\/\\\/www.cetys.mx\\\/noticias\\\/cetys-me-enseno-la-importancia-de-contribuir-a-la-comunidad-y-los-derechos-humanos-miguel-angel-mora\\\/#breadcrumb\",\"itemListElement\":[{\"@type\":\"ListItem\",\"position\":1,\"name\":\"Inicio\",\"item\":\"https:\\\/\\\/www.cetys.mx\\\/noticias\\\/\"},{\"@type\":\"ListItem\",\"position\":2,\"name\":\"CETYS me ense\u00f1\u00f3 la importancia de contribuir a la comunidad y los derechos humanos: Miguel Angel Mora\"}]},{\"@type\":\"WebSite\",\"@id\":\"https:\\\/\\\/www.cetys.mx\\\/noticias\\\/#website\",\"url\":\"https:\\\/\\\/www.cetys.mx\\\/noticias\\\/\",\"name\":\"CETYS\",\"description\":\"\",\"potentialAction\":[{\"@type\":\"SearchAction\",\"target\":{\"@type\":\"EntryPoint\",\"urlTemplate\":\"https:\\\/\\\/www.cetys.mx\\\/noticias\\\/?s={search_term_string}\"},\"query-input\":{\"@type\":\"PropertyValueSpecification\",\"valueRequired\":true,\"valueName\":\"search_term_string\"}}],\"inLanguage\":\"es\"},{\"@type\":\"Person\",\"@id\":\"https:\\\/\\\/www.cetys.mx\\\/noticias\\\/#\\\/schema\\\/person\\\/e790051ce60e18ae47cfa87011c8653f\",\"name\":\"Campus Tijuana\",\"url\":\"https:\\\/\\\/www.cetys.mx\\\/noticias\\\/author\\\/campustijuana\\\/\"}]}<\/script>\n<!-- \/ Yoast SEO plugin. -->","yoast_head_json":{"title":"CETYS me ense\u00f1\u00f3 la importancia de contribuir a la comunidad y los derechos humanos: Miguel Angel Mora - CETYS","description":"Articulo sobre CETYS me ense\u00f1\u00f3 la importancia de contribuir a la comunidad y los derechos humanos: Miguel Angel Mora","robots":{"index":"index","follow":"follow","max-snippet":"max-snippet:-1","max-image-preview":"max-image-preview:large","max-video-preview":"max-video-preview:-1"},"canonical":"https:\/\/www.cetys.mx\/noticias\/cetys-me-enseno-la-importancia-de-contribuir-a-la-comunidad-y-los-derechos-humanos-miguel-angel-mora\/","og_locale":"es_MX","og_type":"article","og_title":"CETYS me ense\u00f1\u00f3 la importancia de contribuir a la comunidad y los derechos humanos: Miguel Angel Mora - CETYS","og_description":"Articulo sobre CETYS me ense\u00f1\u00f3 la importancia de contribuir a la comunidad y los derechos humanos: Miguel Angel Mora","og_url":"https:\/\/www.cetys.mx\/noticias\/cetys-me-enseno-la-importancia-de-contribuir-a-la-comunidad-y-los-derechos-humanos-miguel-angel-mora\/","og_site_name":"CETYS","article_publisher":"https:\/\/www.facebook.com\/cetysuniversidadmxl\/","article_published_time":"2023-11-06T19:51:10+00:00","og_image":[{"width":958,"height":637,"url":"https:\/\/www.cetys.mx\/noticias\/wp-content\/uploads\/2023\/11\/miguel-angel-mora-alumi-cetys-tijuana.png","type":"image\/png"}],"author":"Campus Tijuana","twitter_card":"summary_large_image","twitter_creator":"@cetysuni","twitter_site":"@cetysuni","twitter_misc":{"Escrito por":"Campus Tijuana","Tiempo de lectura":"2 minutos"},"schema":{"@context":"https:\/\/schema.org","@graph":[{"@type":"Article","@id":"https:\/\/www.cetys.mx\/noticias\/cetys-me-enseno-la-importancia-de-contribuir-a-la-comunidad-y-los-derechos-humanos-miguel-angel-mora\/#article","isPartOf":{"@id":"https:\/\/www.cetys.mx\/noticias\/cetys-me-enseno-la-importancia-de-contribuir-a-la-comunidad-y-los-derechos-humanos-miguel-angel-mora\/"},"author":{"name":"Campus Tijuana","@id":"https:\/\/www.cetys.mx\/noticias\/#\/schema\/person\/e790051ce60e18ae47cfa87011c8653f"},"headline":"CETYS me ense\u00f1\u00f3 la importancia de contribuir a la comunidad y los derechos humanos: Miguel Angel Mora","datePublished":"2023-11-06T19:51:10+00:00","mainEntityOfPage":{"@id":"https:\/\/www.cetys.mx\/noticias\/cetys-me-enseno-la-importancia-de-contribuir-a-la-comunidad-y-los-derechos-humanos-miguel-angel-mora\/"},"wordCount":344,"commentCount":0,"image":{"@id":"https:\/\/www.cetys.mx\/noticias\/cetys-me-enseno-la-importancia-de-contribuir-a-la-comunidad-y-los-derechos-humanos-miguel-angel-mora\/#primaryimage"},"thumbnailUrl":"https:\/\/www.cetys.mx\/noticias\/wp-content\/uploads\/2023\/11\/miguel-angel-mora-alumi-cetys-tijuana.png","keywords":["Alumni","NegociosInternacionales"],"articleSection":["Alumni","Campus Tijuana"],"inLanguage":"es","potentialAction":[{"@type":"CommentAction","name":"Comment","target":["https:\/\/www.cetys.mx\/noticias\/cetys-me-enseno-la-importancia-de-contribuir-a-la-comunidad-y-los-derechos-humanos-miguel-angel-mora\/#respond"]}]},{"@type":"WebPage","@id":"https:\/\/www.cetys.mx\/noticias\/cetys-me-enseno-la-importancia-de-contribuir-a-la-comunidad-y-los-derechos-humanos-miguel-angel-mora\/","url":"https:\/\/www.cetys.mx\/noticias\/cetys-me-enseno-la-importancia-de-contribuir-a-la-comunidad-y-los-derechos-humanos-miguel-angel-mora\/","name":"CETYS me ense\u00f1\u00f3 la importancia de contribuir a la comunidad y los derechos humanos: Miguel Angel Mora - CETYS","isPartOf":{"@id":"https:\/\/www.cetys.mx\/noticias\/#website"},"primaryImageOfPage":{"@id":"https:\/\/www.cetys.mx\/noticias\/cetys-me-enseno-la-importancia-de-contribuir-a-la-comunidad-y-los-derechos-humanos-miguel-angel-mora\/#primaryimage"},"image":{"@id":"https:\/\/www.cetys.mx\/noticias\/cetys-me-enseno-la-importancia-de-contribuir-a-la-comunidad-y-los-derechos-humanos-miguel-angel-mora\/#primaryimage"},"thumbnailUrl":"https:\/\/www.cetys.mx\/noticias\/wp-content\/uploads\/2023\/11\/miguel-angel-mora-alumi-cetys-tijuana.png","datePublished":"2023-11-06T19:51:10+00:00","author":{"@id":"https:\/\/www.cetys.mx\/noticias\/#\/schema\/person\/e790051ce60e18ae47cfa87011c8653f"},"description":"Articulo sobre CETYS me ense\u00f1\u00f3 la importancia de contribuir a la comunidad y los derechos humanos: Miguel Angel Mora","breadcrumb":{"@id":"https:\/\/www.cetys.mx\/noticias\/cetys-me-enseno-la-importancia-de-contribuir-a-la-comunidad-y-los-derechos-humanos-miguel-angel-mora\/#breadcrumb"},"inLanguage":"es","potentialAction":[{"@type":"ReadAction","target":["https:\/\/www.cetys.mx\/noticias\/cetys-me-enseno-la-importancia-de-contribuir-a-la-comunidad-y-los-derechos-humanos-miguel-angel-mora\/"]}]},{"@type":"ImageObject","inLanguage":"es","@id":"https:\/\/www.cetys.mx\/noticias\/cetys-me-enseno-la-importancia-de-contribuir-a-la-comunidad-y-los-derechos-humanos-miguel-angel-mora\/#primaryimage","url":"https:\/\/www.cetys.mx\/noticias\/wp-content\/uploads\/2023\/11\/miguel-angel-mora-alumi-cetys-tijuana.png","contentUrl":"https:\/\/www.cetys.mx\/noticias\/wp-content\/uploads\/2023\/11\/miguel-angel-mora-alumi-cetys-tijuana.png","width":958,"height":637},{"@type":"BreadcrumbList","@id":"https:\/\/www.cetys.mx\/noticias\/cetys-me-enseno-la-importancia-de-contribuir-a-la-comunidad-y-los-derechos-humanos-miguel-angel-mora\/#breadcrumb","itemListElement":[{"@type":"ListItem","position":1,"name":"Inicio","item":"https:\/\/www.cetys.mx\/noticias\/"},{"@type":"ListItem","position":2,"name":"CETYS me ense\u00f1\u00f3 la importancia de contribuir a la comunidad y los derechos humanos: Miguel Angel Mora"}]},{"@type":"WebSite","@id":"https:\/\/www.cetys.mx\/noticias\/#website","url":"https:\/\/www.cetys.mx\/noticias\/","name":"CETYS","description":"","potentialAction":[{"@type":"SearchAction","target":{"@type":"EntryPoint","urlTemplate":"https:\/\/www.cetys.mx\/noticias\/?s={search_term_string}"},"query-input":{"@type":"PropertyValueSpecification","valueRequired":true,"valueName":"search_term_string"}}],"inLanguage":"es"},{"@type":"Person","@id":"https:\/\/www.cetys.mx\/noticias\/#\/schema\/person\/e790051ce60e18ae47cfa87011c8653f","name":"Campus Tijuana","url":"https:\/\/www.cetys.mx\/noticias\/author\/campustijuana\/"}]}},"_links":{"self":[{"href":"https:\/\/www.cetys.mx\/noticias\/wp-json\/wp\/v2\/posts\/177455","targetHints":{"allow":["GET"]}}],"collection":[{"href":"https:\/\/www.cetys.mx\/noticias\/wp-json\/wp\/v2\/posts"}],"about":[{"href":"https:\/\/www.cetys.mx\/noticias\/wp-json\/wp\/v2\/types\/post"}],"author":[{"embeddable":true,"href":"https:\/\/www.cetys.mx\/noticias\/wp-json\/wp\/v2\/users\/24"}],"replies":[{"embeddable":true,"href":"https:\/\/www.cetys.mx\/noticias\/wp-json\/wp\/v2\/comments?post=177455"}],"version-history":[{"count":1,"href":"https:\/\/www.cetys.mx\/noticias\/wp-json\/wp\/v2\/posts\/177455\/revisions"}],"predecessor-version":[{"id":177457,"href":"https:\/\/www.cetys.mx\/noticias\/wp-json\/wp\/v2\/posts\/177455\/revisions\/177457"}],"wp:featuredmedia":[{"embeddable":true,"href":"https:\/\/www.cetys.mx\/noticias\/wp-json\/wp\/v2\/media\/177456"}],"wp:attachment":[{"href":"https:\/\/www.cetys.mx\/noticias\/wp-json\/wp\/v2\/media?parent=177455"}],"wp:term":[{"taxonomy":"category","embeddable":true,"href":"https:\/\/www.cetys.mx\/noticias\/wp-json\/wp\/v2\/categories?post=177455"},{"taxonomy":"post_tag","embeddable":true,"href":"https:\/\/www.cetys.mx\/noticias\/wp-json\/wp\/v2\/tags?post=177455"}],"curies":[{"name":"wp","href":"https:\/\/api.w.org\/{rel}","templated":true}]}}