{"id":177296,"date":"2023-11-01T12:38:27","date_gmt":"2023-11-01T19:38:27","guid":{"rendered":"https:\/\/www.cetys.mx\/noticias\/?p=177296"},"modified":"2023-11-02T10:22:36","modified_gmt":"2023-11-02T17:22:36","slug":"semana-del-emprendimiento-cetys-2023","status":"publish","type":"post","link":"https:\/\/www.cetys.mx\/noticias\/semana-del-emprendimiento-cetys-2023\/","title":{"rendered":"Impulsa CETYS Universidad la Semana del Emprendimiento 2023"},"content":{"rendered":"<p>&nbsp;<\/p>\n<p style=\"text-align: center;\"><em><span style=\"font-weight: 400;\">A llevarse a cabo en los tres campus de CETYS, del 13 al 17 de noviembre en los 3 campus de CETYS.<\/span><\/em><\/p>\n<p>&nbsp;<\/p>\n<p><b>\u00a0<\/b><span style=\"font-weight: 400;\">En fomento a la creaci\u00f3n y al constante impulso que CETYS destina al emprendimiento desarrollado por j\u00f3venes y proyectos nacientes, se celebrar\u00e1 la \u201cSemana del Emprendimiento 2023: Industrias Creativas, Innovaci\u00f3n e Impacto Social\u201d, a llevarse a cabo en los campus Mexicali, Tijuana y Ensenada, del 13 al 17 de noviembre.<\/span><\/p>\n<p><span style=\"font-weight: 400;\">En esta ocasi\u00f3n, se discutir\u00e1 c\u00f3mo la innovaci\u00f3n y el emprendimiento son motores para transformar positivamente el entorno a trav\u00e9s de la generaci\u00f3n de soluciones sostenibles y basadas en la colaboraci\u00f3n, coment\u00f3 la Dra. Guadalupe S\u00e1nchez, Directora del Colegio de Administraci\u00f3n y Negocios del Sistema CETYS Universidad.<\/span><\/p>\n<p><span style=\"font-weight: 400;\">Al evento, se invita a participar a estudiantes, egresados CETYS Alumni, emprendedores y p\u00fablico general a diversas conferencias, charlas magistrales y din\u00e1micas de emprendimiento.<\/span><\/p>\n<p><span style=\"font-weight: 400;\">Entre los t\u00f3picos centrales a destacar se encuentran: emprendimiento en las industrias culturales y creativas; emprendimiento social y compromiso con los grupos vulnerables, as\u00ed como la importancia de la sustentabilidad en los modelos de negocio actuales.<\/span><\/p>\n<p><span style=\"font-weight: 400;\">De igual manera, es misi\u00f3n de este tipo de encuentros generar espacios para aprender, colaborar y buscar inspiraci\u00f3n, destac\u00f3 la Dra. S\u00e1nchez. \u201cLa interacci\u00f3n y la colaboraci\u00f3n son las fuerzas motrices de la innovaci\u00f3n, y la Semana del Emprendimiento es un lugar ideal para establecer conexiones valiosas y vislumbrar proyectos de emprendimiento de alto impacto\u201d.<\/span><\/p>\n<p><span style=\"font-weight: 400;\">La Semana del Emprendimiento es parte del compromiso de CETYS Universidad por\u00a0 impulsar el esp\u00edritu emprendedor de los estudiantes, de alentarlos a ser proactivos y asumir riesgos y ver los desaf\u00edos como oportunidades.<\/span><\/p>\n<p>&nbsp;<\/p>\n<p style=\"text-align: center;\"><span style=\"font-size: 18pt;\"><strong>CONOCE EL CALENDARIO DE ACTIVIDADES<\/strong><\/span><\/p>\n<p style=\"text-align: center;\"><a href=\"https:\/\/www.cetys.mx\/noticias\/wp-content\/uploads\/2023\/11\/CALENDARIO-_-SEMANA-DEL-EMPRENDIMIENTO-1.pdf\"><span style=\"text-decoration: underline;\"><strong>Descarga el calendario dando clic aqu\u00ed<\/strong><\/span><\/a><\/p>\n<p>&nbsp;<\/p>\n<p><a href=\"https:\/\/issuu.com\/cetysuni\/docs\/calendario_semana_del_emprendimiento_1_\">https:\/\/issuu.com\/cetysuni\/docs\/calendario_semana_del_emprendimiento_1_<\/a><\/p>\n<p style=\"text-align: center;\">\n","protected":false},"excerpt":{"rendered":"<p>&nbsp; A llevarse a cabo en los tres campus de CETYS, del 13 al 17 de noviembre en los 3 campus de&#8230;<\/p>\n","protected":false},"author":26,"featured_media":177299,"comment_status":"open","ping_status":"closed","sticky":false,"template":"","format":"standard","meta":{"footnotes":""},"categories":[111,209,125],"tags":[1295,6156],"class_list":["post-177296","post","type-post","status-publish","format-standard","has-post-thumbnail","hentry","category-emprendimiento","category-institucional","category-portada","tag-administracion-y-negocios","tag-semana-del-emprendimiento"],"yoast_head":"<!-- This site is optimized with the Yoast SEO plugin v27.4 - https:\/\/yoast.com\/product\/yoast-seo-wordpress\/ -->\n<title>Impulsa CETYS Universidad la Semana del Emprendimiento 2023 - CETYS<\/title>\n<meta name=\"description\" content=\"A llevarse a cabo en los tres campus de CETYS, del 13 al 17 de noviembre en los 3 campus de CETYS.\" \/>\n<meta name=\"robots\" content=\"index, follow, max-snippet:-1, max-image-preview:large, max-video-preview:-1\" \/>\n<link rel=\"canonical\" href=\"https:\/\/www.cetys.mx\/noticias\/semana-del-emprendimiento-cetys-2023\/\" \/>\n<meta property=\"og:locale\" content=\"es_MX\" \/>\n<meta property=\"og:type\" content=\"article\" \/>\n<meta property=\"og:title\" content=\"Impulsa CETYS Universidad la Semana del Emprendimiento 2023 - CETYS\" \/>\n<meta property=\"og:description\" content=\"A llevarse a cabo en los tres campus de CETYS, del 13 al 17 de noviembre en los 3 campus de CETYS.\" \/>\n<meta property=\"og:url\" content=\"https:\/\/www.cetys.mx\/noticias\/semana-del-emprendimiento-cetys-2023\/\" \/>\n<meta property=\"og:site_name\" content=\"CETYS\" \/>\n<meta property=\"article:publisher\" content=\"https:\/\/www.facebook.com\/cetysuniversidadmxl\/\" \/>\n<meta property=\"article:published_time\" content=\"2023-11-01T19:38:27+00:00\" \/>\n<meta property=\"article:modified_time\" content=\"2023-11-02T17:22:36+00:00\" \/>\n<meta property=\"og:image\" content=\"https:\/\/www.cetys.mx\/noticias\/wp-content\/uploads\/2023\/11\/CETYS_SE23-PortadaNota_1.png\" \/>\n\t<meta property=\"og:image:width\" content=\"1996\" \/>\n\t<meta property=\"og:image:height\" content=\"1328\" \/>\n\t<meta property=\"og:image:type\" content=\"image\/png\" \/>\n<meta name=\"author\" content=\"CETYS Institucional\" \/>\n<meta name=\"twitter:card\" content=\"summary_large_image\" \/>\n<meta name=\"twitter:creator\" content=\"@cetysuni\" \/>\n<meta name=\"twitter:site\" content=\"@cetysuni\" \/>\n<meta name=\"twitter:label1\" content=\"Escrito por\" \/>\n\t<meta name=\"twitter:data1\" content=\"CETYS Institucional\" \/>\n\t<meta name=\"twitter:label2\" content=\"Tiempo de lectura\" \/>\n\t<meta name=\"twitter:data2\" content=\"2 minutos\" \/>\n<script type=\"application\/ld+json\" class=\"yoast-schema-graph\">{\"@context\":\"https:\\\/\\\/schema.org\",\"@graph\":[{\"@type\":\"Article\",\"@id\":\"https:\\\/\\\/www.cetys.mx\\\/noticias\\\/semana-del-emprendimiento-cetys-2023\\\/#article\",\"isPartOf\":{\"@id\":\"https:\\\/\\\/www.cetys.mx\\\/noticias\\\/semana-del-emprendimiento-cetys-2023\\\/\"},\"author\":{\"name\":\"CETYS Institucional\",\"@id\":\"https:\\\/\\\/www.cetys.mx\\\/noticias\\\/#\\\/schema\\\/person\\\/e9d2b35265b64aa454df57a2828eb2ac\"},\"headline\":\"Impulsa CETYS Universidad la Semana del Emprendimiento 2023\",\"datePublished\":\"2023-11-01T19:38:27+00:00\",\"dateModified\":\"2023-11-02T17:22:36+00:00\",\"mainEntityOfPage\":{\"@id\":\"https:\\\/\\\/www.cetys.mx\\\/noticias\\\/semana-del-emprendimiento-cetys-2023\\\/\"},\"wordCount\":316,\"commentCount\":0,\"image\":{\"@id\":\"https:\\\/\\\/www.cetys.mx\\\/noticias\\\/semana-del-emprendimiento-cetys-2023\\\/#primaryimage\"},\"thumbnailUrl\":\"https:\\\/\\\/www.cetys.mx\\\/noticias\\\/wp-content\\\/uploads\\\/2023\\\/11\\\/CETYS_SE23-PortadaNota_1.png\",\"keywords\":[\"Administraci\u00f3n y Negocios\",\"Semana del Emprendimiento\"],\"articleSection\":[\"Emprendimiento\",\"Institucional\",\"Portada\"],\"inLanguage\":\"es\",\"potentialAction\":[{\"@type\":\"CommentAction\",\"name\":\"Comment\",\"target\":[\"https:\\\/\\\/www.cetys.mx\\\/noticias\\\/semana-del-emprendimiento-cetys-2023\\\/#respond\"]}]},{\"@type\":\"WebPage\",\"@id\":\"https:\\\/\\\/www.cetys.mx\\\/noticias\\\/semana-del-emprendimiento-cetys-2023\\\/\",\"url\":\"https:\\\/\\\/www.cetys.mx\\\/noticias\\\/semana-del-emprendimiento-cetys-2023\\\/\",\"name\":\"Impulsa CETYS Universidad la Semana del Emprendimiento 2023 - CETYS\",\"isPartOf\":{\"@id\":\"https:\\\/\\\/www.cetys.mx\\\/noticias\\\/#website\"},\"primaryImageOfPage\":{\"@id\":\"https:\\\/\\\/www.cetys.mx\\\/noticias\\\/semana-del-emprendimiento-cetys-2023\\\/#primaryimage\"},\"image\":{\"@id\":\"https:\\\/\\\/www.cetys.mx\\\/noticias\\\/semana-del-emprendimiento-cetys-2023\\\/#primaryimage\"},\"thumbnailUrl\":\"https:\\\/\\\/www.cetys.mx\\\/noticias\\\/wp-content\\\/uploads\\\/2023\\\/11\\\/CETYS_SE23-PortadaNota_1.png\",\"datePublished\":\"2023-11-01T19:38:27+00:00\",\"dateModified\":\"2023-11-02T17:22:36+00:00\",\"author\":{\"@id\":\"https:\\\/\\\/www.cetys.mx\\\/noticias\\\/#\\\/schema\\\/person\\\/e9d2b35265b64aa454df57a2828eb2ac\"},\"description\":\"A llevarse a cabo en los tres campus de CETYS, del 13 al 17 de noviembre en los 3 campus de CETYS.\",\"breadcrumb\":{\"@id\":\"https:\\\/\\\/www.cetys.mx\\\/noticias\\\/semana-del-emprendimiento-cetys-2023\\\/#breadcrumb\"},\"inLanguage\":\"es\",\"potentialAction\":[{\"@type\":\"ReadAction\",\"target\":[\"https:\\\/\\\/www.cetys.mx\\\/noticias\\\/semana-del-emprendimiento-cetys-2023\\\/\"]}]},{\"@type\":\"ImageObject\",\"inLanguage\":\"es\",\"@id\":\"https:\\\/\\\/www.cetys.mx\\\/noticias\\\/semana-del-emprendimiento-cetys-2023\\\/#primaryimage\",\"url\":\"https:\\\/\\\/www.cetys.mx\\\/noticias\\\/wp-content\\\/uploads\\\/2023\\\/11\\\/CETYS_SE23-PortadaNota_1.png\",\"contentUrl\":\"https:\\\/\\\/www.cetys.mx\\\/noticias\\\/wp-content\\\/uploads\\\/2023\\\/11\\\/CETYS_SE23-PortadaNota_1.png\",\"width\":1996,\"height\":1328},{\"@type\":\"BreadcrumbList\",\"@id\":\"https:\\\/\\\/www.cetys.mx\\\/noticias\\\/semana-del-emprendimiento-cetys-2023\\\/#breadcrumb\",\"itemListElement\":[{\"@type\":\"ListItem\",\"position\":1,\"name\":\"Inicio\",\"item\":\"https:\\\/\\\/www.cetys.mx\\\/noticias\\\/\"},{\"@type\":\"ListItem\",\"position\":2,\"name\":\"Impulsa CETYS Universidad la Semana del Emprendimiento 2023\"}]},{\"@type\":\"WebSite\",\"@id\":\"https:\\\/\\\/www.cetys.mx\\\/noticias\\\/#website\",\"url\":\"https:\\\/\\\/www.cetys.mx\\\/noticias\\\/\",\"name\":\"CETYS\",\"description\":\"\",\"potentialAction\":[{\"@type\":\"SearchAction\",\"target\":{\"@type\":\"EntryPoint\",\"urlTemplate\":\"https:\\\/\\\/www.cetys.mx\\\/noticias\\\/?s={search_term_string}\"},\"query-input\":{\"@type\":\"PropertyValueSpecification\",\"valueRequired\":true,\"valueName\":\"search_term_string\"}}],\"inLanguage\":\"es\"},{\"@type\":\"Person\",\"@id\":\"https:\\\/\\\/www.cetys.mx\\\/noticias\\\/#\\\/schema\\\/person\\\/e9d2b35265b64aa454df57a2828eb2ac\",\"name\":\"CETYS Institucional\",\"url\":\"https:\\\/\\\/www.cetys.mx\\\/noticias\\\/author\\\/cetysinstitucional\\\/\"}]}<\/script>\n<!-- \/ Yoast SEO plugin. -->","yoast_head_json":{"title":"Impulsa CETYS Universidad la Semana del Emprendimiento 2023 - CETYS","description":"A llevarse a cabo en los tres campus de CETYS, del 13 al 17 de noviembre en los 3 campus de CETYS.","robots":{"index":"index","follow":"follow","max-snippet":"max-snippet:-1","max-image-preview":"max-image-preview:large","max-video-preview":"max-video-preview:-1"},"canonical":"https:\/\/www.cetys.mx\/noticias\/semana-del-emprendimiento-cetys-2023\/","og_locale":"es_MX","og_type":"article","og_title":"Impulsa CETYS Universidad la Semana del Emprendimiento 2023 - CETYS","og_description":"A llevarse a cabo en los tres campus de CETYS, del 13 al 17 de noviembre en los 3 campus de CETYS.","og_url":"https:\/\/www.cetys.mx\/noticias\/semana-del-emprendimiento-cetys-2023\/","og_site_name":"CETYS","article_publisher":"https:\/\/www.facebook.com\/cetysuniversidadmxl\/","article_published_time":"2023-11-01T19:38:27+00:00","article_modified_time":"2023-11-02T17:22:36+00:00","og_image":[{"width":1996,"height":1328,"url":"https:\/\/www.cetys.mx\/noticias\/wp-content\/uploads\/2023\/11\/CETYS_SE23-PortadaNota_1.png","type":"image\/png"}],"author":"CETYS Institucional","twitter_card":"summary_large_image","twitter_creator":"@cetysuni","twitter_site":"@cetysuni","twitter_misc":{"Escrito por":"CETYS Institucional","Tiempo de lectura":"2 minutos"},"schema":{"@context":"https:\/\/schema.org","@graph":[{"@type":"Article","@id":"https:\/\/www.cetys.mx\/noticias\/semana-del-emprendimiento-cetys-2023\/#article","isPartOf":{"@id":"https:\/\/www.cetys.mx\/noticias\/semana-del-emprendimiento-cetys-2023\/"},"author":{"name":"CETYS Institucional","@id":"https:\/\/www.cetys.mx\/noticias\/#\/schema\/person\/e9d2b35265b64aa454df57a2828eb2ac"},"headline":"Impulsa CETYS Universidad la Semana del Emprendimiento 2023","datePublished":"2023-11-01T19:38:27+00:00","dateModified":"2023-11-02T17:22:36+00:00","mainEntityOfPage":{"@id":"https:\/\/www.cetys.mx\/noticias\/semana-del-emprendimiento-cetys-2023\/"},"wordCount":316,"commentCount":0,"image":{"@id":"https:\/\/www.cetys.mx\/noticias\/semana-del-emprendimiento-cetys-2023\/#primaryimage"},"thumbnailUrl":"https:\/\/www.cetys.mx\/noticias\/wp-content\/uploads\/2023\/11\/CETYS_SE23-PortadaNota_1.png","keywords":["Administraci\u00f3n y Negocios","Semana del Emprendimiento"],"articleSection":["Emprendimiento","Institucional","Portada"],"inLanguage":"es","potentialAction":[{"@type":"CommentAction","name":"Comment","target":["https:\/\/www.cetys.mx\/noticias\/semana-del-emprendimiento-cetys-2023\/#respond"]}]},{"@type":"WebPage","@id":"https:\/\/www.cetys.mx\/noticias\/semana-del-emprendimiento-cetys-2023\/","url":"https:\/\/www.cetys.mx\/noticias\/semana-del-emprendimiento-cetys-2023\/","name":"Impulsa CETYS Universidad la Semana del Emprendimiento 2023 - CETYS","isPartOf":{"@id":"https:\/\/www.cetys.mx\/noticias\/#website"},"primaryImageOfPage":{"@id":"https:\/\/www.cetys.mx\/noticias\/semana-del-emprendimiento-cetys-2023\/#primaryimage"},"image":{"@id":"https:\/\/www.cetys.mx\/noticias\/semana-del-emprendimiento-cetys-2023\/#primaryimage"},"thumbnailUrl":"https:\/\/www.cetys.mx\/noticias\/wp-content\/uploads\/2023\/11\/CETYS_SE23-PortadaNota_1.png","datePublished":"2023-11-01T19:38:27+00:00","dateModified":"2023-11-02T17:22:36+00:00","author":{"@id":"https:\/\/www.cetys.mx\/noticias\/#\/schema\/person\/e9d2b35265b64aa454df57a2828eb2ac"},"description":"A llevarse a cabo en los tres campus de CETYS, del 13 al 17 de noviembre en los 3 campus de CETYS.","breadcrumb":{"@id":"https:\/\/www.cetys.mx\/noticias\/semana-del-emprendimiento-cetys-2023\/#breadcrumb"},"inLanguage":"es","potentialAction":[{"@type":"ReadAction","target":["https:\/\/www.cetys.mx\/noticias\/semana-del-emprendimiento-cetys-2023\/"]}]},{"@type":"ImageObject","inLanguage":"es","@id":"https:\/\/www.cetys.mx\/noticias\/semana-del-emprendimiento-cetys-2023\/#primaryimage","url":"https:\/\/www.cetys.mx\/noticias\/wp-content\/uploads\/2023\/11\/CETYS_SE23-PortadaNota_1.png","contentUrl":"https:\/\/www.cetys.mx\/noticias\/wp-content\/uploads\/2023\/11\/CETYS_SE23-PortadaNota_1.png","width":1996,"height":1328},{"@type":"BreadcrumbList","@id":"https:\/\/www.cetys.mx\/noticias\/semana-del-emprendimiento-cetys-2023\/#breadcrumb","itemListElement":[{"@type":"ListItem","position":1,"name":"Inicio","item":"https:\/\/www.cetys.mx\/noticias\/"},{"@type":"ListItem","position":2,"name":"Impulsa CETYS Universidad la Semana del Emprendimiento 2023"}]},{"@type":"WebSite","@id":"https:\/\/www.cetys.mx\/noticias\/#website","url":"https:\/\/www.cetys.mx\/noticias\/","name":"CETYS","description":"","potentialAction":[{"@type":"SearchAction","target":{"@type":"EntryPoint","urlTemplate":"https:\/\/www.cetys.mx\/noticias\/?s={search_term_string}"},"query-input":{"@type":"PropertyValueSpecification","valueRequired":true,"valueName":"search_term_string"}}],"inLanguage":"es"},{"@type":"Person","@id":"https:\/\/www.cetys.mx\/noticias\/#\/schema\/person\/e9d2b35265b64aa454df57a2828eb2ac","name":"CETYS Institucional","url":"https:\/\/www.cetys.mx\/noticias\/author\/cetysinstitucional\/"}]}},"_links":{"self":[{"href":"https:\/\/www.cetys.mx\/noticias\/wp-json\/wp\/v2\/posts\/177296","targetHints":{"allow":["GET"]}}],"collection":[{"href":"https:\/\/www.cetys.mx\/noticias\/wp-json\/wp\/v2\/posts"}],"about":[{"href":"https:\/\/www.cetys.mx\/noticias\/wp-json\/wp\/v2\/types\/post"}],"author":[{"embeddable":true,"href":"https:\/\/www.cetys.mx\/noticias\/wp-json\/wp\/v2\/users\/26"}],"replies":[{"embeddable":true,"href":"https:\/\/www.cetys.mx\/noticias\/wp-json\/wp\/v2\/comments?post=177296"}],"version-history":[{"count":7,"href":"https:\/\/www.cetys.mx\/noticias\/wp-json\/wp\/v2\/posts\/177296\/revisions"}],"predecessor-version":[{"id":177344,"href":"https:\/\/www.cetys.mx\/noticias\/wp-json\/wp\/v2\/posts\/177296\/revisions\/177344"}],"wp:featuredmedia":[{"embeddable":true,"href":"https:\/\/www.cetys.mx\/noticias\/wp-json\/wp\/v2\/media\/177299"}],"wp:attachment":[{"href":"https:\/\/www.cetys.mx\/noticias\/wp-json\/wp\/v2\/media?parent=177296"}],"wp:term":[{"taxonomy":"category","embeddable":true,"href":"https:\/\/www.cetys.mx\/noticias\/wp-json\/wp\/v2\/categories?post=177296"},{"taxonomy":"post_tag","embeddable":true,"href":"https:\/\/www.cetys.mx\/noticias\/wp-json\/wp\/v2\/tags?post=177296"}],"curies":[{"name":"wp","href":"https:\/\/api.w.org\/{rel}","templated":true}]}}