{"id":177234,"date":"2023-10-31T15:38:43","date_gmt":"2023-10-31T22:38:43","guid":{"rendered":"https:\/\/www.cetys.mx\/noticias\/?p=177234"},"modified":"2023-10-31T15:43:15","modified_gmt":"2023-10-31T22:43:15","slug":"historias-de-terror-contadas-a-alumnos-de-administracion-y-negocios","status":"publish","type":"post","link":"https:\/\/www.cetys.mx\/noticias\/historias-de-terror-contadas-a-alumnos-de-administracion-y-negocios\/","title":{"rendered":"[Galer\u00eda] Historias de terror contadas a alumnos de Administraci\u00f3n y Negocios"},"content":{"rendered":"<p>En la vida profesional se pueden presentar &#8220;historias de terror&#8221; para llegar a casos de \u00e9xito o triunfar laboralmente, con esa intenci\u00f3n se llev\u00f3 a cabo por segundo a\u00f1o una charla con estudiantes de la <em>Escuela de Administraci\u00f3n y Negocios en CETYS Campus Tijuana<\/em>, esto en el marco de la Celebraci\u00f3n de Halloween.<\/p>\n<p>El evento &#8220;Historias de Terror&#8221; tra\u00eddo por la Coordinaci\u00f3n de Inteligencia de Negocios e Innovaci\u00f3n, para alumnos de esta y otras carreras como Adminsitraci\u00f3n de Empresas y Mercadotecnia, se realiz\u00f3 en un auditorio oscuro acorde al halloween.<\/p>\n<p>La primera historia de terror estuvo a cargo del\u00a0<strong>Ing. Steve Bloom\u00a0<\/strong>Director, Engineering Indoff<strong>\u00a0de M\u00e9xico, <\/strong>quien por casi 30 a\u00f1os en M\u00e9xico ha brindado soluciones innoovadoras en tiempo real a sistemas de producci\u00f3n, manejo de materiales, automatizaci\u00f3n y rob\u00f3tica en clientes l\u00edderes, para empresas de la regi\u00f3n e internacionales.<\/p>\n<p style=\"font-weight: 400;\">La segunda historia estuvo a cargo del <strong>C.P. No\u00e9 Morales Meza<\/strong>, <em>Director de Desarrollo de productos en Morz\u00e1n<\/em>, donde resalta su experiencia a cargo de <em>Empleo Nuevo<\/em>, plataforma de b\u00fasqueda de vacantes lider en la regi\u00f3n.<\/p>\n<p>En un intermedio de las conferencias, los alumnos hicieron una presentaci\u00f3n de los disfraces aprovechando la tem\u00e1tica de fin de mes.<\/p>\n","protected":false},"excerpt":{"rendered":"<p>En la vida profesional se pueden presentar &#8220;historias de terror&#8221; para llegar a casos de \u00e9xito o triunfar laboralmente, con esa intenci\u00f3n&#8230;<\/p>\n","protected":false},"author":24,"featured_media":177246,"comment_status":"open","ping_status":"closed","sticky":false,"template":"","format":"gallery","meta":{"footnotes":""},"categories":[134,143,125,306,313],"tags":[],"class_list":["post-177234","post","type-post","status-publish","format-gallery","has-post-thumbnail","hentry","category-campus-tijuana","category-galeria","category-portada","category-profesional","category-vocetys-2","post_format-post-format-gallery"],"yoast_head":"<!-- This site is optimized with the Yoast SEO plugin v27.4 - https:\/\/yoast.com\/product\/yoast-seo-wordpress\/ -->\n<title>[Galer\u00eda] Historias de terror contadas a alumnos de Administraci\u00f3n y Negocios - CETYS<\/title>\n<meta name=\"description\" content=\"Articulo sobre [Galer\u00eda] Historias de terror contadas a alumnos de Administraci\u00f3n y Negocios\" \/>\n<meta name=\"robots\" content=\"index, follow, max-snippet:-1, max-image-preview:large, max-video-preview:-1\" \/>\n<link rel=\"canonical\" href=\"https:\/\/www.cetys.mx\/noticias\/historias-de-terror-contadas-a-alumnos-de-administracion-y-negocios\/\" \/>\n<meta property=\"og:locale\" content=\"es_MX\" \/>\n<meta property=\"og:type\" content=\"article\" \/>\n<meta property=\"og:title\" content=\"[Galer\u00eda] Historias de terror contadas a alumnos de Administraci\u00f3n y Negocios - CETYS\" \/>\n<meta property=\"og:description\" content=\"Articulo sobre [Galer\u00eda] Historias de terror contadas a alumnos de Administraci\u00f3n y Negocios\" \/>\n<meta property=\"og:url\" content=\"https:\/\/www.cetys.mx\/noticias\/historias-de-terror-contadas-a-alumnos-de-administracion-y-negocios\/\" \/>\n<meta property=\"og:site_name\" content=\"CETYS\" \/>\n<meta property=\"article:publisher\" content=\"https:\/\/www.facebook.com\/cetysuniversidadmxl\/\" \/>\n<meta property=\"article:published_time\" content=\"2023-10-31T22:38:43+00:00\" \/>\n<meta property=\"article:modified_time\" content=\"2023-10-31T22:43:15+00:00\" \/>\n<meta property=\"og:image\" content=\"https:\/\/www.cetys.mx\/noticias\/wp-content\/uploads\/2023\/10\/Historias-de-terror-AYN-CETYS-TIjuana-2023.png\" \/>\n\t<meta property=\"og:image:width\" content=\"1200\" \/>\n\t<meta property=\"og:image:height\" content=\"798\" \/>\n\t<meta property=\"og:image:type\" content=\"image\/png\" \/>\n<meta name=\"author\" content=\"Campus Tijuana\" \/>\n<meta name=\"twitter:card\" content=\"summary_large_image\" \/>\n<meta name=\"twitter:creator\" content=\"@cetysuni\" \/>\n<meta name=\"twitter:site\" content=\"@cetysuni\" \/>\n<meta name=\"twitter:label1\" content=\"Escrito por\" \/>\n\t<meta name=\"twitter:data1\" content=\"Campus Tijuana\" \/>\n\t<meta name=\"twitter:label2\" content=\"Tiempo de lectura\" \/>\n\t<meta name=\"twitter:data2\" content=\"1 minuto\" \/>\n<script type=\"application\/ld+json\" class=\"yoast-schema-graph\">{\"@context\":\"https:\\\/\\\/schema.org\",\"@graph\":[{\"@type\":\"Article\",\"@id\":\"https:\\\/\\\/www.cetys.mx\\\/noticias\\\/historias-de-terror-contadas-a-alumnos-de-administracion-y-negocios\\\/#article\",\"isPartOf\":{\"@id\":\"https:\\\/\\\/www.cetys.mx\\\/noticias\\\/historias-de-terror-contadas-a-alumnos-de-administracion-y-negocios\\\/\"},\"author\":{\"name\":\"Campus Tijuana\",\"@id\":\"https:\\\/\\\/www.cetys.mx\\\/noticias\\\/#\\\/schema\\\/person\\\/e790051ce60e18ae47cfa87011c8653f\"},\"headline\":\"[Galer\u00eda] Historias de terror contadas a alumnos de Administraci\u00f3n y Negocios\",\"datePublished\":\"2023-10-31T22:38:43+00:00\",\"dateModified\":\"2023-10-31T22:43:15+00:00\",\"mainEntityOfPage\":{\"@id\":\"https:\\\/\\\/www.cetys.mx\\\/noticias\\\/historias-de-terror-contadas-a-alumnos-de-administracion-y-negocios\\\/\"},\"wordCount\":232,\"commentCount\":0,\"image\":{\"@id\":\"https:\\\/\\\/www.cetys.mx\\\/noticias\\\/historias-de-terror-contadas-a-alumnos-de-administracion-y-negocios\\\/#primaryimage\"},\"thumbnailUrl\":\"https:\\\/\\\/www.cetys.mx\\\/noticias\\\/wp-content\\\/uploads\\\/2023\\\/10\\\/Historias-de-terror-AYN-CETYS-TIjuana-2023.png\",\"articleSection\":[\"Campus Tijuana\",\"Galer\u00eda\",\"Portada\",\"Profesional\",\"VoCETYS\"],\"inLanguage\":\"es\",\"potentialAction\":[{\"@type\":\"CommentAction\",\"name\":\"Comment\",\"target\":[\"https:\\\/\\\/www.cetys.mx\\\/noticias\\\/historias-de-terror-contadas-a-alumnos-de-administracion-y-negocios\\\/#respond\"]}]},{\"@type\":\"WebPage\",\"@id\":\"https:\\\/\\\/www.cetys.mx\\\/noticias\\\/historias-de-terror-contadas-a-alumnos-de-administracion-y-negocios\\\/\",\"url\":\"https:\\\/\\\/www.cetys.mx\\\/noticias\\\/historias-de-terror-contadas-a-alumnos-de-administracion-y-negocios\\\/\",\"name\":\"[Galer\u00eda] Historias de terror contadas a alumnos de Administraci\u00f3n y Negocios - CETYS\",\"isPartOf\":{\"@id\":\"https:\\\/\\\/www.cetys.mx\\\/noticias\\\/#website\"},\"primaryImageOfPage\":{\"@id\":\"https:\\\/\\\/www.cetys.mx\\\/noticias\\\/historias-de-terror-contadas-a-alumnos-de-administracion-y-negocios\\\/#primaryimage\"},\"image\":{\"@id\":\"https:\\\/\\\/www.cetys.mx\\\/noticias\\\/historias-de-terror-contadas-a-alumnos-de-administracion-y-negocios\\\/#primaryimage\"},\"thumbnailUrl\":\"https:\\\/\\\/www.cetys.mx\\\/noticias\\\/wp-content\\\/uploads\\\/2023\\\/10\\\/Historias-de-terror-AYN-CETYS-TIjuana-2023.png\",\"datePublished\":\"2023-10-31T22:38:43+00:00\",\"dateModified\":\"2023-10-31T22:43:15+00:00\",\"author\":{\"@id\":\"https:\\\/\\\/www.cetys.mx\\\/noticias\\\/#\\\/schema\\\/person\\\/e790051ce60e18ae47cfa87011c8653f\"},\"description\":\"Articulo sobre [Galer\u00eda] Historias de terror contadas a alumnos de Administraci\u00f3n y Negocios\",\"breadcrumb\":{\"@id\":\"https:\\\/\\\/www.cetys.mx\\\/noticias\\\/historias-de-terror-contadas-a-alumnos-de-administracion-y-negocios\\\/#breadcrumb\"},\"inLanguage\":\"es\",\"potentialAction\":[{\"@type\":\"ReadAction\",\"target\":[\"https:\\\/\\\/www.cetys.mx\\\/noticias\\\/historias-de-terror-contadas-a-alumnos-de-administracion-y-negocios\\\/\"]}]},{\"@type\":\"ImageObject\",\"inLanguage\":\"es\",\"@id\":\"https:\\\/\\\/www.cetys.mx\\\/noticias\\\/historias-de-terror-contadas-a-alumnos-de-administracion-y-negocios\\\/#primaryimage\",\"url\":\"https:\\\/\\\/www.cetys.mx\\\/noticias\\\/wp-content\\\/uploads\\\/2023\\\/10\\\/Historias-de-terror-AYN-CETYS-TIjuana-2023.png\",\"contentUrl\":\"https:\\\/\\\/www.cetys.mx\\\/noticias\\\/wp-content\\\/uploads\\\/2023\\\/10\\\/Historias-de-terror-AYN-CETYS-TIjuana-2023.png\",\"width\":1200,\"height\":798},{\"@type\":\"BreadcrumbList\",\"@id\":\"https:\\\/\\\/www.cetys.mx\\\/noticias\\\/historias-de-terror-contadas-a-alumnos-de-administracion-y-negocios\\\/#breadcrumb\",\"itemListElement\":[{\"@type\":\"ListItem\",\"position\":1,\"name\":\"Inicio\",\"item\":\"https:\\\/\\\/www.cetys.mx\\\/noticias\\\/\"},{\"@type\":\"ListItem\",\"position\":2,\"name\":\"[Galer\u00eda] Historias de terror contadas a alumnos de Administraci\u00f3n y Negocios\"}]},{\"@type\":\"WebSite\",\"@id\":\"https:\\\/\\\/www.cetys.mx\\\/noticias\\\/#website\",\"url\":\"https:\\\/\\\/www.cetys.mx\\\/noticias\\\/\",\"name\":\"CETYS\",\"description\":\"\",\"potentialAction\":[{\"@type\":\"SearchAction\",\"target\":{\"@type\":\"EntryPoint\",\"urlTemplate\":\"https:\\\/\\\/www.cetys.mx\\\/noticias\\\/?s={search_term_string}\"},\"query-input\":{\"@type\":\"PropertyValueSpecification\",\"valueRequired\":true,\"valueName\":\"search_term_string\"}}],\"inLanguage\":\"es\"},{\"@type\":\"Person\",\"@id\":\"https:\\\/\\\/www.cetys.mx\\\/noticias\\\/#\\\/schema\\\/person\\\/e790051ce60e18ae47cfa87011c8653f\",\"name\":\"Campus Tijuana\",\"url\":\"https:\\\/\\\/www.cetys.mx\\\/noticias\\\/author\\\/campustijuana\\\/\"}]}<\/script>\n<!-- \/ Yoast SEO plugin. -->","yoast_head_json":{"title":"[Galer\u00eda] Historias de terror contadas a alumnos de Administraci\u00f3n y Negocios - CETYS","description":"Articulo sobre [Galer\u00eda] Historias de terror contadas a alumnos de Administraci\u00f3n y Negocios","robots":{"index":"index","follow":"follow","max-snippet":"max-snippet:-1","max-image-preview":"max-image-preview:large","max-video-preview":"max-video-preview:-1"},"canonical":"https:\/\/www.cetys.mx\/noticias\/historias-de-terror-contadas-a-alumnos-de-administracion-y-negocios\/","og_locale":"es_MX","og_type":"article","og_title":"[Galer\u00eda] Historias de terror contadas a alumnos de Administraci\u00f3n y Negocios - CETYS","og_description":"Articulo sobre [Galer\u00eda] Historias de terror contadas a alumnos de Administraci\u00f3n y Negocios","og_url":"https:\/\/www.cetys.mx\/noticias\/historias-de-terror-contadas-a-alumnos-de-administracion-y-negocios\/","og_site_name":"CETYS","article_publisher":"https:\/\/www.facebook.com\/cetysuniversidadmxl\/","article_published_time":"2023-10-31T22:38:43+00:00","article_modified_time":"2023-10-31T22:43:15+00:00","og_image":[{"width":1200,"height":798,"url":"https:\/\/www.cetys.mx\/noticias\/wp-content\/uploads\/2023\/10\/Historias-de-terror-AYN-CETYS-TIjuana-2023.png","type":"image\/png"}],"author":"Campus Tijuana","twitter_card":"summary_large_image","twitter_creator":"@cetysuni","twitter_site":"@cetysuni","twitter_misc":{"Escrito por":"Campus Tijuana","Tiempo de lectura":"1 minuto"},"schema":{"@context":"https:\/\/schema.org","@graph":[{"@type":"Article","@id":"https:\/\/www.cetys.mx\/noticias\/historias-de-terror-contadas-a-alumnos-de-administracion-y-negocios\/#article","isPartOf":{"@id":"https:\/\/www.cetys.mx\/noticias\/historias-de-terror-contadas-a-alumnos-de-administracion-y-negocios\/"},"author":{"name":"Campus Tijuana","@id":"https:\/\/www.cetys.mx\/noticias\/#\/schema\/person\/e790051ce60e18ae47cfa87011c8653f"},"headline":"[Galer\u00eda] Historias de terror contadas a alumnos de Administraci\u00f3n y Negocios","datePublished":"2023-10-31T22:38:43+00:00","dateModified":"2023-10-31T22:43:15+00:00","mainEntityOfPage":{"@id":"https:\/\/www.cetys.mx\/noticias\/historias-de-terror-contadas-a-alumnos-de-administracion-y-negocios\/"},"wordCount":232,"commentCount":0,"image":{"@id":"https:\/\/www.cetys.mx\/noticias\/historias-de-terror-contadas-a-alumnos-de-administracion-y-negocios\/#primaryimage"},"thumbnailUrl":"https:\/\/www.cetys.mx\/noticias\/wp-content\/uploads\/2023\/10\/Historias-de-terror-AYN-CETYS-TIjuana-2023.png","articleSection":["Campus Tijuana","Galer\u00eda","Portada","Profesional","VoCETYS"],"inLanguage":"es","potentialAction":[{"@type":"CommentAction","name":"Comment","target":["https:\/\/www.cetys.mx\/noticias\/historias-de-terror-contadas-a-alumnos-de-administracion-y-negocios\/#respond"]}]},{"@type":"WebPage","@id":"https:\/\/www.cetys.mx\/noticias\/historias-de-terror-contadas-a-alumnos-de-administracion-y-negocios\/","url":"https:\/\/www.cetys.mx\/noticias\/historias-de-terror-contadas-a-alumnos-de-administracion-y-negocios\/","name":"[Galer\u00eda] Historias de terror contadas a alumnos de Administraci\u00f3n y Negocios - CETYS","isPartOf":{"@id":"https:\/\/www.cetys.mx\/noticias\/#website"},"primaryImageOfPage":{"@id":"https:\/\/www.cetys.mx\/noticias\/historias-de-terror-contadas-a-alumnos-de-administracion-y-negocios\/#primaryimage"},"image":{"@id":"https:\/\/www.cetys.mx\/noticias\/historias-de-terror-contadas-a-alumnos-de-administracion-y-negocios\/#primaryimage"},"thumbnailUrl":"https:\/\/www.cetys.mx\/noticias\/wp-content\/uploads\/2023\/10\/Historias-de-terror-AYN-CETYS-TIjuana-2023.png","datePublished":"2023-10-31T22:38:43+00:00","dateModified":"2023-10-31T22:43:15+00:00","author":{"@id":"https:\/\/www.cetys.mx\/noticias\/#\/schema\/person\/e790051ce60e18ae47cfa87011c8653f"},"description":"Articulo sobre [Galer\u00eda] Historias de terror contadas a alumnos de Administraci\u00f3n y Negocios","breadcrumb":{"@id":"https:\/\/www.cetys.mx\/noticias\/historias-de-terror-contadas-a-alumnos-de-administracion-y-negocios\/#breadcrumb"},"inLanguage":"es","potentialAction":[{"@type":"ReadAction","target":["https:\/\/www.cetys.mx\/noticias\/historias-de-terror-contadas-a-alumnos-de-administracion-y-negocios\/"]}]},{"@type":"ImageObject","inLanguage":"es","@id":"https:\/\/www.cetys.mx\/noticias\/historias-de-terror-contadas-a-alumnos-de-administracion-y-negocios\/#primaryimage","url":"https:\/\/www.cetys.mx\/noticias\/wp-content\/uploads\/2023\/10\/Historias-de-terror-AYN-CETYS-TIjuana-2023.png","contentUrl":"https:\/\/www.cetys.mx\/noticias\/wp-content\/uploads\/2023\/10\/Historias-de-terror-AYN-CETYS-TIjuana-2023.png","width":1200,"height":798},{"@type":"BreadcrumbList","@id":"https:\/\/www.cetys.mx\/noticias\/historias-de-terror-contadas-a-alumnos-de-administracion-y-negocios\/#breadcrumb","itemListElement":[{"@type":"ListItem","position":1,"name":"Inicio","item":"https:\/\/www.cetys.mx\/noticias\/"},{"@type":"ListItem","position":2,"name":"[Galer\u00eda] Historias de terror contadas a alumnos de Administraci\u00f3n y Negocios"}]},{"@type":"WebSite","@id":"https:\/\/www.cetys.mx\/noticias\/#website","url":"https:\/\/www.cetys.mx\/noticias\/","name":"CETYS","description":"","potentialAction":[{"@type":"SearchAction","target":{"@type":"EntryPoint","urlTemplate":"https:\/\/www.cetys.mx\/noticias\/?s={search_term_string}"},"query-input":{"@type":"PropertyValueSpecification","valueRequired":true,"valueName":"search_term_string"}}],"inLanguage":"es"},{"@type":"Person","@id":"https:\/\/www.cetys.mx\/noticias\/#\/schema\/person\/e790051ce60e18ae47cfa87011c8653f","name":"Campus Tijuana","url":"https:\/\/www.cetys.mx\/noticias\/author\/campustijuana\/"}]}},"_links":{"self":[{"href":"https:\/\/www.cetys.mx\/noticias\/wp-json\/wp\/v2\/posts\/177234","targetHints":{"allow":["GET"]}}],"collection":[{"href":"https:\/\/www.cetys.mx\/noticias\/wp-json\/wp\/v2\/posts"}],"about":[{"href":"https:\/\/www.cetys.mx\/noticias\/wp-json\/wp\/v2\/types\/post"}],"author":[{"embeddable":true,"href":"https:\/\/www.cetys.mx\/noticias\/wp-json\/wp\/v2\/users\/24"}],"replies":[{"embeddable":true,"href":"https:\/\/www.cetys.mx\/noticias\/wp-json\/wp\/v2\/comments?post=177234"}],"version-history":[{"count":3,"href":"https:\/\/www.cetys.mx\/noticias\/wp-json\/wp\/v2\/posts\/177234\/revisions"}],"predecessor-version":[{"id":177251,"href":"https:\/\/www.cetys.mx\/noticias\/wp-json\/wp\/v2\/posts\/177234\/revisions\/177251"}],"wp:featuredmedia":[{"embeddable":true,"href":"https:\/\/www.cetys.mx\/noticias\/wp-json\/wp\/v2\/media\/177246"}],"wp:attachment":[{"href":"https:\/\/www.cetys.mx\/noticias\/wp-json\/wp\/v2\/media?parent=177234"}],"wp:term":[{"taxonomy":"category","embeddable":true,"href":"https:\/\/www.cetys.mx\/noticias\/wp-json\/wp\/v2\/categories?post=177234"},{"taxonomy":"post_tag","embeddable":true,"href":"https:\/\/www.cetys.mx\/noticias\/wp-json\/wp\/v2\/tags?post=177234"}],"curies":[{"name":"wp","href":"https:\/\/api.w.org\/{rel}","templated":true}]}}