{"id":177030,"date":"2023-10-23T18:16:11","date_gmt":"2023-10-24T01:16:11","guid":{"rendered":"https:\/\/www.cetys.mx\/noticias\/?p=177030"},"modified":"2023-10-23T18:17:18","modified_gmt":"2023-10-24T01:17:18","slug":"estudiantes-se-cortan-cabello-para-una-buena-causa","status":"publish","type":"post","link":"https:\/\/www.cetys.mx\/noticias\/estudiantes-se-cortan-cabello-para-una-buena-causa\/","title":{"rendered":"Estudiantes se cortan cabello para una buena\u00a0causa"},"content":{"rendered":"<p>Por primera vez en<strong>\u00a0CETYS Universidad Campus Tijuana<\/strong>, se invit\u00f3 a la comunidad estudiantil, colaboradores y comunidad a cortarse su cabello para una buena causa. Con esto se comprob\u00f3 el\u00a0esp\u00edritu solidario de alumnas en CETYS que se unieron a la campa\u00f1a en apoyo a la creaci\u00f3n de pelucas oncol\u00f3gicas.<\/p>\n<p>La donaci\u00f3n de cabello no es una tarea f\u00e1cil debido a que el cabello es una parte fundamental de la identidad de muchas personas, especialmente de las mujeres, y es un aspecto que a menudo se relaciona con la belleza y la feminidad. Sin embargo, la empat\u00eda de ellas super\u00f3 la barrera.<\/p>\n<div class=\"gallery-slider-wrapper gallery-1\">\n                        <div class=\"gallery-slider\" itemscope itemtype=\"http:\/\/schema.org\/ImageGallery\"><figure class=\"slide\" itemprop=\"associatedMedia\" itemscope itemtype=\"http:\/\/schema.org\/ImageObject\">\n                    <a itemprop=\"contentUrl\" href=\"https:\/\/www.cetys.mx\/noticias\/wp-content\/uploads\/2023\/10\/donativo-de-cabello-cetys-tijuana-07.png\">\n                        <img decoding=\"async\" itemprop=\"thumbnail\" class=\"lazyOwl\" src=\"https:\/\/www.cetys.mx\/noticias\/wp-content\/plugins\/jmagz-plugin\/assets\/placeholder\/900x450.png\" data-src=\"https:\/\/www.cetys.mx\/noticias\/wp-content\/uploads\/2023\/10\/donativo-de-cabello-cetys-tijuana-07.png\" alt=\"donativo-de-cabello-cetys-tijuana-07\">\n                    <\/a>\n                    <figcaption itemprop=\"caption description\" class=\"slide-caption\">\n                        \n                    <\/figcaption>\n                <\/figure><figure class=\"slide\" itemprop=\"associatedMedia\" itemscope itemtype=\"http:\/\/schema.org\/ImageObject\">\n                    <a itemprop=\"contentUrl\" href=\"https:\/\/www.cetys.mx\/noticias\/wp-content\/uploads\/2023\/10\/donativo-de-cabello-cetys-tijuana-05.png\">\n                        <img decoding=\"async\" itemprop=\"thumbnail\" class=\"lazyOwl\" src=\"https:\/\/www.cetys.mx\/noticias\/wp-content\/plugins\/jmagz-plugin\/assets\/placeholder\/900x450.png\" data-src=\"https:\/\/www.cetys.mx\/noticias\/wp-content\/uploads\/2023\/10\/donativo-de-cabello-cetys-tijuana-05.png\" alt=\"donativo-de-cabello-cetys-tijuana-05\">\n                    <\/a>\n                    <figcaption itemprop=\"caption description\" class=\"slide-caption\">\n                        \n                    <\/figcaption>\n                <\/figure><figure class=\"slide\" itemprop=\"associatedMedia\" itemscope itemtype=\"http:\/\/schema.org\/ImageObject\">\n                    <a itemprop=\"contentUrl\" href=\"https:\/\/www.cetys.mx\/noticias\/wp-content\/uploads\/2023\/10\/donativo-de-cabello-cetys-tijuana-06.png\">\n                        <img decoding=\"async\" itemprop=\"thumbnail\" class=\"lazyOwl\" src=\"https:\/\/www.cetys.mx\/noticias\/wp-content\/plugins\/jmagz-plugin\/assets\/placeholder\/900x450.png\" data-src=\"https:\/\/www.cetys.mx\/noticias\/wp-content\/uploads\/2023\/10\/donativo-de-cabello-cetys-tijuana-06.png\" alt=\"donativo-de-cabello-cetys-tijuana-06\">\n                    <\/a>\n                    <figcaption itemprop=\"caption description\" class=\"slide-caption\">\n                        \n                    <\/figcaption>\n                <\/figure><figure class=\"slide\" itemprop=\"associatedMedia\" itemscope itemtype=\"http:\/\/schema.org\/ImageObject\">\n                    <a itemprop=\"contentUrl\" href=\"https:\/\/www.cetys.mx\/noticias\/wp-content\/uploads\/2023\/10\/donativo-de-cabello-cetys-tijuana-04.png\">\n                        <img decoding=\"async\" itemprop=\"thumbnail\" class=\"lazyOwl\" src=\"https:\/\/www.cetys.mx\/noticias\/wp-content\/plugins\/jmagz-plugin\/assets\/placeholder\/900x450.png\" data-src=\"https:\/\/www.cetys.mx\/noticias\/wp-content\/uploads\/2023\/10\/donativo-de-cabello-cetys-tijuana-04.png\" alt=\"donativo-de-cabello-cetys-tijuana-04\">\n                    <\/a>\n                    <figcaption itemprop=\"caption description\" class=\"slide-caption\">\n                        \n                    <\/figcaption>\n                <\/figure><figure class=\"slide\" itemprop=\"associatedMedia\" itemscope itemtype=\"http:\/\/schema.org\/ImageObject\">\n                    <a itemprop=\"contentUrl\" href=\"https:\/\/www.cetys.mx\/noticias\/wp-content\/uploads\/2023\/10\/donativo-de-cabello-cetys-tijuana-03.png\">\n                        <img decoding=\"async\" itemprop=\"thumbnail\" class=\"lazyOwl\" src=\"https:\/\/www.cetys.mx\/noticias\/wp-content\/plugins\/jmagz-plugin\/assets\/placeholder\/900x450.png\" data-src=\"https:\/\/www.cetys.mx\/noticias\/wp-content\/uploads\/2023\/10\/donativo-de-cabello-cetys-tijuana-03.png\" alt=\"donativo-de-cabello-cetys-tijuana-03\">\n                    <\/a>\n                    <figcaption itemprop=\"caption description\" class=\"slide-caption\">\n                        \n                    <\/figcaption>\n                <\/figure><figure class=\"slide\" itemprop=\"associatedMedia\" itemscope itemtype=\"http:\/\/schema.org\/ImageObject\">\n                    <a itemprop=\"contentUrl\" href=\"https:\/\/www.cetys.mx\/noticias\/wp-content\/uploads\/2023\/10\/donativo-de-cabello-cetys-tijuana-02.png\">\n                        <img decoding=\"async\" itemprop=\"thumbnail\" class=\"lazyOwl\" src=\"https:\/\/www.cetys.mx\/noticias\/wp-content\/plugins\/jmagz-plugin\/assets\/placeholder\/900x450.png\" data-src=\"https:\/\/www.cetys.mx\/noticias\/wp-content\/uploads\/2023\/10\/donativo-de-cabello-cetys-tijuana-02.png\" alt=\"donativo-de-cabello-cetys-tijuana-02\">\n                    <\/a>\n                    <figcaption itemprop=\"caption description\" class=\"slide-caption\">\n                        \n                    <\/figcaption>\n                <\/figure><figure class=\"slide\" itemprop=\"associatedMedia\" itemscope itemtype=\"http:\/\/schema.org\/ImageObject\">\n                    <a itemprop=\"contentUrl\" href=\"https:\/\/www.cetys.mx\/noticias\/wp-content\/uploads\/2023\/10\/donativo-de-cabello-cetys-tijuana.png\">\n                        <img decoding=\"async\" itemprop=\"thumbnail\" class=\"lazyOwl\" src=\"https:\/\/www.cetys.mx\/noticias\/wp-content\/plugins\/jmagz-plugin\/assets\/placeholder\/900x450.png\" data-src=\"https:\/\/www.cetys.mx\/noticias\/wp-content\/uploads\/2023\/10\/donativo-de-cabello-cetys-tijuana.png\" alt=\"donativo-de-cabello-cetys-tijuana\">\n                    <\/a>\n                    <figcaption itemprop=\"caption description\" class=\"slide-caption\">\n                        \n                    <\/figcaption>\n                <\/figure><\/div>\n                <div class=\"gallery-slider-thumbnail-wrapper\">\n                    <div class=\"gallery-slider-thumbnail\"><div class=\"slide-thumbnail\"><img decoding=\"async\" class=\"lazyOwl\" src=\"https:\/\/www.cetys.mx\/noticias\/wp-content\/plugins\/jmagz-plugin\/assets\/placeholder\/150x75.png\" data-src=\"https:\/\/www.cetys.mx\/noticias\/wp-content\/uploads\/2023\/10\/donativo-de-cabello-cetys-tijuana-07.png\" alt=\"donativo-de-cabello-cetys-tijuana-07\"><\/div><div class=\"slide-thumbnail\"><img decoding=\"async\" class=\"lazyOwl\" src=\"https:\/\/www.cetys.mx\/noticias\/wp-content\/plugins\/jmagz-plugin\/assets\/placeholder\/150x75.png\" data-src=\"https:\/\/www.cetys.mx\/noticias\/wp-content\/uploads\/2023\/10\/donativo-de-cabello-cetys-tijuana-05.png\" alt=\"donativo-de-cabello-cetys-tijuana-05\"><\/div><div class=\"slide-thumbnail\"><img decoding=\"async\" class=\"lazyOwl\" src=\"https:\/\/www.cetys.mx\/noticias\/wp-content\/plugins\/jmagz-plugin\/assets\/placeholder\/150x75.png\" data-src=\"https:\/\/www.cetys.mx\/noticias\/wp-content\/uploads\/2023\/10\/donativo-de-cabello-cetys-tijuana-06.png\" alt=\"donativo-de-cabello-cetys-tijuana-06\"><\/div><div class=\"slide-thumbnail\"><img decoding=\"async\" class=\"lazyOwl\" src=\"https:\/\/www.cetys.mx\/noticias\/wp-content\/plugins\/jmagz-plugin\/assets\/placeholder\/150x75.png\" data-src=\"https:\/\/www.cetys.mx\/noticias\/wp-content\/uploads\/2023\/10\/donativo-de-cabello-cetys-tijuana-04.png\" alt=\"donativo-de-cabello-cetys-tijuana-04\"><\/div><div class=\"slide-thumbnail\"><img decoding=\"async\" class=\"lazyOwl\" src=\"https:\/\/www.cetys.mx\/noticias\/wp-content\/plugins\/jmagz-plugin\/assets\/placeholder\/150x75.png\" data-src=\"https:\/\/www.cetys.mx\/noticias\/wp-content\/uploads\/2023\/10\/donativo-de-cabello-cetys-tijuana-03.png\" alt=\"donativo-de-cabello-cetys-tijuana-03\"><\/div><div class=\"slide-thumbnail\"><img decoding=\"async\" class=\"lazyOwl\" src=\"https:\/\/www.cetys.mx\/noticias\/wp-content\/plugins\/jmagz-plugin\/assets\/placeholder\/150x75.png\" data-src=\"https:\/\/www.cetys.mx\/noticias\/wp-content\/uploads\/2023\/10\/donativo-de-cabello-cetys-tijuana-02.png\" alt=\"donativo-de-cabello-cetys-tijuana-02\"><\/div><div class=\"slide-thumbnail\"><img decoding=\"async\" class=\"lazyOwl\" src=\"https:\/\/www.cetys.mx\/noticias\/wp-content\/plugins\/jmagz-plugin\/assets\/placeholder\/150x75.png\" data-src=\"https:\/\/www.cetys.mx\/noticias\/wp-content\/uploads\/2023\/10\/donativo-de-cabello-cetys-tijuana.png\" alt=\"donativo-de-cabello-cetys-tijuana\"><\/div><\/div><\/div><\/div>\n<p>Las donaciones de cabello recogidas se utilizar\u00e1n para confeccionar pelucas oncol\u00f3gicas de alta calidad que ser\u00e1n entregadas a pacientes que han perdido su cabello debido a la quimioterapia y otras formas de tratamiento. Estas pelucas no solo ayudar\u00e1n a las mujeres a recuperar su confianza y autoestima, sino que tambi\u00e9n les brindar\u00e1n comodidad y apoyo en su lucha contra el c\u00e1ncer.<\/p>\n<p>La campa\u00f1a de donaci\u00f3n de cabello fue llevado a cabo por la Coordinaci\u00f3n de Liderazgo Estudiantil, en colaboraci\u00f3n con ProOncavi A.C.<\/p>\n","protected":false},"excerpt":{"rendered":"<p>Por primera vez en\u00a0CETYS Universidad Campus Tijuana, se invit\u00f3 a la comunidad estudiantil, colaboradores y comunidad a cortarse su cabello para una&#8230;<\/p>\n","protected":false},"author":24,"featured_media":177033,"comment_status":"open","ping_status":"closed","sticky":false,"template":"","format":"standard","meta":{"footnotes":""},"categories":[134,3031,125,313],"tags":[328,6621,92],"class_list":["post-177030","post","type-post","status-publish","format-standard","has-post-thumbnail","hentry","category-campus-tijuana","category-liderazgo","category-portada","category-vocetys-2","tag-campustijuana","tag-liderazgoestudiantil","tag-preparatoria"],"yoast_head":"<!-- This site is optimized with the Yoast SEO plugin v27.4 - https:\/\/yoast.com\/product\/yoast-seo-wordpress\/ -->\n<title>Estudiantes se cortan cabello para una buena\u00a0causa - CETYS<\/title>\n<meta name=\"description\" content=\"Articulo sobre Estudiantes se cortan cabello para una buena\u00a0causa\" \/>\n<meta name=\"robots\" content=\"index, follow, max-snippet:-1, max-image-preview:large, max-video-preview:-1\" \/>\n<link rel=\"canonical\" href=\"https:\/\/www.cetys.mx\/noticias\/estudiantes-se-cortan-cabello-para-una-buena-causa\/\" \/>\n<meta property=\"og:locale\" content=\"es_MX\" \/>\n<meta property=\"og:type\" content=\"article\" \/>\n<meta property=\"og:title\" content=\"Estudiantes se cortan cabello para una buena\u00a0causa - CETYS\" \/>\n<meta property=\"og:description\" content=\"Articulo sobre Estudiantes se cortan cabello para una buena\u00a0causa\" \/>\n<meta property=\"og:url\" content=\"https:\/\/www.cetys.mx\/noticias\/estudiantes-se-cortan-cabello-para-una-buena-causa\/\" \/>\n<meta property=\"og:site_name\" content=\"CETYS\" \/>\n<meta property=\"article:publisher\" content=\"https:\/\/www.facebook.com\/cetysuniversidadmxl\/\" \/>\n<meta property=\"article:published_time\" content=\"2023-10-24T01:16:11+00:00\" \/>\n<meta property=\"article:modified_time\" content=\"2023-10-24T01:17:18+00:00\" \/>\n<meta property=\"og:image\" content=\"https:\/\/www.cetys.mx\/noticias\/wp-content\/uploads\/2023\/10\/donativo-de-cabello-cetys-tijuana-03.png\" \/>\n\t<meta property=\"og:image:width\" content=\"1200\" \/>\n\t<meta property=\"og:image:height\" content=\"798\" \/>\n\t<meta property=\"og:image:type\" content=\"image\/png\" \/>\n<meta name=\"author\" content=\"Campus Tijuana\" \/>\n<meta name=\"twitter:card\" content=\"summary_large_image\" \/>\n<meta name=\"twitter:creator\" content=\"@cetysuni\" \/>\n<meta name=\"twitter:site\" content=\"@cetysuni\" \/>\n<meta name=\"twitter:label1\" content=\"Escrito por\" \/>\n\t<meta name=\"twitter:data1\" content=\"Campus Tijuana\" \/>\n\t<meta name=\"twitter:label2\" content=\"Tiempo de lectura\" \/>\n\t<meta name=\"twitter:data2\" content=\"1 minuto\" \/>\n<script type=\"application\/ld+json\" class=\"yoast-schema-graph\">{\"@context\":\"https:\\\/\\\/schema.org\",\"@graph\":[{\"@type\":\"Article\",\"@id\":\"https:\\\/\\\/www.cetys.mx\\\/noticias\\\/estudiantes-se-cortan-cabello-para-una-buena-causa\\\/#article\",\"isPartOf\":{\"@id\":\"https:\\\/\\\/www.cetys.mx\\\/noticias\\\/estudiantes-se-cortan-cabello-para-una-buena-causa\\\/\"},\"author\":{\"name\":\"Campus Tijuana\",\"@id\":\"https:\\\/\\\/www.cetys.mx\\\/noticias\\\/#\\\/schema\\\/person\\\/e790051ce60e18ae47cfa87011c8653f\"},\"headline\":\"Estudiantes se cortan cabello para una buena\u00a0causa\",\"datePublished\":\"2023-10-24T01:16:11+00:00\",\"dateModified\":\"2023-10-24T01:17:18+00:00\",\"mainEntityOfPage\":{\"@id\":\"https:\\\/\\\/www.cetys.mx\\\/noticias\\\/estudiantes-se-cortan-cabello-para-una-buena-causa\\\/\"},\"wordCount\":218,\"commentCount\":0,\"image\":{\"@id\":\"https:\\\/\\\/www.cetys.mx\\\/noticias\\\/estudiantes-se-cortan-cabello-para-una-buena-causa\\\/#primaryimage\"},\"thumbnailUrl\":\"https:\\\/\\\/www.cetys.mx\\\/noticias\\\/wp-content\\\/uploads\\\/2023\\\/10\\\/donativo-de-cabello-cetys-tijuana-03.png\",\"keywords\":[\"campustijuana\",\"LiderazgoEstudiantil\",\"Preparatoria\"],\"articleSection\":[\"Campus Tijuana\",\"Liderazgo\",\"Portada\",\"VoCETYS\"],\"inLanguage\":\"es\",\"potentialAction\":[{\"@type\":\"CommentAction\",\"name\":\"Comment\",\"target\":[\"https:\\\/\\\/www.cetys.mx\\\/noticias\\\/estudiantes-se-cortan-cabello-para-una-buena-causa\\\/#respond\"]}]},{\"@type\":\"WebPage\",\"@id\":\"https:\\\/\\\/www.cetys.mx\\\/noticias\\\/estudiantes-se-cortan-cabello-para-una-buena-causa\\\/\",\"url\":\"https:\\\/\\\/www.cetys.mx\\\/noticias\\\/estudiantes-se-cortan-cabello-para-una-buena-causa\\\/\",\"name\":\"Estudiantes se cortan cabello para una buena\u00a0causa - CETYS\",\"isPartOf\":{\"@id\":\"https:\\\/\\\/www.cetys.mx\\\/noticias\\\/#website\"},\"primaryImageOfPage\":{\"@id\":\"https:\\\/\\\/www.cetys.mx\\\/noticias\\\/estudiantes-se-cortan-cabello-para-una-buena-causa\\\/#primaryimage\"},\"image\":{\"@id\":\"https:\\\/\\\/www.cetys.mx\\\/noticias\\\/estudiantes-se-cortan-cabello-para-una-buena-causa\\\/#primaryimage\"},\"thumbnailUrl\":\"https:\\\/\\\/www.cetys.mx\\\/noticias\\\/wp-content\\\/uploads\\\/2023\\\/10\\\/donativo-de-cabello-cetys-tijuana-03.png\",\"datePublished\":\"2023-10-24T01:16:11+00:00\",\"dateModified\":\"2023-10-24T01:17:18+00:00\",\"author\":{\"@id\":\"https:\\\/\\\/www.cetys.mx\\\/noticias\\\/#\\\/schema\\\/person\\\/e790051ce60e18ae47cfa87011c8653f\"},\"description\":\"Articulo sobre Estudiantes se cortan cabello para una buena\u00a0causa\",\"breadcrumb\":{\"@id\":\"https:\\\/\\\/www.cetys.mx\\\/noticias\\\/estudiantes-se-cortan-cabello-para-una-buena-causa\\\/#breadcrumb\"},\"inLanguage\":\"es\",\"potentialAction\":[{\"@type\":\"ReadAction\",\"target\":[\"https:\\\/\\\/www.cetys.mx\\\/noticias\\\/estudiantes-se-cortan-cabello-para-una-buena-causa\\\/\"]}]},{\"@type\":\"ImageObject\",\"inLanguage\":\"es\",\"@id\":\"https:\\\/\\\/www.cetys.mx\\\/noticias\\\/estudiantes-se-cortan-cabello-para-una-buena-causa\\\/#primaryimage\",\"url\":\"https:\\\/\\\/www.cetys.mx\\\/noticias\\\/wp-content\\\/uploads\\\/2023\\\/10\\\/donativo-de-cabello-cetys-tijuana-03.png\",\"contentUrl\":\"https:\\\/\\\/www.cetys.mx\\\/noticias\\\/wp-content\\\/uploads\\\/2023\\\/10\\\/donativo-de-cabello-cetys-tijuana-03.png\",\"width\":1200,\"height\":798},{\"@type\":\"BreadcrumbList\",\"@id\":\"https:\\\/\\\/www.cetys.mx\\\/noticias\\\/estudiantes-se-cortan-cabello-para-una-buena-causa\\\/#breadcrumb\",\"itemListElement\":[{\"@type\":\"ListItem\",\"position\":1,\"name\":\"Inicio\",\"item\":\"https:\\\/\\\/www.cetys.mx\\\/noticias\\\/\"},{\"@type\":\"ListItem\",\"position\":2,\"name\":\"Estudiantes se cortan cabello para una buena\u00a0causa\"}]},{\"@type\":\"WebSite\",\"@id\":\"https:\\\/\\\/www.cetys.mx\\\/noticias\\\/#website\",\"url\":\"https:\\\/\\\/www.cetys.mx\\\/noticias\\\/\",\"name\":\"CETYS\",\"description\":\"\",\"potentialAction\":[{\"@type\":\"SearchAction\",\"target\":{\"@type\":\"EntryPoint\",\"urlTemplate\":\"https:\\\/\\\/www.cetys.mx\\\/noticias\\\/?s={search_term_string}\"},\"query-input\":{\"@type\":\"PropertyValueSpecification\",\"valueRequired\":true,\"valueName\":\"search_term_string\"}}],\"inLanguage\":\"es\"},{\"@type\":\"Person\",\"@id\":\"https:\\\/\\\/www.cetys.mx\\\/noticias\\\/#\\\/schema\\\/person\\\/e790051ce60e18ae47cfa87011c8653f\",\"name\":\"Campus Tijuana\",\"url\":\"https:\\\/\\\/www.cetys.mx\\\/noticias\\\/author\\\/campustijuana\\\/\"}]}<\/script>\n<!-- \/ Yoast SEO plugin. -->","yoast_head_json":{"title":"Estudiantes se cortan cabello para una buena\u00a0causa - CETYS","description":"Articulo sobre Estudiantes se cortan cabello para una buena\u00a0causa","robots":{"index":"index","follow":"follow","max-snippet":"max-snippet:-1","max-image-preview":"max-image-preview:large","max-video-preview":"max-video-preview:-1"},"canonical":"https:\/\/www.cetys.mx\/noticias\/estudiantes-se-cortan-cabello-para-una-buena-causa\/","og_locale":"es_MX","og_type":"article","og_title":"Estudiantes se cortan cabello para una buena\u00a0causa - CETYS","og_description":"Articulo sobre Estudiantes se cortan cabello para una buena\u00a0causa","og_url":"https:\/\/www.cetys.mx\/noticias\/estudiantes-se-cortan-cabello-para-una-buena-causa\/","og_site_name":"CETYS","article_publisher":"https:\/\/www.facebook.com\/cetysuniversidadmxl\/","article_published_time":"2023-10-24T01:16:11+00:00","article_modified_time":"2023-10-24T01:17:18+00:00","og_image":[{"width":1200,"height":798,"url":"https:\/\/www.cetys.mx\/noticias\/wp-content\/uploads\/2023\/10\/donativo-de-cabello-cetys-tijuana-03.png","type":"image\/png"}],"author":"Campus Tijuana","twitter_card":"summary_large_image","twitter_creator":"@cetysuni","twitter_site":"@cetysuni","twitter_misc":{"Escrito por":"Campus Tijuana","Tiempo de lectura":"1 minuto"},"schema":{"@context":"https:\/\/schema.org","@graph":[{"@type":"Article","@id":"https:\/\/www.cetys.mx\/noticias\/estudiantes-se-cortan-cabello-para-una-buena-causa\/#article","isPartOf":{"@id":"https:\/\/www.cetys.mx\/noticias\/estudiantes-se-cortan-cabello-para-una-buena-causa\/"},"author":{"name":"Campus Tijuana","@id":"https:\/\/www.cetys.mx\/noticias\/#\/schema\/person\/e790051ce60e18ae47cfa87011c8653f"},"headline":"Estudiantes se cortan cabello para una buena\u00a0causa","datePublished":"2023-10-24T01:16:11+00:00","dateModified":"2023-10-24T01:17:18+00:00","mainEntityOfPage":{"@id":"https:\/\/www.cetys.mx\/noticias\/estudiantes-se-cortan-cabello-para-una-buena-causa\/"},"wordCount":218,"commentCount":0,"image":{"@id":"https:\/\/www.cetys.mx\/noticias\/estudiantes-se-cortan-cabello-para-una-buena-causa\/#primaryimage"},"thumbnailUrl":"https:\/\/www.cetys.mx\/noticias\/wp-content\/uploads\/2023\/10\/donativo-de-cabello-cetys-tijuana-03.png","keywords":["campustijuana","LiderazgoEstudiantil","Preparatoria"],"articleSection":["Campus Tijuana","Liderazgo","Portada","VoCETYS"],"inLanguage":"es","potentialAction":[{"@type":"CommentAction","name":"Comment","target":["https:\/\/www.cetys.mx\/noticias\/estudiantes-se-cortan-cabello-para-una-buena-causa\/#respond"]}]},{"@type":"WebPage","@id":"https:\/\/www.cetys.mx\/noticias\/estudiantes-se-cortan-cabello-para-una-buena-causa\/","url":"https:\/\/www.cetys.mx\/noticias\/estudiantes-se-cortan-cabello-para-una-buena-causa\/","name":"Estudiantes se cortan cabello para una buena\u00a0causa - CETYS","isPartOf":{"@id":"https:\/\/www.cetys.mx\/noticias\/#website"},"primaryImageOfPage":{"@id":"https:\/\/www.cetys.mx\/noticias\/estudiantes-se-cortan-cabello-para-una-buena-causa\/#primaryimage"},"image":{"@id":"https:\/\/www.cetys.mx\/noticias\/estudiantes-se-cortan-cabello-para-una-buena-causa\/#primaryimage"},"thumbnailUrl":"https:\/\/www.cetys.mx\/noticias\/wp-content\/uploads\/2023\/10\/donativo-de-cabello-cetys-tijuana-03.png","datePublished":"2023-10-24T01:16:11+00:00","dateModified":"2023-10-24T01:17:18+00:00","author":{"@id":"https:\/\/www.cetys.mx\/noticias\/#\/schema\/person\/e790051ce60e18ae47cfa87011c8653f"},"description":"Articulo sobre Estudiantes se cortan cabello para una buena\u00a0causa","breadcrumb":{"@id":"https:\/\/www.cetys.mx\/noticias\/estudiantes-se-cortan-cabello-para-una-buena-causa\/#breadcrumb"},"inLanguage":"es","potentialAction":[{"@type":"ReadAction","target":["https:\/\/www.cetys.mx\/noticias\/estudiantes-se-cortan-cabello-para-una-buena-causa\/"]}]},{"@type":"ImageObject","inLanguage":"es","@id":"https:\/\/www.cetys.mx\/noticias\/estudiantes-se-cortan-cabello-para-una-buena-causa\/#primaryimage","url":"https:\/\/www.cetys.mx\/noticias\/wp-content\/uploads\/2023\/10\/donativo-de-cabello-cetys-tijuana-03.png","contentUrl":"https:\/\/www.cetys.mx\/noticias\/wp-content\/uploads\/2023\/10\/donativo-de-cabello-cetys-tijuana-03.png","width":1200,"height":798},{"@type":"BreadcrumbList","@id":"https:\/\/www.cetys.mx\/noticias\/estudiantes-se-cortan-cabello-para-una-buena-causa\/#breadcrumb","itemListElement":[{"@type":"ListItem","position":1,"name":"Inicio","item":"https:\/\/www.cetys.mx\/noticias\/"},{"@type":"ListItem","position":2,"name":"Estudiantes se cortan cabello para una buena\u00a0causa"}]},{"@type":"WebSite","@id":"https:\/\/www.cetys.mx\/noticias\/#website","url":"https:\/\/www.cetys.mx\/noticias\/","name":"CETYS","description":"","potentialAction":[{"@type":"SearchAction","target":{"@type":"EntryPoint","urlTemplate":"https:\/\/www.cetys.mx\/noticias\/?s={search_term_string}"},"query-input":{"@type":"PropertyValueSpecification","valueRequired":true,"valueName":"search_term_string"}}],"inLanguage":"es"},{"@type":"Person","@id":"https:\/\/www.cetys.mx\/noticias\/#\/schema\/person\/e790051ce60e18ae47cfa87011c8653f","name":"Campus Tijuana","url":"https:\/\/www.cetys.mx\/noticias\/author\/campustijuana\/"}]}},"_links":{"self":[{"href":"https:\/\/www.cetys.mx\/noticias\/wp-json\/wp\/v2\/posts\/177030","targetHints":{"allow":["GET"]}}],"collection":[{"href":"https:\/\/www.cetys.mx\/noticias\/wp-json\/wp\/v2\/posts"}],"about":[{"href":"https:\/\/www.cetys.mx\/noticias\/wp-json\/wp\/v2\/types\/post"}],"author":[{"embeddable":true,"href":"https:\/\/www.cetys.mx\/noticias\/wp-json\/wp\/v2\/users\/24"}],"replies":[{"embeddable":true,"href":"https:\/\/www.cetys.mx\/noticias\/wp-json\/wp\/v2\/comments?post=177030"}],"version-history":[{"count":2,"href":"https:\/\/www.cetys.mx\/noticias\/wp-json\/wp\/v2\/posts\/177030\/revisions"}],"predecessor-version":[{"id":177039,"href":"https:\/\/www.cetys.mx\/noticias\/wp-json\/wp\/v2\/posts\/177030\/revisions\/177039"}],"wp:featuredmedia":[{"embeddable":true,"href":"https:\/\/www.cetys.mx\/noticias\/wp-json\/wp\/v2\/media\/177033"}],"wp:attachment":[{"href":"https:\/\/www.cetys.mx\/noticias\/wp-json\/wp\/v2\/media?parent=177030"}],"wp:term":[{"taxonomy":"category","embeddable":true,"href":"https:\/\/www.cetys.mx\/noticias\/wp-json\/wp\/v2\/categories?post=177030"},{"taxonomy":"post_tag","embeddable":true,"href":"https:\/\/www.cetys.mx\/noticias\/wp-json\/wp\/v2\/tags?post=177030"}],"curies":[{"name":"wp","href":"https:\/\/api.w.org\/{rel}","templated":true}]}}