{"id":176789,"date":"2023-10-09T12:18:57","date_gmt":"2023-10-09T19:18:57","guid":{"rendered":"https:\/\/www.cetys.mx\/noticias\/?p=176789"},"modified":"2023-10-13T12:22:44","modified_gmt":"2023-10-13T19:22:44","slug":"un-encuentro-inspirador-entrega-de-becas-reconext-y-cetys","status":"publish","type":"post","link":"https:\/\/www.cetys.mx\/noticias\/un-encuentro-inspirador-entrega-de-becas-reconext-y-cetys\/","title":{"rendered":"Un encuentro inspirador: Entrega de becas Reconext y CETYS"},"content":{"rendered":"<p>Un encuentro bajo el lema &#8220;Unidos por el futuro&#8221; marc\u00f3 la ocasi\u00f3n de la primera entrega de las Becas Reconext. El significado de este acto va m\u00e1s all\u00e1 de una simple entrega de becas; representa la materializaci\u00f3n de sue\u00f1os y la trascendencia de una colaboraci\u00f3n firme en pro de la educaci\u00f3n.<\/p>\n<p>Reconext, una empresa l\u00edder en servicios postventa de dispositivos electr\u00f3nicos &#8220;refurbished,&#8221; ha sido una fuente de inspiraci\u00f3n en su compromiso con la educaci\u00f3n y el impacto positivo en las comunidades y el medio ambiente<\/p>\n<p>El evento cont\u00f3 con la presencia del Ing. \u00d3scar Anaya, Gerente General de Reconext, quien comparti\u00f3 un mensaje poderoso en nombre de la empresa donante. Habl\u00f3 de la importancia de la educaci\u00f3n como medio para inspirar a los j\u00f3venes a so\u00f1ar en grande y lograr sus objetivos.<\/p>\n<p><img loading=\"lazy\" decoding=\"async\" class=\" wp-image-176796 aligncenter\" src=\"https:\/\/www.cetys.mx\/noticias\/wp-content\/uploads\/2023\/10\/RC4.jpg\" alt=\"\" width=\"556\" height=\"492\" \/><\/p>\n<p>El Dr. Mario Dipp, director de CETYS Universidad Campus Mexicali, expres\u00f3 su agradecimiento y destac\u00f3 la importancia de la colaboraci\u00f3n en la educaci\u00f3n. Sus palabras resonaron en todos los presentes, record\u00e1ndonos que juntos podemos trascender los l\u00edmites.<\/p>\n<p>Esta primera entrega de la Beca Reconext es acto de generosidad que ha comenzado con la selecci\u00f3n de dos brillantes becados: Juan Jes\u00fas Enrique Arce Quevedo quien cursa sus estudios de bachillerato en la Preparatoria CETYS e Issac Abdiel Cuen Garc\u00eda, quien se embarca en su formaci\u00f3n en una carrera de Ingenier\u00eda en Ciencias Computacionales.<\/p>\n<div class=\"gallery-slider-wrapper gallery-1\">\n                        <div class=\"gallery-slider\" itemscope itemtype=\"http:\/\/schema.org\/ImageGallery\"><figure class=\"slide\" itemprop=\"associatedMedia\" itemscope itemtype=\"http:\/\/schema.org\/ImageObject\">\n                    <a itemprop=\"contentUrl\" href=\"https:\/\/www.cetys.mx\/noticias\/wp-content\/uploads\/2023\/10\/RC6.jpg\">\n                        <img decoding=\"async\" itemprop=\"thumbnail\" class=\"lazyOwl\" src=\"https:\/\/www.cetys.mx\/noticias\/wp-content\/plugins\/jmagz-plugin\/assets\/placeholder\/900x450.png\" data-src=\"https:\/\/www.cetys.mx\/noticias\/wp-content\/uploads\/2023\/10\/RC6.jpg\" alt=\"RC6\">\n                    <\/a>\n                    <figcaption itemprop=\"caption description\" class=\"slide-caption\">\n                        \n                    <\/figcaption>\n                <\/figure><figure class=\"slide\" itemprop=\"associatedMedia\" itemscope itemtype=\"http:\/\/schema.org\/ImageObject\">\n                    <a itemprop=\"contentUrl\" href=\"https:\/\/www.cetys.mx\/noticias\/wp-content\/uploads\/2023\/10\/RC1.jpg\">\n                        <img decoding=\"async\" itemprop=\"thumbnail\" class=\"lazyOwl\" src=\"https:\/\/www.cetys.mx\/noticias\/wp-content\/plugins\/jmagz-plugin\/assets\/placeholder\/900x450.png\" data-src=\"https:\/\/www.cetys.mx\/noticias\/wp-content\/uploads\/2023\/10\/RC1.jpg\" alt=\"RC1\">\n                    <\/a>\n                    <figcaption itemprop=\"caption description\" class=\"slide-caption\">\n                        \n                    <\/figcaption>\n                <\/figure><figure class=\"slide\" itemprop=\"associatedMedia\" itemscope itemtype=\"http:\/\/schema.org\/ImageObject\">\n                    <a itemprop=\"contentUrl\" href=\"https:\/\/www.cetys.mx\/noticias\/wp-content\/uploads\/2023\/10\/RC2.jpg\">\n                        <img decoding=\"async\" itemprop=\"thumbnail\" class=\"lazyOwl\" src=\"https:\/\/www.cetys.mx\/noticias\/wp-content\/plugins\/jmagz-plugin\/assets\/placeholder\/900x450.png\" data-src=\"https:\/\/www.cetys.mx\/noticias\/wp-content\/uploads\/2023\/10\/RC2.jpg\" alt=\"RC2\">\n                    <\/a>\n                    <figcaption itemprop=\"caption description\" class=\"slide-caption\">\n                        \n                    <\/figcaption>\n                <\/figure><figure class=\"slide\" itemprop=\"associatedMedia\" itemscope itemtype=\"http:\/\/schema.org\/ImageObject\">\n                    <a itemprop=\"contentUrl\" href=\"https:\/\/www.cetys.mx\/noticias\/wp-content\/uploads\/2023\/10\/RC5.jpg\">\n                        <img decoding=\"async\" itemprop=\"thumbnail\" class=\"lazyOwl\" src=\"https:\/\/www.cetys.mx\/noticias\/wp-content\/plugins\/jmagz-plugin\/assets\/placeholder\/900x450.png\" data-src=\"https:\/\/www.cetys.mx\/noticias\/wp-content\/uploads\/2023\/10\/RC5.jpg\" alt=\"RC5\">\n                    <\/a>\n                    <figcaption itemprop=\"caption description\" class=\"slide-caption\">\n                        \n                    <\/figcaption>\n                <\/figure><\/div>\n                <div class=\"gallery-slider-thumbnail-wrapper\">\n                    <div class=\"gallery-slider-thumbnail\"><div class=\"slide-thumbnail\"><img decoding=\"async\" class=\"lazyOwl\" src=\"https:\/\/www.cetys.mx\/noticias\/wp-content\/plugins\/jmagz-plugin\/assets\/placeholder\/150x75.png\" data-src=\"https:\/\/www.cetys.mx\/noticias\/wp-content\/uploads\/2023\/10\/RC6.jpg\" alt=\"RC6\"><\/div><div class=\"slide-thumbnail\"><img decoding=\"async\" class=\"lazyOwl\" src=\"https:\/\/www.cetys.mx\/noticias\/wp-content\/plugins\/jmagz-plugin\/assets\/placeholder\/150x75.png\" data-src=\"https:\/\/www.cetys.mx\/noticias\/wp-content\/uploads\/2023\/10\/RC1.jpg\" alt=\"RC1\"><\/div><div class=\"slide-thumbnail\"><img decoding=\"async\" class=\"lazyOwl\" src=\"https:\/\/www.cetys.mx\/noticias\/wp-content\/plugins\/jmagz-plugin\/assets\/placeholder\/150x75.png\" data-src=\"https:\/\/www.cetys.mx\/noticias\/wp-content\/uploads\/2023\/10\/RC2.jpg\" alt=\"RC2\"><\/div><div class=\"slide-thumbnail\"><img decoding=\"async\" class=\"lazyOwl\" src=\"https:\/\/www.cetys.mx\/noticias\/wp-content\/plugins\/jmagz-plugin\/assets\/placeholder\/150x75.png\" data-src=\"https:\/\/www.cetys.mx\/noticias\/wp-content\/uploads\/2023\/10\/RC5.jpg\" alt=\"RC5\"><\/div><\/div><\/div><\/div>\n<p>El evento concluy\u00f3 con la entrega de un reconocimiento a Reconext por su generosa contribuci\u00f3n, una acci\u00f3n que trascender\u00e1 en la vida de los estudiantes beneficiados. La alianza entre Reconext y CETYS est\u00e1 llena de esperanza, prometiendo inspirar, so\u00f1ar y materializar un futuro brillante para muchos m\u00e1s j\u00f3venes en los a\u00f1os venideros.<\/p>\n","protected":false},"excerpt":{"rendered":"<p>Un encuentro bajo el lema &#8220;Unidos por el futuro&#8221; marc\u00f3 la ocasi\u00f3n de la primera entrega de las Becas Reconext. El significado&#8230;<\/p>\n","protected":false},"author":20,"featured_media":176795,"comment_status":"open","ping_status":"closed","sticky":false,"template":"","format":"standard","meta":{"footnotes":""},"categories":[133,125,313],"tags":[3788,3183,6172],"class_list":["post-176789","post","type-post","status-publish","format-standard","has-post-thumbnail","hentry","category-campus-mexicali","category-portada","category-vocetys-2","tag-alumnos-becados","tag-filatropia","tag-unidos-por-el-futuro"],"yoast_head":"<!-- This site is optimized with the Yoast SEO plugin v27.4 - https:\/\/yoast.com\/product\/yoast-seo-wordpress\/ -->\n<title>Un encuentro inspirador: Entrega de becas Reconext y CETYS - CETYS<\/title>\n<meta name=\"description\" content=\"Articulo sobre Un encuentro inspirador: Entrega de becas Reconext y CETYS\" \/>\n<meta name=\"robots\" content=\"index, follow, max-snippet:-1, max-image-preview:large, max-video-preview:-1\" \/>\n<link rel=\"canonical\" href=\"https:\/\/www.cetys.mx\/noticias\/un-encuentro-inspirador-entrega-de-becas-reconext-y-cetys\/\" \/>\n<meta property=\"og:locale\" content=\"es_MX\" \/>\n<meta property=\"og:type\" content=\"article\" \/>\n<meta property=\"og:title\" content=\"Un encuentro inspirador: Entrega de becas Reconext y CETYS - CETYS\" \/>\n<meta property=\"og:description\" content=\"Articulo sobre Un encuentro inspirador: Entrega de becas Reconext y CETYS\" \/>\n<meta property=\"og:url\" content=\"https:\/\/www.cetys.mx\/noticias\/un-encuentro-inspirador-entrega-de-becas-reconext-y-cetys\/\" \/>\n<meta property=\"og:site_name\" content=\"CETYS\" \/>\n<meta property=\"article:publisher\" content=\"https:\/\/www.facebook.com\/cetysuniversidadmxl\/\" \/>\n<meta property=\"article:published_time\" content=\"2023-10-09T19:18:57+00:00\" \/>\n<meta property=\"article:modified_time\" content=\"2023-10-13T19:22:44+00:00\" \/>\n<meta property=\"og:image\" content=\"https:\/\/www.cetys.mx\/noticias\/wp-content\/uploads\/2023\/10\/RC3.jpg\" \/>\n\t<meta property=\"og:image:width\" content=\"958\" \/>\n\t<meta property=\"og:image:height\" content=\"637\" \/>\n\t<meta property=\"og:image:type\" content=\"image\/jpeg\" \/>\n<meta name=\"author\" content=\"Campus Mexicali\" \/>\n<meta name=\"twitter:card\" content=\"summary_large_image\" \/>\n<meta name=\"twitter:creator\" content=\"@cetysuni\" \/>\n<meta name=\"twitter:site\" content=\"@cetysuni\" \/>\n<meta name=\"twitter:label1\" content=\"Escrito por\" \/>\n\t<meta name=\"twitter:data1\" content=\"Campus Mexicali\" \/>\n\t<meta name=\"twitter:label2\" content=\"Tiempo de lectura\" \/>\n\t<meta name=\"twitter:data2\" content=\"2 minutos\" \/>\n<script type=\"application\/ld+json\" class=\"yoast-schema-graph\">{\"@context\":\"https:\\\/\\\/schema.org\",\"@graph\":[{\"@type\":\"Article\",\"@id\":\"https:\\\/\\\/www.cetys.mx\\\/noticias\\\/un-encuentro-inspirador-entrega-de-becas-reconext-y-cetys\\\/#article\",\"isPartOf\":{\"@id\":\"https:\\\/\\\/www.cetys.mx\\\/noticias\\\/un-encuentro-inspirador-entrega-de-becas-reconext-y-cetys\\\/\"},\"author\":{\"name\":\"Campus Mexicali\",\"@id\":\"https:\\\/\\\/www.cetys.mx\\\/noticias\\\/#\\\/schema\\\/person\\\/79a95c4ac185f3705cf1b9c9340a5f70\"},\"headline\":\"Un encuentro inspirador: Entrega de becas Reconext y CETYS\",\"datePublished\":\"2023-10-09T19:18:57+00:00\",\"dateModified\":\"2023-10-13T19:22:44+00:00\",\"mainEntityOfPage\":{\"@id\":\"https:\\\/\\\/www.cetys.mx\\\/noticias\\\/un-encuentro-inspirador-entrega-de-becas-reconext-y-cetys\\\/\"},\"wordCount\":319,\"commentCount\":0,\"image\":{\"@id\":\"https:\\\/\\\/www.cetys.mx\\\/noticias\\\/un-encuentro-inspirador-entrega-de-becas-reconext-y-cetys\\\/#primaryimage\"},\"thumbnailUrl\":\"https:\\\/\\\/www.cetys.mx\\\/noticias\\\/wp-content\\\/uploads\\\/2023\\\/10\\\/RC3.jpg\",\"keywords\":[\"Alumnos becados\",\"Filatrop\u00eda\",\"Unidos Por El Futuro\"],\"articleSection\":[\"Campus Mexicali\",\"Portada\",\"VoCETYS\"],\"inLanguage\":\"es\",\"potentialAction\":[{\"@type\":\"CommentAction\",\"name\":\"Comment\",\"target\":[\"https:\\\/\\\/www.cetys.mx\\\/noticias\\\/un-encuentro-inspirador-entrega-de-becas-reconext-y-cetys\\\/#respond\"]}]},{\"@type\":\"WebPage\",\"@id\":\"https:\\\/\\\/www.cetys.mx\\\/noticias\\\/un-encuentro-inspirador-entrega-de-becas-reconext-y-cetys\\\/\",\"url\":\"https:\\\/\\\/www.cetys.mx\\\/noticias\\\/un-encuentro-inspirador-entrega-de-becas-reconext-y-cetys\\\/\",\"name\":\"Un encuentro inspirador: Entrega de becas Reconext y CETYS - CETYS\",\"isPartOf\":{\"@id\":\"https:\\\/\\\/www.cetys.mx\\\/noticias\\\/#website\"},\"primaryImageOfPage\":{\"@id\":\"https:\\\/\\\/www.cetys.mx\\\/noticias\\\/un-encuentro-inspirador-entrega-de-becas-reconext-y-cetys\\\/#primaryimage\"},\"image\":{\"@id\":\"https:\\\/\\\/www.cetys.mx\\\/noticias\\\/un-encuentro-inspirador-entrega-de-becas-reconext-y-cetys\\\/#primaryimage\"},\"thumbnailUrl\":\"https:\\\/\\\/www.cetys.mx\\\/noticias\\\/wp-content\\\/uploads\\\/2023\\\/10\\\/RC3.jpg\",\"datePublished\":\"2023-10-09T19:18:57+00:00\",\"dateModified\":\"2023-10-13T19:22:44+00:00\",\"author\":{\"@id\":\"https:\\\/\\\/www.cetys.mx\\\/noticias\\\/#\\\/schema\\\/person\\\/79a95c4ac185f3705cf1b9c9340a5f70\"},\"description\":\"Articulo sobre Un encuentro inspirador: Entrega de becas Reconext y CETYS\",\"breadcrumb\":{\"@id\":\"https:\\\/\\\/www.cetys.mx\\\/noticias\\\/un-encuentro-inspirador-entrega-de-becas-reconext-y-cetys\\\/#breadcrumb\"},\"inLanguage\":\"es\",\"potentialAction\":[{\"@type\":\"ReadAction\",\"target\":[\"https:\\\/\\\/www.cetys.mx\\\/noticias\\\/un-encuentro-inspirador-entrega-de-becas-reconext-y-cetys\\\/\"]}]},{\"@type\":\"ImageObject\",\"inLanguage\":\"es\",\"@id\":\"https:\\\/\\\/www.cetys.mx\\\/noticias\\\/un-encuentro-inspirador-entrega-de-becas-reconext-y-cetys\\\/#primaryimage\",\"url\":\"https:\\\/\\\/www.cetys.mx\\\/noticias\\\/wp-content\\\/uploads\\\/2023\\\/10\\\/RC3.jpg\",\"contentUrl\":\"https:\\\/\\\/www.cetys.mx\\\/noticias\\\/wp-content\\\/uploads\\\/2023\\\/10\\\/RC3.jpg\",\"width\":958,\"height\":637},{\"@type\":\"BreadcrumbList\",\"@id\":\"https:\\\/\\\/www.cetys.mx\\\/noticias\\\/un-encuentro-inspirador-entrega-de-becas-reconext-y-cetys\\\/#breadcrumb\",\"itemListElement\":[{\"@type\":\"ListItem\",\"position\":1,\"name\":\"Inicio\",\"item\":\"https:\\\/\\\/www.cetys.mx\\\/noticias\\\/\"},{\"@type\":\"ListItem\",\"position\":2,\"name\":\"Un encuentro inspirador: Entrega de becas Reconext y CETYS\"}]},{\"@type\":\"WebSite\",\"@id\":\"https:\\\/\\\/www.cetys.mx\\\/noticias\\\/#website\",\"url\":\"https:\\\/\\\/www.cetys.mx\\\/noticias\\\/\",\"name\":\"CETYS\",\"description\":\"\",\"potentialAction\":[{\"@type\":\"SearchAction\",\"target\":{\"@type\":\"EntryPoint\",\"urlTemplate\":\"https:\\\/\\\/www.cetys.mx\\\/noticias\\\/?s={search_term_string}\"},\"query-input\":{\"@type\":\"PropertyValueSpecification\",\"valueRequired\":true,\"valueName\":\"search_term_string\"}}],\"inLanguage\":\"es\"},{\"@type\":\"Person\",\"@id\":\"https:\\\/\\\/www.cetys.mx\\\/noticias\\\/#\\\/schema\\\/person\\\/79a95c4ac185f3705cf1b9c9340a5f70\",\"name\":\"Campus Mexicali\",\"url\":\"https:\\\/\\\/www.cetys.mx\\\/noticias\\\/author\\\/campusmexicali\\\/\"}]}<\/script>\n<!-- \/ Yoast SEO plugin. -->","yoast_head_json":{"title":"Un encuentro inspirador: Entrega de becas Reconext y CETYS - CETYS","description":"Articulo sobre Un encuentro inspirador: Entrega de becas Reconext y CETYS","robots":{"index":"index","follow":"follow","max-snippet":"max-snippet:-1","max-image-preview":"max-image-preview:large","max-video-preview":"max-video-preview:-1"},"canonical":"https:\/\/www.cetys.mx\/noticias\/un-encuentro-inspirador-entrega-de-becas-reconext-y-cetys\/","og_locale":"es_MX","og_type":"article","og_title":"Un encuentro inspirador: Entrega de becas Reconext y CETYS - CETYS","og_description":"Articulo sobre Un encuentro inspirador: Entrega de becas Reconext y CETYS","og_url":"https:\/\/www.cetys.mx\/noticias\/un-encuentro-inspirador-entrega-de-becas-reconext-y-cetys\/","og_site_name":"CETYS","article_publisher":"https:\/\/www.facebook.com\/cetysuniversidadmxl\/","article_published_time":"2023-10-09T19:18:57+00:00","article_modified_time":"2023-10-13T19:22:44+00:00","og_image":[{"width":958,"height":637,"url":"https:\/\/www.cetys.mx\/noticias\/wp-content\/uploads\/2023\/10\/RC3.jpg","type":"image\/jpeg"}],"author":"Campus Mexicali","twitter_card":"summary_large_image","twitter_creator":"@cetysuni","twitter_site":"@cetysuni","twitter_misc":{"Escrito por":"Campus Mexicali","Tiempo de lectura":"2 minutos"},"schema":{"@context":"https:\/\/schema.org","@graph":[{"@type":"Article","@id":"https:\/\/www.cetys.mx\/noticias\/un-encuentro-inspirador-entrega-de-becas-reconext-y-cetys\/#article","isPartOf":{"@id":"https:\/\/www.cetys.mx\/noticias\/un-encuentro-inspirador-entrega-de-becas-reconext-y-cetys\/"},"author":{"name":"Campus Mexicali","@id":"https:\/\/www.cetys.mx\/noticias\/#\/schema\/person\/79a95c4ac185f3705cf1b9c9340a5f70"},"headline":"Un encuentro inspirador: Entrega de becas Reconext y CETYS","datePublished":"2023-10-09T19:18:57+00:00","dateModified":"2023-10-13T19:22:44+00:00","mainEntityOfPage":{"@id":"https:\/\/www.cetys.mx\/noticias\/un-encuentro-inspirador-entrega-de-becas-reconext-y-cetys\/"},"wordCount":319,"commentCount":0,"image":{"@id":"https:\/\/www.cetys.mx\/noticias\/un-encuentro-inspirador-entrega-de-becas-reconext-y-cetys\/#primaryimage"},"thumbnailUrl":"https:\/\/www.cetys.mx\/noticias\/wp-content\/uploads\/2023\/10\/RC3.jpg","keywords":["Alumnos becados","Filatrop\u00eda","Unidos Por El Futuro"],"articleSection":["Campus Mexicali","Portada","VoCETYS"],"inLanguage":"es","potentialAction":[{"@type":"CommentAction","name":"Comment","target":["https:\/\/www.cetys.mx\/noticias\/un-encuentro-inspirador-entrega-de-becas-reconext-y-cetys\/#respond"]}]},{"@type":"WebPage","@id":"https:\/\/www.cetys.mx\/noticias\/un-encuentro-inspirador-entrega-de-becas-reconext-y-cetys\/","url":"https:\/\/www.cetys.mx\/noticias\/un-encuentro-inspirador-entrega-de-becas-reconext-y-cetys\/","name":"Un encuentro inspirador: Entrega de becas Reconext y CETYS - CETYS","isPartOf":{"@id":"https:\/\/www.cetys.mx\/noticias\/#website"},"primaryImageOfPage":{"@id":"https:\/\/www.cetys.mx\/noticias\/un-encuentro-inspirador-entrega-de-becas-reconext-y-cetys\/#primaryimage"},"image":{"@id":"https:\/\/www.cetys.mx\/noticias\/un-encuentro-inspirador-entrega-de-becas-reconext-y-cetys\/#primaryimage"},"thumbnailUrl":"https:\/\/www.cetys.mx\/noticias\/wp-content\/uploads\/2023\/10\/RC3.jpg","datePublished":"2023-10-09T19:18:57+00:00","dateModified":"2023-10-13T19:22:44+00:00","author":{"@id":"https:\/\/www.cetys.mx\/noticias\/#\/schema\/person\/79a95c4ac185f3705cf1b9c9340a5f70"},"description":"Articulo sobre Un encuentro inspirador: Entrega de becas Reconext y CETYS","breadcrumb":{"@id":"https:\/\/www.cetys.mx\/noticias\/un-encuentro-inspirador-entrega-de-becas-reconext-y-cetys\/#breadcrumb"},"inLanguage":"es","potentialAction":[{"@type":"ReadAction","target":["https:\/\/www.cetys.mx\/noticias\/un-encuentro-inspirador-entrega-de-becas-reconext-y-cetys\/"]}]},{"@type":"ImageObject","inLanguage":"es","@id":"https:\/\/www.cetys.mx\/noticias\/un-encuentro-inspirador-entrega-de-becas-reconext-y-cetys\/#primaryimage","url":"https:\/\/www.cetys.mx\/noticias\/wp-content\/uploads\/2023\/10\/RC3.jpg","contentUrl":"https:\/\/www.cetys.mx\/noticias\/wp-content\/uploads\/2023\/10\/RC3.jpg","width":958,"height":637},{"@type":"BreadcrumbList","@id":"https:\/\/www.cetys.mx\/noticias\/un-encuentro-inspirador-entrega-de-becas-reconext-y-cetys\/#breadcrumb","itemListElement":[{"@type":"ListItem","position":1,"name":"Inicio","item":"https:\/\/www.cetys.mx\/noticias\/"},{"@type":"ListItem","position":2,"name":"Un encuentro inspirador: Entrega de becas Reconext y CETYS"}]},{"@type":"WebSite","@id":"https:\/\/www.cetys.mx\/noticias\/#website","url":"https:\/\/www.cetys.mx\/noticias\/","name":"CETYS","description":"","potentialAction":[{"@type":"SearchAction","target":{"@type":"EntryPoint","urlTemplate":"https:\/\/www.cetys.mx\/noticias\/?s={search_term_string}"},"query-input":{"@type":"PropertyValueSpecification","valueRequired":true,"valueName":"search_term_string"}}],"inLanguage":"es"},{"@type":"Person","@id":"https:\/\/www.cetys.mx\/noticias\/#\/schema\/person\/79a95c4ac185f3705cf1b9c9340a5f70","name":"Campus Mexicali","url":"https:\/\/www.cetys.mx\/noticias\/author\/campusmexicali\/"}]}},"_links":{"self":[{"href":"https:\/\/www.cetys.mx\/noticias\/wp-json\/wp\/v2\/posts\/176789","targetHints":{"allow":["GET"]}}],"collection":[{"href":"https:\/\/www.cetys.mx\/noticias\/wp-json\/wp\/v2\/posts"}],"about":[{"href":"https:\/\/www.cetys.mx\/noticias\/wp-json\/wp\/v2\/types\/post"}],"author":[{"embeddable":true,"href":"https:\/\/www.cetys.mx\/noticias\/wp-json\/wp\/v2\/users\/20"}],"replies":[{"embeddable":true,"href":"https:\/\/www.cetys.mx\/noticias\/wp-json\/wp\/v2\/comments?post=176789"}],"version-history":[{"count":1,"href":"https:\/\/www.cetys.mx\/noticias\/wp-json\/wp\/v2\/posts\/176789\/revisions"}],"predecessor-version":[{"id":176799,"href":"https:\/\/www.cetys.mx\/noticias\/wp-json\/wp\/v2\/posts\/176789\/revisions\/176799"}],"wp:featuredmedia":[{"embeddable":true,"href":"https:\/\/www.cetys.mx\/noticias\/wp-json\/wp\/v2\/media\/176795"}],"wp:attachment":[{"href":"https:\/\/www.cetys.mx\/noticias\/wp-json\/wp\/v2\/media?parent=176789"}],"wp:term":[{"taxonomy":"category","embeddable":true,"href":"https:\/\/www.cetys.mx\/noticias\/wp-json\/wp\/v2\/categories?post=176789"},{"taxonomy":"post_tag","embeddable":true,"href":"https:\/\/www.cetys.mx\/noticias\/wp-json\/wp\/v2\/tags?post=176789"}],"curies":[{"name":"wp","href":"https:\/\/api.w.org\/{rel}","templated":true}]}}