{"id":176183,"date":"2023-09-25T17:27:26","date_gmt":"2023-09-26T00:27:26","guid":{"rendered":"https:\/\/www.cetys.mx\/noticias\/?p=176183"},"modified":"2023-09-26T10:53:18","modified_gmt":"2023-09-26T17:53:18","slug":"arranca-con-exito-la-segunda-temporada-del-club-de-matematicas","status":"publish","type":"post","link":"https:\/\/www.cetys.mx\/noticias\/arranca-con-exito-la-segunda-temporada-del-club-de-matematicas\/","title":{"rendered":"Arranca con \u00e9xito la segunda temporada del Club de Matem\u00e1ticas"},"content":{"rendered":"<div class=\"flex-1 overflow-hidden\">\n<div class=\"react-scroll-to-bottom--css-sxpfc-79elbk h-full dark:bg-gray-800\">\n<div class=\"react-scroll-to-bottom--css-sxpfc-1n7m0yu\">\n<div class=\"flex flex-col text-sm dark:bg-gray-800\">\n<div class=\"group w-full text-token-text-primary border-b border-black\/10 gizmo:border-0 dark:border-gray-900\/50 gizmo:dark:border-0 bg-gray-50 gizmo:bg-transparent dark:bg-[#444654] gizmo:dark:bg-transparent\" data-testid=\"conversation-turn-3\">\n<div class=\"p-4 justify-center text-base md:gap-6 md:py-6 m-auto\">\n<div class=\"flex flex-1 gap-4 text-base mx-auto md:gap-6 md:max-w-2xl lg:max-w-[38rem] xl:max-w-3xl }\">\n<div class=\"relative flex w-[calc(100%-50px)] flex-col gap-1 md:gap-3 lg:w-[calc(100%-115px)]\">\n<div class=\"flex flex-grow flex-col gap-3 max-w-full\">\n<div class=\"min-h-[20px] flex flex-col items-start gap-3 overflow-x-auto whitespace-pre-wrap break-words\">\n<div class=\"markdown prose w-full break-words dark:prose-invert light\">\n<p>El pasado 9 de septiembre de 2023, dio inicio con gran \u00e9xito la segunda temporada del Club de Matem\u00e1ticas, una iniciativa entre CETYS Universidad y el CBTIS No. 21 , con la participaci\u00f3n activa de seis instructores altamente capacitados, todos ellos estudiantes de programas de Ingenier\u00eda en CETYS Universidad.<\/p>\n<p>El Club de Matem\u00e1ticas ha logrado atraer la atenci\u00f3n de m\u00e1s de 30 alumnos del CBTIS No. 21, quienes se han sumado con entusiasmo a esta experiencia educativa \u00fanica en la regi\u00f3n.<\/p>\n<p>Este club se divide en dos grupos. El primer grupo, conformado por estudiantes de nuevo ingreso y alumnos de 1er y 3er semestre del CBTIS 21, tiene como objetivo brindar una s\u00f3lida base matem\u00e1tica a los estudiantes desde el inicio de su formaci\u00f3n acad\u00e9mica.<\/p>\n<p>El segundo grupo, compuesto por estudiantes de 5to semestre que ya participaron en la temporada anterior en febrero de este a\u00f1o, contin\u00faa su recorrido en el mundo de las matem\u00e1ticas, consolidando sus conocimientos y habilidades.<\/p>\n<p>Las clases se llevan a cabo los d\u00edas s\u00e1bados en diversas fechas a lo largo del semestre, permitiendo a los participantes aprender de manera efectiva sin interferir con sus actividades acad\u00e9micas regulares. El calendario de sesiones se extiende desde septiembre hasta diciembre, abarcando un total de 14 encuentros.<\/p>\n<p>El Club de Matem\u00e1ticas representa una oportunidad \u00fanica para que los estudiantes fortalezcan sus habilidades en esta materia fundamental y se sumerjan en un ambiente de aprendizaje colaborativo.<\/p>\n<p>La iniciativa demuestra el compromiso de CETYS Universidad y el CBTIS No. 21 por fomentar el desarrollo acad\u00e9mico y la excelencia entre sus alumnos, a trav\u00e9s de actividades innovadoras que enriquecen su formaci\u00f3n educativa.<\/p>\n<p><img loading=\"lazy\" decoding=\"async\" class=\" wp-image-176203 aligncenter\" src=\"https:\/\/www.cetys.mx\/noticias\/wp-content\/uploads\/2023\/09\/clubmate1.jpg\" alt=\"\" width=\"478\" height=\"507\" \/><\/p>\n<p>La colaboraci\u00f3n entre instituciones educativas como CETYS Universidad y el CBTIS No. 21 es fundamental para promover el crecimiento intelectual de los estudiantes y contribuir al desarrollo de futuros profesionales en el campo de las matem\u00e1ticas y la ingenier\u00eda.<\/p>\n<p>El Club de Matem\u00e1ticas es un ejemplo claro de c\u00f3mo la vinculaci\u00f3n entre instituciones puede tener un impacto positivo en la calidad de la educaci\u00f3n en la regi\u00f3n.<\/p>\n<\/div>\n<\/div>\n<\/div>\n<\/div>\n<\/div>\n<\/div>\n<\/div>\n<\/div>\n<\/div>\n<\/div>\n<\/div>\n","protected":false},"excerpt":{"rendered":"<p>El pasado 9 de septiembre de 2023, dio inicio con gran \u00e9xito la segunda temporada del Club de Matem\u00e1ticas, una iniciativa entre&#8230;<\/p>\n","protected":false},"author":20,"featured_media":176202,"comment_status":"open","ping_status":"closed","sticky":false,"template":"","format":"standard","meta":{"footnotes":""},"categories":[133,313],"tags":[6235,6584,1466,6585],"class_list":["post-176183","post","type-post","status-publish","format-standard","has-post-thumbnail","hentry","category-campus-mexicali","category-vocetys-2","tag-cbtis-21","tag-club-matematicas","tag-prepa-cetys","tag-vocetys-2023-09-26"],"yoast_head":"<!-- This site is optimized with the Yoast SEO plugin v27.4 - https:\/\/yoast.com\/product\/yoast-seo-wordpress\/ -->\n<title>Arranca con \u00e9xito la segunda temporada del Club de Matem\u00e1ticas - CETYS<\/title>\n<meta name=\"description\" content=\"Articulo sobre Arranca con \u00e9xito la segunda temporada del Club de Matem\u00e1ticas\" \/>\n<meta name=\"robots\" content=\"index, follow, max-snippet:-1, max-image-preview:large, max-video-preview:-1\" \/>\n<link rel=\"canonical\" href=\"https:\/\/www.cetys.mx\/noticias\/arranca-con-exito-la-segunda-temporada-del-club-de-matematicas\/\" \/>\n<meta property=\"og:locale\" content=\"es_MX\" \/>\n<meta property=\"og:type\" content=\"article\" \/>\n<meta property=\"og:title\" content=\"Arranca con \u00e9xito la segunda temporada del Club de Matem\u00e1ticas - CETYS\" \/>\n<meta property=\"og:description\" content=\"Articulo sobre Arranca con \u00e9xito la segunda temporada del Club de Matem\u00e1ticas\" \/>\n<meta property=\"og:url\" content=\"https:\/\/www.cetys.mx\/noticias\/arranca-con-exito-la-segunda-temporada-del-club-de-matematicas\/\" \/>\n<meta property=\"og:site_name\" content=\"CETYS\" \/>\n<meta property=\"article:publisher\" content=\"https:\/\/www.facebook.com\/cetysuniversidadmxl\/\" \/>\n<meta property=\"article:published_time\" content=\"2023-09-26T00:27:26+00:00\" \/>\n<meta property=\"article:modified_time\" content=\"2023-09-26T17:53:18+00:00\" \/>\n<meta property=\"og:image\" content=\"https:\/\/www.cetys.mx\/noticias\/wp-content\/uploads\/2023\/09\/clubmate2.jpg\" \/>\n\t<meta property=\"og:image:width\" content=\"958\" \/>\n\t<meta property=\"og:image:height\" content=\"637\" \/>\n\t<meta property=\"og:image:type\" content=\"image\/jpeg\" \/>\n<meta name=\"author\" content=\"Campus Mexicali\" \/>\n<meta name=\"twitter:card\" content=\"summary_large_image\" \/>\n<meta name=\"twitter:creator\" content=\"@cetysuni\" \/>\n<meta name=\"twitter:site\" content=\"@cetysuni\" \/>\n<meta name=\"twitter:label1\" content=\"Escrito por\" \/>\n\t<meta name=\"twitter:data1\" content=\"Campus Mexicali\" \/>\n\t<meta name=\"twitter:label2\" content=\"Tiempo de lectura\" \/>\n\t<meta name=\"twitter:data2\" content=\"2 minutos\" \/>\n<script type=\"application\/ld+json\" class=\"yoast-schema-graph\">{\"@context\":\"https:\\\/\\\/schema.org\",\"@graph\":[{\"@type\":\"Article\",\"@id\":\"https:\\\/\\\/www.cetys.mx\\\/noticias\\\/arranca-con-exito-la-segunda-temporada-del-club-de-matematicas\\\/#article\",\"isPartOf\":{\"@id\":\"https:\\\/\\\/www.cetys.mx\\\/noticias\\\/arranca-con-exito-la-segunda-temporada-del-club-de-matematicas\\\/\"},\"author\":{\"name\":\"Campus Mexicali\",\"@id\":\"https:\\\/\\\/www.cetys.mx\\\/noticias\\\/#\\\/schema\\\/person\\\/79a95c4ac185f3705cf1b9c9340a5f70\"},\"headline\":\"Arranca con \u00e9xito la segunda temporada del Club de Matem\u00e1ticas\",\"datePublished\":\"2023-09-26T00:27:26+00:00\",\"dateModified\":\"2023-09-26T17:53:18+00:00\",\"mainEntityOfPage\":{\"@id\":\"https:\\\/\\\/www.cetys.mx\\\/noticias\\\/arranca-con-exito-la-segunda-temporada-del-club-de-matematicas\\\/\"},\"wordCount\":367,\"commentCount\":0,\"image\":{\"@id\":\"https:\\\/\\\/www.cetys.mx\\\/noticias\\\/arranca-con-exito-la-segunda-temporada-del-club-de-matematicas\\\/#primaryimage\"},\"thumbnailUrl\":\"https:\\\/\\\/www.cetys.mx\\\/noticias\\\/wp-content\\\/uploads\\\/2023\\\/09\\\/clubmate2.jpg\",\"keywords\":[\"Cbtis 21\",\"Club Matem\u00e1ticas\",\"prepa CETYS\",\"vocetys-2023-09-26\"],\"articleSection\":[\"Campus Mexicali\",\"VoCETYS\"],\"inLanguage\":\"es\",\"potentialAction\":[{\"@type\":\"CommentAction\",\"name\":\"Comment\",\"target\":[\"https:\\\/\\\/www.cetys.mx\\\/noticias\\\/arranca-con-exito-la-segunda-temporada-del-club-de-matematicas\\\/#respond\"]}]},{\"@type\":\"WebPage\",\"@id\":\"https:\\\/\\\/www.cetys.mx\\\/noticias\\\/arranca-con-exito-la-segunda-temporada-del-club-de-matematicas\\\/\",\"url\":\"https:\\\/\\\/www.cetys.mx\\\/noticias\\\/arranca-con-exito-la-segunda-temporada-del-club-de-matematicas\\\/\",\"name\":\"Arranca con \u00e9xito la segunda temporada del Club de Matem\u00e1ticas - CETYS\",\"isPartOf\":{\"@id\":\"https:\\\/\\\/www.cetys.mx\\\/noticias\\\/#website\"},\"primaryImageOfPage\":{\"@id\":\"https:\\\/\\\/www.cetys.mx\\\/noticias\\\/arranca-con-exito-la-segunda-temporada-del-club-de-matematicas\\\/#primaryimage\"},\"image\":{\"@id\":\"https:\\\/\\\/www.cetys.mx\\\/noticias\\\/arranca-con-exito-la-segunda-temporada-del-club-de-matematicas\\\/#primaryimage\"},\"thumbnailUrl\":\"https:\\\/\\\/www.cetys.mx\\\/noticias\\\/wp-content\\\/uploads\\\/2023\\\/09\\\/clubmate2.jpg\",\"datePublished\":\"2023-09-26T00:27:26+00:00\",\"dateModified\":\"2023-09-26T17:53:18+00:00\",\"author\":{\"@id\":\"https:\\\/\\\/www.cetys.mx\\\/noticias\\\/#\\\/schema\\\/person\\\/79a95c4ac185f3705cf1b9c9340a5f70\"},\"description\":\"Articulo sobre Arranca con \u00e9xito la segunda temporada del Club de Matem\u00e1ticas\",\"breadcrumb\":{\"@id\":\"https:\\\/\\\/www.cetys.mx\\\/noticias\\\/arranca-con-exito-la-segunda-temporada-del-club-de-matematicas\\\/#breadcrumb\"},\"inLanguage\":\"es\",\"potentialAction\":[{\"@type\":\"ReadAction\",\"target\":[\"https:\\\/\\\/www.cetys.mx\\\/noticias\\\/arranca-con-exito-la-segunda-temporada-del-club-de-matematicas\\\/\"]}]},{\"@type\":\"ImageObject\",\"inLanguage\":\"es\",\"@id\":\"https:\\\/\\\/www.cetys.mx\\\/noticias\\\/arranca-con-exito-la-segunda-temporada-del-club-de-matematicas\\\/#primaryimage\",\"url\":\"https:\\\/\\\/www.cetys.mx\\\/noticias\\\/wp-content\\\/uploads\\\/2023\\\/09\\\/clubmate2.jpg\",\"contentUrl\":\"https:\\\/\\\/www.cetys.mx\\\/noticias\\\/wp-content\\\/uploads\\\/2023\\\/09\\\/clubmate2.jpg\",\"width\":958,\"height\":637},{\"@type\":\"BreadcrumbList\",\"@id\":\"https:\\\/\\\/www.cetys.mx\\\/noticias\\\/arranca-con-exito-la-segunda-temporada-del-club-de-matematicas\\\/#breadcrumb\",\"itemListElement\":[{\"@type\":\"ListItem\",\"position\":1,\"name\":\"Inicio\",\"item\":\"https:\\\/\\\/www.cetys.mx\\\/noticias\\\/\"},{\"@type\":\"ListItem\",\"position\":2,\"name\":\"Arranca con \u00e9xito la segunda temporada del Club de Matem\u00e1ticas\"}]},{\"@type\":\"WebSite\",\"@id\":\"https:\\\/\\\/www.cetys.mx\\\/noticias\\\/#website\",\"url\":\"https:\\\/\\\/www.cetys.mx\\\/noticias\\\/\",\"name\":\"CETYS\",\"description\":\"\",\"potentialAction\":[{\"@type\":\"SearchAction\",\"target\":{\"@type\":\"EntryPoint\",\"urlTemplate\":\"https:\\\/\\\/www.cetys.mx\\\/noticias\\\/?s={search_term_string}\"},\"query-input\":{\"@type\":\"PropertyValueSpecification\",\"valueRequired\":true,\"valueName\":\"search_term_string\"}}],\"inLanguage\":\"es\"},{\"@type\":\"Person\",\"@id\":\"https:\\\/\\\/www.cetys.mx\\\/noticias\\\/#\\\/schema\\\/person\\\/79a95c4ac185f3705cf1b9c9340a5f70\",\"name\":\"Campus Mexicali\",\"url\":\"https:\\\/\\\/www.cetys.mx\\\/noticias\\\/author\\\/campusmexicali\\\/\"}]}<\/script>\n<!-- \/ Yoast SEO plugin. -->","yoast_head_json":{"title":"Arranca con \u00e9xito la segunda temporada del Club de Matem\u00e1ticas - CETYS","description":"Articulo sobre Arranca con \u00e9xito la segunda temporada del Club de Matem\u00e1ticas","robots":{"index":"index","follow":"follow","max-snippet":"max-snippet:-1","max-image-preview":"max-image-preview:large","max-video-preview":"max-video-preview:-1"},"canonical":"https:\/\/www.cetys.mx\/noticias\/arranca-con-exito-la-segunda-temporada-del-club-de-matematicas\/","og_locale":"es_MX","og_type":"article","og_title":"Arranca con \u00e9xito la segunda temporada del Club de Matem\u00e1ticas - CETYS","og_description":"Articulo sobre Arranca con \u00e9xito la segunda temporada del Club de Matem\u00e1ticas","og_url":"https:\/\/www.cetys.mx\/noticias\/arranca-con-exito-la-segunda-temporada-del-club-de-matematicas\/","og_site_name":"CETYS","article_publisher":"https:\/\/www.facebook.com\/cetysuniversidadmxl\/","article_published_time":"2023-09-26T00:27:26+00:00","article_modified_time":"2023-09-26T17:53:18+00:00","og_image":[{"width":958,"height":637,"url":"https:\/\/www.cetys.mx\/noticias\/wp-content\/uploads\/2023\/09\/clubmate2.jpg","type":"image\/jpeg"}],"author":"Campus Mexicali","twitter_card":"summary_large_image","twitter_creator":"@cetysuni","twitter_site":"@cetysuni","twitter_misc":{"Escrito por":"Campus Mexicali","Tiempo de lectura":"2 minutos"},"schema":{"@context":"https:\/\/schema.org","@graph":[{"@type":"Article","@id":"https:\/\/www.cetys.mx\/noticias\/arranca-con-exito-la-segunda-temporada-del-club-de-matematicas\/#article","isPartOf":{"@id":"https:\/\/www.cetys.mx\/noticias\/arranca-con-exito-la-segunda-temporada-del-club-de-matematicas\/"},"author":{"name":"Campus Mexicali","@id":"https:\/\/www.cetys.mx\/noticias\/#\/schema\/person\/79a95c4ac185f3705cf1b9c9340a5f70"},"headline":"Arranca con \u00e9xito la segunda temporada del Club de Matem\u00e1ticas","datePublished":"2023-09-26T00:27:26+00:00","dateModified":"2023-09-26T17:53:18+00:00","mainEntityOfPage":{"@id":"https:\/\/www.cetys.mx\/noticias\/arranca-con-exito-la-segunda-temporada-del-club-de-matematicas\/"},"wordCount":367,"commentCount":0,"image":{"@id":"https:\/\/www.cetys.mx\/noticias\/arranca-con-exito-la-segunda-temporada-del-club-de-matematicas\/#primaryimage"},"thumbnailUrl":"https:\/\/www.cetys.mx\/noticias\/wp-content\/uploads\/2023\/09\/clubmate2.jpg","keywords":["Cbtis 21","Club Matem\u00e1ticas","prepa CETYS","vocetys-2023-09-26"],"articleSection":["Campus Mexicali","VoCETYS"],"inLanguage":"es","potentialAction":[{"@type":"CommentAction","name":"Comment","target":["https:\/\/www.cetys.mx\/noticias\/arranca-con-exito-la-segunda-temporada-del-club-de-matematicas\/#respond"]}]},{"@type":"WebPage","@id":"https:\/\/www.cetys.mx\/noticias\/arranca-con-exito-la-segunda-temporada-del-club-de-matematicas\/","url":"https:\/\/www.cetys.mx\/noticias\/arranca-con-exito-la-segunda-temporada-del-club-de-matematicas\/","name":"Arranca con \u00e9xito la segunda temporada del Club de Matem\u00e1ticas - CETYS","isPartOf":{"@id":"https:\/\/www.cetys.mx\/noticias\/#website"},"primaryImageOfPage":{"@id":"https:\/\/www.cetys.mx\/noticias\/arranca-con-exito-la-segunda-temporada-del-club-de-matematicas\/#primaryimage"},"image":{"@id":"https:\/\/www.cetys.mx\/noticias\/arranca-con-exito-la-segunda-temporada-del-club-de-matematicas\/#primaryimage"},"thumbnailUrl":"https:\/\/www.cetys.mx\/noticias\/wp-content\/uploads\/2023\/09\/clubmate2.jpg","datePublished":"2023-09-26T00:27:26+00:00","dateModified":"2023-09-26T17:53:18+00:00","author":{"@id":"https:\/\/www.cetys.mx\/noticias\/#\/schema\/person\/79a95c4ac185f3705cf1b9c9340a5f70"},"description":"Articulo sobre Arranca con \u00e9xito la segunda temporada del Club de Matem\u00e1ticas","breadcrumb":{"@id":"https:\/\/www.cetys.mx\/noticias\/arranca-con-exito-la-segunda-temporada-del-club-de-matematicas\/#breadcrumb"},"inLanguage":"es","potentialAction":[{"@type":"ReadAction","target":["https:\/\/www.cetys.mx\/noticias\/arranca-con-exito-la-segunda-temporada-del-club-de-matematicas\/"]}]},{"@type":"ImageObject","inLanguage":"es","@id":"https:\/\/www.cetys.mx\/noticias\/arranca-con-exito-la-segunda-temporada-del-club-de-matematicas\/#primaryimage","url":"https:\/\/www.cetys.mx\/noticias\/wp-content\/uploads\/2023\/09\/clubmate2.jpg","contentUrl":"https:\/\/www.cetys.mx\/noticias\/wp-content\/uploads\/2023\/09\/clubmate2.jpg","width":958,"height":637},{"@type":"BreadcrumbList","@id":"https:\/\/www.cetys.mx\/noticias\/arranca-con-exito-la-segunda-temporada-del-club-de-matematicas\/#breadcrumb","itemListElement":[{"@type":"ListItem","position":1,"name":"Inicio","item":"https:\/\/www.cetys.mx\/noticias\/"},{"@type":"ListItem","position":2,"name":"Arranca con \u00e9xito la segunda temporada del Club de Matem\u00e1ticas"}]},{"@type":"WebSite","@id":"https:\/\/www.cetys.mx\/noticias\/#website","url":"https:\/\/www.cetys.mx\/noticias\/","name":"CETYS","description":"","potentialAction":[{"@type":"SearchAction","target":{"@type":"EntryPoint","urlTemplate":"https:\/\/www.cetys.mx\/noticias\/?s={search_term_string}"},"query-input":{"@type":"PropertyValueSpecification","valueRequired":true,"valueName":"search_term_string"}}],"inLanguage":"es"},{"@type":"Person","@id":"https:\/\/www.cetys.mx\/noticias\/#\/schema\/person\/79a95c4ac185f3705cf1b9c9340a5f70","name":"Campus Mexicali","url":"https:\/\/www.cetys.mx\/noticias\/author\/campusmexicali\/"}]}},"_links":{"self":[{"href":"https:\/\/www.cetys.mx\/noticias\/wp-json\/wp\/v2\/posts\/176183","targetHints":{"allow":["GET"]}}],"collection":[{"href":"https:\/\/www.cetys.mx\/noticias\/wp-json\/wp\/v2\/posts"}],"about":[{"href":"https:\/\/www.cetys.mx\/noticias\/wp-json\/wp\/v2\/types\/post"}],"author":[{"embeddable":true,"href":"https:\/\/www.cetys.mx\/noticias\/wp-json\/wp\/v2\/users\/20"}],"replies":[{"embeddable":true,"href":"https:\/\/www.cetys.mx\/noticias\/wp-json\/wp\/v2\/comments?post=176183"}],"version-history":[{"count":2,"href":"https:\/\/www.cetys.mx\/noticias\/wp-json\/wp\/v2\/posts\/176183\/revisions"}],"predecessor-version":[{"id":176257,"href":"https:\/\/www.cetys.mx\/noticias\/wp-json\/wp\/v2\/posts\/176183\/revisions\/176257"}],"wp:featuredmedia":[{"embeddable":true,"href":"https:\/\/www.cetys.mx\/noticias\/wp-json\/wp\/v2\/media\/176202"}],"wp:attachment":[{"href":"https:\/\/www.cetys.mx\/noticias\/wp-json\/wp\/v2\/media?parent=176183"}],"wp:term":[{"taxonomy":"category","embeddable":true,"href":"https:\/\/www.cetys.mx\/noticias\/wp-json\/wp\/v2\/categories?post=176183"},{"taxonomy":"post_tag","embeddable":true,"href":"https:\/\/www.cetys.mx\/noticias\/wp-json\/wp\/v2\/tags?post=176183"}],"curies":[{"name":"wp","href":"https:\/\/api.w.org\/{rel}","templated":true}]}}