{"id":176118,"date":"2023-09-22T17:20:26","date_gmt":"2023-09-23T00:20:26","guid":{"rendered":"https:\/\/www.cetys.mx\/noticias\/?p=176118"},"modified":"2023-09-26T10:02:15","modified_gmt":"2023-09-26T17:02:15","slug":"gerontologos-sociales-en-mexico-abordando-los-desafios-de-envejecimiento-poblacional","status":"publish","type":"post","link":"https:\/\/www.cetys.mx\/noticias\/gerontologos-sociales-en-mexico-abordando-los-desafios-de-envejecimiento-poblacional\/","title":{"rendered":"Geront\u00f3logos sociales en M\u00e9xico: Abordando los desaf\u00edos de envejecimiento poblacional"},"content":{"rendered":"<div align=\"justify\">Con el\u00a0envejecimiento\u00a0poblacional constante en M\u00e9xico, los geront\u00f3logos sociales se han convertido en actores fundamentales para abordar los desaf\u00edos y oportunidades que este fen\u00f3meno conlleva. La presencia y labor de estos profesionales se han vuelto cada vez m\u00e1s esenciales para garantizar la calidad de vida y el bienestar de la poblaci\u00f3n de adultos mayores en el pa\u00eds.<\/div>\n<div align=\"justify\"><\/div>\n<div align=\"justify\"><img loading=\"lazy\" decoding=\"async\" class=\" wp-image-175565 alignleft\" src=\"https:\/\/www.cetys.mx\/noticias\/wp-content\/uploads\/2023\/08\/America_Garcia.jpg\" alt=\"\" width=\"207\" height=\"237\" \/>De acuerdo con los datos del Instituto Nacional de Estad\u00edstica y Geograf\u00eda (INEGI) en 2021, el aumento constante en la poblaci\u00f3n de adultos mayores creci\u00f3, pasando del 6% al 12% de la poblaci\u00f3n total comparado con la d\u00e9cada entre 1990 y 2020. Conforme la esperanza de vida aumenta y la proporci\u00f3n de personas mayores en la sociedad se incrementa de manera significativa, la necesidad de especialistas en\u00a0<span class=\"il\">gerontolog\u00eda<\/span>\u00a0social se vuelve un tema importante de atender, explic\u00f3 la Mtra.\u00a0Am\u00e9rica\u00a0Garc\u00eda, coordinadora de la Maestr\u00eda en\u00a0<span class=\"il\">Gerontolog\u00eda<\/span>\u00a0Social de CETYS Universidad, Campus Mexicali.<\/div>\n<div><\/div>\n<div align=\"justify\">Estos profesionales poseen un conocimiento interdisciplinario que abarca aspectos m\u00e9dicos, psicol\u00f3gicos, sociol\u00f3gicos y econ\u00f3micos del\u00a0envejecimiento, explic\u00f3. Su labor se enfoca en desarrollar estrategias que promuevan la inclusi\u00f3n, la participaci\u00f3n activa y el respeto a los derechos de los adultos mayores.<\/div>\n<div><\/div>\n<div align=\"justify\">Alrededor del 20% de los individuos de 60 a\u00f1os o m\u00e1s en el pa\u00eds carece de afiliaci\u00f3n a servicios de salud, seg\u00fan INEGI. \u201cEsta situaci\u00f3n, agravada por la falta de atenci\u00f3n m\u00e9dica oportuna y de calidad, plantea un desaf\u00edo significativo para las autoridades gubernamentales y sociedad dado el costo social y econ\u00f3mico derivado de la insuficiente atenci\u00f3n a este sector de la poblaci\u00f3n.\u201d<\/div>\n<div align=\"justify\">En ese sentido, la acad\u00e9mica detall\u00f3 que los geront\u00f3logos sociales desempe\u00f1an un rol importante en varios sectores como:<\/div>\n<div align=\"justify\"><\/div>\n<ul>\n<li>Promoci\u00f3n del bienestar emocional:\u00a0El\u00a0envejecimiento\u00a0<wbr \/>puede traer consigo desaf\u00edos emocionales y de salud mental. Los geront\u00f3logos sociales ofrecen apoyo emocional, identifican situaciones de riesgo y proveen herramientas para mantener una salud mental \u00f3ptima en esta etapa de la vida.<\/li>\n<li>Fomento de la participaci\u00f3n activa:\u00a0Mantenerse involucrado en la comunidad es esencial para un\u00a0envejecimiento\u00a0saludable. Los geront\u00f3logos sociales dise\u00f1an programas y actividades que permiten a los adultos mayores mantenerse activos, socializar y seguir contribuyendo a la sociedad.<\/li>\n<li>Atenci\u00f3n integral de la salud:\u00a0Los geront\u00f3logos sociales trabajan en colaboraci\u00f3n con profesionales de la salud para asegurar que las necesidades m\u00e9dicas de los adultos mayores sean atendidas de manera integral y adecuada, considerando los aspectos f\u00edsicos y emocionales.<\/li>\n<li>Investigaci\u00f3n y pol\u00edticas p\u00fablicas:\u00a0Estos profesionales tambi\u00e9n contribuyen al desarrollo de investigaciones y an\u00e1lisis que respaldan la formulaci\u00f3n de pol\u00edticas p\u00fablicas enfocadas en la poblaci\u00f3n de adultos mayores, garantizando as\u00ed una atenci\u00f3n integral y adecuada.<\/li>\n<\/ul>\n<div align=\"justify\"><\/div>\n<div align=\"justify\">En M\u00e9xico, donde el\u00a0envejecimiento\u00a0poblacional es una realidad inevitable, la labor de los geront\u00f3logos sociales se presenta como un factor determinante para el progreso y bienestar de nuestra sociedad en su conjunto. \u201cReconocer su importancia y apoyar su trabajo es esencial para asegurar un\u00a0envejecimiento\u00a0digno, saludable y pleno para todos los ciudadanos\u201d.<\/div>\n","protected":false},"excerpt":{"rendered":"<p>Con el\u00a0envejecimiento\u00a0poblacional constante en M\u00e9xico, los geront\u00f3logos sociales se han convertido en actores fundamentales para abordar los desaf\u00edos y oportunidades que este&#8230;<\/p>\n","protected":false},"author":20,"featured_media":176119,"comment_status":"open","ping_status":"closed","sticky":false,"template":"","format":"standard","meta":{"footnotes":""},"categories":[133,125,309,313],"tags":[2115,2865,6585],"class_list":["post-176118","post","type-post","status-publish","format-standard","has-post-thumbnail","hentry","category-campus-mexicali","category-portada","category-posgrado","category-vocetys-2","tag-gerontologia-social","tag-posgrado-cetys","tag-vocetys-2023-09-26"],"yoast_head":"<!-- This site is optimized with the Yoast SEO plugin v27.4 - https:\/\/yoast.com\/product\/yoast-seo-wordpress\/ -->\n<title>Geront\u00f3logos sociales en M\u00e9xico: Abordando los desaf\u00edos de envejecimiento poblacional - CETYS<\/title>\n<meta name=\"description\" content=\"Articulo sobre Geront\u00f3logos sociales en M\u00e9xico: Abordando los desaf\u00edos de envejecimiento poblacional\" \/>\n<meta name=\"robots\" content=\"index, follow, max-snippet:-1, max-image-preview:large, max-video-preview:-1\" \/>\n<link rel=\"canonical\" href=\"https:\/\/www.cetys.mx\/noticias\/gerontologos-sociales-en-mexico-abordando-los-desafios-de-envejecimiento-poblacional\/\" \/>\n<meta property=\"og:locale\" content=\"es_MX\" \/>\n<meta property=\"og:type\" content=\"article\" \/>\n<meta property=\"og:title\" content=\"Geront\u00f3logos sociales en M\u00e9xico: Abordando los desaf\u00edos de envejecimiento poblacional - CETYS\" \/>\n<meta property=\"og:description\" content=\"Articulo sobre Geront\u00f3logos sociales en M\u00e9xico: Abordando los desaf\u00edos de envejecimiento poblacional\" \/>\n<meta property=\"og:url\" content=\"https:\/\/www.cetys.mx\/noticias\/gerontologos-sociales-en-mexico-abordando-los-desafios-de-envejecimiento-poblacional\/\" \/>\n<meta property=\"og:site_name\" content=\"CETYS\" \/>\n<meta property=\"article:publisher\" content=\"https:\/\/www.facebook.com\/cetysuniversidadmxl\/\" \/>\n<meta property=\"article:published_time\" content=\"2023-09-23T00:20:26+00:00\" \/>\n<meta property=\"article:modified_time\" content=\"2023-09-26T17:02:15+00:00\" \/>\n<meta property=\"og:image\" content=\"https:\/\/www.cetys.mx\/noticias\/wp-content\/uploads\/2023\/09\/gerontologianota2023.jpg\" \/>\n\t<meta property=\"og:image:width\" content=\"958\" \/>\n\t<meta property=\"og:image:height\" content=\"684\" \/>\n\t<meta property=\"og:image:type\" content=\"image\/jpeg\" \/>\n<meta name=\"author\" content=\"Campus Mexicali\" \/>\n<meta name=\"twitter:card\" content=\"summary_large_image\" \/>\n<meta name=\"twitter:creator\" content=\"@cetysuni\" \/>\n<meta name=\"twitter:site\" content=\"@cetysuni\" \/>\n<meta name=\"twitter:label1\" content=\"Escrito por\" \/>\n\t<meta name=\"twitter:data1\" content=\"Campus Mexicali\" \/>\n\t<meta name=\"twitter:label2\" content=\"Tiempo de lectura\" \/>\n\t<meta name=\"twitter:data2\" content=\"3 minutos\" \/>\n<script type=\"application\/ld+json\" class=\"yoast-schema-graph\">{\"@context\":\"https:\\\/\\\/schema.org\",\"@graph\":[{\"@type\":\"Article\",\"@id\":\"https:\\\/\\\/www.cetys.mx\\\/noticias\\\/gerontologos-sociales-en-mexico-abordando-los-desafios-de-envejecimiento-poblacional\\\/#article\",\"isPartOf\":{\"@id\":\"https:\\\/\\\/www.cetys.mx\\\/noticias\\\/gerontologos-sociales-en-mexico-abordando-los-desafios-de-envejecimiento-poblacional\\\/\"},\"author\":{\"name\":\"Campus Mexicali\",\"@id\":\"https:\\\/\\\/www.cetys.mx\\\/noticias\\\/#\\\/schema\\\/person\\\/79a95c4ac185f3705cf1b9c9340a5f70\"},\"headline\":\"Geront\u00f3logos sociales en M\u00e9xico: Abordando los desaf\u00edos de envejecimiento poblacional\",\"datePublished\":\"2023-09-23T00:20:26+00:00\",\"dateModified\":\"2023-09-26T17:02:15+00:00\",\"mainEntityOfPage\":{\"@id\":\"https:\\\/\\\/www.cetys.mx\\\/noticias\\\/gerontologos-sociales-en-mexico-abordando-los-desafios-de-envejecimiento-poblacional\\\/\"},\"wordCount\":547,\"commentCount\":0,\"image\":{\"@id\":\"https:\\\/\\\/www.cetys.mx\\\/noticias\\\/gerontologos-sociales-en-mexico-abordando-los-desafios-de-envejecimiento-poblacional\\\/#primaryimage\"},\"thumbnailUrl\":\"https:\\\/\\\/www.cetys.mx\\\/noticias\\\/wp-content\\\/uploads\\\/2023\\\/09\\\/gerontologianota2023.jpg\",\"keywords\":[\"Gerontolog\u00eda Social\",\"Posgrado CETYS\",\"vocetys-2023-09-26\"],\"articleSection\":[\"Campus Mexicali\",\"Portada\",\"Posgrado\",\"VoCETYS\"],\"inLanguage\":\"es\",\"potentialAction\":[{\"@type\":\"CommentAction\",\"name\":\"Comment\",\"target\":[\"https:\\\/\\\/www.cetys.mx\\\/noticias\\\/gerontologos-sociales-en-mexico-abordando-los-desafios-de-envejecimiento-poblacional\\\/#respond\"]}]},{\"@type\":\"WebPage\",\"@id\":\"https:\\\/\\\/www.cetys.mx\\\/noticias\\\/gerontologos-sociales-en-mexico-abordando-los-desafios-de-envejecimiento-poblacional\\\/\",\"url\":\"https:\\\/\\\/www.cetys.mx\\\/noticias\\\/gerontologos-sociales-en-mexico-abordando-los-desafios-de-envejecimiento-poblacional\\\/\",\"name\":\"Geront\u00f3logos sociales en M\u00e9xico: Abordando los desaf\u00edos de envejecimiento poblacional - CETYS\",\"isPartOf\":{\"@id\":\"https:\\\/\\\/www.cetys.mx\\\/noticias\\\/#website\"},\"primaryImageOfPage\":{\"@id\":\"https:\\\/\\\/www.cetys.mx\\\/noticias\\\/gerontologos-sociales-en-mexico-abordando-los-desafios-de-envejecimiento-poblacional\\\/#primaryimage\"},\"image\":{\"@id\":\"https:\\\/\\\/www.cetys.mx\\\/noticias\\\/gerontologos-sociales-en-mexico-abordando-los-desafios-de-envejecimiento-poblacional\\\/#primaryimage\"},\"thumbnailUrl\":\"https:\\\/\\\/www.cetys.mx\\\/noticias\\\/wp-content\\\/uploads\\\/2023\\\/09\\\/gerontologianota2023.jpg\",\"datePublished\":\"2023-09-23T00:20:26+00:00\",\"dateModified\":\"2023-09-26T17:02:15+00:00\",\"author\":{\"@id\":\"https:\\\/\\\/www.cetys.mx\\\/noticias\\\/#\\\/schema\\\/person\\\/79a95c4ac185f3705cf1b9c9340a5f70\"},\"description\":\"Articulo sobre Geront\u00f3logos sociales en M\u00e9xico: Abordando los desaf\u00edos de envejecimiento poblacional\",\"breadcrumb\":{\"@id\":\"https:\\\/\\\/www.cetys.mx\\\/noticias\\\/gerontologos-sociales-en-mexico-abordando-los-desafios-de-envejecimiento-poblacional\\\/#breadcrumb\"},\"inLanguage\":\"es\",\"potentialAction\":[{\"@type\":\"ReadAction\",\"target\":[\"https:\\\/\\\/www.cetys.mx\\\/noticias\\\/gerontologos-sociales-en-mexico-abordando-los-desafios-de-envejecimiento-poblacional\\\/\"]}]},{\"@type\":\"ImageObject\",\"inLanguage\":\"es\",\"@id\":\"https:\\\/\\\/www.cetys.mx\\\/noticias\\\/gerontologos-sociales-en-mexico-abordando-los-desafios-de-envejecimiento-poblacional\\\/#primaryimage\",\"url\":\"https:\\\/\\\/www.cetys.mx\\\/noticias\\\/wp-content\\\/uploads\\\/2023\\\/09\\\/gerontologianota2023.jpg\",\"contentUrl\":\"https:\\\/\\\/www.cetys.mx\\\/noticias\\\/wp-content\\\/uploads\\\/2023\\\/09\\\/gerontologianota2023.jpg\",\"width\":958,\"height\":684},{\"@type\":\"BreadcrumbList\",\"@id\":\"https:\\\/\\\/www.cetys.mx\\\/noticias\\\/gerontologos-sociales-en-mexico-abordando-los-desafios-de-envejecimiento-poblacional\\\/#breadcrumb\",\"itemListElement\":[{\"@type\":\"ListItem\",\"position\":1,\"name\":\"Inicio\",\"item\":\"https:\\\/\\\/www.cetys.mx\\\/noticias\\\/\"},{\"@type\":\"ListItem\",\"position\":2,\"name\":\"Geront\u00f3logos sociales en M\u00e9xico: Abordando los desaf\u00edos de envejecimiento poblacional\"}]},{\"@type\":\"WebSite\",\"@id\":\"https:\\\/\\\/www.cetys.mx\\\/noticias\\\/#website\",\"url\":\"https:\\\/\\\/www.cetys.mx\\\/noticias\\\/\",\"name\":\"CETYS\",\"description\":\"\",\"potentialAction\":[{\"@type\":\"SearchAction\",\"target\":{\"@type\":\"EntryPoint\",\"urlTemplate\":\"https:\\\/\\\/www.cetys.mx\\\/noticias\\\/?s={search_term_string}\"},\"query-input\":{\"@type\":\"PropertyValueSpecification\",\"valueRequired\":true,\"valueName\":\"search_term_string\"}}],\"inLanguage\":\"es\"},{\"@type\":\"Person\",\"@id\":\"https:\\\/\\\/www.cetys.mx\\\/noticias\\\/#\\\/schema\\\/person\\\/79a95c4ac185f3705cf1b9c9340a5f70\",\"name\":\"Campus Mexicali\",\"url\":\"https:\\\/\\\/www.cetys.mx\\\/noticias\\\/author\\\/campusmexicali\\\/\"}]}<\/script>\n<!-- \/ Yoast SEO plugin. -->","yoast_head_json":{"title":"Geront\u00f3logos sociales en M\u00e9xico: Abordando los desaf\u00edos de envejecimiento poblacional - CETYS","description":"Articulo sobre Geront\u00f3logos sociales en M\u00e9xico: Abordando los desaf\u00edos de envejecimiento poblacional","robots":{"index":"index","follow":"follow","max-snippet":"max-snippet:-1","max-image-preview":"max-image-preview:large","max-video-preview":"max-video-preview:-1"},"canonical":"https:\/\/www.cetys.mx\/noticias\/gerontologos-sociales-en-mexico-abordando-los-desafios-de-envejecimiento-poblacional\/","og_locale":"es_MX","og_type":"article","og_title":"Geront\u00f3logos sociales en M\u00e9xico: Abordando los desaf\u00edos de envejecimiento poblacional - CETYS","og_description":"Articulo sobre Geront\u00f3logos sociales en M\u00e9xico: Abordando los desaf\u00edos de envejecimiento poblacional","og_url":"https:\/\/www.cetys.mx\/noticias\/gerontologos-sociales-en-mexico-abordando-los-desafios-de-envejecimiento-poblacional\/","og_site_name":"CETYS","article_publisher":"https:\/\/www.facebook.com\/cetysuniversidadmxl\/","article_published_time":"2023-09-23T00:20:26+00:00","article_modified_time":"2023-09-26T17:02:15+00:00","og_image":[{"width":958,"height":684,"url":"https:\/\/www.cetys.mx\/noticias\/wp-content\/uploads\/2023\/09\/gerontologianota2023.jpg","type":"image\/jpeg"}],"author":"Campus Mexicali","twitter_card":"summary_large_image","twitter_creator":"@cetysuni","twitter_site":"@cetysuni","twitter_misc":{"Escrito por":"Campus Mexicali","Tiempo de lectura":"3 minutos"},"schema":{"@context":"https:\/\/schema.org","@graph":[{"@type":"Article","@id":"https:\/\/www.cetys.mx\/noticias\/gerontologos-sociales-en-mexico-abordando-los-desafios-de-envejecimiento-poblacional\/#article","isPartOf":{"@id":"https:\/\/www.cetys.mx\/noticias\/gerontologos-sociales-en-mexico-abordando-los-desafios-de-envejecimiento-poblacional\/"},"author":{"name":"Campus Mexicali","@id":"https:\/\/www.cetys.mx\/noticias\/#\/schema\/person\/79a95c4ac185f3705cf1b9c9340a5f70"},"headline":"Geront\u00f3logos sociales en M\u00e9xico: Abordando los desaf\u00edos de envejecimiento poblacional","datePublished":"2023-09-23T00:20:26+00:00","dateModified":"2023-09-26T17:02:15+00:00","mainEntityOfPage":{"@id":"https:\/\/www.cetys.mx\/noticias\/gerontologos-sociales-en-mexico-abordando-los-desafios-de-envejecimiento-poblacional\/"},"wordCount":547,"commentCount":0,"image":{"@id":"https:\/\/www.cetys.mx\/noticias\/gerontologos-sociales-en-mexico-abordando-los-desafios-de-envejecimiento-poblacional\/#primaryimage"},"thumbnailUrl":"https:\/\/www.cetys.mx\/noticias\/wp-content\/uploads\/2023\/09\/gerontologianota2023.jpg","keywords":["Gerontolog\u00eda Social","Posgrado CETYS","vocetys-2023-09-26"],"articleSection":["Campus Mexicali","Portada","Posgrado","VoCETYS"],"inLanguage":"es","potentialAction":[{"@type":"CommentAction","name":"Comment","target":["https:\/\/www.cetys.mx\/noticias\/gerontologos-sociales-en-mexico-abordando-los-desafios-de-envejecimiento-poblacional\/#respond"]}]},{"@type":"WebPage","@id":"https:\/\/www.cetys.mx\/noticias\/gerontologos-sociales-en-mexico-abordando-los-desafios-de-envejecimiento-poblacional\/","url":"https:\/\/www.cetys.mx\/noticias\/gerontologos-sociales-en-mexico-abordando-los-desafios-de-envejecimiento-poblacional\/","name":"Geront\u00f3logos sociales en M\u00e9xico: Abordando los desaf\u00edos de envejecimiento poblacional - CETYS","isPartOf":{"@id":"https:\/\/www.cetys.mx\/noticias\/#website"},"primaryImageOfPage":{"@id":"https:\/\/www.cetys.mx\/noticias\/gerontologos-sociales-en-mexico-abordando-los-desafios-de-envejecimiento-poblacional\/#primaryimage"},"image":{"@id":"https:\/\/www.cetys.mx\/noticias\/gerontologos-sociales-en-mexico-abordando-los-desafios-de-envejecimiento-poblacional\/#primaryimage"},"thumbnailUrl":"https:\/\/www.cetys.mx\/noticias\/wp-content\/uploads\/2023\/09\/gerontologianota2023.jpg","datePublished":"2023-09-23T00:20:26+00:00","dateModified":"2023-09-26T17:02:15+00:00","author":{"@id":"https:\/\/www.cetys.mx\/noticias\/#\/schema\/person\/79a95c4ac185f3705cf1b9c9340a5f70"},"description":"Articulo sobre Geront\u00f3logos sociales en M\u00e9xico: Abordando los desaf\u00edos de envejecimiento poblacional","breadcrumb":{"@id":"https:\/\/www.cetys.mx\/noticias\/gerontologos-sociales-en-mexico-abordando-los-desafios-de-envejecimiento-poblacional\/#breadcrumb"},"inLanguage":"es","potentialAction":[{"@type":"ReadAction","target":["https:\/\/www.cetys.mx\/noticias\/gerontologos-sociales-en-mexico-abordando-los-desafios-de-envejecimiento-poblacional\/"]}]},{"@type":"ImageObject","inLanguage":"es","@id":"https:\/\/www.cetys.mx\/noticias\/gerontologos-sociales-en-mexico-abordando-los-desafios-de-envejecimiento-poblacional\/#primaryimage","url":"https:\/\/www.cetys.mx\/noticias\/wp-content\/uploads\/2023\/09\/gerontologianota2023.jpg","contentUrl":"https:\/\/www.cetys.mx\/noticias\/wp-content\/uploads\/2023\/09\/gerontologianota2023.jpg","width":958,"height":684},{"@type":"BreadcrumbList","@id":"https:\/\/www.cetys.mx\/noticias\/gerontologos-sociales-en-mexico-abordando-los-desafios-de-envejecimiento-poblacional\/#breadcrumb","itemListElement":[{"@type":"ListItem","position":1,"name":"Inicio","item":"https:\/\/www.cetys.mx\/noticias\/"},{"@type":"ListItem","position":2,"name":"Geront\u00f3logos sociales en M\u00e9xico: Abordando los desaf\u00edos de envejecimiento poblacional"}]},{"@type":"WebSite","@id":"https:\/\/www.cetys.mx\/noticias\/#website","url":"https:\/\/www.cetys.mx\/noticias\/","name":"CETYS","description":"","potentialAction":[{"@type":"SearchAction","target":{"@type":"EntryPoint","urlTemplate":"https:\/\/www.cetys.mx\/noticias\/?s={search_term_string}"},"query-input":{"@type":"PropertyValueSpecification","valueRequired":true,"valueName":"search_term_string"}}],"inLanguage":"es"},{"@type":"Person","@id":"https:\/\/www.cetys.mx\/noticias\/#\/schema\/person\/79a95c4ac185f3705cf1b9c9340a5f70","name":"Campus Mexicali","url":"https:\/\/www.cetys.mx\/noticias\/author\/campusmexicali\/"}]}},"_links":{"self":[{"href":"https:\/\/www.cetys.mx\/noticias\/wp-json\/wp\/v2\/posts\/176118","targetHints":{"allow":["GET"]}}],"collection":[{"href":"https:\/\/www.cetys.mx\/noticias\/wp-json\/wp\/v2\/posts"}],"about":[{"href":"https:\/\/www.cetys.mx\/noticias\/wp-json\/wp\/v2\/types\/post"}],"author":[{"embeddable":true,"href":"https:\/\/www.cetys.mx\/noticias\/wp-json\/wp\/v2\/users\/20"}],"replies":[{"embeddable":true,"href":"https:\/\/www.cetys.mx\/noticias\/wp-json\/wp\/v2\/comments?post=176118"}],"version-history":[{"count":1,"href":"https:\/\/www.cetys.mx\/noticias\/wp-json\/wp\/v2\/posts\/176118\/revisions"}],"predecessor-version":[{"id":176166,"href":"https:\/\/www.cetys.mx\/noticias\/wp-json\/wp\/v2\/posts\/176118\/revisions\/176166"}],"wp:featuredmedia":[{"embeddable":true,"href":"https:\/\/www.cetys.mx\/noticias\/wp-json\/wp\/v2\/media\/176119"}],"wp:attachment":[{"href":"https:\/\/www.cetys.mx\/noticias\/wp-json\/wp\/v2\/media?parent=176118"}],"wp:term":[{"taxonomy":"category","embeddable":true,"href":"https:\/\/www.cetys.mx\/noticias\/wp-json\/wp\/v2\/categories?post=176118"},{"taxonomy":"post_tag","embeddable":true,"href":"https:\/\/www.cetys.mx\/noticias\/wp-json\/wp\/v2\/tags?post=176118"}],"curies":[{"name":"wp","href":"https:\/\/api.w.org\/{rel}","templated":true}]}}